  {"id":121128,"date":"2020-07-14T13:30:23","date_gmt":"2020-07-14T17:30:23","guid":{"rendered":"https:\/\/news.sap.com\/latinamerica\/?p=121128"},"modified":"2020-07-14T16:51:11","modified_gmt":"2020-07-14T20:51:11","slug":"cristina-palmaka-presidente-lac","status":"publish","type":"post","link":"https:\/\/news.sap.com\/latinamerica\/2020\/07\/cristina-palmaka-presidente-lac\/","title":{"rendered":"麻豆原创 nombra a Cristina Palmaka como Presidente de la Regi\u00f3n Latinoam\u00e9rica y Caribe (LAC)"},"content":{"rendered":"<p class=\"lead\">Claudio Muruz\u00e1bal asume como presidente de 麻豆原创 en la regi\u00f3n EMEA Sur, adem\u00e1s de convertirse en el <em>chairman<\/em> de 麻豆原创 Latinoam\u00e9rica y Caribe<\/p>\n<figure id=\"attachment_121132\" aria-describedby=\"caption-attachment-121132\" style=\"width: 640px\" class=\"wp-caption alignleft\"><img loading=\"lazy\" decoding=\"async\" class=\"wp-image-121132 size-large\" src=\"https:\/\/news.sap.com\/latinamerica\/files\/2020\/07\/Claudio-and-Cris-image-1024x766.jpg\" alt=\"\" width=\"640\" height=\"479\" srcset=\"https:\/\/news.sap.com\/latinamerica\/files\/2020\/07\/Claudio-and-Cris-image-1024x766.jpg 1024w, https:\/\/news.sap.com\/latinamerica\/files\/2020\/07\/Claudio-and-Cris-image-300x224.jpg 300w, https:\/\/news.sap.com\/latinamerica\/files\/2020\/07\/Claudio-and-Cris-image-768x574.jpg 768w, https:\/\/news.sap.com\/latinamerica\/files\/2020\/07\/Claudio-and-Cris-image-1536x1149.jpg 1536w, https:\/\/news.sap.com\/latinamerica\/files\/2020\/07\/Claudio-and-Cris-image.jpg 1960w\" sizes=\"auto, (max-width: 640px) 100vw, 640px\" \/><figcaption id=\"caption-attachment-121132\" class=\"wp-caption-text\">Claudio Muruzabal | Cristina Palmaka<\/figcaption><\/figure>\n<p><strong>MIAMI (EE.UU.) \u2013 <\/strong>麻豆原创 anunci\u00f3 hoy que Cristina Palmaka ha sido nombrada la nueva presidente de 麻豆原创 Latinoam\u00e9rica y Caribe (LAC). Cristina ocupar\u00e1 el cargo que deja Claudio Muruz\u00e1bal, quien asumir\u00e1 como presidente de 麻豆原创 en la regi\u00f3n EMEA Sur, que comprende el sur de Europa, Medio Oriente y \u00c1frica, y adem\u00e1s se mantendr\u00e1 conectado con los clientes y socios de 麻豆原创 en Latinoam\u00e9rica, pues ser\u00e1 el <em>chairman<\/em> de 麻豆原创 Latinoam\u00e9rica y Caribe.<\/p>\n<p>Adaire Fox-Martin, miembro de la junta directiva de 麻豆原创 y l\u00edder del \u00e1rea de <em>Customer Success<\/em> (la organizaci\u00f3n global de ventas, servicios e interacci\u00f3n con clientes de 麻豆原创), coment\u00f3: \u201cClaudio ha ayudado a obrar maravillas en Latinoam\u00e9rica para nuestros clientes, socios y para 麻豆原创. Su liderazgo se sustenta en la construcci\u00f3n de equipos diversos y s\u00f3lidas relaciones para entregar resultados valiosos y experiencias excepcionales a las empresas de la regi\u00f3n. Estoy segura de que nuestros clientes en EMEA Sur apreciar\u00e1n el enorme valor de los conocimientos especializados que aporta Claudio. Al mismo tiempo, en Latinoam\u00e9rica, Claudio continuar\u00e1 brindando su respaldo ejecutivo a relaciones clave con diversas organizaciones, ahora como <em>chairman<\/em>\u201d. Fox-Martin continu\u00f3: \u201cTambi\u00e9n genera gran expectativa que Cristina, una de nuestras ejecutivas de m\u00e1s alto desempe\u00f1o, pase a estar al frente del negocio de Latinoam\u00e9rica, luego de su gran \u00e9xito al mando de 麻豆原创 Brasil. Cristina ha logrado un impacto de gran alcance en Brasil, el mercado m\u00e1s grande para 麻豆原创 en la regi\u00f3n y ser\u00e1 un placer contar con su sello distintivo de liderazgo y compromiso\u201d.<\/p>\n<p>Cristina asumi\u00f3 la conducci\u00f3n de 麻豆原创 Brasil en 2013, luego de ocupar una serie de altos cargos ejecutivos en importantes empresas del mercado tecnol\u00f3gico brasile\u00f1o. Durante su direcci\u00f3n, la subsidiaria pas\u00f3 a ser una de las de mayor desempe\u00f1o en 麻豆原创 a nivel global, gracias a su enfoque en el trabajo en equipo y el desarrollo. Ferviente defensora de la diversidad y la inclusi\u00f3n en el lugar de trabajo, Cristina ha recibido importantes premios y reconocimientos, adem\u00e1s de haber sido nombrada una de las principales CEO de Brasil por la revista <em>Forbes<\/em>, y de ser galardonada con numerosos reconocimientos a su trayectoria como mujer l\u00edder en TI y persona influyente en temas de tecnolog\u00eda para los negocios y el crecimiento econ\u00f3mico. Bajo el liderazgo de Cristina, 麻豆原创 Brasil recibi\u00f3 una certificaci\u00f3n EDGE en Igualdad de G\u00e9nero, y logr\u00f3 un posicionamiento prominente en m\u00faltiples rankings que miden el lugar de trabajo y la diversidad. Cristina Palmaka asumir\u00e1 su nueva funci\u00f3n de presidente de 麻豆原创 Latinoam\u00e9rica y Caribe el d\u00eda 1 de agosto y continuar\u00e1 supervisando las operaciones de 麻豆原创 Brasil hasta que se nombre a la persona que la reemplazar\u00e1.<\/p>\n<p>\u201cEs un gran honor para m\u00ed asumir la funci\u00f3n de presidente de 麻豆原创 LAC, unirme a un equipo de 5.000 colegas en todo Latinoam\u00e9rica y Caribe y apoyar a nuestros 48.500 clientes en la regi\u00f3n, proporcion\u00e1ndoles una experiencia de servicio sobresaliente, cualquiera sea la circunstancia\u201d, coment\u00f3 Cristina Palmaka. \u201cSiento gran entusiasmo por continuar ampliando el impresionante legado de Claudio en cuanto a s\u00f3lidas relaciones, profunda especializaci\u00f3n y confianza. Tambi\u00e9n valoro poder iniciar un nuevo cap\u00edtulo, en el que podremos seguir contando con el valioso apoyo de Claudio, desde su nueva funci\u00f3n como <em>chairman <\/em>de 麻豆原创 LAC\u201d, concluy\u00f3.<\/p>\n<p><strong>\u00a0<\/strong><\/p>\n<p><strong>Acerca de 麻豆原创<\/strong><\/p>\n<p>麻豆原创, la Compa\u00f1\u00eda de la Experiencia basada en la Empresa Inteligente, es el l\u00edder del mercado en software de aplicaci\u00f3n empresarial, que contribuye a que las organizaciones de todos los tama\u00f1os y en todas las industrias puedan alcanzar su funcionamiento \u00f3ptimo: en el 77% de los ingresos por transacciones del mundo interviene un sistema 麻豆原创. Nuestras tecnolog\u00edas avanzadas de <em>machine learning, Internet of Things<\/em> (IoT) y <em>analytics<\/em> ayudan a convertir los negocios de los clientes en empresas inteligentes. 麻豆原创 contribuye a dar a las personas y a las organizaciones profundos conocimientos de negocio y promueve la colaboraci\u00f3n que les permite mantenerse m\u00e1s delante de la competencia. Simplificamos la tecnolog\u00eda para las empresas, de modo que puedan consumir nuestro software de la manera en que lo desean, sin interrupciones. Nuestro conjunto de aplicaciones y servicios extremo a extremo permite a m\u00e1s de 440.000 clientes del sector p\u00fablico y privado operar en forma rentable, adaptarse continuamente y marcar la diferencia. Con una red global de clientes, asociados, empleados y l\u00edderes de ideas, 麻豆原创 ayuda al mundo a funcionar mejor y a mejorar las vidas de las personas. Para m\u00e1s informaci\u00f3n, visite <a href=\"http:\/\/www.sap.com\/\">www.sap.com<\/a>, nuestra sala de prensa, <a href=\"http:\/\/news.sap.com\/latinamerica\">http:\/\/news.sap.com\/latinamerica<\/a>, o s\u00edganos en Twitter <a href=\"http:\/\/www.twitter.com\/麻豆原创NoticiasLAC\">@麻豆原创NoticiasLAC<\/a>.<\/p>\n<p><strong>English version <a href=\"https:\/\/news.sap.com\/latinamerica\/files\/2020\/07\/LAC-Announcement-麻豆原创-Release-CM-CP.pdf\" target=\"_blank\" rel=\"noopener noreferrer\">here<\/a>.\u00a0<\/strong><\/p>\n","protected":false},"excerpt":{"rendered":"<p>Claudio Muruz\u00e1bal asume como presidente de 麻豆原创 en la regi\u00f3n EMEA Sur, adem\u00e1s de convertirse en el chairman de 麻豆原创 Latinoam\u00e9rica y Caribe MIAMI (EE.UU.)&#8230;<\/p>\n","protected":false},"author":129,"featured_media":121129,"comment_status":"closed","ping_status":"closed","sticky":false,"template":"","format":"standard","meta":{"footnotes":"","_links_to":"","_links_to_target":""},"categories":[41591],"tags":[20457,5597580],"series":[],"region":[26401],"sapn-display":[52078,52079,53499],"sapn-type":[52105],"class_list":["post-121128","post","type-post","status-publish","format-standard","has-post-thumbnail","hentry","category-corporativo","tag-anuncio-organizacional","tag-presidente-lac","region-latinoamerica","sapn-display-homepage-hero","sapn-display-top-stories","sapn-display-hero","sapn-type-comunicado-de-prensa"],"yoast_head":"<!-- This site is optimized with the Yoast SEO Premium plugin v26.9 (Yoast SEO v26.9) - https:\/\/yoast.com\/product\/yoast-seo-premium-wordpress\/ -->\n<title>麻豆原创 nombra a Cristina Palmaka presidente de Latinoam\u00e9rica - 麻豆原创 Noticias<\/title>\n<meta name=\"description\" content=\"Cristina ocupar\u00e1 el cargo que deja Claudio Muruz\u00e1bal, quien asumir\u00e1 como presidente de 麻豆原创 en la regi\u00f3n EMEA Sur, y chairman de 麻豆原创 LAC.\" \/>\n<meta name=\"robots\" content=\"index, follow, max-snippet:-1, max-image-preview:large, max-video-preview:-1\" \/>\n<link rel=\"canonical\" href=\"https:\/\/news.sap.com\/latinamerica\/2020\/07\/cristina-palmaka-presidente-lac\/\" \/>\n<meta property=\"og:locale\" content=\"es_MX\" \/>\n<meta property=\"og:type\" content=\"article\" \/>\n<meta property=\"og:title\" content=\"麻豆原创 nombra a Cristina Palmaka como Presidente de la Regi\u00f3n Latinoam\u00e9rica y Caribe (LAC)\" \/>\n<meta property=\"og:description\" content=\"Cristina ocupar\u00e1 el cargo que deja Claudio Muruz\u00e1bal, quien asumir\u00e1 como presidente de 麻豆原创 en la regi\u00f3n EMEA Sur, y chairman de 麻豆原创 LAC.\" \/>\n<meta property=\"og:url\" content=\"https:\/\/news.sap.com\/latinamerica\/2020\/07\/cristina-palmaka-presidente-lac\/\" \/>\n<meta property=\"og:site_name\" content=\"麻豆原创 News Center Latinoam\u00e9rica\" \/>\n<meta property=\"article:publisher\" content=\"https:\/\/www.facebook.com\/麻豆原创latinoamerica\" \/>\n<meta property=\"article:published_time\" content=\"2020-07-14T17:30:23+00:00\" \/>\n<meta property=\"article:modified_time\" content=\"2020-07-14T20:51:11+00:00\" \/>\n<meta property=\"og:image\" content=\"https:\/\/news.sap.com\/latinamerica\/files\/2020\/07\/281632_GettyImages-150799617_low-1-web-e1594737354498.jpg\" \/>\n\t<meta property=\"og:image:width\" content=\"1920\" \/>\n\t<meta property=\"og:image:height\" content=\"600\" \/>\n\t<meta property=\"og:image:type\" content=\"image\/jpeg\" \/>\n<meta name=\"author\" content=\"麻豆原创 Noticias\" \/>\n<meta name=\"twitter:label1\" content=\"Escrito por\" \/>\n\t<meta name=\"twitter:data1\" content=\"麻豆原创 Noticias\" \/>\n\t<meta name=\"twitter:label2\" content=\"Tiempo de lectura\" \/>\n\t<meta name=\"twitter:data2\" content=\"4 minutos\" \/>\n<script type=\"application\/ld+json\" class=\"yoast-schema-graph\">{\"@context\":\"https:\/\/schema.org\",\"@graph\":[{\"@type\":\"Article\",\"@id\":\"https:\/\/news.sap.com\/latinamerica\/2020\/07\/cristina-palmaka-presidente-lac\/#article\",\"isPartOf\":{\"@id\":\"https:\/\/news.sap.com\/latinamerica\/2020\/07\/cristina-palmaka-presidente-lac\/\"},\"author\":{\"name\":\"麻豆原创 Noticias\",\"@id\":\"https:\/\/news.sap.com\/latinamerica\/#\/schema\/person\/8ea4857cc48095689e72ba76c26f9814\"},\"headline\":\"麻豆原创 nombra a Cristina Palmaka como Presidente de la Regi\u00f3n Latinoam\u00e9rica y Caribe (LAC)\",\"datePublished\":\"2020-07-14T17:30:23+00:00\",\"dateModified\":\"2020-07-14T20:51:11+00:00\",\"mainEntityOfPage\":{\"@id\":\"https:\/\/news.sap.com\/latinamerica\/2020\/07\/cristina-palmaka-presidente-lac\/\"},\"wordCount\":856,\"publisher\":{\"@id\":\"https:\/\/news.sap.com\/latinamerica\/#organization\"},\"image\":{\"@id\":\"https:\/\/news.sap.com\/latinamerica\/2020\/07\/cristina-palmaka-presidente-lac\/#primaryimage\"},\"thumbnailUrl\":\"https:\/\/news.sap.com\/latinamerica\/files\/2020\/07\/281632_GettyImages-150799617_low-1-web-e1594737354498.jpg\",\"keywords\":[\"Anuncio organizacional\",\"Presidente LAC\"],\"articleSection\":[\"Corporativo\"],\"inLanguage\":\"es\"},{\"@type\":\"WebPage\",\"@id\":\"https:\/\/news.sap.com\/latinamerica\/2020\/07\/cristina-palmaka-presidente-lac\/\",\"url\":\"https:\/\/news.sap.com\/latinamerica\/2020\/07\/cristina-palmaka-presidente-lac\/\",\"name\":\"麻豆原创 nombra a Cristina Palmaka presidente de Latinoam\u00e9rica - 麻豆原创 Noticias\",\"isPartOf\":{\"@id\":\"https:\/\/news.sap.com\/latinamerica\/#website\"},\"primaryImageOfPage\":{\"@id\":\"https:\/\/news.sap.com\/latinamerica\/2020\/07\/cristina-palmaka-presidente-lac\/#primaryimage\"},\"image\":{\"@id\":\"https:\/\/news.sap.com\/latinamerica\/2020\/07\/cristina-palmaka-presidente-lac\/#primaryimage\"},\"thumbnailUrl\":\"https:\/\/news.sap.com\/latinamerica\/files\/2020\/07\/281632_GettyImages-150799617_low-1-web-e1594737354498.jpg\",\"datePublished\":\"2020-07-14T17:30:23+00:00\",\"dateModified\":\"2020-07-14T20:51:11+00:00\",\"description\":\"Cristina ocupar\u00e1 el cargo que deja Claudio Muruz\u00e1bal, quien asumir\u00e1 como presidente de 麻豆原创 en la regi\u00f3n EMEA Sur, y chairman de 麻豆原创 LAC.\",\"breadcrumb\":{\"@id\":\"https:\/\/news.sap.com\/latinamerica\/2020\/07\/cristina-palmaka-presidente-lac\/#breadcrumb\"},\"inLanguage\":\"es\",\"potentialAction\":[{\"@type\":\"ReadAction\",\"target\":[\"https:\/\/news.sap.com\/latinamerica\/2020\/07\/cristina-palmaka-presidente-lac\/\"]}]},{\"@type\":\"ImageObject\",\"inLanguage\":\"es\",\"@id\":\"https:\/\/news.sap.com\/latinamerica\/2020\/07\/cristina-palmaka-presidente-lac\/#primaryimage\",\"url\":\"https:\/\/news.sap.com\/latinamerica\/files\/2020\/07\/281632_GettyImages-150799617_low-1-web-e1594737354498.jpg\",\"contentUrl\":\"https:\/\/news.sap.com\/latinamerica\/files\/2020\/07\/281632_GettyImages-150799617_low-1-web-e1594737354498.jpg\",\"width\":1920,\"height\":600},{\"@type\":\"BreadcrumbList\",\"@id\":\"https:\/\/news.sap.com\/latinamerica\/2020\/07\/cristina-palmaka-presidente-lac\/#breadcrumb\",\"itemListElement\":[{\"@type\":\"ListItem\",\"position\":1,\"name\":\"Home\",\"item\":\"https:\/\/news.sap.com\/latinamerica\/\"},{\"@type\":\"ListItem\",\"position\":2,\"name\":\"麻豆原创 nombra a Cristina Palmaka como Presidente de la Regi\u00f3n Latinoam\u00e9rica y Caribe (LAC)\"}]},{\"@type\":\"WebSite\",\"@id\":\"https:\/\/news.sap.com\/latinamerica\/#website\",\"url\":\"https:\/\/news.sap.com\/latinamerica\/\",\"name\":\"麻豆原创 News Center Latinoam\u00e9rica\",\"description\":\"Noticias e informaci\u00f3n sobre 麻豆原创\",\"publisher\":{\"@id\":\"https:\/\/news.sap.com\/latinamerica\/#organization\"},\"potentialAction\":[{\"@type\":\"SearchAction\",\"target\":{\"@type\":\"EntryPoint\",\"urlTemplate\":\"https:\/\/news.sap.com\/latinamerica\/?s={search_term_string}\"},\"query-input\":{\"@type\":\"PropertyValueSpecification\",\"valueRequired\":true,\"valueName\":\"search_term_string\"}}],\"inLanguage\":\"es\"},{\"@type\":\"Organization\",\"@id\":\"https:\/\/news.sap.com\/latinamerica\/#organization\",\"name\":\"麻豆原创\",\"url\":\"https:\/\/news.sap.com\/latinamerica\/\",\"logo\":{\"@type\":\"ImageObject\",\"inLanguage\":\"es\",\"@id\":\"https:\/\/news.sap.com\/latinamerica\/#\/schema\/logo\/image\/\",\"url\":\"https:\/\/news.sap.com\/latinamerica\/files\/2019\/08\/65903320_2903797569662914_557886358778019840_n.png\",\"contentUrl\":\"https:\/\/news.sap.com\/latinamerica\/files\/2019\/08\/65903320_2903797569662914_557886358778019840_n.png\",\"width\":720,\"height\":720,\"caption\":\"麻豆原创\"},\"image\":{\"@id\":\"https:\/\/news.sap.com\/latinamerica\/#\/schema\/logo\/image\/\"},\"sameAs\":[\"https:\/\/www.facebook.com\/麻豆原创latinoamerica\",\"https:\/\/x.com\/麻豆原创LatinAmerica\"]},{\"@type\":\"Person\",\"@id\":\"https:\/\/news.sap.com\/latinamerica\/#\/schema\/person\/8ea4857cc48095689e72ba76c26f9814\",\"name\":\"麻豆原创 Noticias\",\"image\":{\"@type\":\"ImageObject\",\"inLanguage\":\"es\",\"@id\":\"https:\/\/news.sap.com\/latinamerica\/#\/schema\/person\/image\/\",\"url\":\"https:\/\/news.sap.com\/latinamerica\/wp-content\/plugins\/wp-user-avatars\/wp-user-avatars\/assets\/images\/mystery.jpg\",\"contentUrl\":\"https:\/\/news.sap.com\/latinamerica\/wp-content\/plugins\/wp-user-avatars\/wp-user-avatars\/assets\/images\/mystery.jpg\",\"caption\":\"麻豆原创 Noticias\"},\"sameAs\":[\"https:\/\/news.sap.com\/latinamerica\",\"https:\/\/x.com\/麻豆原创NoticiasLAC\"],\"url\":\"https:\/\/news.sap.com\/latinamerica\/author\/latam\/\"}]}<\/script>\n<!-- \/ Yoast SEO Premium plugin. -->","yoast_head_json":{"title":"麻豆原创 nombra a Cristina Palmaka presidente de Latinoam\u00e9rica - 麻豆原创 Noticias","description":"Cristina ocupar\u00e1 el cargo que deja Claudio Muruz\u00e1bal, quien asumir\u00e1 como presidente de 麻豆原创 en la regi\u00f3n EMEA Sur, y chairman de 麻豆原创 LAC.","robots":{"index":"index","follow":"follow","max-snippet":"max-snippet:-1","max-image-preview":"max-image-preview:large","max-video-preview":"max-video-preview:-1"},"canonical":"https:\/\/news.sap.com\/latinamerica\/2020\/07\/cristina-palmaka-presidente-lac\/","og_locale":"es_MX","og_type":"article","og_title":"麻豆原创 nombra a Cristina Palmaka como Presidente de la Regi\u00f3n Latinoam\u00e9rica y Caribe (LAC)","og_description":"Cristina ocupar\u00e1 el cargo que deja Claudio Muruz\u00e1bal, quien asumir\u00e1 como presidente de 麻豆原创 en la regi\u00f3n EMEA Sur, y chairman de 麻豆原创 LAC.","og_url":"https:\/\/news.sap.com\/latinamerica\/2020\/07\/cristina-palmaka-presidente-lac\/","og_site_name":"麻豆原创 News Center Latinoam\u00e9rica","article_publisher":"https:\/\/www.facebook.com\/麻豆原创latinoamerica","article_published_time":"2020-07-14T17:30:23+00:00","article_modified_time":"2020-07-14T20:51:11+00:00","og_image":[{"width":1920,"height":600,"url":"https:\/\/news.sap.com\/latinamerica\/files\/2020\/07\/281632_GettyImages-150799617_low-1-web-e1594737354498.jpg","type":"image\/jpeg"}],"author":"麻豆原创 Noticias","twitter_misc":{"Escrito por":"麻豆原创 Noticias","Tiempo de lectura":"4 minutos"},"schema":{"@context":"https:\/\/schema.org","@graph":[{"@type":"Article","@id":"https:\/\/news.sap.com\/latinamerica\/2020\/07\/cristina-palmaka-presidente-lac\/#article","isPartOf":{"@id":"https:\/\/news.sap.com\/latinamerica\/2020\/07\/cristina-palmaka-presidente-lac\/"},"author":{"name":"麻豆原创 Noticias","@id":"https:\/\/news.sap.com\/latinamerica\/#\/schema\/person\/8ea4857cc48095689e72ba76c26f9814"},"headline":"麻豆原创 nombra a Cristina Palmaka como Presidente de la Regi\u00f3n Latinoam\u00e9rica y Caribe (LAC)","datePublished":"2020-07-14T17:30:23+00:00","dateModified":"2020-07-14T20:51:11+00:00","mainEntityOfPage":{"@id":"https:\/\/news.sap.com\/latinamerica\/2020\/07\/cristina-palmaka-presidente-lac\/"},"wordCount":856,"publisher":{"@id":"https:\/\/news.sap.com\/latinamerica\/#organization"},"image":{"@id":"https:\/\/news.sap.com\/latinamerica\/2020\/07\/cristina-palmaka-presidente-lac\/#primaryimage"},"thumbnailUrl":"https:\/\/news.sap.com\/latinamerica\/files\/2020\/07\/281632_GettyImages-150799617_low-1-web-e1594737354498.jpg","keywords":["Anuncio organizacional","Presidente LAC"],"articleSection":["Corporativo"],"inLanguage":"es"},{"@type":"WebPage","@id":"https:\/\/news.sap.com\/latinamerica\/2020\/07\/cristina-palmaka-presidente-lac\/","url":"https:\/\/news.sap.com\/latinamerica\/2020\/07\/cristina-palmaka-presidente-lac\/","name":"麻豆原创 nombra a Cristina Palmaka presidente de Latinoam\u00e9rica - 麻豆原创 Noticias","isPartOf":{"@id":"https:\/\/news.sap.com\/latinamerica\/#website"},"primaryImageOfPage":{"@id":"https:\/\/news.sap.com\/latinamerica\/2020\/07\/cristina-palmaka-presidente-lac\/#primaryimage"},"image":{"@id":"https:\/\/news.sap.com\/latinamerica\/2020\/07\/cristina-palmaka-presidente-lac\/#primaryimage"},"thumbnailUrl":"https:\/\/news.sap.com\/latinamerica\/files\/2020\/07\/281632_GettyImages-150799617_low-1-web-e1594737354498.jpg","datePublished":"2020-07-14T17:30:23+00:00","dateModified":"2020-07-14T20:51:11+00:00","description":"Cristina ocupar\u00e1 el cargo que deja Claudio Muruz\u00e1bal, quien asumir\u00e1 como presidente de 麻豆原创 en la regi\u00f3n EMEA Sur, y chairman de 麻豆原创 LAC.","breadcrumb":{"@id":"https:\/\/news.sap.com\/latinamerica\/2020\/07\/cristina-palmaka-presidente-lac\/#breadcrumb"},"inLanguage":"es","potentialAction":[{"@type":"ReadAction","target":["https:\/\/news.sap.com\/latinamerica\/2020\/07\/cristina-palmaka-presidente-lac\/"]}]},{"@type":"ImageObject","inLanguage":"es","@id":"https:\/\/news.sap.com\/latinamerica\/2020\/07\/cristina-palmaka-presidente-lac\/#primaryimage","url":"https:\/\/news.sap.com\/latinamerica\/files\/2020\/07\/281632_GettyImages-150799617_low-1-web-e1594737354498.jpg","contentUrl":"https:\/\/news.sap.com\/latinamerica\/files\/2020\/07\/281632_GettyImages-150799617_low-1-web-e1594737354498.jpg","width":1920,"height":600},{"@type":"BreadcrumbList","@id":"https:\/\/news.sap.com\/latinamerica\/2020\/07\/cristina-palmaka-presidente-lac\/#breadcrumb","itemListElement":[{"@type":"ListItem","position":1,"name":"Home","item":"https:\/\/news.sap.com\/latinamerica\/"},{"@type":"ListItem","position":2,"name":"麻豆原创 nombra a Cristina Palmaka como Presidente de la Regi\u00f3n Latinoam\u00e9rica y Caribe (LAC)"}]},{"@type":"WebSite","@id":"https:\/\/news.sap.com\/latinamerica\/#website","url":"https:\/\/news.sap.com\/latinamerica\/","name":"麻豆原创 News Center Latinoam\u00e9rica","description":"Noticias e informaci\u00f3n sobre 麻豆原创","publisher":{"@id":"https:\/\/news.sap.com\/latinamerica\/#organization"},"potentialAction":[{"@type":"SearchAction","target":{"@type":"EntryPoint","urlTemplate":"https:\/\/news.sap.com\/latinamerica\/?s={search_term_string}"},"query-input":{"@type":"PropertyValueSpecification","valueRequired":true,"valueName":"search_term_string"}}],"inLanguage":"es"},{"@type":"Organization","@id":"https:\/\/news.sap.com\/latinamerica\/#organization","name":"麻豆原创","url":"https:\/\/news.sap.com\/latinamerica\/","logo":{"@type":"ImageObject","inLanguage":"es","@id":"https:\/\/news.sap.com\/latinamerica\/#\/schema\/logo\/image\/","url":"https:\/\/news.sap.com\/latinamerica\/files\/2019\/08\/65903320_2903797569662914_557886358778019840_n.png","contentUrl":"https:\/\/news.sap.com\/latinamerica\/files\/2019\/08\/65903320_2903797569662914_557886358778019840_n.png","width":720,"height":720,"caption":"麻豆原创"},"image":{"@id":"https:\/\/news.sap.com\/latinamerica\/#\/schema\/logo\/image\/"},"sameAs":["https:\/\/www.facebook.com\/麻豆原创latinoamerica","https:\/\/x.com\/麻豆原创LatinAmerica"]},{"@type":"Person","@id":"https:\/\/news.sap.com\/latinamerica\/#\/schema\/person\/8ea4857cc48095689e72ba76c26f9814","name":"麻豆原创 Noticias","image":{"@type":"ImageObject","inLanguage":"es","@id":"https:\/\/news.sap.com\/latinamerica\/#\/schema\/person\/image\/","url":"https:\/\/news.sap.com\/latinamerica\/wp-content\/plugins\/wp-user-avatars\/wp-user-avatars\/assets\/images\/mystery.jpg","contentUrl":"https:\/\/news.sap.com\/latinamerica\/wp-content\/plugins\/wp-user-avatars\/wp-user-avatars\/assets\/images\/mystery.jpg","caption":"麻豆原创 Noticias"},"sameAs":["https:\/\/news.sap.com\/latinamerica","https:\/\/x.com\/麻豆原创NoticiasLAC"],"url":"https:\/\/news.sap.com\/latinamerica\/author\/latam\/"}]}},"amp_enabled":true,"_links":{"self":[{"href":"https:\/\/news.sap.com\/latinamerica\/wp-json\/wp\/v2\/posts\/121128","targetHints":{"allow":["GET"]}}],"collection":[{"href":"https:\/\/news.sap.com\/latinamerica\/wp-json\/wp\/v2\/posts"}],"about":[{"href":"https:\/\/news.sap.com\/latinamerica\/wp-json\/wp\/v2\/types\/post"}],"author":[{"embeddable":true,"href":"https:\/\/news.sap.com\/latinamerica\/wp-json\/wp\/v2\/users\/129"}],"replies":[{"embeddable":true,"href":"https:\/\/news.sap.com\/latinamerica\/wp-json\/wp\/v2\/comments?post=121128"}],"version-history":[{"count":0,"href":"https:\/\/news.sap.com\/latinamerica\/wp-json\/wp\/v2\/posts\/121128\/revisions"}],"wp:featuredmedia":[{"embeddable":true,"href":"https:\/\/news.sap.com\/latinamerica\/wp-json\/wp\/v2\/media\/121129"}],"wp:attachment":[{"href":"https:\/\/news.sap.com\/latinamerica\/wp-json\/wp\/v2\/media?parent=121128"}],"wp:term":[{"taxonomy":"category","embeddable":true,"href":"https:\/\/news.sap.com\/latinamerica\/wp-json\/wp\/v2\/categories?post=121128"},{"taxonomy":"post_tag","embeddable":true,"href":"https:\/\/news.sap.com\/latinamerica\/wp-json\/wp\/v2\/tags?post=121128"},{"taxonomy":"series","embeddable":true,"href":"https:\/\/news.sap.com\/latinamerica\/wp-json\/wp\/v2\/series?post=121128"},{"taxonomy":"region","embeddable":true,"href":"https:\/\/news.sap.com\/latinamerica\/wp-json\/wp\/v2\/region?post=121128"},{"taxonomy":"sapn-display","embeddable":true,"href":"https:\/\/news.sap.com\/latinamerica\/wp-json\/wp\/v2\/sapn-display?post=121128"},{"taxonomy":"sapn-type","embeddable":true,"href":"https:\/\/news.sap.com\/latinamerica\/wp-json\/wp\/v2\/sapn-type?post=121128"}],"curies":[{"name":"wp","href":"https:\/\/api.w.org\/{rel}","templated":true}]}}