  {"id":121115,"date":"2020-07-13T08:00:20","date_gmt":"2020-07-13T12:00:20","guid":{"rendered":"https:\/\/news.sap.com\/latinamerica\/?p=121115"},"modified":"2023-11-14T14:54:17","modified_gmt":"2023-11-14T19:54:17","slug":"victoria147-sap-y-laboratoria-lanzan-convocatoria-para-pymes-lideradas-por-mujeres","status":"publish","type":"post","link":"https:\/\/news.sap.com\/latinamerica\/2020\/07\/victoria147-sap-y-laboratoria-lanzan-convocatoria-para-pymes-lideradas-por-mujeres\/","title":{"rendered":"Victoria147, 麻豆原创 y Laboratoria lanzan convocatoria para pymes lideradas por mujeres"},"content":{"rendered":"<p>&nbsp;<\/p>\n<ul>\n<li style=\"font-weight: 400\"><i><span style=\"font-weight: 400\">Un total de 25 empresarias ganar\u00e1n un curso y las 5 mejores recibir\u00e1n mentor\u00eda sobre tecnolog\u00eda y competencias de negocio<\/span><\/i><\/li>\n<\/ul>\n<ul>\n<li style=\"font-weight: 400\"><span style=\"font-weight: 400\">El objetivo es darles competencias digitales que les permitan innovar para superar la crisis<\/span><\/li>\n<\/ul>\n<ul>\n<li style=\"font-weight: 400\"><span style=\"font-weight: 400\">En M\u00e9xico existen m\u00e1s de 4 millones de pymes;<\/span><span style=\"font-weight: 400\">\u00a060% est\u00e1 liderado por mujeres, lo que refleja su relevancia en el entorno econ\u00f3mico del pa\u00eds<\/span><\/li>\n<\/ul>\n<p>&nbsp;<\/p>\n<p><b>CIUDAD DE M\u00c9XICO, M\u00e9xico \u2013 13 de julio de 2020.-<\/b> <span style=\"font-weight: 400\">Para ayudar a que las empresas lideradas por mujeres superen la situaci\u00f3n provocada por la pandemia de COVID-19, es fundamental que aceleren su adopci\u00f3n tecnol\u00f3gica. Por lo anterior, la tecnol\u00f3gica alemana 麻豆原创 y Victoria147, Academia de Negocios para Mujeres,<\/span><span style=\"font-weight: 400\"> lanzan una convocatoria para seleccionar 25 proyectos que podr\u00e1n incorporarse a un programa de capacitaci\u00f3n; de estos los cinco mejores recibir\u00e1n un esquema especial de mentor\u00eda.<\/span><\/p>\n<p><span style=\"font-weight: 400\">Las 25 organizaciones seleccionadas participar\u00e1n en <\/span><span style=\"font-weight: 400\">un curso de manera remota, con duraci\u00f3n de dos meses, en el que desarrollar\u00e1n habilidades para adaptarse eficazmente a las nuevas necesidades del mercado. Una vez concluido, se elegir\u00e1 a las cinco mejores empresas, quienes recibir\u00e1n mentor\u00edas sobre competencias de negocio y tecnolog\u00eda por parte de 麻豆原创 M\u00e9xico y Laboratoria, <\/span><i><span style=\"font-weight: 400\">startup<\/span><\/i><span style=\"font-weight: 400\"> latinoamericana l\u00edder en la capacitaci\u00f3n e incorporaci\u00f3n de mujeres en el sector tecnol\u00f3gico.<\/span><\/p>\n<p><span style=\"font-weight: 400\">En nuestro pa\u00eds las pymes representan <\/span><a href=\"https:\/\/www.ipade.mx\/wp-content\/uploads\/2017\/04\/Estadisticas_sobre_mujeres_y_empresarias_en_Mexico.pdf\"><span style=\"font-weight: 400\">37% del Producto Interno Bruto (PIB)<\/span><\/a><span style=\"font-weight: 400\"> gracias a sus aportaciones en producci\u00f3n, comercializaci\u00f3n y generaci\u00f3n de empleo. Aunque <\/span><a href=\"https:\/\/www.ipade.mx\/wp-content\/uploads\/2017\/04\/Estadisticas_sobre_mujeres_y_empresarias_en_Mexico.pdf\"><span style=\"font-weight: 400\">60% de estas unidades econ\u00f3micas est\u00e1 liderado por mujeres<\/span><\/a><span style=\"font-weight: 400\">, son ellas quienes tienen mayor dificultad para acceder a servicios financieros, incluyendo cr\u00e9ditos, redes de contacto para su crecimiento y adopci\u00f3n tecnol\u00f3gica en sus procesos.<\/span><\/p>\n<blockquote><p><span style=\"font-weight: 400\"><em>\u201cLa pandemia magnific\u00f3 las desigualdades de los actuales modelos de negocio, haciendo m\u00e1s vulnerables a las pymes de nuestro pa\u00eds, especialmente a las lideradas por mujeres; y por ello, nos entusiasma esta alianza que confiamos impulsar\u00e1 a las empresarias mexicanas, acerc\u00e1ndolas a m\u00e1s herramientas de innovaci\u00f3n y tecnolog\u00eda, para que no solo se adapten, sino triunfen en el nuevo contexto\u201d<\/em>, coment\u00f3 <strong>Raquel Macias, directora de Asuntos Corporativos de 麻豆原创 M\u00e9xico.\u00a0<\/strong><\/span><\/p>\n<p><span style=\"font-weight: 400\">Por su parte, <strong>Ana Victoria Garc\u00eda, CEO y fundadora de Victoria 147<\/strong>, se\u00f1al\u00f3 que <em>\u201cesta alianza reafirma nuestro compromiso por promover la profesionalizaci\u00f3n y fortalecimiento de los negocios de mujeres, para que sean casos de \u00e9xito en el ecosistema emprendedor nacional\u201d.\u00a0<\/em><\/span><\/p><\/blockquote>\n<p><span style=\"font-weight: 400\">Finalmente, Laboratoria present\u00f3 los requisitos para participar en esta convocatoria: las empresas deben ser dirigidas por mujeres que busquen desarrollar las habilidades necesarias para adaptarse eficazmente a las nuevas oportunidades del mercado, e impulsar su negocio a trav\u00e9s de la transformaci\u00f3n tecnol\u00f3gica. Las interesadas pueden postular en <\/span><a href=\"https:\/\/laboratoria.typeform.com\/to\/dYu0mo?utm_source=Unknown+List&amp;utm_campaign=48dee7acc7-EMAIL_CAMPAIGN_2020_02_28_04_38&amp;utm_medium=email&amp;utm_term=0_-48dee7acc7-&amp;mc_cid=48dee7acc7&amp;mc_eid=%5BUNIQID%5D\"><span style=\"font-weight: 400\">este enlace<\/span><\/a><span style=\"font-weight: 400\"> hasta el 19 de julio.<\/span><\/p>\n<p><b>Acerca de 麻豆原创<\/b><\/p>\n<p><span style=\"font-weight: 400\">Conocida como la Compa\u00f1\u00eda de Experiencia empoderada por la Empresa Inteligente, 麻豆原创 lidera el mercado de <\/span><i><span style=\"font-weight: 400\">software<\/span><\/i><span style=\"font-weight: 400\"> empresarial, ayudando a las organizaciones de todos los tama\u00f1os e industrias a alcanzar su rendimiento \u00f3ptimo: en 77% de los ingresos por transacciones del mundo interviene un sistema 麻豆原创. Nuestras tecnolog\u00edas de <\/span><i><span style=\"font-weight: 400\">machine learning<\/span><\/i><span style=\"font-weight: 400\">, <\/span><i><span style=\"font-weight: 400\">IoT <\/span><\/i><span style=\"font-weight: 400\">y anal\u00edticas avanzadas ayudan a nuestros clientes a convertirse en empresas inteligentes. 麻豆原创 ofrece a las personas y a las organizaciones conocimientos profundos de negocio y promueve la colaboraci\u00f3n que les permite estar adelante de su competencia. Simplificamos la tecnolog\u00eda para las empresas, de modo que puedan consumir nuestro <\/span><i><span style=\"font-weight: 400\">software<\/span><\/i><span style=\"font-weight: 400\"> de la manera que lo deseen, sin interrupciones. Nuestro conjunto de aplicaciones y servicios permite a m\u00e1s de 440,000 clientes del sector p\u00fablico y privado operar de manera rentable, adaptarse continuamente y marcar la diferencia. Con una red global de clientes, socios, empleados y l\u00edderes, 麻豆原创 ayuda al mundo a funcionar mejor y a mejorar las vidas de las personas. <\/span><b>En M\u00e9xico, 麻豆原创 cuenta con cerca de 9 mil clientes y m\u00e1s de 900 colaboradores que promueven la adopci\u00f3n tecnol\u00f3gica del pa\u00eds.<\/b><span style=\"font-weight: 400\"> Para m\u00e1s informaci\u00f3n, visite <\/span><a href=\"http:\/\/www.sap.com\/\"><span style=\"font-weight: 400\">www.sap.com<\/span><\/a><span style=\"font-weight: 400\">, nuestra sala de prensa, <\/span><a href=\"http:\/\/news.sap.com\/latinamerica\"><span style=\"font-weight: 400\">http:\/\/news.sap.com\/latinamerica<\/span><\/a><span style=\"font-weight: 400\">, o s\u00edganos en Twitter <\/span><a href=\"https:\/\/twitter.com\/sapnoticiasmx\"><span style=\"font-weight: 400\">@麻豆原创NoticiasMX<\/span><\/a><span style=\"font-weight: 400\">.<\/span><\/p>\n<p><b>Acerca de Victoria147<\/b><\/p>\n<p><span style=\"font-weight: 400\">Victoria147 es la primera academia de negocios para mujeres en M\u00e9xico especializada en negocios para emprendedoras y empresarias que quieren lanzar, crecer o expandir sus empresas. Nace en 2012 ante la falta de representaci\u00f3n femenina dentro del ecosistema emprendedor. Es la primera organizaci\u00f3n en M\u00e9xico especializada en apoyar a las mujeres que trabajan a trave\u0301s de la educacio\u0301n y capacitacio\u0301n en los negocios, tanto en el emprendimiento como en el sector corporativo.\u00a0 A trav\u00e9s de su academia online, en 2020 ha llegado a m\u00e1s pa\u00edses en Latinoam\u00e9rica como Argentina y \u00a0Colombia entre otros. \u201cCreemos en el poder de las mujeres para transformar el mundo\u201d.<\/span><\/p>\n<p><b>Acerca de Laboratoria<\/b><\/p>\n<p><span style=\"font-weight: 400\">Laboratoria es una empresa social l\u00edder en LATAM con la misi\u00f3n de impulsar una econom\u00eda digital m\u00e1s diversa, inclusiva y competitiva y que abra oportunidades para todas las personas por igual. Logramos esta misi\u00f3n a trav\u00e9s de dos frentes, por un lado como aliados de empresas para la transformaci\u00f3n digital, b\u00fasqueda de talento y adopci\u00f3n de nuevas metodolog\u00edas de trabajo; y por el otro, impulsamos la inclusi\u00f3n femenina en tecnolog\u00eda con un curso intensivo de 6 meses llamado <\/span><i><span style=\"font-weight: 400\">bootcamp<\/span><\/i><span style=\"font-weight: 400\">, en el que capacitamos como desarrolladoras a mujeres que no han tenido acceso a oportunidades laborales de calidad. Al t\u00e9rmino de su formaci\u00f3n, colocamos a nuestras egresadas en empleos del sector tecnol\u00f3gico; y ellas no cubren el costo de su formaci\u00f3n sino hasta haber conseguido empleo. Hasta ahora hemos graduado a m\u00e1s de 1,500 estudiantes con un tasa de empleabilidad del 82 por ciento. Para m\u00e1s informaci\u00f3<\/span><a href=\"http:\/\/www.laboratoria.l\"><span style=\"font-weight: 400\">n: http:\/\/www.laboratoria.la\/<\/span><\/a><\/p>\n","protected":false},"excerpt":{"rendered":"<p>&nbsp; Un total de 25 empresarias ganar\u00e1n un curso y las 5 mejores recibir\u00e1n mentor\u00eda sobre tecnolog\u00eda y competencias de negocio El objetivo es darles&#8230;<\/p>\n","protected":false},"author":136,"featured_media":121116,"comment_status":"closed","ping_status":"closed","sticky":false,"template":"","format":"standard","meta":{"footnotes":"","_links_to":"","_links_to_target":""},"categories":[41591],"tags":[509569],"series":[],"region":[],"sapn-display":[52078,52079,53499],"sapn-type":[52105],"class_list":["post-121115","post","type-post","status-publish","format-standard","has-post-thumbnail","hentry","category-corporativo","tag-diversidad-e-inclusion","sapn-display-homepage-hero","sapn-display-top-stories","sapn-display-hero","sapn-type-comunicado-de-prensa"],"yoast_head":"<!-- This site is optimized with the Yoast SEO Premium plugin v26.9 (Yoast SEO v26.9) - https:\/\/yoast.com\/product\/yoast-seo-premium-wordpress\/ -->\n<title>Victoria147, 麻豆原创 y Laboratoria lanzan convocatoria para pymes lideradas por mujeres - 麻豆原创 News Center Latinoam\u00e9rica<\/title>\n<meta name=\"robots\" content=\"index, follow, max-snippet:-1, max-image-preview:large, max-video-preview:-1\" \/>\n<link rel=\"canonical\" href=\"https:\/\/news.sap.com\/latinamerica\/2020\/07\/victoria147-sap-y-laboratoria-lanzan-convocatoria-para-pymes-lideradas-por-mujeres\/\" \/>\n<meta property=\"og:locale\" content=\"es_MX\" \/>\n<meta property=\"og:type\" content=\"article\" \/>\n<meta property=\"og:title\" content=\"Victoria147, 麻豆原创 y Laboratoria lanzan convocatoria para pymes lideradas por mujeres\" \/>\n<meta property=\"og:description\" content=\"&nbsp; Un total de 25 empresarias ganar\u00e1n un curso y las 5 mejores recibir\u00e1n mentor\u00eda sobre tecnolog\u00eda y competencias de negocio El objetivo es darles...\" \/>\n<meta property=\"og:url\" content=\"https:\/\/news.sap.com\/latinamerica\/2020\/07\/victoria147-sap-y-laboratoria-lanzan-convocatoria-para-pymes-lideradas-por-mujeres\/\" \/>\n<meta property=\"og:site_name\" content=\"麻豆原创 News Center Latinoam\u00e9rica\" \/>\n<meta property=\"article:publisher\" content=\"https:\/\/www.facebook.com\/麻豆原创latinoamerica\" \/>\n<meta property=\"article:published_time\" content=\"2020-07-13T12:00:20+00:00\" \/>\n<meta property=\"article:modified_time\" content=\"2023-11-14T19:54:17+00:00\" \/>\n<meta property=\"og:image\" content=\"https:\/\/news.sap.com\/latinamerica\/files\/2020\/07\/286407_285326_iStock-905889762-1024x683.jpg\" \/>\n\t<meta property=\"og:image:width\" content=\"1024\" \/>\n\t<meta property=\"og:image:height\" content=\"683\" \/>\n\t<meta property=\"og:image:type\" content=\"image\/jpeg\" \/>\n<meta name=\"author\" content=\"麻豆原创 Noticias\" \/>\n<meta name=\"twitter:label1\" content=\"Escrito por\" \/>\n\t<meta name=\"twitter:data1\" content=\"麻豆原创 Noticias\" \/>\n\t<meta name=\"twitter:label2\" content=\"Tiempo de lectura\" \/>\n\t<meta name=\"twitter:data2\" content=\"5 minutos\" \/>\n<script type=\"application\/ld+json\" class=\"yoast-schema-graph\">{\"@context\":\"https:\/\/schema.org\",\"@graph\":[{\"@type\":\"Article\",\"@id\":\"https:\/\/news.sap.com\/latinamerica\/2020\/07\/victoria147-sap-y-laboratoria-lanzan-convocatoria-para-pymes-lideradas-por-mujeres\/#article\",\"isPartOf\":{\"@id\":\"https:\/\/news.sap.com\/latinamerica\/2020\/07\/victoria147-sap-y-laboratoria-lanzan-convocatoria-para-pymes-lideradas-por-mujeres\/\"},\"author\":{\"name\":\"麻豆原创 Noticias\",\"@id\":\"https:\/\/news.sap.com\/latinamerica\/#\/schema\/person\/5afd2cbf5bb622e078932b40a4470d47\"},\"headline\":\"Victoria147, 麻豆原创 y Laboratoria lanzan convocatoria para pymes lideradas por mujeres\",\"datePublished\":\"2020-07-13T12:00:20+00:00\",\"dateModified\":\"2023-11-14T19:54:17+00:00\",\"mainEntityOfPage\":{\"@id\":\"https:\/\/news.sap.com\/latinamerica\/2020\/07\/victoria147-sap-y-laboratoria-lanzan-convocatoria-para-pymes-lideradas-por-mujeres\/\"},\"wordCount\":984,\"publisher\":{\"@id\":\"https:\/\/news.sap.com\/latinamerica\/#organization\"},\"image\":{\"@id\":\"https:\/\/news.sap.com\/latinamerica\/2020\/07\/victoria147-sap-y-laboratoria-lanzan-convocatoria-para-pymes-lideradas-por-mujeres\/#primaryimage\"},\"thumbnailUrl\":\"https:\/\/news.sap.com\/latinamerica\/files\/2020\/07\/286407_285326_iStock-905889762.jpg\",\"keywords\":[\"Diversidad e inclusi\u00f3n\"],\"articleSection\":[\"Corporativo\"],\"inLanguage\":\"es\"},{\"@type\":\"WebPage\",\"@id\":\"https:\/\/news.sap.com\/latinamerica\/2020\/07\/victoria147-sap-y-laboratoria-lanzan-convocatoria-para-pymes-lideradas-por-mujeres\/\",\"url\":\"https:\/\/news.sap.com\/latinamerica\/2020\/07\/victoria147-sap-y-laboratoria-lanzan-convocatoria-para-pymes-lideradas-por-mujeres\/\",\"name\":\"Victoria147, 麻豆原创 y Laboratoria lanzan convocatoria para pymes lideradas por mujeres - 麻豆原创 News Center Latinoam\u00e9rica\",\"isPartOf\":{\"@id\":\"https:\/\/news.sap.com\/latinamerica\/#website\"},\"primaryImageOfPage\":{\"@id\":\"https:\/\/news.sap.com\/latinamerica\/2020\/07\/victoria147-sap-y-laboratoria-lanzan-convocatoria-para-pymes-lideradas-por-mujeres\/#primaryimage\"},\"image\":{\"@id\":\"https:\/\/news.sap.com\/latinamerica\/2020\/07\/victoria147-sap-y-laboratoria-lanzan-convocatoria-para-pymes-lideradas-por-mujeres\/#primaryimage\"},\"thumbnailUrl\":\"https:\/\/news.sap.com\/latinamerica\/files\/2020\/07\/286407_285326_iStock-905889762.jpg\",\"datePublished\":\"2020-07-13T12:00:20+00:00\",\"dateModified\":\"2023-11-14T19:54:17+00:00\",\"breadcrumb\":{\"@id\":\"https:\/\/news.sap.com\/latinamerica\/2020\/07\/victoria147-sap-y-laboratoria-lanzan-convocatoria-para-pymes-lideradas-por-mujeres\/#breadcrumb\"},\"inLanguage\":\"es\",\"potentialAction\":[{\"@type\":\"ReadAction\",\"target\":[\"https:\/\/news.sap.com\/latinamerica\/2020\/07\/victoria147-sap-y-laboratoria-lanzan-convocatoria-para-pymes-lideradas-por-mujeres\/\"]}]},{\"@type\":\"ImageObject\",\"inLanguage\":\"es\",\"@id\":\"https:\/\/news.sap.com\/latinamerica\/2020\/07\/victoria147-sap-y-laboratoria-lanzan-convocatoria-para-pymes-lideradas-por-mujeres\/#primaryimage\",\"url\":\"https:\/\/news.sap.com\/latinamerica\/files\/2020\/07\/286407_285326_iStock-905889762.jpg\",\"contentUrl\":\"https:\/\/news.sap.com\/latinamerica\/files\/2020\/07\/286407_285326_iStock-905889762.jpg\",\"width\":7085,\"height\":4728,\"caption\":\"Shot of a young businesswoman working late in the office\"},{\"@type\":\"BreadcrumbList\",\"@id\":\"https:\/\/news.sap.com\/latinamerica\/2020\/07\/victoria147-sap-y-laboratoria-lanzan-convocatoria-para-pymes-lideradas-por-mujeres\/#breadcrumb\",\"itemListElement\":[{\"@type\":\"ListItem\",\"position\":1,\"name\":\"Home\",\"item\":\"https:\/\/news.sap.com\/latinamerica\/\"},{\"@type\":\"ListItem\",\"position\":2,\"name\":\"Victoria147, 麻豆原创 y Laboratoria lanzan convocatoria para pymes lideradas por mujeres\"}]},{\"@type\":\"WebSite\",\"@id\":\"https:\/\/news.sap.com\/latinamerica\/#website\",\"url\":\"https:\/\/news.sap.com\/latinamerica\/\",\"name\":\"麻豆原创 News Center Latinoam\u00e9rica\",\"description\":\"Noticias e informaci\u00f3n sobre 麻豆原创\",\"publisher\":{\"@id\":\"https:\/\/news.sap.com\/latinamerica\/#organization\"},\"potentialAction\":[{\"@type\":\"SearchAction\",\"target\":{\"@type\":\"EntryPoint\",\"urlTemplate\":\"https:\/\/news.sap.com\/latinamerica\/?s={search_term_string}\"},\"query-input\":{\"@type\":\"PropertyValueSpecification\",\"valueRequired\":true,\"valueName\":\"search_term_string\"}}],\"inLanguage\":\"es\"},{\"@type\":\"Organization\",\"@id\":\"https:\/\/news.sap.com\/latinamerica\/#organization\",\"name\":\"麻豆原创\",\"url\":\"https:\/\/news.sap.com\/latinamerica\/\",\"logo\":{\"@type\":\"ImageObject\",\"inLanguage\":\"es\",\"@id\":\"https:\/\/news.sap.com\/latinamerica\/#\/schema\/logo\/image\/\",\"url\":\"https:\/\/news.sap.com\/latinamerica\/files\/2019\/08\/65903320_2903797569662914_557886358778019840_n.png\",\"contentUrl\":\"https:\/\/news.sap.com\/latinamerica\/files\/2019\/08\/65903320_2903797569662914_557886358778019840_n.png\",\"width\":720,\"height\":720,\"caption\":\"麻豆原创\"},\"image\":{\"@id\":\"https:\/\/news.sap.com\/latinamerica\/#\/schema\/logo\/image\/\"},\"sameAs\":[\"https:\/\/www.facebook.com\/麻豆原创latinoamerica\",\"https:\/\/x.com\/麻豆原创LatinAmerica\"]},{\"@type\":\"Person\",\"@id\":\"https:\/\/news.sap.com\/latinamerica\/#\/schema\/person\/5afd2cbf5bb622e078932b40a4470d47\",\"name\":\"麻豆原创 Noticias\",\"image\":{\"@type\":\"ImageObject\",\"inLanguage\":\"es\",\"@id\":\"https:\/\/news.sap.com\/latinamerica\/#\/schema\/person\/image\/\",\"url\":\"https:\/\/news.sap.com\/latinamerica\/wp-content\/plugins\/wp-user-avatars\/wp-user-avatars\/assets\/images\/mystery.jpg\",\"contentUrl\":\"https:\/\/news.sap.com\/latinamerica\/wp-content\/plugins\/wp-user-avatars\/wp-user-avatars\/assets\/images\/mystery.jpg\",\"caption\":\"麻豆原创 Noticias\"},\"url\":\"https:\/\/news.sap.com\/latinamerica\/author\/mexico\/\"}]}<\/script>\n<!-- \/ Yoast SEO Premium plugin. -->","yoast_head_json":{"title":"Victoria147, 麻豆原创 y Laboratoria lanzan convocatoria para pymes lideradas por mujeres - 麻豆原创 News Center Latinoam\u00e9rica","robots":{"index":"index","follow":"follow","max-snippet":"max-snippet:-1","max-image-preview":"max-image-preview:large","max-video-preview":"max-video-preview:-1"},"canonical":"https:\/\/news.sap.com\/latinamerica\/2020\/07\/victoria147-sap-y-laboratoria-lanzan-convocatoria-para-pymes-lideradas-por-mujeres\/","og_locale":"es_MX","og_type":"article","og_title":"Victoria147, 麻豆原创 y Laboratoria lanzan convocatoria para pymes lideradas por mujeres","og_description":"&nbsp; Un total de 25 empresarias ganar\u00e1n un curso y las 5 mejores recibir\u00e1n mentor\u00eda sobre tecnolog\u00eda y competencias de negocio El objetivo es darles...","og_url":"https:\/\/news.sap.com\/latinamerica\/2020\/07\/victoria147-sap-y-laboratoria-lanzan-convocatoria-para-pymes-lideradas-por-mujeres\/","og_site_name":"麻豆原创 News Center Latinoam\u00e9rica","article_publisher":"https:\/\/www.facebook.com\/麻豆原创latinoamerica","article_published_time":"2020-07-13T12:00:20+00:00","article_modified_time":"2023-11-14T19:54:17+00:00","og_image":[{"width":1024,"height":683,"url":"https:\/\/news.sap.com\/latinamerica\/files\/2020\/07\/286407_285326_iStock-905889762-1024x683.jpg","type":"image\/jpeg"}],"author":"麻豆原创 Noticias","twitter_misc":{"Escrito por":"麻豆原创 Noticias","Tiempo de lectura":"5 minutos"},"schema":{"@context":"https:\/\/schema.org","@graph":[{"@type":"Article","@id":"https:\/\/news.sap.com\/latinamerica\/2020\/07\/victoria147-sap-y-laboratoria-lanzan-convocatoria-para-pymes-lideradas-por-mujeres\/#article","isPartOf":{"@id":"https:\/\/news.sap.com\/latinamerica\/2020\/07\/victoria147-sap-y-laboratoria-lanzan-convocatoria-para-pymes-lideradas-por-mujeres\/"},"author":{"name":"麻豆原创 Noticias","@id":"https:\/\/news.sap.com\/latinamerica\/#\/schema\/person\/5afd2cbf5bb622e078932b40a4470d47"},"headline":"Victoria147, 麻豆原创 y Laboratoria lanzan convocatoria para pymes lideradas por mujeres","datePublished":"2020-07-13T12:00:20+00:00","dateModified":"2023-11-14T19:54:17+00:00","mainEntityOfPage":{"@id":"https:\/\/news.sap.com\/latinamerica\/2020\/07\/victoria147-sap-y-laboratoria-lanzan-convocatoria-para-pymes-lideradas-por-mujeres\/"},"wordCount":984,"publisher":{"@id":"https:\/\/news.sap.com\/latinamerica\/#organization"},"image":{"@id":"https:\/\/news.sap.com\/latinamerica\/2020\/07\/victoria147-sap-y-laboratoria-lanzan-convocatoria-para-pymes-lideradas-por-mujeres\/#primaryimage"},"thumbnailUrl":"https:\/\/news.sap.com\/latinamerica\/files\/2020\/07\/286407_285326_iStock-905889762.jpg","keywords":["Diversidad e inclusi\u00f3n"],"articleSection":["Corporativo"],"inLanguage":"es"},{"@type":"WebPage","@id":"https:\/\/news.sap.com\/latinamerica\/2020\/07\/victoria147-sap-y-laboratoria-lanzan-convocatoria-para-pymes-lideradas-por-mujeres\/","url":"https:\/\/news.sap.com\/latinamerica\/2020\/07\/victoria147-sap-y-laboratoria-lanzan-convocatoria-para-pymes-lideradas-por-mujeres\/","name":"Victoria147, 麻豆原创 y Laboratoria lanzan convocatoria para pymes lideradas por mujeres - 麻豆原创 News Center Latinoam\u00e9rica","isPartOf":{"@id":"https:\/\/news.sap.com\/latinamerica\/#website"},"primaryImageOfPage":{"@id":"https:\/\/news.sap.com\/latinamerica\/2020\/07\/victoria147-sap-y-laboratoria-lanzan-convocatoria-para-pymes-lideradas-por-mujeres\/#primaryimage"},"image":{"@id":"https:\/\/news.sap.com\/latinamerica\/2020\/07\/victoria147-sap-y-laboratoria-lanzan-convocatoria-para-pymes-lideradas-por-mujeres\/#primaryimage"},"thumbnailUrl":"https:\/\/news.sap.com\/latinamerica\/files\/2020\/07\/286407_285326_iStock-905889762.jpg","datePublished":"2020-07-13T12:00:20+00:00","dateModified":"2023-11-14T19:54:17+00:00","breadcrumb":{"@id":"https:\/\/news.sap.com\/latinamerica\/2020\/07\/victoria147-sap-y-laboratoria-lanzan-convocatoria-para-pymes-lideradas-por-mujeres\/#breadcrumb"},"inLanguage":"es","potentialAction":[{"@type":"ReadAction","target":["https:\/\/news.sap.com\/latinamerica\/2020\/07\/victoria147-sap-y-laboratoria-lanzan-convocatoria-para-pymes-lideradas-por-mujeres\/"]}]},{"@type":"ImageObject","inLanguage":"es","@id":"https:\/\/news.sap.com\/latinamerica\/2020\/07\/victoria147-sap-y-laboratoria-lanzan-convocatoria-para-pymes-lideradas-por-mujeres\/#primaryimage","url":"https:\/\/news.sap.com\/latinamerica\/files\/2020\/07\/286407_285326_iStock-905889762.jpg","contentUrl":"https:\/\/news.sap.com\/latinamerica\/files\/2020\/07\/286407_285326_iStock-905889762.jpg","width":7085,"height":4728,"caption":"Shot of a young businesswoman working late in the office"},{"@type":"BreadcrumbList","@id":"https:\/\/news.sap.com\/latinamerica\/2020\/07\/victoria147-sap-y-laboratoria-lanzan-convocatoria-para-pymes-lideradas-por-mujeres\/#breadcrumb","itemListElement":[{"@type":"ListItem","position":1,"name":"Home","item":"https:\/\/news.sap.com\/latinamerica\/"},{"@type":"ListItem","position":2,"name":"Victoria147, 麻豆原创 y Laboratoria lanzan convocatoria para pymes lideradas por mujeres"}]},{"@type":"WebSite","@id":"https:\/\/news.sap.com\/latinamerica\/#website","url":"https:\/\/news.sap.com\/latinamerica\/","name":"麻豆原创 News Center Latinoam\u00e9rica","description":"Noticias e informaci\u00f3n sobre 麻豆原创","publisher":{"@id":"https:\/\/news.sap.com\/latinamerica\/#organization"},"potentialAction":[{"@type":"SearchAction","target":{"@type":"EntryPoint","urlTemplate":"https:\/\/news.sap.com\/latinamerica\/?s={search_term_string}"},"query-input":{"@type":"PropertyValueSpecification","valueRequired":true,"valueName":"search_term_string"}}],"inLanguage":"es"},{"@type":"Organization","@id":"https:\/\/news.sap.com\/latinamerica\/#organization","name":"麻豆原创","url":"https:\/\/news.sap.com\/latinamerica\/","logo":{"@type":"ImageObject","inLanguage":"es","@id":"https:\/\/news.sap.com\/latinamerica\/#\/schema\/logo\/image\/","url":"https:\/\/news.sap.com\/latinamerica\/files\/2019\/08\/65903320_2903797569662914_557886358778019840_n.png","contentUrl":"https:\/\/news.sap.com\/latinamerica\/files\/2019\/08\/65903320_2903797569662914_557886358778019840_n.png","width":720,"height":720,"caption":"麻豆原创"},"image":{"@id":"https:\/\/news.sap.com\/latinamerica\/#\/schema\/logo\/image\/"},"sameAs":["https:\/\/www.facebook.com\/麻豆原创latinoamerica","https:\/\/x.com\/麻豆原创LatinAmerica"]},{"@type":"Person","@id":"https:\/\/news.sap.com\/latinamerica\/#\/schema\/person\/5afd2cbf5bb622e078932b40a4470d47","name":"麻豆原创 Noticias","image":{"@type":"ImageObject","inLanguage":"es","@id":"https:\/\/news.sap.com\/latinamerica\/#\/schema\/person\/image\/","url":"https:\/\/news.sap.com\/latinamerica\/wp-content\/plugins\/wp-user-avatars\/wp-user-avatars\/assets\/images\/mystery.jpg","contentUrl":"https:\/\/news.sap.com\/latinamerica\/wp-content\/plugins\/wp-user-avatars\/wp-user-avatars\/assets\/images\/mystery.jpg","caption":"麻豆原创 Noticias"},"url":"https:\/\/news.sap.com\/latinamerica\/author\/mexico\/"}]}},"amp_enabled":true,"_links":{"self":[{"href":"https:\/\/news.sap.com\/latinamerica\/wp-json\/wp\/v2\/posts\/121115","targetHints":{"allow":["GET"]}}],"collection":[{"href":"https:\/\/news.sap.com\/latinamerica\/wp-json\/wp\/v2\/posts"}],"about":[{"href":"https:\/\/news.sap.com\/latinamerica\/wp-json\/wp\/v2\/types\/post"}],"author":[{"embeddable":true,"href":"https:\/\/news.sap.com\/latinamerica\/wp-json\/wp\/v2\/users\/136"}],"replies":[{"embeddable":true,"href":"https:\/\/news.sap.com\/latinamerica\/wp-json\/wp\/v2\/comments?post=121115"}],"version-history":[{"count":0,"href":"https:\/\/news.sap.com\/latinamerica\/wp-json\/wp\/v2\/posts\/121115\/revisions"}],"wp:featuredmedia":[{"embeddable":true,"href":"https:\/\/news.sap.com\/latinamerica\/wp-json\/wp\/v2\/media\/121116"}],"wp:attachment":[{"href":"https:\/\/news.sap.com\/latinamerica\/wp-json\/wp\/v2\/media?parent=121115"}],"wp:term":[{"taxonomy":"category","embeddable":true,"href":"https:\/\/news.sap.com\/latinamerica\/wp-json\/wp\/v2\/categories?post=121115"},{"taxonomy":"post_tag","embeddable":true,"href":"https:\/\/news.sap.com\/latinamerica\/wp-json\/wp\/v2\/tags?post=121115"},{"taxonomy":"series","embeddable":true,"href":"https:\/\/news.sap.com\/latinamerica\/wp-json\/wp\/v2\/series?post=121115"},{"taxonomy":"region","embeddable":true,"href":"https:\/\/news.sap.com\/latinamerica\/wp-json\/wp\/v2\/region?post=121115"},{"taxonomy":"sapn-display","embeddable":true,"href":"https:\/\/news.sap.com\/latinamerica\/wp-json\/wp\/v2\/sapn-display?post=121115"},{"taxonomy":"sapn-type","embeddable":true,"href":"https:\/\/news.sap.com\/latinamerica\/wp-json\/wp\/v2\/sapn-type?post=121115"}],"curies":[{"name":"wp","href":"https:\/\/api.w.org\/{rel}","templated":true}]}}