  {"id":121088,"date":"2020-07-07T15:50:10","date_gmt":"2020-07-07T19:50:10","guid":{"rendered":"https:\/\/news.sap.com\/latinamerica\/?p=121088"},"modified":"2020-07-07T15:52:02","modified_gmt":"2020-07-07T19:52:02","slug":"la-tecnologia-aliada-clave-en-los-centros-de-trabajo-hacia-la-nueva-normalidad","status":"publish","type":"post","link":"https:\/\/news.sap.com\/latinamerica\/2020\/07\/la-tecnologia-aliada-clave-en-los-centros-de-trabajo-hacia-la-nueva-normalidad\/","title":{"rendered":"La tecnolog\u00eda, aliada clave en los centros de trabajo hacia la nueva normalidad"},"content":{"rendered":"<p><i><span style=\"font-weight: 400\">Por: Maricarmen Ballesteros, directora en M\u00e9xico de 麻豆原创 SuccessFactors y Human Experience Management<\/span><\/i><\/p>\n<p>&nbsp;<\/p>\n<p><span style=\"font-weight: 400\">A pesar de que el trabajo remoto se consolidar\u00e1 como una alternativa para muchas empresas, las oficinas seguir\u00e1n siendo clave para generar sinergias, coordinar equipos y compartir conocimiento. Pero, ante el regreso a una nueva normalidad, \u00bfque deben hacer las compa\u00f1\u00edas?<\/span><\/p>\n<p><span style=\"font-weight: 400\">En primera instancia, el bienestar y la salud de las personas tendr\u00e1 un peso a\u00fan m\u00e1s relevante, implicando una serie de ajustes estructurales con nuevas din\u00e1micas de relacionamiento y mayor seguridad en los espacios de trabajo.<\/span><\/p>\n<p><span style=\"font-weight: 400\">De hecho, la consultora <\/span><a href=\"https:\/\/www.ngkf.com.mx\/index.php\/es\/\"><span style=\"font-weight: 400\">Newmark Knight Frank (NKF)<\/span><\/a> <span style=\"font-weight: 400\">sugiere que, para mantener espacios de trabajo adecuados para la nueva realidad, se debe tener una ocupaci\u00f3n m\u00e1xima del 25%, siempre cuidando los protocolos de limpieza, acceso a colaboradores, visitantes y proveedores. Por otra parte, <\/span><span style=\"font-weight: 400\">el estudio <\/span><a href=\"https:\/\/www.cbre.com\/research-and-reports\/future-of-work\"><span style=\"font-weight: 400\">&#8220;Fast Forward 2030: El futuro del trabajo y del espacio&#8221;<\/span><\/a><span style=\"font-weight: 400\">,<\/span><span style=\"font-weight: 400\"> elaborado por <\/span><a href=\"http:\/\/www.cbreargentina.com\/\"><span style=\"font-weight: 400\">CBRE<\/span><\/a><span style=\"font-weight: 400\"> demuestra que de los profesionales que respondieron la encuesta, 85% antepone el bienestar y salud de sus colaboradores como tema prioritario para el mediano y largo plazo.\u00a0<\/span><\/p>\n<p><span style=\"font-weight: 400\">A medida que el pa\u00eds retoma paulatinamente sus actividades, los directores de las compa\u00f1\u00edas deben garantizar estrategias que prioricen el bienestar de sus colaboradores. El rol de la tecnolog\u00eda en este sentido es vital. Sin embargo, la realidad nos dice que <\/span><a href=\"https:\/\/home.kpmg\/content\/dam\/kpmg\/tw\/pdf\/2018\/11\/KPMG-Future-of-HR-survey-report-2019.pdf\"><span style=\"font-weight: 400\">65% de los directores de Recursos Humanos<\/span><\/a><span style=\"font-weight: 400\"> a nivel global no cuenta con un plan ejecutado de transformaci\u00f3n digital.\u00a0<\/span><\/p>\n<p><span style=\"font-weight: 400\">Ahora m\u00e1s que nunca debemos voltear a ver lo que nos ofrecen innovaciones <\/span><span style=\"font-weight: 400\">como la Inteligencia Artificial, <\/span><i><span style=\"font-weight: 400\">Big Data<\/span><\/i><span style=\"font-weight: 400\"> y otro tipo de tecnolog\u00edas para la prevenci\u00f3n en los espacios de trabajo y control de accesos tanto de nuestros colaboradores como nuestros clientes y proveedores. El an\u00e1lisis de datos en tiempo real<\/span><span style=\"font-weight: 400\"> ayudar\u00e1 a mantener el control de acceso y aforo de personas. Asimismo, estas soluciones<\/span><span style=\"font-weight: 400\"> permiten analizar y establecer por medio de un mapa t\u00e9rmico <\/span><span style=\"font-weight: 400\">la cantidad de personas que entran a un edificio, as\u00ed como enviar alertas en caso de que excedan el umbral de capacidad predefinidos.<\/span><\/p>\n<p><span style=\"font-weight: 400\">En los \u00faltimos meses, fui testigo de c\u00f3mo compa\u00f1\u00edas de diversos sectores como el financiero, o <\/span><i><span style=\"font-weight: 400\">retail<\/span><\/i><span style=\"font-weight: 400\"> adoptaron soluciones tecnol\u00f3gicas, que <\/span><span style=\"font-weight: 400\">m\u00e1s all\u00e1 de apoyar en la gesti\u00f3n operativa del \u00e1rea de Recursos Humanos, establecieron estrategias enfocadas en escuchar a sus colaboradores y brindar soluciones de bienestar emocional. Por otra parte, he visto empresas que han respondido oportunamente a la continuidad operativa, basadas en una estrategia tecnol\u00f3gica s\u00f3lida, permiti\u00e9ndoles reajustar m\u00e1s del 90% de su fuerza laboral de forma inmediata. Si el poder de la tecnolog\u00eda fue capaz de esto, podemos asegurar que el regreso a la nueva normalidad podr\u00e1 anteponer las prioridades que el contexto nos demanda.\u00a0<\/span><\/p>\n<p><span style=\"font-weight: 400\">La nueva normalidad nos exigir\u00e1 crear mejores formas de convivencia, donde los espacios de trabajo cambiar\u00e1n significativamente tanto en su organizaci\u00f3n como en la implementaci\u00f3n de tecnolog\u00edas.<\/span><span style=\"font-weight: 400\">\u00a0<\/span><\/p>\n<p>&nbsp;<\/p>\n","protected":false},"excerpt":{"rendered":"<p>Por: Maricarmen Ballesteros, directora en M\u00e9xico de 麻豆原创 SuccessFactors y Human Experience Management &nbsp; A pesar de que el trabajo remoto se consolidar\u00e1 como una&#8230;<\/p>\n","protected":false},"author":136,"featured_media":121089,"comment_status":"closed","ping_status":"closed","sticky":false,"template":"","format":"standard","meta":{"footnotes":"","_links_to":"","_links_to_target":""},"categories":[24297],"tags":[],"series":[],"region":[],"sapn-display":[52078],"sapn-type":[6114],"class_list":["post-121088","post","type-post","status-publish","format-standard","has-post-thumbnail","hentry","category-tecnologia","sapn-display-homepage-hero","sapn-type-articulo"],"yoast_head":"<!-- This site is optimized with the Yoast SEO Premium plugin v26.9 (Yoast SEO v26.9) - https:\/\/yoast.com\/product\/yoast-seo-premium-wordpress\/ -->\n<title>La tecnolog\u00eda, aliada clave en los centros de trabajo hacia la nueva normalidad - 麻豆原创 News Center Latinoam\u00e9rica<\/title>\n<meta name=\"robots\" content=\"index, follow, max-snippet:-1, max-image-preview:large, max-video-preview:-1\" \/>\n<link rel=\"canonical\" href=\"https:\/\/news.sap.com\/latinamerica\/2020\/07\/la-tecnologia-aliada-clave-en-los-centros-de-trabajo-hacia-la-nueva-normalidad\/\" \/>\n<meta property=\"og:locale\" content=\"es_MX\" \/>\n<meta property=\"og:type\" content=\"article\" \/>\n<meta property=\"og:title\" content=\"La tecnolog\u00eda, aliada clave en los centros de trabajo hacia la nueva normalidad\" \/>\n<meta property=\"og:description\" content=\"Por: Maricarmen Ballesteros, directora en M\u00e9xico de 麻豆原创 SuccessFactors y Human Experience Management &nbsp; A pesar de que el trabajo remoto se consolidar\u00e1 como una...\" \/>\n<meta property=\"og:url\" content=\"https:\/\/news.sap.com\/latinamerica\/2020\/07\/la-tecnologia-aliada-clave-en-los-centros-de-trabajo-hacia-la-nueva-normalidad\/\" \/>\n<meta property=\"og:site_name\" content=\"麻豆原创 News Center Latinoam\u00e9rica\" \/>\n<meta property=\"article:publisher\" content=\"https:\/\/www.facebook.com\/麻豆原创latinoamerica\" \/>\n<meta property=\"article:published_time\" content=\"2020-07-07T19:50:10+00:00\" \/>\n<meta property=\"article:modified_time\" content=\"2020-07-07T19:52:02+00:00\" \/>\n<meta property=\"og:image\" content=\"https:\/\/news.sap.com\/latinamerica\/files\/2020\/07\/Captura-de-pantalla-2020-07-07-a-las-14.45.21.png\" \/>\n\t<meta property=\"og:image:width\" content=\"1083\" \/>\n\t<meta property=\"og:image:height\" content=\"687\" \/>\n\t<meta property=\"og:image:type\" content=\"image\/png\" \/>\n<meta name=\"author\" content=\"麻豆原创 Noticias\" \/>\n<meta name=\"twitter:label1\" content=\"Escrito por\" \/>\n\t<meta name=\"twitter:data1\" content=\"麻豆原创 Noticias\" \/>\n\t<meta name=\"twitter:label2\" content=\"Tiempo de lectura\" \/>\n\t<meta name=\"twitter:data2\" content=\"2 minutos\" \/>\n<script type=\"application\/ld+json\" class=\"yoast-schema-graph\">{\"@context\":\"https:\/\/schema.org\",\"@graph\":[{\"@type\":\"Article\",\"@id\":\"https:\/\/news.sap.com\/latinamerica\/2020\/07\/la-tecnologia-aliada-clave-en-los-centros-de-trabajo-hacia-la-nueva-normalidad\/#article\",\"isPartOf\":{\"@id\":\"https:\/\/news.sap.com\/latinamerica\/2020\/07\/la-tecnologia-aliada-clave-en-los-centros-de-trabajo-hacia-la-nueva-normalidad\/\"},\"author\":{\"name\":\"麻豆原创 Noticias\",\"@id\":\"https:\/\/news.sap.com\/latinamerica\/#\/schema\/person\/5afd2cbf5bb622e078932b40a4470d47\"},\"headline\":\"La tecnolog\u00eda, aliada clave en los centros de trabajo hacia la nueva normalidad\",\"datePublished\":\"2020-07-07T19:50:10+00:00\",\"dateModified\":\"2020-07-07T19:52:02+00:00\",\"mainEntityOfPage\":{\"@id\":\"https:\/\/news.sap.com\/latinamerica\/2020\/07\/la-tecnologia-aliada-clave-en-los-centros-de-trabajo-hacia-la-nueva-normalidad\/\"},\"wordCount\":511,\"publisher\":{\"@id\":\"https:\/\/news.sap.com\/latinamerica\/#organization\"},\"image\":{\"@id\":\"https:\/\/news.sap.com\/latinamerica\/2020\/07\/la-tecnologia-aliada-clave-en-los-centros-de-trabajo-hacia-la-nueva-normalidad\/#primaryimage\"},\"thumbnailUrl\":\"https:\/\/news.sap.com\/latinamerica\/files\/2020\/07\/Captura-de-pantalla-2020-07-07-a-las-14.45.21.png\",\"articleSection\":[\"Tecnolog\u00eda\"],\"inLanguage\":\"es\"},{\"@type\":\"WebPage\",\"@id\":\"https:\/\/news.sap.com\/latinamerica\/2020\/07\/la-tecnologia-aliada-clave-en-los-centros-de-trabajo-hacia-la-nueva-normalidad\/\",\"url\":\"https:\/\/news.sap.com\/latinamerica\/2020\/07\/la-tecnologia-aliada-clave-en-los-centros-de-trabajo-hacia-la-nueva-normalidad\/\",\"name\":\"La tecnolog\u00eda, aliada clave en los centros de trabajo hacia la nueva normalidad - 麻豆原创 News Center Latinoam\u00e9rica\",\"isPartOf\":{\"@id\":\"https:\/\/news.sap.com\/latinamerica\/#website\"},\"primaryImageOfPage\":{\"@id\":\"https:\/\/news.sap.com\/latinamerica\/2020\/07\/la-tecnologia-aliada-clave-en-los-centros-de-trabajo-hacia-la-nueva-normalidad\/#primaryimage\"},\"image\":{\"@id\":\"https:\/\/news.sap.com\/latinamerica\/2020\/07\/la-tecnologia-aliada-clave-en-los-centros-de-trabajo-hacia-la-nueva-normalidad\/#primaryimage\"},\"thumbnailUrl\":\"https:\/\/news.sap.com\/latinamerica\/files\/2020\/07\/Captura-de-pantalla-2020-07-07-a-las-14.45.21.png\",\"datePublished\":\"2020-07-07T19:50:10+00:00\",\"dateModified\":\"2020-07-07T19:52:02+00:00\",\"breadcrumb\":{\"@id\":\"https:\/\/news.sap.com\/latinamerica\/2020\/07\/la-tecnologia-aliada-clave-en-los-centros-de-trabajo-hacia-la-nueva-normalidad\/#breadcrumb\"},\"inLanguage\":\"es\",\"potentialAction\":[{\"@type\":\"ReadAction\",\"target\":[\"https:\/\/news.sap.com\/latinamerica\/2020\/07\/la-tecnologia-aliada-clave-en-los-centros-de-trabajo-hacia-la-nueva-normalidad\/\"]}]},{\"@type\":\"ImageObject\",\"inLanguage\":\"es\",\"@id\":\"https:\/\/news.sap.com\/latinamerica\/2020\/07\/la-tecnologia-aliada-clave-en-los-centros-de-trabajo-hacia-la-nueva-normalidad\/#primaryimage\",\"url\":\"https:\/\/news.sap.com\/latinamerica\/files\/2020\/07\/Captura-de-pantalla-2020-07-07-a-las-14.45.21.png\",\"contentUrl\":\"https:\/\/news.sap.com\/latinamerica\/files\/2020\/07\/Captura-de-pantalla-2020-07-07-a-las-14.45.21.png\",\"width\":1083,\"height\":687},{\"@type\":\"BreadcrumbList\",\"@id\":\"https:\/\/news.sap.com\/latinamerica\/2020\/07\/la-tecnologia-aliada-clave-en-los-centros-de-trabajo-hacia-la-nueva-normalidad\/#breadcrumb\",\"itemListElement\":[{\"@type\":\"ListItem\",\"position\":1,\"name\":\"Home\",\"item\":\"https:\/\/news.sap.com\/latinamerica\/\"},{\"@type\":\"ListItem\",\"position\":2,\"name\":\"La tecnolog\u00eda, aliada clave en los centros de trabajo hacia la nueva normalidad\"}]},{\"@type\":\"WebSite\",\"@id\":\"https:\/\/news.sap.com\/latinamerica\/#website\",\"url\":\"https:\/\/news.sap.com\/latinamerica\/\",\"name\":\"麻豆原创 News Center Latinoam\u00e9rica\",\"description\":\"Noticias e informaci\u00f3n sobre 麻豆原创\",\"publisher\":{\"@id\":\"https:\/\/news.sap.com\/latinamerica\/#organization\"},\"potentialAction\":[{\"@type\":\"SearchAction\",\"target\":{\"@type\":\"EntryPoint\",\"urlTemplate\":\"https:\/\/news.sap.com\/latinamerica\/?s={search_term_string}\"},\"query-input\":{\"@type\":\"PropertyValueSpecification\",\"valueRequired\":true,\"valueName\":\"search_term_string\"}}],\"inLanguage\":\"es\"},{\"@type\":\"Organization\",\"@id\":\"https:\/\/news.sap.com\/latinamerica\/#organization\",\"name\":\"麻豆原创\",\"url\":\"https:\/\/news.sap.com\/latinamerica\/\",\"logo\":{\"@type\":\"ImageObject\",\"inLanguage\":\"es\",\"@id\":\"https:\/\/news.sap.com\/latinamerica\/#\/schema\/logo\/image\/\",\"url\":\"https:\/\/news.sap.com\/latinamerica\/files\/2019\/08\/65903320_2903797569662914_557886358778019840_n.png\",\"contentUrl\":\"https:\/\/news.sap.com\/latinamerica\/files\/2019\/08\/65903320_2903797569662914_557886358778019840_n.png\",\"width\":720,\"height\":720,\"caption\":\"麻豆原创\"},\"image\":{\"@id\":\"https:\/\/news.sap.com\/latinamerica\/#\/schema\/logo\/image\/\"},\"sameAs\":[\"https:\/\/www.facebook.com\/麻豆原创latinoamerica\",\"https:\/\/x.com\/麻豆原创LatinAmerica\"]},{\"@type\":\"Person\",\"@id\":\"https:\/\/news.sap.com\/latinamerica\/#\/schema\/person\/5afd2cbf5bb622e078932b40a4470d47\",\"name\":\"麻豆原创 Noticias\",\"image\":{\"@type\":\"ImageObject\",\"inLanguage\":\"es\",\"@id\":\"https:\/\/news.sap.com\/latinamerica\/#\/schema\/person\/image\/\",\"url\":\"https:\/\/news.sap.com\/latinamerica\/wp-content\/plugins\/wp-user-avatars\/wp-user-avatars\/assets\/images\/mystery.jpg\",\"contentUrl\":\"https:\/\/news.sap.com\/latinamerica\/wp-content\/plugins\/wp-user-avatars\/wp-user-avatars\/assets\/images\/mystery.jpg\",\"caption\":\"麻豆原创 Noticias\"},\"url\":\"https:\/\/news.sap.com\/latinamerica\/author\/mexico\/\"}]}<\/script>\n<!-- \/ Yoast SEO Premium plugin. -->","yoast_head_json":{"title":"La tecnolog\u00eda, aliada clave en los centros de trabajo hacia la nueva normalidad - 麻豆原创 News Center Latinoam\u00e9rica","robots":{"index":"index","follow":"follow","max-snippet":"max-snippet:-1","max-image-preview":"max-image-preview:large","max-video-preview":"max-video-preview:-1"},"canonical":"https:\/\/news.sap.com\/latinamerica\/2020\/07\/la-tecnologia-aliada-clave-en-los-centros-de-trabajo-hacia-la-nueva-normalidad\/","og_locale":"es_MX","og_type":"article","og_title":"La tecnolog\u00eda, aliada clave en los centros de trabajo hacia la nueva normalidad","og_description":"Por: Maricarmen Ballesteros, directora en M\u00e9xico de 麻豆原创 SuccessFactors y Human Experience Management &nbsp; A pesar de que el trabajo remoto se consolidar\u00e1 como una...","og_url":"https:\/\/news.sap.com\/latinamerica\/2020\/07\/la-tecnologia-aliada-clave-en-los-centros-de-trabajo-hacia-la-nueva-normalidad\/","og_site_name":"麻豆原创 News Center Latinoam\u00e9rica","article_publisher":"https:\/\/www.facebook.com\/麻豆原创latinoamerica","article_published_time":"2020-07-07T19:50:10+00:00","article_modified_time":"2020-07-07T19:52:02+00:00","og_image":[{"width":1083,"height":687,"url":"https:\/\/news.sap.com\/latinamerica\/files\/2020\/07\/Captura-de-pantalla-2020-07-07-a-las-14.45.21.png","type":"image\/png"}],"author":"麻豆原创 Noticias","twitter_misc":{"Escrito por":"麻豆原创 Noticias","Tiempo de lectura":"2 minutos"},"schema":{"@context":"https:\/\/schema.org","@graph":[{"@type":"Article","@id":"https:\/\/news.sap.com\/latinamerica\/2020\/07\/la-tecnologia-aliada-clave-en-los-centros-de-trabajo-hacia-la-nueva-normalidad\/#article","isPartOf":{"@id":"https:\/\/news.sap.com\/latinamerica\/2020\/07\/la-tecnologia-aliada-clave-en-los-centros-de-trabajo-hacia-la-nueva-normalidad\/"},"author":{"name":"麻豆原创 Noticias","@id":"https:\/\/news.sap.com\/latinamerica\/#\/schema\/person\/5afd2cbf5bb622e078932b40a4470d47"},"headline":"La tecnolog\u00eda, aliada clave en los centros de trabajo hacia la nueva normalidad","datePublished":"2020-07-07T19:50:10+00:00","dateModified":"2020-07-07T19:52:02+00:00","mainEntityOfPage":{"@id":"https:\/\/news.sap.com\/latinamerica\/2020\/07\/la-tecnologia-aliada-clave-en-los-centros-de-trabajo-hacia-la-nueva-normalidad\/"},"wordCount":511,"publisher":{"@id":"https:\/\/news.sap.com\/latinamerica\/#organization"},"image":{"@id":"https:\/\/news.sap.com\/latinamerica\/2020\/07\/la-tecnologia-aliada-clave-en-los-centros-de-trabajo-hacia-la-nueva-normalidad\/#primaryimage"},"thumbnailUrl":"https:\/\/news.sap.com\/latinamerica\/files\/2020\/07\/Captura-de-pantalla-2020-07-07-a-las-14.45.21.png","articleSection":["Tecnolog\u00eda"],"inLanguage":"es"},{"@type":"WebPage","@id":"https:\/\/news.sap.com\/latinamerica\/2020\/07\/la-tecnologia-aliada-clave-en-los-centros-de-trabajo-hacia-la-nueva-normalidad\/","url":"https:\/\/news.sap.com\/latinamerica\/2020\/07\/la-tecnologia-aliada-clave-en-los-centros-de-trabajo-hacia-la-nueva-normalidad\/","name":"La tecnolog\u00eda, aliada clave en los centros de trabajo hacia la nueva normalidad - 麻豆原创 News Center Latinoam\u00e9rica","isPartOf":{"@id":"https:\/\/news.sap.com\/latinamerica\/#website"},"primaryImageOfPage":{"@id":"https:\/\/news.sap.com\/latinamerica\/2020\/07\/la-tecnologia-aliada-clave-en-los-centros-de-trabajo-hacia-la-nueva-normalidad\/#primaryimage"},"image":{"@id":"https:\/\/news.sap.com\/latinamerica\/2020\/07\/la-tecnologia-aliada-clave-en-los-centros-de-trabajo-hacia-la-nueva-normalidad\/#primaryimage"},"thumbnailUrl":"https:\/\/news.sap.com\/latinamerica\/files\/2020\/07\/Captura-de-pantalla-2020-07-07-a-las-14.45.21.png","datePublished":"2020-07-07T19:50:10+00:00","dateModified":"2020-07-07T19:52:02+00:00","breadcrumb":{"@id":"https:\/\/news.sap.com\/latinamerica\/2020\/07\/la-tecnologia-aliada-clave-en-los-centros-de-trabajo-hacia-la-nueva-normalidad\/#breadcrumb"},"inLanguage":"es","potentialAction":[{"@type":"ReadAction","target":["https:\/\/news.sap.com\/latinamerica\/2020\/07\/la-tecnologia-aliada-clave-en-los-centros-de-trabajo-hacia-la-nueva-normalidad\/"]}]},{"@type":"ImageObject","inLanguage":"es","@id":"https:\/\/news.sap.com\/latinamerica\/2020\/07\/la-tecnologia-aliada-clave-en-los-centros-de-trabajo-hacia-la-nueva-normalidad\/#primaryimage","url":"https:\/\/news.sap.com\/latinamerica\/files\/2020\/07\/Captura-de-pantalla-2020-07-07-a-las-14.45.21.png","contentUrl":"https:\/\/news.sap.com\/latinamerica\/files\/2020\/07\/Captura-de-pantalla-2020-07-07-a-las-14.45.21.png","width":1083,"height":687},{"@type":"BreadcrumbList","@id":"https:\/\/news.sap.com\/latinamerica\/2020\/07\/la-tecnologia-aliada-clave-en-los-centros-de-trabajo-hacia-la-nueva-normalidad\/#breadcrumb","itemListElement":[{"@type":"ListItem","position":1,"name":"Home","item":"https:\/\/news.sap.com\/latinamerica\/"},{"@type":"ListItem","position":2,"name":"La tecnolog\u00eda, aliada clave en los centros de trabajo hacia la nueva normalidad"}]},{"@type":"WebSite","@id":"https:\/\/news.sap.com\/latinamerica\/#website","url":"https:\/\/news.sap.com\/latinamerica\/","name":"麻豆原创 News Center Latinoam\u00e9rica","description":"Noticias e informaci\u00f3n sobre 麻豆原创","publisher":{"@id":"https:\/\/news.sap.com\/latinamerica\/#organization"},"potentialAction":[{"@type":"SearchAction","target":{"@type":"EntryPoint","urlTemplate":"https:\/\/news.sap.com\/latinamerica\/?s={search_term_string}"},"query-input":{"@type":"PropertyValueSpecification","valueRequired":true,"valueName":"search_term_string"}}],"inLanguage":"es"},{"@type":"Organization","@id":"https:\/\/news.sap.com\/latinamerica\/#organization","name":"麻豆原创","url":"https:\/\/news.sap.com\/latinamerica\/","logo":{"@type":"ImageObject","inLanguage":"es","@id":"https:\/\/news.sap.com\/latinamerica\/#\/schema\/logo\/image\/","url":"https:\/\/news.sap.com\/latinamerica\/files\/2019\/08\/65903320_2903797569662914_557886358778019840_n.png","contentUrl":"https:\/\/news.sap.com\/latinamerica\/files\/2019\/08\/65903320_2903797569662914_557886358778019840_n.png","width":720,"height":720,"caption":"麻豆原创"},"image":{"@id":"https:\/\/news.sap.com\/latinamerica\/#\/schema\/logo\/image\/"},"sameAs":["https:\/\/www.facebook.com\/麻豆原创latinoamerica","https:\/\/x.com\/麻豆原创LatinAmerica"]},{"@type":"Person","@id":"https:\/\/news.sap.com\/latinamerica\/#\/schema\/person\/5afd2cbf5bb622e078932b40a4470d47","name":"麻豆原创 Noticias","image":{"@type":"ImageObject","inLanguage":"es","@id":"https:\/\/news.sap.com\/latinamerica\/#\/schema\/person\/image\/","url":"https:\/\/news.sap.com\/latinamerica\/wp-content\/plugins\/wp-user-avatars\/wp-user-avatars\/assets\/images\/mystery.jpg","contentUrl":"https:\/\/news.sap.com\/latinamerica\/wp-content\/plugins\/wp-user-avatars\/wp-user-avatars\/assets\/images\/mystery.jpg","caption":"麻豆原创 Noticias"},"url":"https:\/\/news.sap.com\/latinamerica\/author\/mexico\/"}]}},"amp_enabled":true,"_links":{"self":[{"href":"https:\/\/news.sap.com\/latinamerica\/wp-json\/wp\/v2\/posts\/121088","targetHints":{"allow":["GET"]}}],"collection":[{"href":"https:\/\/news.sap.com\/latinamerica\/wp-json\/wp\/v2\/posts"}],"about":[{"href":"https:\/\/news.sap.com\/latinamerica\/wp-json\/wp\/v2\/types\/post"}],"author":[{"embeddable":true,"href":"https:\/\/news.sap.com\/latinamerica\/wp-json\/wp\/v2\/users\/136"}],"replies":[{"embeddable":true,"href":"https:\/\/news.sap.com\/latinamerica\/wp-json\/wp\/v2\/comments?post=121088"}],"version-history":[{"count":0,"href":"https:\/\/news.sap.com\/latinamerica\/wp-json\/wp\/v2\/posts\/121088\/revisions"}],"wp:featuredmedia":[{"embeddable":true,"href":"https:\/\/news.sap.com\/latinamerica\/wp-json\/wp\/v2\/media\/121089"}],"wp:attachment":[{"href":"https:\/\/news.sap.com\/latinamerica\/wp-json\/wp\/v2\/media?parent=121088"}],"wp:term":[{"taxonomy":"category","embeddable":true,"href":"https:\/\/news.sap.com\/latinamerica\/wp-json\/wp\/v2\/categories?post=121088"},{"taxonomy":"post_tag","embeddable":true,"href":"https:\/\/news.sap.com\/latinamerica\/wp-json\/wp\/v2\/tags?post=121088"},{"taxonomy":"series","embeddable":true,"href":"https:\/\/news.sap.com\/latinamerica\/wp-json\/wp\/v2\/series?post=121088"},{"taxonomy":"region","embeddable":true,"href":"https:\/\/news.sap.com\/latinamerica\/wp-json\/wp\/v2\/region?post=121088"},{"taxonomy":"sapn-display","embeddable":true,"href":"https:\/\/news.sap.com\/latinamerica\/wp-json\/wp\/v2\/sapn-display?post=121088"},{"taxonomy":"sapn-type","embeddable":true,"href":"https:\/\/news.sap.com\/latinamerica\/wp-json\/wp\/v2\/sapn-type?post=121088"}],"curies":[{"name":"wp","href":"https:\/\/api.w.org\/{rel}","templated":true}]}}