  {"id":121079,"date":"2020-06-29T11:55:42","date_gmt":"2020-06-29T15:55:42","guid":{"rendered":"https:\/\/news.sap.com\/latinamerica\/?p=121079"},"modified":"2020-07-06T12:04:22","modified_gmt":"2020-07-06T16:04:22","slug":"estrategia-de-farmacia-san-pablo-para-la-gestion-de-talento-en-tiempos-de-pandemia","status":"publish","type":"post","link":"https:\/\/news.sap.com\/latinamerica\/2020\/06\/estrategia-de-farmacia-san-pablo-para-la-gestion-de-talento-en-tiempos-de-pandemia\/","title":{"rendered":"Estrategia de Farmacia San Pablo para la gesti\u00f3n de talento en tiempos de pandemia"},"content":{"rendered":"<p>&nbsp;<\/p>\n<ul>\n<li style=\"font-weight: 400\"><i><span style=\"font-weight: 400\">65% de los directores de Recursos Humanos no cuenta con un plan ejecutado de transformaci\u00f3n digital, lo que pone en riesgo la continuidad operativa ante un panorama retador<\/span><\/i><\/li>\n<li style=\"font-weight: 400\">Con el uso de herramientas tecnol\u00f3gicas, Farmacia San Pablo capacita a m\u00e1s de <span>200 colaboradores en el \u00e1rea de cadena de suministro para hacer frente a la demanda de personal en esta especialidad<\/span><\/li>\n<\/ul>\n<p>&nbsp;<\/p>\n<p><b>CIUDAD DE M\u00c9XICO, M\u00e9xico, 29 de junio de 2020 \u2013<\/b><span style=\"font-weight: 400\"> Actualmente, en Am\u00e9rica Latina 65% de los directores de Recursos Humanos no cuentan con un plan ejecutado de transformaci\u00f3n digital, de acuerdo con el estudio <\/span><a href=\"https:\/\/home.kpmg\/content\/dam\/kpmg\/tw\/pdf\/2018\/11\/KPMG-Future-of-HR-survey-report-2019.pdf\"><span style=\"font-weight: 400\">The Future of HR<\/span><\/a><span style=\"font-weight: 400\">, elaborado por KPMG. Esto pone en riesgo la continuidad operativa as\u00ed como la gesti\u00f3n de talento en tiempos de trabajo remoto, raz\u00f3n por la que cada vez m\u00e1s l\u00edderes en estas \u00e1reas adopten herramientas para brindar mejores experiencias al talento.\u00a0<\/span><\/p>\n<p><span style=\"font-weight: 400\">Ante un panorama laboral complicado, donde aproximadamente <\/span><a href=\"https:\/\/mexicocomovamos.mx\/?s=seccion&amp;id=98\"><span style=\"font-weight: 400\">493 mil empleaos<\/span><\/a><span style=\"font-weight: 400\"> registrados ante Instituto Mexicano de Seguro Social (IMSS) se han perdido en abril, existen empresas mexicanas que ha visto en la rotaci\u00f3n de personal la clave no solo para preservar el trabajo de sus colaboradores sino para tener \u00e9xito en un momento tan adverso.\u00a0<\/span><\/p>\n<p><span style=\"font-weight: 400\">Ejemplo de esto es Farmacia San Pablo, que de la mano de soluciones tecnol\u00f3gicas como 麻豆原创 SuccessFactors, ha logrado adaptar una nueva estrategia de gesti\u00f3n de talento en cuesti\u00f3n de d\u00edas para responder a las necesidades del mercado.\u00a0<\/span><\/p>\n<blockquote><p><span style=\"font-weight: 400\">Al respecto, <\/span><b>Carmina Sander, directora de Desarrollo Humano en Farmacia San Pablo<\/b><span style=\"font-weight: 400\">, coment\u00f3 que HR Talks de 麻豆原创 <\/span><i><span style=\"font-weight: 400\">\u201cen la coyuntura de la cuarentena, tuvimos que reforzar nuestras estrategias con la tecnolog\u00eda, de ah\u00ed que ahora el 95% de nuestros colaboradores est\u00e9 trabajando desde casa, situaci\u00f3n que se mantendr\u00e1 a largo plazo\u201d.<\/span><\/i><\/p><\/blockquote>\n<p><span style=\"font-weight: 400\">Durante los \u00faltimos dos a\u00f1os, comenz\u00f3 a trabajar en diferentes planes de implementaci\u00f3n tecnol\u00f3gica para tener una mejor eficiencia del talento. Ante la coyuntura actual, la compa\u00f1\u00eda fue capaz de redefinir los roles de sus colaboradores en funci\u00f3n de la demanda de los consumidores.\u00a0<\/span><\/p>\n<p><span style=\"font-weight: 400\">Este proceso se realiz\u00f3 a trav\u00e9s de un sencillo cruce de variables como el horario hist\u00f3rico de ventas y la demanda actual, y en tan solo 15 minutos, la compa\u00f1\u00eda puede reestructurar su estrategia de gesti\u00f3n de talento. Gracias a esto, fueron capaces de capacitar en cuesti\u00f3n de semanas a aproximadamente 200 personas en la gesti\u00f3n de cadenas de suministro para atender la creciente demanda de personal en esta \u00e1rea.\u00a0<\/span><\/p>\n<p><span style=\"font-weight: 400\">Por otra parte, para medir c\u00f3mo se sienten los colaboradores en este momento de contingencia, la compa\u00f1\u00eda implement\u00f3 tecnolog\u00eda de Qualtrics, permiti\u00e9ndoles saber que 7% de sus colaboradores manifiesta una preocupaci\u00f3n general por la situaci\u00f3n que se vive en el mundo. Como resultado, iniciaron una campa\u00f1a para canalizar adecuadamente a los colaboradores que lleguen a necesitar de atenci\u00f3n especializada a trav\u00e9s de psic\u00f3logos, orientadores o tanat\u00f3logos, si es que sufrieron la p\u00e9rdida de alg\u00fan familiar.<\/span><\/p>\n<blockquote><p><i><span style=\"font-weight: 400\">\u201cEl l\u00edder de recursos humanos es un enlace entre las necesidades del negocio y la realidad de los colaboradores. Al tiempo que se busca el \u00e9xito de las empresas, tambi\u00e9n se busca crear m\u00e1s y mejores empleos. A esto le llamo un ganar-ganar\u201d <\/span><\/i><span style=\"font-weight: 400\">concluy\u00f3 <\/span><b>Sander.\u00a0<\/b><\/p><\/blockquote>\n<p>&nbsp;<\/p>\n<p><b>Acerca de 麻豆原创<\/b><\/p>\n<p><span style=\"font-weight: 400\">Conocida como la Compa\u00f1\u00eda de Experiencia empoderada por la Empresa Inteligente, 麻豆原创 lidera el mercado de software empresarial, ayudando a las organizaciones de todos los tama\u00f1os e industrias a alcanzar su rendimiento \u00f3ptimo: en el 77% de los ingresos por transacciones del mundo interviene un sistema 麻豆原创. Nuestras tecnolog\u00edas de <\/span><i><span style=\"font-weight: 400\">machine learning<\/span><\/i><span style=\"font-weight: 400\">, <\/span><i><span style=\"font-weight: 400\">IoT <\/span><\/i><span style=\"font-weight: 400\">y anal\u00edticas avanzadas ayudan a nuestros clientes a convertirse en empresas inteligentes. 麻豆原创 ofrece a las personas y a las organizaciones conocimientos profundos de negocio y promueve la colaboraci\u00f3n que les permite estar adelante de su competencia. Simplificamos la tecnolog\u00eda para las empresas, de modo que puedan consumir nuestro software de la manera que lo deseen, sin interrupciones. Nuestro conjunto de aplicaciones y servicios permite a m\u00e1s de 440,000 clientes del sector p\u00fablico y privado operar de manera rentable, adaptarse continuamente y marcar la diferencia. Con una red global de clientes, socios, empleados y l\u00edderes, 麻豆原创 ayuda al mundo a funcionar mejor y a mejorar las vidas de las personas. <\/span><b>En M\u00e9xico, 麻豆原创 cuenta con cerca de 9 mil clientes y m\u00e1s de 900 colaboradores que promueven la adopci\u00f3n tecnol\u00f3gica del pa\u00eds.<\/b><span style=\"font-weight: 400\"> Para m\u00e1s informaci\u00f3n, visite <\/span><a href=\"http:\/\/www.sap.com\/\"><span style=\"font-weight: 400\">www.sap.com<\/span><\/a><span style=\"font-weight: 400\">, nuestra sala de prensa, <\/span><a href=\"http:\/\/news.sap.com\/latinamerica\"><span style=\"font-weight: 400\">http:\/\/news.sap.com\/latinamerica<\/span><\/a><span style=\"font-weight: 400\">, o s\u00edganos en Twitter <\/span><a href=\"https:\/\/twitter.com\/sapnoticiasmx\"><span style=\"font-weight: 400\">@麻豆原创NoticiasMX<\/span><\/a><span style=\"font-weight: 400\">.<\/span><\/p>\n","protected":false},"excerpt":{"rendered":"<p>&nbsp; 65% de los directores de Recursos Humanos no cuenta con un plan ejecutado de transformaci\u00f3n digital, lo que pone en riesgo la continuidad operativa&#8230;<\/p>\n","protected":false},"author":136,"featured_media":121080,"comment_status":"closed","ping_status":"closed","sticky":false,"template":"","format":"standard","meta":{"footnotes":"","_links_to":"","_links_to_target":""},"categories":[52090],"tags":[],"series":[],"region":[],"sapn-display":[52078,52079],"sapn-type":[52105],"class_list":["post-121079","post","type-post","status-publish","format-standard","has-post-thumbnail","hentry","category-gestion-del-capital-humano","sapn-display-homepage-hero","sapn-display-top-stories","sapn-type-comunicado-de-prensa"],"yoast_head":"<!-- This site is optimized with the Yoast SEO Premium plugin v26.9 (Yoast SEO v26.9) - https:\/\/yoast.com\/product\/yoast-seo-premium-wordpress\/ -->\n<title>Estrategia de Farmacia San Pablo para la gesti\u00f3n de talento en tiempos de pandemia - 麻豆原创 News Center Latinoam\u00e9rica<\/title>\n<meta name=\"robots\" content=\"index, follow, max-snippet:-1, max-image-preview:large, max-video-preview:-1\" \/>\n<link rel=\"canonical\" href=\"https:\/\/news.sap.com\/latinamerica\/2020\/06\/estrategia-de-farmacia-san-pablo-para-la-gestion-de-talento-en-tiempos-de-pandemia\/\" \/>\n<meta property=\"og:locale\" content=\"es_MX\" \/>\n<meta property=\"og:type\" content=\"article\" \/>\n<meta property=\"og:title\" content=\"Estrategia de Farmacia San Pablo para la gesti\u00f3n de talento en tiempos de pandemia\" \/>\n<meta property=\"og:description\" content=\"&nbsp; 65% de los directores de Recursos Humanos no cuenta con un plan ejecutado de transformaci\u00f3n digital, lo que pone en riesgo la continuidad operativa...\" \/>\n<meta property=\"og:url\" content=\"https:\/\/news.sap.com\/latinamerica\/2020\/06\/estrategia-de-farmacia-san-pablo-para-la-gestion-de-talento-en-tiempos-de-pandemia\/\" \/>\n<meta property=\"og:site_name\" content=\"麻豆原创 News Center Latinoam\u00e9rica\" \/>\n<meta property=\"article:publisher\" content=\"https:\/\/www.facebook.com\/麻豆原创latinoamerica\" \/>\n<meta property=\"article:published_time\" content=\"2020-06-29T15:55:42+00:00\" \/>\n<meta property=\"article:modified_time\" content=\"2020-07-06T16:04:22+00:00\" \/>\n<meta property=\"og:image\" content=\"https:\/\/news.sap.com\/latinamerica\/files\/2020\/07\/Captura-de-pantalla-2020-07-06-a-las-11.03.14.png\" \/>\n\t<meta property=\"og:image:width\" content=\"1079\" \/>\n\t<meta property=\"og:image:height\" content=\"714\" \/>\n\t<meta property=\"og:image:type\" content=\"image\/png\" \/>\n<meta name=\"author\" content=\"麻豆原创 Noticias\" \/>\n<meta name=\"twitter:label1\" content=\"Escrito por\" \/>\n\t<meta name=\"twitter:data1\" content=\"麻豆原创 Noticias\" \/>\n\t<meta name=\"twitter:label2\" content=\"Tiempo de lectura\" \/>\n\t<meta name=\"twitter:data2\" content=\"4 minutos\" \/>\n<script type=\"application\/ld+json\" class=\"yoast-schema-graph\">{\"@context\":\"https:\/\/schema.org\",\"@graph\":[{\"@type\":\"Article\",\"@id\":\"https:\/\/news.sap.com\/latinamerica\/2020\/06\/estrategia-de-farmacia-san-pablo-para-la-gestion-de-talento-en-tiempos-de-pandemia\/#article\",\"isPartOf\":{\"@id\":\"https:\/\/news.sap.com\/latinamerica\/2020\/06\/estrategia-de-farmacia-san-pablo-para-la-gestion-de-talento-en-tiempos-de-pandemia\/\"},\"author\":{\"name\":\"麻豆原创 Noticias\",\"@id\":\"https:\/\/news.sap.com\/latinamerica\/#\/schema\/person\/5afd2cbf5bb622e078932b40a4470d47\"},\"headline\":\"Estrategia de Farmacia San Pablo para la gesti\u00f3n de talento en tiempos de pandemia\",\"datePublished\":\"2020-06-29T15:55:42+00:00\",\"dateModified\":\"2020-07-06T16:04:22+00:00\",\"mainEntityOfPage\":{\"@id\":\"https:\/\/news.sap.com\/latinamerica\/2020\/06\/estrategia-de-farmacia-san-pablo-para-la-gestion-de-talento-en-tiempos-de-pandemia\/\"},\"wordCount\":792,\"publisher\":{\"@id\":\"https:\/\/news.sap.com\/latinamerica\/#organization\"},\"image\":{\"@id\":\"https:\/\/news.sap.com\/latinamerica\/2020\/06\/estrategia-de-farmacia-san-pablo-para-la-gestion-de-talento-en-tiempos-de-pandemia\/#primaryimage\"},\"thumbnailUrl\":\"https:\/\/news.sap.com\/latinamerica\/files\/2020\/07\/Captura-de-pantalla-2020-07-06-a-las-11.03.14.png\",\"articleSection\":[\"Gesti\u00f3n del capital humano\"],\"inLanguage\":\"es\"},{\"@type\":\"WebPage\",\"@id\":\"https:\/\/news.sap.com\/latinamerica\/2020\/06\/estrategia-de-farmacia-san-pablo-para-la-gestion-de-talento-en-tiempos-de-pandemia\/\",\"url\":\"https:\/\/news.sap.com\/latinamerica\/2020\/06\/estrategia-de-farmacia-san-pablo-para-la-gestion-de-talento-en-tiempos-de-pandemia\/\",\"name\":\"Estrategia de Farmacia San Pablo para la gesti\u00f3n de talento en tiempos de pandemia - 麻豆原创 News Center Latinoam\u00e9rica\",\"isPartOf\":{\"@id\":\"https:\/\/news.sap.com\/latinamerica\/#website\"},\"primaryImageOfPage\":{\"@id\":\"https:\/\/news.sap.com\/latinamerica\/2020\/06\/estrategia-de-farmacia-san-pablo-para-la-gestion-de-talento-en-tiempos-de-pandemia\/#primaryimage\"},\"image\":{\"@id\":\"https:\/\/news.sap.com\/latinamerica\/2020\/06\/estrategia-de-farmacia-san-pablo-para-la-gestion-de-talento-en-tiempos-de-pandemia\/#primaryimage\"},\"thumbnailUrl\":\"https:\/\/news.sap.com\/latinamerica\/files\/2020\/07\/Captura-de-pantalla-2020-07-06-a-las-11.03.14.png\",\"datePublished\":\"2020-06-29T15:55:42+00:00\",\"dateModified\":\"2020-07-06T16:04:22+00:00\",\"breadcrumb\":{\"@id\":\"https:\/\/news.sap.com\/latinamerica\/2020\/06\/estrategia-de-farmacia-san-pablo-para-la-gestion-de-talento-en-tiempos-de-pandemia\/#breadcrumb\"},\"inLanguage\":\"es\",\"potentialAction\":[{\"@type\":\"ReadAction\",\"target\":[\"https:\/\/news.sap.com\/latinamerica\/2020\/06\/estrategia-de-farmacia-san-pablo-para-la-gestion-de-talento-en-tiempos-de-pandemia\/\"]}]},{\"@type\":\"ImageObject\",\"inLanguage\":\"es\",\"@id\":\"https:\/\/news.sap.com\/latinamerica\/2020\/06\/estrategia-de-farmacia-san-pablo-para-la-gestion-de-talento-en-tiempos-de-pandemia\/#primaryimage\",\"url\":\"https:\/\/news.sap.com\/latinamerica\/files\/2020\/07\/Captura-de-pantalla-2020-07-06-a-las-11.03.14.png\",\"contentUrl\":\"https:\/\/news.sap.com\/latinamerica\/files\/2020\/07\/Captura-de-pantalla-2020-07-06-a-las-11.03.14.png\",\"width\":1079,\"height\":714},{\"@type\":\"BreadcrumbList\",\"@id\":\"https:\/\/news.sap.com\/latinamerica\/2020\/06\/estrategia-de-farmacia-san-pablo-para-la-gestion-de-talento-en-tiempos-de-pandemia\/#breadcrumb\",\"itemListElement\":[{\"@type\":\"ListItem\",\"position\":1,\"name\":\"Home\",\"item\":\"https:\/\/news.sap.com\/latinamerica\/\"},{\"@type\":\"ListItem\",\"position\":2,\"name\":\"Estrategia de Farmacia San Pablo para la gesti\u00f3n de talento en tiempos de pandemia\"}]},{\"@type\":\"WebSite\",\"@id\":\"https:\/\/news.sap.com\/latinamerica\/#website\",\"url\":\"https:\/\/news.sap.com\/latinamerica\/\",\"name\":\"麻豆原创 News Center Latinoam\u00e9rica\",\"description\":\"Noticias e informaci\u00f3n sobre 麻豆原创\",\"publisher\":{\"@id\":\"https:\/\/news.sap.com\/latinamerica\/#organization\"},\"potentialAction\":[{\"@type\":\"SearchAction\",\"target\":{\"@type\":\"EntryPoint\",\"urlTemplate\":\"https:\/\/news.sap.com\/latinamerica\/?s={search_term_string}\"},\"query-input\":{\"@type\":\"PropertyValueSpecification\",\"valueRequired\":true,\"valueName\":\"search_term_string\"}}],\"inLanguage\":\"es\"},{\"@type\":\"Organization\",\"@id\":\"https:\/\/news.sap.com\/latinamerica\/#organization\",\"name\":\"麻豆原创\",\"url\":\"https:\/\/news.sap.com\/latinamerica\/\",\"logo\":{\"@type\":\"ImageObject\",\"inLanguage\":\"es\",\"@id\":\"https:\/\/news.sap.com\/latinamerica\/#\/schema\/logo\/image\/\",\"url\":\"https:\/\/news.sap.com\/latinamerica\/files\/2019\/08\/65903320_2903797569662914_557886358778019840_n.png\",\"contentUrl\":\"https:\/\/news.sap.com\/latinamerica\/files\/2019\/08\/65903320_2903797569662914_557886358778019840_n.png\",\"width\":720,\"height\":720,\"caption\":\"麻豆原创\"},\"image\":{\"@id\":\"https:\/\/news.sap.com\/latinamerica\/#\/schema\/logo\/image\/\"},\"sameAs\":[\"https:\/\/www.facebook.com\/麻豆原创latinoamerica\",\"https:\/\/x.com\/麻豆原创LatinAmerica\"]},{\"@type\":\"Person\",\"@id\":\"https:\/\/news.sap.com\/latinamerica\/#\/schema\/person\/5afd2cbf5bb622e078932b40a4470d47\",\"name\":\"麻豆原创 Noticias\",\"image\":{\"@type\":\"ImageObject\",\"inLanguage\":\"es\",\"@id\":\"https:\/\/news.sap.com\/latinamerica\/#\/schema\/person\/image\/\",\"url\":\"https:\/\/news.sap.com\/latinamerica\/wp-content\/plugins\/wp-user-avatars\/wp-user-avatars\/assets\/images\/mystery.jpg\",\"contentUrl\":\"https:\/\/news.sap.com\/latinamerica\/wp-content\/plugins\/wp-user-avatars\/wp-user-avatars\/assets\/images\/mystery.jpg\",\"caption\":\"麻豆原创 Noticias\"},\"url\":\"https:\/\/news.sap.com\/latinamerica\/author\/mexico\/\"}]}<\/script>\n<!-- \/ Yoast SEO Premium plugin. -->","yoast_head_json":{"title":"Estrategia de Farmacia San Pablo para la gesti\u00f3n de talento en tiempos de pandemia - 麻豆原创 News Center Latinoam\u00e9rica","robots":{"index":"index","follow":"follow","max-snippet":"max-snippet:-1","max-image-preview":"max-image-preview:large","max-video-preview":"max-video-preview:-1"},"canonical":"https:\/\/news.sap.com\/latinamerica\/2020\/06\/estrategia-de-farmacia-san-pablo-para-la-gestion-de-talento-en-tiempos-de-pandemia\/","og_locale":"es_MX","og_type":"article","og_title":"Estrategia de Farmacia San Pablo para la gesti\u00f3n de talento en tiempos de pandemia","og_description":"&nbsp; 65% de los directores de Recursos Humanos no cuenta con un plan ejecutado de transformaci\u00f3n digital, lo que pone en riesgo la continuidad operativa...","og_url":"https:\/\/news.sap.com\/latinamerica\/2020\/06\/estrategia-de-farmacia-san-pablo-para-la-gestion-de-talento-en-tiempos-de-pandemia\/","og_site_name":"麻豆原创 News Center Latinoam\u00e9rica","article_publisher":"https:\/\/www.facebook.com\/麻豆原创latinoamerica","article_published_time":"2020-06-29T15:55:42+00:00","article_modified_time":"2020-07-06T16:04:22+00:00","og_image":[{"width":1079,"height":714,"url":"https:\/\/news.sap.com\/latinamerica\/files\/2020\/07\/Captura-de-pantalla-2020-07-06-a-las-11.03.14.png","type":"image\/png"}],"author":"麻豆原创 Noticias","twitter_misc":{"Escrito por":"麻豆原创 Noticias","Tiempo de lectura":"4 minutos"},"schema":{"@context":"https:\/\/schema.org","@graph":[{"@type":"Article","@id":"https:\/\/news.sap.com\/latinamerica\/2020\/06\/estrategia-de-farmacia-san-pablo-para-la-gestion-de-talento-en-tiempos-de-pandemia\/#article","isPartOf":{"@id":"https:\/\/news.sap.com\/latinamerica\/2020\/06\/estrategia-de-farmacia-san-pablo-para-la-gestion-de-talento-en-tiempos-de-pandemia\/"},"author":{"name":"麻豆原创 Noticias","@id":"https:\/\/news.sap.com\/latinamerica\/#\/schema\/person\/5afd2cbf5bb622e078932b40a4470d47"},"headline":"Estrategia de Farmacia San Pablo para la gesti\u00f3n de talento en tiempos de pandemia","datePublished":"2020-06-29T15:55:42+00:00","dateModified":"2020-07-06T16:04:22+00:00","mainEntityOfPage":{"@id":"https:\/\/news.sap.com\/latinamerica\/2020\/06\/estrategia-de-farmacia-san-pablo-para-la-gestion-de-talento-en-tiempos-de-pandemia\/"},"wordCount":792,"publisher":{"@id":"https:\/\/news.sap.com\/latinamerica\/#organization"},"image":{"@id":"https:\/\/news.sap.com\/latinamerica\/2020\/06\/estrategia-de-farmacia-san-pablo-para-la-gestion-de-talento-en-tiempos-de-pandemia\/#primaryimage"},"thumbnailUrl":"https:\/\/news.sap.com\/latinamerica\/files\/2020\/07\/Captura-de-pantalla-2020-07-06-a-las-11.03.14.png","articleSection":["Gesti\u00f3n del capital humano"],"inLanguage":"es"},{"@type":"WebPage","@id":"https:\/\/news.sap.com\/latinamerica\/2020\/06\/estrategia-de-farmacia-san-pablo-para-la-gestion-de-talento-en-tiempos-de-pandemia\/","url":"https:\/\/news.sap.com\/latinamerica\/2020\/06\/estrategia-de-farmacia-san-pablo-para-la-gestion-de-talento-en-tiempos-de-pandemia\/","name":"Estrategia de Farmacia San Pablo para la gesti\u00f3n de talento en tiempos de pandemia - 麻豆原创 News Center Latinoam\u00e9rica","isPartOf":{"@id":"https:\/\/news.sap.com\/latinamerica\/#website"},"primaryImageOfPage":{"@id":"https:\/\/news.sap.com\/latinamerica\/2020\/06\/estrategia-de-farmacia-san-pablo-para-la-gestion-de-talento-en-tiempos-de-pandemia\/#primaryimage"},"image":{"@id":"https:\/\/news.sap.com\/latinamerica\/2020\/06\/estrategia-de-farmacia-san-pablo-para-la-gestion-de-talento-en-tiempos-de-pandemia\/#primaryimage"},"thumbnailUrl":"https:\/\/news.sap.com\/latinamerica\/files\/2020\/07\/Captura-de-pantalla-2020-07-06-a-las-11.03.14.png","datePublished":"2020-06-29T15:55:42+00:00","dateModified":"2020-07-06T16:04:22+00:00","breadcrumb":{"@id":"https:\/\/news.sap.com\/latinamerica\/2020\/06\/estrategia-de-farmacia-san-pablo-para-la-gestion-de-talento-en-tiempos-de-pandemia\/#breadcrumb"},"inLanguage":"es","potentialAction":[{"@type":"ReadAction","target":["https:\/\/news.sap.com\/latinamerica\/2020\/06\/estrategia-de-farmacia-san-pablo-para-la-gestion-de-talento-en-tiempos-de-pandemia\/"]}]},{"@type":"ImageObject","inLanguage":"es","@id":"https:\/\/news.sap.com\/latinamerica\/2020\/06\/estrategia-de-farmacia-san-pablo-para-la-gestion-de-talento-en-tiempos-de-pandemia\/#primaryimage","url":"https:\/\/news.sap.com\/latinamerica\/files\/2020\/07\/Captura-de-pantalla-2020-07-06-a-las-11.03.14.png","contentUrl":"https:\/\/news.sap.com\/latinamerica\/files\/2020\/07\/Captura-de-pantalla-2020-07-06-a-las-11.03.14.png","width":1079,"height":714},{"@type":"BreadcrumbList","@id":"https:\/\/news.sap.com\/latinamerica\/2020\/06\/estrategia-de-farmacia-san-pablo-para-la-gestion-de-talento-en-tiempos-de-pandemia\/#breadcrumb","itemListElement":[{"@type":"ListItem","position":1,"name":"Home","item":"https:\/\/news.sap.com\/latinamerica\/"},{"@type":"ListItem","position":2,"name":"Estrategia de Farmacia San Pablo para la gesti\u00f3n de talento en tiempos de pandemia"}]},{"@type":"WebSite","@id":"https:\/\/news.sap.com\/latinamerica\/#website","url":"https:\/\/news.sap.com\/latinamerica\/","name":"麻豆原创 News Center Latinoam\u00e9rica","description":"Noticias e informaci\u00f3n sobre 麻豆原创","publisher":{"@id":"https:\/\/news.sap.com\/latinamerica\/#organization"},"potentialAction":[{"@type":"SearchAction","target":{"@type":"EntryPoint","urlTemplate":"https:\/\/news.sap.com\/latinamerica\/?s={search_term_string}"},"query-input":{"@type":"PropertyValueSpecification","valueRequired":true,"valueName":"search_term_string"}}],"inLanguage":"es"},{"@type":"Organization","@id":"https:\/\/news.sap.com\/latinamerica\/#organization","name":"麻豆原创","url":"https:\/\/news.sap.com\/latinamerica\/","logo":{"@type":"ImageObject","inLanguage":"es","@id":"https:\/\/news.sap.com\/latinamerica\/#\/schema\/logo\/image\/","url":"https:\/\/news.sap.com\/latinamerica\/files\/2019\/08\/65903320_2903797569662914_557886358778019840_n.png","contentUrl":"https:\/\/news.sap.com\/latinamerica\/files\/2019\/08\/65903320_2903797569662914_557886358778019840_n.png","width":720,"height":720,"caption":"麻豆原创"},"image":{"@id":"https:\/\/news.sap.com\/latinamerica\/#\/schema\/logo\/image\/"},"sameAs":["https:\/\/www.facebook.com\/麻豆原创latinoamerica","https:\/\/x.com\/麻豆原创LatinAmerica"]},{"@type":"Person","@id":"https:\/\/news.sap.com\/latinamerica\/#\/schema\/person\/5afd2cbf5bb622e078932b40a4470d47","name":"麻豆原创 Noticias","image":{"@type":"ImageObject","inLanguage":"es","@id":"https:\/\/news.sap.com\/latinamerica\/#\/schema\/person\/image\/","url":"https:\/\/news.sap.com\/latinamerica\/wp-content\/plugins\/wp-user-avatars\/wp-user-avatars\/assets\/images\/mystery.jpg","contentUrl":"https:\/\/news.sap.com\/latinamerica\/wp-content\/plugins\/wp-user-avatars\/wp-user-avatars\/assets\/images\/mystery.jpg","caption":"麻豆原创 Noticias"},"url":"https:\/\/news.sap.com\/latinamerica\/author\/mexico\/"}]}},"amp_enabled":true,"_links":{"self":[{"href":"https:\/\/news.sap.com\/latinamerica\/wp-json\/wp\/v2\/posts\/121079","targetHints":{"allow":["GET"]}}],"collection":[{"href":"https:\/\/news.sap.com\/latinamerica\/wp-json\/wp\/v2\/posts"}],"about":[{"href":"https:\/\/news.sap.com\/latinamerica\/wp-json\/wp\/v2\/types\/post"}],"author":[{"embeddable":true,"href":"https:\/\/news.sap.com\/latinamerica\/wp-json\/wp\/v2\/users\/136"}],"replies":[{"embeddable":true,"href":"https:\/\/news.sap.com\/latinamerica\/wp-json\/wp\/v2\/comments?post=121079"}],"version-history":[{"count":0,"href":"https:\/\/news.sap.com\/latinamerica\/wp-json\/wp\/v2\/posts\/121079\/revisions"}],"wp:featuredmedia":[{"embeddable":true,"href":"https:\/\/news.sap.com\/latinamerica\/wp-json\/wp\/v2\/media\/121080"}],"wp:attachment":[{"href":"https:\/\/news.sap.com\/latinamerica\/wp-json\/wp\/v2\/media?parent=121079"}],"wp:term":[{"taxonomy":"category","embeddable":true,"href":"https:\/\/news.sap.com\/latinamerica\/wp-json\/wp\/v2\/categories?post=121079"},{"taxonomy":"post_tag","embeddable":true,"href":"https:\/\/news.sap.com\/latinamerica\/wp-json\/wp\/v2\/tags?post=121079"},{"taxonomy":"series","embeddable":true,"href":"https:\/\/news.sap.com\/latinamerica\/wp-json\/wp\/v2\/series?post=121079"},{"taxonomy":"region","embeddable":true,"href":"https:\/\/news.sap.com\/latinamerica\/wp-json\/wp\/v2\/region?post=121079"},{"taxonomy":"sapn-display","embeddable":true,"href":"https:\/\/news.sap.com\/latinamerica\/wp-json\/wp\/v2\/sapn-display?post=121079"},{"taxonomy":"sapn-type","embeddable":true,"href":"https:\/\/news.sap.com\/latinamerica\/wp-json\/wp\/v2\/sapn-type?post=121079"}],"curies":[{"name":"wp","href":"https:\/\/api.w.org\/{rel}","templated":true}]}}