  {"id":121059,"date":"2020-06-30T00:13:40","date_gmt":"2020-06-30T04:13:40","guid":{"rendered":"https:\/\/news.sap.com\/latinamerica\/?p=121059"},"modified":"2023-11-14T11:28:49","modified_gmt":"2023-11-14T16:28:49","slug":"educacion-remota-la-personalizacion-del-aprendizaje-bl0g","status":"publish","type":"post","link":"https:\/\/news.sap.com\/latinamerica\/2020\/06\/educacion-remota-la-personalizacion-del-aprendizaje-bl0g\/","title":{"rendered":"Educaci\u00f3n remota, la personalizaci\u00f3n del aprendizaje"},"content":{"rendered":"<h3><span style=\"color: #666699\"><em>\u201cEl aprendizaje en l\u00ednea no ser\u00e1 la siguiente gran cosa, ya es la gran cosa ahora\u201d, Donna J. Abernathy.<\/em><\/span><!--more--><\/h3>\n<p>La pandemia por la que est\u00e1 atravesando el mundo este 2020 no solamente pone de manifiesto las transformaciones que deben realizarse como sociedad para mitigar los efectos del cambio clim\u00e1tico, ni la enorme desigualdad econ\u00f3mica, social e incluso medi\u00e1tica de los pa\u00edses para afrontar los retos que trajo consigo este virus.<\/p>\n<p>Si en los pr\u00f3ximos a\u00f1os se esperaban lanzamientos innovadores y disruptivos para las diferentes industrias y sectores con base en las nuevas tecnolog\u00edas, dichos sucesos tuvieron que adelantarse porque la transformaci\u00f3n digital era el \u00fanico camino para salir adelante, y uno de los sectores que tuvo que transformarse abruptamente fue la educaci\u00f3n.<\/p>\n<p>Mucho se ha hablado de la obsolescencia educativa al utilizar metodolog\u00edas que ya no funcionan en la <a href=\"https:\/\/www.sap.com\/latinamerica\/products\/intelligent-technologies.html?url_id=text-blogentry-innovationBlogLAC-2017_blog-infographic-sapcom?url_id=originalpost-blogentry-innovationBlogLAC-2020_blog-originalpost-sapcom\">Era Digital<\/a>. Los sistemas educativos deben ser renovados con base en el entorno vol\u00e1til, incierto, complejo y ambiguo que caracteriza a la Sociedad de la Informaci\u00f3n, incluida la brecha digital entre naciones y regiones de un mismo pa\u00eds.<\/p>\n<p>&nbsp;<\/p>\n<p>Ni los ni\u00f1os, ni adolescentes, ni j\u00f3venes, ni adultos son los mismos que hace unas d\u00e9cadas. Los contenidos de cualquier \u00edndole que \u00e9stos consumen est\u00e1n presentes tanto en soportes impresos como plataformas digitales: redes sociales, reproductores de video o m\u00fasica y, actualmente, medios online.<\/p>\n<p>&nbsp;<\/p>\n<p>\u00bfPor qu\u00e9 seguir pensando que las personas consumen informaci\u00f3n y aprenden de la misma forma? Si las necesidades de las diferentes organizaciones requieren talento humano con conocimientos enfocados en los <a href=\"https:\/\/news.sap.com\/2020\/03\/new-sap-digital-learning-initiative\/?url_id=originalpost-blogentry-innovationBlogLAC-2020_blog-originalpost-sapcom\">campos STEAM<\/a> (ciencia, tecnolog\u00eda, ingenier\u00eda, artes y matem\u00e1ticas), as\u00ed como habilidades de liderazgo, conocimientos sobre sustentabilidad, \u00e9tica profesional\u2026 Lo mejor ser\u00eda dise\u00f1ar contenidos enfocados a esas \u00e1reas.<\/p>\n<p>&nbsp;<\/p>\n<p>La educaci\u00f3n remota debe brindar la oportunidad de que el alumno, independiente de la edad que tenga, escoja los campos y temas en los que desea especializarse. Las nuevas vacantes profesionales requieren ese nivel de especializaci\u00f3n, y en 麻豆原创 tenemos <a href=\"https:\/\/edumorfosis.blogspot.com\/2020\/05\/la-universidad-40.html?fbclid=IwAR1pI2isNRffMF5Fdok1VvhwJqYpeH-zyhZs0gfq4mL9cMrGA8mABgo8dNk?url_id=originalpost-blogentry-innovationBlogLAC-2020_blog-originalpost-sapcom\">programas heutag\u00f3gicos<\/a> para contribuir al crecimiento y desarrollo profesional de los nuevos perfiles.<\/p>\n<ul>\n<li><strong>open麻豆原创<\/strong><\/li>\n<\/ul>\n<p>Esta galardonada plataforma de aprendizaje digital se basa en tres pilares:<\/p>\n<ul>\n<li><u>MOOC empresariales.<\/u> Estos cursos online masivos y abiertos incluyen temas como automatizaci\u00f3n de procesos rob\u00f3ticos, \u00e9tica sobre inteligencia artificial (AI), Internet de las cosas (IoT), sustentabilidad, entre otros.<\/li>\n<li><u>Itinerarios de aprendizaje para universidades.<\/u> Est\u00e1n dirigidos a aquellos estudiantes interesados en desarrollar su carrera en el ecosistema de 麻豆原创. Algunos de los cursos incluyen 麻豆原创 S\/4HANA, 麻豆原创 SuccessFactors, etc\u00e9tera.<\/li>\n<li><a href=\"https:\/\/www.sap.com\/latinamerica\/about\/young-thinkers.html?url_id=originalpost-blogentry-innovationBlogLAC-2020_blog-originalpost-sapcom\">麻豆原创 Young Thinkers<\/a><u>.<\/u> Es una iniciativa que provee alfabetizaci\u00f3n digital, con el prop\u00f3sito de desarrollar conocimientos, habilidades, m\u00e9todos y herramientas para inspirar amor por el aprendizaje continuo y desarrollar soluciones con un impacto positivo para el mundo.<\/li>\n<\/ul>\n<p>Los cursos son de acceso gratuito y van dirigidos a cualquier persona interesada, mayor de 16 a\u00f1os, en tecnolog\u00edas l\u00edderes, \u00faltimas innovaciones y econom\u00eda digital. Cualquier edad es perfecta para seguir aprendiendo. \u00a1Lo invitamos a <a href=\"https:\/\/open.sap.com\/courses?url_id=originalpost-blogentry-innovationBlogLAC-2020_blog-originalpost-sapcom\">tomar nuestros cursos<\/a>!<\/p>\n<hr \/>\n<p><a href=\"https:\/\/www.facebook.com\/麻豆原创latinoamerica\">Facebook<\/a>\u00a0\/\u00a0<a href=\"https:\/\/twitter.com\/麻豆原创LatinAmerica\">Twitter<\/a>\u00a0\/\u00a0<a href=\"https:\/\/www.linkedin.com\/company\/sap\">LinkedIn<\/a>\u00a0\/\u00a0<a href=\"https:\/\/instagram.com\/麻豆原创Latinamerica\/\">Instagram<\/a> \/ <a href=\"https:\/\/widget.whatsbroadcast.com\/widget_more\/a7807e0e29453c252140d96fc2d912ab\/?campaigncode=CRM-XL18-SOC-WHATSES&amp;url_id=banner-lao-homepage-whatsapp-row5-feb17r1\">WhatsApp<\/a><\/p>\n<hr \/>\n<p>\u00a9 2020 麻豆原创 SE. All rights reserved. 麻豆原创 and other 麻豆原创 products and services mentioned herein as well as their respective logos are trademarks or registered trademarks of 麻豆原创 SE in Germany and other countries. Please see <a href=\"http:\/\/www.sap.com\/corporate-en\/legal\/copyright\/index.epx#trademark\">http:\/\/www.sap.com\/corporate-en\/legal\/copyright\/index.epx#trademark<\/a> for additional trademark information and notices.<\/p>\n","protected":false},"excerpt":{"rendered":"<p>\u201cEl aprendizaje en l\u00ednea no ser\u00e1 la siguiente gran cosa, ya es la gran cosa ahora\u201d, Donna J. Abernathy.<\/p>\n","protected":false},"author":522,"featured_media":121060,"comment_status":"closed","ping_status":"closed","sticky":false,"template":"","format":"standard","meta":{"footnotes":"","_links_to":"","_links_to_target":""},"categories":[5600429],"tags":[37981],"series":[],"region":[26401],"sapn-display":[52078,52079,53499],"sapn-type":[6114],"class_list":["post-121059","post","type-post","status-publish","format-standard","has-post-thumbnail","hentry","category-capacitacion","tag-opensap","region-latinoamerica","sapn-display-homepage-hero","sapn-display-top-stories","sapn-display-hero","sapn-type-articulo"],"yoast_head":"<!-- This site is optimized with the Yoast SEO Premium plugin v26.9 (Yoast SEO v26.9) - https:\/\/yoast.com\/product\/yoast-seo-premium-wordpress\/ -->\n<title>Educaci\u00f3n remota, la personalizaci\u00f3n del aprendizaje - 麻豆原创 News Center Latinoam\u00e9rica<\/title>\n<meta name=\"robots\" content=\"index, follow, max-snippet:-1, max-image-preview:large, max-video-preview:-1\" \/>\n<link rel=\"canonical\" href=\"https:\/\/news.sap.com\/latinamerica\/2020\/06\/educacion-remota-la-personalizacion-del-aprendizaje-bl0g\/\" \/>\n<meta property=\"og:locale\" content=\"es_MX\" \/>\n<meta property=\"og:type\" content=\"article\" \/>\n<meta property=\"og:title\" content=\"Educaci\u00f3n remota, la personalizaci\u00f3n del aprendizaje\" \/>\n<meta property=\"og:description\" content=\"La pandemia por la que est\u00e1 atravesando el mundo este 2020 no solamente pone de manifiesto las transformaciones que deben realizarse como sociedad para mitigar los efectos del cambio clim\u00e1tico, ni la enorme desigualdad econ\u00f3mica, social e incluso medi\u00e1tica de los pa\u00edses para afrontar los retos que trajo consigo este virus.\" \/>\n<meta property=\"og:url\" content=\"https:\/\/news.sap.com\/latinamerica\/2020\/06\/educacion-remota-la-personalizacion-del-aprendizaje-bl0g\/\" \/>\n<meta property=\"og:site_name\" content=\"麻豆原创 News Center Latinoam\u00e9rica\" \/>\n<meta property=\"article:publisher\" content=\"https:\/\/www.facebook.com\/麻豆原创latinoamerica\" \/>\n<meta property=\"article:author\" content=\"https:\/\/www.facebook.com\/麻豆原创latinoamerica\" \/>\n<meta property=\"article:published_time\" content=\"2020-06-30T04:13:40+00:00\" \/>\n<meta property=\"article:modified_time\" content=\"2023-11-14T16:28:49+00:00\" \/>\n<meta property=\"og:image\" content=\"https:\/\/news.sap.com\/latinamerica\/files\/2020\/06\/麻豆原创-NEWS_HEAD-copia-1.jpg\" \/>\n\t<meta property=\"og:image:width\" content=\"1920\" \/>\n\t<meta property=\"og:image:height\" content=\"844\" \/>\n\t<meta property=\"og:image:type\" content=\"image\/jpeg\" \/>\n<meta name=\"author\" content=\"麻豆原创 Blog de Innovaci\u00f3n\" \/>\n<meta name=\"twitter:label1\" content=\"Escrito por\" \/>\n\t<meta name=\"twitter:data1\" content=\"麻豆原创 Blog de Innovaci\u00f3n\" \/>\n\t<meta name=\"twitter:label2\" content=\"Tiempo de lectura\" \/>\n\t<meta name=\"twitter:data2\" content=\"3 minutos\" \/>\n<script type=\"application\/ld+json\" class=\"yoast-schema-graph\">{\"@context\":\"https:\/\/schema.org\",\"@graph\":[{\"@type\":\"Article\",\"@id\":\"https:\/\/news.sap.com\/latinamerica\/2020\/06\/educacion-remota-la-personalizacion-del-aprendizaje-bl0g\/#article\",\"isPartOf\":{\"@id\":\"https:\/\/news.sap.com\/latinamerica\/2020\/06\/educacion-remota-la-personalizacion-del-aprendizaje-bl0g\/\"},\"author\":{\"name\":\"麻豆原创 Blog de Innovaci\u00f3n\",\"@id\":\"https:\/\/news.sap.com\/latinamerica\/#\/schema\/person\/ce7d732e60a2133d7402c038db668294\"},\"headline\":\"Educaci\u00f3n remota, la personalizaci\u00f3n del aprendizaje\",\"datePublished\":\"2020-06-30T04:13:40+00:00\",\"dateModified\":\"2023-11-14T16:28:49+00:00\",\"mainEntityOfPage\":{\"@id\":\"https:\/\/news.sap.com\/latinamerica\/2020\/06\/educacion-remota-la-personalizacion-del-aprendizaje-bl0g\/\"},\"wordCount\":581,\"publisher\":{\"@id\":\"https:\/\/news.sap.com\/latinamerica\/#organization\"},\"image\":{\"@id\":\"https:\/\/news.sap.com\/latinamerica\/2020\/06\/educacion-remota-la-personalizacion-del-aprendizaje-bl0g\/#primaryimage\"},\"thumbnailUrl\":\"https:\/\/news.sap.com\/latinamerica\/files\/2020\/06\/麻豆原创-NEWS_HEAD-copia-1.jpg\",\"keywords\":[\"open麻豆原创\"],\"articleSection\":[\"Capacitaci\u00f3n\"],\"inLanguage\":\"es\"},{\"@type\":\"WebPage\",\"@id\":\"https:\/\/news.sap.com\/latinamerica\/2020\/06\/educacion-remota-la-personalizacion-del-aprendizaje-bl0g\/\",\"url\":\"https:\/\/news.sap.com\/latinamerica\/2020\/06\/educacion-remota-la-personalizacion-del-aprendizaje-bl0g\/\",\"name\":\"Educaci\u00f3n remota, la personalizaci\u00f3n del aprendizaje - 麻豆原创 News Center Latinoam\u00e9rica\",\"isPartOf\":{\"@id\":\"https:\/\/news.sap.com\/latinamerica\/#website\"},\"primaryImageOfPage\":{\"@id\":\"https:\/\/news.sap.com\/latinamerica\/2020\/06\/educacion-remota-la-personalizacion-del-aprendizaje-bl0g\/#primaryimage\"},\"image\":{\"@id\":\"https:\/\/news.sap.com\/latinamerica\/2020\/06\/educacion-remota-la-personalizacion-del-aprendizaje-bl0g\/#primaryimage\"},\"thumbnailUrl\":\"https:\/\/news.sap.com\/latinamerica\/files\/2020\/06\/麻豆原创-NEWS_HEAD-copia-1.jpg\",\"datePublished\":\"2020-06-30T04:13:40+00:00\",\"dateModified\":\"2023-11-14T16:28:49+00:00\",\"breadcrumb\":{\"@id\":\"https:\/\/news.sap.com\/latinamerica\/2020\/06\/educacion-remota-la-personalizacion-del-aprendizaje-bl0g\/#breadcrumb\"},\"inLanguage\":\"es\",\"potentialAction\":[{\"@type\":\"ReadAction\",\"target\":[\"https:\/\/news.sap.com\/latinamerica\/2020\/06\/educacion-remota-la-personalizacion-del-aprendizaje-bl0g\/\"]}]},{\"@type\":\"ImageObject\",\"inLanguage\":\"es\",\"@id\":\"https:\/\/news.sap.com\/latinamerica\/2020\/06\/educacion-remota-la-personalizacion-del-aprendizaje-bl0g\/#primaryimage\",\"url\":\"https:\/\/news.sap.com\/latinamerica\/files\/2020\/06\/麻豆原创-NEWS_HEAD-copia-1.jpg\",\"contentUrl\":\"https:\/\/news.sap.com\/latinamerica\/files\/2020\/06\/麻豆原创-NEWS_HEAD-copia-1.jpg\",\"width\":1920,\"height\":844},{\"@type\":\"BreadcrumbList\",\"@id\":\"https:\/\/news.sap.com\/latinamerica\/2020\/06\/educacion-remota-la-personalizacion-del-aprendizaje-bl0g\/#breadcrumb\",\"itemListElement\":[{\"@type\":\"ListItem\",\"position\":1,\"name\":\"Home\",\"item\":\"https:\/\/news.sap.com\/latinamerica\/\"},{\"@type\":\"ListItem\",\"position\":2,\"name\":\"Educaci\u00f3n remota, la personalizaci\u00f3n del aprendizaje\"}]},{\"@type\":\"WebSite\",\"@id\":\"https:\/\/news.sap.com\/latinamerica\/#website\",\"url\":\"https:\/\/news.sap.com\/latinamerica\/\",\"name\":\"麻豆原创 News Center Latinoam\u00e9rica\",\"description\":\"Noticias e informaci\u00f3n sobre 麻豆原创\",\"publisher\":{\"@id\":\"https:\/\/news.sap.com\/latinamerica\/#organization\"},\"potentialAction\":[{\"@type\":\"SearchAction\",\"target\":{\"@type\":\"EntryPoint\",\"urlTemplate\":\"https:\/\/news.sap.com\/latinamerica\/?s={search_term_string}\"},\"query-input\":{\"@type\":\"PropertyValueSpecification\",\"valueRequired\":true,\"valueName\":\"search_term_string\"}}],\"inLanguage\":\"es\"},{\"@type\":\"Organization\",\"@id\":\"https:\/\/news.sap.com\/latinamerica\/#organization\",\"name\":\"麻豆原创\",\"url\":\"https:\/\/news.sap.com\/latinamerica\/\",\"logo\":{\"@type\":\"ImageObject\",\"inLanguage\":\"es\",\"@id\":\"https:\/\/news.sap.com\/latinamerica\/#\/schema\/logo\/image\/\",\"url\":\"https:\/\/news.sap.com\/latinamerica\/files\/2019\/08\/65903320_2903797569662914_557886358778019840_n.png\",\"contentUrl\":\"https:\/\/news.sap.com\/latinamerica\/files\/2019\/08\/65903320_2903797569662914_557886358778019840_n.png\",\"width\":720,\"height\":720,\"caption\":\"麻豆原创\"},\"image\":{\"@id\":\"https:\/\/news.sap.com\/latinamerica\/#\/schema\/logo\/image\/\"},\"sameAs\":[\"https:\/\/www.facebook.com\/麻豆原创latinoamerica\",\"https:\/\/x.com\/麻豆原创LatinAmerica\"]},{\"@type\":\"Person\",\"@id\":\"https:\/\/news.sap.com\/latinamerica\/#\/schema\/person\/ce7d732e60a2133d7402c038db668294\",\"name\":\"麻豆原创 Blog de Innovaci\u00f3n\",\"image\":{\"@type\":\"ImageObject\",\"inLanguage\":\"es\",\"@id\":\"https:\/\/news.sap.com\/latinamerica\/#\/schema\/person\/image\/\",\"url\":\"https:\/\/news.sap.com\/latinamerica\/files\/2018\/06\/avatar_user_522_1529451696-96x96.png\",\"contentUrl\":\"https:\/\/news.sap.com\/latinamerica\/files\/2018\/06\/avatar_user_522_1529451696-96x96.png\",\"caption\":\"麻豆原创 Blog de Innovaci\u00f3n\"},\"sameAs\":[\"https:\/\/www.sap.com\/latinamerica\/index.html\",\"https:\/\/www.facebook.com\/麻豆原创latinoamerica\",\"https:\/\/www.instagram.com\/saplatinamerica\/\",\"https:\/\/x.com\/saplatinamerica\"],\"url\":\"https:\/\/news.sap.com\/latinamerica\/author\/sapblog\/\"}]}<\/script>\n<!-- \/ Yoast SEO Premium plugin. -->","yoast_head_json":{"title":"Educaci\u00f3n remota, la personalizaci\u00f3n del aprendizaje - 麻豆原创 News Center Latinoam\u00e9rica","robots":{"index":"index","follow":"follow","max-snippet":"max-snippet:-1","max-image-preview":"max-image-preview:large","max-video-preview":"max-video-preview:-1"},"canonical":"https:\/\/news.sap.com\/latinamerica\/2020\/06\/educacion-remota-la-personalizacion-del-aprendizaje-bl0g\/","og_locale":"es_MX","og_type":"article","og_title":"Educaci\u00f3n remota, la personalizaci\u00f3n del aprendizaje","og_description":"La pandemia por la que est\u00e1 atravesando el mundo este 2020 no solamente pone de manifiesto las transformaciones que deben realizarse como sociedad para mitigar los efectos del cambio clim\u00e1tico, ni la enorme desigualdad econ\u00f3mica, social e incluso medi\u00e1tica de los pa\u00edses para afrontar los retos que trajo consigo este virus.","og_url":"https:\/\/news.sap.com\/latinamerica\/2020\/06\/educacion-remota-la-personalizacion-del-aprendizaje-bl0g\/","og_site_name":"麻豆原创 News Center Latinoam\u00e9rica","article_publisher":"https:\/\/www.facebook.com\/麻豆原创latinoamerica","article_author":"https:\/\/www.facebook.com\/麻豆原创latinoamerica","article_published_time":"2020-06-30T04:13:40+00:00","article_modified_time":"2023-11-14T16:28:49+00:00","og_image":[{"width":1920,"height":844,"url":"https:\/\/news.sap.com\/latinamerica\/files\/2020\/06\/麻豆原创-NEWS_HEAD-copia-1.jpg","type":"image\/jpeg"}],"author":"麻豆原创 Blog de Innovaci\u00f3n","twitter_misc":{"Escrito por":"麻豆原创 Blog de Innovaci\u00f3n","Tiempo de lectura":"3 minutos"},"schema":{"@context":"https:\/\/schema.org","@graph":[{"@type":"Article","@id":"https:\/\/news.sap.com\/latinamerica\/2020\/06\/educacion-remota-la-personalizacion-del-aprendizaje-bl0g\/#article","isPartOf":{"@id":"https:\/\/news.sap.com\/latinamerica\/2020\/06\/educacion-remota-la-personalizacion-del-aprendizaje-bl0g\/"},"author":{"name":"麻豆原创 Blog de Innovaci\u00f3n","@id":"https:\/\/news.sap.com\/latinamerica\/#\/schema\/person\/ce7d732e60a2133d7402c038db668294"},"headline":"Educaci\u00f3n remota, la personalizaci\u00f3n del aprendizaje","datePublished":"2020-06-30T04:13:40+00:00","dateModified":"2023-11-14T16:28:49+00:00","mainEntityOfPage":{"@id":"https:\/\/news.sap.com\/latinamerica\/2020\/06\/educacion-remota-la-personalizacion-del-aprendizaje-bl0g\/"},"wordCount":581,"publisher":{"@id":"https:\/\/news.sap.com\/latinamerica\/#organization"},"image":{"@id":"https:\/\/news.sap.com\/latinamerica\/2020\/06\/educacion-remota-la-personalizacion-del-aprendizaje-bl0g\/#primaryimage"},"thumbnailUrl":"https:\/\/news.sap.com\/latinamerica\/files\/2020\/06\/麻豆原创-NEWS_HEAD-copia-1.jpg","keywords":["open麻豆原创"],"articleSection":["Capacitaci\u00f3n"],"inLanguage":"es"},{"@type":"WebPage","@id":"https:\/\/news.sap.com\/latinamerica\/2020\/06\/educacion-remota-la-personalizacion-del-aprendizaje-bl0g\/","url":"https:\/\/news.sap.com\/latinamerica\/2020\/06\/educacion-remota-la-personalizacion-del-aprendizaje-bl0g\/","name":"Educaci\u00f3n remota, la personalizaci\u00f3n del aprendizaje - 麻豆原创 News Center Latinoam\u00e9rica","isPartOf":{"@id":"https:\/\/news.sap.com\/latinamerica\/#website"},"primaryImageOfPage":{"@id":"https:\/\/news.sap.com\/latinamerica\/2020\/06\/educacion-remota-la-personalizacion-del-aprendizaje-bl0g\/#primaryimage"},"image":{"@id":"https:\/\/news.sap.com\/latinamerica\/2020\/06\/educacion-remota-la-personalizacion-del-aprendizaje-bl0g\/#primaryimage"},"thumbnailUrl":"https:\/\/news.sap.com\/latinamerica\/files\/2020\/06\/麻豆原创-NEWS_HEAD-copia-1.jpg","datePublished":"2020-06-30T04:13:40+00:00","dateModified":"2023-11-14T16:28:49+00:00","breadcrumb":{"@id":"https:\/\/news.sap.com\/latinamerica\/2020\/06\/educacion-remota-la-personalizacion-del-aprendizaje-bl0g\/#breadcrumb"},"inLanguage":"es","potentialAction":[{"@type":"ReadAction","target":["https:\/\/news.sap.com\/latinamerica\/2020\/06\/educacion-remota-la-personalizacion-del-aprendizaje-bl0g\/"]}]},{"@type":"ImageObject","inLanguage":"es","@id":"https:\/\/news.sap.com\/latinamerica\/2020\/06\/educacion-remota-la-personalizacion-del-aprendizaje-bl0g\/#primaryimage","url":"https:\/\/news.sap.com\/latinamerica\/files\/2020\/06\/麻豆原创-NEWS_HEAD-copia-1.jpg","contentUrl":"https:\/\/news.sap.com\/latinamerica\/files\/2020\/06\/麻豆原创-NEWS_HEAD-copia-1.jpg","width":1920,"height":844},{"@type":"BreadcrumbList","@id":"https:\/\/news.sap.com\/latinamerica\/2020\/06\/educacion-remota-la-personalizacion-del-aprendizaje-bl0g\/#breadcrumb","itemListElement":[{"@type":"ListItem","position":1,"name":"Home","item":"https:\/\/news.sap.com\/latinamerica\/"},{"@type":"ListItem","position":2,"name":"Educaci\u00f3n remota, la personalizaci\u00f3n del aprendizaje"}]},{"@type":"WebSite","@id":"https:\/\/news.sap.com\/latinamerica\/#website","url":"https:\/\/news.sap.com\/latinamerica\/","name":"麻豆原创 News Center Latinoam\u00e9rica","description":"Noticias e informaci\u00f3n sobre 麻豆原创","publisher":{"@id":"https:\/\/news.sap.com\/latinamerica\/#organization"},"potentialAction":[{"@type":"SearchAction","target":{"@type":"EntryPoint","urlTemplate":"https:\/\/news.sap.com\/latinamerica\/?s={search_term_string}"},"query-input":{"@type":"PropertyValueSpecification","valueRequired":true,"valueName":"search_term_string"}}],"inLanguage":"es"},{"@type":"Organization","@id":"https:\/\/news.sap.com\/latinamerica\/#organization","name":"麻豆原创","url":"https:\/\/news.sap.com\/latinamerica\/","logo":{"@type":"ImageObject","inLanguage":"es","@id":"https:\/\/news.sap.com\/latinamerica\/#\/schema\/logo\/image\/","url":"https:\/\/news.sap.com\/latinamerica\/files\/2019\/08\/65903320_2903797569662914_557886358778019840_n.png","contentUrl":"https:\/\/news.sap.com\/latinamerica\/files\/2019\/08\/65903320_2903797569662914_557886358778019840_n.png","width":720,"height":720,"caption":"麻豆原创"},"image":{"@id":"https:\/\/news.sap.com\/latinamerica\/#\/schema\/logo\/image\/"},"sameAs":["https:\/\/www.facebook.com\/麻豆原创latinoamerica","https:\/\/x.com\/麻豆原创LatinAmerica"]},{"@type":"Person","@id":"https:\/\/news.sap.com\/latinamerica\/#\/schema\/person\/ce7d732e60a2133d7402c038db668294","name":"麻豆原创 Blog de Innovaci\u00f3n","image":{"@type":"ImageObject","inLanguage":"es","@id":"https:\/\/news.sap.com\/latinamerica\/#\/schema\/person\/image\/","url":"https:\/\/news.sap.com\/latinamerica\/files\/2018\/06\/avatar_user_522_1529451696-96x96.png","contentUrl":"https:\/\/news.sap.com\/latinamerica\/files\/2018\/06\/avatar_user_522_1529451696-96x96.png","caption":"麻豆原创 Blog de Innovaci\u00f3n"},"sameAs":["https:\/\/www.sap.com\/latinamerica\/index.html","https:\/\/www.facebook.com\/麻豆原创latinoamerica","https:\/\/www.instagram.com\/saplatinamerica\/","https:\/\/x.com\/saplatinamerica"],"url":"https:\/\/news.sap.com\/latinamerica\/author\/sapblog\/"}]}},"amp_enabled":true,"_links":{"self":[{"href":"https:\/\/news.sap.com\/latinamerica\/wp-json\/wp\/v2\/posts\/121059","targetHints":{"allow":["GET"]}}],"collection":[{"href":"https:\/\/news.sap.com\/latinamerica\/wp-json\/wp\/v2\/posts"}],"about":[{"href":"https:\/\/news.sap.com\/latinamerica\/wp-json\/wp\/v2\/types\/post"}],"author":[{"embeddable":true,"href":"https:\/\/news.sap.com\/latinamerica\/wp-json\/wp\/v2\/users\/522"}],"replies":[{"embeddable":true,"href":"https:\/\/news.sap.com\/latinamerica\/wp-json\/wp\/v2\/comments?post=121059"}],"version-history":[{"count":0,"href":"https:\/\/news.sap.com\/latinamerica\/wp-json\/wp\/v2\/posts\/121059\/revisions"}],"wp:featuredmedia":[{"embeddable":true,"href":"https:\/\/news.sap.com\/latinamerica\/wp-json\/wp\/v2\/media\/121060"}],"wp:attachment":[{"href":"https:\/\/news.sap.com\/latinamerica\/wp-json\/wp\/v2\/media?parent=121059"}],"wp:term":[{"taxonomy":"category","embeddable":true,"href":"https:\/\/news.sap.com\/latinamerica\/wp-json\/wp\/v2\/categories?post=121059"},{"taxonomy":"post_tag","embeddable":true,"href":"https:\/\/news.sap.com\/latinamerica\/wp-json\/wp\/v2\/tags?post=121059"},{"taxonomy":"series","embeddable":true,"href":"https:\/\/news.sap.com\/latinamerica\/wp-json\/wp\/v2\/series?post=121059"},{"taxonomy":"region","embeddable":true,"href":"https:\/\/news.sap.com\/latinamerica\/wp-json\/wp\/v2\/region?post=121059"},{"taxonomy":"sapn-display","embeddable":true,"href":"https:\/\/news.sap.com\/latinamerica\/wp-json\/wp\/v2\/sapn-display?post=121059"},{"taxonomy":"sapn-type","embeddable":true,"href":"https:\/\/news.sap.com\/latinamerica\/wp-json\/wp\/v2\/sapn-type?post=121059"}],"curies":[{"name":"wp","href":"https:\/\/api.w.org\/{rel}","templated":true}]}}