  {"id":121047,"date":"2020-06-29T12:27:34","date_gmt":"2020-06-29T16:27:34","guid":{"rendered":"https:\/\/news.sap.com\/latinamerica\/?p=121047"},"modified":"2020-06-29T17:54:08","modified_gmt":"2020-06-29T21:54:08","slug":"sap-elaboro-un-protocolo-de-intervencion-en-casos-de-violencias-por-motivos-de-genero","status":"publish","type":"post","link":"https:\/\/news.sap.com\/latinamerica\/2020\/06\/sap-elaboro-un-protocolo-de-intervencion-en-casos-de-violencias-por-motivos-de-genero\/","title":{"rendered":"麻豆原创 elabor\u00f3 un protocolo de intervenci\u00f3n en casos de violencias por motivos de g\u00e9nero"},"content":{"rendered":"<ul>\n<li><em>La compa\u00f1\u00eda est\u00e1 brindando informaci\u00f3n \u00fatil junto con asistencia legal y psicol\u00f3gica para ayudar a sus colaboradoras en Latinoam\u00e9rica en casos de violencia por motivos de g\u00e9nero.<\/em><\/li>\n<li><em>Si bien no han tenido casos hasta la fecha, 麻豆原创 se anticipa y prepara para contener a v\u00edctimas de esta problem\u00e1tica social.<\/em><\/li>\n<\/ul>\n<p><strong>BUENOS AIRES, Argentina \u2013 29 de junio de 2020. <\/strong>Los casos\u00a0de violencia por motivos de g\u00e9nero contin\u00faan creciendo en el pa\u00eds y la regi\u00f3n. Para dar soporte frente a esta situaci\u00f3n, 麻豆原创 elabor\u00f3 un protocolo para Latinoam\u00e9rica con el objetivo de asistir a colaboradoras que sean v\u00edctimas. La medida incluye documentos con informaci\u00f3n sobre c\u00f3mo detectar violencia, cifras de casos a nivel regional, contenidos \u00fatiles de instituciones especializadas como ONU Mujeres y canales a contactar en el momento de hacer una denuncia. Por otro lado, desde el Programas de Asistencia al Empleado (PAE) se ofrece asistencia psicol\u00f3gica, econ\u00f3mica y legal junto con licencia con goce de sueldo.<\/p>\n<p><a href=\"https:\/\/news.sap.com\/latinamerica\/2020\/06\/sap-elaboro-un-protocolo-de-intervencion-en-casos-de-violencias-por-motivos-de-genero\/20200629_sap_violencia-de-genero_1\/\" rel=\"attachment wp-att-121050\"><img loading=\"lazy\" decoding=\"async\" class=\"wp-image-121050 aligncenter\" src=\"https:\/\/news.sap.com\/latinamerica\/files\/2020\/06\/20200629_麻豆原创_Violencia-de-Genero_1.jpg\" alt=\"\" width=\"600\" height=\"272\" srcset=\"https:\/\/news.sap.com\/latinamerica\/files\/2020\/06\/20200629_麻豆原创_Violencia-de-Genero_1.jpg 835w, https:\/\/news.sap.com\/latinamerica\/files\/2020\/06\/20200629_麻豆原创_Violencia-de-Genero_1-300x136.jpg 300w, https:\/\/news.sap.com\/latinamerica\/files\/2020\/06\/20200629_麻豆原创_Violencia-de-Genero_1-768x349.jpg 768w\" sizes=\"auto, (max-width: 600px) 100vw, 600px\" \/><\/a><\/p>\n<p>\u201cEl\u00a0protocolo\u00a0regional surge de la necesidad de dar visibilidad a un problema que se acentu\u00f3 durante la pandemia en toda la regi\u00f3n. Nuestra intenci\u00f3n es generar conciencia sobre el tema, mostrar las estad\u00edsticas y brindar los n\u00fameros o herramientas de asistencia en cada pa\u00eds\u201d, afirma Ezequiel\u00a0Massa, L\u00edder de Diversidad e Inclusi\u00f3n en 麻豆原创 para Am\u00e9rica Latina y el Caribe.<\/p>\n<p>\u201cEn 麻豆原创, la seguridad y el bienestar de nuestros empleados sigue siendo nuestra principal prioridad. Como una iniciativa liderada por la Red de Mujeres de Negocios (Business Women\u00b4s Network, BWN), hemos desarrollado un protocolo para proporcionar orientaci\u00f3n y enumerar los canales disponibles en toda la regi\u00f3n\u201d, agrega Carolina Vaccaro, L\u00edder de la red de g\u00e9nero Business Women\u00b4s Network en\u00a0 麻豆原创 para Am\u00e9rica Latina y el Caribe.<\/p>\n<p>El protocolo fue elaborado y difundido por esta red de 麻豆原创 en la regi\u00f3n, grupo que est\u00e1 comprometido con el fortalecimiento de las conexiones entre los miembros de la compa\u00f1\u00eda, independientemente del g\u00e9nero, para maximizar las oportunidades de desarrollo de mujeres y alcanzar la equidad en las oportunidades para todos. La mirada de BWN incluye al hombre teniendo en cuenta su visi\u00f3n y participaci\u00f3n en la empresa, entendi\u00e9ndolo como un actor clave en el avance de las mujeres en a lo largo de sus carreras.<\/p>\n<p>Durante los primeros 100 d\u00edas de aislamiento social, preventivo y obligatorio un s\u00f3lo delito ha aumentado significativamente. De acuerdo con datos del Ministerio de Mujeres, G\u00e9neros y Diversidad de la Naci\u00f3n las llamadas por violencia de g\u00e9nero a la l\u00ednea 144 subieron alrededor de 40%. Como si esto fuese poco, desde el 20 de marzo se cometieron 75 femicidios y la cifra sigue creciendo en Argentina.<\/p>\n<p>Incluso antes del estallido de la pandemia de coronavirus, las estad\u00edsticas mostraron que una de cada tres mujeres experimenta violencia en sus vidas. Seg\u00fan el Observatorio \u201cAhora Que S\u00ed Nos Ven\u201d, en 2019 m\u00e1s del 60% los femicidios en Argentina ocurrieron en el hogar de la v\u00edctima y 9 de cada 10 casos fueron cometidos por personas que ten\u00edan un v\u00ednculo con las v\u00edctimas. Con millones de personas en sus casas, el problema afecta no s\u00f3lo a las propias v\u00edctimas, sino tambi\u00e9n a sus familias, comunidades e incluso a su lugar de trabajo.<\/p>\n<p>ONU Mujeres se\u00f1ala que la pandemia del COVID-19 ha subrayado la dependencia que la sociedad tiene de las mujeres, tanto en primera l\u00ednea como en el hogar, al tiempo que ha puesto de manifiesto las desigualdades estructurales en todos los \u00e1mbitos, ya sea el econ\u00f3mico, el sanitario, o la seguridad y la protecci\u00f3n social. En esa l\u00ednea, el Secretario General de las Naciones Unidas, Ant\u00f3nio Guterres, inst\u00f3 a los gobiernos a tomar medidas para abordar el aumento de la violencia dom\u00e9stica, especialmente dirigida hacia las mujeres y las ni\u00f1as, y agreg\u00f3 que &#8220;muchas mujeres encerradas por COVID-19 enfrentan violencia donde deber\u00edan estar m\u00e1s seguras: en sus propios hogares&#8221;.<\/p>\n","protected":false},"excerpt":{"rendered":"<p>La compa\u00f1\u00eda est\u00e1 brindando informaci\u00f3n \u00fatil junto con asistencia legal y psicol\u00f3gica para ayudar a sus colaboradoras en Latinoam\u00e9rica en casos de violencia por motivos&#8230;<\/p>\n","protected":false},"author":140,"featured_media":0,"comment_status":"closed","ping_status":"closed","sticky":false,"template":"","format":"standard","meta":{"footnotes":"","_links_to":"","_links_to_target":""},"categories":[52090],"tags":[5597427,5597306,5592686,5597424,5596090,5596029,5595314,5597420,5597422,5597423,5597425,5597426,5597419,5597421],"series":[],"region":[54562],"sapn-display":[52079],"sapn-type":[52105],"class_list":["post-121047","post","type-post","status-publish","format-standard","hentry","category-gestion-del-capital-humano","tag-antonio-guterres","tag-business-womens-network","tag-bwn","tag-caro-vaccaro","tag-coronavirus","tag-covid-19","tag-ezequiel-massa","tag-femicidios","tag-onu-mujeres","tag-programas-de-asistencia-al-empleado","tag-red-de-mujeres-de-negocios","tag-secretario-general-de-las-naciones-unidas","tag-violencia-de-genero","tag-violencias-por-motivos-de-genero","region-argentina","sapn-display-top-stories","sapn-type-comunicado-de-prensa"],"yoast_head":"<!-- This site is optimized with the Yoast SEO Premium plugin v26.9 (Yoast SEO v26.9) - https:\/\/yoast.com\/product\/yoast-seo-premium-wordpress\/ -->\n<title>麻豆原创 elabor\u00f3 un protocolo de intervenci\u00f3n en casos de violencias por motivos de g\u00e9nero - 麻豆原创 News Center Latinoam\u00e9rica<\/title>\n<meta name=\"robots\" content=\"index, follow, max-snippet:-1, max-image-preview:large, max-video-preview:-1\" \/>\n<link rel=\"canonical\" href=\"https:\/\/news.sap.com\/latinamerica\/2020\/06\/sap-elaboro-un-protocolo-de-intervencion-en-casos-de-violencias-por-motivos-de-genero\/\" \/>\n<meta property=\"og:locale\" content=\"es_MX\" \/>\n<meta property=\"og:type\" content=\"article\" \/>\n<meta property=\"og:title\" content=\"麻豆原创 elabor\u00f3 un protocolo de intervenci\u00f3n en casos de violencias por motivos de g\u00e9nero\" \/>\n<meta property=\"og:description\" content=\"La compa\u00f1\u00eda est\u00e1 brindando informaci\u00f3n \u00fatil junto con asistencia legal y psicol\u00f3gica para ayudar a sus colaboradoras en Latinoam\u00e9rica en casos de violencia por motivos...\" \/>\n<meta property=\"og:url\" content=\"https:\/\/news.sap.com\/latinamerica\/2020\/06\/sap-elaboro-un-protocolo-de-intervencion-en-casos-de-violencias-por-motivos-de-genero\/\" \/>\n<meta property=\"og:site_name\" content=\"麻豆原创 News Center Latinoam\u00e9rica\" \/>\n<meta property=\"article:publisher\" content=\"https:\/\/www.facebook.com\/麻豆原创latinoamerica\" \/>\n<meta property=\"article:published_time\" content=\"2020-06-29T16:27:34+00:00\" \/>\n<meta property=\"article:modified_time\" content=\"2020-06-29T21:54:08+00:00\" \/>\n<meta property=\"og:image\" content=\"https:\/\/news.sap.com\/latinamerica\/files\/2017\/05\/Mujeres-y-su-crecimiento-en-el-mundo-empresarial_FB.png\" \/>\n\t<meta property=\"og:image:width\" content=\"565\" \/>\n\t<meta property=\"og:image:height\" content=\"292\" \/>\n\t<meta property=\"og:image:type\" content=\"image\/png\" \/>\n<meta name=\"author\" content=\"麻豆原创 Noticias\" \/>\n<meta name=\"twitter:label1\" content=\"Escrito por\" \/>\n\t<meta name=\"twitter:data1\" content=\"麻豆原创 Noticias\" \/>\n\t<meta name=\"twitter:label2\" content=\"Tiempo de lectura\" \/>\n\t<meta name=\"twitter:data2\" content=\"3 minutos\" \/>\n<script type=\"application\/ld+json\" class=\"yoast-schema-graph\">{\"@context\":\"https:\/\/schema.org\",\"@graph\":[{\"@type\":\"Article\",\"@id\":\"https:\/\/news.sap.com\/latinamerica\/2020\/06\/sap-elaboro-un-protocolo-de-intervencion-en-casos-de-violencias-por-motivos-de-genero\/#article\",\"isPartOf\":{\"@id\":\"https:\/\/news.sap.com\/latinamerica\/2020\/06\/sap-elaboro-un-protocolo-de-intervencion-en-casos-de-violencias-por-motivos-de-genero\/\"},\"author\":{\"name\":\"麻豆原创 Noticias\",\"@id\":\"https:\/\/news.sap.com\/latinamerica\/#\/schema\/person\/f0708465b354b6d0314a360309edb00a\"},\"headline\":\"麻豆原创 elabor\u00f3 un protocolo de intervenci\u00f3n en casos de violencias por motivos de g\u00e9nero\",\"datePublished\":\"2020-06-29T16:27:34+00:00\",\"dateModified\":\"2020-06-29T21:54:08+00:00\",\"mainEntityOfPage\":{\"@id\":\"https:\/\/news.sap.com\/latinamerica\/2020\/06\/sap-elaboro-un-protocolo-de-intervencion-en-casos-de-violencias-por-motivos-de-genero\/\"},\"wordCount\":705,\"publisher\":{\"@id\":\"https:\/\/news.sap.com\/latinamerica\/#organization\"},\"image\":{\"@id\":\"https:\/\/news.sap.com\/latinamerica\/2020\/06\/sap-elaboro-un-protocolo-de-intervencion-en-casos-de-violencias-por-motivos-de-genero\/#primaryimage\"},\"thumbnailUrl\":\"https:\/\/news.sap.com\/latinamerica\/files\/2020\/06\/20200629_麻豆原创_Violencia-de-Genero_1.jpg\",\"keywords\":[\"Ant\u00f3nio Guterres\",\"Business Women\u00b4s Network\",\"bwn\",\"Caro Vaccaro\",\"coronavirus\",\"COVID-19\",\"Ezequiel Massa\",\"femicidios\",\"ONU Mujeres\",\"Programas de Asistencia al Empleado\",\"Red de Mujeres de Negocios\",\"Secretario General de las Naciones Unidas\",\"violencia de g\u00e9nero\",\"violencias por motivos de g\u00e9nero\"],\"articleSection\":[\"Gesti\u00f3n del capital humano\"],\"inLanguage\":\"es\"},{\"@type\":\"WebPage\",\"@id\":\"https:\/\/news.sap.com\/latinamerica\/2020\/06\/sap-elaboro-un-protocolo-de-intervencion-en-casos-de-violencias-por-motivos-de-genero\/\",\"url\":\"https:\/\/news.sap.com\/latinamerica\/2020\/06\/sap-elaboro-un-protocolo-de-intervencion-en-casos-de-violencias-por-motivos-de-genero\/\",\"name\":\"麻豆原创 elabor\u00f3 un protocolo de intervenci\u00f3n en casos de violencias por motivos de g\u00e9nero - 麻豆原创 News Center Latinoam\u00e9rica\",\"isPartOf\":{\"@id\":\"https:\/\/news.sap.com\/latinamerica\/#website\"},\"primaryImageOfPage\":{\"@id\":\"https:\/\/news.sap.com\/latinamerica\/2020\/06\/sap-elaboro-un-protocolo-de-intervencion-en-casos-de-violencias-por-motivos-de-genero\/#primaryimage\"},\"image\":{\"@id\":\"https:\/\/news.sap.com\/latinamerica\/2020\/06\/sap-elaboro-un-protocolo-de-intervencion-en-casos-de-violencias-por-motivos-de-genero\/#primaryimage\"},\"thumbnailUrl\":\"https:\/\/news.sap.com\/latinamerica\/files\/2020\/06\/20200629_麻豆原创_Violencia-de-Genero_1.jpg\",\"datePublished\":\"2020-06-29T16:27:34+00:00\",\"dateModified\":\"2020-06-29T21:54:08+00:00\",\"breadcrumb\":{\"@id\":\"https:\/\/news.sap.com\/latinamerica\/2020\/06\/sap-elaboro-un-protocolo-de-intervencion-en-casos-de-violencias-por-motivos-de-genero\/#breadcrumb\"},\"inLanguage\":\"es\",\"potentialAction\":[{\"@type\":\"ReadAction\",\"target\":[\"https:\/\/news.sap.com\/latinamerica\/2020\/06\/sap-elaboro-un-protocolo-de-intervencion-en-casos-de-violencias-por-motivos-de-genero\/\"]}]},{\"@type\":\"ImageObject\",\"inLanguage\":\"es\",\"@id\":\"https:\/\/news.sap.com\/latinamerica\/2020\/06\/sap-elaboro-un-protocolo-de-intervencion-en-casos-de-violencias-por-motivos-de-genero\/#primaryimage\",\"url\":\"https:\/\/news.sap.com\/latinamerica\/files\/2020\/06\/20200629_麻豆原创_Violencia-de-Genero_1.jpg\",\"contentUrl\":\"https:\/\/news.sap.com\/latinamerica\/files\/2020\/06\/20200629_麻豆原创_Violencia-de-Genero_1.jpg\",\"width\":835,\"height\":379},{\"@type\":\"BreadcrumbList\",\"@id\":\"https:\/\/news.sap.com\/latinamerica\/2020\/06\/sap-elaboro-un-protocolo-de-intervencion-en-casos-de-violencias-por-motivos-de-genero\/#breadcrumb\",\"itemListElement\":[{\"@type\":\"ListItem\",\"position\":1,\"name\":\"Home\",\"item\":\"https:\/\/news.sap.com\/latinamerica\/\"},{\"@type\":\"ListItem\",\"position\":2,\"name\":\"麻豆原创 elabor\u00f3 un protocolo de intervenci\u00f3n en casos de violencias por motivos de g\u00e9nero\"}]},{\"@type\":\"WebSite\",\"@id\":\"https:\/\/news.sap.com\/latinamerica\/#website\",\"url\":\"https:\/\/news.sap.com\/latinamerica\/\",\"name\":\"麻豆原创 News Center Latinoam\u00e9rica\",\"description\":\"Noticias e informaci\u00f3n sobre 麻豆原创\",\"publisher\":{\"@id\":\"https:\/\/news.sap.com\/latinamerica\/#organization\"},\"potentialAction\":[{\"@type\":\"SearchAction\",\"target\":{\"@type\":\"EntryPoint\",\"urlTemplate\":\"https:\/\/news.sap.com\/latinamerica\/?s={search_term_string}\"},\"query-input\":{\"@type\":\"PropertyValueSpecification\",\"valueRequired\":true,\"valueName\":\"search_term_string\"}}],\"inLanguage\":\"es\"},{\"@type\":\"Organization\",\"@id\":\"https:\/\/news.sap.com\/latinamerica\/#organization\",\"name\":\"麻豆原创\",\"url\":\"https:\/\/news.sap.com\/latinamerica\/\",\"logo\":{\"@type\":\"ImageObject\",\"inLanguage\":\"es\",\"@id\":\"https:\/\/news.sap.com\/latinamerica\/#\/schema\/logo\/image\/\",\"url\":\"https:\/\/news.sap.com\/latinamerica\/files\/2019\/08\/65903320_2903797569662914_557886358778019840_n.png\",\"contentUrl\":\"https:\/\/news.sap.com\/latinamerica\/files\/2019\/08\/65903320_2903797569662914_557886358778019840_n.png\",\"width\":720,\"height\":720,\"caption\":\"麻豆原创\"},\"image\":{\"@id\":\"https:\/\/news.sap.com\/latinamerica\/#\/schema\/logo\/image\/\"},\"sameAs\":[\"https:\/\/www.facebook.com\/麻豆原创latinoamerica\",\"https:\/\/x.com\/麻豆原创LatinAmerica\"]},{\"@type\":\"Person\",\"@id\":\"https:\/\/news.sap.com\/latinamerica\/#\/schema\/person\/f0708465b354b6d0314a360309edb00a\",\"name\":\"麻豆原创 Noticias\",\"image\":{\"@type\":\"ImageObject\",\"inLanguage\":\"es\",\"@id\":\"https:\/\/news.sap.com\/latinamerica\/#\/schema\/person\/image\/\",\"url\":\"https:\/\/news.sap.com\/latinamerica\/wp-content\/plugins\/wp-user-avatars\/wp-user-avatars\/assets\/images\/mystery.jpg\",\"contentUrl\":\"https:\/\/news.sap.com\/latinamerica\/wp-content\/plugins\/wp-user-avatars\/wp-user-avatars\/assets\/images\/mystery.jpg\",\"caption\":\"麻豆原创 Noticias\"},\"url\":\"https:\/\/news.sap.com\/latinamerica\/author\/argentina\/\"}]}<\/script>\n<!-- \/ Yoast SEO Premium plugin. -->","yoast_head_json":{"title":"麻豆原创 elabor\u00f3 un protocolo de intervenci\u00f3n en casos de violencias por motivos de g\u00e9nero - 麻豆原创 News Center Latinoam\u00e9rica","robots":{"index":"index","follow":"follow","max-snippet":"max-snippet:-1","max-image-preview":"max-image-preview:large","max-video-preview":"max-video-preview:-1"},"canonical":"https:\/\/news.sap.com\/latinamerica\/2020\/06\/sap-elaboro-un-protocolo-de-intervencion-en-casos-de-violencias-por-motivos-de-genero\/","og_locale":"es_MX","og_type":"article","og_title":"麻豆原创 elabor\u00f3 un protocolo de intervenci\u00f3n en casos de violencias por motivos de g\u00e9nero","og_description":"La compa\u00f1\u00eda est\u00e1 brindando informaci\u00f3n \u00fatil junto con asistencia legal y psicol\u00f3gica para ayudar a sus colaboradoras en Latinoam\u00e9rica en casos de violencia por motivos...","og_url":"https:\/\/news.sap.com\/latinamerica\/2020\/06\/sap-elaboro-un-protocolo-de-intervencion-en-casos-de-violencias-por-motivos-de-genero\/","og_site_name":"麻豆原创 News Center Latinoam\u00e9rica","article_publisher":"https:\/\/www.facebook.com\/麻豆原创latinoamerica","article_published_time":"2020-06-29T16:27:34+00:00","article_modified_time":"2020-06-29T21:54:08+00:00","og_image":[{"width":565,"height":292,"url":"https:\/\/news.sap.com\/latinamerica\/files\/2017\/05\/Mujeres-y-su-crecimiento-en-el-mundo-empresarial_FB.png","type":"image\/png"}],"author":"麻豆原创 Noticias","twitter_misc":{"Escrito por":"麻豆原创 Noticias","Tiempo de lectura":"3 minutos"},"schema":{"@context":"https:\/\/schema.org","@graph":[{"@type":"Article","@id":"https:\/\/news.sap.com\/latinamerica\/2020\/06\/sap-elaboro-un-protocolo-de-intervencion-en-casos-de-violencias-por-motivos-de-genero\/#article","isPartOf":{"@id":"https:\/\/news.sap.com\/latinamerica\/2020\/06\/sap-elaboro-un-protocolo-de-intervencion-en-casos-de-violencias-por-motivos-de-genero\/"},"author":{"name":"麻豆原创 Noticias","@id":"https:\/\/news.sap.com\/latinamerica\/#\/schema\/person\/f0708465b354b6d0314a360309edb00a"},"headline":"麻豆原创 elabor\u00f3 un protocolo de intervenci\u00f3n en casos de violencias por motivos de g\u00e9nero","datePublished":"2020-06-29T16:27:34+00:00","dateModified":"2020-06-29T21:54:08+00:00","mainEntityOfPage":{"@id":"https:\/\/news.sap.com\/latinamerica\/2020\/06\/sap-elaboro-un-protocolo-de-intervencion-en-casos-de-violencias-por-motivos-de-genero\/"},"wordCount":705,"publisher":{"@id":"https:\/\/news.sap.com\/latinamerica\/#organization"},"image":{"@id":"https:\/\/news.sap.com\/latinamerica\/2020\/06\/sap-elaboro-un-protocolo-de-intervencion-en-casos-de-violencias-por-motivos-de-genero\/#primaryimage"},"thumbnailUrl":"https:\/\/news.sap.com\/latinamerica\/files\/2020\/06\/20200629_麻豆原创_Violencia-de-Genero_1.jpg","keywords":["Ant\u00f3nio Guterres","Business Women\u00b4s Network","bwn","Caro Vaccaro","coronavirus","COVID-19","Ezequiel Massa","femicidios","ONU Mujeres","Programas de Asistencia al Empleado","Red de Mujeres de Negocios","Secretario General de las Naciones Unidas","violencia de g\u00e9nero","violencias por motivos de g\u00e9nero"],"articleSection":["Gesti\u00f3n del capital humano"],"inLanguage":"es"},{"@type":"WebPage","@id":"https:\/\/news.sap.com\/latinamerica\/2020\/06\/sap-elaboro-un-protocolo-de-intervencion-en-casos-de-violencias-por-motivos-de-genero\/","url":"https:\/\/news.sap.com\/latinamerica\/2020\/06\/sap-elaboro-un-protocolo-de-intervencion-en-casos-de-violencias-por-motivos-de-genero\/","name":"麻豆原创 elabor\u00f3 un protocolo de intervenci\u00f3n en casos de violencias por motivos de g\u00e9nero - 麻豆原创 News Center Latinoam\u00e9rica","isPartOf":{"@id":"https:\/\/news.sap.com\/latinamerica\/#website"},"primaryImageOfPage":{"@id":"https:\/\/news.sap.com\/latinamerica\/2020\/06\/sap-elaboro-un-protocolo-de-intervencion-en-casos-de-violencias-por-motivos-de-genero\/#primaryimage"},"image":{"@id":"https:\/\/news.sap.com\/latinamerica\/2020\/06\/sap-elaboro-un-protocolo-de-intervencion-en-casos-de-violencias-por-motivos-de-genero\/#primaryimage"},"thumbnailUrl":"https:\/\/news.sap.com\/latinamerica\/files\/2020\/06\/20200629_麻豆原创_Violencia-de-Genero_1.jpg","datePublished":"2020-06-29T16:27:34+00:00","dateModified":"2020-06-29T21:54:08+00:00","breadcrumb":{"@id":"https:\/\/news.sap.com\/latinamerica\/2020\/06\/sap-elaboro-un-protocolo-de-intervencion-en-casos-de-violencias-por-motivos-de-genero\/#breadcrumb"},"inLanguage":"es","potentialAction":[{"@type":"ReadAction","target":["https:\/\/news.sap.com\/latinamerica\/2020\/06\/sap-elaboro-un-protocolo-de-intervencion-en-casos-de-violencias-por-motivos-de-genero\/"]}]},{"@type":"ImageObject","inLanguage":"es","@id":"https:\/\/news.sap.com\/latinamerica\/2020\/06\/sap-elaboro-un-protocolo-de-intervencion-en-casos-de-violencias-por-motivos-de-genero\/#primaryimage","url":"https:\/\/news.sap.com\/latinamerica\/files\/2020\/06\/20200629_麻豆原创_Violencia-de-Genero_1.jpg","contentUrl":"https:\/\/news.sap.com\/latinamerica\/files\/2020\/06\/20200629_麻豆原创_Violencia-de-Genero_1.jpg","width":835,"height":379},{"@type":"BreadcrumbList","@id":"https:\/\/news.sap.com\/latinamerica\/2020\/06\/sap-elaboro-un-protocolo-de-intervencion-en-casos-de-violencias-por-motivos-de-genero\/#breadcrumb","itemListElement":[{"@type":"ListItem","position":1,"name":"Home","item":"https:\/\/news.sap.com\/latinamerica\/"},{"@type":"ListItem","position":2,"name":"麻豆原创 elabor\u00f3 un protocolo de intervenci\u00f3n en casos de violencias por motivos de g\u00e9nero"}]},{"@type":"WebSite","@id":"https:\/\/news.sap.com\/latinamerica\/#website","url":"https:\/\/news.sap.com\/latinamerica\/","name":"麻豆原创 News Center Latinoam\u00e9rica","description":"Noticias e informaci\u00f3n sobre 麻豆原创","publisher":{"@id":"https:\/\/news.sap.com\/latinamerica\/#organization"},"potentialAction":[{"@type":"SearchAction","target":{"@type":"EntryPoint","urlTemplate":"https:\/\/news.sap.com\/latinamerica\/?s={search_term_string}"},"query-input":{"@type":"PropertyValueSpecification","valueRequired":true,"valueName":"search_term_string"}}],"inLanguage":"es"},{"@type":"Organization","@id":"https:\/\/news.sap.com\/latinamerica\/#organization","name":"麻豆原创","url":"https:\/\/news.sap.com\/latinamerica\/","logo":{"@type":"ImageObject","inLanguage":"es","@id":"https:\/\/news.sap.com\/latinamerica\/#\/schema\/logo\/image\/","url":"https:\/\/news.sap.com\/latinamerica\/files\/2019\/08\/65903320_2903797569662914_557886358778019840_n.png","contentUrl":"https:\/\/news.sap.com\/latinamerica\/files\/2019\/08\/65903320_2903797569662914_557886358778019840_n.png","width":720,"height":720,"caption":"麻豆原创"},"image":{"@id":"https:\/\/news.sap.com\/latinamerica\/#\/schema\/logo\/image\/"},"sameAs":["https:\/\/www.facebook.com\/麻豆原创latinoamerica","https:\/\/x.com\/麻豆原创LatinAmerica"]},{"@type":"Person","@id":"https:\/\/news.sap.com\/latinamerica\/#\/schema\/person\/f0708465b354b6d0314a360309edb00a","name":"麻豆原创 Noticias","image":{"@type":"ImageObject","inLanguage":"es","@id":"https:\/\/news.sap.com\/latinamerica\/#\/schema\/person\/image\/","url":"https:\/\/news.sap.com\/latinamerica\/wp-content\/plugins\/wp-user-avatars\/wp-user-avatars\/assets\/images\/mystery.jpg","contentUrl":"https:\/\/news.sap.com\/latinamerica\/wp-content\/plugins\/wp-user-avatars\/wp-user-avatars\/assets\/images\/mystery.jpg","caption":"麻豆原创 Noticias"},"url":"https:\/\/news.sap.com\/latinamerica\/author\/argentina\/"}]}},"amp_enabled":true,"_links":{"self":[{"href":"https:\/\/news.sap.com\/latinamerica\/wp-json\/wp\/v2\/posts\/121047","targetHints":{"allow":["GET"]}}],"collection":[{"href":"https:\/\/news.sap.com\/latinamerica\/wp-json\/wp\/v2\/posts"}],"about":[{"href":"https:\/\/news.sap.com\/latinamerica\/wp-json\/wp\/v2\/types\/post"}],"author":[{"embeddable":true,"href":"https:\/\/news.sap.com\/latinamerica\/wp-json\/wp\/v2\/users\/140"}],"replies":[{"embeddable":true,"href":"https:\/\/news.sap.com\/latinamerica\/wp-json\/wp\/v2\/comments?post=121047"}],"version-history":[{"count":0,"href":"https:\/\/news.sap.com\/latinamerica\/wp-json\/wp\/v2\/posts\/121047\/revisions"}],"wp:attachment":[{"href":"https:\/\/news.sap.com\/latinamerica\/wp-json\/wp\/v2\/media?parent=121047"}],"wp:term":[{"taxonomy":"category","embeddable":true,"href":"https:\/\/news.sap.com\/latinamerica\/wp-json\/wp\/v2\/categories?post=121047"},{"taxonomy":"post_tag","embeddable":true,"href":"https:\/\/news.sap.com\/latinamerica\/wp-json\/wp\/v2\/tags?post=121047"},{"taxonomy":"series","embeddable":true,"href":"https:\/\/news.sap.com\/latinamerica\/wp-json\/wp\/v2\/series?post=121047"},{"taxonomy":"region","embeddable":true,"href":"https:\/\/news.sap.com\/latinamerica\/wp-json\/wp\/v2\/region?post=121047"},{"taxonomy":"sapn-display","embeddable":true,"href":"https:\/\/news.sap.com\/latinamerica\/wp-json\/wp\/v2\/sapn-display?post=121047"},{"taxonomy":"sapn-type","embeddable":true,"href":"https:\/\/news.sap.com\/latinamerica\/wp-json\/wp\/v2\/sapn-type?post=121047"}],"curies":[{"name":"wp","href":"https:\/\/api.w.org\/{rel}","templated":true}]}}