  {"id":121044,"date":"2020-06-26T11:42:26","date_gmt":"2020-06-26T15:42:26","guid":{"rendered":"https:\/\/news.sap.com\/latinamerica\/?p=121044"},"modified":"2023-10-27T11:56:43","modified_gmt":"2023-10-27T15:56:43","slug":"sap-mexico-participa-en-el-foro-internacional-de-emprendedores-fiehome","status":"publish","type":"post","link":"https:\/\/news.sap.com\/latinamerica\/2020\/06\/sap-mexico-participa-en-el-foro-internacional-de-emprendedores-fiehome\/","title":{"rendered":"麻豆原创 M\u00e9xico participa en el Foro Internacional de Emprendedores \u201cFIE@Home\u201d"},"content":{"rendered":"<p>&nbsp;<\/p>\n<ul>\n<li style=\"font-weight: 400\"><i><span style=\"font-weight: 400\">J\u00f3venes de 11 pa\u00edses y 22 estados de la Rep\u00fablica Mexicana participan en actividades virtuales durante 4 d\u00edas.<\/span><\/i><\/li>\n<\/ul>\n<ul>\n<li style=\"font-weight: 400\"><span style=\"font-weight: 400\">La tem\u00e1tica de este a\u00f1o esta enfocada en los Objetivos de Desarrollo Sostenible de la agenda 2030.\u00a0<\/span><\/li>\n<\/ul>\n<ul>\n<li style=\"font-weight: 400\"><span style=\"font-weight: 400\">Empresas l\u00edderes en tecnolog\u00eda participan en el evento que forma a futuros lideres mundiales.\u00a0<\/span><\/li>\n<\/ul>\n<p>&nbsp;<\/p>\n<p><strong>CIUDAD DE M\u00c9XICO, M\u00e9xico\u2013 26 de junio de 2020.-<\/strong><i><span style=\"font-weight: 400\">El Foro Internacional de Emprendedores es un programa educativo de JA M\u00e9xico, cuyo objetivo es desarrollar en participantes de 15 a 23 a\u00f1os, aptitudes y actitudes\u00a0 <\/span><\/i><i><span style=\"font-weight: 400\">emprendedoras, as\u00ed como trabajar en el fortalecimiento de sus valores.<\/span><\/i><\/p>\n<p><span style=\"font-weight: 400\">A lo largo de 35 a\u00f1os, m\u00e1s de 20,000 j\u00f3venes han tenido la oportunidad de vivir el Foro\u00a0 Internacional de Emprendedores de forma presencial. Este a\u00f1o, debido a la contingencia a causa del COVID-19, llevaremos a cabo la primera edici\u00f3n digital del foro, <\/span><b><i>\u201cFIE @Home<\/i><\/b><span style=\"font-weight: 400\">, <\/span><i><span style=\"font-weight: 400\">juntos a la distancia\u201d.\u00a0<\/span><\/i><\/p>\n<p><span style=\"font-weight: 400\">Esta pandemia ha generando impactos in\u00e9ditos en todo el planeta, especialmente en la salud humana y en las actividades econ\u00f3micas. El impacto en los emprendimientos y las empresas j\u00f3venes es notable.\u00a0<\/span><\/p>\n<p><span style=\"font-weight: 400\">De acuerdo con la encuesta en 18 pa\u00edses del<\/span><i><span style=\"font-weight: 400\"> Banco Interamericano de Desarrollo, Prodem y la Universidad Nacional de Sarmiento<\/span><\/i><span style=\"font-weight: 400\">; la mitad de los emprendedores encuestados que a\u00fan no hab\u00edan puesto en marcha su emprendimiento interrumpieron el proceso. Y un 53% de los que ya vend\u00edan, dejaron de hacerlo.\u00a0<\/span><\/p>\n<p><span style=\"font-weight: 400\">Si a ello se suman los que han sufrido ca\u00eddas importantes de sus ventas, es posible constatar que ocho de cada 10 est\u00e1n siendo fuertemente afectados por la crisis. Un 84% ha visto muy deteriorado su flujo de fondos y un 75% redujo su actividad productiva.\u00a0<\/span><\/p>\n<p><span style=\"font-weight: 400\">El impacto alcanza a todos, aunque es un tanto menor entre los emprendedores del sector\u00a0 tecnol\u00f3gico. Si se ponen en pr\u00e1ctica las experiencias y aprendizajes previos, sumada al\u00a0 dinamismo, y\/o la tecnolog\u00eda, les permitan a estas empresas j\u00f3venes tener una mayor\u00a0 \u00a0 resiliencia relativa en momentos como los actuales.<\/span><\/p>\n<p><span style=\"font-weight: 400\">Durante 4 d\u00edas, del 25 al 28 de junio, m\u00e1s de 600 j\u00f3venes, tendr\u00e1n conferencias, talleres,\u00a0 \u00a0cert\u00e1menes y m\u00e1s de 15 actividades de manera virtual que impulsaran el desarrollo de los\u00a0 \u00a0 j\u00f3venes emprendedores, convirti\u00e9ndolos en agentes de cambio en su entorno y comunidad.\u00a0<\/span><\/p>\n<p><span style=\"font-weight: 400\">Nuestro eje tem\u00e1tico de este a\u00f1o se basa en los 17 Objetivos de Desarrollo Sostenible\u00a0 planteados por la ONU y aprobados en el 2015 por todos los pa\u00edses, los cuales est\u00e1n\u00a0 \u00a0enfocados a erradicar la pobreza, cuidar el planeta y asegurar la prosperidad para todos antes del 2030.\u00a0<\/span><\/p>\n<p><span style=\"font-weight: 400\">Gracias a la colaboraci\u00f3n de empresas como Dell Technologies y 麻豆原创 M\u00e9xico, los\u00a0 participantes del Foro Internacional de Emprendedores tendr\u00e1n un mayor acercamiento a las\u00a0 herramientas tecnol\u00f3gicas, las cuales ayudar\u00e1n a los participantes para que emprendan dentro del nuevo entorno, impulsando los Objetivos de Desarrollo Sostenible. Esta es tarea de todas y todos y las nuevas tecnolog\u00edas son grandes aliadas para lograr estos prop\u00f3sitos.\u00a0\u00a0<\/span><\/p>\n<blockquote><p><b>Adri\u00e1n Sotres, Director Desarrollo Institucional y Comunicaci\u00f3n de JA M\u00e9xico, <\/b><span style=\"font-weight: 400\">mencion\u00f3<\/span><b>:\u00a0<\/b><b>\u201c<\/b><span style=\"font-weight: 400\">Ante la contingencia generada por el COVID-19 y el impacto econ\u00f3mico que se ver\u00e1 reflejado en la vida de los j\u00f3venes, en Junior Achievement nos hemos dado a la tarea de desarrollar \u00a0 plataformas y contenidos digitales, que como el FIE, nos permite brindarles herramientas en materia de Emprendimiento e Innovaci\u00f3n, con una visi\u00f3n global los ODS que promueve la ONU. En la primera edici\u00f3n del FIE Digital, estaremos creando la base de una nueva\u00a0 generaci\u00f3n de j\u00f3venes m\u00e1s resiliente y que ser\u00e1n agentes de cambio en M\u00e9xico y\u00a0 Latinoam\u00e9rica. Sin duda, nuestra meta es transformar la vida de cada participante.\u201d<\/span><\/p>\n<p><b>Raquel Macias, directora de Asuntos Corporativos y Responsabilidad Social, <\/b><span style=\"font-weight: 400\">mencion\u00f3:\u00a0<\/span><span style=\"font-weight: 400\">\u201cHoy m\u00e1s que nunca, el fortalecimiento de habilidades blandas en j\u00f3venes, as\u00ed como su\u00a0 capacidad de readaptaci\u00f3n, son elementos fundamentales no solo para que enfrenten las\u00a0 adversidades presentes, sino para que desarrollen resiliencia y puedan sortear cualquier reto. De ah\u00ed la colaboraci\u00f3n de 麻豆原创 con organizaciones como Junior Achievement, con quien, a trav\u00e9s del Foro Internacional de Emprendedores, acercamos a j\u00f3venes al emprendimiento, la tecnolog\u00eda y la innovaci\u00f3n para generar ideas de negocio que contribuyan al desarrollo sostenible.\u201d<\/span><\/p>\n<p><b>Miguel \u00c1ngel P\u00e9rez Dell Technologies M\u00e9xico HR Business Partner Commercial\u00a0<\/b><b>&amp; Entrerprise Dell, <\/b><span style=\"font-weight: 400\">mencion\u00f3:<\/span><span style=\"font-weight: 400\">&#8220;En Dell Technologies tenemos el prop\u00f3sito de crear tecnolog\u00edas que impulsen el progreso\u00a0 humano; es parte de nuestro ADN el transformar vidas con la tecnolog\u00eda. Nos apasiona colaborar en proyectos como FIE porque llevan la creatividad y la innovaci\u00f3n de los \u00a0 \u00a0 \u00a0 \u00a0 \u00a0 \u00a0 emprendedores al siguiente nivel. El emprendimiento, permite construir empleos en distintos sectores econ\u00f3micos, genera un aporte importante al desarrollo de nuevas tecnolog\u00edas,\u00a0 \u00a0incluyendo: el desarrollo de energ\u00edas sustentables, rob\u00f3tica, inteligencia artificial, Internet de las Cosas (IoT), y realidad virtual y aumentada (VR y AR).\u201d<\/span><\/p><\/blockquote>\n<p>&nbsp;<\/p>\n<p><b>Acerca de 麻豆原创<\/b><\/p>\n<p><span style=\"font-weight: 400\">Conocida como la Compa\u00f1\u00eda de Experiencia empoderada por la Empresa Inteligente, 麻豆原创 lidera el mercado de <\/span><i><span style=\"font-weight: 400\">software<\/span><\/i><span style=\"font-weight: 400\"> empresarial, ayudando a las organizaciones de todos los tama\u00f1os e industrias a alcanzar su rendimiento \u00f3ptimo: en 77% de los ingresos por transacciones del mundo interviene un sistema 麻豆原创. Nuestras tecnolog\u00edas de <\/span><i><span style=\"font-weight: 400\">machine learning<\/span><\/i><span style=\"font-weight: 400\">, <\/span><i><span style=\"font-weight: 400\">IoT <\/span><\/i><span style=\"font-weight: 400\">y anal\u00edticas avanzadas ayudan a nuestros clientes a convertirse en empresas inteligentes. 麻豆原创 ofrece a las personas y a las organizaciones conocimientos profundos de negocio y promueve la colaboraci\u00f3n que les permite estar adelante de su competencia. Simplificamos la tecnolog\u00eda para las empresas, de modo que puedan consumir nuestro <\/span><i><span style=\"font-weight: 400\">software<\/span><\/i><span style=\"font-weight: 400\"> de la manera que lo deseen, sin interrupciones. Nuestro conjunto de aplicaciones y servicios permite a m\u00e1s de 440,000 clientes del sector p\u00fablico y privado operar de manera rentable, adaptarse continuamente y marcar la diferencia. Con una red global de clientes, socios, empleados y l\u00edderes, 麻豆原创 ayuda al mundo a funcionar mejor y a mejorar las vidas de las personas. <\/span><b>En M\u00e9xico, 麻豆原创 cuenta con cerca de 9 mil clientes y m\u00e1s de 900 colaboradores que promueven la adopci\u00f3n tecnol\u00f3gica del pa\u00eds.<\/b><span style=\"font-weight: 400\"> Para m\u00e1s informaci\u00f3n, visite <\/span><a href=\"http:\/\/www.sap.com\/\"><span style=\"font-weight: 400\">www.sap.com<\/span><\/a><span style=\"font-weight: 400\">, nuestra sala de prensa, <\/span><a href=\"http:\/\/news.sap.com\/latinamerica\"><span style=\"font-weight: 400\">http:\/\/news.sap.com\/latinamerica<\/span><\/a><span style=\"font-weight: 400\">, o s\u00edganos en Twitter <\/span><a href=\"https:\/\/twitter.com\/sapnoticiasmx\"><span style=\"font-weight: 400\">@麻豆原创NoticiasMX<\/span><\/a><span style=\"font-weight: 400\">.<\/span><\/p>\n","protected":false},"excerpt":{"rendered":"<p>&nbsp; J\u00f3venes de 11 pa\u00edses y 22 estados de la Rep\u00fablica Mexicana participan en actividades virtuales durante 4 d\u00edas. La tem\u00e1tica de este a\u00f1o esta&#8230;<\/p>\n","protected":false},"author":136,"featured_media":121045,"comment_status":"closed","ping_status":"closed","sticky":false,"template":"","format":"standard","meta":{"footnotes":"","_links_to":"","_links_to_target":""},"categories":[52096],"tags":[],"series":[],"region":[],"sapn-display":[52079],"sapn-type":[52105],"class_list":["post-121044","post","type-post","status-publish","format-standard","has-post-thumbnail","hentry","category-pymes-temas","sapn-display-top-stories","sapn-type-comunicado-de-prensa"],"yoast_head":"<!-- This site is optimized with the Yoast SEO Premium plugin v26.9 (Yoast SEO v26.9) - https:\/\/yoast.com\/product\/yoast-seo-premium-wordpress\/ -->\n<title>麻豆原创 M\u00e9xico participa en el Foro Internacional de Emprendedores \u201cFIE@Home\u201d - 麻豆原创 News Center Latinoam\u00e9rica<\/title>\n<meta name=\"robots\" content=\"index, follow, max-snippet:-1, max-image-preview:large, max-video-preview:-1\" \/>\n<link rel=\"canonical\" href=\"https:\/\/news.sap.com\/latinamerica\/2020\/06\/sap-mexico-participa-en-el-foro-internacional-de-emprendedores-fiehome\/\" \/>\n<meta property=\"og:locale\" content=\"es_MX\" \/>\n<meta property=\"og:type\" content=\"article\" \/>\n<meta property=\"og:title\" content=\"麻豆原创 M\u00e9xico participa en el Foro Internacional de Emprendedores \u201cFIE@Home\u201d\" \/>\n<meta property=\"og:description\" content=\"&nbsp; J\u00f3venes de 11 pa\u00edses y 22 estados de la Rep\u00fablica Mexicana participan en actividades virtuales durante 4 d\u00edas. La tem\u00e1tica de este a\u00f1o esta...\" \/>\n<meta property=\"og:url\" content=\"https:\/\/news.sap.com\/latinamerica\/2020\/06\/sap-mexico-participa-en-el-foro-internacional-de-emprendedores-fiehome\/\" \/>\n<meta property=\"og:site_name\" content=\"麻豆原创 News Center Latinoam\u00e9rica\" \/>\n<meta property=\"article:publisher\" content=\"https:\/\/www.facebook.com\/麻豆原创latinoamerica\" \/>\n<meta property=\"article:published_time\" content=\"2020-06-26T15:42:26+00:00\" \/>\n<meta property=\"article:modified_time\" content=\"2023-10-27T15:56:43+00:00\" \/>\n<meta property=\"og:image\" content=\"https:\/\/news.sap.com\/latinamerica\/files\/2020\/06\/283832_IOT_15-1024x683.jpg\" \/>\n\t<meta property=\"og:image:width\" content=\"1024\" \/>\n\t<meta property=\"og:image:height\" content=\"683\" \/>\n\t<meta property=\"og:image:type\" content=\"image\/jpeg\" \/>\n<meta name=\"author\" content=\"麻豆原创 Noticias\" \/>\n<meta name=\"twitter:label1\" content=\"Escrito por\" \/>\n\t<meta name=\"twitter:data1\" content=\"麻豆原创 Noticias\" \/>\n\t<meta name=\"twitter:label2\" content=\"Tiempo de lectura\" \/>\n\t<meta name=\"twitter:data2\" content=\"5 minutos\" \/>\n<script type=\"application\/ld+json\" class=\"yoast-schema-graph\">{\"@context\":\"https:\/\/schema.org\",\"@graph\":[{\"@type\":\"Article\",\"@id\":\"https:\/\/news.sap.com\/latinamerica\/2020\/06\/sap-mexico-participa-en-el-foro-internacional-de-emprendedores-fiehome\/#article\",\"isPartOf\":{\"@id\":\"https:\/\/news.sap.com\/latinamerica\/2020\/06\/sap-mexico-participa-en-el-foro-internacional-de-emprendedores-fiehome\/\"},\"author\":{\"name\":\"麻豆原创 Noticias\",\"@id\":\"https:\/\/news.sap.com\/latinamerica\/#\/schema\/person\/5afd2cbf5bb622e078932b40a4470d47\"},\"headline\":\"麻豆原创 M\u00e9xico participa en el Foro Internacional de Emprendedores \u201cFIE@Home\u201d\",\"datePublished\":\"2020-06-26T15:42:26+00:00\",\"dateModified\":\"2023-10-27T15:56:43+00:00\",\"mainEntityOfPage\":{\"@id\":\"https:\/\/news.sap.com\/latinamerica\/2020\/06\/sap-mexico-participa-en-el-foro-internacional-de-emprendedores-fiehome\/\"},\"wordCount\":1066,\"publisher\":{\"@id\":\"https:\/\/news.sap.com\/latinamerica\/#organization\"},\"image\":{\"@id\":\"https:\/\/news.sap.com\/latinamerica\/2020\/06\/sap-mexico-participa-en-el-foro-internacional-de-emprendedores-fiehome\/#primaryimage\"},\"thumbnailUrl\":\"https:\/\/news.sap.com\/latinamerica\/files\/2020\/06\/283832_IOT_15.jpg\",\"articleSection\":[\"Pymes\"],\"inLanguage\":\"es\"},{\"@type\":\"WebPage\",\"@id\":\"https:\/\/news.sap.com\/latinamerica\/2020\/06\/sap-mexico-participa-en-el-foro-internacional-de-emprendedores-fiehome\/\",\"url\":\"https:\/\/news.sap.com\/latinamerica\/2020\/06\/sap-mexico-participa-en-el-foro-internacional-de-emprendedores-fiehome\/\",\"name\":\"麻豆原创 M\u00e9xico participa en el Foro Internacional de Emprendedores \u201cFIE@Home\u201d - 麻豆原创 News Center Latinoam\u00e9rica\",\"isPartOf\":{\"@id\":\"https:\/\/news.sap.com\/latinamerica\/#website\"},\"primaryImageOfPage\":{\"@id\":\"https:\/\/news.sap.com\/latinamerica\/2020\/06\/sap-mexico-participa-en-el-foro-internacional-de-emprendedores-fiehome\/#primaryimage\"},\"image\":{\"@id\":\"https:\/\/news.sap.com\/latinamerica\/2020\/06\/sap-mexico-participa-en-el-foro-internacional-de-emprendedores-fiehome\/#primaryimage\"},\"thumbnailUrl\":\"https:\/\/news.sap.com\/latinamerica\/files\/2020\/06\/283832_IOT_15.jpg\",\"datePublished\":\"2020-06-26T15:42:26+00:00\",\"dateModified\":\"2023-10-27T15:56:43+00:00\",\"breadcrumb\":{\"@id\":\"https:\/\/news.sap.com\/latinamerica\/2020\/06\/sap-mexico-participa-en-el-foro-internacional-de-emprendedores-fiehome\/#breadcrumb\"},\"inLanguage\":\"es\",\"potentialAction\":[{\"@type\":\"ReadAction\",\"target\":[\"https:\/\/news.sap.com\/latinamerica\/2020\/06\/sap-mexico-participa-en-el-foro-internacional-de-emprendedores-fiehome\/\"]}]},{\"@type\":\"ImageObject\",\"inLanguage\":\"es\",\"@id\":\"https:\/\/news.sap.com\/latinamerica\/2020\/06\/sap-mexico-participa-en-el-foro-internacional-de-emprendedores-fiehome\/#primaryimage\",\"url\":\"https:\/\/news.sap.com\/latinamerica\/files\/2020\/06\/283832_IOT_15.jpg\",\"contentUrl\":\"https:\/\/news.sap.com\/latinamerica\/files\/2020\/06\/283832_IOT_15.jpg\",\"width\":6144,\"height\":4096},{\"@type\":\"BreadcrumbList\",\"@id\":\"https:\/\/news.sap.com\/latinamerica\/2020\/06\/sap-mexico-participa-en-el-foro-internacional-de-emprendedores-fiehome\/#breadcrumb\",\"itemListElement\":[{\"@type\":\"ListItem\",\"position\":1,\"name\":\"Home\",\"item\":\"https:\/\/news.sap.com\/latinamerica\/\"},{\"@type\":\"ListItem\",\"position\":2,\"name\":\"麻豆原创 M\u00e9xico participa en el Foro Internacional de Emprendedores \u201cFIE@Home\u201d\"}]},{\"@type\":\"WebSite\",\"@id\":\"https:\/\/news.sap.com\/latinamerica\/#website\",\"url\":\"https:\/\/news.sap.com\/latinamerica\/\",\"name\":\"麻豆原创 News Center Latinoam\u00e9rica\",\"description\":\"Noticias e informaci\u00f3n sobre 麻豆原创\",\"publisher\":{\"@id\":\"https:\/\/news.sap.com\/latinamerica\/#organization\"},\"potentialAction\":[{\"@type\":\"SearchAction\",\"target\":{\"@type\":\"EntryPoint\",\"urlTemplate\":\"https:\/\/news.sap.com\/latinamerica\/?s={search_term_string}\"},\"query-input\":{\"@type\":\"PropertyValueSpecification\",\"valueRequired\":true,\"valueName\":\"search_term_string\"}}],\"inLanguage\":\"es\"},{\"@type\":\"Organization\",\"@id\":\"https:\/\/news.sap.com\/latinamerica\/#organization\",\"name\":\"麻豆原创\",\"url\":\"https:\/\/news.sap.com\/latinamerica\/\",\"logo\":{\"@type\":\"ImageObject\",\"inLanguage\":\"es\",\"@id\":\"https:\/\/news.sap.com\/latinamerica\/#\/schema\/logo\/image\/\",\"url\":\"https:\/\/news.sap.com\/latinamerica\/files\/2019\/08\/65903320_2903797569662914_557886358778019840_n.png\",\"contentUrl\":\"https:\/\/news.sap.com\/latinamerica\/files\/2019\/08\/65903320_2903797569662914_557886358778019840_n.png\",\"width\":720,\"height\":720,\"caption\":\"麻豆原创\"},\"image\":{\"@id\":\"https:\/\/news.sap.com\/latinamerica\/#\/schema\/logo\/image\/\"},\"sameAs\":[\"https:\/\/www.facebook.com\/麻豆原创latinoamerica\",\"https:\/\/x.com\/麻豆原创LatinAmerica\"]},{\"@type\":\"Person\",\"@id\":\"https:\/\/news.sap.com\/latinamerica\/#\/schema\/person\/5afd2cbf5bb622e078932b40a4470d47\",\"name\":\"麻豆原创 Noticias\",\"image\":{\"@type\":\"ImageObject\",\"inLanguage\":\"es\",\"@id\":\"https:\/\/news.sap.com\/latinamerica\/#\/schema\/person\/image\/\",\"url\":\"https:\/\/news.sap.com\/latinamerica\/wp-content\/plugins\/wp-user-avatars\/wp-user-avatars\/assets\/images\/mystery.jpg\",\"contentUrl\":\"https:\/\/news.sap.com\/latinamerica\/wp-content\/plugins\/wp-user-avatars\/wp-user-avatars\/assets\/images\/mystery.jpg\",\"caption\":\"麻豆原创 Noticias\"},\"url\":\"https:\/\/news.sap.com\/latinamerica\/author\/mexico\/\"}]}<\/script>\n<!-- \/ Yoast SEO Premium plugin. -->","yoast_head_json":{"title":"麻豆原创 M\u00e9xico participa en el Foro Internacional de Emprendedores \u201cFIE@Home\u201d - 麻豆原创 News Center Latinoam\u00e9rica","robots":{"index":"index","follow":"follow","max-snippet":"max-snippet:-1","max-image-preview":"max-image-preview:large","max-video-preview":"max-video-preview:-1"},"canonical":"https:\/\/news.sap.com\/latinamerica\/2020\/06\/sap-mexico-participa-en-el-foro-internacional-de-emprendedores-fiehome\/","og_locale":"es_MX","og_type":"article","og_title":"麻豆原创 M\u00e9xico participa en el Foro Internacional de Emprendedores \u201cFIE@Home\u201d","og_description":"&nbsp; J\u00f3venes de 11 pa\u00edses y 22 estados de la Rep\u00fablica Mexicana participan en actividades virtuales durante 4 d\u00edas. La tem\u00e1tica de este a\u00f1o esta...","og_url":"https:\/\/news.sap.com\/latinamerica\/2020\/06\/sap-mexico-participa-en-el-foro-internacional-de-emprendedores-fiehome\/","og_site_name":"麻豆原创 News Center Latinoam\u00e9rica","article_publisher":"https:\/\/www.facebook.com\/麻豆原创latinoamerica","article_published_time":"2020-06-26T15:42:26+00:00","article_modified_time":"2023-10-27T15:56:43+00:00","og_image":[{"width":1024,"height":683,"url":"https:\/\/news.sap.com\/latinamerica\/files\/2020\/06\/283832_IOT_15-1024x683.jpg","type":"image\/jpeg"}],"author":"麻豆原创 Noticias","twitter_misc":{"Escrito por":"麻豆原创 Noticias","Tiempo de lectura":"5 minutos"},"schema":{"@context":"https:\/\/schema.org","@graph":[{"@type":"Article","@id":"https:\/\/news.sap.com\/latinamerica\/2020\/06\/sap-mexico-participa-en-el-foro-internacional-de-emprendedores-fiehome\/#article","isPartOf":{"@id":"https:\/\/news.sap.com\/latinamerica\/2020\/06\/sap-mexico-participa-en-el-foro-internacional-de-emprendedores-fiehome\/"},"author":{"name":"麻豆原创 Noticias","@id":"https:\/\/news.sap.com\/latinamerica\/#\/schema\/person\/5afd2cbf5bb622e078932b40a4470d47"},"headline":"麻豆原创 M\u00e9xico participa en el Foro Internacional de Emprendedores \u201cFIE@Home\u201d","datePublished":"2020-06-26T15:42:26+00:00","dateModified":"2023-10-27T15:56:43+00:00","mainEntityOfPage":{"@id":"https:\/\/news.sap.com\/latinamerica\/2020\/06\/sap-mexico-participa-en-el-foro-internacional-de-emprendedores-fiehome\/"},"wordCount":1066,"publisher":{"@id":"https:\/\/news.sap.com\/latinamerica\/#organization"},"image":{"@id":"https:\/\/news.sap.com\/latinamerica\/2020\/06\/sap-mexico-participa-en-el-foro-internacional-de-emprendedores-fiehome\/#primaryimage"},"thumbnailUrl":"https:\/\/news.sap.com\/latinamerica\/files\/2020\/06\/283832_IOT_15.jpg","articleSection":["Pymes"],"inLanguage":"es"},{"@type":"WebPage","@id":"https:\/\/news.sap.com\/latinamerica\/2020\/06\/sap-mexico-participa-en-el-foro-internacional-de-emprendedores-fiehome\/","url":"https:\/\/news.sap.com\/latinamerica\/2020\/06\/sap-mexico-participa-en-el-foro-internacional-de-emprendedores-fiehome\/","name":"麻豆原创 M\u00e9xico participa en el Foro Internacional de Emprendedores \u201cFIE@Home\u201d - 麻豆原创 News Center Latinoam\u00e9rica","isPartOf":{"@id":"https:\/\/news.sap.com\/latinamerica\/#website"},"primaryImageOfPage":{"@id":"https:\/\/news.sap.com\/latinamerica\/2020\/06\/sap-mexico-participa-en-el-foro-internacional-de-emprendedores-fiehome\/#primaryimage"},"image":{"@id":"https:\/\/news.sap.com\/latinamerica\/2020\/06\/sap-mexico-participa-en-el-foro-internacional-de-emprendedores-fiehome\/#primaryimage"},"thumbnailUrl":"https:\/\/news.sap.com\/latinamerica\/files\/2020\/06\/283832_IOT_15.jpg","datePublished":"2020-06-26T15:42:26+00:00","dateModified":"2023-10-27T15:56:43+00:00","breadcrumb":{"@id":"https:\/\/news.sap.com\/latinamerica\/2020\/06\/sap-mexico-participa-en-el-foro-internacional-de-emprendedores-fiehome\/#breadcrumb"},"inLanguage":"es","potentialAction":[{"@type":"ReadAction","target":["https:\/\/news.sap.com\/latinamerica\/2020\/06\/sap-mexico-participa-en-el-foro-internacional-de-emprendedores-fiehome\/"]}]},{"@type":"ImageObject","inLanguage":"es","@id":"https:\/\/news.sap.com\/latinamerica\/2020\/06\/sap-mexico-participa-en-el-foro-internacional-de-emprendedores-fiehome\/#primaryimage","url":"https:\/\/news.sap.com\/latinamerica\/files\/2020\/06\/283832_IOT_15.jpg","contentUrl":"https:\/\/news.sap.com\/latinamerica\/files\/2020\/06\/283832_IOT_15.jpg","width":6144,"height":4096},{"@type":"BreadcrumbList","@id":"https:\/\/news.sap.com\/latinamerica\/2020\/06\/sap-mexico-participa-en-el-foro-internacional-de-emprendedores-fiehome\/#breadcrumb","itemListElement":[{"@type":"ListItem","position":1,"name":"Home","item":"https:\/\/news.sap.com\/latinamerica\/"},{"@type":"ListItem","position":2,"name":"麻豆原创 M\u00e9xico participa en el Foro Internacional de Emprendedores \u201cFIE@Home\u201d"}]},{"@type":"WebSite","@id":"https:\/\/news.sap.com\/latinamerica\/#website","url":"https:\/\/news.sap.com\/latinamerica\/","name":"麻豆原创 News Center Latinoam\u00e9rica","description":"Noticias e informaci\u00f3n sobre 麻豆原创","publisher":{"@id":"https:\/\/news.sap.com\/latinamerica\/#organization"},"potentialAction":[{"@type":"SearchAction","target":{"@type":"EntryPoint","urlTemplate":"https:\/\/news.sap.com\/latinamerica\/?s={search_term_string}"},"query-input":{"@type":"PropertyValueSpecification","valueRequired":true,"valueName":"search_term_string"}}],"inLanguage":"es"},{"@type":"Organization","@id":"https:\/\/news.sap.com\/latinamerica\/#organization","name":"麻豆原创","url":"https:\/\/news.sap.com\/latinamerica\/","logo":{"@type":"ImageObject","inLanguage":"es","@id":"https:\/\/news.sap.com\/latinamerica\/#\/schema\/logo\/image\/","url":"https:\/\/news.sap.com\/latinamerica\/files\/2019\/08\/65903320_2903797569662914_557886358778019840_n.png","contentUrl":"https:\/\/news.sap.com\/latinamerica\/files\/2019\/08\/65903320_2903797569662914_557886358778019840_n.png","width":720,"height":720,"caption":"麻豆原创"},"image":{"@id":"https:\/\/news.sap.com\/latinamerica\/#\/schema\/logo\/image\/"},"sameAs":["https:\/\/www.facebook.com\/麻豆原创latinoamerica","https:\/\/x.com\/麻豆原创LatinAmerica"]},{"@type":"Person","@id":"https:\/\/news.sap.com\/latinamerica\/#\/schema\/person\/5afd2cbf5bb622e078932b40a4470d47","name":"麻豆原创 Noticias","image":{"@type":"ImageObject","inLanguage":"es","@id":"https:\/\/news.sap.com\/latinamerica\/#\/schema\/person\/image\/","url":"https:\/\/news.sap.com\/latinamerica\/wp-content\/plugins\/wp-user-avatars\/wp-user-avatars\/assets\/images\/mystery.jpg","contentUrl":"https:\/\/news.sap.com\/latinamerica\/wp-content\/plugins\/wp-user-avatars\/wp-user-avatars\/assets\/images\/mystery.jpg","caption":"麻豆原创 Noticias"},"url":"https:\/\/news.sap.com\/latinamerica\/author\/mexico\/"}]}},"amp_enabled":true,"_links":{"self":[{"href":"https:\/\/news.sap.com\/latinamerica\/wp-json\/wp\/v2\/posts\/121044","targetHints":{"allow":["GET"]}}],"collection":[{"href":"https:\/\/news.sap.com\/latinamerica\/wp-json\/wp\/v2\/posts"}],"about":[{"href":"https:\/\/news.sap.com\/latinamerica\/wp-json\/wp\/v2\/types\/post"}],"author":[{"embeddable":true,"href":"https:\/\/news.sap.com\/latinamerica\/wp-json\/wp\/v2\/users\/136"}],"replies":[{"embeddable":true,"href":"https:\/\/news.sap.com\/latinamerica\/wp-json\/wp\/v2\/comments?post=121044"}],"version-history":[{"count":0,"href":"https:\/\/news.sap.com\/latinamerica\/wp-json\/wp\/v2\/posts\/121044\/revisions"}],"wp:featuredmedia":[{"embeddable":true,"href":"https:\/\/news.sap.com\/latinamerica\/wp-json\/wp\/v2\/media\/121045"}],"wp:attachment":[{"href":"https:\/\/news.sap.com\/latinamerica\/wp-json\/wp\/v2\/media?parent=121044"}],"wp:term":[{"taxonomy":"category","embeddable":true,"href":"https:\/\/news.sap.com\/latinamerica\/wp-json\/wp\/v2\/categories?post=121044"},{"taxonomy":"post_tag","embeddable":true,"href":"https:\/\/news.sap.com\/latinamerica\/wp-json\/wp\/v2\/tags?post=121044"},{"taxonomy":"series","embeddable":true,"href":"https:\/\/news.sap.com\/latinamerica\/wp-json\/wp\/v2\/series?post=121044"},{"taxonomy":"region","embeddable":true,"href":"https:\/\/news.sap.com\/latinamerica\/wp-json\/wp\/v2\/region?post=121044"},{"taxonomy":"sapn-display","embeddable":true,"href":"https:\/\/news.sap.com\/latinamerica\/wp-json\/wp\/v2\/sapn-display?post=121044"},{"taxonomy":"sapn-type","embeddable":true,"href":"https:\/\/news.sap.com\/latinamerica\/wp-json\/wp\/v2\/sapn-type?post=121044"}],"curies":[{"name":"wp","href":"https:\/\/api.w.org\/{rel}","templated":true}]}}