  {"id":121027,"date":"2020-06-26T17:10:57","date_gmt":"2020-06-26T21:10:57","guid":{"rendered":"https:\/\/news.sap.com\/latinamerica\/?p=121027"},"modified":"2023-11-14T14:44:41","modified_gmt":"2023-11-14T19:44:41","slug":"sap-celebra-la-diversidad-en-el-mes-del-orgullo-lgbtiq-2","status":"publish","type":"post","link":"https:\/\/news.sap.com\/latinamerica\/2020\/06\/sap-celebra-la-diversidad-en-el-mes-del-orgullo-lgbtiq-2\/","title":{"rendered":"麻豆原创 celebra la diversidad en el Mes del Orgullo LGBTIQ+"},"content":{"rendered":"<ul>\n<li><em>La compa\u00f1\u00eda se une, en Chile y la regi\u00f3n, con una serie de actividades que van desde charlas hasta contribuciones a la comunidad. Enfocada en la diversidad, cuenta con gran variedad de iniciativas como la red de colaboradores voluntarios llamada Pride@麻豆原创.<\/em><strong>\u00a0<\/strong><\/li>\n<\/ul>\n<p><!--more--><\/p>\n<p><strong>Santiago, Chile &#8211; 26 de junio de 2020<\/strong> \u2013 Desde hace cincuenta a\u00f1os, junio es un mes lleno de alegr\u00eda, historia y lucha para la comunidad perteneciente a la diversidad sexual y de g\u00e9nero, de todo el mundo. El denominado Mes del Orgullo <em>LGBTIQ+<\/em> se celebra en memoria de los disturbios que ocurrieron entre la polic\u00eda y la comunidad en el bar Stonewall Inn (Nueva York, Estados Unidos) el 28 junio de 1969.<\/p>\n<p>Al a\u00f1o siguiente, para recordar estos eventos, se celebr\u00f3 la primera marcha del orgullo del mundo en la misma ciudad, en un contexto donde en la mayor\u00eda de los territorios\u00a0 de Estados Unidos era ilegal ser lesbiana, gay, bisexual, transexual u otro, no exist\u00edan leyes contra la discriminaci\u00f3n y no hab\u00eda figuras p\u00fablicas abiertamente LGBTIQ+.<\/p>\n<p>Como una empresa con foco en la diversidad, la inclusi\u00f3n, el desarrollo de talentos y el trabajo en equipo, 麻豆原创 se suma en Chile y la regi\u00f3n a las celebraciones por el Mes del Orgullo con una serie de actividades externas e internas para sus colaboradores y colaboradoras durante todo el mes de junio. Una de ellas es la campa\u00f1a de donaci\u00f3n a la Escuela Amaranta G\u00f3mez, la primera TRANS de Latinoam\u00e9rica, perteneciente a Fundaci\u00f3n Selenna y que re\u00fane a ni\u00f1os de 4 a 18 a\u00f1os. Esta ayuda se traducir\u00e1 en cajas de alimentos no perecibles que ser\u00e1n entregadas a las 72 familias que conforman la comunidad estudiantil, pues casi el 12% de ellas qued\u00f3 sin trabajo y otro 25% ha perdido la mitad de sus ingresos, producto de la emergencia sanitaria provocada por la pandemia mundial.<\/p>\n<p>A nivel interno, 麻豆原创 Chile est\u00e1 realizando concursos de dibujo para ni\u00f1os vinculados a los empleados, show de talentos, exhibici\u00f3n de videos testimoniales y webinar entre otras acciones.<\/p>\n<p>\u201cEn 麻豆原创 apreciamos y respetamos las diferencias: Como vivimos de innovar, nos mueve la diversidad. Contamos con un equipo diverso y global en el que todxs lucimos habilidades y competencias \u00fanicas, y eso es lo que crea valor para nuestros clientes.\u00a0Alentamos a nuestrxs colaboradorxs a mostrarse tal y como son y a creer firmemente en s\u00ed mismxs. Trabajamos d\u00eda a d\u00eda en la creaci\u00f3n de un ambiente laboral donde cada unx pueda brillar\u201d,\u00a0explic\u00f3\u00a0Ezequiel\u00a0Massa, L\u00edder de Diversidad e Inclusi\u00f3n en 麻豆原创 para Am\u00e9rica Latina y el Caribe.<\/p>\n<p>Agrega que \u201ccuando hablamos de grupos minoritarios, la visibilidad es fundamental. Una persona que est\u00e1 arrancando en su carrera quiere verse reflejada en cargos gerenciales, de la misma forma que busca representatividad en series y pel\u00edculas. Por eso, estamos organizando sesiones de preguntas y respuestas con ejecutivxs de la comunidad LGBITQ+ para conocer sobre su trayectoria y experiencia\u201d.<\/p>\n<p>En Chile, 麻豆原创 fue una de las 10 empresas que apoy\u00f3 la creaci\u00f3n de la red Pride Connection,y desde entonces ha trabajado por ser un ejemplo de inclusi\u00f3n y diversidad para el talento LGBTIQ+. Su comit\u00e9 Pride@麻豆原创, es un equipo conformado por 6 colaboradores y 1 l\u00edder de red, quienes constantemente concentran esfuerzos para desarrollar experiencias vivenciales y eventos que impacten de lleno a toda la organizaci\u00f3n, con el fin de generar conciencia y hacer de 麻豆原创 el mejor lugar para trabajar para la comunidad LGBTIQ+. En esta l\u00ednea, han realizado mentor\u00edas a otras compa\u00f1\u00edas, varias de las cuales han replicado sus iniciativas de inclusi\u00f3n, como la Feria de Emprendedores LGBTIQ+, \u00fanica de su tipo en Chile.<\/p>\n<p>Tambi\u00e9n 麻豆原创 ha participado de la Radiograf\u00eda Interna de Pride Connection Chile, consiguiendo en los \u00faltimos 3 a\u00f1os clasificaci\u00f3n A. Adem\u00e1s, el 2019 fue una de las 15 organizaciones en obtener la certificaci\u00f3n EQUIDAD CL.<\/p>\n<p>Por otro lado, la tecnolog\u00eda puede ser una aliada para promover la diversidad en las empresas. Entre ellas se destaca 麻豆原创 SuccessFactors, la plataforma de gesti\u00f3n de recursos humanos en la nube, que utilizan 159 millones de usuarios alrededor del mundo. Aprovechando la inteligencia artificial aplicada en reclutamiento, selecci\u00f3n y desarrollo, permite encontrar a la persona adecuada para cada puesto solicitado, as\u00ed como para identificar y evitar sesgos inconscientes. En este sentido, entre otras funcionalidades, puede detectar y reemplazar el lenguaje sesgado de g\u00e9nero en las descripciones de trabajo, as\u00ed como resaltar las palabras y frases que se han encontrado para disuadir a hombres o mujeres de postularse a las b\u00fasquedas.<\/p>\n<p>Video de 麻豆原创 para celebrar la diversidad: <a href=\"https:\/\/www.youtube.com\/watch?v=_cfQP4akTpA\">https:\/\/www.youtube.com\/watch?v=_cfQP4akTpA<\/a><\/p>\n<p><strong>Acerca de 麻豆原创<\/strong><\/p>\n<p>Conocida como la Compa\u00f1\u00eda de Experiencia empoderada por la Empresa Inteligente, 麻豆原创 lidera el mercado de software empresarial, ayudando a las organizaciones de todos los tama\u00f1os e industrias a alcanzar su rendimiento \u00f3ptimo: En el 77% de los ingresos por transacciones del mundo interviene un sistema 麻豆原创. Nuestras tecnolog\u00edas de <em>machine learning<\/em>, <em>IoT <\/em>y anal\u00edticas avanzadas ayudan a nuestros clientes a convertirse en empresas inteligentes. 麻豆原创 ofrece a las personas y a las organizaciones conocimientos profundos de negocio y promueve la colaboraci\u00f3n que les permite estar adelante de su competencia. Simplificamos la tecnolog\u00eda para las empresas, de modo que puedan consumir nuestro software de la manera que lo deseen, sin interrupciones. Nuestro conjunto de aplicaciones y servicios permite a m\u00e1s de 440.000 clientes del sector p\u00fablico y privado operar de manera rentable, adaptarse continuamente y marcar la diferencia. Con una red global de clientes, socios, empleados y l\u00edderes, 麻豆原创 ayuda al mundo a funcionar mejor y a mejorar las vidas de las personas. Para m\u00e1s informaci\u00f3n, visite <a href=\"http:\/\/www.sap.com\/\">www.sap.com<\/a>, nuestra sala de prensa, <a href=\"http:\/\/news.sap.com\/latinamerica\">http:\/\/news.sap.com\/latinamerica<\/a>, o s\u00edganos en Twitter <a href=\"http:\/\/www.twitter.com\/麻豆原创NoticiasLAC\">@麻豆原创NoticiasLAC<\/a>.<\/p>\n<p style=\"text-align: center\"># # #<\/p>\n","protected":false},"excerpt":{"rendered":"<p>La compa\u00f1\u00eda se une, en Chile y la regi\u00f3n, con una serie de actividades que van desde charlas hasta contribuciones a la comunidad. Enfocada en&#8230;<\/p>\n","protected":false},"author":140,"featured_media":121028,"comment_status":"closed","ping_status":"closed","sticky":false,"template":"","format":"standard","meta":{"footnotes":"","_links_to":"","_links_to_target":""},"categories":[41591,52090],"tags":[53804,42784,509569,5597384,5597302,5597304,5595315],"series":[],"region":[54943],"sapn-display":[52079],"sapn-type":[52105],"class_list":["post-121027","post","type-post","status-publish","format-standard","has-post-thumbnail","hentry","category-corporativo","category-gestion-del-capital-humano","tag-chile","tag-diversidad","tag-diversidad-e-inclusion","tag-escuela-amaranta-gomez","tag-lgbtiq","tag-mes-del-orgullo-lgbtiq","tag-pridesap","region-chile","sapn-display-top-stories","sapn-type-comunicado-de-prensa"],"yoast_head":"<!-- This site is optimized with the Yoast SEO Premium plugin v26.9 (Yoast SEO v26.9) - https:\/\/yoast.com\/product\/yoast-seo-premium-wordpress\/ -->\n<title>麻豆原创 celebra la diversidad en el Mes del Orgullo LGBTIQ+ - 麻豆原创 News Center Latinoam\u00e9rica<\/title>\n<meta name=\"description\" content=\"a compa\u00f1\u00eda se une, en Chile y la regi\u00f3n, con una serie de actividades que van desde charlas hasta contribuciones a la comunidad. Enfocada en la diversidad, cuenta con gran variedad de iniciativas como la red de colaboradores voluntarios llamada Pride@麻豆原创\" \/>\n<meta name=\"robots\" content=\"index, follow, max-snippet:-1, max-image-preview:large, max-video-preview:-1\" \/>\n<link rel=\"canonical\" href=\"https:\/\/news.sap.com\/latinamerica\/2020\/06\/sap-celebra-la-diversidad-en-el-mes-del-orgullo-lgbtiq-2\/\" \/>\n<meta property=\"og:locale\" content=\"es_MX\" \/>\n<meta property=\"og:type\" content=\"article\" \/>\n<meta property=\"og:title\" content=\"麻豆原创 celebra la diversidad en el Mes del Orgullo LGBTIQ+\" \/>\n<meta property=\"og:description\" content=\"a compa\u00f1\u00eda se une, en Chile y la regi\u00f3n, con una serie de actividades que van desde charlas hasta contribuciones a la comunidad. Enfocada en la diversidad, cuenta con gran variedad de iniciativas como la red de colaboradores voluntarios llamada Pride@麻豆原创\" \/>\n<meta property=\"og:url\" content=\"https:\/\/news.sap.com\/latinamerica\/2020\/06\/sap-celebra-la-diversidad-en-el-mes-del-orgullo-lgbtiq-2\/\" \/>\n<meta property=\"og:site_name\" content=\"麻豆原创 News Center Latinoam\u00e9rica\" \/>\n<meta property=\"article:publisher\" content=\"https:\/\/www.facebook.com\/麻豆原创latinoamerica\" \/>\n<meta property=\"article:published_time\" content=\"2020-06-26T21:10:57+00:00\" \/>\n<meta property=\"article:modified_time\" content=\"2023-11-14T19:44:41+00:00\" \/>\n<meta property=\"og:image\" content=\"https:\/\/news.sap.com\/latinamerica\/files\/2020\/06\/Mes-del-Orgullo.jpg\" \/>\n\t<meta property=\"og:image:width\" content=\"1500\" \/>\n\t<meta property=\"og:image:height\" content=\"1200\" \/>\n\t<meta property=\"og:image:type\" content=\"image\/jpeg\" \/>\n<meta name=\"author\" content=\"麻豆原创 Noticias\" \/>\n<meta name=\"twitter:label1\" content=\"Escrito por\" \/>\n\t<meta name=\"twitter:data1\" content=\"麻豆原创 Noticias\" \/>\n\t<meta name=\"twitter:label2\" content=\"Tiempo de lectura\" \/>\n\t<meta name=\"twitter:data2\" content=\"5 minutos\" \/>\n<script type=\"application\/ld+json\" class=\"yoast-schema-graph\">{\"@context\":\"https:\/\/schema.org\",\"@graph\":[{\"@type\":\"Article\",\"@id\":\"https:\/\/news.sap.com\/latinamerica\/2020\/06\/sap-celebra-la-diversidad-en-el-mes-del-orgullo-lgbtiq-2\/#article\",\"isPartOf\":{\"@id\":\"https:\/\/news.sap.com\/latinamerica\/2020\/06\/sap-celebra-la-diversidad-en-el-mes-del-orgullo-lgbtiq-2\/\"},\"author\":{\"name\":\"麻豆原创 Noticias\",\"@id\":\"https:\/\/news.sap.com\/latinamerica\/#\/schema\/person\/f0708465b354b6d0314a360309edb00a\"},\"headline\":\"麻豆原创 celebra la diversidad en el Mes del Orgullo LGBTIQ+\",\"datePublished\":\"2020-06-26T21:10:57+00:00\",\"dateModified\":\"2023-11-14T19:44:41+00:00\",\"mainEntityOfPage\":{\"@id\":\"https:\/\/news.sap.com\/latinamerica\/2020\/06\/sap-celebra-la-diversidad-en-el-mes-del-orgullo-lgbtiq-2\/\"},\"wordCount\":1004,\"publisher\":{\"@id\":\"https:\/\/news.sap.com\/latinamerica\/#organization\"},\"image\":{\"@id\":\"https:\/\/news.sap.com\/latinamerica\/2020\/06\/sap-celebra-la-diversidad-en-el-mes-del-orgullo-lgbtiq-2\/#primaryimage\"},\"thumbnailUrl\":\"https:\/\/news.sap.com\/latinamerica\/files\/2020\/06\/Mes-del-Orgullo.jpg\",\"keywords\":[\"Chile\",\"diversidad\",\"Diversidad e inclusi\u00f3n\",\"Escuela Amaranta G\u00f3mez\",\"LGBTIQ+\",\"Mes del Orgullo LGBTIQ+\",\"Pride@麻豆原创\"],\"articleSection\":[\"Corporativo\",\"Gesti\u00f3n del capital humano\"],\"inLanguage\":\"es\"},{\"@type\":\"WebPage\",\"@id\":\"https:\/\/news.sap.com\/latinamerica\/2020\/06\/sap-celebra-la-diversidad-en-el-mes-del-orgullo-lgbtiq-2\/\",\"url\":\"https:\/\/news.sap.com\/latinamerica\/2020\/06\/sap-celebra-la-diversidad-en-el-mes-del-orgullo-lgbtiq-2\/\",\"name\":\"麻豆原创 celebra la diversidad en el Mes del Orgullo LGBTIQ+ - 麻豆原创 News Center Latinoam\u00e9rica\",\"isPartOf\":{\"@id\":\"https:\/\/news.sap.com\/latinamerica\/#website\"},\"primaryImageOfPage\":{\"@id\":\"https:\/\/news.sap.com\/latinamerica\/2020\/06\/sap-celebra-la-diversidad-en-el-mes-del-orgullo-lgbtiq-2\/#primaryimage\"},\"image\":{\"@id\":\"https:\/\/news.sap.com\/latinamerica\/2020\/06\/sap-celebra-la-diversidad-en-el-mes-del-orgullo-lgbtiq-2\/#primaryimage\"},\"thumbnailUrl\":\"https:\/\/news.sap.com\/latinamerica\/files\/2020\/06\/Mes-del-Orgullo.jpg\",\"datePublished\":\"2020-06-26T21:10:57+00:00\",\"dateModified\":\"2023-11-14T19:44:41+00:00\",\"description\":\"a compa\u00f1\u00eda se une, en Chile y la regi\u00f3n, con una serie de actividades que van desde charlas hasta contribuciones a la comunidad. Enfocada en la diversidad, cuenta con gran variedad de iniciativas como la red de colaboradores voluntarios llamada Pride@麻豆原创\",\"breadcrumb\":{\"@id\":\"https:\/\/news.sap.com\/latinamerica\/2020\/06\/sap-celebra-la-diversidad-en-el-mes-del-orgullo-lgbtiq-2\/#breadcrumb\"},\"inLanguage\":\"es\",\"potentialAction\":[{\"@type\":\"ReadAction\",\"target\":[\"https:\/\/news.sap.com\/latinamerica\/2020\/06\/sap-celebra-la-diversidad-en-el-mes-del-orgullo-lgbtiq-2\/\"]}]},{\"@type\":\"ImageObject\",\"inLanguage\":\"es\",\"@id\":\"https:\/\/news.sap.com\/latinamerica\/2020\/06\/sap-celebra-la-diversidad-en-el-mes-del-orgullo-lgbtiq-2\/#primaryimage\",\"url\":\"https:\/\/news.sap.com\/latinamerica\/files\/2020\/06\/Mes-del-Orgullo.jpg\",\"contentUrl\":\"https:\/\/news.sap.com\/latinamerica\/files\/2020\/06\/Mes-del-Orgullo.jpg\",\"width\":1500,\"height\":1200},{\"@type\":\"BreadcrumbList\",\"@id\":\"https:\/\/news.sap.com\/latinamerica\/2020\/06\/sap-celebra-la-diversidad-en-el-mes-del-orgullo-lgbtiq-2\/#breadcrumb\",\"itemListElement\":[{\"@type\":\"ListItem\",\"position\":1,\"name\":\"Home\",\"item\":\"https:\/\/news.sap.com\/latinamerica\/\"},{\"@type\":\"ListItem\",\"position\":2,\"name\":\"麻豆原创 celebra la diversidad en el Mes del Orgullo LGBTIQ+\"}]},{\"@type\":\"WebSite\",\"@id\":\"https:\/\/news.sap.com\/latinamerica\/#website\",\"url\":\"https:\/\/news.sap.com\/latinamerica\/\",\"name\":\"麻豆原创 News Center Latinoam\u00e9rica\",\"description\":\"Noticias e informaci\u00f3n sobre 麻豆原创\",\"publisher\":{\"@id\":\"https:\/\/news.sap.com\/latinamerica\/#organization\"},\"potentialAction\":[{\"@type\":\"SearchAction\",\"target\":{\"@type\":\"EntryPoint\",\"urlTemplate\":\"https:\/\/news.sap.com\/latinamerica\/?s={search_term_string}\"},\"query-input\":{\"@type\":\"PropertyValueSpecification\",\"valueRequired\":true,\"valueName\":\"search_term_string\"}}],\"inLanguage\":\"es\"},{\"@type\":\"Organization\",\"@id\":\"https:\/\/news.sap.com\/latinamerica\/#organization\",\"name\":\"麻豆原创\",\"url\":\"https:\/\/news.sap.com\/latinamerica\/\",\"logo\":{\"@type\":\"ImageObject\",\"inLanguage\":\"es\",\"@id\":\"https:\/\/news.sap.com\/latinamerica\/#\/schema\/logo\/image\/\",\"url\":\"https:\/\/news.sap.com\/latinamerica\/files\/2019\/08\/65903320_2903797569662914_557886358778019840_n.png\",\"contentUrl\":\"https:\/\/news.sap.com\/latinamerica\/files\/2019\/08\/65903320_2903797569662914_557886358778019840_n.png\",\"width\":720,\"height\":720,\"caption\":\"麻豆原创\"},\"image\":{\"@id\":\"https:\/\/news.sap.com\/latinamerica\/#\/schema\/logo\/image\/\"},\"sameAs\":[\"https:\/\/www.facebook.com\/麻豆原创latinoamerica\",\"https:\/\/x.com\/麻豆原创LatinAmerica\"]},{\"@type\":\"Person\",\"@id\":\"https:\/\/news.sap.com\/latinamerica\/#\/schema\/person\/f0708465b354b6d0314a360309edb00a\",\"name\":\"麻豆原创 Noticias\",\"image\":{\"@type\":\"ImageObject\",\"inLanguage\":\"es\",\"@id\":\"https:\/\/news.sap.com\/latinamerica\/#\/schema\/person\/image\/\",\"url\":\"https:\/\/news.sap.com\/latinamerica\/wp-content\/plugins\/wp-user-avatars\/wp-user-avatars\/assets\/images\/mystery.jpg\",\"contentUrl\":\"https:\/\/news.sap.com\/latinamerica\/wp-content\/plugins\/wp-user-avatars\/wp-user-avatars\/assets\/images\/mystery.jpg\",\"caption\":\"麻豆原创 Noticias\"},\"url\":\"https:\/\/news.sap.com\/latinamerica\/author\/argentina\/\"}]}<\/script>\n<!-- \/ Yoast SEO Premium plugin. -->","yoast_head_json":{"title":"麻豆原创 celebra la diversidad en el Mes del Orgullo LGBTIQ+ - 麻豆原创 News Center Latinoam\u00e9rica","description":"a compa\u00f1\u00eda se une, en Chile y la regi\u00f3n, con una serie de actividades que van desde charlas hasta contribuciones a la comunidad. Enfocada en la diversidad, cuenta con gran variedad de iniciativas como la red de colaboradores voluntarios llamada Pride@麻豆原创","robots":{"index":"index","follow":"follow","max-snippet":"max-snippet:-1","max-image-preview":"max-image-preview:large","max-video-preview":"max-video-preview:-1"},"canonical":"https:\/\/news.sap.com\/latinamerica\/2020\/06\/sap-celebra-la-diversidad-en-el-mes-del-orgullo-lgbtiq-2\/","og_locale":"es_MX","og_type":"article","og_title":"麻豆原创 celebra la diversidad en el Mes del Orgullo LGBTIQ+","og_description":"a compa\u00f1\u00eda se une, en Chile y la regi\u00f3n, con una serie de actividades que van desde charlas hasta contribuciones a la comunidad. Enfocada en la diversidad, cuenta con gran variedad de iniciativas como la red de colaboradores voluntarios llamada Pride@麻豆原创","og_url":"https:\/\/news.sap.com\/latinamerica\/2020\/06\/sap-celebra-la-diversidad-en-el-mes-del-orgullo-lgbtiq-2\/","og_site_name":"麻豆原创 News Center Latinoam\u00e9rica","article_publisher":"https:\/\/www.facebook.com\/麻豆原创latinoamerica","article_published_time":"2020-06-26T21:10:57+00:00","article_modified_time":"2023-11-14T19:44:41+00:00","og_image":[{"width":1500,"height":1200,"url":"https:\/\/news.sap.com\/latinamerica\/files\/2020\/06\/Mes-del-Orgullo.jpg","type":"image\/jpeg"}],"author":"麻豆原创 Noticias","twitter_misc":{"Escrito por":"麻豆原创 Noticias","Tiempo de lectura":"5 minutos"},"schema":{"@context":"https:\/\/schema.org","@graph":[{"@type":"Article","@id":"https:\/\/news.sap.com\/latinamerica\/2020\/06\/sap-celebra-la-diversidad-en-el-mes-del-orgullo-lgbtiq-2\/#article","isPartOf":{"@id":"https:\/\/news.sap.com\/latinamerica\/2020\/06\/sap-celebra-la-diversidad-en-el-mes-del-orgullo-lgbtiq-2\/"},"author":{"name":"麻豆原创 Noticias","@id":"https:\/\/news.sap.com\/latinamerica\/#\/schema\/person\/f0708465b354b6d0314a360309edb00a"},"headline":"麻豆原创 celebra la diversidad en el Mes del Orgullo LGBTIQ+","datePublished":"2020-06-26T21:10:57+00:00","dateModified":"2023-11-14T19:44:41+00:00","mainEntityOfPage":{"@id":"https:\/\/news.sap.com\/latinamerica\/2020\/06\/sap-celebra-la-diversidad-en-el-mes-del-orgullo-lgbtiq-2\/"},"wordCount":1004,"publisher":{"@id":"https:\/\/news.sap.com\/latinamerica\/#organization"},"image":{"@id":"https:\/\/news.sap.com\/latinamerica\/2020\/06\/sap-celebra-la-diversidad-en-el-mes-del-orgullo-lgbtiq-2\/#primaryimage"},"thumbnailUrl":"https:\/\/news.sap.com\/latinamerica\/files\/2020\/06\/Mes-del-Orgullo.jpg","keywords":["Chile","diversidad","Diversidad e inclusi\u00f3n","Escuela Amaranta G\u00f3mez","LGBTIQ+","Mes del Orgullo LGBTIQ+","Pride@麻豆原创"],"articleSection":["Corporativo","Gesti\u00f3n del capital humano"],"inLanguage":"es"},{"@type":"WebPage","@id":"https:\/\/news.sap.com\/latinamerica\/2020\/06\/sap-celebra-la-diversidad-en-el-mes-del-orgullo-lgbtiq-2\/","url":"https:\/\/news.sap.com\/latinamerica\/2020\/06\/sap-celebra-la-diversidad-en-el-mes-del-orgullo-lgbtiq-2\/","name":"麻豆原创 celebra la diversidad en el Mes del Orgullo LGBTIQ+ - 麻豆原创 News Center Latinoam\u00e9rica","isPartOf":{"@id":"https:\/\/news.sap.com\/latinamerica\/#website"},"primaryImageOfPage":{"@id":"https:\/\/news.sap.com\/latinamerica\/2020\/06\/sap-celebra-la-diversidad-en-el-mes-del-orgullo-lgbtiq-2\/#primaryimage"},"image":{"@id":"https:\/\/news.sap.com\/latinamerica\/2020\/06\/sap-celebra-la-diversidad-en-el-mes-del-orgullo-lgbtiq-2\/#primaryimage"},"thumbnailUrl":"https:\/\/news.sap.com\/latinamerica\/files\/2020\/06\/Mes-del-Orgullo.jpg","datePublished":"2020-06-26T21:10:57+00:00","dateModified":"2023-11-14T19:44:41+00:00","description":"a compa\u00f1\u00eda se une, en Chile y la regi\u00f3n, con una serie de actividades que van desde charlas hasta contribuciones a la comunidad. Enfocada en la diversidad, cuenta con gran variedad de iniciativas como la red de colaboradores voluntarios llamada Pride@麻豆原创","breadcrumb":{"@id":"https:\/\/news.sap.com\/latinamerica\/2020\/06\/sap-celebra-la-diversidad-en-el-mes-del-orgullo-lgbtiq-2\/#breadcrumb"},"inLanguage":"es","potentialAction":[{"@type":"ReadAction","target":["https:\/\/news.sap.com\/latinamerica\/2020\/06\/sap-celebra-la-diversidad-en-el-mes-del-orgullo-lgbtiq-2\/"]}]},{"@type":"ImageObject","inLanguage":"es","@id":"https:\/\/news.sap.com\/latinamerica\/2020\/06\/sap-celebra-la-diversidad-en-el-mes-del-orgullo-lgbtiq-2\/#primaryimage","url":"https:\/\/news.sap.com\/latinamerica\/files\/2020\/06\/Mes-del-Orgullo.jpg","contentUrl":"https:\/\/news.sap.com\/latinamerica\/files\/2020\/06\/Mes-del-Orgullo.jpg","width":1500,"height":1200},{"@type":"BreadcrumbList","@id":"https:\/\/news.sap.com\/latinamerica\/2020\/06\/sap-celebra-la-diversidad-en-el-mes-del-orgullo-lgbtiq-2\/#breadcrumb","itemListElement":[{"@type":"ListItem","position":1,"name":"Home","item":"https:\/\/news.sap.com\/latinamerica\/"},{"@type":"ListItem","position":2,"name":"麻豆原创 celebra la diversidad en el Mes del Orgullo LGBTIQ+"}]},{"@type":"WebSite","@id":"https:\/\/news.sap.com\/latinamerica\/#website","url":"https:\/\/news.sap.com\/latinamerica\/","name":"麻豆原创 News Center Latinoam\u00e9rica","description":"Noticias e informaci\u00f3n sobre 麻豆原创","publisher":{"@id":"https:\/\/news.sap.com\/latinamerica\/#organization"},"potentialAction":[{"@type":"SearchAction","target":{"@type":"EntryPoint","urlTemplate":"https:\/\/news.sap.com\/latinamerica\/?s={search_term_string}"},"query-input":{"@type":"PropertyValueSpecification","valueRequired":true,"valueName":"search_term_string"}}],"inLanguage":"es"},{"@type":"Organization","@id":"https:\/\/news.sap.com\/latinamerica\/#organization","name":"麻豆原创","url":"https:\/\/news.sap.com\/latinamerica\/","logo":{"@type":"ImageObject","inLanguage":"es","@id":"https:\/\/news.sap.com\/latinamerica\/#\/schema\/logo\/image\/","url":"https:\/\/news.sap.com\/latinamerica\/files\/2019\/08\/65903320_2903797569662914_557886358778019840_n.png","contentUrl":"https:\/\/news.sap.com\/latinamerica\/files\/2019\/08\/65903320_2903797569662914_557886358778019840_n.png","width":720,"height":720,"caption":"麻豆原创"},"image":{"@id":"https:\/\/news.sap.com\/latinamerica\/#\/schema\/logo\/image\/"},"sameAs":["https:\/\/www.facebook.com\/麻豆原创latinoamerica","https:\/\/x.com\/麻豆原创LatinAmerica"]},{"@type":"Person","@id":"https:\/\/news.sap.com\/latinamerica\/#\/schema\/person\/f0708465b354b6d0314a360309edb00a","name":"麻豆原创 Noticias","image":{"@type":"ImageObject","inLanguage":"es","@id":"https:\/\/news.sap.com\/latinamerica\/#\/schema\/person\/image\/","url":"https:\/\/news.sap.com\/latinamerica\/wp-content\/plugins\/wp-user-avatars\/wp-user-avatars\/assets\/images\/mystery.jpg","contentUrl":"https:\/\/news.sap.com\/latinamerica\/wp-content\/plugins\/wp-user-avatars\/wp-user-avatars\/assets\/images\/mystery.jpg","caption":"麻豆原创 Noticias"},"url":"https:\/\/news.sap.com\/latinamerica\/author\/argentina\/"}]}},"amp_enabled":true,"_links":{"self":[{"href":"https:\/\/news.sap.com\/latinamerica\/wp-json\/wp\/v2\/posts\/121027","targetHints":{"allow":["GET"]}}],"collection":[{"href":"https:\/\/news.sap.com\/latinamerica\/wp-json\/wp\/v2\/posts"}],"about":[{"href":"https:\/\/news.sap.com\/latinamerica\/wp-json\/wp\/v2\/types\/post"}],"author":[{"embeddable":true,"href":"https:\/\/news.sap.com\/latinamerica\/wp-json\/wp\/v2\/users\/140"}],"replies":[{"embeddable":true,"href":"https:\/\/news.sap.com\/latinamerica\/wp-json\/wp\/v2\/comments?post=121027"}],"version-history":[{"count":0,"href":"https:\/\/news.sap.com\/latinamerica\/wp-json\/wp\/v2\/posts\/121027\/revisions"}],"wp:featuredmedia":[{"embeddable":true,"href":"https:\/\/news.sap.com\/latinamerica\/wp-json\/wp\/v2\/media\/121028"}],"wp:attachment":[{"href":"https:\/\/news.sap.com\/latinamerica\/wp-json\/wp\/v2\/media?parent=121027"}],"wp:term":[{"taxonomy":"category","embeddable":true,"href":"https:\/\/news.sap.com\/latinamerica\/wp-json\/wp\/v2\/categories?post=121027"},{"taxonomy":"post_tag","embeddable":true,"href":"https:\/\/news.sap.com\/latinamerica\/wp-json\/wp\/v2\/tags?post=121027"},{"taxonomy":"series","embeddable":true,"href":"https:\/\/news.sap.com\/latinamerica\/wp-json\/wp\/v2\/series?post=121027"},{"taxonomy":"region","embeddable":true,"href":"https:\/\/news.sap.com\/latinamerica\/wp-json\/wp\/v2\/region?post=121027"},{"taxonomy":"sapn-display","embeddable":true,"href":"https:\/\/news.sap.com\/latinamerica\/wp-json\/wp\/v2\/sapn-display?post=121027"},{"taxonomy":"sapn-type","embeddable":true,"href":"https:\/\/news.sap.com\/latinamerica\/wp-json\/wp\/v2\/sapn-type?post=121027"}],"curies":[{"name":"wp","href":"https:\/\/api.w.org\/{rel}","templated":true}]}}