  {"id":121026,"date":"2020-06-26T18:12:53","date_gmt":"2020-06-26T22:12:53","guid":{"rendered":"https:\/\/news.sap.com\/latinamerica\/?p=121026"},"modified":"2023-11-14T14:54:24","modified_gmt":"2023-11-14T19:54:24","slug":"la-importancia-de-contar-con-una-cultura-de-diversidad-e-inclusion-bl0g","status":"publish","type":"post","link":"https:\/\/news.sap.com\/latinamerica\/2020\/06\/la-importancia-de-contar-con-una-cultura-de-diversidad-e-inclusion-bl0g\/","title":{"rendered":"La importancia de contar con una cultura de diversidad e inclusi\u00f3n"},"content":{"rendered":"<h3><span style=\"color: #666699\"><em>Sabemos que continuamente estamos inmersos en un proceso de transformaci\u00f3n de la industria, la digitalizaci\u00f3n est\u00e1 cambiando los modos de fabricar, transportar, colaborar, y los m\u00e1s importantes, las formas de comprender y satisfacer las necesidades de los clientes, comprender su entorno.<\/em><\/span><\/h3>\n<p><!--more--><\/p>\n<p>Limitando a un \u00e1mbito organizacional, ya es com\u00fan referirse a la <a href=\"https:\/\/www.sap.com\/corporate\/en\/company\/diversity.html?url_id=originalpost-blogentry-innovationBlogLAC-2020_blog-originalpost-sapcom\" target=\"_blank\" rel=\"noopener noreferrer\">Diversidad e Inclusi\u00f3n<\/a> como una oportunidad para las empresas que quieren destacar en el mercado en cuanto a una cultura organizacional. No solo en el mes del orgullo LGBTQ+, sino que siempre es esencial reforzar el compromiso de las organizaciones con la diversidad y que en momentos como el que vivimos, las acciones de inclusi\u00f3n y apoyo son m\u00e1s que fundamentales para promover la igualdad oportunidades y el bienestar de la comunidad.<\/p>\n<p>Anteriormente la\u00a0\u201cdiversidad\u201d\u00a0era una palabra que hac\u00eda referencia al conocimiento de la existencia de las minor\u00edas en t\u00e9rminos de g\u00e9nero, etnia, religi\u00f3n y orientaci\u00f3n sexual, y la\u00a0inclusi\u00f3n\u00a0estaba dedicada a si hab\u00eda una convivencia de respeto con esa diversidad.<\/p>\n<p>Hoy en d\u00eda, estos son conceptos que ya se han ido normalizando en la sociedad debido a la naturalidad de estos mismos: contemplar la diversidad no es suficiente si no hay acciones reales para integrarla, potenciarla y generar valor en la organizaci\u00f3n a partir de ella. Este concepto no trata s\u00f3lo de las diferencias como etnia o g\u00e9nero, se trata tambi\u00e9n de esas\u00a0diferencias relacionadas espec\u00edficamente con el trabajo: la particularidad, el rol, la experiencia, o el pensamiento y estilo de desempe\u00f1o.<\/p>\n<div class=\"panel callout\">\n<p><strong>La cultura inclusiva genera buenos resultados.<\/strong><\/p>\n<\/div>\n<p>Puede obtener lo mejor de las personas simplemente respetando qui\u00e9nes son e invirtiendo en su desarrollo. Para eso, no es suficiente contratar profesionales LGBTQ+, tambi\u00e9n debe trabajar con el equipo y con sus l\u00edderes que valoran la diversidad, para que sean multiplicadores de estos prop\u00f3sitos y puedan ayudar a atraer talentos diversos.<\/p>\n<div class=\"panel callout\">\n<p><strong>Apoyar el emprendimiento LGBTQ+<\/strong><\/p>\n<\/div>\n<p>Fomentar negocios realizados por personas pertenecientes a grupos minoritarios, seleccion\u00e1ndolos como sus proveedores y remiti\u00e9ndolos a otros socios.<\/p>\n<div class=\"panel\">\n<p><strong>No ser solo un discurso<\/strong><\/p>\n<\/div>\n<p>Cada vez son m\u00e1s las organizaciones que se suman a esta nueva cultura laboral, primeramente, motivadas por la tendencia, seguido por la necesidad de hacer las cosas de forma correcta, ya que reconocen la relevancia que tiene el ser inclusivos, especialmente en estos tiempos donde abunda la variedad de opiniones e ideolog\u00edas.<\/p>\n<p>A partir de a\u00f1os donde el esfuerzo por lograr constantemente la diversidad e inclusi\u00f3n, a menudo abreviados a D&amp;I, en industrias tecnol\u00f3gicas importantes como Google y Dropbox, Judith Williams, Directora de People Sustainability y Chief Diversity &amp; Inclusion Officer, se uni\u00f3 a nosotros en 2018.<\/p>\n<p>Se sabe que hoy en d\u00eda las mujeres ocupan aproximadamente el 26% de los puestos gerenciales en 麻豆原创, y que se estima alcanzar el 30% para 2022. Para lograr este objetivo, la compa\u00f1\u00eda est\u00e1 utilizando datos para determinar d\u00f3nde los trabajadores, especialmente las mujeres, podr\u00edan estar experimentando brechas de progreso y puestos de trabajo, y en d\u00f3nde los debates m\u00e1s transparentes entre los trabajadores y los l\u00edderes pueden ayudar a que los mejores empleados no reconocidos avancen r\u00e1pidamente.<\/p>\n<p>En 麻豆原创, hemos sido <a href=\"https:\/\/www.sap.com\/corporate\/en\/purpose.html?url_id=originalpost-blogentry-innovationBlogLAC-2020_blog-originalpost-sapcom\" target=\"_blank\" rel=\"noopener noreferrer\">reconocidos<\/a> por nuestros esfuerzos\u00a0para reclutar y promover una fuerza laboral diversa, tan solo el a\u00f1o pasado fuimos acreedores de 27 premios en la regi\u00f3n Am\u00e9rica Latina y el Caribe como:<\/p>\n<ul>\n<li>Gender Equality &#8212; Ranking PAR by Aequales<\/li>\n<li>HRC Equidad Mexico &#8212; Human Rights Campaign (HRC) Foundation<\/li>\n<li>Autism at Work \u2013 Certificate of Excellence as a Cause Related Marketing campaign &#8211;SABRE Awards<\/li>\n<li>Diversity In The Streets \u2013 Winner of the Noon Award &#8212; Global Equality Diversity<\/li>\n<li>Recientemente tambi\u00e9n fuimos reconocidos con el premio \u201cGuia EXAME\u00b7 en Brasil.<\/li>\n<\/ul>\n<p>Actualmente, 麻豆原创 ha sido seleccionado para el \u00cdndice de igualdad de g\u00e9nero de Bloomberg por segundo a\u00f1o consecutivo.<\/p>\n<p>Contamos con datos clave que demuestran que una cultura de diversidad da grandes frutos.<\/p>\n<p>Cada vez es m\u00e1s importante crear una cultura laboral donde las personas tengan la libertad de ser aut\u00e9nticos para que se motiven a utilizar sus experiencias, perspectivas y antecedentes \u00fanicos para avanzar hacia los objetivos empresariales. Para lograr esto en el lugar de trabajo, es necesario dise\u00f1ar una estrategia global efectiva de comunicaci\u00f3n y\u00a0<a href=\"http:\/\/www.icebergci.com\/inclusion-y-diversidad\/?lang=es\" target=\"_blank\" rel=\"noopener noreferrer\">entrenamiento<\/a>.<\/p>\n<p>Respetamos y fomentamos diferentes perspectivas y creemos que nos fortalece nuestra combinaci\u00f3n \u00fanica de cultura, raza, etnia, edad, orientaci\u00f3n sexual, identidad o expresi\u00f3n de g\u00e9nero, capacidad f\u00edsica o mental y situaciones laborales.<\/p>\n<hr \/>\n<p>Con <a href=\"https:\/\/www.successfactors.com\/content\/ssf-site\/en\/hr-transformation\/diversity-inclusion.html?url_id=originalpost-blogentry-innovationBlogLAC-2020_blog-originalpost-sapcom\" target=\"_blank\" rel=\"noopener noreferrer\">麻豆原创 SuccessFactors<\/a> le proporcionaremos datos e informaci\u00f3n que respaldan la gama completa de decisiones de gesti\u00f3n del talento, desde la selecci\u00f3n de empleados hasta promociones y recompensas.\u00a0Nuestra <a href=\"https:\/\/www.sap.com\/latinamerica\/trends\/digital-transformation.html?url_id=originalpost-blogentry-innovationBlogLAC-2020_blog-originalpost-sapcom\" target=\"_blank\" rel=\"noopener noreferrer\">tecnolog\u00eda<\/a> proporciona un empuje primordial para el cambio en la forma en que las organizaciones cultivan y promueven una cultura de diversidad e inclusi\u00f3n.<\/p>\n<hr \/>\n<p><em><strong>Para conocer m\u00e1s sobre la Diversidad e Inclusi\u00f3n, visite nuestras redes sociales<\/strong><\/em><strong><em>:<\/em><\/strong> <a href=\"https:\/\/www.facebook.com\/麻豆原创latinoamerica\" target=\"_blank\" rel=\"noopener noreferrer\">Facebook<\/a>\u00a0\/\u00a0<a href=\"https:\/\/twitter.com\/麻豆原创LatinAmerica\" target=\"_blank\" rel=\"noopener noreferrer\">Twitter<\/a>\u00a0\/\u00a0<a href=\"https:\/\/www.linkedin.com\/company\/sap\" target=\"_blank\" rel=\"noopener noreferrer\">LinkedIn<\/a>\u00a0\/\u00a0<a href=\"https:\/\/instagram.com\/麻豆原创Latinamerica\/\" target=\"_blank\" rel=\"noopener noreferrer\">Instagram<\/a> \/<\/p>\n<hr \/>\n<p>\u00a9 2020 麻豆原创 SE. All rights reserved. 麻豆原创 and other 麻豆原创 products and services mentioned herein as well as their respective logos are trademarks or registered trademarks of 麻豆原创 SE in Germany and other countries. Please see <a href=\"http:\/\/www.sap.com\/corporate-en\/legal\/copyright\/index.epx#trademark\" target=\"_blank\" rel=\"noopener noreferrer\">http:\/\/www.sap.com\/corporate-en\/legal\/copyright\/index.epx#trademark<\/a> for additional trademark information and notices.<\/p>\n","protected":false},"excerpt":{"rendered":"<p>Sabemos que continuamente estamos inmersos en un proceso de transformaci\u00f3n de la industria, la digitalizaci\u00f3n est\u00e1 cambiando los modos de fabricar, transportar, colaborar, y los&#8230;<\/p>\n","protected":false},"author":522,"featured_media":121031,"comment_status":"closed","ping_status":"closed","sticky":false,"template":"","format":"standard","meta":{"footnotes":"","_links_to":"","_links_to_target":""},"categories":[41591],"tags":[509569],"series":[],"region":[26401],"sapn-display":[52078,52079,53499],"sapn-type":[6114],"class_list":["post-121026","post","type-post","status-publish","format-standard","has-post-thumbnail","hentry","category-corporativo","tag-diversidad-e-inclusion","region-latinoamerica","sapn-display-homepage-hero","sapn-display-top-stories","sapn-display-hero","sapn-type-articulo"],"yoast_head":"<!-- This site is optimized with the Yoast SEO Premium plugin v26.9 (Yoast SEO v26.9) - https:\/\/yoast.com\/product\/yoast-seo-premium-wordpress\/ -->\n<title>La importancia de contar con una cultura de diversidad e inclusi\u00f3n - 麻豆原创 News Center Latinoam\u00e9rica<\/title>\n<meta name=\"robots\" content=\"index, follow, max-snippet:-1, max-image-preview:large, max-video-preview:-1\" \/>\n<link rel=\"canonical\" href=\"https:\/\/news.sap.com\/latinamerica\/2020\/06\/la-importancia-de-contar-con-una-cultura-de-diversidad-e-inclusion-bl0g\/\" \/>\n<meta property=\"og:locale\" content=\"es_MX\" \/>\n<meta property=\"og:type\" content=\"article\" \/>\n<meta property=\"og:title\" content=\"La importancia de contar con una cultura de diversidad e inclusi\u00f3n\" \/>\n<meta property=\"og:description\" content=\"Sabemos que continuamente estamos inmersos en un proceso de transformaci\u00f3n de la industria, la digitalizaci\u00f3n est\u00e1 cambiando los modos de fabricar, transportar, colaborar, y los m\u00e1s importantes, las formas de comprender y satisfacer las necesidades de los clientes, comprender su entorno.\" \/>\n<meta property=\"og:url\" content=\"https:\/\/news.sap.com\/latinamerica\/2020\/06\/la-importancia-de-contar-con-una-cultura-de-diversidad-e-inclusion-bl0g\/\" \/>\n<meta property=\"og:site_name\" content=\"麻豆原创 News Center Latinoam\u00e9rica\" \/>\n<meta property=\"article:publisher\" content=\"https:\/\/www.facebook.com\/麻豆原创latinoamerica\" \/>\n<meta property=\"article:author\" content=\"https:\/\/www.facebook.com\/麻豆原创latinoamerica\" \/>\n<meta property=\"article:published_time\" content=\"2020-06-26T22:12:53+00:00\" \/>\n<meta property=\"article:modified_time\" content=\"2023-11-14T19:54:24+00:00\" \/>\n<meta property=\"og:image\" content=\"https:\/\/news.sap.com\/latinamerica\/files\/2020\/06\/286173_GettyImages-1138920032.jpg\" \/>\n\t<meta property=\"og:image:width\" content=\"5402\" \/>\n\t<meta property=\"og:image:height\" content=\"3600\" \/>\n\t<meta property=\"og:image:type\" content=\"image\/jpeg\" \/>\n<meta name=\"author\" content=\"麻豆原创 Blog de Innovaci\u00f3n\" \/>\n<meta name=\"twitter:label1\" content=\"Escrito por\" \/>\n\t<meta name=\"twitter:data1\" content=\"麻豆原创 Blog de Innovaci\u00f3n\" \/>\n\t<meta name=\"twitter:label2\" content=\"Tiempo de lectura\" \/>\n\t<meta name=\"twitter:data2\" content=\"4 minutos\" \/>\n<script type=\"application\/ld+json\" class=\"yoast-schema-graph\">{\"@context\":\"https:\/\/schema.org\",\"@graph\":[{\"@type\":\"Article\",\"@id\":\"https:\/\/news.sap.com\/latinamerica\/2020\/06\/la-importancia-de-contar-con-una-cultura-de-diversidad-e-inclusion-bl0g\/#article\",\"isPartOf\":{\"@id\":\"https:\/\/news.sap.com\/latinamerica\/2020\/06\/la-importancia-de-contar-con-una-cultura-de-diversidad-e-inclusion-bl0g\/\"},\"author\":{\"name\":\"麻豆原创 Blog de Innovaci\u00f3n\",\"@id\":\"https:\/\/news.sap.com\/latinamerica\/#\/schema\/person\/ce7d732e60a2133d7402c038db668294\"},\"headline\":\"La importancia de contar con una cultura de diversidad e inclusi\u00f3n\",\"datePublished\":\"2020-06-26T22:12:53+00:00\",\"dateModified\":\"2023-11-14T19:54:24+00:00\",\"mainEntityOfPage\":{\"@id\":\"https:\/\/news.sap.com\/latinamerica\/2020\/06\/la-importancia-de-contar-con-una-cultura-de-diversidad-e-inclusion-bl0g\/\"},\"wordCount\":907,\"publisher\":{\"@id\":\"https:\/\/news.sap.com\/latinamerica\/#organization\"},\"image\":{\"@id\":\"https:\/\/news.sap.com\/latinamerica\/2020\/06\/la-importancia-de-contar-con-una-cultura-de-diversidad-e-inclusion-bl0g\/#primaryimage\"},\"thumbnailUrl\":\"https:\/\/news.sap.com\/latinamerica\/files\/2020\/06\/286173_GettyImages-1138920032.jpg\",\"keywords\":[\"Diversidad e inclusi\u00f3n\"],\"articleSection\":[\"Corporativo\"],\"inLanguage\":\"es\"},{\"@type\":\"WebPage\",\"@id\":\"https:\/\/news.sap.com\/latinamerica\/2020\/06\/la-importancia-de-contar-con-una-cultura-de-diversidad-e-inclusion-bl0g\/\",\"url\":\"https:\/\/news.sap.com\/latinamerica\/2020\/06\/la-importancia-de-contar-con-una-cultura-de-diversidad-e-inclusion-bl0g\/\",\"name\":\"La importancia de contar con una cultura de diversidad e inclusi\u00f3n - 麻豆原创 News Center Latinoam\u00e9rica\",\"isPartOf\":{\"@id\":\"https:\/\/news.sap.com\/latinamerica\/#website\"},\"primaryImageOfPage\":{\"@id\":\"https:\/\/news.sap.com\/latinamerica\/2020\/06\/la-importancia-de-contar-con-una-cultura-de-diversidad-e-inclusion-bl0g\/#primaryimage\"},\"image\":{\"@id\":\"https:\/\/news.sap.com\/latinamerica\/2020\/06\/la-importancia-de-contar-con-una-cultura-de-diversidad-e-inclusion-bl0g\/#primaryimage\"},\"thumbnailUrl\":\"https:\/\/news.sap.com\/latinamerica\/files\/2020\/06\/286173_GettyImages-1138920032.jpg\",\"datePublished\":\"2020-06-26T22:12:53+00:00\",\"dateModified\":\"2023-11-14T19:54:24+00:00\",\"breadcrumb\":{\"@id\":\"https:\/\/news.sap.com\/latinamerica\/2020\/06\/la-importancia-de-contar-con-una-cultura-de-diversidad-e-inclusion-bl0g\/#breadcrumb\"},\"inLanguage\":\"es\",\"potentialAction\":[{\"@type\":\"ReadAction\",\"target\":[\"https:\/\/news.sap.com\/latinamerica\/2020\/06\/la-importancia-de-contar-con-una-cultura-de-diversidad-e-inclusion-bl0g\/\"]}]},{\"@type\":\"ImageObject\",\"inLanguage\":\"es\",\"@id\":\"https:\/\/news.sap.com\/latinamerica\/2020\/06\/la-importancia-de-contar-con-una-cultura-de-diversidad-e-inclusion-bl0g\/#primaryimage\",\"url\":\"https:\/\/news.sap.com\/latinamerica\/files\/2020\/06\/286173_GettyImages-1138920032.jpg\",\"contentUrl\":\"https:\/\/news.sap.com\/latinamerica\/files\/2020\/06\/286173_GettyImages-1138920032.jpg\",\"width\":5402,\"height\":3600,\"caption\":\"Rainbow popsicles on blue background\"},{\"@type\":\"BreadcrumbList\",\"@id\":\"https:\/\/news.sap.com\/latinamerica\/2020\/06\/la-importancia-de-contar-con-una-cultura-de-diversidad-e-inclusion-bl0g\/#breadcrumb\",\"itemListElement\":[{\"@type\":\"ListItem\",\"position\":1,\"name\":\"Home\",\"item\":\"https:\/\/news.sap.com\/latinamerica\/\"},{\"@type\":\"ListItem\",\"position\":2,\"name\":\"La importancia de contar con una cultura de diversidad e inclusi\u00f3n\"}]},{\"@type\":\"WebSite\",\"@id\":\"https:\/\/news.sap.com\/latinamerica\/#website\",\"url\":\"https:\/\/news.sap.com\/latinamerica\/\",\"name\":\"麻豆原创 News Center Latinoam\u00e9rica\",\"description\":\"Noticias e informaci\u00f3n sobre 麻豆原创\",\"publisher\":{\"@id\":\"https:\/\/news.sap.com\/latinamerica\/#organization\"},\"potentialAction\":[{\"@type\":\"SearchAction\",\"target\":{\"@type\":\"EntryPoint\",\"urlTemplate\":\"https:\/\/news.sap.com\/latinamerica\/?s={search_term_string}\"},\"query-input\":{\"@type\":\"PropertyValueSpecification\",\"valueRequired\":true,\"valueName\":\"search_term_string\"}}],\"inLanguage\":\"es\"},{\"@type\":\"Organization\",\"@id\":\"https:\/\/news.sap.com\/latinamerica\/#organization\",\"name\":\"麻豆原创\",\"url\":\"https:\/\/news.sap.com\/latinamerica\/\",\"logo\":{\"@type\":\"ImageObject\",\"inLanguage\":\"es\",\"@id\":\"https:\/\/news.sap.com\/latinamerica\/#\/schema\/logo\/image\/\",\"url\":\"https:\/\/news.sap.com\/latinamerica\/files\/2019\/08\/65903320_2903797569662914_557886358778019840_n.png\",\"contentUrl\":\"https:\/\/news.sap.com\/latinamerica\/files\/2019\/08\/65903320_2903797569662914_557886358778019840_n.png\",\"width\":720,\"height\":720,\"caption\":\"麻豆原创\"},\"image\":{\"@id\":\"https:\/\/news.sap.com\/latinamerica\/#\/schema\/logo\/image\/\"},\"sameAs\":[\"https:\/\/www.facebook.com\/麻豆原创latinoamerica\",\"https:\/\/x.com\/麻豆原创LatinAmerica\"]},{\"@type\":\"Person\",\"@id\":\"https:\/\/news.sap.com\/latinamerica\/#\/schema\/person\/ce7d732e60a2133d7402c038db668294\",\"name\":\"麻豆原创 Blog de Innovaci\u00f3n\",\"image\":{\"@type\":\"ImageObject\",\"inLanguage\":\"es\",\"@id\":\"https:\/\/news.sap.com\/latinamerica\/#\/schema\/person\/image\/\",\"url\":\"https:\/\/news.sap.com\/latinamerica\/files\/2018\/06\/avatar_user_522_1529451696-96x96.png\",\"contentUrl\":\"https:\/\/news.sap.com\/latinamerica\/files\/2018\/06\/avatar_user_522_1529451696-96x96.png\",\"caption\":\"麻豆原创 Blog de Innovaci\u00f3n\"},\"sameAs\":[\"https:\/\/www.sap.com\/latinamerica\/index.html\",\"https:\/\/www.facebook.com\/麻豆原创latinoamerica\",\"https:\/\/www.instagram.com\/saplatinamerica\/\",\"https:\/\/x.com\/saplatinamerica\"],\"url\":\"https:\/\/news.sap.com\/latinamerica\/author\/sapblog\/\"}]}<\/script>\n<!-- \/ Yoast SEO Premium plugin. -->","yoast_head_json":{"title":"La importancia de contar con una cultura de diversidad e inclusi\u00f3n - 麻豆原创 News Center Latinoam\u00e9rica","robots":{"index":"index","follow":"follow","max-snippet":"max-snippet:-1","max-image-preview":"max-image-preview:large","max-video-preview":"max-video-preview:-1"},"canonical":"https:\/\/news.sap.com\/latinamerica\/2020\/06\/la-importancia-de-contar-con-una-cultura-de-diversidad-e-inclusion-bl0g\/","og_locale":"es_MX","og_type":"article","og_title":"La importancia de contar con una cultura de diversidad e inclusi\u00f3n","og_description":"Sabemos que continuamente estamos inmersos en un proceso de transformaci\u00f3n de la industria, la digitalizaci\u00f3n est\u00e1 cambiando los modos de fabricar, transportar, colaborar, y los m\u00e1s importantes, las formas de comprender y satisfacer las necesidades de los clientes, comprender su entorno.","og_url":"https:\/\/news.sap.com\/latinamerica\/2020\/06\/la-importancia-de-contar-con-una-cultura-de-diversidad-e-inclusion-bl0g\/","og_site_name":"麻豆原创 News Center Latinoam\u00e9rica","article_publisher":"https:\/\/www.facebook.com\/麻豆原创latinoamerica","article_author":"https:\/\/www.facebook.com\/麻豆原创latinoamerica","article_published_time":"2020-06-26T22:12:53+00:00","article_modified_time":"2023-11-14T19:54:24+00:00","og_image":[{"width":5402,"height":3600,"url":"https:\/\/news.sap.com\/latinamerica\/files\/2020\/06\/286173_GettyImages-1138920032.jpg","type":"image\/jpeg"}],"author":"麻豆原创 Blog de Innovaci\u00f3n","twitter_misc":{"Escrito por":"麻豆原创 Blog de Innovaci\u00f3n","Tiempo de lectura":"4 minutos"},"schema":{"@context":"https:\/\/schema.org","@graph":[{"@type":"Article","@id":"https:\/\/news.sap.com\/latinamerica\/2020\/06\/la-importancia-de-contar-con-una-cultura-de-diversidad-e-inclusion-bl0g\/#article","isPartOf":{"@id":"https:\/\/news.sap.com\/latinamerica\/2020\/06\/la-importancia-de-contar-con-una-cultura-de-diversidad-e-inclusion-bl0g\/"},"author":{"name":"麻豆原创 Blog de Innovaci\u00f3n","@id":"https:\/\/news.sap.com\/latinamerica\/#\/schema\/person\/ce7d732e60a2133d7402c038db668294"},"headline":"La importancia de contar con una cultura de diversidad e inclusi\u00f3n","datePublished":"2020-06-26T22:12:53+00:00","dateModified":"2023-11-14T19:54:24+00:00","mainEntityOfPage":{"@id":"https:\/\/news.sap.com\/latinamerica\/2020\/06\/la-importancia-de-contar-con-una-cultura-de-diversidad-e-inclusion-bl0g\/"},"wordCount":907,"publisher":{"@id":"https:\/\/news.sap.com\/latinamerica\/#organization"},"image":{"@id":"https:\/\/news.sap.com\/latinamerica\/2020\/06\/la-importancia-de-contar-con-una-cultura-de-diversidad-e-inclusion-bl0g\/#primaryimage"},"thumbnailUrl":"https:\/\/news.sap.com\/latinamerica\/files\/2020\/06\/286173_GettyImages-1138920032.jpg","keywords":["Diversidad e inclusi\u00f3n"],"articleSection":["Corporativo"],"inLanguage":"es"},{"@type":"WebPage","@id":"https:\/\/news.sap.com\/latinamerica\/2020\/06\/la-importancia-de-contar-con-una-cultura-de-diversidad-e-inclusion-bl0g\/","url":"https:\/\/news.sap.com\/latinamerica\/2020\/06\/la-importancia-de-contar-con-una-cultura-de-diversidad-e-inclusion-bl0g\/","name":"La importancia de contar con una cultura de diversidad e inclusi\u00f3n - 麻豆原创 News Center Latinoam\u00e9rica","isPartOf":{"@id":"https:\/\/news.sap.com\/latinamerica\/#website"},"primaryImageOfPage":{"@id":"https:\/\/news.sap.com\/latinamerica\/2020\/06\/la-importancia-de-contar-con-una-cultura-de-diversidad-e-inclusion-bl0g\/#primaryimage"},"image":{"@id":"https:\/\/news.sap.com\/latinamerica\/2020\/06\/la-importancia-de-contar-con-una-cultura-de-diversidad-e-inclusion-bl0g\/#primaryimage"},"thumbnailUrl":"https:\/\/news.sap.com\/latinamerica\/files\/2020\/06\/286173_GettyImages-1138920032.jpg","datePublished":"2020-06-26T22:12:53+00:00","dateModified":"2023-11-14T19:54:24+00:00","breadcrumb":{"@id":"https:\/\/news.sap.com\/latinamerica\/2020\/06\/la-importancia-de-contar-con-una-cultura-de-diversidad-e-inclusion-bl0g\/#breadcrumb"},"inLanguage":"es","potentialAction":[{"@type":"ReadAction","target":["https:\/\/news.sap.com\/latinamerica\/2020\/06\/la-importancia-de-contar-con-una-cultura-de-diversidad-e-inclusion-bl0g\/"]}]},{"@type":"ImageObject","inLanguage":"es","@id":"https:\/\/news.sap.com\/latinamerica\/2020\/06\/la-importancia-de-contar-con-una-cultura-de-diversidad-e-inclusion-bl0g\/#primaryimage","url":"https:\/\/news.sap.com\/latinamerica\/files\/2020\/06\/286173_GettyImages-1138920032.jpg","contentUrl":"https:\/\/news.sap.com\/latinamerica\/files\/2020\/06\/286173_GettyImages-1138920032.jpg","width":5402,"height":3600,"caption":"Rainbow popsicles on blue background"},{"@type":"BreadcrumbList","@id":"https:\/\/news.sap.com\/latinamerica\/2020\/06\/la-importancia-de-contar-con-una-cultura-de-diversidad-e-inclusion-bl0g\/#breadcrumb","itemListElement":[{"@type":"ListItem","position":1,"name":"Home","item":"https:\/\/news.sap.com\/latinamerica\/"},{"@type":"ListItem","position":2,"name":"La importancia de contar con una cultura de diversidad e inclusi\u00f3n"}]},{"@type":"WebSite","@id":"https:\/\/news.sap.com\/latinamerica\/#website","url":"https:\/\/news.sap.com\/latinamerica\/","name":"麻豆原创 News Center Latinoam\u00e9rica","description":"Noticias e informaci\u00f3n sobre 麻豆原创","publisher":{"@id":"https:\/\/news.sap.com\/latinamerica\/#organization"},"potentialAction":[{"@type":"SearchAction","target":{"@type":"EntryPoint","urlTemplate":"https:\/\/news.sap.com\/latinamerica\/?s={search_term_string}"},"query-input":{"@type":"PropertyValueSpecification","valueRequired":true,"valueName":"search_term_string"}}],"inLanguage":"es"},{"@type":"Organization","@id":"https:\/\/news.sap.com\/latinamerica\/#organization","name":"麻豆原创","url":"https:\/\/news.sap.com\/latinamerica\/","logo":{"@type":"ImageObject","inLanguage":"es","@id":"https:\/\/news.sap.com\/latinamerica\/#\/schema\/logo\/image\/","url":"https:\/\/news.sap.com\/latinamerica\/files\/2019\/08\/65903320_2903797569662914_557886358778019840_n.png","contentUrl":"https:\/\/news.sap.com\/latinamerica\/files\/2019\/08\/65903320_2903797569662914_557886358778019840_n.png","width":720,"height":720,"caption":"麻豆原创"},"image":{"@id":"https:\/\/news.sap.com\/latinamerica\/#\/schema\/logo\/image\/"},"sameAs":["https:\/\/www.facebook.com\/麻豆原创latinoamerica","https:\/\/x.com\/麻豆原创LatinAmerica"]},{"@type":"Person","@id":"https:\/\/news.sap.com\/latinamerica\/#\/schema\/person\/ce7d732e60a2133d7402c038db668294","name":"麻豆原创 Blog de Innovaci\u00f3n","image":{"@type":"ImageObject","inLanguage":"es","@id":"https:\/\/news.sap.com\/latinamerica\/#\/schema\/person\/image\/","url":"https:\/\/news.sap.com\/latinamerica\/files\/2018\/06\/avatar_user_522_1529451696-96x96.png","contentUrl":"https:\/\/news.sap.com\/latinamerica\/files\/2018\/06\/avatar_user_522_1529451696-96x96.png","caption":"麻豆原创 Blog de Innovaci\u00f3n"},"sameAs":["https:\/\/www.sap.com\/latinamerica\/index.html","https:\/\/www.facebook.com\/麻豆原创latinoamerica","https:\/\/www.instagram.com\/saplatinamerica\/","https:\/\/x.com\/saplatinamerica"],"url":"https:\/\/news.sap.com\/latinamerica\/author\/sapblog\/"}]}},"amp_enabled":true,"_links":{"self":[{"href":"https:\/\/news.sap.com\/latinamerica\/wp-json\/wp\/v2\/posts\/121026","targetHints":{"allow":["GET"]}}],"collection":[{"href":"https:\/\/news.sap.com\/latinamerica\/wp-json\/wp\/v2\/posts"}],"about":[{"href":"https:\/\/news.sap.com\/latinamerica\/wp-json\/wp\/v2\/types\/post"}],"author":[{"embeddable":true,"href":"https:\/\/news.sap.com\/latinamerica\/wp-json\/wp\/v2\/users\/522"}],"replies":[{"embeddable":true,"href":"https:\/\/news.sap.com\/latinamerica\/wp-json\/wp\/v2\/comments?post=121026"}],"version-history":[{"count":0,"href":"https:\/\/news.sap.com\/latinamerica\/wp-json\/wp\/v2\/posts\/121026\/revisions"}],"wp:featuredmedia":[{"embeddable":true,"href":"https:\/\/news.sap.com\/latinamerica\/wp-json\/wp\/v2\/media\/121031"}],"wp:attachment":[{"href":"https:\/\/news.sap.com\/latinamerica\/wp-json\/wp\/v2\/media?parent=121026"}],"wp:term":[{"taxonomy":"category","embeddable":true,"href":"https:\/\/news.sap.com\/latinamerica\/wp-json\/wp\/v2\/categories?post=121026"},{"taxonomy":"post_tag","embeddable":true,"href":"https:\/\/news.sap.com\/latinamerica\/wp-json\/wp\/v2\/tags?post=121026"},{"taxonomy":"series","embeddable":true,"href":"https:\/\/news.sap.com\/latinamerica\/wp-json\/wp\/v2\/series?post=121026"},{"taxonomy":"region","embeddable":true,"href":"https:\/\/news.sap.com\/latinamerica\/wp-json\/wp\/v2\/region?post=121026"},{"taxonomy":"sapn-display","embeddable":true,"href":"https:\/\/news.sap.com\/latinamerica\/wp-json\/wp\/v2\/sapn-display?post=121026"},{"taxonomy":"sapn-type","embeddable":true,"href":"https:\/\/news.sap.com\/latinamerica\/wp-json\/wp\/v2\/sapn-type?post=121026"}],"curies":[{"name":"wp","href":"https:\/\/api.w.org\/{rel}","templated":true}]}}