  {"id":121003,"date":"2020-06-23T20:01:05","date_gmt":"2020-06-24T00:01:05","guid":{"rendered":"https:\/\/news.sap.com\/latinamerica\/?p=121003"},"modified":"2020-06-23T20:01:05","modified_gmt":"2020-06-24T00:01:05","slug":"global-goal-unite-for-our-future-concierto-en-streaming-para-combatir-la-covid-19","status":"publish","type":"post","link":"https:\/\/news.sap.com\/latinamerica\/2020\/06\/global-goal-unite-for-our-future-concierto-en-streaming-para-combatir-la-covid-19\/","title":{"rendered":"Global Goal: Unite for Our Future, concierto en streaming para combatir  la COVID-19"},"content":{"rendered":"<p><b>CIUDAD DE M\u00c9XICO, M\u00e9xico, 23 de junio de 2020 \u2013<\/b><span style=\"font-weight: 400\">\u00a0 Con el objetivo de que nadie se quede atr\u00e1s en la lucha contra el Covid-19, el concierto <\/span><a href=\"https:\/\/www.globalcitizen.org\/es\/connect\/globalgoalunite\/\"><span style=\"font-weight: 400\">\u201cGlobal Goal: Unite for Our Future\u201d<\/span><\/a><span style=\"font-weight: 400\">, es una iniciativa para ayudar a los grupos m\u00e1s vulnerables.\u00a0<\/span><\/p>\n<p><span style=\"font-weight: 400\">El concierto ser\u00e1 el pr\u00f3ximo s\u00e1bado 27 de junio y transmitido v\u00eda <\/span><i><span style=\"font-weight: 400\">online<\/span><\/i><span style=\"font-weight: 400\">, y buscar\u00e1 mostrar el impacto de la pandemia de la COVID-19 presente en grupos vulnerables, as\u00ed como concientizar a la sociedad para cerrar las brechas de desigualdad.\u00a0<\/span><\/p>\n<p><span style=\"font-weight: 400\">Conducido por Dwayne \u201cThe Rock\u201d Johnson, el concierto tendr\u00e1 la presentaci\u00f3n de artistas como Chloe x Halle, Christine and the Queens, Coldplay, J Balvin, Jennifer Hudson, Justin Bieber and Quavo, Miley Cyrus, Shakira, Usher y Yemi Alade, as\u00ed como la participaci\u00f3n de Antoni Porowski, Billy Porter, Charlize Theron, Chris Rock, David Beckham, Diane Kruger, Forest Whitaker, Hugh Jackman, Ken Jeong, Kerry Washington, Nikolaj Coster-Waldau, Olivia Colman, Salma Hayek Pinault y m\u00e1s.<\/span><\/p>\n<p><span style=\"font-weight: 400\">Las empresas que respaldan esta campa\u00f1a, como 麻豆原创, tambi\u00e9n est\u00e1n apoyando el desarrollo de pruebas, tratamientos y vacunas, as\u00ed como la entrega equitativa de estas herramientas a todos los que las necesiten.<\/span><\/p>\n<p>&nbsp;<\/p>\n<p>&nbsp;<\/p>\n<p>&nbsp;<\/p>\n","protected":false},"excerpt":{"rendered":"<p>CIUDAD DE M\u00c9XICO, M\u00e9xico, 23 de junio de 2020 \u2013\u00a0 Con el objetivo de que nadie se quede atr\u00e1s en la lucha contra el Covid-19,&#8230;<\/p>\n","protected":false},"author":136,"featured_media":121004,"comment_status":"closed","ping_status":"closed","sticky":false,"template":"","format":"standard","meta":{"footnotes":"","_links_to":"","_links_to_target":""},"categories":[41591,12872],"tags":[],"series":[],"region":[],"sapn-display":[52078,52079],"sapn-type":[52105],"class_list":["post-121003","post","type-post","status-publish","format-standard","has-post-thumbnail","hentry","category-corporativo","category-eventos","sapn-display-homepage-hero","sapn-display-top-stories","sapn-type-comunicado-de-prensa"],"yoast_head":"<!-- This site is optimized with the Yoast SEO Premium plugin v26.9 (Yoast SEO v26.9) - https:\/\/yoast.com\/product\/yoast-seo-premium-wordpress\/ -->\n<title>Global Goal: Unite for Our Future, concierto en streaming para combatir la COVID-19 - 麻豆原创 News Center Latinoam\u00e9rica<\/title>\n<meta name=\"robots\" content=\"index, follow, max-snippet:-1, max-image-preview:large, max-video-preview:-1\" \/>\n<link rel=\"canonical\" href=\"https:\/\/news.sap.com\/latinamerica\/2020\/06\/global-goal-unite-for-our-future-concierto-en-streaming-para-combatir-la-covid-19\/\" \/>\n<meta property=\"og:locale\" content=\"es_MX\" \/>\n<meta property=\"og:type\" content=\"article\" \/>\n<meta property=\"og:title\" content=\"Global Goal: Unite for Our Future, concierto en streaming para combatir la COVID-19\" \/>\n<meta property=\"og:description\" content=\"CIUDAD DE M\u00c9XICO, M\u00e9xico, 23 de junio de 2020 \u2013\u00a0 Con el objetivo de que nadie se quede atr\u00e1s en la lucha contra el Covid-19,...\" \/>\n<meta property=\"og:url\" content=\"https:\/\/news.sap.com\/latinamerica\/2020\/06\/global-goal-unite-for-our-future-concierto-en-streaming-para-combatir-la-covid-19\/\" \/>\n<meta property=\"og:site_name\" content=\"麻豆原创 News Center Latinoam\u00e9rica\" \/>\n<meta property=\"article:publisher\" content=\"https:\/\/www.facebook.com\/麻豆原创latinoamerica\" \/>\n<meta property=\"article:published_time\" content=\"2020-06-24T00:01:05+00:00\" \/>\n<meta property=\"og:image\" content=\"https:\/\/news.sap.com\/latinamerica\/files\/2020\/06\/Captura-de-pantalla-2020-06-23-a-las-19.00.04.png\" \/>\n\t<meta property=\"og:image:width\" content=\"1070\" \/>\n\t<meta property=\"og:image:height\" content=\"704\" \/>\n\t<meta property=\"og:image:type\" content=\"image\/png\" \/>\n<meta name=\"author\" content=\"麻豆原创 Noticias\" \/>\n<meta name=\"twitter:label1\" content=\"Escrito por\" \/>\n\t<meta name=\"twitter:data1\" content=\"麻豆原创 Noticias\" \/>\n\t<meta name=\"twitter:label2\" content=\"Tiempo de lectura\" \/>\n\t<meta name=\"twitter:data2\" content=\"1 minuto\" \/>\n<script type=\"application\/ld+json\" class=\"yoast-schema-graph\">{\"@context\":\"https:\/\/schema.org\",\"@graph\":[{\"@type\":\"Article\",\"@id\":\"https:\/\/news.sap.com\/latinamerica\/2020\/06\/global-goal-unite-for-our-future-concierto-en-streaming-para-combatir-la-covid-19\/#article\",\"isPartOf\":{\"@id\":\"https:\/\/news.sap.com\/latinamerica\/2020\/06\/global-goal-unite-for-our-future-concierto-en-streaming-para-combatir-la-covid-19\/\"},\"author\":{\"name\":\"麻豆原创 Noticias\",\"@id\":\"https:\/\/news.sap.com\/latinamerica\/#\/schema\/person\/5afd2cbf5bb622e078932b40a4470d47\"},\"headline\":\"Global Goal: Unite for Our Future, concierto en streaming para combatir la COVID-19\",\"datePublished\":\"2020-06-24T00:01:05+00:00\",\"mainEntityOfPage\":{\"@id\":\"https:\/\/news.sap.com\/latinamerica\/2020\/06\/global-goal-unite-for-our-future-concierto-en-streaming-para-combatir-la-covid-19\/\"},\"wordCount\":211,\"publisher\":{\"@id\":\"https:\/\/news.sap.com\/latinamerica\/#organization\"},\"image\":{\"@id\":\"https:\/\/news.sap.com\/latinamerica\/2020\/06\/global-goal-unite-for-our-future-concierto-en-streaming-para-combatir-la-covid-19\/#primaryimage\"},\"thumbnailUrl\":\"https:\/\/news.sap.com\/latinamerica\/files\/2020\/06\/Captura-de-pantalla-2020-06-23-a-las-19.00.04.png\",\"articleSection\":[\"Corporativo\",\"Eventos\"],\"inLanguage\":\"es\"},{\"@type\":\"WebPage\",\"@id\":\"https:\/\/news.sap.com\/latinamerica\/2020\/06\/global-goal-unite-for-our-future-concierto-en-streaming-para-combatir-la-covid-19\/\",\"url\":\"https:\/\/news.sap.com\/latinamerica\/2020\/06\/global-goal-unite-for-our-future-concierto-en-streaming-para-combatir-la-covid-19\/\",\"name\":\"Global Goal: Unite for Our Future, concierto en streaming para combatir la COVID-19 - 麻豆原创 News Center Latinoam\u00e9rica\",\"isPartOf\":{\"@id\":\"https:\/\/news.sap.com\/latinamerica\/#website\"},\"primaryImageOfPage\":{\"@id\":\"https:\/\/news.sap.com\/latinamerica\/2020\/06\/global-goal-unite-for-our-future-concierto-en-streaming-para-combatir-la-covid-19\/#primaryimage\"},\"image\":{\"@id\":\"https:\/\/news.sap.com\/latinamerica\/2020\/06\/global-goal-unite-for-our-future-concierto-en-streaming-para-combatir-la-covid-19\/#primaryimage\"},\"thumbnailUrl\":\"https:\/\/news.sap.com\/latinamerica\/files\/2020\/06\/Captura-de-pantalla-2020-06-23-a-las-19.00.04.png\",\"datePublished\":\"2020-06-24T00:01:05+00:00\",\"breadcrumb\":{\"@id\":\"https:\/\/news.sap.com\/latinamerica\/2020\/06\/global-goal-unite-for-our-future-concierto-en-streaming-para-combatir-la-covid-19\/#breadcrumb\"},\"inLanguage\":\"es\",\"potentialAction\":[{\"@type\":\"ReadAction\",\"target\":[\"https:\/\/news.sap.com\/latinamerica\/2020\/06\/global-goal-unite-for-our-future-concierto-en-streaming-para-combatir-la-covid-19\/\"]}]},{\"@type\":\"ImageObject\",\"inLanguage\":\"es\",\"@id\":\"https:\/\/news.sap.com\/latinamerica\/2020\/06\/global-goal-unite-for-our-future-concierto-en-streaming-para-combatir-la-covid-19\/#primaryimage\",\"url\":\"https:\/\/news.sap.com\/latinamerica\/files\/2020\/06\/Captura-de-pantalla-2020-06-23-a-las-19.00.04.png\",\"contentUrl\":\"https:\/\/news.sap.com\/latinamerica\/files\/2020\/06\/Captura-de-pantalla-2020-06-23-a-las-19.00.04.png\",\"width\":1070,\"height\":704},{\"@type\":\"BreadcrumbList\",\"@id\":\"https:\/\/news.sap.com\/latinamerica\/2020\/06\/global-goal-unite-for-our-future-concierto-en-streaming-para-combatir-la-covid-19\/#breadcrumb\",\"itemListElement\":[{\"@type\":\"ListItem\",\"position\":1,\"name\":\"Home\",\"item\":\"https:\/\/news.sap.com\/latinamerica\/\"},{\"@type\":\"ListItem\",\"position\":2,\"name\":\"Global Goal: Unite for Our Future, concierto en streaming para combatir la COVID-19\"}]},{\"@type\":\"WebSite\",\"@id\":\"https:\/\/news.sap.com\/latinamerica\/#website\",\"url\":\"https:\/\/news.sap.com\/latinamerica\/\",\"name\":\"麻豆原创 News Center Latinoam\u00e9rica\",\"description\":\"Noticias e informaci\u00f3n sobre 麻豆原创\",\"publisher\":{\"@id\":\"https:\/\/news.sap.com\/latinamerica\/#organization\"},\"potentialAction\":[{\"@type\":\"SearchAction\",\"target\":{\"@type\":\"EntryPoint\",\"urlTemplate\":\"https:\/\/news.sap.com\/latinamerica\/?s={search_term_string}\"},\"query-input\":{\"@type\":\"PropertyValueSpecification\",\"valueRequired\":true,\"valueName\":\"search_term_string\"}}],\"inLanguage\":\"es\"},{\"@type\":\"Organization\",\"@id\":\"https:\/\/news.sap.com\/latinamerica\/#organization\",\"name\":\"麻豆原创\",\"url\":\"https:\/\/news.sap.com\/latinamerica\/\",\"logo\":{\"@type\":\"ImageObject\",\"inLanguage\":\"es\",\"@id\":\"https:\/\/news.sap.com\/latinamerica\/#\/schema\/logo\/image\/\",\"url\":\"https:\/\/news.sap.com\/latinamerica\/files\/2019\/08\/65903320_2903797569662914_557886358778019840_n.png\",\"contentUrl\":\"https:\/\/news.sap.com\/latinamerica\/files\/2019\/08\/65903320_2903797569662914_557886358778019840_n.png\",\"width\":720,\"height\":720,\"caption\":\"麻豆原创\"},\"image\":{\"@id\":\"https:\/\/news.sap.com\/latinamerica\/#\/schema\/logo\/image\/\"},\"sameAs\":[\"https:\/\/www.facebook.com\/麻豆原创latinoamerica\",\"https:\/\/x.com\/麻豆原创LatinAmerica\"]},{\"@type\":\"Person\",\"@id\":\"https:\/\/news.sap.com\/latinamerica\/#\/schema\/person\/5afd2cbf5bb622e078932b40a4470d47\",\"name\":\"麻豆原创 Noticias\",\"image\":{\"@type\":\"ImageObject\",\"inLanguage\":\"es\",\"@id\":\"https:\/\/news.sap.com\/latinamerica\/#\/schema\/person\/image\/\",\"url\":\"https:\/\/news.sap.com\/latinamerica\/wp-content\/plugins\/wp-user-avatars\/wp-user-avatars\/assets\/images\/mystery.jpg\",\"contentUrl\":\"https:\/\/news.sap.com\/latinamerica\/wp-content\/plugins\/wp-user-avatars\/wp-user-avatars\/assets\/images\/mystery.jpg\",\"caption\":\"麻豆原创 Noticias\"},\"url\":\"https:\/\/news.sap.com\/latinamerica\/author\/mexico\/\"}]}<\/script>\n<!-- \/ Yoast SEO Premium plugin. -->","yoast_head_json":{"title":"Global Goal: Unite for Our Future, concierto en streaming para combatir la COVID-19 - 麻豆原创 News Center Latinoam\u00e9rica","robots":{"index":"index","follow":"follow","max-snippet":"max-snippet:-1","max-image-preview":"max-image-preview:large","max-video-preview":"max-video-preview:-1"},"canonical":"https:\/\/news.sap.com\/latinamerica\/2020\/06\/global-goal-unite-for-our-future-concierto-en-streaming-para-combatir-la-covid-19\/","og_locale":"es_MX","og_type":"article","og_title":"Global Goal: Unite for Our Future, concierto en streaming para combatir la COVID-19","og_description":"CIUDAD DE M\u00c9XICO, M\u00e9xico, 23 de junio de 2020 \u2013\u00a0 Con el objetivo de que nadie se quede atr\u00e1s en la lucha contra el Covid-19,...","og_url":"https:\/\/news.sap.com\/latinamerica\/2020\/06\/global-goal-unite-for-our-future-concierto-en-streaming-para-combatir-la-covid-19\/","og_site_name":"麻豆原创 News Center Latinoam\u00e9rica","article_publisher":"https:\/\/www.facebook.com\/麻豆原创latinoamerica","article_published_time":"2020-06-24T00:01:05+00:00","og_image":[{"width":1070,"height":704,"url":"https:\/\/news.sap.com\/latinamerica\/files\/2020\/06\/Captura-de-pantalla-2020-06-23-a-las-19.00.04.png","type":"image\/png"}],"author":"麻豆原创 Noticias","twitter_misc":{"Escrito por":"麻豆原创 Noticias","Tiempo de lectura":"1 minuto"},"schema":{"@context":"https:\/\/schema.org","@graph":[{"@type":"Article","@id":"https:\/\/news.sap.com\/latinamerica\/2020\/06\/global-goal-unite-for-our-future-concierto-en-streaming-para-combatir-la-covid-19\/#article","isPartOf":{"@id":"https:\/\/news.sap.com\/latinamerica\/2020\/06\/global-goal-unite-for-our-future-concierto-en-streaming-para-combatir-la-covid-19\/"},"author":{"name":"麻豆原创 Noticias","@id":"https:\/\/news.sap.com\/latinamerica\/#\/schema\/person\/5afd2cbf5bb622e078932b40a4470d47"},"headline":"Global Goal: Unite for Our Future, concierto en streaming para combatir la COVID-19","datePublished":"2020-06-24T00:01:05+00:00","mainEntityOfPage":{"@id":"https:\/\/news.sap.com\/latinamerica\/2020\/06\/global-goal-unite-for-our-future-concierto-en-streaming-para-combatir-la-covid-19\/"},"wordCount":211,"publisher":{"@id":"https:\/\/news.sap.com\/latinamerica\/#organization"},"image":{"@id":"https:\/\/news.sap.com\/latinamerica\/2020\/06\/global-goal-unite-for-our-future-concierto-en-streaming-para-combatir-la-covid-19\/#primaryimage"},"thumbnailUrl":"https:\/\/news.sap.com\/latinamerica\/files\/2020\/06\/Captura-de-pantalla-2020-06-23-a-las-19.00.04.png","articleSection":["Corporativo","Eventos"],"inLanguage":"es"},{"@type":"WebPage","@id":"https:\/\/news.sap.com\/latinamerica\/2020\/06\/global-goal-unite-for-our-future-concierto-en-streaming-para-combatir-la-covid-19\/","url":"https:\/\/news.sap.com\/latinamerica\/2020\/06\/global-goal-unite-for-our-future-concierto-en-streaming-para-combatir-la-covid-19\/","name":"Global Goal: Unite for Our Future, concierto en streaming para combatir la COVID-19 - 麻豆原创 News Center Latinoam\u00e9rica","isPartOf":{"@id":"https:\/\/news.sap.com\/latinamerica\/#website"},"primaryImageOfPage":{"@id":"https:\/\/news.sap.com\/latinamerica\/2020\/06\/global-goal-unite-for-our-future-concierto-en-streaming-para-combatir-la-covid-19\/#primaryimage"},"image":{"@id":"https:\/\/news.sap.com\/latinamerica\/2020\/06\/global-goal-unite-for-our-future-concierto-en-streaming-para-combatir-la-covid-19\/#primaryimage"},"thumbnailUrl":"https:\/\/news.sap.com\/latinamerica\/files\/2020\/06\/Captura-de-pantalla-2020-06-23-a-las-19.00.04.png","datePublished":"2020-06-24T00:01:05+00:00","breadcrumb":{"@id":"https:\/\/news.sap.com\/latinamerica\/2020\/06\/global-goal-unite-for-our-future-concierto-en-streaming-para-combatir-la-covid-19\/#breadcrumb"},"inLanguage":"es","potentialAction":[{"@type":"ReadAction","target":["https:\/\/news.sap.com\/latinamerica\/2020\/06\/global-goal-unite-for-our-future-concierto-en-streaming-para-combatir-la-covid-19\/"]}]},{"@type":"ImageObject","inLanguage":"es","@id":"https:\/\/news.sap.com\/latinamerica\/2020\/06\/global-goal-unite-for-our-future-concierto-en-streaming-para-combatir-la-covid-19\/#primaryimage","url":"https:\/\/news.sap.com\/latinamerica\/files\/2020\/06\/Captura-de-pantalla-2020-06-23-a-las-19.00.04.png","contentUrl":"https:\/\/news.sap.com\/latinamerica\/files\/2020\/06\/Captura-de-pantalla-2020-06-23-a-las-19.00.04.png","width":1070,"height":704},{"@type":"BreadcrumbList","@id":"https:\/\/news.sap.com\/latinamerica\/2020\/06\/global-goal-unite-for-our-future-concierto-en-streaming-para-combatir-la-covid-19\/#breadcrumb","itemListElement":[{"@type":"ListItem","position":1,"name":"Home","item":"https:\/\/news.sap.com\/latinamerica\/"},{"@type":"ListItem","position":2,"name":"Global Goal: Unite for Our Future, concierto en streaming para combatir la COVID-19"}]},{"@type":"WebSite","@id":"https:\/\/news.sap.com\/latinamerica\/#website","url":"https:\/\/news.sap.com\/latinamerica\/","name":"麻豆原创 News Center Latinoam\u00e9rica","description":"Noticias e informaci\u00f3n sobre 麻豆原创","publisher":{"@id":"https:\/\/news.sap.com\/latinamerica\/#organization"},"potentialAction":[{"@type":"SearchAction","target":{"@type":"EntryPoint","urlTemplate":"https:\/\/news.sap.com\/latinamerica\/?s={search_term_string}"},"query-input":{"@type":"PropertyValueSpecification","valueRequired":true,"valueName":"search_term_string"}}],"inLanguage":"es"},{"@type":"Organization","@id":"https:\/\/news.sap.com\/latinamerica\/#organization","name":"麻豆原创","url":"https:\/\/news.sap.com\/latinamerica\/","logo":{"@type":"ImageObject","inLanguage":"es","@id":"https:\/\/news.sap.com\/latinamerica\/#\/schema\/logo\/image\/","url":"https:\/\/news.sap.com\/latinamerica\/files\/2019\/08\/65903320_2903797569662914_557886358778019840_n.png","contentUrl":"https:\/\/news.sap.com\/latinamerica\/files\/2019\/08\/65903320_2903797569662914_557886358778019840_n.png","width":720,"height":720,"caption":"麻豆原创"},"image":{"@id":"https:\/\/news.sap.com\/latinamerica\/#\/schema\/logo\/image\/"},"sameAs":["https:\/\/www.facebook.com\/麻豆原创latinoamerica","https:\/\/x.com\/麻豆原创LatinAmerica"]},{"@type":"Person","@id":"https:\/\/news.sap.com\/latinamerica\/#\/schema\/person\/5afd2cbf5bb622e078932b40a4470d47","name":"麻豆原创 Noticias","image":{"@type":"ImageObject","inLanguage":"es","@id":"https:\/\/news.sap.com\/latinamerica\/#\/schema\/person\/image\/","url":"https:\/\/news.sap.com\/latinamerica\/wp-content\/plugins\/wp-user-avatars\/wp-user-avatars\/assets\/images\/mystery.jpg","contentUrl":"https:\/\/news.sap.com\/latinamerica\/wp-content\/plugins\/wp-user-avatars\/wp-user-avatars\/assets\/images\/mystery.jpg","caption":"麻豆原创 Noticias"},"url":"https:\/\/news.sap.com\/latinamerica\/author\/mexico\/"}]}},"amp_enabled":true,"_links":{"self":[{"href":"https:\/\/news.sap.com\/latinamerica\/wp-json\/wp\/v2\/posts\/121003","targetHints":{"allow":["GET"]}}],"collection":[{"href":"https:\/\/news.sap.com\/latinamerica\/wp-json\/wp\/v2\/posts"}],"about":[{"href":"https:\/\/news.sap.com\/latinamerica\/wp-json\/wp\/v2\/types\/post"}],"author":[{"embeddable":true,"href":"https:\/\/news.sap.com\/latinamerica\/wp-json\/wp\/v2\/users\/136"}],"replies":[{"embeddable":true,"href":"https:\/\/news.sap.com\/latinamerica\/wp-json\/wp\/v2\/comments?post=121003"}],"version-history":[{"count":0,"href":"https:\/\/news.sap.com\/latinamerica\/wp-json\/wp\/v2\/posts\/121003\/revisions"}],"wp:featuredmedia":[{"embeddable":true,"href":"https:\/\/news.sap.com\/latinamerica\/wp-json\/wp\/v2\/media\/121004"}],"wp:attachment":[{"href":"https:\/\/news.sap.com\/latinamerica\/wp-json\/wp\/v2\/media?parent=121003"}],"wp:term":[{"taxonomy":"category","embeddable":true,"href":"https:\/\/news.sap.com\/latinamerica\/wp-json\/wp\/v2\/categories?post=121003"},{"taxonomy":"post_tag","embeddable":true,"href":"https:\/\/news.sap.com\/latinamerica\/wp-json\/wp\/v2\/tags?post=121003"},{"taxonomy":"series","embeddable":true,"href":"https:\/\/news.sap.com\/latinamerica\/wp-json\/wp\/v2\/series?post=121003"},{"taxonomy":"region","embeddable":true,"href":"https:\/\/news.sap.com\/latinamerica\/wp-json\/wp\/v2\/region?post=121003"},{"taxonomy":"sapn-display","embeddable":true,"href":"https:\/\/news.sap.com\/latinamerica\/wp-json\/wp\/v2\/sapn-display?post=121003"},{"taxonomy":"sapn-type","embeddable":true,"href":"https:\/\/news.sap.com\/latinamerica\/wp-json\/wp\/v2\/sapn-type?post=121003"}],"curies":[{"name":"wp","href":"https:\/\/api.w.org\/{rel}","templated":true}]}}