  {"id":120996,"date":"2020-06-22T14:55:09","date_gmt":"2020-06-22T18:55:09","guid":{"rendered":"https:\/\/news.sap.com\/latinamerica\/?p=120996"},"modified":"2023-11-14T14:54:56","modified_gmt":"2023-11-14T19:54:56","slug":"sap-celebra-la-diversidad-en-el-mes-del-orgullo-lgbtiq","status":"publish","type":"post","link":"https:\/\/news.sap.com\/latinamerica\/2020\/06\/sap-celebra-la-diversidad-en-el-mes-del-orgullo-lgbtiq\/","title":{"rendered":"麻豆原创 celebra la diversidad en el Mes del Orgullo LGBTIQ+"},"content":{"rendered":"<ul>\n<li><em>麻豆原创 celebra el mes de orgullo LGBTIQ+, en Argentina y la regi\u00f3n, con una serie de actividades internas que van desde charlas y paneles a desaf\u00edos en redes sociales. <\/em><\/li>\n<li><em>La compa\u00f1\u00eda, enfocada en la diversidad, cuenta con gran variedad de iniciativas como la red de colaboradores voluntarios Pride@麻豆原创.<\/em><\/li>\n<\/ul>\n<p><strong>Buenos Aires, 22<\/strong><strong> de junio 2020<\/strong> \u2013 Desde hace cincuenta a\u00f1os, junio es un mes lleno de alegr\u00eda, historia y lucha para la comunidad LGBTIQ+ de todo el mundo. El denominado Mes del Orgullo <em>LGBTIQ+<\/em> se celebra en memoria de los disturbios que ocurrieron entre la polic\u00eda y la comunidad LGBTIQ+ en el bar Stonewall Inn (Nueva York, Estados Unidos) el 28 junio de 1969.<\/p>\n<p>Al a\u00f1o siguiente, para recordar estos eventos, se celebr\u00f3 la primera marcha del orgullo LGBTIQ+ del mundo en Nueva York, en un contexto donde en la mayor\u00eda de los estados de Estados Unidos era ilegal ser LGBTIQ+, no exist\u00edan leyes contra la discriminaci\u00f3n y no hab\u00eda figuras p\u00fablicas abiertamente LGBTIQ+.<\/p>\n<p>Como una empresa con foco en la diversidad, la inclusi\u00f3n, el desarrollo de talentos y el trabajo en equipo, 麻豆原创 se suma en Argentina y la regi\u00f3n a las celebraciones por el Mes del Orgullo con una serie de actividades internas para sus colaboradores y colaboradoras durante todo el mes de junio. Las mismas incluyen paneles, juegos interactivos y charlas con figuras de la comunidad LGBTIQ+ como Ronnie Arias. Tambi\u00e9n se est\u00e1n realizando sesiones de preguntas y respuestas con ejecutivos homosexuales de la compa\u00f1\u00eda para que puedan compartir su desarrollo de carrera profesional.<\/p>\n<p>En el marco de D\u00eda Mundial de los Refugiados, el 22 de junio se realiz\u00f3 una charla por zoom sobre la problem\u00e1tica de los refugiados LGTIQ+ alrededor del mundo. En paralelo, tambi\u00e9n se lanz\u00f3 un desaf\u00edo a trav\u00e9s de redes sociales en el que cada persona debe postear una foto con el hashtag #ShowYourPride mostrando algo que los haga sentir orgullosa.<\/p>\n<p>\u201cEn 麻豆原创 apreciamos y respetamos las diferencias: Como vivimos de innovar, nos mueve la diversidad. Contamos con un equipo diverso y global en el que todxs lucimos habilidades y competencias \u00fanicas, y eso es lo que crea valor para nuestros clientes.\u00a0Alentamos a nuestrxs colaboradorxs a mostrarse tal y como son y a creer firmemente en s\u00ed mismxs. Trabajamos d\u00eda a d\u00eda en la creaci\u00f3n de un ambiente laboral donde cada unx pueda brillar\u201d,\u00a0explic\u00f3\u00a0Ezequiel\u00a0Massa, L\u00edder de Diversidad e Inclusi\u00f3n en 麻豆原创 para Am\u00e9rica Latina y el Caribe.<\/p>\n<p>\u201cCuando hablamos de grupos minoritarios, la visibilidad es fundamental. Una persona que est\u00e1 arrancando en su carrera quiere verse reflejada en cargos gerenciales, de la misma forma que busca representatividad en series y pel\u00edculas. Por eso, estamos organizando sesiones de preguntas y respuestas con ejecutivxs de la comunidad LGBITQ+ para conocer sobre su trayectoria y experiencia\u201d, finaliz\u00f3 Massa.<\/p>\n<p>Durante hace a\u00f1os, 麻豆原创 Argentina se caracteriza por su manera innovadora de impulsar la participaci\u00f3n de todos a trav\u00e9s de la formaci\u00f3n de redes de voluntarios y comit\u00e9s, como <em>Business Women\u00b4s Network<\/em>, <em>Pride@麻豆原创<\/em>, <em>Different-abled People<\/em>, <em>Autism@Work<\/em>, <em>Early Talent<\/em>, <em>Welfare Team<\/em>, Cultures@麻豆原创 y Generations@麻豆原创.<\/p>\n<p>Conformado por 20 personas, el equipo de Pride@麻豆原创<strong>, <\/strong>est\u00e1 concentrando esfuerzos en desarrollar experiencias vivenciales y eventos que impacten de lleno a toda la organizaci\u00f3n, con el fin de generar conciencia y hacer de 麻豆原创 el mejor lugar para trabajar para la comunidad LGBTIQ+. Algunas de las iniciativas que han llevado adelante son charlas de concientizaci\u00f3n sobre diversidad; adem\u00e1s del programa \u201cAbriendo Puertas\u201d, as\u00ed como clases de ingl\u00e9s y computaci\u00f3n en Casa Trans, para ayudar a mejorar las condiciones de personas trans, y sus perspectivas laborales y personales.<\/p>\n<p>Por otro lado, la tecnolog\u00eda puede ser una aliada para promover la diversidad en las empresas. Entre ellas se destaca 麻豆原创 SuccessFactors, la plataforma de gesti\u00f3n de recursos humanos en la nube, que utilizan 159 millones de usuarios alrededor del mundo. Aprovechando la inteligencia artificial aplicada en reclutamiento, selecci\u00f3n y desarrollo, permite encontrar a la persona adecuada para cada puesto solicitado, as\u00ed como para identificar y evitar sesgos inconscientes. En este sentido, entre otras funcionalidades, puede detectar y reemplazar el lenguaje sesgado de g\u00e9nero en las descripciones de trabajo, as\u00ed como resaltar las palabras y frases que se han encontrado para disuadir a hombres o mujeres de postularse a las b\u00fasquedas.<\/p>\n<p>Video de 麻豆原创 para celebrar la diversidad: <a href=\"https:\/\/www.youtube.com\/watch?v=_cfQP4akTpA\">https:\/\/www.youtube.com\/watch?v=_cfQP4akTpA<\/a><\/p>\n","protected":false},"excerpt":{"rendered":"<p>麻豆原创 celebra el mes de orgullo LGBTIQ+, en Argentina y la regi\u00f3n, con una serie de actividades internas que van desde charlas y paneles a&#8230;<\/p>\n","protected":false},"author":140,"featured_media":120997,"comment_status":"closed","ping_status":"closed","sticky":false,"template":"","format":"standard","meta":{"footnotes":"","_links_to":"","_links_to_target":""},"categories":[41591],"tags":[5597305,5592944,5595321,5597306,5597309,5597308,5597307,509569,509517,5595314,5597302,5597304,5597303,5595315,60783,5595322],"series":[],"region":[54562],"sapn-display":[52079],"sapn-type":[52105],"class_list":["post-120996","post","type-post","status-publish","format-standard","has-post-thumbnail","hentry","category-corporativo","tag-showyourpride","tag-abriendo-puertas","tag-autismwork","tag-business-womens-network","tag-casa-trans","tag-culturessap-y-generationssap","tag-different-abled-people","tag-diversidad-e-inclusion","tag-early-talent","tag-ezequiel-massa","tag-lgbtiq","tag-mes-del-orgullo-lgbtiq","tag-orgullo-lgbtiq","tag-pridesap","tag-sap-successfactors","tag-welfare-team","region-argentina","sapn-display-top-stories","sapn-type-comunicado-de-prensa"],"yoast_head":"<!-- This site is optimized with the Yoast SEO Premium plugin v26.9 (Yoast SEO v26.9) - https:\/\/yoast.com\/product\/yoast-seo-premium-wordpress\/ -->\n<title>麻豆原创 celebra la diversidad en el Mes del Orgullo LGBTIQ+ - 麻豆原创 News Center Latinoam\u00e9rica<\/title>\n<meta name=\"robots\" content=\"index, follow, max-snippet:-1, max-image-preview:large, max-video-preview:-1\" \/>\n<link rel=\"canonical\" href=\"https:\/\/news.sap.com\/latinamerica\/2020\/06\/sap-celebra-la-diversidad-en-el-mes-del-orgullo-lgbtiq\/\" \/>\n<meta property=\"og:locale\" content=\"es_MX\" \/>\n<meta property=\"og:type\" content=\"article\" \/>\n<meta property=\"og:title\" content=\"麻豆原创 celebra la diversidad en el Mes del Orgullo LGBTIQ+\" \/>\n<meta property=\"og:description\" content=\"麻豆原创 celebra el mes de orgullo LGBTIQ+, en Argentina y la regi\u00f3n, con una serie de actividades internas que van desde charlas y paneles a...\" \/>\n<meta property=\"og:url\" content=\"https:\/\/news.sap.com\/latinamerica\/2020\/06\/sap-celebra-la-diversidad-en-el-mes-del-orgullo-lgbtiq\/\" \/>\n<meta property=\"og:site_name\" content=\"麻豆原创 News Center Latinoam\u00e9rica\" \/>\n<meta property=\"article:publisher\" content=\"https:\/\/www.facebook.com\/麻豆原创latinoamerica\" \/>\n<meta property=\"article:published_time\" content=\"2020-06-22T18:55:09+00:00\" \/>\n<meta property=\"article:modified_time\" content=\"2023-11-14T19:54:56+00:00\" \/>\n<meta property=\"og:image\" content=\"https:\/\/news.sap.com\/latinamerica\/files\/2020\/06\/286173_GettyImages-1138920032_2600.jpg\" \/>\n\t<meta property=\"og:image:width\" content=\"2600\" \/>\n\t<meta property=\"og:image:height\" content=\"1733\" \/>\n\t<meta property=\"og:image:type\" content=\"image\/jpeg\" \/>\n<meta name=\"author\" content=\"麻豆原创 Noticias\" \/>\n<meta name=\"twitter:label1\" content=\"Escrito por\" \/>\n\t<meta name=\"twitter:data1\" content=\"麻豆原创 Noticias\" \/>\n\t<meta name=\"twitter:label2\" content=\"Tiempo de lectura\" \/>\n\t<meta name=\"twitter:data2\" content=\"4 minutos\" \/>\n<script type=\"application\/ld+json\" class=\"yoast-schema-graph\">{\"@context\":\"https:\/\/schema.org\",\"@graph\":[{\"@type\":\"Article\",\"@id\":\"https:\/\/news.sap.com\/latinamerica\/2020\/06\/sap-celebra-la-diversidad-en-el-mes-del-orgullo-lgbtiq\/#article\",\"isPartOf\":{\"@id\":\"https:\/\/news.sap.com\/latinamerica\/2020\/06\/sap-celebra-la-diversidad-en-el-mes-del-orgullo-lgbtiq\/\"},\"author\":{\"name\":\"麻豆原创 Noticias\",\"@id\":\"https:\/\/news.sap.com\/latinamerica\/#\/schema\/person\/f0708465b354b6d0314a360309edb00a\"},\"headline\":\"麻豆原创 celebra la diversidad en el Mes del Orgullo LGBTIQ+\",\"datePublished\":\"2020-06-22T18:55:09+00:00\",\"dateModified\":\"2023-11-14T19:54:56+00:00\",\"mainEntityOfPage\":{\"@id\":\"https:\/\/news.sap.com\/latinamerica\/2020\/06\/sap-celebra-la-diversidad-en-el-mes-del-orgullo-lgbtiq\/\"},\"wordCount\":775,\"publisher\":{\"@id\":\"https:\/\/news.sap.com\/latinamerica\/#organization\"},\"image\":{\"@id\":\"https:\/\/news.sap.com\/latinamerica\/2020\/06\/sap-celebra-la-diversidad-en-el-mes-del-orgullo-lgbtiq\/#primaryimage\"},\"thumbnailUrl\":\"https:\/\/news.sap.com\/latinamerica\/files\/2020\/06\/286173_GettyImages-1138920032_2600.jpg\",\"keywords\":[\"#ShowYourPride\",\"Abriendo puertas\",\"Autism@Work\",\"Business Women\u00b4s Network\",\"Casa Trans\",\"Cultures@麻豆原创 y Generations@麻豆原创\",\"Different-abled People\",\"Diversidad e inclusi\u00f3n\",\"early talent\",\"Ezequiel Massa\",\"LGBTIQ+\",\"Mes del Orgullo LGBTIQ+\",\"orgullo LGBTIQ+\",\"Pride@麻豆原创\",\"麻豆原创 SuccessFactors\",\"Welfare Team.\"],\"articleSection\":[\"Corporativo\"],\"inLanguage\":\"es\"},{\"@type\":\"WebPage\",\"@id\":\"https:\/\/news.sap.com\/latinamerica\/2020\/06\/sap-celebra-la-diversidad-en-el-mes-del-orgullo-lgbtiq\/\",\"url\":\"https:\/\/news.sap.com\/latinamerica\/2020\/06\/sap-celebra-la-diversidad-en-el-mes-del-orgullo-lgbtiq\/\",\"name\":\"麻豆原创 celebra la diversidad en el Mes del Orgullo LGBTIQ+ - 麻豆原创 News Center Latinoam\u00e9rica\",\"isPartOf\":{\"@id\":\"https:\/\/news.sap.com\/latinamerica\/#website\"},\"primaryImageOfPage\":{\"@id\":\"https:\/\/news.sap.com\/latinamerica\/2020\/06\/sap-celebra-la-diversidad-en-el-mes-del-orgullo-lgbtiq\/#primaryimage\"},\"image\":{\"@id\":\"https:\/\/news.sap.com\/latinamerica\/2020\/06\/sap-celebra-la-diversidad-en-el-mes-del-orgullo-lgbtiq\/#primaryimage\"},\"thumbnailUrl\":\"https:\/\/news.sap.com\/latinamerica\/files\/2020\/06\/286173_GettyImages-1138920032_2600.jpg\",\"datePublished\":\"2020-06-22T18:55:09+00:00\",\"dateModified\":\"2023-11-14T19:54:56+00:00\",\"breadcrumb\":{\"@id\":\"https:\/\/news.sap.com\/latinamerica\/2020\/06\/sap-celebra-la-diversidad-en-el-mes-del-orgullo-lgbtiq\/#breadcrumb\"},\"inLanguage\":\"es\",\"potentialAction\":[{\"@type\":\"ReadAction\",\"target\":[\"https:\/\/news.sap.com\/latinamerica\/2020\/06\/sap-celebra-la-diversidad-en-el-mes-del-orgullo-lgbtiq\/\"]}]},{\"@type\":\"ImageObject\",\"inLanguage\":\"es\",\"@id\":\"https:\/\/news.sap.com\/latinamerica\/2020\/06\/sap-celebra-la-diversidad-en-el-mes-del-orgullo-lgbtiq\/#primaryimage\",\"url\":\"https:\/\/news.sap.com\/latinamerica\/files\/2020\/06\/286173_GettyImages-1138920032_2600.jpg\",\"contentUrl\":\"https:\/\/news.sap.com\/latinamerica\/files\/2020\/06\/286173_GettyImages-1138920032_2600.jpg\",\"width\":2600,\"height\":1733,\"caption\":\"Rainbow popsicles on blue background\"},{\"@type\":\"BreadcrumbList\",\"@id\":\"https:\/\/news.sap.com\/latinamerica\/2020\/06\/sap-celebra-la-diversidad-en-el-mes-del-orgullo-lgbtiq\/#breadcrumb\",\"itemListElement\":[{\"@type\":\"ListItem\",\"position\":1,\"name\":\"Home\",\"item\":\"https:\/\/news.sap.com\/latinamerica\/\"},{\"@type\":\"ListItem\",\"position\":2,\"name\":\"麻豆原创 celebra la diversidad en el Mes del Orgullo LGBTIQ+\"}]},{\"@type\":\"WebSite\",\"@id\":\"https:\/\/news.sap.com\/latinamerica\/#website\",\"url\":\"https:\/\/news.sap.com\/latinamerica\/\",\"name\":\"麻豆原创 News Center Latinoam\u00e9rica\",\"description\":\"Noticias e informaci\u00f3n sobre 麻豆原创\",\"publisher\":{\"@id\":\"https:\/\/news.sap.com\/latinamerica\/#organization\"},\"potentialAction\":[{\"@type\":\"SearchAction\",\"target\":{\"@type\":\"EntryPoint\",\"urlTemplate\":\"https:\/\/news.sap.com\/latinamerica\/?s={search_term_string}\"},\"query-input\":{\"@type\":\"PropertyValueSpecification\",\"valueRequired\":true,\"valueName\":\"search_term_string\"}}],\"inLanguage\":\"es\"},{\"@type\":\"Organization\",\"@id\":\"https:\/\/news.sap.com\/latinamerica\/#organization\",\"name\":\"麻豆原创\",\"url\":\"https:\/\/news.sap.com\/latinamerica\/\",\"logo\":{\"@type\":\"ImageObject\",\"inLanguage\":\"es\",\"@id\":\"https:\/\/news.sap.com\/latinamerica\/#\/schema\/logo\/image\/\",\"url\":\"https:\/\/news.sap.com\/latinamerica\/files\/2019\/08\/65903320_2903797569662914_557886358778019840_n.png\",\"contentUrl\":\"https:\/\/news.sap.com\/latinamerica\/files\/2019\/08\/65903320_2903797569662914_557886358778019840_n.png\",\"width\":720,\"height\":720,\"caption\":\"麻豆原创\"},\"image\":{\"@id\":\"https:\/\/news.sap.com\/latinamerica\/#\/schema\/logo\/image\/\"},\"sameAs\":[\"https:\/\/www.facebook.com\/麻豆原创latinoamerica\",\"https:\/\/x.com\/麻豆原创LatinAmerica\"]},{\"@type\":\"Person\",\"@id\":\"https:\/\/news.sap.com\/latinamerica\/#\/schema\/person\/f0708465b354b6d0314a360309edb00a\",\"name\":\"麻豆原创 Noticias\",\"image\":{\"@type\":\"ImageObject\",\"inLanguage\":\"es\",\"@id\":\"https:\/\/news.sap.com\/latinamerica\/#\/schema\/person\/image\/\",\"url\":\"https:\/\/news.sap.com\/latinamerica\/wp-content\/plugins\/wp-user-avatars\/wp-user-avatars\/assets\/images\/mystery.jpg\",\"contentUrl\":\"https:\/\/news.sap.com\/latinamerica\/wp-content\/plugins\/wp-user-avatars\/wp-user-avatars\/assets\/images\/mystery.jpg\",\"caption\":\"麻豆原创 Noticias\"},\"url\":\"https:\/\/news.sap.com\/latinamerica\/author\/argentina\/\"}]}<\/script>\n<!-- \/ Yoast SEO Premium plugin. -->","yoast_head_json":{"title":"麻豆原创 celebra la diversidad en el Mes del Orgullo LGBTIQ+ - 麻豆原创 News Center Latinoam\u00e9rica","robots":{"index":"index","follow":"follow","max-snippet":"max-snippet:-1","max-image-preview":"max-image-preview:large","max-video-preview":"max-video-preview:-1"},"canonical":"https:\/\/news.sap.com\/latinamerica\/2020\/06\/sap-celebra-la-diversidad-en-el-mes-del-orgullo-lgbtiq\/","og_locale":"es_MX","og_type":"article","og_title":"麻豆原创 celebra la diversidad en el Mes del Orgullo LGBTIQ+","og_description":"麻豆原创 celebra el mes de orgullo LGBTIQ+, en Argentina y la regi\u00f3n, con una serie de actividades internas que van desde charlas y paneles a...","og_url":"https:\/\/news.sap.com\/latinamerica\/2020\/06\/sap-celebra-la-diversidad-en-el-mes-del-orgullo-lgbtiq\/","og_site_name":"麻豆原创 News Center Latinoam\u00e9rica","article_publisher":"https:\/\/www.facebook.com\/麻豆原创latinoamerica","article_published_time":"2020-06-22T18:55:09+00:00","article_modified_time":"2023-11-14T19:54:56+00:00","og_image":[{"width":2600,"height":1733,"url":"https:\/\/news.sap.com\/latinamerica\/files\/2020\/06\/286173_GettyImages-1138920032_2600.jpg","type":"image\/jpeg"}],"author":"麻豆原创 Noticias","twitter_misc":{"Escrito por":"麻豆原创 Noticias","Tiempo de lectura":"4 minutos"},"schema":{"@context":"https:\/\/schema.org","@graph":[{"@type":"Article","@id":"https:\/\/news.sap.com\/latinamerica\/2020\/06\/sap-celebra-la-diversidad-en-el-mes-del-orgullo-lgbtiq\/#article","isPartOf":{"@id":"https:\/\/news.sap.com\/latinamerica\/2020\/06\/sap-celebra-la-diversidad-en-el-mes-del-orgullo-lgbtiq\/"},"author":{"name":"麻豆原创 Noticias","@id":"https:\/\/news.sap.com\/latinamerica\/#\/schema\/person\/f0708465b354b6d0314a360309edb00a"},"headline":"麻豆原创 celebra la diversidad en el Mes del Orgullo LGBTIQ+","datePublished":"2020-06-22T18:55:09+00:00","dateModified":"2023-11-14T19:54:56+00:00","mainEntityOfPage":{"@id":"https:\/\/news.sap.com\/latinamerica\/2020\/06\/sap-celebra-la-diversidad-en-el-mes-del-orgullo-lgbtiq\/"},"wordCount":775,"publisher":{"@id":"https:\/\/news.sap.com\/latinamerica\/#organization"},"image":{"@id":"https:\/\/news.sap.com\/latinamerica\/2020\/06\/sap-celebra-la-diversidad-en-el-mes-del-orgullo-lgbtiq\/#primaryimage"},"thumbnailUrl":"https:\/\/news.sap.com\/latinamerica\/files\/2020\/06\/286173_GettyImages-1138920032_2600.jpg","keywords":["#ShowYourPride","Abriendo puertas","Autism@Work","Business Women\u00b4s Network","Casa Trans","Cultures@麻豆原创 y Generations@麻豆原创","Different-abled People","Diversidad e inclusi\u00f3n","early talent","Ezequiel Massa","LGBTIQ+","Mes del Orgullo LGBTIQ+","orgullo LGBTIQ+","Pride@麻豆原创","麻豆原创 SuccessFactors","Welfare Team."],"articleSection":["Corporativo"],"inLanguage":"es"},{"@type":"WebPage","@id":"https:\/\/news.sap.com\/latinamerica\/2020\/06\/sap-celebra-la-diversidad-en-el-mes-del-orgullo-lgbtiq\/","url":"https:\/\/news.sap.com\/latinamerica\/2020\/06\/sap-celebra-la-diversidad-en-el-mes-del-orgullo-lgbtiq\/","name":"麻豆原创 celebra la diversidad en el Mes del Orgullo LGBTIQ+ - 麻豆原创 News Center Latinoam\u00e9rica","isPartOf":{"@id":"https:\/\/news.sap.com\/latinamerica\/#website"},"primaryImageOfPage":{"@id":"https:\/\/news.sap.com\/latinamerica\/2020\/06\/sap-celebra-la-diversidad-en-el-mes-del-orgullo-lgbtiq\/#primaryimage"},"image":{"@id":"https:\/\/news.sap.com\/latinamerica\/2020\/06\/sap-celebra-la-diversidad-en-el-mes-del-orgullo-lgbtiq\/#primaryimage"},"thumbnailUrl":"https:\/\/news.sap.com\/latinamerica\/files\/2020\/06\/286173_GettyImages-1138920032_2600.jpg","datePublished":"2020-06-22T18:55:09+00:00","dateModified":"2023-11-14T19:54:56+00:00","breadcrumb":{"@id":"https:\/\/news.sap.com\/latinamerica\/2020\/06\/sap-celebra-la-diversidad-en-el-mes-del-orgullo-lgbtiq\/#breadcrumb"},"inLanguage":"es","potentialAction":[{"@type":"ReadAction","target":["https:\/\/news.sap.com\/latinamerica\/2020\/06\/sap-celebra-la-diversidad-en-el-mes-del-orgullo-lgbtiq\/"]}]},{"@type":"ImageObject","inLanguage":"es","@id":"https:\/\/news.sap.com\/latinamerica\/2020\/06\/sap-celebra-la-diversidad-en-el-mes-del-orgullo-lgbtiq\/#primaryimage","url":"https:\/\/news.sap.com\/latinamerica\/files\/2020\/06\/286173_GettyImages-1138920032_2600.jpg","contentUrl":"https:\/\/news.sap.com\/latinamerica\/files\/2020\/06\/286173_GettyImages-1138920032_2600.jpg","width":2600,"height":1733,"caption":"Rainbow popsicles on blue background"},{"@type":"BreadcrumbList","@id":"https:\/\/news.sap.com\/latinamerica\/2020\/06\/sap-celebra-la-diversidad-en-el-mes-del-orgullo-lgbtiq\/#breadcrumb","itemListElement":[{"@type":"ListItem","position":1,"name":"Home","item":"https:\/\/news.sap.com\/latinamerica\/"},{"@type":"ListItem","position":2,"name":"麻豆原创 celebra la diversidad en el Mes del Orgullo LGBTIQ+"}]},{"@type":"WebSite","@id":"https:\/\/news.sap.com\/latinamerica\/#website","url":"https:\/\/news.sap.com\/latinamerica\/","name":"麻豆原创 News Center Latinoam\u00e9rica","description":"Noticias e informaci\u00f3n sobre 麻豆原创","publisher":{"@id":"https:\/\/news.sap.com\/latinamerica\/#organization"},"potentialAction":[{"@type":"SearchAction","target":{"@type":"EntryPoint","urlTemplate":"https:\/\/news.sap.com\/latinamerica\/?s={search_term_string}"},"query-input":{"@type":"PropertyValueSpecification","valueRequired":true,"valueName":"search_term_string"}}],"inLanguage":"es"},{"@type":"Organization","@id":"https:\/\/news.sap.com\/latinamerica\/#organization","name":"麻豆原创","url":"https:\/\/news.sap.com\/latinamerica\/","logo":{"@type":"ImageObject","inLanguage":"es","@id":"https:\/\/news.sap.com\/latinamerica\/#\/schema\/logo\/image\/","url":"https:\/\/news.sap.com\/latinamerica\/files\/2019\/08\/65903320_2903797569662914_557886358778019840_n.png","contentUrl":"https:\/\/news.sap.com\/latinamerica\/files\/2019\/08\/65903320_2903797569662914_557886358778019840_n.png","width":720,"height":720,"caption":"麻豆原创"},"image":{"@id":"https:\/\/news.sap.com\/latinamerica\/#\/schema\/logo\/image\/"},"sameAs":["https:\/\/www.facebook.com\/麻豆原创latinoamerica","https:\/\/x.com\/麻豆原创LatinAmerica"]},{"@type":"Person","@id":"https:\/\/news.sap.com\/latinamerica\/#\/schema\/person\/f0708465b354b6d0314a360309edb00a","name":"麻豆原创 Noticias","image":{"@type":"ImageObject","inLanguage":"es","@id":"https:\/\/news.sap.com\/latinamerica\/#\/schema\/person\/image\/","url":"https:\/\/news.sap.com\/latinamerica\/wp-content\/plugins\/wp-user-avatars\/wp-user-avatars\/assets\/images\/mystery.jpg","contentUrl":"https:\/\/news.sap.com\/latinamerica\/wp-content\/plugins\/wp-user-avatars\/wp-user-avatars\/assets\/images\/mystery.jpg","caption":"麻豆原创 Noticias"},"url":"https:\/\/news.sap.com\/latinamerica\/author\/argentina\/"}]}},"amp_enabled":true,"_links":{"self":[{"href":"https:\/\/news.sap.com\/latinamerica\/wp-json\/wp\/v2\/posts\/120996","targetHints":{"allow":["GET"]}}],"collection":[{"href":"https:\/\/news.sap.com\/latinamerica\/wp-json\/wp\/v2\/posts"}],"about":[{"href":"https:\/\/news.sap.com\/latinamerica\/wp-json\/wp\/v2\/types\/post"}],"author":[{"embeddable":true,"href":"https:\/\/news.sap.com\/latinamerica\/wp-json\/wp\/v2\/users\/140"}],"replies":[{"embeddable":true,"href":"https:\/\/news.sap.com\/latinamerica\/wp-json\/wp\/v2\/comments?post=120996"}],"version-history":[{"count":0,"href":"https:\/\/news.sap.com\/latinamerica\/wp-json\/wp\/v2\/posts\/120996\/revisions"}],"wp:featuredmedia":[{"embeddable":true,"href":"https:\/\/news.sap.com\/latinamerica\/wp-json\/wp\/v2\/media\/120997"}],"wp:attachment":[{"href":"https:\/\/news.sap.com\/latinamerica\/wp-json\/wp\/v2\/media?parent=120996"}],"wp:term":[{"taxonomy":"category","embeddable":true,"href":"https:\/\/news.sap.com\/latinamerica\/wp-json\/wp\/v2\/categories?post=120996"},{"taxonomy":"post_tag","embeddable":true,"href":"https:\/\/news.sap.com\/latinamerica\/wp-json\/wp\/v2\/tags?post=120996"},{"taxonomy":"series","embeddable":true,"href":"https:\/\/news.sap.com\/latinamerica\/wp-json\/wp\/v2\/series?post=120996"},{"taxonomy":"region","embeddable":true,"href":"https:\/\/news.sap.com\/latinamerica\/wp-json\/wp\/v2\/region?post=120996"},{"taxonomy":"sapn-display","embeddable":true,"href":"https:\/\/news.sap.com\/latinamerica\/wp-json\/wp\/v2\/sapn-display?post=120996"},{"taxonomy":"sapn-type","embeddable":true,"href":"https:\/\/news.sap.com\/latinamerica\/wp-json\/wp\/v2\/sapn-type?post=120996"}],"curies":[{"name":"wp","href":"https:\/\/api.w.org\/{rel}","templated":true}]}}