  {"id":120989,"date":"2020-06-22T13:05:12","date_gmt":"2020-06-22T17:05:12","guid":{"rendered":"https:\/\/news.sap.com\/latinamerica\/?p=120989"},"modified":"2023-10-27T12:25:50","modified_gmt":"2023-10-27T16:25:50","slug":"economia-post-covid-19-recuperacion-del-sector-publico","status":"publish","type":"post","link":"https:\/\/news.sap.com\/latinamerica\/2020\/06\/economia-post-covid-19-recuperacion-del-sector-publico\/","title":{"rendered":"Econom\u00eda Post COVID-19: Recuperaci\u00f3n del sector p\u00fablico"},"content":{"rendered":"<ul>\n<li>Alberto Trejos, ex Ministro de Comercio Exterior, muestra una radiograf\u00eda de lo que esta pandemia ha representado para el pa\u00eds y algunos cambios necesarios para una reapertura exitosa del sector p\u00fablico<\/li>\n<\/ul>\n<p><strong>San Jos\u00e9, Costa Rica, 12 de junio de 2020<\/strong>\u00a0\u2013 El t\u00e9rmino \u201cnueva realidad\u201d aun suena incierto, pero sin duda alguna estamos viviendo cambios importantes en la vida personal y empresarial, los cuales son necesarios para adaptarnos al nuevo mundo.\u00a0 Por ello es necesario que empresas, gobiernos e instituciones sean flexibles y modifiquen su manera de operar. De acuerdo con el Dr. Alberto Trejos \u201cpara una reapertura exitosa todas las \u00e1reas de pol\u00edtica p\u00fablica son importantes durante la transici\u00f3n de manera que se facilite la vida a los ciudadanos con aspectos como: la simplificaci\u00f3n y digitalizaci\u00f3n de los tr\u00e1mites, flexibilizaci\u00f3n laboral, sistemas de informaci\u00f3n para la pol\u00edtica social, alternativas log\u00edsticas, protocolos de reapertura inteligente, posicionamiento internacional, incentivos para reducir la informalidad, finanzas p\u00fablicas y consolidaci\u00f3n de la estabilidad\u201d.<\/p>\n<p>Este fue el tema central que se trat\u00f3 en el \u201c麻豆原创 Caf\u00e9 Virtual para el sector p\u00fablico\u201d, conversaci\u00f3n liderada por el ex Ministro de Comercio Exterior de Costa Rica y actual Decano del Instituto Centroamericano de Administraci\u00f3n de Empresas (INCAE), Dr. Alberto Trejos, invitado por la multinacional 麻豆原创, compa\u00f1\u00eda l\u00edder en el mercado de software empresarial. El conversatorio inici\u00f3 con una radiograf\u00eda de la realidad nacional del sector p\u00fablico, privado, exportador y turismo, los cuales se han visto afectados fuertemente por la pandemia del COVID-19.<\/p>\n<p>Durante la charla, tambi\u00e9n se habl\u00f3 de la situaci\u00f3n nacional y global ante la crisis de la pandemia, las razones que magnifican el impacto social y econ\u00f3mico de la pandemia, la condici\u00f3n econ\u00f3mica de Costa Rica en este momento, lo que nos espera mientras la pandemia termina, cambios en el sistema productivo y en la sociedad en general post-pandemia y los retos de pol\u00edtica p\u00fablica durante y despu\u00e9s de la coyuntura actual.<\/p>\n<p>Seg\u00fan Ren\u00e9 Picado, moderador de la charla y L\u00edder de Soluciones de Sector P\u00fablico para 麻豆原创 Centroam\u00e9rica y el Caribe, &#8220;Costa Rica ha logrado atraer inversiones de empresas de tecnolog\u00eda de punta en diversos sectores. Esa es una gran fortaleza para la era posterior al COVID19 debido a que esas firmas casi siempre tienen un impacto muy grande en la demanda local por bienes y servicios de alto valor agregado. Pienso que debemos continuar por esa ruta si queremos tener mejores cifras de empleabilidad&#8221;<\/p>\n<p>Al terminar esta pandemia se esperan grandes cambios globalmente a nivel social, laboral, econ\u00f3mico y pol\u00edtico. Desde la forma en que los seres humanos se saludar\u00e1n hasta la forma de trabajar. El teletrabajo o trabajo remoto est\u00e1 aqu\u00ed para quedarse. Antes era una elecci\u00f3n, pero esta pandemia ha demostrado \u201cque no todos tienen que estar en el mismo lugar y al mismo tiempo\u201d para que un negocio, gobierno o instituci\u00f3n funcione apropiadamente.<\/p>\n<p>Durante este a\u00f1o es muy importante cuidar el endeudamiento. Seg\u00fan datos del Ministerio de Hacienda de Costa Rica, para financiar el 2020 se necesitar\u00e1 comprometer el 12,45% del Producto Interno Bruto (PIB). En a\u00f1os anteriores \u00fanicamente se requiri\u00f3 del 10,6%, lo que genera un impacto importante en la econom\u00eda nacional.<\/p>\n<p>Asimismo, los cambios en la econom\u00eda mundial ocasionados por la diseminaci\u00f3n del virus en casi todo el planeta, podr\u00edan impulsar tecnolog\u00edas como el Internet de las Cosas (IoT), las soluciones en la nube (cloud), la robotizaci\u00f3n, el internet m\u00f3vil y la impresi\u00f3n 3D. Las instituciones de gobierno deber\u00e1n considerar la implementaci\u00f3n de soluciones de \u201cdata mining\u201d y \u201canalytics\u201d para tener informaci\u00f3n confiable que ayude a tomar decisiones correctas y oportunamente.<\/p>\n<p>Junto con el impulso de las empresas de Tecnolog\u00edas de la Informaci\u00f3n y la Comunicaci\u00f3n (TIC\u2019s) la digitalizaci\u00f3n podr\u00eda contribuir en el desarrollo de una cultura menos burocr\u00e1tica donde cualquier tr\u00e1mite en las instituciones p\u00fablicas se convierte en un problema de tiempo y esfuerzo para el ciudadano.<\/p>\n<p>Por lo menos el 50% de las gestiones que realiza la ciudadan\u00eda en oficinas de gobierno se puede digitalizar, es decir, se llevar\u00edan a cabo en l\u00ednea, lo cual traer\u00eda grandes beneficios comprobados en cuanto a tiempo de respuesta (eficiencia), reducci\u00f3n de aglomeraciones, eliminar duplicidades y por supuesto ahorro de costos para el Gobierno. \u201cAdem\u00e1s reduce la huella de carbono, ofrece transparencia y facilita el distanciamiento social\u201d indic\u00f3 Picado.<\/p>\n<p>Concluyendo, Picado manifest\u00f3 que \u201cpara recortar gastos antes de pensar en las alternativas cl\u00e1sicas de posponer proyectos o reducir la fuerza laboral, se puede considerar a la tecnolog\u00eda como opci\u00f3n, que permite cumplir los mismos objetivos con menos recursos. Los costos operativos disminuyen con el uso de tecnolog\u00eda siendo el uso de la nube la prueba m\u00e1s evidente de ello\u201d.<\/p>\n","protected":false},"excerpt":{"rendered":"<p>Alberto Trejos, ex Ministro de Comercio Exterior, muestra una radiograf\u00eda de lo que esta pandemia ha representado para el pa\u00eds y algunos cambios necesarios para&#8230;<\/p>\n","protected":false},"author":492,"featured_media":120994,"comment_status":"closed","ping_status":"closed","sticky":false,"template":"","format":"standard","meta":{"footnotes":"","_links_to":"","_links_to_target":""},"categories":[52096,24297],"tags":[5597290,269964,5596090,18008,5597286,5597285,5596833,5597284],"series":[],"region":[22190,5595164],"sapn-display":[],"sapn-type":[],"class_list":["post-120989","post","type-post","status-publish","format-standard","has-post-thumbnail","hentry","category-pymes-temas","category-tecnologia","tag-alvaro-trejos","tag-centroamerica","tag-coronavirus","tag-costa-rica","tag-covid","tag-covid19","tag-pandemia","tag-rene-picado","region-centroamerica","region-costa-rica"],"yoast_head":"<!-- This site is optimized with the Yoast SEO Premium plugin v26.9 (Yoast SEO v26.9) - https:\/\/yoast.com\/product\/yoast-seo-premium-wordpress\/ -->\n<title>Econom\u00eda Post COVID-19: Recuperaci\u00f3n del sector p\u00fablico - 麻豆原创 News Center Latinoam\u00e9rica<\/title>\n<meta name=\"robots\" content=\"index, follow, max-snippet:-1, max-image-preview:large, max-video-preview:-1\" \/>\n<link rel=\"canonical\" href=\"https:\/\/news.sap.com\/latinamerica\/2020\/06\/economia-post-covid-19-recuperacion-del-sector-publico\/\" \/>\n<meta property=\"og:locale\" content=\"es_MX\" \/>\n<meta property=\"og:type\" content=\"article\" \/>\n<meta property=\"og:title\" content=\"Econom\u00eda Post COVID-19: Recuperaci\u00f3n del sector p\u00fablico\" \/>\n<meta property=\"og:description\" content=\"Alberto Trejos, ex Ministro de Comercio Exterior, muestra una radiograf\u00eda de lo que esta pandemia ha representado para el pa\u00eds y algunos cambios necesarios para...\" \/>\n<meta property=\"og:url\" content=\"https:\/\/news.sap.com\/latinamerica\/2020\/06\/economia-post-covid-19-recuperacion-del-sector-publico\/\" \/>\n<meta property=\"og:site_name\" content=\"麻豆原创 News Center Latinoam\u00e9rica\" \/>\n<meta property=\"article:publisher\" content=\"https:\/\/www.facebook.com\/麻豆原创latinoamerica\" \/>\n<meta property=\"article:published_time\" content=\"2020-06-22T17:05:12+00:00\" \/>\n<meta property=\"article:modified_time\" content=\"2023-10-27T16:25:50+00:00\" \/>\n<meta property=\"og:image\" content=\"https:\/\/news.sap.com\/latinamerica\/files\/2020\/06\/Trejos1.jpg\" \/>\n\t<meta property=\"og:image:width\" content=\"710\" \/>\n\t<meta property=\"og:image:height\" content=\"399\" \/>\n\t<meta property=\"og:image:type\" content=\"image\/jpeg\" \/>\n<meta name=\"author\" content=\"麻豆原创 Noticias\" \/>\n<meta name=\"twitter:label1\" content=\"Escrito por\" \/>\n\t<meta name=\"twitter:data1\" content=\"麻豆原创 Noticias\" \/>\n\t<meta name=\"twitter:label2\" content=\"Tiempo de lectura\" \/>\n\t<meta name=\"twitter:data2\" content=\"4 minutos\" \/>\n<script type=\"application\/ld+json\" class=\"yoast-schema-graph\">{\"@context\":\"https:\/\/schema.org\",\"@graph\":[{\"@type\":\"Article\",\"@id\":\"https:\/\/news.sap.com\/latinamerica\/2020\/06\/economia-post-covid-19-recuperacion-del-sector-publico\/#article\",\"isPartOf\":{\"@id\":\"https:\/\/news.sap.com\/latinamerica\/2020\/06\/economia-post-covid-19-recuperacion-del-sector-publico\/\"},\"author\":{\"name\":\"麻豆原创 Noticias\",\"@id\":\"https:\/\/news.sap.com\/latinamerica\/#\/schema\/person\/319b21e159bdeaa3ebc7fec0e1cfd7e9\"},\"headline\":\"Econom\u00eda Post COVID-19: Recuperaci\u00f3n del sector p\u00fablico\",\"datePublished\":\"2020-06-22T17:05:12+00:00\",\"dateModified\":\"2023-10-27T16:25:50+00:00\",\"mainEntityOfPage\":{\"@id\":\"https:\/\/news.sap.com\/latinamerica\/2020\/06\/economia-post-covid-19-recuperacion-del-sector-publico\/\"},\"wordCount\":846,\"publisher\":{\"@id\":\"https:\/\/news.sap.com\/latinamerica\/#organization\"},\"image\":{\"@id\":\"https:\/\/news.sap.com\/latinamerica\/2020\/06\/economia-post-covid-19-recuperacion-del-sector-publico\/#primaryimage\"},\"thumbnailUrl\":\"https:\/\/news.sap.com\/latinamerica\/files\/2020\/06\/Trejos1.jpg\",\"keywords\":[\"Alvaro Trejos\",\"Centroam\u00e9rica\",\"coronavirus\",\"Costa Rica\",\"covid\",\"covid19\",\"pandemia\",\"rene picado\"],\"articleSection\":[\"Pymes\",\"Tecnolog\u00eda\"],\"inLanguage\":\"es\"},{\"@type\":\"WebPage\",\"@id\":\"https:\/\/news.sap.com\/latinamerica\/2020\/06\/economia-post-covid-19-recuperacion-del-sector-publico\/\",\"url\":\"https:\/\/news.sap.com\/latinamerica\/2020\/06\/economia-post-covid-19-recuperacion-del-sector-publico\/\",\"name\":\"Econom\u00eda Post COVID-19: Recuperaci\u00f3n del sector p\u00fablico - 麻豆原创 News Center Latinoam\u00e9rica\",\"isPartOf\":{\"@id\":\"https:\/\/news.sap.com\/latinamerica\/#website\"},\"primaryImageOfPage\":{\"@id\":\"https:\/\/news.sap.com\/latinamerica\/2020\/06\/economia-post-covid-19-recuperacion-del-sector-publico\/#primaryimage\"},\"image\":{\"@id\":\"https:\/\/news.sap.com\/latinamerica\/2020\/06\/economia-post-covid-19-recuperacion-del-sector-publico\/#primaryimage\"},\"thumbnailUrl\":\"https:\/\/news.sap.com\/latinamerica\/files\/2020\/06\/Trejos1.jpg\",\"datePublished\":\"2020-06-22T17:05:12+00:00\",\"dateModified\":\"2023-10-27T16:25:50+00:00\",\"breadcrumb\":{\"@id\":\"https:\/\/news.sap.com\/latinamerica\/2020\/06\/economia-post-covid-19-recuperacion-del-sector-publico\/#breadcrumb\"},\"inLanguage\":\"es\",\"potentialAction\":[{\"@type\":\"ReadAction\",\"target\":[\"https:\/\/news.sap.com\/latinamerica\/2020\/06\/economia-post-covid-19-recuperacion-del-sector-publico\/\"]}]},{\"@type\":\"ImageObject\",\"inLanguage\":\"es\",\"@id\":\"https:\/\/news.sap.com\/latinamerica\/2020\/06\/economia-post-covid-19-recuperacion-del-sector-publico\/#primaryimage\",\"url\":\"https:\/\/news.sap.com\/latinamerica\/files\/2020\/06\/Trejos1.jpg\",\"contentUrl\":\"https:\/\/news.sap.com\/latinamerica\/files\/2020\/06\/Trejos1.jpg\",\"width\":710,\"height\":399,\"caption\":\"Dr. Alberto Trejos, Director de INCAE\"},{\"@type\":\"BreadcrumbList\",\"@id\":\"https:\/\/news.sap.com\/latinamerica\/2020\/06\/economia-post-covid-19-recuperacion-del-sector-publico\/#breadcrumb\",\"itemListElement\":[{\"@type\":\"ListItem\",\"position\":1,\"name\":\"Home\",\"item\":\"https:\/\/news.sap.com\/latinamerica\/\"},{\"@type\":\"ListItem\",\"position\":2,\"name\":\"Econom\u00eda Post COVID-19: Recuperaci\u00f3n del sector p\u00fablico\"}]},{\"@type\":\"WebSite\",\"@id\":\"https:\/\/news.sap.com\/latinamerica\/#website\",\"url\":\"https:\/\/news.sap.com\/latinamerica\/\",\"name\":\"麻豆原创 News Center Latinoam\u00e9rica\",\"description\":\"Noticias e informaci\u00f3n sobre 麻豆原创\",\"publisher\":{\"@id\":\"https:\/\/news.sap.com\/latinamerica\/#organization\"},\"potentialAction\":[{\"@type\":\"SearchAction\",\"target\":{\"@type\":\"EntryPoint\",\"urlTemplate\":\"https:\/\/news.sap.com\/latinamerica\/?s={search_term_string}\"},\"query-input\":{\"@type\":\"PropertyValueSpecification\",\"valueRequired\":true,\"valueName\":\"search_term_string\"}}],\"inLanguage\":\"es\"},{\"@type\":\"Organization\",\"@id\":\"https:\/\/news.sap.com\/latinamerica\/#organization\",\"name\":\"麻豆原创\",\"url\":\"https:\/\/news.sap.com\/latinamerica\/\",\"logo\":{\"@type\":\"ImageObject\",\"inLanguage\":\"es\",\"@id\":\"https:\/\/news.sap.com\/latinamerica\/#\/schema\/logo\/image\/\",\"url\":\"https:\/\/news.sap.com\/latinamerica\/files\/2019\/08\/65903320_2903797569662914_557886358778019840_n.png\",\"contentUrl\":\"https:\/\/news.sap.com\/latinamerica\/files\/2019\/08\/65903320_2903797569662914_557886358778019840_n.png\",\"width\":720,\"height\":720,\"caption\":\"麻豆原创\"},\"image\":{\"@id\":\"https:\/\/news.sap.com\/latinamerica\/#\/schema\/logo\/image\/\"},\"sameAs\":[\"https:\/\/www.facebook.com\/麻豆原创latinoamerica\",\"https:\/\/x.com\/麻豆原创LatinAmerica\"]},{\"@type\":\"Person\",\"@id\":\"https:\/\/news.sap.com\/latinamerica\/#\/schema\/person\/319b21e159bdeaa3ebc7fec0e1cfd7e9\",\"name\":\"麻豆原创 Noticias\",\"image\":{\"@type\":\"ImageObject\",\"inLanguage\":\"es\",\"@id\":\"https:\/\/news.sap.com\/latinamerica\/#\/schema\/person\/image\/\",\"url\":\"https:\/\/news.sap.com\/latinamerica\/wp-content\/plugins\/wp-user-avatars\/wp-user-avatars\/assets\/images\/mystery.jpg\",\"contentUrl\":\"https:\/\/news.sap.com\/latinamerica\/wp-content\/plugins\/wp-user-avatars\/wp-user-avatars\/assets\/images\/mystery.jpg\",\"caption\":\"麻豆原创 Noticias\"},\"url\":\"https:\/\/news.sap.com\/latinamerica\/author\/centroamerica\/\"}]}<\/script>\n<!-- \/ Yoast SEO Premium plugin. -->","yoast_head_json":{"title":"Econom\u00eda Post COVID-19: Recuperaci\u00f3n del sector p\u00fablico - 麻豆原创 News Center Latinoam\u00e9rica","robots":{"index":"index","follow":"follow","max-snippet":"max-snippet:-1","max-image-preview":"max-image-preview:large","max-video-preview":"max-video-preview:-1"},"canonical":"https:\/\/news.sap.com\/latinamerica\/2020\/06\/economia-post-covid-19-recuperacion-del-sector-publico\/","og_locale":"es_MX","og_type":"article","og_title":"Econom\u00eda Post COVID-19: Recuperaci\u00f3n del sector p\u00fablico","og_description":"Alberto Trejos, ex Ministro de Comercio Exterior, muestra una radiograf\u00eda de lo que esta pandemia ha representado para el pa\u00eds y algunos cambios necesarios para...","og_url":"https:\/\/news.sap.com\/latinamerica\/2020\/06\/economia-post-covid-19-recuperacion-del-sector-publico\/","og_site_name":"麻豆原创 News Center Latinoam\u00e9rica","article_publisher":"https:\/\/www.facebook.com\/麻豆原创latinoamerica","article_published_time":"2020-06-22T17:05:12+00:00","article_modified_time":"2023-10-27T16:25:50+00:00","og_image":[{"width":710,"height":399,"url":"https:\/\/news.sap.com\/latinamerica\/files\/2020\/06\/Trejos1.jpg","type":"image\/jpeg"}],"author":"麻豆原创 Noticias","twitter_misc":{"Escrito por":"麻豆原创 Noticias","Tiempo de lectura":"4 minutos"},"schema":{"@context":"https:\/\/schema.org","@graph":[{"@type":"Article","@id":"https:\/\/news.sap.com\/latinamerica\/2020\/06\/economia-post-covid-19-recuperacion-del-sector-publico\/#article","isPartOf":{"@id":"https:\/\/news.sap.com\/latinamerica\/2020\/06\/economia-post-covid-19-recuperacion-del-sector-publico\/"},"author":{"name":"麻豆原创 Noticias","@id":"https:\/\/news.sap.com\/latinamerica\/#\/schema\/person\/319b21e159bdeaa3ebc7fec0e1cfd7e9"},"headline":"Econom\u00eda Post COVID-19: Recuperaci\u00f3n del sector p\u00fablico","datePublished":"2020-06-22T17:05:12+00:00","dateModified":"2023-10-27T16:25:50+00:00","mainEntityOfPage":{"@id":"https:\/\/news.sap.com\/latinamerica\/2020\/06\/economia-post-covid-19-recuperacion-del-sector-publico\/"},"wordCount":846,"publisher":{"@id":"https:\/\/news.sap.com\/latinamerica\/#organization"},"image":{"@id":"https:\/\/news.sap.com\/latinamerica\/2020\/06\/economia-post-covid-19-recuperacion-del-sector-publico\/#primaryimage"},"thumbnailUrl":"https:\/\/news.sap.com\/latinamerica\/files\/2020\/06\/Trejos1.jpg","keywords":["Alvaro Trejos","Centroam\u00e9rica","coronavirus","Costa Rica","covid","covid19","pandemia","rene picado"],"articleSection":["Pymes","Tecnolog\u00eda"],"inLanguage":"es"},{"@type":"WebPage","@id":"https:\/\/news.sap.com\/latinamerica\/2020\/06\/economia-post-covid-19-recuperacion-del-sector-publico\/","url":"https:\/\/news.sap.com\/latinamerica\/2020\/06\/economia-post-covid-19-recuperacion-del-sector-publico\/","name":"Econom\u00eda Post COVID-19: Recuperaci\u00f3n del sector p\u00fablico - 麻豆原创 News Center Latinoam\u00e9rica","isPartOf":{"@id":"https:\/\/news.sap.com\/latinamerica\/#website"},"primaryImageOfPage":{"@id":"https:\/\/news.sap.com\/latinamerica\/2020\/06\/economia-post-covid-19-recuperacion-del-sector-publico\/#primaryimage"},"image":{"@id":"https:\/\/news.sap.com\/latinamerica\/2020\/06\/economia-post-covid-19-recuperacion-del-sector-publico\/#primaryimage"},"thumbnailUrl":"https:\/\/news.sap.com\/latinamerica\/files\/2020\/06\/Trejos1.jpg","datePublished":"2020-06-22T17:05:12+00:00","dateModified":"2023-10-27T16:25:50+00:00","breadcrumb":{"@id":"https:\/\/news.sap.com\/latinamerica\/2020\/06\/economia-post-covid-19-recuperacion-del-sector-publico\/#breadcrumb"},"inLanguage":"es","potentialAction":[{"@type":"ReadAction","target":["https:\/\/news.sap.com\/latinamerica\/2020\/06\/economia-post-covid-19-recuperacion-del-sector-publico\/"]}]},{"@type":"ImageObject","inLanguage":"es","@id":"https:\/\/news.sap.com\/latinamerica\/2020\/06\/economia-post-covid-19-recuperacion-del-sector-publico\/#primaryimage","url":"https:\/\/news.sap.com\/latinamerica\/files\/2020\/06\/Trejos1.jpg","contentUrl":"https:\/\/news.sap.com\/latinamerica\/files\/2020\/06\/Trejos1.jpg","width":710,"height":399,"caption":"Dr. Alberto Trejos, Director de INCAE"},{"@type":"BreadcrumbList","@id":"https:\/\/news.sap.com\/latinamerica\/2020\/06\/economia-post-covid-19-recuperacion-del-sector-publico\/#breadcrumb","itemListElement":[{"@type":"ListItem","position":1,"name":"Home","item":"https:\/\/news.sap.com\/latinamerica\/"},{"@type":"ListItem","position":2,"name":"Econom\u00eda Post COVID-19: Recuperaci\u00f3n del sector p\u00fablico"}]},{"@type":"WebSite","@id":"https:\/\/news.sap.com\/latinamerica\/#website","url":"https:\/\/news.sap.com\/latinamerica\/","name":"麻豆原创 News Center Latinoam\u00e9rica","description":"Noticias e informaci\u00f3n sobre 麻豆原创","publisher":{"@id":"https:\/\/news.sap.com\/latinamerica\/#organization"},"potentialAction":[{"@type":"SearchAction","target":{"@type":"EntryPoint","urlTemplate":"https:\/\/news.sap.com\/latinamerica\/?s={search_term_string}"},"query-input":{"@type":"PropertyValueSpecification","valueRequired":true,"valueName":"search_term_string"}}],"inLanguage":"es"},{"@type":"Organization","@id":"https:\/\/news.sap.com\/latinamerica\/#organization","name":"麻豆原创","url":"https:\/\/news.sap.com\/latinamerica\/","logo":{"@type":"ImageObject","inLanguage":"es","@id":"https:\/\/news.sap.com\/latinamerica\/#\/schema\/logo\/image\/","url":"https:\/\/news.sap.com\/latinamerica\/files\/2019\/08\/65903320_2903797569662914_557886358778019840_n.png","contentUrl":"https:\/\/news.sap.com\/latinamerica\/files\/2019\/08\/65903320_2903797569662914_557886358778019840_n.png","width":720,"height":720,"caption":"麻豆原创"},"image":{"@id":"https:\/\/news.sap.com\/latinamerica\/#\/schema\/logo\/image\/"},"sameAs":["https:\/\/www.facebook.com\/麻豆原创latinoamerica","https:\/\/x.com\/麻豆原创LatinAmerica"]},{"@type":"Person","@id":"https:\/\/news.sap.com\/latinamerica\/#\/schema\/person\/319b21e159bdeaa3ebc7fec0e1cfd7e9","name":"麻豆原创 Noticias","image":{"@type":"ImageObject","inLanguage":"es","@id":"https:\/\/news.sap.com\/latinamerica\/#\/schema\/person\/image\/","url":"https:\/\/news.sap.com\/latinamerica\/wp-content\/plugins\/wp-user-avatars\/wp-user-avatars\/assets\/images\/mystery.jpg","contentUrl":"https:\/\/news.sap.com\/latinamerica\/wp-content\/plugins\/wp-user-avatars\/wp-user-avatars\/assets\/images\/mystery.jpg","caption":"麻豆原创 Noticias"},"url":"https:\/\/news.sap.com\/latinamerica\/author\/centroamerica\/"}]}},"amp_enabled":true,"_links":{"self":[{"href":"https:\/\/news.sap.com\/latinamerica\/wp-json\/wp\/v2\/posts\/120989","targetHints":{"allow":["GET"]}}],"collection":[{"href":"https:\/\/news.sap.com\/latinamerica\/wp-json\/wp\/v2\/posts"}],"about":[{"href":"https:\/\/news.sap.com\/latinamerica\/wp-json\/wp\/v2\/types\/post"}],"author":[{"embeddable":true,"href":"https:\/\/news.sap.com\/latinamerica\/wp-json\/wp\/v2\/users\/492"}],"replies":[{"embeddable":true,"href":"https:\/\/news.sap.com\/latinamerica\/wp-json\/wp\/v2\/comments?post=120989"}],"version-history":[{"count":0,"href":"https:\/\/news.sap.com\/latinamerica\/wp-json\/wp\/v2\/posts\/120989\/revisions"}],"wp:featuredmedia":[{"embeddable":true,"href":"https:\/\/news.sap.com\/latinamerica\/wp-json\/wp\/v2\/media\/120994"}],"wp:attachment":[{"href":"https:\/\/news.sap.com\/latinamerica\/wp-json\/wp\/v2\/media?parent=120989"}],"wp:term":[{"taxonomy":"category","embeddable":true,"href":"https:\/\/news.sap.com\/latinamerica\/wp-json\/wp\/v2\/categories?post=120989"},{"taxonomy":"post_tag","embeddable":true,"href":"https:\/\/news.sap.com\/latinamerica\/wp-json\/wp\/v2\/tags?post=120989"},{"taxonomy":"series","embeddable":true,"href":"https:\/\/news.sap.com\/latinamerica\/wp-json\/wp\/v2\/series?post=120989"},{"taxonomy":"region","embeddable":true,"href":"https:\/\/news.sap.com\/latinamerica\/wp-json\/wp\/v2\/region?post=120989"},{"taxonomy":"sapn-display","embeddable":true,"href":"https:\/\/news.sap.com\/latinamerica\/wp-json\/wp\/v2\/sapn-display?post=120989"},{"taxonomy":"sapn-type","embeddable":true,"href":"https:\/\/news.sap.com\/latinamerica\/wp-json\/wp\/v2\/sapn-type?post=120989"}],"curies":[{"name":"wp","href":"https:\/\/api.w.org\/{rel}","templated":true}]}}