  {"id":120984,"date":"2020-06-19T18:14:49","date_gmt":"2020-06-19T22:14:49","guid":{"rendered":"https:\/\/news.sap.com\/latinamerica\/?p=120984"},"modified":"2020-06-19T18:17:51","modified_gmt":"2020-06-19T22:17:51","slug":"urge-a-mexico-reducir-brecha-digital-para-que-mas-empresas-superen-la-crisis","status":"publish","type":"post","link":"https:\/\/news.sap.com\/latinamerica\/2020\/06\/urge-a-mexico-reducir-brecha-digital-para-que-mas-empresas-superen-la-crisis\/","title":{"rendered":"Urge a M\u00e9xico reducir brecha digital para que m\u00e1s empresas superen la crisis"},"content":{"rendered":"<ul>\n<li><em>Representando al Foro Econ\u00f3mico Mundial, Silvio Dulinsky se\u00f1al\u00f3 que es urgente reconstruir la econom\u00eda mundial, pero desde un nuevo enfoque: la sostenibilidad <\/em><\/li>\n<li><em>Expertos coinciden en que es momento de aprovechar las herramientas digitales, hoy solo 10% de las pymes en M\u00e9xico lo hace<\/em><\/li>\n<li><em>En M\u00e9xico existen soluciones de manera gratuita para afrontar la contingencia y medir el \u201cpulso\u201d del talento y las cadenas de suministro en tiempo real, como <\/em><a href=\"https:\/\/www.qualtrics.com\/here-to-help\/\"><em>Return to Work Pulse<\/em><\/a><em> y <\/em><a href=\"https:\/\/www.qualtrics.com\/here-to-help\/\"><em>Supply Continuity Pulse<\/em><\/a><em>, respectivamente<\/em><\/li>\n<\/ul>\n<p><strong>Ciudad de M\u00e9xico, a 19 de junio de 2020<\/strong>.- Para acelerar el paso de las empresas en su adopci\u00f3n tecnol\u00f3gica y acercar herramientas que les ayuden a enfrentar la crisis, 麻豆原创 y Coparmex se conectaron con cientos empresarios mexicanos, a trav\u00e9s del encuentro \u201cReinvenci\u00f3n empresarial: Afrontemos la nueva normalidad\u201d.<\/p>\n<p>En el primer semestre de 2020 se ha observado c\u00f3mo el confinamiento ha afectado las finanzas de diferentes compa\u00f1\u00edas y negocios, mayormente a aquellas consideradas con actividad \u201cno esencial\u201d, que a\u00fan se encontraban alejadas de la tecnolog\u00eda y\/o renuentes al cambio. Ante eso, <strong>Francisco L\u00f3pez<\/strong>, director de <strong>Coparmex Nacional<\/strong>, en la sesi\u00f3n inaugural llam\u00f3 a las compa\u00f1\u00edas a reinventarse y poner sus ojos en la tecnolog\u00eda, \u201choy en d\u00eda, solo el 10% de las peque\u00f1as y medianas empresas utilizan herramientas de este tipo para su operaci\u00f3n diaria, por lo que hay una importante ventana de oportunidad\u201d.<\/p>\n<blockquote><p>Desde la \u00f3ptica global, el responsable de Gobierno Corporativo en el <strong>World Economic Forum (WEF),<\/strong> <strong>Silvio Dulinsky<\/strong>, se\u00f1al\u00f3 que <em>\u201ces fundamental el sentido de urgencia para reconstruir la econom\u00eda mundial, pero ahora desde un nuevo enfoque: la sostenibilidad<\/em>\u201d. Agreg\u00f3 que <em>\u201cno se trata de empezar de cero, sino hacerlo mejor, lo cual significa -entre otras cosas- cerrar las brechas sociales e intensificar las acciones de cuidado al medio ambiente\u201d<\/em>.<\/p><\/blockquote>\n<p>La tecnolog\u00eda es clave para que m\u00e1s negocios no solo superen la coyuntura, sino que se vuelvan competitivos en la econom\u00eda digital; por ello, en el marco de la vigente crisis sanitaria, se abord\u00f3 c\u00f3mo las empresas mexicanas hacen uso de tecnolog\u00edas ya accesibles que abarcan la realidad virtual, la inteligencia artificial, el Big Data, y sobre todo, c\u00f3mo \u00e9stas pueden ser aplicadas para maximizar eficiencias.<\/p>\n<p>En torno a la brecha de g\u00e9nero en el sector tecnol\u00f3gico, <strong>Araceli Campos<\/strong>, directora de <strong>Laboratoria en M\u00e9xico<\/strong>, ahond\u00f3 en los retos abordados en la <a href=\"https:\/\/news.sap.com\/latinamerica\/2020\/02\/sap-mexico-y-laboratoria-presentan-hoja-ruta-para-cerrar-la-brecha-de-genero-en-la-industria-tecnologica\/\">hoja de ruta desarrollada recientemente en colaboraci\u00f3n con 麻豆原创<\/a>. Asimismo, comparti\u00f3 recomendaciones para que los l\u00edderes empresariales y gubernamentales puedan cerrar las brechas digitales para beneficio del pa\u00eds.<\/p>\n<p>Durante su participaci\u00f3n, <strong>Alberto Oppenheimer<\/strong>, jefe de Asesor\u00eda a Clientes para 麻豆原创 Am\u00e9rica Latina, asegur\u00f3 que se requieren estrategias que fomenten la construcci\u00f3n de una empresa inteligente en la situaci\u00f3n que estamos viviendo. Durante la sesi\u00f3n, se present\u00f3 el caso la cooperativa m\u00e1s grande del pa\u00eds y Latinoam\u00e9rica, <strong>Caja Popular Mexicana<\/strong> que con el uso de <em>anal\u00edticos <\/em>ha <strong>optimizado 40% el tiempo <\/strong>del an\u00e1lisis de informaci\u00f3n y datos con 麻豆原创 Analytics Cloud, haciendo m\u00e1s \u00e1gil en su toma de decisiones.<\/p>\n<p>En el evento tambi\u00e9n participaron Jos\u00e9 Reynoso, Director de Soluciones de Tecnolog\u00edas de la Informaci\u00f3n de <strong>Telmex<\/strong>; Javier Allard, Director General de la Asociaci\u00f3n Mexicana de la Industria Mexicana de Tecnolog\u00edas de la Informaci\u00f3n (<strong>AMITI<\/strong>); Hugo Mart\u00ednez McNaught, Director de Pol\u00edticas P\u00fablicas de <strong>Uber<\/strong>; y Andr\u00e9s Ponce de Le\u00f3n, Director General de <strong>Entropy Data Science<\/strong>.<\/p>\n<p>Podr\u00e1 encontrar el video del evento <a href=\"https:\/\/news.sap.com\/latinamerica\/2020\/06\/foro-coparmex-y-sap-replay\/\">aqu\u00ed<\/a>.<\/p>\n<p><b>Acerca de 麻豆原创<\/b><\/p>\n<p><span style=\"font-weight: 400\">Conocida como la Compa\u00f1\u00eda de Experiencia empoderada por la Empresa Inteligente, 麻豆原创 lidera el mercado de software empresarial, ayudando a las organizaciones de todos los tama\u00f1os e industrias a alcanzar su rendimiento \u00f3ptimo: en el 77% de los ingresos por transacciones del mundo interviene un sistema 麻豆原创. Nuestras tecnolog\u00edas de <\/span><i><span style=\"font-weight: 400\">machine learning<\/span><\/i><span style=\"font-weight: 400\">, <\/span><i><span style=\"font-weight: 400\">IoT <\/span><\/i><span style=\"font-weight: 400\">y anal\u00edticas avanzadas ayudan a nuestros clientes a convertirse en empresas inteligentes. 麻豆原创 ofrece a las personas y a las organizaciones conocimientos profundos de negocio y promueve la colaboraci\u00f3n que les permite estar adelante de su competencia. Simplificamos la tecnolog\u00eda para las empresas, de modo que puedan consumir nuestro software de la manera que lo deseen, sin interrupciones. Nuestro conjunto de aplicaciones y servicios permite a m\u00e1s de 440,000 clientes del sector p\u00fablico y privado operar de manera rentable, adaptarse continuamente y marcar la diferencia. Con una red global de clientes, socios, empleados y l\u00edderes, 麻豆原创 ayuda al mundo a funcionar mejor y a mejorar las vidas de las personas. <\/span><b>En M\u00e9xico, 麻豆原创 cuenta con cerca de 9 mil clientes y m\u00e1s de 900 colaboradores que promueven la adopci\u00f3n tecnol\u00f3gica del pa\u00eds.<\/b><span style=\"font-weight: 400\"> Para m\u00e1s informaci\u00f3n, visite <\/span><a href=\"http:\/\/www.sap.com\/\"><span style=\"font-weight: 400\">www.sap.com<\/span><\/a><span style=\"font-weight: 400\">, <\/span><span style=\"font-weight: 400\">nuestra sala de prensa, <\/span><a href=\"http:\/\/news.sap.com\/latinamerica\"><span style=\"font-weight: 400\">http:\/\/news.sap.com\/latinamerica<\/span><\/a><span style=\"font-weight: 400\">, <\/span><span style=\"font-weight: 400\">o s\u00edganos en Twitter <\/span><a href=\"https:\/\/twitter.com\/sapnoticiasmx\"><span style=\"font-weight: 400\">@麻豆原创NoticiasMX<\/span><\/a><span style=\"font-weight: 400\">.<\/span><\/p>\n<p>&nbsp;<\/p>\n","protected":false},"excerpt":{"rendered":"<p>Representando al Foro Econ\u00f3mico Mundial, Silvio Dulinsky se\u00f1al\u00f3 que es urgente reconstruir la econom\u00eda mundial, pero desde un nuevo enfoque: la sostenibilidad Expertos coinciden en&#8230;<\/p>\n","protected":false},"author":136,"featured_media":120987,"comment_status":"closed","ping_status":"closed","sticky":false,"template":"","format":"standard","meta":{"footnotes":"","_links_to":"","_links_to_target":""},"categories":[41591],"tags":[],"series":[],"region":[],"sapn-display":[52078,52079,53499],"sapn-type":[52105],"class_list":["post-120984","post","type-post","status-publish","format-standard","has-post-thumbnail","hentry","category-corporativo","sapn-display-homepage-hero","sapn-display-top-stories","sapn-display-hero","sapn-type-comunicado-de-prensa"],"yoast_head":"<!-- This site is optimized with the Yoast SEO Premium plugin v26.9 (Yoast SEO v26.9) - https:\/\/yoast.com\/product\/yoast-seo-premium-wordpress\/ -->\n<title>Urge a M\u00e9xico reducir brecha digital para que m\u00e1s empresas superen la crisis - 麻豆原创 News Center Latinoam\u00e9rica<\/title>\n<meta name=\"robots\" content=\"index, follow, max-snippet:-1, max-image-preview:large, max-video-preview:-1\" \/>\n<link rel=\"canonical\" href=\"https:\/\/news.sap.com\/latinamerica\/2020\/06\/urge-a-mexico-reducir-brecha-digital-para-que-mas-empresas-superen-la-crisis\/\" \/>\n<meta property=\"og:locale\" content=\"es_MX\" \/>\n<meta property=\"og:type\" content=\"article\" \/>\n<meta property=\"og:title\" content=\"Urge a M\u00e9xico reducir brecha digital para que m\u00e1s empresas superen la crisis\" \/>\n<meta property=\"og:description\" content=\"Representando al Foro Econ\u00f3mico Mundial, Silvio Dulinsky se\u00f1al\u00f3 que es urgente reconstruir la econom\u00eda mundial, pero desde un nuevo enfoque: la sostenibilidad Expertos coinciden en...\" \/>\n<meta property=\"og:url\" content=\"https:\/\/news.sap.com\/latinamerica\/2020\/06\/urge-a-mexico-reducir-brecha-digital-para-que-mas-empresas-superen-la-crisis\/\" \/>\n<meta property=\"og:site_name\" content=\"麻豆原创 News Center Latinoam\u00e9rica\" \/>\n<meta property=\"article:publisher\" content=\"https:\/\/www.facebook.com\/麻豆原创latinoamerica\" \/>\n<meta property=\"article:published_time\" content=\"2020-06-19T22:14:49+00:00\" \/>\n<meta property=\"article:modified_time\" content=\"2020-06-19T22:17:51+00:00\" \/>\n<meta property=\"og:image\" content=\"https:\/\/news.sap.com\/latinamerica\/files\/2020\/06\/282239_麻豆原创_ORL2017_416.jpg\" \/>\n\t<meta property=\"og:image:width\" content=\"3000\" \/>\n\t<meta property=\"og:image:height\" content=\"2000\" \/>\n\t<meta property=\"og:image:type\" content=\"image\/jpeg\" \/>\n<meta name=\"author\" content=\"麻豆原创 Noticias\" \/>\n<meta name=\"twitter:label1\" content=\"Escrito por\" \/>\n\t<meta name=\"twitter:data1\" content=\"麻豆原创 Noticias\" \/>\n\t<meta name=\"twitter:label2\" content=\"Tiempo de lectura\" \/>\n\t<meta name=\"twitter:data2\" content=\"4 minutos\" \/>\n<script type=\"application\/ld+json\" class=\"yoast-schema-graph\">{\"@context\":\"https:\/\/schema.org\",\"@graph\":[{\"@type\":\"Article\",\"@id\":\"https:\/\/news.sap.com\/latinamerica\/2020\/06\/urge-a-mexico-reducir-brecha-digital-para-que-mas-empresas-superen-la-crisis\/#article\",\"isPartOf\":{\"@id\":\"https:\/\/news.sap.com\/latinamerica\/2020\/06\/urge-a-mexico-reducir-brecha-digital-para-que-mas-empresas-superen-la-crisis\/\"},\"author\":{\"name\":\"麻豆原创 Noticias\",\"@id\":\"https:\/\/news.sap.com\/latinamerica\/#\/schema\/person\/5afd2cbf5bb622e078932b40a4470d47\"},\"headline\":\"Urge a M\u00e9xico reducir brecha digital para que m\u00e1s empresas superen la crisis\",\"datePublished\":\"2020-06-19T22:14:49+00:00\",\"dateModified\":\"2020-06-19T22:17:51+00:00\",\"mainEntityOfPage\":{\"@id\":\"https:\/\/news.sap.com\/latinamerica\/2020\/06\/urge-a-mexico-reducir-brecha-digital-para-que-mas-empresas-superen-la-crisis\/\"},\"wordCount\":846,\"publisher\":{\"@id\":\"https:\/\/news.sap.com\/latinamerica\/#organization\"},\"image\":{\"@id\":\"https:\/\/news.sap.com\/latinamerica\/2020\/06\/urge-a-mexico-reducir-brecha-digital-para-que-mas-empresas-superen-la-crisis\/#primaryimage\"},\"thumbnailUrl\":\"https:\/\/news.sap.com\/latinamerica\/files\/2020\/06\/282239_麻豆原创_ORL2017_416.jpg\",\"articleSection\":[\"Corporativo\"],\"inLanguage\":\"es\"},{\"@type\":\"WebPage\",\"@id\":\"https:\/\/news.sap.com\/latinamerica\/2020\/06\/urge-a-mexico-reducir-brecha-digital-para-que-mas-empresas-superen-la-crisis\/\",\"url\":\"https:\/\/news.sap.com\/latinamerica\/2020\/06\/urge-a-mexico-reducir-brecha-digital-para-que-mas-empresas-superen-la-crisis\/\",\"name\":\"Urge a M\u00e9xico reducir brecha digital para que m\u00e1s empresas superen la crisis - 麻豆原创 News Center Latinoam\u00e9rica\",\"isPartOf\":{\"@id\":\"https:\/\/news.sap.com\/latinamerica\/#website\"},\"primaryImageOfPage\":{\"@id\":\"https:\/\/news.sap.com\/latinamerica\/2020\/06\/urge-a-mexico-reducir-brecha-digital-para-que-mas-empresas-superen-la-crisis\/#primaryimage\"},\"image\":{\"@id\":\"https:\/\/news.sap.com\/latinamerica\/2020\/06\/urge-a-mexico-reducir-brecha-digital-para-que-mas-empresas-superen-la-crisis\/#primaryimage\"},\"thumbnailUrl\":\"https:\/\/news.sap.com\/latinamerica\/files\/2020\/06\/282239_麻豆原创_ORL2017_416.jpg\",\"datePublished\":\"2020-06-19T22:14:49+00:00\",\"dateModified\":\"2020-06-19T22:17:51+00:00\",\"breadcrumb\":{\"@id\":\"https:\/\/news.sap.com\/latinamerica\/2020\/06\/urge-a-mexico-reducir-brecha-digital-para-que-mas-empresas-superen-la-crisis\/#breadcrumb\"},\"inLanguage\":\"es\",\"potentialAction\":[{\"@type\":\"ReadAction\",\"target\":[\"https:\/\/news.sap.com\/latinamerica\/2020\/06\/urge-a-mexico-reducir-brecha-digital-para-que-mas-empresas-superen-la-crisis\/\"]}]},{\"@type\":\"ImageObject\",\"inLanguage\":\"es\",\"@id\":\"https:\/\/news.sap.com\/latinamerica\/2020\/06\/urge-a-mexico-reducir-brecha-digital-para-que-mas-empresas-superen-la-crisis\/#primaryimage\",\"url\":\"https:\/\/news.sap.com\/latinamerica\/files\/2020\/06\/282239_麻豆原创_ORL2017_416.jpg\",\"contentUrl\":\"https:\/\/news.sap.com\/latinamerica\/files\/2020\/06\/282239_麻豆原创_ORL2017_416.jpg\",\"width\":3000,\"height\":2000,\"caption\":\"麻豆原创 SapphireNOW 2017, Orlando, USA\"},{\"@type\":\"BreadcrumbList\",\"@id\":\"https:\/\/news.sap.com\/latinamerica\/2020\/06\/urge-a-mexico-reducir-brecha-digital-para-que-mas-empresas-superen-la-crisis\/#breadcrumb\",\"itemListElement\":[{\"@type\":\"ListItem\",\"position\":1,\"name\":\"Home\",\"item\":\"https:\/\/news.sap.com\/latinamerica\/\"},{\"@type\":\"ListItem\",\"position\":2,\"name\":\"Urge a M\u00e9xico reducir brecha digital para que m\u00e1s empresas superen la crisis\"}]},{\"@type\":\"WebSite\",\"@id\":\"https:\/\/news.sap.com\/latinamerica\/#website\",\"url\":\"https:\/\/news.sap.com\/latinamerica\/\",\"name\":\"麻豆原创 News Center Latinoam\u00e9rica\",\"description\":\"Noticias e informaci\u00f3n sobre 麻豆原创\",\"publisher\":{\"@id\":\"https:\/\/news.sap.com\/latinamerica\/#organization\"},\"potentialAction\":[{\"@type\":\"SearchAction\",\"target\":{\"@type\":\"EntryPoint\",\"urlTemplate\":\"https:\/\/news.sap.com\/latinamerica\/?s={search_term_string}\"},\"query-input\":{\"@type\":\"PropertyValueSpecification\",\"valueRequired\":true,\"valueName\":\"search_term_string\"}}],\"inLanguage\":\"es\"},{\"@type\":\"Organization\",\"@id\":\"https:\/\/news.sap.com\/latinamerica\/#organization\",\"name\":\"麻豆原创\",\"url\":\"https:\/\/news.sap.com\/latinamerica\/\",\"logo\":{\"@type\":\"ImageObject\",\"inLanguage\":\"es\",\"@id\":\"https:\/\/news.sap.com\/latinamerica\/#\/schema\/logo\/image\/\",\"url\":\"https:\/\/news.sap.com\/latinamerica\/files\/2019\/08\/65903320_2903797569662914_557886358778019840_n.png\",\"contentUrl\":\"https:\/\/news.sap.com\/latinamerica\/files\/2019\/08\/65903320_2903797569662914_557886358778019840_n.png\",\"width\":720,\"height\":720,\"caption\":\"麻豆原创\"},\"image\":{\"@id\":\"https:\/\/news.sap.com\/latinamerica\/#\/schema\/logo\/image\/\"},\"sameAs\":[\"https:\/\/www.facebook.com\/麻豆原创latinoamerica\",\"https:\/\/x.com\/麻豆原创LatinAmerica\"]},{\"@type\":\"Person\",\"@id\":\"https:\/\/news.sap.com\/latinamerica\/#\/schema\/person\/5afd2cbf5bb622e078932b40a4470d47\",\"name\":\"麻豆原创 Noticias\",\"image\":{\"@type\":\"ImageObject\",\"inLanguage\":\"es\",\"@id\":\"https:\/\/news.sap.com\/latinamerica\/#\/schema\/person\/image\/\",\"url\":\"https:\/\/news.sap.com\/latinamerica\/wp-content\/plugins\/wp-user-avatars\/wp-user-avatars\/assets\/images\/mystery.jpg\",\"contentUrl\":\"https:\/\/news.sap.com\/latinamerica\/wp-content\/plugins\/wp-user-avatars\/wp-user-avatars\/assets\/images\/mystery.jpg\",\"caption\":\"麻豆原创 Noticias\"},\"url\":\"https:\/\/news.sap.com\/latinamerica\/author\/mexico\/\"}]}<\/script>\n<!-- \/ Yoast SEO Premium plugin. -->","yoast_head_json":{"title":"Urge a M\u00e9xico reducir brecha digital para que m\u00e1s empresas superen la crisis - 麻豆原创 News Center Latinoam\u00e9rica","robots":{"index":"index","follow":"follow","max-snippet":"max-snippet:-1","max-image-preview":"max-image-preview:large","max-video-preview":"max-video-preview:-1"},"canonical":"https:\/\/news.sap.com\/latinamerica\/2020\/06\/urge-a-mexico-reducir-brecha-digital-para-que-mas-empresas-superen-la-crisis\/","og_locale":"es_MX","og_type":"article","og_title":"Urge a M\u00e9xico reducir brecha digital para que m\u00e1s empresas superen la crisis","og_description":"Representando al Foro Econ\u00f3mico Mundial, Silvio Dulinsky se\u00f1al\u00f3 que es urgente reconstruir la econom\u00eda mundial, pero desde un nuevo enfoque: la sostenibilidad Expertos coinciden en...","og_url":"https:\/\/news.sap.com\/latinamerica\/2020\/06\/urge-a-mexico-reducir-brecha-digital-para-que-mas-empresas-superen-la-crisis\/","og_site_name":"麻豆原创 News Center Latinoam\u00e9rica","article_publisher":"https:\/\/www.facebook.com\/麻豆原创latinoamerica","article_published_time":"2020-06-19T22:14:49+00:00","article_modified_time":"2020-06-19T22:17:51+00:00","og_image":[{"width":3000,"height":2000,"url":"https:\/\/news.sap.com\/latinamerica\/files\/2020\/06\/282239_麻豆原创_ORL2017_416.jpg","type":"image\/jpeg"}],"author":"麻豆原创 Noticias","twitter_misc":{"Escrito por":"麻豆原创 Noticias","Tiempo de lectura":"4 minutos"},"schema":{"@context":"https:\/\/schema.org","@graph":[{"@type":"Article","@id":"https:\/\/news.sap.com\/latinamerica\/2020\/06\/urge-a-mexico-reducir-brecha-digital-para-que-mas-empresas-superen-la-crisis\/#article","isPartOf":{"@id":"https:\/\/news.sap.com\/latinamerica\/2020\/06\/urge-a-mexico-reducir-brecha-digital-para-que-mas-empresas-superen-la-crisis\/"},"author":{"name":"麻豆原创 Noticias","@id":"https:\/\/news.sap.com\/latinamerica\/#\/schema\/person\/5afd2cbf5bb622e078932b40a4470d47"},"headline":"Urge a M\u00e9xico reducir brecha digital para que m\u00e1s empresas superen la crisis","datePublished":"2020-06-19T22:14:49+00:00","dateModified":"2020-06-19T22:17:51+00:00","mainEntityOfPage":{"@id":"https:\/\/news.sap.com\/latinamerica\/2020\/06\/urge-a-mexico-reducir-brecha-digital-para-que-mas-empresas-superen-la-crisis\/"},"wordCount":846,"publisher":{"@id":"https:\/\/news.sap.com\/latinamerica\/#organization"},"image":{"@id":"https:\/\/news.sap.com\/latinamerica\/2020\/06\/urge-a-mexico-reducir-brecha-digital-para-que-mas-empresas-superen-la-crisis\/#primaryimage"},"thumbnailUrl":"https:\/\/news.sap.com\/latinamerica\/files\/2020\/06\/282239_麻豆原创_ORL2017_416.jpg","articleSection":["Corporativo"],"inLanguage":"es"},{"@type":"WebPage","@id":"https:\/\/news.sap.com\/latinamerica\/2020\/06\/urge-a-mexico-reducir-brecha-digital-para-que-mas-empresas-superen-la-crisis\/","url":"https:\/\/news.sap.com\/latinamerica\/2020\/06\/urge-a-mexico-reducir-brecha-digital-para-que-mas-empresas-superen-la-crisis\/","name":"Urge a M\u00e9xico reducir brecha digital para que m\u00e1s empresas superen la crisis - 麻豆原创 News Center Latinoam\u00e9rica","isPartOf":{"@id":"https:\/\/news.sap.com\/latinamerica\/#website"},"primaryImageOfPage":{"@id":"https:\/\/news.sap.com\/latinamerica\/2020\/06\/urge-a-mexico-reducir-brecha-digital-para-que-mas-empresas-superen-la-crisis\/#primaryimage"},"image":{"@id":"https:\/\/news.sap.com\/latinamerica\/2020\/06\/urge-a-mexico-reducir-brecha-digital-para-que-mas-empresas-superen-la-crisis\/#primaryimage"},"thumbnailUrl":"https:\/\/news.sap.com\/latinamerica\/files\/2020\/06\/282239_麻豆原创_ORL2017_416.jpg","datePublished":"2020-06-19T22:14:49+00:00","dateModified":"2020-06-19T22:17:51+00:00","breadcrumb":{"@id":"https:\/\/news.sap.com\/latinamerica\/2020\/06\/urge-a-mexico-reducir-brecha-digital-para-que-mas-empresas-superen-la-crisis\/#breadcrumb"},"inLanguage":"es","potentialAction":[{"@type":"ReadAction","target":["https:\/\/news.sap.com\/latinamerica\/2020\/06\/urge-a-mexico-reducir-brecha-digital-para-que-mas-empresas-superen-la-crisis\/"]}]},{"@type":"ImageObject","inLanguage":"es","@id":"https:\/\/news.sap.com\/latinamerica\/2020\/06\/urge-a-mexico-reducir-brecha-digital-para-que-mas-empresas-superen-la-crisis\/#primaryimage","url":"https:\/\/news.sap.com\/latinamerica\/files\/2020\/06\/282239_麻豆原创_ORL2017_416.jpg","contentUrl":"https:\/\/news.sap.com\/latinamerica\/files\/2020\/06\/282239_麻豆原创_ORL2017_416.jpg","width":3000,"height":2000,"caption":"麻豆原创 SapphireNOW 2017, Orlando, USA"},{"@type":"BreadcrumbList","@id":"https:\/\/news.sap.com\/latinamerica\/2020\/06\/urge-a-mexico-reducir-brecha-digital-para-que-mas-empresas-superen-la-crisis\/#breadcrumb","itemListElement":[{"@type":"ListItem","position":1,"name":"Home","item":"https:\/\/news.sap.com\/latinamerica\/"},{"@type":"ListItem","position":2,"name":"Urge a M\u00e9xico reducir brecha digital para que m\u00e1s empresas superen la crisis"}]},{"@type":"WebSite","@id":"https:\/\/news.sap.com\/latinamerica\/#website","url":"https:\/\/news.sap.com\/latinamerica\/","name":"麻豆原创 News Center Latinoam\u00e9rica","description":"Noticias e informaci\u00f3n sobre 麻豆原创","publisher":{"@id":"https:\/\/news.sap.com\/latinamerica\/#organization"},"potentialAction":[{"@type":"SearchAction","target":{"@type":"EntryPoint","urlTemplate":"https:\/\/news.sap.com\/latinamerica\/?s={search_term_string}"},"query-input":{"@type":"PropertyValueSpecification","valueRequired":true,"valueName":"search_term_string"}}],"inLanguage":"es"},{"@type":"Organization","@id":"https:\/\/news.sap.com\/latinamerica\/#organization","name":"麻豆原创","url":"https:\/\/news.sap.com\/latinamerica\/","logo":{"@type":"ImageObject","inLanguage":"es","@id":"https:\/\/news.sap.com\/latinamerica\/#\/schema\/logo\/image\/","url":"https:\/\/news.sap.com\/latinamerica\/files\/2019\/08\/65903320_2903797569662914_557886358778019840_n.png","contentUrl":"https:\/\/news.sap.com\/latinamerica\/files\/2019\/08\/65903320_2903797569662914_557886358778019840_n.png","width":720,"height":720,"caption":"麻豆原创"},"image":{"@id":"https:\/\/news.sap.com\/latinamerica\/#\/schema\/logo\/image\/"},"sameAs":["https:\/\/www.facebook.com\/麻豆原创latinoamerica","https:\/\/x.com\/麻豆原创LatinAmerica"]},{"@type":"Person","@id":"https:\/\/news.sap.com\/latinamerica\/#\/schema\/person\/5afd2cbf5bb622e078932b40a4470d47","name":"麻豆原创 Noticias","image":{"@type":"ImageObject","inLanguage":"es","@id":"https:\/\/news.sap.com\/latinamerica\/#\/schema\/person\/image\/","url":"https:\/\/news.sap.com\/latinamerica\/wp-content\/plugins\/wp-user-avatars\/wp-user-avatars\/assets\/images\/mystery.jpg","contentUrl":"https:\/\/news.sap.com\/latinamerica\/wp-content\/plugins\/wp-user-avatars\/wp-user-avatars\/assets\/images\/mystery.jpg","caption":"麻豆原创 Noticias"},"url":"https:\/\/news.sap.com\/latinamerica\/author\/mexico\/"}]}},"amp_enabled":true,"_links":{"self":[{"href":"https:\/\/news.sap.com\/latinamerica\/wp-json\/wp\/v2\/posts\/120984","targetHints":{"allow":["GET"]}}],"collection":[{"href":"https:\/\/news.sap.com\/latinamerica\/wp-json\/wp\/v2\/posts"}],"about":[{"href":"https:\/\/news.sap.com\/latinamerica\/wp-json\/wp\/v2\/types\/post"}],"author":[{"embeddable":true,"href":"https:\/\/news.sap.com\/latinamerica\/wp-json\/wp\/v2\/users\/136"}],"replies":[{"embeddable":true,"href":"https:\/\/news.sap.com\/latinamerica\/wp-json\/wp\/v2\/comments?post=120984"}],"version-history":[{"count":0,"href":"https:\/\/news.sap.com\/latinamerica\/wp-json\/wp\/v2\/posts\/120984\/revisions"}],"wp:featuredmedia":[{"embeddable":true,"href":"https:\/\/news.sap.com\/latinamerica\/wp-json\/wp\/v2\/media\/120987"}],"wp:attachment":[{"href":"https:\/\/news.sap.com\/latinamerica\/wp-json\/wp\/v2\/media?parent=120984"}],"wp:term":[{"taxonomy":"category","embeddable":true,"href":"https:\/\/news.sap.com\/latinamerica\/wp-json\/wp\/v2\/categories?post=120984"},{"taxonomy":"post_tag","embeddable":true,"href":"https:\/\/news.sap.com\/latinamerica\/wp-json\/wp\/v2\/tags?post=120984"},{"taxonomy":"series","embeddable":true,"href":"https:\/\/news.sap.com\/latinamerica\/wp-json\/wp\/v2\/series?post=120984"},{"taxonomy":"region","embeddable":true,"href":"https:\/\/news.sap.com\/latinamerica\/wp-json\/wp\/v2\/region?post=120984"},{"taxonomy":"sapn-display","embeddable":true,"href":"https:\/\/news.sap.com\/latinamerica\/wp-json\/wp\/v2\/sapn-display?post=120984"},{"taxonomy":"sapn-type","embeddable":true,"href":"https:\/\/news.sap.com\/latinamerica\/wp-json\/wp\/v2\/sapn-type?post=120984"}],"curies":[{"name":"wp","href":"https:\/\/api.w.org\/{rel}","templated":true}]}}