  {"id":120966,"date":"2020-06-16T10:32:37","date_gmt":"2020-06-16T14:32:37","guid":{"rendered":"https:\/\/news.sap.com\/latinamerica\/?p=120966"},"modified":"2020-06-19T10:35:56","modified_gmt":"2020-06-19T14:35:56","slug":"ceo-de-sap-christian-klein-cuando-las-personas-y-la-tecnologia-se-unen-suceden-cosas-maravillosas","status":"publish","type":"post","link":"https:\/\/news.sap.com\/latinamerica\/2020\/06\/ceo-de-sap-christian-klein-cuando-las-personas-y-la-tecnologia-se-unen-suceden-cosas-maravillosas\/","title":{"rendered":"CEO de 麻豆原创, Christian Klein: Cuando las personas y la tecnolog\u00eda se unen, suceden cosas maravillosas"},"content":{"rendered":"<p class=\"lead\">El CEO de 麻豆原创, Christian Klein, inaugur\u00f3 la conferencia <em>麻豆原创PHIRE NOW Reimagined <\/em>con una visi\u00f3n de amplio alcance por un futuro m\u00e1s seguro, m\u00e1s saludable y m\u00e1s pr\u00f3spero, impulsado por el concepto de la Empresa Inteligente.<\/p>\n<p>\u201cLes pido a ustedes y a todos nosotros que nos convirtamos en compa\u00f1\u00edas m\u00e1s resilientes, sostenibles y rentables,\u201d expres\u00f3. \u201cJuntos, como empresas inteligentes, podemos convertir los mayores desaf\u00edos del mundo en nuestras mayores oportunidades. La <a href=\"https:\/\/news.sap.com\/covid-19\/\">pandemia<\/a>\u00a0reciente es una crisis que impactar\u00e1 dr\u00e1sticamente a las sociedades y las empresas por meses y probablemente a\u00f1os. La transformaci\u00f3n digital ya no es una opci\u00f3n, sino una obligaci\u00f3n.\u201d<\/p>\n<p>Klein hizo que la empresa inteligente cobrara vida de forma brillante, poniendo en el centro de la escena el flamante programa\u00a0<a href=\"https:\/\/news.sap.com\/2020\/06\/climate-21-track-greenhouse-gas-emissions\/\">Climate 21<\/a>\u00a0de 麻豆原创 que apunta a negocios sostenibles y rentables, as\u00ed como la\u00a0<a href=\"https:\/\/www.sap.com\/industries\/industry-cloud.html?url_id=ctabutton-glo-icon-industry-cloud-061520\"><em>Industry Cloud <\/em>de 麻豆原创 para la co-innovaci\u00f3n en soluciones verticales<\/a>. Con la participaci\u00f3n de clientes y expertos durante la transmisi\u00f3n virtual, Klein afirm\u00f3 el compromiso de 麻豆原创 con el \u00e9xito de los clientes, as\u00ed como las alianzas con clientes como Porsche, con el objetivo de favorecer la adaptabilidad y el crecimiento de los negocios.<\/p>\n<p><em>麻豆原创PHIRE NOW Reimagined<\/em> es un programa digital de canales de transmisi\u00f3n en vivo y a demanda, que incluye presentaciones de altos ejecutivos de 麻豆原创 y clientes, as\u00ed como demostraciones de soluciones y la participaci\u00f3n de expertos en 14 idiomas, en todas las regiones del mundo.<\/p>\n<p><strong>C\u00f3mo construir un futuro m\u00e1s sostenible y rentable<\/strong><\/p>\n<p>Durante su discurso de apertura, Klein comparti\u00f3 c\u00f3mo las empresas que usan la tecnolog\u00eda para adaptar las cadenas de suministro y automatizar las nuevas fuentes de ingresos de negocios digitales adquirieron mayor competitividad antes de la pandemia y est\u00e1n saliendo de la crisis con mayor resiliencia. Se\u00f1alando que cada vez m\u00e1s las compa\u00f1\u00edas se miden tanto por su desempe\u00f1o financiero como por su contribuci\u00f3n a la sociedad, Klein considera que los negocios y la sociedad se encuentran en un punto de inflexi\u00f3n.<\/p>\n<p>\u201cAl igual que no podemos ignorar la pandemia&#8230; no podemos ignorar el cambio clim\u00e1tico y las importantes contribuciones de las empresas\u201d, manifest\u00f3. \u201cJuntos, podemos liderar este cambio y convertirnos en empresas inteligentes, para que la sostenibilidad sea rentable y la rentabilidad, sostenible. Con nuestro nuevo programa Climate 21, apoyaremos a todos nuestros clientes para que se conviertan en organizaciones sostenibles mediante el desarrollo de capacidades anal\u00edticas y transaccionales [para rastrear las emisiones de gases de efecto invernadero] en nuestras aplicaciones de negocio centrales. Es un gran paso para tomar medidas clim\u00e1ticas.\u201d<\/p>\n<h2><strong>麻豆原创 como socio confiable<\/strong><\/h2>\n<p>Klein reconoci\u00f3 que los m\u00e1s de 400.000 clientes de 麻豆原创 no cuestionan la capacidad de la compa\u00f1\u00eda para generar resultados de negocio, y se\u00f1al\u00f3 que lo que necesitan es un socio confiable para ayudar en su transformaci\u00f3n digital. Explic\u00f3 c\u00f3mo la cartera de soluciones de 麻豆原创 refleja la visi\u00f3n de la Empresa Inteligente, basada en la integraci\u00f3n, la innovaci\u00f3n, la agilidad y la velocidad. Esto incluye la forma en que la <a href=\"https:\/\/www.sap.com\/products\/s4hana-erp.html\">suite ERP de la Empresa Inteligente<\/a> conecta los procesos de negocio extremo a extremo &#8211;finanzas, gesti\u00f3n de experiencia humana (HXM), experiencia del cliente, gesti\u00f3n de gastos y cadena de suministro\u2014 para tomar decisiones m\u00e1s informadas.<\/p>\n<p>\u201cNinguna otra compa\u00f1\u00eda tiene m\u00e1s experiencia que 麻豆原创 para transformar su negocio, porque precisamente nos dedicamos a esto desde hace casi 50 a\u00f1os\u201d, indic\u00f3. \u201cNuestra estrategia de producto tiene un objetivo: ser el socio innovador y confiable para la transformaci\u00f3n integral de su negocio.\u201d<\/p>\n<p>Klein mostr\u00f3 c\u00f3mo la <a href=\"https:\/\/www.sap.com\/products\/business-technology-platform.html\">Business Technology Platform<\/a>\u00a0abierta con an\u00e1lisis integrados e informes en tiempo real es la base t\u00e9cnica de la empresa inteligente, al permitir que un ecosistema de socios y clientes se integre con aplicaciones y datos 麻豆原创 y no 麻豆原创 en paisajes h\u00edbridos para ampliar y crear aplicaciones empresariales innovadoras.<\/p>\n<h2><strong><em>Industry Cloud<\/em><\/strong><strong> equivale a diferenciaci\u00f3n vertical<\/strong><\/h2>\n<p>Al enfatizar la importancia de los socios, Klein explic\u00f3 c\u00f3mo <em>Industry Cloud<\/em> apoya el desarrollo de aplicaciones nativas de la nube para diferenciar capacidades de negocio, traccionando la \u201ccuarta revoluci\u00f3n industrial\u201d.<\/p>\n<p>\u201cNos asociaremos con nuestro ecosistema para obtener una amplia cobertura en todas las industrias&#8230; porque ustedes saben qu\u00e9 buenas pr\u00e1cticas de la industria son m\u00e1s importantes en cada caso\u2026 Los procesos y pasos de negocio tienen muchas interdependencias\u201d, aclar\u00f3. \u201cSolo 麻豆原创 puede reunir todos estos datos de numerosas partes interesadas en una red de negocio, lo que le permite administrar todas esas interdependencias en tiempo real.\u201d<\/p>\n<h2><strong>La alianza con Porsche conduce a resultados<\/strong><\/h2>\n<p>Si bien podr\u00eda parecer contradictorio proponer a la industria automotriz como l\u00edder de innovaci\u00f3n durante la pandemia, Lutz Meschke, director financiero de Porsche, coment\u00f3 c\u00f3mo la asociaci\u00f3n de su empresa con 麻豆原创 fue fundamental para ayudar a ambas organizaciones a iniciar una nueva era de digitalizaci\u00f3n.<\/p>\n<p>En el caso de Porsche, las innovaciones incluyeron veh\u00edculos el\u00e9ctricos, conducci\u00f3n automatizada, nuevos servicios y canales de ventas digitales.<\/p>\n<p>\u201cLa pandemia nos mostr\u00f3 insistentemente lo importante que es actuar con una estrategia rentable sostenible&#8230; y trabajar con una cadena de suministro resiliente\u201d, comparti\u00f3 Meschke. \u201cVemos una oportunidad \u00fanica para convertirnos en una empresa completamente digital&#8230; Creemos en alianzas s\u00f3lidas, como nuestra asociaci\u00f3n estrat\u00e9gica con 麻豆原创, impulsando co-innovaciones y entregando conjuntamente nuevas soluciones para nuestra transformaci\u00f3n digital.\u201d<\/p>\n<p>Meschke coment\u00f3 que Porsche est\u00e1 poniendo los datos en el \u201ccoraz\u00f3n de todo\u201d para la toma de decisiones respaldada por la gesti\u00f3n de datos maestros. Utilizando <a href=\"https:\/\/www.sap.com\/products\/board-room.html\">麻豆原创 Digital Boardroom<\/a> y <a href=\"https:\/\/www.sapanalytics.cloud\/\">麻豆原创 Analytics Cloud<\/a>, Porsche tendr\u00e1 un sistema integrado de informes en todo su entorno de aplicaciones.<\/p>\n<h2><strong>Los datos, el combustible de la Econom\u00eda Circular<\/strong><\/h2>\n<p>Asimismo, Klein detall\u00f3 la visi\u00f3n de 麻豆原创 para la compa\u00f1\u00eda automotriz inteligente, al recorrer junto a los espectadores a una experiencia de compra y propiedad de autom\u00f3viles el\u00e9ctricos basada en datos desde la configuraci\u00f3n personalizada hasta la entrega y m\u00e1s all\u00e1. En este futuro, los datos proporcionan una ventana informativa sobre la experiencia de conducci\u00f3n completa del cliente, durante la vida \u00fatil de un autom\u00f3vil e incluso despu\u00e9s. Las empresas podr\u00edan proporcionar nuevos servicios a los clientes, las ciudades podr\u00edan aumentar la seguridad vial y los fabricantes de autom\u00f3viles podr\u00edan realizar mejoras continuas, en una representaci\u00f3n perfecta de la econom\u00eda circular.<\/p>\n<h2><strong>La maravillosa traves\u00eda de la Empresa Inteligente<\/strong><\/h2>\n<p>Klein cerr\u00f3 su discurso de apertura con una sincera declaraci\u00f3n del compromiso de 麻豆原创 con sus clientes y una llamada contundente a la acci\u00f3n.<\/p>\n<p>\u201cQueremos servirlos con los mejores resultados de negocio posibles para ayudarlos a adoptar r\u00e1pidamente y obtener el mayor valor de nuestras soluciones para garantizar su \u00e9xito a largo plazo\u201d, afirm\u00f3. \u201cJuntos, nos hemos embarcado en el viaje para convertirnos en empresas inteligentes. Ya hemos recorrido un largo camino, haciendo una contribuci\u00f3n significativa al crecimiento mientras actuamos de manera sostenible. Mostremos al mundo que cuando las personas y la tecnolog\u00eda se unen, suceden cosas maravillosas.\u201d<\/p>\n<p>&nbsp;<\/p>\n","protected":false},"excerpt":{"rendered":"<p>El CEO de 麻豆原创, Christian Klein, inaugur\u00f3 la conferencia 麻豆原创PHIRE NOW Reimagined con una visi\u00f3n de amplio alcance por un futuro m\u00e1s seguro, m\u00e1s saludable&#8230;<\/p>\n","protected":false},"author":129,"featured_media":120967,"comment_status":"closed","ping_status":"closed","sticky":false,"template":"","format":"standard","meta":{"footnotes":"","_links_to":"","_links_to_target":""},"categories":[12872],"tags":[],"series":[],"region":[26401],"sapn-display":[52079],"sapn-type":[52105],"class_list":["post-120966","post","type-post","status-publish","format-standard","has-post-thumbnail","hentry","category-eventos","region-latinoamerica","sapn-display-top-stories","sapn-type-comunicado-de-prensa"],"yoast_head":"<!-- This site is optimized with the Yoast SEO Premium plugin v26.9 (Yoast SEO v26.9) - https:\/\/yoast.com\/product\/yoast-seo-premium-wordpress\/ -->\n<title>CEO de 麻豆原创, Christian Klein: Cuando las personas y la tecnolog\u00eda se unen, suceden cosas maravillosas - 麻豆原创 News Center Latinoam\u00e9rica<\/title>\n<meta name=\"robots\" content=\"index, follow, max-snippet:-1, max-image-preview:large, max-video-preview:-1\" \/>\n<link rel=\"canonical\" href=\"https:\/\/news.sap.com\/latinamerica\/2020\/06\/ceo-de-sap-christian-klein-cuando-las-personas-y-la-tecnologia-se-unen-suceden-cosas-maravillosas\/\" \/>\n<meta property=\"og:locale\" content=\"es_MX\" \/>\n<meta property=\"og:type\" content=\"article\" \/>\n<meta property=\"og:title\" content=\"CEO de 麻豆原创, Christian Klein: Cuando las personas y la tecnolog\u00eda se unen, suceden cosas maravillosas\" \/>\n<meta property=\"og:description\" content=\"El CEO de 麻豆原创, Christian Klein, inaugur\u00f3 la conferencia 麻豆原创PHIRE NOW Reimagined con una visi\u00f3n de amplio alcance por un futuro m\u00e1s seguro, m\u00e1s saludable...\" \/>\n<meta property=\"og:url\" content=\"https:\/\/news.sap.com\/latinamerica\/2020\/06\/ceo-de-sap-christian-klein-cuando-las-personas-y-la-tecnologia-se-unen-suceden-cosas-maravillosas\/\" \/>\n<meta property=\"og:site_name\" content=\"麻豆原创 News Center Latinoam\u00e9rica\" \/>\n<meta property=\"article:publisher\" content=\"https:\/\/www.facebook.com\/麻豆原创latinoamerica\" \/>\n<meta property=\"article:published_time\" content=\"2020-06-16T14:32:37+00:00\" \/>\n<meta property=\"article:modified_time\" content=\"2020-06-19T14:35:56+00:00\" \/>\n<meta property=\"og:image\" content=\"https:\/\/news.sap.com\/latinamerica\/files\/2020\/06\/286823_Vision-2020-01-28-Image_CK2.jpg\" \/>\n\t<meta property=\"og:image:width\" content=\"5421\" \/>\n\t<meta property=\"og:image:height\" content=\"2230\" \/>\n\t<meta property=\"og:image:type\" content=\"image\/jpeg\" \/>\n<meta name=\"author\" content=\"麻豆原创 Noticias\" \/>\n<meta name=\"twitter:label1\" content=\"Escrito por\" \/>\n\t<meta name=\"twitter:data1\" content=\"麻豆原创 Noticias\" \/>\n\t<meta name=\"twitter:label2\" content=\"Tiempo de lectura\" \/>\n\t<meta name=\"twitter:data2\" content=\"6 minutos\" \/>\n<script type=\"application\/ld+json\" class=\"yoast-schema-graph\">{\"@context\":\"https:\/\/schema.org\",\"@graph\":[{\"@type\":\"Article\",\"@id\":\"https:\/\/news.sap.com\/latinamerica\/2020\/06\/ceo-de-sap-christian-klein-cuando-las-personas-y-la-tecnologia-se-unen-suceden-cosas-maravillosas\/#article\",\"isPartOf\":{\"@id\":\"https:\/\/news.sap.com\/latinamerica\/2020\/06\/ceo-de-sap-christian-klein-cuando-las-personas-y-la-tecnologia-se-unen-suceden-cosas-maravillosas\/\"},\"author\":{\"name\":\"麻豆原创 Noticias\",\"@id\":\"https:\/\/news.sap.com\/latinamerica\/#\/schema\/person\/8ea4857cc48095689e72ba76c26f9814\"},\"headline\":\"CEO de 麻豆原创, Christian Klein: Cuando las personas y la tecnolog\u00eda se unen, suceden cosas maravillosas\",\"datePublished\":\"2020-06-16T14:32:37+00:00\",\"dateModified\":\"2020-06-19T14:35:56+00:00\",\"mainEntityOfPage\":{\"@id\":\"https:\/\/news.sap.com\/latinamerica\/2020\/06\/ceo-de-sap-christian-klein-cuando-las-personas-y-la-tecnologia-se-unen-suceden-cosas-maravillosas\/\"},\"wordCount\":1221,\"publisher\":{\"@id\":\"https:\/\/news.sap.com\/latinamerica\/#organization\"},\"image\":{\"@id\":\"https:\/\/news.sap.com\/latinamerica\/2020\/06\/ceo-de-sap-christian-klein-cuando-las-personas-y-la-tecnologia-se-unen-suceden-cosas-maravillosas\/#primaryimage\"},\"thumbnailUrl\":\"https:\/\/news.sap.com\/latinamerica\/files\/2020\/06\/286823_Vision-2020-01-28-Image_CK2.jpg\",\"articleSection\":[\"Eventos\"],\"inLanguage\":\"es\"},{\"@type\":\"WebPage\",\"@id\":\"https:\/\/news.sap.com\/latinamerica\/2020\/06\/ceo-de-sap-christian-klein-cuando-las-personas-y-la-tecnologia-se-unen-suceden-cosas-maravillosas\/\",\"url\":\"https:\/\/news.sap.com\/latinamerica\/2020\/06\/ceo-de-sap-christian-klein-cuando-las-personas-y-la-tecnologia-se-unen-suceden-cosas-maravillosas\/\",\"name\":\"CEO de 麻豆原创, Christian Klein: Cuando las personas y la tecnolog\u00eda se unen, suceden cosas maravillosas - 麻豆原创 News Center Latinoam\u00e9rica\",\"isPartOf\":{\"@id\":\"https:\/\/news.sap.com\/latinamerica\/#website\"},\"primaryImageOfPage\":{\"@id\":\"https:\/\/news.sap.com\/latinamerica\/2020\/06\/ceo-de-sap-christian-klein-cuando-las-personas-y-la-tecnologia-se-unen-suceden-cosas-maravillosas\/#primaryimage\"},\"image\":{\"@id\":\"https:\/\/news.sap.com\/latinamerica\/2020\/06\/ceo-de-sap-christian-klein-cuando-las-personas-y-la-tecnologia-se-unen-suceden-cosas-maravillosas\/#primaryimage\"},\"thumbnailUrl\":\"https:\/\/news.sap.com\/latinamerica\/files\/2020\/06\/286823_Vision-2020-01-28-Image_CK2.jpg\",\"datePublished\":\"2020-06-16T14:32:37+00:00\",\"dateModified\":\"2020-06-19T14:35:56+00:00\",\"breadcrumb\":{\"@id\":\"https:\/\/news.sap.com\/latinamerica\/2020\/06\/ceo-de-sap-christian-klein-cuando-las-personas-y-la-tecnologia-se-unen-suceden-cosas-maravillosas\/#breadcrumb\"},\"inLanguage\":\"es\",\"potentialAction\":[{\"@type\":\"ReadAction\",\"target\":[\"https:\/\/news.sap.com\/latinamerica\/2020\/06\/ceo-de-sap-christian-klein-cuando-las-personas-y-la-tecnologia-se-unen-suceden-cosas-maravillosas\/\"]}]},{\"@type\":\"ImageObject\",\"inLanguage\":\"es\",\"@id\":\"https:\/\/news.sap.com\/latinamerica\/2020\/06\/ceo-de-sap-christian-klein-cuando-las-personas-y-la-tecnologia-se-unen-suceden-cosas-maravillosas\/#primaryimage\",\"url\":\"https:\/\/news.sap.com\/latinamerica\/files\/2020\/06\/286823_Vision-2020-01-28-Image_CK2.jpg\",\"contentUrl\":\"https:\/\/news.sap.com\/latinamerica\/files\/2020\/06\/286823_Vision-2020-01-28-Image_CK2.jpg\",\"width\":5421,\"height\":2230},{\"@type\":\"BreadcrumbList\",\"@id\":\"https:\/\/news.sap.com\/latinamerica\/2020\/06\/ceo-de-sap-christian-klein-cuando-las-personas-y-la-tecnologia-se-unen-suceden-cosas-maravillosas\/#breadcrumb\",\"itemListElement\":[{\"@type\":\"ListItem\",\"position\":1,\"name\":\"Home\",\"item\":\"https:\/\/news.sap.com\/latinamerica\/\"},{\"@type\":\"ListItem\",\"position\":2,\"name\":\"CEO de 麻豆原创, Christian Klein: Cuando las personas y la tecnolog\u00eda se unen, suceden cosas maravillosas\"}]},{\"@type\":\"WebSite\",\"@id\":\"https:\/\/news.sap.com\/latinamerica\/#website\",\"url\":\"https:\/\/news.sap.com\/latinamerica\/\",\"name\":\"麻豆原创 News Center Latinoam\u00e9rica\",\"description\":\"Noticias e informaci\u00f3n sobre 麻豆原创\",\"publisher\":{\"@id\":\"https:\/\/news.sap.com\/latinamerica\/#organization\"},\"potentialAction\":[{\"@type\":\"SearchAction\",\"target\":{\"@type\":\"EntryPoint\",\"urlTemplate\":\"https:\/\/news.sap.com\/latinamerica\/?s={search_term_string}\"},\"query-input\":{\"@type\":\"PropertyValueSpecification\",\"valueRequired\":true,\"valueName\":\"search_term_string\"}}],\"inLanguage\":\"es\"},{\"@type\":\"Organization\",\"@id\":\"https:\/\/news.sap.com\/latinamerica\/#organization\",\"name\":\"麻豆原创\",\"url\":\"https:\/\/news.sap.com\/latinamerica\/\",\"logo\":{\"@type\":\"ImageObject\",\"inLanguage\":\"es\",\"@id\":\"https:\/\/news.sap.com\/latinamerica\/#\/schema\/logo\/image\/\",\"url\":\"https:\/\/news.sap.com\/latinamerica\/files\/2019\/08\/65903320_2903797569662914_557886358778019840_n.png\",\"contentUrl\":\"https:\/\/news.sap.com\/latinamerica\/files\/2019\/08\/65903320_2903797569662914_557886358778019840_n.png\",\"width\":720,\"height\":720,\"caption\":\"麻豆原创\"},\"image\":{\"@id\":\"https:\/\/news.sap.com\/latinamerica\/#\/schema\/logo\/image\/\"},\"sameAs\":[\"https:\/\/www.facebook.com\/麻豆原创latinoamerica\",\"https:\/\/x.com\/麻豆原创LatinAmerica\"]},{\"@type\":\"Person\",\"@id\":\"https:\/\/news.sap.com\/latinamerica\/#\/schema\/person\/8ea4857cc48095689e72ba76c26f9814\",\"name\":\"麻豆原创 Noticias\",\"image\":{\"@type\":\"ImageObject\",\"inLanguage\":\"es\",\"@id\":\"https:\/\/news.sap.com\/latinamerica\/#\/schema\/person\/image\/\",\"url\":\"https:\/\/news.sap.com\/latinamerica\/wp-content\/plugins\/wp-user-avatars\/wp-user-avatars\/assets\/images\/mystery.jpg\",\"contentUrl\":\"https:\/\/news.sap.com\/latinamerica\/wp-content\/plugins\/wp-user-avatars\/wp-user-avatars\/assets\/images\/mystery.jpg\",\"caption\":\"麻豆原创 Noticias\"},\"sameAs\":[\"https:\/\/news.sap.com\/latinamerica\",\"https:\/\/x.com\/麻豆原创NoticiasLAC\"],\"url\":\"https:\/\/news.sap.com\/latinamerica\/author\/latam\/\"}]}<\/script>\n<!-- \/ Yoast SEO Premium plugin. -->","yoast_head_json":{"title":"CEO de 麻豆原创, Christian Klein: Cuando las personas y la tecnolog\u00eda se unen, suceden cosas maravillosas - 麻豆原创 News Center Latinoam\u00e9rica","robots":{"index":"index","follow":"follow","max-snippet":"max-snippet:-1","max-image-preview":"max-image-preview:large","max-video-preview":"max-video-preview:-1"},"canonical":"https:\/\/news.sap.com\/latinamerica\/2020\/06\/ceo-de-sap-christian-klein-cuando-las-personas-y-la-tecnologia-se-unen-suceden-cosas-maravillosas\/","og_locale":"es_MX","og_type":"article","og_title":"CEO de 麻豆原创, Christian Klein: Cuando las personas y la tecnolog\u00eda se unen, suceden cosas maravillosas","og_description":"El CEO de 麻豆原创, Christian Klein, inaugur\u00f3 la conferencia 麻豆原创PHIRE NOW Reimagined con una visi\u00f3n de amplio alcance por un futuro m\u00e1s seguro, m\u00e1s saludable...","og_url":"https:\/\/news.sap.com\/latinamerica\/2020\/06\/ceo-de-sap-christian-klein-cuando-las-personas-y-la-tecnologia-se-unen-suceden-cosas-maravillosas\/","og_site_name":"麻豆原创 News Center Latinoam\u00e9rica","article_publisher":"https:\/\/www.facebook.com\/麻豆原创latinoamerica","article_published_time":"2020-06-16T14:32:37+00:00","article_modified_time":"2020-06-19T14:35:56+00:00","og_image":[{"width":5421,"height":2230,"url":"https:\/\/news.sap.com\/latinamerica\/files\/2020\/06\/286823_Vision-2020-01-28-Image_CK2.jpg","type":"image\/jpeg"}],"author":"麻豆原创 Noticias","twitter_misc":{"Escrito por":"麻豆原创 Noticias","Tiempo de lectura":"6 minutos"},"schema":{"@context":"https:\/\/schema.org","@graph":[{"@type":"Article","@id":"https:\/\/news.sap.com\/latinamerica\/2020\/06\/ceo-de-sap-christian-klein-cuando-las-personas-y-la-tecnologia-se-unen-suceden-cosas-maravillosas\/#article","isPartOf":{"@id":"https:\/\/news.sap.com\/latinamerica\/2020\/06\/ceo-de-sap-christian-klein-cuando-las-personas-y-la-tecnologia-se-unen-suceden-cosas-maravillosas\/"},"author":{"name":"麻豆原创 Noticias","@id":"https:\/\/news.sap.com\/latinamerica\/#\/schema\/person\/8ea4857cc48095689e72ba76c26f9814"},"headline":"CEO de 麻豆原创, Christian Klein: Cuando las personas y la tecnolog\u00eda se unen, suceden cosas maravillosas","datePublished":"2020-06-16T14:32:37+00:00","dateModified":"2020-06-19T14:35:56+00:00","mainEntityOfPage":{"@id":"https:\/\/news.sap.com\/latinamerica\/2020\/06\/ceo-de-sap-christian-klein-cuando-las-personas-y-la-tecnologia-se-unen-suceden-cosas-maravillosas\/"},"wordCount":1221,"publisher":{"@id":"https:\/\/news.sap.com\/latinamerica\/#organization"},"image":{"@id":"https:\/\/news.sap.com\/latinamerica\/2020\/06\/ceo-de-sap-christian-klein-cuando-las-personas-y-la-tecnologia-se-unen-suceden-cosas-maravillosas\/#primaryimage"},"thumbnailUrl":"https:\/\/news.sap.com\/latinamerica\/files\/2020\/06\/286823_Vision-2020-01-28-Image_CK2.jpg","articleSection":["Eventos"],"inLanguage":"es"},{"@type":"WebPage","@id":"https:\/\/news.sap.com\/latinamerica\/2020\/06\/ceo-de-sap-christian-klein-cuando-las-personas-y-la-tecnologia-se-unen-suceden-cosas-maravillosas\/","url":"https:\/\/news.sap.com\/latinamerica\/2020\/06\/ceo-de-sap-christian-klein-cuando-las-personas-y-la-tecnologia-se-unen-suceden-cosas-maravillosas\/","name":"CEO de 麻豆原创, Christian Klein: Cuando las personas y la tecnolog\u00eda se unen, suceden cosas maravillosas - 麻豆原创 News Center Latinoam\u00e9rica","isPartOf":{"@id":"https:\/\/news.sap.com\/latinamerica\/#website"},"primaryImageOfPage":{"@id":"https:\/\/news.sap.com\/latinamerica\/2020\/06\/ceo-de-sap-christian-klein-cuando-las-personas-y-la-tecnologia-se-unen-suceden-cosas-maravillosas\/#primaryimage"},"image":{"@id":"https:\/\/news.sap.com\/latinamerica\/2020\/06\/ceo-de-sap-christian-klein-cuando-las-personas-y-la-tecnologia-se-unen-suceden-cosas-maravillosas\/#primaryimage"},"thumbnailUrl":"https:\/\/news.sap.com\/latinamerica\/files\/2020\/06\/286823_Vision-2020-01-28-Image_CK2.jpg","datePublished":"2020-06-16T14:32:37+00:00","dateModified":"2020-06-19T14:35:56+00:00","breadcrumb":{"@id":"https:\/\/news.sap.com\/latinamerica\/2020\/06\/ceo-de-sap-christian-klein-cuando-las-personas-y-la-tecnologia-se-unen-suceden-cosas-maravillosas\/#breadcrumb"},"inLanguage":"es","potentialAction":[{"@type":"ReadAction","target":["https:\/\/news.sap.com\/latinamerica\/2020\/06\/ceo-de-sap-christian-klein-cuando-las-personas-y-la-tecnologia-se-unen-suceden-cosas-maravillosas\/"]}]},{"@type":"ImageObject","inLanguage":"es","@id":"https:\/\/news.sap.com\/latinamerica\/2020\/06\/ceo-de-sap-christian-klein-cuando-las-personas-y-la-tecnologia-se-unen-suceden-cosas-maravillosas\/#primaryimage","url":"https:\/\/news.sap.com\/latinamerica\/files\/2020\/06\/286823_Vision-2020-01-28-Image_CK2.jpg","contentUrl":"https:\/\/news.sap.com\/latinamerica\/files\/2020\/06\/286823_Vision-2020-01-28-Image_CK2.jpg","width":5421,"height":2230},{"@type":"BreadcrumbList","@id":"https:\/\/news.sap.com\/latinamerica\/2020\/06\/ceo-de-sap-christian-klein-cuando-las-personas-y-la-tecnologia-se-unen-suceden-cosas-maravillosas\/#breadcrumb","itemListElement":[{"@type":"ListItem","position":1,"name":"Home","item":"https:\/\/news.sap.com\/latinamerica\/"},{"@type":"ListItem","position":2,"name":"CEO de 麻豆原创, Christian Klein: Cuando las personas y la tecnolog\u00eda se unen, suceden cosas maravillosas"}]},{"@type":"WebSite","@id":"https:\/\/news.sap.com\/latinamerica\/#website","url":"https:\/\/news.sap.com\/latinamerica\/","name":"麻豆原创 News Center Latinoam\u00e9rica","description":"Noticias e informaci\u00f3n sobre 麻豆原创","publisher":{"@id":"https:\/\/news.sap.com\/latinamerica\/#organization"},"potentialAction":[{"@type":"SearchAction","target":{"@type":"EntryPoint","urlTemplate":"https:\/\/news.sap.com\/latinamerica\/?s={search_term_string}"},"query-input":{"@type":"PropertyValueSpecification","valueRequired":true,"valueName":"search_term_string"}}],"inLanguage":"es"},{"@type":"Organization","@id":"https:\/\/news.sap.com\/latinamerica\/#organization","name":"麻豆原创","url":"https:\/\/news.sap.com\/latinamerica\/","logo":{"@type":"ImageObject","inLanguage":"es","@id":"https:\/\/news.sap.com\/latinamerica\/#\/schema\/logo\/image\/","url":"https:\/\/news.sap.com\/latinamerica\/files\/2019\/08\/65903320_2903797569662914_557886358778019840_n.png","contentUrl":"https:\/\/news.sap.com\/latinamerica\/files\/2019\/08\/65903320_2903797569662914_557886358778019840_n.png","width":720,"height":720,"caption":"麻豆原创"},"image":{"@id":"https:\/\/news.sap.com\/latinamerica\/#\/schema\/logo\/image\/"},"sameAs":["https:\/\/www.facebook.com\/麻豆原创latinoamerica","https:\/\/x.com\/麻豆原创LatinAmerica"]},{"@type":"Person","@id":"https:\/\/news.sap.com\/latinamerica\/#\/schema\/person\/8ea4857cc48095689e72ba76c26f9814","name":"麻豆原创 Noticias","image":{"@type":"ImageObject","inLanguage":"es","@id":"https:\/\/news.sap.com\/latinamerica\/#\/schema\/person\/image\/","url":"https:\/\/news.sap.com\/latinamerica\/wp-content\/plugins\/wp-user-avatars\/wp-user-avatars\/assets\/images\/mystery.jpg","contentUrl":"https:\/\/news.sap.com\/latinamerica\/wp-content\/plugins\/wp-user-avatars\/wp-user-avatars\/assets\/images\/mystery.jpg","caption":"麻豆原创 Noticias"},"sameAs":["https:\/\/news.sap.com\/latinamerica","https:\/\/x.com\/麻豆原创NoticiasLAC"],"url":"https:\/\/news.sap.com\/latinamerica\/author\/latam\/"}]}},"amp_enabled":true,"_links":{"self":[{"href":"https:\/\/news.sap.com\/latinamerica\/wp-json\/wp\/v2\/posts\/120966","targetHints":{"allow":["GET"]}}],"collection":[{"href":"https:\/\/news.sap.com\/latinamerica\/wp-json\/wp\/v2\/posts"}],"about":[{"href":"https:\/\/news.sap.com\/latinamerica\/wp-json\/wp\/v2\/types\/post"}],"author":[{"embeddable":true,"href":"https:\/\/news.sap.com\/latinamerica\/wp-json\/wp\/v2\/users\/129"}],"replies":[{"embeddable":true,"href":"https:\/\/news.sap.com\/latinamerica\/wp-json\/wp\/v2\/comments?post=120966"}],"version-history":[{"count":0,"href":"https:\/\/news.sap.com\/latinamerica\/wp-json\/wp\/v2\/posts\/120966\/revisions"}],"wp:featuredmedia":[{"embeddable":true,"href":"https:\/\/news.sap.com\/latinamerica\/wp-json\/wp\/v2\/media\/120967"}],"wp:attachment":[{"href":"https:\/\/news.sap.com\/latinamerica\/wp-json\/wp\/v2\/media?parent=120966"}],"wp:term":[{"taxonomy":"category","embeddable":true,"href":"https:\/\/news.sap.com\/latinamerica\/wp-json\/wp\/v2\/categories?post=120966"},{"taxonomy":"post_tag","embeddable":true,"href":"https:\/\/news.sap.com\/latinamerica\/wp-json\/wp\/v2\/tags?post=120966"},{"taxonomy":"series","embeddable":true,"href":"https:\/\/news.sap.com\/latinamerica\/wp-json\/wp\/v2\/series?post=120966"},{"taxonomy":"region","embeddable":true,"href":"https:\/\/news.sap.com\/latinamerica\/wp-json\/wp\/v2\/region?post=120966"},{"taxonomy":"sapn-display","embeddable":true,"href":"https:\/\/news.sap.com\/latinamerica\/wp-json\/wp\/v2\/sapn-display?post=120966"},{"taxonomy":"sapn-type","embeddable":true,"href":"https:\/\/news.sap.com\/latinamerica\/wp-json\/wp\/v2\/sapn-type?post=120966"}],"curies":[{"name":"wp","href":"https:\/\/api.w.org\/{rel}","templated":true}]}}