  {"id":120930,"date":"2020-06-17T12:44:58","date_gmt":"2020-06-17T16:44:58","guid":{"rendered":"https:\/\/news.sap.com\/latinamerica\/?p=120930"},"modified":"2023-11-14T14:55:09","modified_gmt":"2023-11-14T19:55:09","slug":"la-importancia-de-la-diversidad-y-la-inclusion-en-las-empresas-tecnologicas","status":"publish","type":"post","link":"https:\/\/news.sap.com\/latinamerica\/2020\/06\/la-importancia-de-la-diversidad-y-la-inclusion-en-las-empresas-tecnologicas\/","title":{"rendered":"La importancia de la diversidad y la inclusi\u00f3n en las empresas tecnol\u00f3gicas"},"content":{"rendered":"<p>&nbsp;<\/p>\n<ul>\n<li style=\"font-weight: 400\"><i><span style=\"font-weight: 400\">En M\u00e9xico, la comunidad LGBT+ asciende a m\u00e1s de 5.2 millones de personas, sin embargo, solo 50% de \u00e9stas es abierta sobre su orientaci\u00f3n sexual en el \u00e1mbito laboral\u00a0<\/span><\/i><\/li>\n<li style=\"font-weight: 400\"><span style=\"font-weight: 400\">Estudio enfocado en la inclusi\u00f3n en el sector tecnol\u00f3gico indica que<\/span><span style=\"font-weight: 400\"> los <\/span><span style=\"font-weight: 400\">equipos diversos toman mejores decisiones el 87% del tiempo<\/span><\/li>\n<\/ul>\n<p>&nbsp;<\/p>\n<p>&nbsp;<\/p>\n<p><b>CIUDAD DE M\u00c9XICO<\/b><b><i>, M\u00e9xico <\/i><\/b><b>a 17 de junio de 2020<\/b><span style=\"font-weight: 400\">.- De acuerdo al estudio LGBT 2020 de la consultora <\/span><a href=\"http:\/\/www.outnow.lgbt\/\"><span style=\"font-weight: 400\">Out Now<\/span><\/a><span style=\"font-weight: 400\">, en M\u00e9xico la poblaci\u00f3n LGBT+ asciende a m\u00e1s de 5.2 millones de personas. Sin embargo,\u00a0 50% de la poblaci\u00f3n mantiene en privado su orientaci\u00f3n sexual en el \u00e1mbito laboral para evitar discriminaci\u00f3n, de acuerdo con la <\/span><a href=\"https:\/\/www.adilmexico.com\/wp-content\/uploads\/2018\/08\/ResultadosEncuestaDivyTalLGBTADIL2018-1.pdf\"><span style=\"font-weight: 400\">Encuesta Diversidad y Talento LGBT en M\u00e9xico<\/span><\/a><span style=\"font-weight: 400\">.<\/span><\/p>\n<p><span style=\"font-weight: 400\">Ante esto, en los \u00faltimos a\u00f1os las empresas han fortalecido sus estrategias de gesti\u00f3n y atracci\u00f3n de talento enfocadas en abrazar las diferencias y fomentar espacios de trabajo m\u00e1s creativos,\u00a0 lo cual permea en los resultados y competitividad de las compa\u00f1\u00edas. Seg\u00fan datos del estudio <\/span><a href=\"https:\/\/www.mckinsey.com\/business-functions\/organization\/our-insights\/why-diversity-matters\"><i><span style=\"font-weight: 400\">Diversity Matters de McKinsey &amp; Company<\/span><\/i><\/a><i><span style=\"font-weight: 400\">,<\/span><\/i> <span style=\"font-weight: 400\">las empresas con una mayor diversidad son 35% m\u00e1s propensas a tener mejores resultados financieros.<\/span><\/p>\n<p><b>Inclusi\u00f3n en la industria tecnol\u00f3gica\u00a0<\/b><\/p>\n<p><span style=\"font-weight: 400\">A nivel global, existen Organizaciones No Gubernamentales (ONGs), que buscan promover y representar a la comunidad LGBT+ en la industria de la tecnolog\u00eda. Un ejemplo es\u00a0 <\/span><a href=\"https:\/\/www.inclusiveboards.co.uk\/lgbtq-inclusion-in-the-technology-industry\"><i><span style=\"font-weight: 400\">Out in Tech<\/span><\/i><span style=\"font-weight: 400\">,<\/span><\/a><span style=\"font-weight: 400\"> la cual re\u00fane a 30 mil miembros en todo el mundo con el objetivo de fortalecer la carrera profesional de sus miembros a trav\u00e9s de oportunidades de <\/span><i><span style=\"font-weight: 400\">networking<\/span><\/i><span style=\"font-weight: 400\">, talleres y conferencias. Asimismo, <\/span><i><span style=\"font-weight: 400\">Lesbians Who Tech<\/span><\/i><span style=\"font-weight: 400\"> es una comunidad alrededor de la industria tecnol\u00f3gica, que busca involucrar a mujeres en el sector de la tecnolog\u00eda, estableci\u00e9ndose como potenciales modelos a seguir. Asimismo, el estudio <\/span><a href=\"https:\/\/until.un.org\/sites\/default\/files\/UNTIL_Inclusion_and_Diversity_FINAL.pdf\"><span style=\"font-weight: 400\">Inclusion and Diversity: Tech it or leave IT<\/span><\/a><span style=\"font-weight: 400\"> indica que los equipos diversos dentro de las compa\u00f1\u00edas toman mejores decisiones 87% del tiempo.\u00a0<\/span><\/p>\n<blockquote><p><i><span style=\"font-weight: 400\">\u201cEn cualquier industria, contar con perspectivas y puntos de vista diferentes nos ayuda a impulsar la innovaci\u00f3n. En este momento tan particular, las empresas debemos de reforzar nuestros programas de diversidad ya que al contar con un talento diverso, motivado y comprometido se podr\u00e1 hacer frente a los nuevos retos de una forma m\u00e1s \u00e1gil\u201d,<\/span><\/i> <span style=\"font-weight: 400\">coment\u00f3<\/span> <b>Julia Isaurralde, directora de Recursos Humanos de 麻豆原创 M\u00e9xico.<\/b><\/p><\/blockquote>\n<p><span style=\"font-weight: 400\">En este sentido, Julia Isaurralde comparte tres recomendaciones para cerrar las brechas en la industria tecnol\u00f3gica:<\/span><\/p>\n<p>&nbsp;<\/p>\n<ul>\n<li><b>Identificar la existencia de sesgos inconscientes. <span style=\"font-weight: 400\">Estos pueden presentarse tanto en los equipos de trabajo como en la forma en que utilizamos la tecnolog\u00eda para buscar talento. Contar con herramientas como <\/span><span style=\"font-weight: 400\">麻豆原创 SuccessFactors Business Beyond Bias permite a los l\u00edderes de Recursos Humanos identificar y reducir el sesgo inconsciente en todo el ciclo de gesti\u00f3n de talento y tomar mejores decisiones que promuevan la inclusi\u00f3n y diversidad en las compa\u00f1\u00edas<\/span><\/b><\/li>\n<\/ul>\n<ul>\n<li>Involucrar a toda la organizaci\u00f3n. <span style=\"font-weight: 400\">Promover la creaci\u00f3n de redes de colaboradores y voluntarios con el objetivo de que se generen espacios de di\u00e1logo, concientizaci\u00f3n y respeto hacia todos los grupos de la sociedad\u00a0<\/span><\/li>\n<\/ul>\n<ul>\n<li>Promover la diversidad e inclusi\u00f3n desde los equipos directivos. <span style=\"font-weight: 400\">Los l\u00edderes de Recursos Humanos debemos hacer una autoevaluaci\u00f3n para identificar si est\u00e1n representadas todas las partes de la comunidad en los equipos directivos. Si esto no es as\u00ed, debemos saber qu\u00e9 impide que m\u00e1s personas de diferentes grupos logren puestos directivos y crear estrategias en funci\u00f3n a esto. Si la respuesta es afirmativa debemos evaluar si estas personas son un modelo a seguir entre el resto de los colaboradores. Ligado al punto anterior, los l\u00edderes de la compa\u00f1\u00eda deber\u00e1n involucrarse con las redes de apoyo como mentores y gu\u00edas. Esto podr\u00e1 generar un compromiso tangible que permee en el resto de la organizaci\u00f3n.\u00a0<\/span><\/li>\n<\/ul>\n<p>&nbsp;<\/p>\n<p><span style=\"font-weight: 400\">En M\u00e9xico destacan redes de colaboradores como <\/span><a href=\"https:\/\/news.sap.com\/latinamerica\/2018\/08\/diversidad-e-inclusion-en-sap-bl0g\/\"><span style=\"font-weight: 400\">Pride@麻豆原创.<\/span><\/a><span style=\"font-weight: 400\"> que naci\u00f3 en el 2001 en Alemania con el objetivo de construir puentes para impulsar entornos de tolerancia y reconocimiento, as\u00ed como para retener y atraer al mejor talento.\u00a0<\/span><\/p>\n<p><span style=\"font-weight: 400\">Este a\u00f1o, ante la contingencia sanitaria por la pandemia, diferentes empresas participar\u00e1n en las actividades remotas a celebrarse en el marco del Mes del Orgullo LGBT+, donde 麻豆原创 se une a la <\/span><a href=\"blank\"><span style=\"font-weight: 400\">Marcha Virtual<\/span><\/a><span style=\"font-weight: 400\"> organizada por Pride Connection M\u00e9xico, la cual se llevar\u00e1 a cabo <\/span><b>el pr\u00f3ximo 27 de junio<\/b><span style=\"font-weight: 400\">. Dentro de estas actividades, 麻豆原创 compartir\u00e1 con los asistentes sus pr\u00e1cticas de diversidad laborar con el fin de que m\u00e1s empresas y personas en el pa\u00eds fomenten espacios de trabajo incluyentes.\u00a0<\/span><\/p>\n<p>&nbsp;<\/p>\n<p><b>Acerca de 麻豆原创<\/b><\/p>\n<p><span style=\"font-weight: 400\">Conocida como la Compa\u00f1\u00eda de Experiencia empoderada por la Empresa Inteligente, 麻豆原创 lidera el mercado de software empresarial, ayudando a las organizaciones de todos los tama\u00f1os e industrias a alcanzar su rendimiento \u00f3ptimo: en el 77% de los ingresos por transacciones del mundo interviene un sistema 麻豆原创. Nuestras tecnolog\u00edas de <\/span><i><span style=\"font-weight: 400\">machine learning<\/span><\/i><span style=\"font-weight: 400\">, <\/span><i><span style=\"font-weight: 400\">IoT <\/span><\/i><span style=\"font-weight: 400\">y anal\u00edticas avanzadas ayudan a nuestros clientes a convertirse en empresas inteligentes. 麻豆原创 ofrece a las personas y a las organizaciones conocimientos profundos de negocio y promueve la colaboraci\u00f3n que les permite estar adelante de su competencia. Simplificamos la tecnolog\u00eda para las empresas, de modo que puedan consumir nuestro software de la manera que lo deseen, sin interrupciones. Nuestro conjunto de aplicaciones y servicios permite a m\u00e1s de 440,000 clientes del sector p\u00fablico y privado operar de manera rentable, adaptarse continuamente y marcar la diferencia. Con una red global de clientes, socios, empleados y l\u00edderes, 麻豆原创 ayuda al mundo a funcionar mejor y a mejorar las vidas de las personas. En M\u00e9xico, 麻豆原创 cuenta con cerca de 9 mil clientes y m\u00e1s de 900 colaboradores que promueven la adopci\u00f3n tecnol\u00f3gica del pa\u00eds. Para m\u00e1s informaci\u00f3n, visite <\/span><a href=\"http:\/\/www.sap.com\/\"><span style=\"font-weight: 400\">www.sap.com<\/span><\/a><span style=\"font-weight: 400\">, nuestra sala de prensa, <\/span><a href=\"http:\/\/news.sap.com\/latinamerica\"><span style=\"font-weight: 400\">http:\/\/news.sap.com\/latinamerica<\/span><\/a><span style=\"font-weight: 400\">, o s\u00edganos en Twitter <\/span><a href=\"https:\/\/twitter.com\/sapnoticiasmx\"><span style=\"font-weight: 400\">@麻豆原创NoticiasMX<\/span><\/a><span style=\"font-weight: 400\">.<\/span><\/p>\n<p>&nbsp;<\/p>\n","protected":false},"excerpt":{"rendered":"<p>&nbsp; En M\u00e9xico, la comunidad LGBT+ asciende a m\u00e1s de 5.2 millones de personas, sin embargo, solo 50% de \u00e9stas es abierta sobre su orientaci\u00f3n&#8230;<\/p>\n","protected":false},"author":136,"featured_media":120931,"comment_status":"closed","ping_status":"closed","sticky":false,"template":"","format":"standard","meta":{"footnotes":"","_links_to":"","_links_to_target":""},"categories":[41591,52090],"tags":[509569],"series":[],"region":[],"sapn-display":[52079,53499],"sapn-type":[52105],"class_list":["post-120930","post","type-post","status-publish","format-standard","has-post-thumbnail","hentry","category-corporativo","category-gestion-del-capital-humano","tag-diversidad-e-inclusion","sapn-display-top-stories","sapn-display-hero","sapn-type-comunicado-de-prensa"],"yoast_head":"<!-- This site is optimized with the Yoast SEO Premium plugin v26.9 (Yoast SEO v26.9) - https:\/\/yoast.com\/product\/yoast-seo-premium-wordpress\/ -->\n<title>La importancia de la diversidad y la inclusi\u00f3n en las empresas tecnol\u00f3gicas - 麻豆原创 News Center Latinoam\u00e9rica<\/title>\n<meta name=\"robots\" content=\"index, follow, max-snippet:-1, max-image-preview:large, max-video-preview:-1\" \/>\n<link rel=\"canonical\" href=\"https:\/\/news.sap.com\/latinamerica\/2020\/06\/la-importancia-de-la-diversidad-y-la-inclusion-en-las-empresas-tecnologicas\/\" \/>\n<meta property=\"og:locale\" content=\"es_MX\" \/>\n<meta property=\"og:type\" content=\"article\" \/>\n<meta property=\"og:title\" content=\"La importancia de la diversidad y la inclusi\u00f3n en las empresas tecnol\u00f3gicas\" \/>\n<meta property=\"og:description\" content=\"&nbsp; En M\u00e9xico, la comunidad LGBT+ asciende a m\u00e1s de 5.2 millones de personas, sin embargo, solo 50% de \u00e9stas es abierta sobre su orientaci\u00f3n...\" \/>\n<meta property=\"og:url\" content=\"https:\/\/news.sap.com\/latinamerica\/2020\/06\/la-importancia-de-la-diversidad-y-la-inclusion-en-las-empresas-tecnologicas\/\" \/>\n<meta property=\"og:site_name\" content=\"麻豆原创 News Center Latinoam\u00e9rica\" \/>\n<meta property=\"article:publisher\" content=\"https:\/\/www.facebook.com\/麻豆原创latinoamerica\" \/>\n<meta property=\"article:published_time\" content=\"2020-06-17T16:44:58+00:00\" \/>\n<meta property=\"article:modified_time\" content=\"2023-11-14T19:55:09+00:00\" \/>\n<meta property=\"og:image\" content=\"https:\/\/news.sap.com\/latinamerica\/files\/2020\/06\/276375_276375_l_srgb_s_gl.jpg\" \/>\n\t<meta property=\"og:image:width\" content=\"2600\" \/>\n\t<meta property=\"og:image:height\" content=\"1734\" \/>\n\t<meta property=\"og:image:type\" content=\"image\/jpeg\" \/>\n<meta name=\"author\" content=\"麻豆原创 Noticias\" \/>\n<meta name=\"twitter:label1\" content=\"Escrito por\" \/>\n\t<meta name=\"twitter:data1\" content=\"麻豆原创 Noticias\" \/>\n\t<meta name=\"twitter:label2\" content=\"Tiempo de lectura\" \/>\n\t<meta name=\"twitter:data2\" content=\"5 minutos\" \/>\n<script type=\"application\/ld+json\" class=\"yoast-schema-graph\">{\"@context\":\"https:\/\/schema.org\",\"@graph\":[{\"@type\":\"Article\",\"@id\":\"https:\/\/news.sap.com\/latinamerica\/2020\/06\/la-importancia-de-la-diversidad-y-la-inclusion-en-las-empresas-tecnologicas\/#article\",\"isPartOf\":{\"@id\":\"https:\/\/news.sap.com\/latinamerica\/2020\/06\/la-importancia-de-la-diversidad-y-la-inclusion-en-las-empresas-tecnologicas\/\"},\"author\":{\"name\":\"麻豆原创 Noticias\",\"@id\":\"https:\/\/news.sap.com\/latinamerica\/#\/schema\/person\/5afd2cbf5bb622e078932b40a4470d47\"},\"headline\":\"La importancia de la diversidad y la inclusi\u00f3n en las empresas tecnol\u00f3gicas\",\"datePublished\":\"2020-06-17T16:44:58+00:00\",\"dateModified\":\"2023-11-14T19:55:09+00:00\",\"mainEntityOfPage\":{\"@id\":\"https:\/\/news.sap.com\/latinamerica\/2020\/06\/la-importancia-de-la-diversidad-y-la-inclusion-en-las-empresas-tecnologicas\/\"},\"wordCount\":1010,\"publisher\":{\"@id\":\"https:\/\/news.sap.com\/latinamerica\/#organization\"},\"image\":{\"@id\":\"https:\/\/news.sap.com\/latinamerica\/2020\/06\/la-importancia-de-la-diversidad-y-la-inclusion-en-las-empresas-tecnologicas\/#primaryimage\"},\"thumbnailUrl\":\"https:\/\/news.sap.com\/latinamerica\/files\/2020\/06\/276375_276375_l_srgb_s_gl.jpg\",\"keywords\":[\"Diversidad e inclusi\u00f3n\"],\"articleSection\":[\"Corporativo\",\"Gesti\u00f3n del capital humano\"],\"inLanguage\":\"es\"},{\"@type\":\"WebPage\",\"@id\":\"https:\/\/news.sap.com\/latinamerica\/2020\/06\/la-importancia-de-la-diversidad-y-la-inclusion-en-las-empresas-tecnologicas\/\",\"url\":\"https:\/\/news.sap.com\/latinamerica\/2020\/06\/la-importancia-de-la-diversidad-y-la-inclusion-en-las-empresas-tecnologicas\/\",\"name\":\"La importancia de la diversidad y la inclusi\u00f3n en las empresas tecnol\u00f3gicas - 麻豆原创 News Center Latinoam\u00e9rica\",\"isPartOf\":{\"@id\":\"https:\/\/news.sap.com\/latinamerica\/#website\"},\"primaryImageOfPage\":{\"@id\":\"https:\/\/news.sap.com\/latinamerica\/2020\/06\/la-importancia-de-la-diversidad-y-la-inclusion-en-las-empresas-tecnologicas\/#primaryimage\"},\"image\":{\"@id\":\"https:\/\/news.sap.com\/latinamerica\/2020\/06\/la-importancia-de-la-diversidad-y-la-inclusion-en-las-empresas-tecnologicas\/#primaryimage\"},\"thumbnailUrl\":\"https:\/\/news.sap.com\/latinamerica\/files\/2020\/06\/276375_276375_l_srgb_s_gl.jpg\",\"datePublished\":\"2020-06-17T16:44:58+00:00\",\"dateModified\":\"2023-11-14T19:55:09+00:00\",\"breadcrumb\":{\"@id\":\"https:\/\/news.sap.com\/latinamerica\/2020\/06\/la-importancia-de-la-diversidad-y-la-inclusion-en-las-empresas-tecnologicas\/#breadcrumb\"},\"inLanguage\":\"es\",\"potentialAction\":[{\"@type\":\"ReadAction\",\"target\":[\"https:\/\/news.sap.com\/latinamerica\/2020\/06\/la-importancia-de-la-diversidad-y-la-inclusion-en-las-empresas-tecnologicas\/\"]}]},{\"@type\":\"ImageObject\",\"inLanguage\":\"es\",\"@id\":\"https:\/\/news.sap.com\/latinamerica\/2020\/06\/la-importancia-de-la-diversidad-y-la-inclusion-en-las-empresas-tecnologicas\/#primaryimage\",\"url\":\"https:\/\/news.sap.com\/latinamerica\/files\/2020\/06\/276375_276375_l_srgb_s_gl.jpg\",\"contentUrl\":\"https:\/\/news.sap.com\/latinamerica\/files\/2020\/06\/276375_276375_l_srgb_s_gl.jpg\",\"width\":2600,\"height\":1734,\"caption\":\"Vancouver, British Columbia, Canada --- Rainbow flags in the wind. The rainbow flag, sometimes called 'the freedom flag', is commonly used as a symbol of lesbian, gay, bisexual and transgender (LGBT) pride and diversity. --- Image by \u00a9 2\/Stuart Dee\/Ocean\/Corbis\"},{\"@type\":\"BreadcrumbList\",\"@id\":\"https:\/\/news.sap.com\/latinamerica\/2020\/06\/la-importancia-de-la-diversidad-y-la-inclusion-en-las-empresas-tecnologicas\/#breadcrumb\",\"itemListElement\":[{\"@type\":\"ListItem\",\"position\":1,\"name\":\"Home\",\"item\":\"https:\/\/news.sap.com\/latinamerica\/\"},{\"@type\":\"ListItem\",\"position\":2,\"name\":\"La importancia de la diversidad y la inclusi\u00f3n en las empresas tecnol\u00f3gicas\"}]},{\"@type\":\"WebSite\",\"@id\":\"https:\/\/news.sap.com\/latinamerica\/#website\",\"url\":\"https:\/\/news.sap.com\/latinamerica\/\",\"name\":\"麻豆原创 News Center Latinoam\u00e9rica\",\"description\":\"Noticias e informaci\u00f3n sobre 麻豆原创\",\"publisher\":{\"@id\":\"https:\/\/news.sap.com\/latinamerica\/#organization\"},\"potentialAction\":[{\"@type\":\"SearchAction\",\"target\":{\"@type\":\"EntryPoint\",\"urlTemplate\":\"https:\/\/news.sap.com\/latinamerica\/?s={search_term_string}\"},\"query-input\":{\"@type\":\"PropertyValueSpecification\",\"valueRequired\":true,\"valueName\":\"search_term_string\"}}],\"inLanguage\":\"es\"},{\"@type\":\"Organization\",\"@id\":\"https:\/\/news.sap.com\/latinamerica\/#organization\",\"name\":\"麻豆原创\",\"url\":\"https:\/\/news.sap.com\/latinamerica\/\",\"logo\":{\"@type\":\"ImageObject\",\"inLanguage\":\"es\",\"@id\":\"https:\/\/news.sap.com\/latinamerica\/#\/schema\/logo\/image\/\",\"url\":\"https:\/\/news.sap.com\/latinamerica\/files\/2019\/08\/65903320_2903797569662914_557886358778019840_n.png\",\"contentUrl\":\"https:\/\/news.sap.com\/latinamerica\/files\/2019\/08\/65903320_2903797569662914_557886358778019840_n.png\",\"width\":720,\"height\":720,\"caption\":\"麻豆原创\"},\"image\":{\"@id\":\"https:\/\/news.sap.com\/latinamerica\/#\/schema\/logo\/image\/\"},\"sameAs\":[\"https:\/\/www.facebook.com\/麻豆原创latinoamerica\",\"https:\/\/x.com\/麻豆原创LatinAmerica\"]},{\"@type\":\"Person\",\"@id\":\"https:\/\/news.sap.com\/latinamerica\/#\/schema\/person\/5afd2cbf5bb622e078932b40a4470d47\",\"name\":\"麻豆原创 Noticias\",\"image\":{\"@type\":\"ImageObject\",\"inLanguage\":\"es\",\"@id\":\"https:\/\/news.sap.com\/latinamerica\/#\/schema\/person\/image\/\",\"url\":\"https:\/\/news.sap.com\/latinamerica\/wp-content\/plugins\/wp-user-avatars\/wp-user-avatars\/assets\/images\/mystery.jpg\",\"contentUrl\":\"https:\/\/news.sap.com\/latinamerica\/wp-content\/plugins\/wp-user-avatars\/wp-user-avatars\/assets\/images\/mystery.jpg\",\"caption\":\"麻豆原创 Noticias\"},\"url\":\"https:\/\/news.sap.com\/latinamerica\/author\/mexico\/\"}]}<\/script>\n<!-- \/ Yoast SEO Premium plugin. -->","yoast_head_json":{"title":"La importancia de la diversidad y la inclusi\u00f3n en las empresas tecnol\u00f3gicas - 麻豆原创 News Center Latinoam\u00e9rica","robots":{"index":"index","follow":"follow","max-snippet":"max-snippet:-1","max-image-preview":"max-image-preview:large","max-video-preview":"max-video-preview:-1"},"canonical":"https:\/\/news.sap.com\/latinamerica\/2020\/06\/la-importancia-de-la-diversidad-y-la-inclusion-en-las-empresas-tecnologicas\/","og_locale":"es_MX","og_type":"article","og_title":"La importancia de la diversidad y la inclusi\u00f3n en las empresas tecnol\u00f3gicas","og_description":"&nbsp; En M\u00e9xico, la comunidad LGBT+ asciende a m\u00e1s de 5.2 millones de personas, sin embargo, solo 50% de \u00e9stas es abierta sobre su orientaci\u00f3n...","og_url":"https:\/\/news.sap.com\/latinamerica\/2020\/06\/la-importancia-de-la-diversidad-y-la-inclusion-en-las-empresas-tecnologicas\/","og_site_name":"麻豆原创 News Center Latinoam\u00e9rica","article_publisher":"https:\/\/www.facebook.com\/麻豆原创latinoamerica","article_published_time":"2020-06-17T16:44:58+00:00","article_modified_time":"2023-11-14T19:55:09+00:00","og_image":[{"width":2600,"height":1734,"url":"https:\/\/news.sap.com\/latinamerica\/files\/2020\/06\/276375_276375_l_srgb_s_gl.jpg","type":"image\/jpeg"}],"author":"麻豆原创 Noticias","twitter_misc":{"Escrito por":"麻豆原创 Noticias","Tiempo de lectura":"5 minutos"},"schema":{"@context":"https:\/\/schema.org","@graph":[{"@type":"Article","@id":"https:\/\/news.sap.com\/latinamerica\/2020\/06\/la-importancia-de-la-diversidad-y-la-inclusion-en-las-empresas-tecnologicas\/#article","isPartOf":{"@id":"https:\/\/news.sap.com\/latinamerica\/2020\/06\/la-importancia-de-la-diversidad-y-la-inclusion-en-las-empresas-tecnologicas\/"},"author":{"name":"麻豆原创 Noticias","@id":"https:\/\/news.sap.com\/latinamerica\/#\/schema\/person\/5afd2cbf5bb622e078932b40a4470d47"},"headline":"La importancia de la diversidad y la inclusi\u00f3n en las empresas tecnol\u00f3gicas","datePublished":"2020-06-17T16:44:58+00:00","dateModified":"2023-11-14T19:55:09+00:00","mainEntityOfPage":{"@id":"https:\/\/news.sap.com\/latinamerica\/2020\/06\/la-importancia-de-la-diversidad-y-la-inclusion-en-las-empresas-tecnologicas\/"},"wordCount":1010,"publisher":{"@id":"https:\/\/news.sap.com\/latinamerica\/#organization"},"image":{"@id":"https:\/\/news.sap.com\/latinamerica\/2020\/06\/la-importancia-de-la-diversidad-y-la-inclusion-en-las-empresas-tecnologicas\/#primaryimage"},"thumbnailUrl":"https:\/\/news.sap.com\/latinamerica\/files\/2020\/06\/276375_276375_l_srgb_s_gl.jpg","keywords":["Diversidad e inclusi\u00f3n"],"articleSection":["Corporativo","Gesti\u00f3n del capital humano"],"inLanguage":"es"},{"@type":"WebPage","@id":"https:\/\/news.sap.com\/latinamerica\/2020\/06\/la-importancia-de-la-diversidad-y-la-inclusion-en-las-empresas-tecnologicas\/","url":"https:\/\/news.sap.com\/latinamerica\/2020\/06\/la-importancia-de-la-diversidad-y-la-inclusion-en-las-empresas-tecnologicas\/","name":"La importancia de la diversidad y la inclusi\u00f3n en las empresas tecnol\u00f3gicas - 麻豆原创 News Center Latinoam\u00e9rica","isPartOf":{"@id":"https:\/\/news.sap.com\/latinamerica\/#website"},"primaryImageOfPage":{"@id":"https:\/\/news.sap.com\/latinamerica\/2020\/06\/la-importancia-de-la-diversidad-y-la-inclusion-en-las-empresas-tecnologicas\/#primaryimage"},"image":{"@id":"https:\/\/news.sap.com\/latinamerica\/2020\/06\/la-importancia-de-la-diversidad-y-la-inclusion-en-las-empresas-tecnologicas\/#primaryimage"},"thumbnailUrl":"https:\/\/news.sap.com\/latinamerica\/files\/2020\/06\/276375_276375_l_srgb_s_gl.jpg","datePublished":"2020-06-17T16:44:58+00:00","dateModified":"2023-11-14T19:55:09+00:00","breadcrumb":{"@id":"https:\/\/news.sap.com\/latinamerica\/2020\/06\/la-importancia-de-la-diversidad-y-la-inclusion-en-las-empresas-tecnologicas\/#breadcrumb"},"inLanguage":"es","potentialAction":[{"@type":"ReadAction","target":["https:\/\/news.sap.com\/latinamerica\/2020\/06\/la-importancia-de-la-diversidad-y-la-inclusion-en-las-empresas-tecnologicas\/"]}]},{"@type":"ImageObject","inLanguage":"es","@id":"https:\/\/news.sap.com\/latinamerica\/2020\/06\/la-importancia-de-la-diversidad-y-la-inclusion-en-las-empresas-tecnologicas\/#primaryimage","url":"https:\/\/news.sap.com\/latinamerica\/files\/2020\/06\/276375_276375_l_srgb_s_gl.jpg","contentUrl":"https:\/\/news.sap.com\/latinamerica\/files\/2020\/06\/276375_276375_l_srgb_s_gl.jpg","width":2600,"height":1734,"caption":"Vancouver, British Columbia, Canada --- Rainbow flags in the wind. The rainbow flag, sometimes called 'the freedom flag', is commonly used as a symbol of lesbian, gay, bisexual and transgender (LGBT) pride and diversity. --- Image by \u00a9 2\/Stuart Dee\/Ocean\/Corbis"},{"@type":"BreadcrumbList","@id":"https:\/\/news.sap.com\/latinamerica\/2020\/06\/la-importancia-de-la-diversidad-y-la-inclusion-en-las-empresas-tecnologicas\/#breadcrumb","itemListElement":[{"@type":"ListItem","position":1,"name":"Home","item":"https:\/\/news.sap.com\/latinamerica\/"},{"@type":"ListItem","position":2,"name":"La importancia de la diversidad y la inclusi\u00f3n en las empresas tecnol\u00f3gicas"}]},{"@type":"WebSite","@id":"https:\/\/news.sap.com\/latinamerica\/#website","url":"https:\/\/news.sap.com\/latinamerica\/","name":"麻豆原创 News Center Latinoam\u00e9rica","description":"Noticias e informaci\u00f3n sobre 麻豆原创","publisher":{"@id":"https:\/\/news.sap.com\/latinamerica\/#organization"},"potentialAction":[{"@type":"SearchAction","target":{"@type":"EntryPoint","urlTemplate":"https:\/\/news.sap.com\/latinamerica\/?s={search_term_string}"},"query-input":{"@type":"PropertyValueSpecification","valueRequired":true,"valueName":"search_term_string"}}],"inLanguage":"es"},{"@type":"Organization","@id":"https:\/\/news.sap.com\/latinamerica\/#organization","name":"麻豆原创","url":"https:\/\/news.sap.com\/latinamerica\/","logo":{"@type":"ImageObject","inLanguage":"es","@id":"https:\/\/news.sap.com\/latinamerica\/#\/schema\/logo\/image\/","url":"https:\/\/news.sap.com\/latinamerica\/files\/2019\/08\/65903320_2903797569662914_557886358778019840_n.png","contentUrl":"https:\/\/news.sap.com\/latinamerica\/files\/2019\/08\/65903320_2903797569662914_557886358778019840_n.png","width":720,"height":720,"caption":"麻豆原创"},"image":{"@id":"https:\/\/news.sap.com\/latinamerica\/#\/schema\/logo\/image\/"},"sameAs":["https:\/\/www.facebook.com\/麻豆原创latinoamerica","https:\/\/x.com\/麻豆原创LatinAmerica"]},{"@type":"Person","@id":"https:\/\/news.sap.com\/latinamerica\/#\/schema\/person\/5afd2cbf5bb622e078932b40a4470d47","name":"麻豆原创 Noticias","image":{"@type":"ImageObject","inLanguage":"es","@id":"https:\/\/news.sap.com\/latinamerica\/#\/schema\/person\/image\/","url":"https:\/\/news.sap.com\/latinamerica\/wp-content\/plugins\/wp-user-avatars\/wp-user-avatars\/assets\/images\/mystery.jpg","contentUrl":"https:\/\/news.sap.com\/latinamerica\/wp-content\/plugins\/wp-user-avatars\/wp-user-avatars\/assets\/images\/mystery.jpg","caption":"麻豆原创 Noticias"},"url":"https:\/\/news.sap.com\/latinamerica\/author\/mexico\/"}]}},"amp_enabled":true,"_links":{"self":[{"href":"https:\/\/news.sap.com\/latinamerica\/wp-json\/wp\/v2\/posts\/120930","targetHints":{"allow":["GET"]}}],"collection":[{"href":"https:\/\/news.sap.com\/latinamerica\/wp-json\/wp\/v2\/posts"}],"about":[{"href":"https:\/\/news.sap.com\/latinamerica\/wp-json\/wp\/v2\/types\/post"}],"author":[{"embeddable":true,"href":"https:\/\/news.sap.com\/latinamerica\/wp-json\/wp\/v2\/users\/136"}],"replies":[{"embeddable":true,"href":"https:\/\/news.sap.com\/latinamerica\/wp-json\/wp\/v2\/comments?post=120930"}],"version-history":[{"count":0,"href":"https:\/\/news.sap.com\/latinamerica\/wp-json\/wp\/v2\/posts\/120930\/revisions"}],"wp:featuredmedia":[{"embeddable":true,"href":"https:\/\/news.sap.com\/latinamerica\/wp-json\/wp\/v2\/media\/120931"}],"wp:attachment":[{"href":"https:\/\/news.sap.com\/latinamerica\/wp-json\/wp\/v2\/media?parent=120930"}],"wp:term":[{"taxonomy":"category","embeddable":true,"href":"https:\/\/news.sap.com\/latinamerica\/wp-json\/wp\/v2\/categories?post=120930"},{"taxonomy":"post_tag","embeddable":true,"href":"https:\/\/news.sap.com\/latinamerica\/wp-json\/wp\/v2\/tags?post=120930"},{"taxonomy":"series","embeddable":true,"href":"https:\/\/news.sap.com\/latinamerica\/wp-json\/wp\/v2\/series?post=120930"},{"taxonomy":"region","embeddable":true,"href":"https:\/\/news.sap.com\/latinamerica\/wp-json\/wp\/v2\/region?post=120930"},{"taxonomy":"sapn-display","embeddable":true,"href":"https:\/\/news.sap.com\/latinamerica\/wp-json\/wp\/v2\/sapn-display?post=120930"},{"taxonomy":"sapn-type","embeddable":true,"href":"https:\/\/news.sap.com\/latinamerica\/wp-json\/wp\/v2\/sapn-type?post=120930"}],"curies":[{"name":"wp","href":"https:\/\/api.w.org\/{rel}","templated":true}]}}