  {"id":120893,"date":"2020-06-11T11:15:23","date_gmt":"2020-06-11T15:15:23","guid":{"rendered":"https:\/\/news.sap.com\/latinamerica\/?p=120893"},"modified":"2020-06-11T11:15:23","modified_gmt":"2020-06-11T15:15:23","slug":"gestion-cadenas-de-suministro-tiempos-de-crisis","status":"publish","type":"post","link":"https:\/\/news.sap.com\/latinamerica\/2020\/06\/gestion-cadenas-de-suministro-tiempos-de-crisis\/","title":{"rendered":"Gesti\u00f3n de las cadenas de suministro: fundamental en tiempos de crisis"},"content":{"rendered":"<p><strong><em>Por: Guillermo Brinkmann, Presidente de la Regi\u00f3n Norte de Am\u00e9rica Latina y el Caribe de 麻豆原创<\/em><\/strong><\/p>\n<p class=\"selectionShareable\">Si algo preocup\u00f3 a las personas en todo el mundo durante los primeros d\u00edas que se comenz\u00f3 a expandir la pandemia del COVID-19 era que pudieran tener acceso a los productos b\u00e1sicos de aseo y consumo. All\u00ed vimos las noticias de muchos ciudadanos desesperados por adquirir art\u00edculos como papel higi\u00e9nico y alcohol, as\u00ed como cientos de tiendas con sus estantes vac\u00edos por cuenta de las compras desenfrenadas de aquellos con incertidumbre por lo que podr\u00eda suceder en el futuro.<\/p>\n<p class=\"selectionShareable\">Por el lado de las compa\u00f1\u00edas que proveen todos estos elementos, son\u00f3 la alarma de emergencia por saber si estar\u00eda en sus manos\u00a0reabastecer a tiempo y con celeridad los almacenes. La demanda de alimentos, implementos de aseo y elementos de bioseguridad no cesa, por lo que las empresas que producen este tipo de insumos han empezado, desde hace algunos meses, la tarea marat\u00f3nica de cubrir las necesidades de millones de personas alrededor del mundo.<\/p>\n<p class=\"selectionShareable\">Ese abastecimiento de productos de primera necesidad es un trabajo arduo, que ha puesto a varios sectores de la econom\u00eda a repensar el funcionamiento de sus negocios. Tener una log\u00edstica coordinada y una infraestructura a prueba de fallos son tareas clave a la hora de enfrentar una coyuntura como la que vive el pa\u00eds con la pandemia del COVID-19. Pero \u00bfc\u00f3mo garantizar un flujo de trabajo que asegure que los productos llegar\u00e1n a las estanter\u00edas y luego, al consumidor?<\/p>\n<p class=\"selectionShareable\">Hoy, la tecnolog\u00eda se ha convertido en aliada de este tipo de situaciones. Por medio de modernas plataformas en la nube, las empresas pueden gestionar su cadena de suministro en tiempo real y tener control de cualquier etapa del proceso, desde la adquisici\u00f3n de materias primas, la fabricaci\u00f3n, la distribuci\u00f3n de los productos terminados a cada uno de los clientes y consumidores, e incluso con la posibilidad hasta de predecir la demanda.<\/p>\n<p class=\"selectionShareable\">Aqu\u00ed vemos que herramientas de software empresarial que cubren estas \u00e1reas, se convierten en pieza fundamental de las organizaciones para resolver diversas problem\u00e1ticas de manera eficaz. Sabemos, por ejemplo, que en las compa\u00f1\u00edas de manufactura es esencial la planificaci\u00f3n, la gesti\u00f3n y la optimizaci\u00f3n de la producci\u00f3n para llegar a tiempo al mercado y maximizar ingresos; que de un inventario claro viene una adecuada atenci\u00f3n al cliente; y que con la reducci\u00f3n de riesgos e incertidumbres a lo largo de la cadena de suministro se puede garantizar una \u00f3ptima respuesta a las demandas de los consumidores y una oferta de acuerdo con las necesidades del sector.<\/p>\n<p class=\"selectionShareable\">Todo estos son beneficios asociados a la implementaci\u00f3n de plataformas de gesti\u00f3n en las organizaciones, a los que se suman otros como optimizaci\u00f3n de recursos productivos y de personal, cumplimiento de fechas de entrega y acuerdos de nivel de servicio, incremento de la satisfacci\u00f3n de los clientes por el aseguramiento de calidad tanto del producto como de los servicios, reducci\u00f3n de costos e informaci\u00f3n de valor gracias a anal\u00edticas predictivas y tecnolog\u00edas como machine learning.<\/p>\n<p class=\"selectionShareable\">De acuerdo con una investigaci\u00f3n hecha por la firma de investigaciones Gartner, el gasto en software para gestionar la cadena de suministro alcanz\u00f3 un estimado de 13.000 millones de d\u00f3lares en 2018. Adem\u00e1s, dice la compa\u00f1\u00eda, los ingresos totales por software en el mercado de administraci\u00f3n de la cadena de suministro aumentar\u00e1n en 6.000 millones para 2021, teniendo en cuenta que cada vez m\u00e1s las empresas est\u00e1n buscando mantener el ritmo en la era digital y a\u00fan m\u00e1s en coyunturas como las que vivimos hoy.<\/p>\n<p class=\"selectionShareable\">La situaci\u00f3n actual que vive el mundo entero generar\u00e1 que la tecnolog\u00eda en las cadenas de suministro se convierta en un aliado para cientos de empresas. Es evidente que este tipo de inversi\u00f3n ayuda a mejorar la visibilidad de extremo a extremo y el control de los bienes, desde la orden de compra hasta el destino final, descubriendo nuevas formas de impulsar la eficiencia y reducir los costos en tiempos de crisis.<\/p>\n<p>Publicado originalmente en <a href=\"http:\/\/blogs.portafolio.co\/negocios-en-la-economia-digital\/gestion-cadenas-suministro-tiempos-crisis\/\">Portafolio.co<\/a><\/p>\n","protected":false},"excerpt":{"rendered":"<p>Por: Guillermo Brinkmann, Presidente de la Regi\u00f3n Norte de Am\u00e9rica Latina y el Caribe de 麻豆原创 Si algo preocup\u00f3 a las personas en todo el&#8230;<\/p>\n","protected":false},"author":141,"featured_media":120894,"comment_status":"closed","ping_status":"closed","sticky":false,"template":"","format":"standard","meta":{"footnotes":"","_links_to":"","_links_to_target":""},"categories":[5595505],"tags":[5596854,5596029,27239,5597130,5597131],"series":[],"region":[55204],"sapn-display":[52078,52079,53499],"sapn-type":[6114],"class_list":["post-120893","post","type-post","status-publish","format-standard","has-post-thumbnail","hentry","category-gestion-de-la-cadena-de-suministro","tag-cadenas-de-suministro","tag-covid-19","tag-gestion-empresarial","tag-tecnologia-empresarial","tag-tiempos-de-crisis","region-colombia","sapn-display-homepage-hero","sapn-display-top-stories","sapn-display-hero","sapn-type-articulo"],"yoast_head":"<!-- This site is optimized with the Yoast SEO Premium plugin v26.9 (Yoast SEO v26.9) - https:\/\/yoast.com\/product\/yoast-seo-premium-wordpress\/ -->\n<title>Gesti\u00f3n de las cadenas de suministro: fundamental en tiempos de crisis - 麻豆原创 News Center Latinoam\u00e9rica<\/title>\n<meta name=\"robots\" content=\"index, follow, max-snippet:-1, max-image-preview:large, max-video-preview:-1\" \/>\n<link rel=\"canonical\" href=\"https:\/\/news.sap.com\/latinamerica\/2020\/06\/gestion-cadenas-de-suministro-tiempos-de-crisis\/\" \/>\n<meta property=\"og:locale\" content=\"es_MX\" \/>\n<meta property=\"og:type\" content=\"article\" \/>\n<meta property=\"og:title\" content=\"Gesti\u00f3n de las cadenas de suministro: fundamental en tiempos de crisis\" \/>\n<meta property=\"og:description\" content=\"Por: Guillermo Brinkmann, Presidente de la Regi\u00f3n Norte de Am\u00e9rica Latina y el Caribe de 麻豆原创 Si algo preocup\u00f3 a las personas en todo el...\" \/>\n<meta property=\"og:url\" content=\"https:\/\/news.sap.com\/latinamerica\/2020\/06\/gestion-cadenas-de-suministro-tiempos-de-crisis\/\" \/>\n<meta property=\"og:site_name\" content=\"麻豆原创 News Center Latinoam\u00e9rica\" \/>\n<meta property=\"article:publisher\" content=\"https:\/\/www.facebook.com\/麻豆原创latinoamerica\" \/>\n<meta property=\"article:published_time\" content=\"2020-06-11T15:15:23+00:00\" \/>\n<meta property=\"og:image\" content=\"https:\/\/news.sap.com\/latinamerica\/files\/2020\/06\/andy-li-CpsTAUPoScw-unsplash.jpg\" \/>\n\t<meta property=\"og:image:width\" content=\"1920\" \/>\n\t<meta property=\"og:image:height\" content=\"1280\" \/>\n\t<meta property=\"og:image:type\" content=\"image\/jpeg\" \/>\n<meta name=\"author\" content=\"麻豆原创 Noticias\" \/>\n<meta name=\"twitter:label1\" content=\"Escrito por\" \/>\n\t<meta name=\"twitter:data1\" content=\"麻豆原创 Noticias\" \/>\n\t<meta name=\"twitter:label2\" content=\"Tiempo de lectura\" \/>\n\t<meta name=\"twitter:data2\" content=\"4 minutos\" \/>\n<script type=\"application\/ld+json\" class=\"yoast-schema-graph\">{\"@context\":\"https:\/\/schema.org\",\"@graph\":[{\"@type\":\"Article\",\"@id\":\"https:\/\/news.sap.com\/latinamerica\/2020\/06\/gestion-cadenas-de-suministro-tiempos-de-crisis\/#article\",\"isPartOf\":{\"@id\":\"https:\/\/news.sap.com\/latinamerica\/2020\/06\/gestion-cadenas-de-suministro-tiempos-de-crisis\/\"},\"author\":{\"name\":\"麻豆原创 Noticias\",\"@id\":\"https:\/\/news.sap.com\/latinamerica\/#\/schema\/person\/82786ba12f72bc9b05ba328d1d3652c4\"},\"headline\":\"Gesti\u00f3n de las cadenas de suministro: fundamental en tiempos de crisis\",\"datePublished\":\"2020-06-11T15:15:23+00:00\",\"mainEntityOfPage\":{\"@id\":\"https:\/\/news.sap.com\/latinamerica\/2020\/06\/gestion-cadenas-de-suministro-tiempos-de-crisis\/\"},\"wordCount\":722,\"publisher\":{\"@id\":\"https:\/\/news.sap.com\/latinamerica\/#organization\"},\"image\":{\"@id\":\"https:\/\/news.sap.com\/latinamerica\/2020\/06\/gestion-cadenas-de-suministro-tiempos-de-crisis\/#primaryimage\"},\"thumbnailUrl\":\"https:\/\/news.sap.com\/latinamerica\/files\/2020\/06\/andy-li-CpsTAUPoScw-unsplash.jpg\",\"keywords\":[\"Cadenas de Suministro\",\"COVID-19\",\"gesti\u00f3n empresarial\",\"Tecnolog\u00eda empresarial\",\"Tiempos de Crisis\"],\"articleSection\":[\"Gesti\u00f3n de la cadena de suministro\"],\"inLanguage\":\"es\"},{\"@type\":\"WebPage\",\"@id\":\"https:\/\/news.sap.com\/latinamerica\/2020\/06\/gestion-cadenas-de-suministro-tiempos-de-crisis\/\",\"url\":\"https:\/\/news.sap.com\/latinamerica\/2020\/06\/gestion-cadenas-de-suministro-tiempos-de-crisis\/\",\"name\":\"Gesti\u00f3n de las cadenas de suministro: fundamental en tiempos de crisis - 麻豆原创 News Center Latinoam\u00e9rica\",\"isPartOf\":{\"@id\":\"https:\/\/news.sap.com\/latinamerica\/#website\"},\"primaryImageOfPage\":{\"@id\":\"https:\/\/news.sap.com\/latinamerica\/2020\/06\/gestion-cadenas-de-suministro-tiempos-de-crisis\/#primaryimage\"},\"image\":{\"@id\":\"https:\/\/news.sap.com\/latinamerica\/2020\/06\/gestion-cadenas-de-suministro-tiempos-de-crisis\/#primaryimage\"},\"thumbnailUrl\":\"https:\/\/news.sap.com\/latinamerica\/files\/2020\/06\/andy-li-CpsTAUPoScw-unsplash.jpg\",\"datePublished\":\"2020-06-11T15:15:23+00:00\",\"breadcrumb\":{\"@id\":\"https:\/\/news.sap.com\/latinamerica\/2020\/06\/gestion-cadenas-de-suministro-tiempos-de-crisis\/#breadcrumb\"},\"inLanguage\":\"es\",\"potentialAction\":[{\"@type\":\"ReadAction\",\"target\":[\"https:\/\/news.sap.com\/latinamerica\/2020\/06\/gestion-cadenas-de-suministro-tiempos-de-crisis\/\"]}]},{\"@type\":\"ImageObject\",\"inLanguage\":\"es\",\"@id\":\"https:\/\/news.sap.com\/latinamerica\/2020\/06\/gestion-cadenas-de-suministro-tiempos-de-crisis\/#primaryimage\",\"url\":\"https:\/\/news.sap.com\/latinamerica\/files\/2020\/06\/andy-li-CpsTAUPoScw-unsplash.jpg\",\"contentUrl\":\"https:\/\/news.sap.com\/latinamerica\/files\/2020\/06\/andy-li-CpsTAUPoScw-unsplash.jpg\",\"width\":1920,\"height\":1280,\"caption\":\"Cadenas de suministro\"},{\"@type\":\"BreadcrumbList\",\"@id\":\"https:\/\/news.sap.com\/latinamerica\/2020\/06\/gestion-cadenas-de-suministro-tiempos-de-crisis\/#breadcrumb\",\"itemListElement\":[{\"@type\":\"ListItem\",\"position\":1,\"name\":\"Home\",\"item\":\"https:\/\/news.sap.com\/latinamerica\/\"},{\"@type\":\"ListItem\",\"position\":2,\"name\":\"Gesti\u00f3n de las cadenas de suministro: fundamental en tiempos de crisis\"}]},{\"@type\":\"WebSite\",\"@id\":\"https:\/\/news.sap.com\/latinamerica\/#website\",\"url\":\"https:\/\/news.sap.com\/latinamerica\/\",\"name\":\"麻豆原创 News Center Latinoam\u00e9rica\",\"description\":\"Noticias e informaci\u00f3n sobre 麻豆原创\",\"publisher\":{\"@id\":\"https:\/\/news.sap.com\/latinamerica\/#organization\"},\"potentialAction\":[{\"@type\":\"SearchAction\",\"target\":{\"@type\":\"EntryPoint\",\"urlTemplate\":\"https:\/\/news.sap.com\/latinamerica\/?s={search_term_string}\"},\"query-input\":{\"@type\":\"PropertyValueSpecification\",\"valueRequired\":true,\"valueName\":\"search_term_string\"}}],\"inLanguage\":\"es\"},{\"@type\":\"Organization\",\"@id\":\"https:\/\/news.sap.com\/latinamerica\/#organization\",\"name\":\"麻豆原创\",\"url\":\"https:\/\/news.sap.com\/latinamerica\/\",\"logo\":{\"@type\":\"ImageObject\",\"inLanguage\":\"es\",\"@id\":\"https:\/\/news.sap.com\/latinamerica\/#\/schema\/logo\/image\/\",\"url\":\"https:\/\/news.sap.com\/latinamerica\/files\/2019\/08\/65903320_2903797569662914_557886358778019840_n.png\",\"contentUrl\":\"https:\/\/news.sap.com\/latinamerica\/files\/2019\/08\/65903320_2903797569662914_557886358778019840_n.png\",\"width\":720,\"height\":720,\"caption\":\"麻豆原创\"},\"image\":{\"@id\":\"https:\/\/news.sap.com\/latinamerica\/#\/schema\/logo\/image\/\"},\"sameAs\":[\"https:\/\/www.facebook.com\/麻豆原创latinoamerica\",\"https:\/\/x.com\/麻豆原创LatinAmerica\"]},{\"@type\":\"Person\",\"@id\":\"https:\/\/news.sap.com\/latinamerica\/#\/schema\/person\/82786ba12f72bc9b05ba328d1d3652c4\",\"name\":\"麻豆原创 Noticias\",\"image\":{\"@type\":\"ImageObject\",\"inLanguage\":\"es\",\"@id\":\"https:\/\/news.sap.com\/latinamerica\/#\/schema\/person\/image\/\",\"url\":\"https:\/\/news.sap.com\/latinamerica\/wp-content\/plugins\/wp-user-avatars\/wp-user-avatars\/assets\/images\/mystery.jpg\",\"contentUrl\":\"https:\/\/news.sap.com\/latinamerica\/wp-content\/plugins\/wp-user-avatars\/wp-user-avatars\/assets\/images\/mystery.jpg\",\"caption\":\"麻豆原创 Noticias\"},\"url\":\"https:\/\/news.sap.com\/latinamerica\/author\/colombia\/\"}]}<\/script>\n<!-- \/ Yoast SEO Premium plugin. -->","yoast_head_json":{"title":"Gesti\u00f3n de las cadenas de suministro: fundamental en tiempos de crisis - 麻豆原创 News Center Latinoam\u00e9rica","robots":{"index":"index","follow":"follow","max-snippet":"max-snippet:-1","max-image-preview":"max-image-preview:large","max-video-preview":"max-video-preview:-1"},"canonical":"https:\/\/news.sap.com\/latinamerica\/2020\/06\/gestion-cadenas-de-suministro-tiempos-de-crisis\/","og_locale":"es_MX","og_type":"article","og_title":"Gesti\u00f3n de las cadenas de suministro: fundamental en tiempos de crisis","og_description":"Por: Guillermo Brinkmann, Presidente de la Regi\u00f3n Norte de Am\u00e9rica Latina y el Caribe de 麻豆原创 Si algo preocup\u00f3 a las personas en todo el...","og_url":"https:\/\/news.sap.com\/latinamerica\/2020\/06\/gestion-cadenas-de-suministro-tiempos-de-crisis\/","og_site_name":"麻豆原创 News Center Latinoam\u00e9rica","article_publisher":"https:\/\/www.facebook.com\/麻豆原创latinoamerica","article_published_time":"2020-06-11T15:15:23+00:00","og_image":[{"width":1920,"height":1280,"url":"https:\/\/news.sap.com\/latinamerica\/files\/2020\/06\/andy-li-CpsTAUPoScw-unsplash.jpg","type":"image\/jpeg"}],"author":"麻豆原创 Noticias","twitter_misc":{"Escrito por":"麻豆原创 Noticias","Tiempo de lectura":"4 minutos"},"schema":{"@context":"https:\/\/schema.org","@graph":[{"@type":"Article","@id":"https:\/\/news.sap.com\/latinamerica\/2020\/06\/gestion-cadenas-de-suministro-tiempos-de-crisis\/#article","isPartOf":{"@id":"https:\/\/news.sap.com\/latinamerica\/2020\/06\/gestion-cadenas-de-suministro-tiempos-de-crisis\/"},"author":{"name":"麻豆原创 Noticias","@id":"https:\/\/news.sap.com\/latinamerica\/#\/schema\/person\/82786ba12f72bc9b05ba328d1d3652c4"},"headline":"Gesti\u00f3n de las cadenas de suministro: fundamental en tiempos de crisis","datePublished":"2020-06-11T15:15:23+00:00","mainEntityOfPage":{"@id":"https:\/\/news.sap.com\/latinamerica\/2020\/06\/gestion-cadenas-de-suministro-tiempos-de-crisis\/"},"wordCount":722,"publisher":{"@id":"https:\/\/news.sap.com\/latinamerica\/#organization"},"image":{"@id":"https:\/\/news.sap.com\/latinamerica\/2020\/06\/gestion-cadenas-de-suministro-tiempos-de-crisis\/#primaryimage"},"thumbnailUrl":"https:\/\/news.sap.com\/latinamerica\/files\/2020\/06\/andy-li-CpsTAUPoScw-unsplash.jpg","keywords":["Cadenas de Suministro","COVID-19","gesti\u00f3n empresarial","Tecnolog\u00eda empresarial","Tiempos de Crisis"],"articleSection":["Gesti\u00f3n de la cadena de suministro"],"inLanguage":"es"},{"@type":"WebPage","@id":"https:\/\/news.sap.com\/latinamerica\/2020\/06\/gestion-cadenas-de-suministro-tiempos-de-crisis\/","url":"https:\/\/news.sap.com\/latinamerica\/2020\/06\/gestion-cadenas-de-suministro-tiempos-de-crisis\/","name":"Gesti\u00f3n de las cadenas de suministro: fundamental en tiempos de crisis - 麻豆原创 News Center Latinoam\u00e9rica","isPartOf":{"@id":"https:\/\/news.sap.com\/latinamerica\/#website"},"primaryImageOfPage":{"@id":"https:\/\/news.sap.com\/latinamerica\/2020\/06\/gestion-cadenas-de-suministro-tiempos-de-crisis\/#primaryimage"},"image":{"@id":"https:\/\/news.sap.com\/latinamerica\/2020\/06\/gestion-cadenas-de-suministro-tiempos-de-crisis\/#primaryimage"},"thumbnailUrl":"https:\/\/news.sap.com\/latinamerica\/files\/2020\/06\/andy-li-CpsTAUPoScw-unsplash.jpg","datePublished":"2020-06-11T15:15:23+00:00","breadcrumb":{"@id":"https:\/\/news.sap.com\/latinamerica\/2020\/06\/gestion-cadenas-de-suministro-tiempos-de-crisis\/#breadcrumb"},"inLanguage":"es","potentialAction":[{"@type":"ReadAction","target":["https:\/\/news.sap.com\/latinamerica\/2020\/06\/gestion-cadenas-de-suministro-tiempos-de-crisis\/"]}]},{"@type":"ImageObject","inLanguage":"es","@id":"https:\/\/news.sap.com\/latinamerica\/2020\/06\/gestion-cadenas-de-suministro-tiempos-de-crisis\/#primaryimage","url":"https:\/\/news.sap.com\/latinamerica\/files\/2020\/06\/andy-li-CpsTAUPoScw-unsplash.jpg","contentUrl":"https:\/\/news.sap.com\/latinamerica\/files\/2020\/06\/andy-li-CpsTAUPoScw-unsplash.jpg","width":1920,"height":1280,"caption":"Cadenas de suministro"},{"@type":"BreadcrumbList","@id":"https:\/\/news.sap.com\/latinamerica\/2020\/06\/gestion-cadenas-de-suministro-tiempos-de-crisis\/#breadcrumb","itemListElement":[{"@type":"ListItem","position":1,"name":"Home","item":"https:\/\/news.sap.com\/latinamerica\/"},{"@type":"ListItem","position":2,"name":"Gesti\u00f3n de las cadenas de suministro: fundamental en tiempos de crisis"}]},{"@type":"WebSite","@id":"https:\/\/news.sap.com\/latinamerica\/#website","url":"https:\/\/news.sap.com\/latinamerica\/","name":"麻豆原创 News Center Latinoam\u00e9rica","description":"Noticias e informaci\u00f3n sobre 麻豆原创","publisher":{"@id":"https:\/\/news.sap.com\/latinamerica\/#organization"},"potentialAction":[{"@type":"SearchAction","target":{"@type":"EntryPoint","urlTemplate":"https:\/\/news.sap.com\/latinamerica\/?s={search_term_string}"},"query-input":{"@type":"PropertyValueSpecification","valueRequired":true,"valueName":"search_term_string"}}],"inLanguage":"es"},{"@type":"Organization","@id":"https:\/\/news.sap.com\/latinamerica\/#organization","name":"麻豆原创","url":"https:\/\/news.sap.com\/latinamerica\/","logo":{"@type":"ImageObject","inLanguage":"es","@id":"https:\/\/news.sap.com\/latinamerica\/#\/schema\/logo\/image\/","url":"https:\/\/news.sap.com\/latinamerica\/files\/2019\/08\/65903320_2903797569662914_557886358778019840_n.png","contentUrl":"https:\/\/news.sap.com\/latinamerica\/files\/2019\/08\/65903320_2903797569662914_557886358778019840_n.png","width":720,"height":720,"caption":"麻豆原创"},"image":{"@id":"https:\/\/news.sap.com\/latinamerica\/#\/schema\/logo\/image\/"},"sameAs":["https:\/\/www.facebook.com\/麻豆原创latinoamerica","https:\/\/x.com\/麻豆原创LatinAmerica"]},{"@type":"Person","@id":"https:\/\/news.sap.com\/latinamerica\/#\/schema\/person\/82786ba12f72bc9b05ba328d1d3652c4","name":"麻豆原创 Noticias","image":{"@type":"ImageObject","inLanguage":"es","@id":"https:\/\/news.sap.com\/latinamerica\/#\/schema\/person\/image\/","url":"https:\/\/news.sap.com\/latinamerica\/wp-content\/plugins\/wp-user-avatars\/wp-user-avatars\/assets\/images\/mystery.jpg","contentUrl":"https:\/\/news.sap.com\/latinamerica\/wp-content\/plugins\/wp-user-avatars\/wp-user-avatars\/assets\/images\/mystery.jpg","caption":"麻豆原创 Noticias"},"url":"https:\/\/news.sap.com\/latinamerica\/author\/colombia\/"}]}},"amp_enabled":true,"_links":{"self":[{"href":"https:\/\/news.sap.com\/latinamerica\/wp-json\/wp\/v2\/posts\/120893","targetHints":{"allow":["GET"]}}],"collection":[{"href":"https:\/\/news.sap.com\/latinamerica\/wp-json\/wp\/v2\/posts"}],"about":[{"href":"https:\/\/news.sap.com\/latinamerica\/wp-json\/wp\/v2\/types\/post"}],"author":[{"embeddable":true,"href":"https:\/\/news.sap.com\/latinamerica\/wp-json\/wp\/v2\/users\/141"}],"replies":[{"embeddable":true,"href":"https:\/\/news.sap.com\/latinamerica\/wp-json\/wp\/v2\/comments?post=120893"}],"version-history":[{"count":0,"href":"https:\/\/news.sap.com\/latinamerica\/wp-json\/wp\/v2\/posts\/120893\/revisions"}],"wp:featuredmedia":[{"embeddable":true,"href":"https:\/\/news.sap.com\/latinamerica\/wp-json\/wp\/v2\/media\/120894"}],"wp:attachment":[{"href":"https:\/\/news.sap.com\/latinamerica\/wp-json\/wp\/v2\/media?parent=120893"}],"wp:term":[{"taxonomy":"category","embeddable":true,"href":"https:\/\/news.sap.com\/latinamerica\/wp-json\/wp\/v2\/categories?post=120893"},{"taxonomy":"post_tag","embeddable":true,"href":"https:\/\/news.sap.com\/latinamerica\/wp-json\/wp\/v2\/tags?post=120893"},{"taxonomy":"series","embeddable":true,"href":"https:\/\/news.sap.com\/latinamerica\/wp-json\/wp\/v2\/series?post=120893"},{"taxonomy":"region","embeddable":true,"href":"https:\/\/news.sap.com\/latinamerica\/wp-json\/wp\/v2\/region?post=120893"},{"taxonomy":"sapn-display","embeddable":true,"href":"https:\/\/news.sap.com\/latinamerica\/wp-json\/wp\/v2\/sapn-display?post=120893"},{"taxonomy":"sapn-type","embeddable":true,"href":"https:\/\/news.sap.com\/latinamerica\/wp-json\/wp\/v2\/sapn-type?post=120893"}],"curies":[{"name":"wp","href":"https:\/\/api.w.org\/{rel}","templated":true}]}}