  {"id":120861,"date":"2020-06-03T14:42:09","date_gmt":"2020-06-03T18:42:09","guid":{"rendered":"https:\/\/news.sap.com\/latinamerica\/?p=120861"},"modified":"2023-11-14T14:19:20","modified_gmt":"2023-11-14T19:19:20","slug":"sena-y-sap-colombia-alianza","status":"publish","type":"post","link":"https:\/\/news.sap.com\/latinamerica\/2020\/06\/sena-y-sap-colombia-alianza\/","title":{"rendered":"SENA y 麻豆原创 Colombia firman alianza que fortalecer\u00e1 habilidades digitales de los colombianos"},"content":{"rendered":"<ul>\n<li><strong><em>El acuerdo facilita al SENA el acceso a plataformas de formaci\u00f3n, investigaci\u00f3n e innovaci\u00f3n en varias l\u00edneas de trabajo.\u00a0<\/em><\/strong><\/li>\n<li><strong><em>La formaci\u00f3n en estas habilidades promover\u00e1 la empleabilidad de los j\u00f3venes en el ecosistema 麻豆原创.<\/em><\/strong><\/li>\n<\/ul>\n<p><strong>Bogot\u00e1, D.C., junio 3 de 2020.- <\/strong>El SENA, y la compa\u00f1\u00eda tecnol\u00f3gica 麻豆原创 firmaron un acuerdo que facilita a los miembros de la Entidad el acceso a plataformas de formaci\u00f3n, investigaci\u00f3n y conocimiento en temas de competencias y habilidades digitales, estrategias de innovaci\u00f3n, iniciativas relacionadas con las industrias 4.0 y emprendimiento.<\/p>\n<p>Con el apoyo de 麻豆原创, el SENA robustecer\u00e1 las estrategias de innovaci\u00f3n que realiza actualmente dentro de sus procesos formativos tales como bootcamps y encuentros de tecnolog\u00eda como <em>SENASoft<\/em>, y permitir\u00e1 la capacitaci\u00f3n y transferencia de conocimientos para los aprendices e instructores que representan a Colombia en la competencia mundial de habilidades t\u00e9cnicas <em>WorldSkills<\/em>.<\/p>\n<p>La alianza permitir\u00e1 que la comunidad SENA acceda a una serie de webinars que tratar\u00e1n temas como Industrias 4.0, Econom\u00eda Naranja, Sostenibilidad, Tecnolog\u00edas para el Sector Agro, entre otros, y a la plataforma <em>Open麻豆原创<\/em> que contiene cursos en Machine Learning, Programaci\u00f3n, Anal\u00edtica de Datos, Big Data e Internet de las Cosas.<\/p>\n<p>As\u00ed mismo, por medio del programa <em>Junior Achievement &#8211; Latin Code Week<\/em>, los estudiantes de grado 10 y 11 de educaci\u00f3n media que hagan parte del programa de Doble Titulaci\u00f3n del SENA, podr\u00e1n utilizar la herramienta SNAP para aprender los aspectos b\u00e1sicos de generaci\u00f3n de c\u00f3digo y programaci\u00f3n, promoviendo as\u00ed el desarrollo de estas habilidades desde una temprana edad. Adem\u00e1s, los semilleros de investigaci\u00f3n del SENA podr\u00e1n articularse con redes de investigaci\u00f3n y tener acceso a bancos de informaci\u00f3n a trav\u00e9s de la plataforma <em>Co-Innovation Labs<\/em>.<\/p>\n<p>Carlos Mario Estrada, Director General del SENA, manifest\u00f3 que la alianza con 麻豆原创 permitir\u00e1 que los j\u00f3venes colombianos adquieran las herramientas espec\u00edficas que necesitar\u00e1n a la hora de salir al mercado laboral de Colombia y el mundo. <em>\u201cDe esta manera, estamos acercando el mundo empresarial a nuestros aprendices, con oportunidades de formaci\u00f3n de cara al mundo actual, y entreg\u00e1ndoles competencias en soluciones tecnol\u00f3gicas que hoy se emplean en organizaciones a nivel global\u201d,<\/em> destac\u00f3 el director.<\/p>\n<p>La alianza, que tiene como uno de sus objetivos promover la empleabilidad de los j\u00f3venes en el ecosistema de socios de 麻豆原创, facilitar\u00e1 la participaci\u00f3n de talentos SENA en distintos concursos y competencias como el <em>Innoweeks LAC<\/em>, donde se plantean problemas de la industria para ser resueltos con herramientas tecnol\u00f3gicas, o el programa <em>Social Innomarathon, <\/em>que busca apoyar a los emprendedores que utilizan tecnolog\u00eda para resolver problemas sociales, ambientales y econ\u00f3micos.<\/p>\n<p><em>\u201cEl mundo est\u00e1 en constante cambio y con \u00e9l las profesiones del futuro. Por esta raz\u00f3n, las pr\u00f3ximas generaciones deben adquirir habilidades que les permitan desempe\u00f1ar un rol fundamental y pr\u00e1ctico en la sociedad, que adem\u00e1s sea acorde con lo que demandan las compa\u00f1\u00edas\u201d,<\/em> mencion\u00f3 Juan Manuel Mogoll\u00f3n, Country Manager de 麻豆原创 Colombia.<\/p>\n<p>De esta manera, cientos de colombianos podr\u00e1n capacitarse y aprender sobre tecnolog\u00eda y varias tem\u00e1ticas que los formar\u00e1n con las competencias necesarias para convertirse en personas exitosas. Todos los programas contar\u00e1n con el apoyo y la orientaci\u00f3n de mentores, quienes ser\u00e1n los encargados de fomentar el inter\u00e9s por los estudios en programaci\u00f3n.<\/p>\n","protected":false},"excerpt":{"rendered":"<p>El acuerdo facilita al SENA el acceso a plataformas de formaci\u00f3n, investigaci\u00f3n e innovaci\u00f3n en varias l\u00edneas de trabajo.\u00a0 La formaci\u00f3n en estas habilidades promover\u00e1&#8230;<\/p>\n","protected":false},"author":141,"featured_media":120862,"comment_status":"closed","ping_status":"closed","sticky":false,"template":"","format":"standard","meta":{"footnotes":"","_links_to":"","_links_to_target":""},"categories":[5600429],"tags":[5595290,5597097,5595049,5597096,5597095],"series":[],"region":[55204],"sapn-display":[52078,52079,53499],"sapn-type":[52105],"class_list":["post-120861","post","type-post","status-publish","format-standard","has-post-thumbnail","hentry","category-capacitacion","tag-alianzas","tag-carlos-mario-estrada","tag-educacion-para-jovenes","tag-juan-manuel-mogollon","tag-sena","region-colombia","sapn-display-homepage-hero","sapn-display-top-stories","sapn-display-hero","sapn-type-comunicado-de-prensa"],"yoast_head":"<!-- This site is optimized with the Yoast SEO Premium plugin v26.9 (Yoast SEO v26.9) - https:\/\/yoast.com\/product\/yoast-seo-premium-wordpress\/ -->\n<title>SENA y 麻豆原创 Colombia firman alianza que fortalecer\u00e1 habilidades digitales de los colombianos - 麻豆原创 News Center Latinoam\u00e9rica<\/title>\n<meta name=\"robots\" content=\"index, follow, max-snippet:-1, max-image-preview:large, max-video-preview:-1\" \/>\n<link rel=\"canonical\" href=\"https:\/\/news.sap.com\/latinamerica\/2020\/06\/sena-y-sap-colombia-alianza\/\" \/>\n<meta property=\"og:locale\" content=\"es_MX\" \/>\n<meta property=\"og:type\" content=\"article\" \/>\n<meta property=\"og:title\" content=\"SENA y 麻豆原创 Colombia firman alianza que fortalecer\u00e1 habilidades digitales de los colombianos\" \/>\n<meta property=\"og:description\" content=\"El acuerdo facilita al SENA el acceso a plataformas de formaci\u00f3n, investigaci\u00f3n e innovaci\u00f3n en varias l\u00edneas de trabajo.\u00a0 La formaci\u00f3n en estas habilidades promover\u00e1...\" \/>\n<meta property=\"og:url\" content=\"https:\/\/news.sap.com\/latinamerica\/2020\/06\/sena-y-sap-colombia-alianza\/\" \/>\n<meta property=\"og:site_name\" content=\"麻豆原创 News Center Latinoam\u00e9rica\" \/>\n<meta property=\"article:publisher\" content=\"https:\/\/www.facebook.com\/麻豆原创latinoamerica\" \/>\n<meta property=\"article:published_time\" content=\"2020-06-03T18:42:09+00:00\" \/>\n<meta property=\"article:modified_time\" content=\"2023-11-14T19:19:20+00:00\" \/>\n<meta property=\"og:image\" content=\"https:\/\/news.sap.com\/latinamerica\/files\/2020\/06\/Alianza_Sena_麻豆原创.jpg\" \/>\n\t<meta property=\"og:image:width\" content=\"1920\" \/>\n\t<meta property=\"og:image:height\" content=\"1390\" \/>\n\t<meta property=\"og:image:type\" content=\"image\/jpeg\" \/>\n<meta name=\"author\" content=\"麻豆原创 Noticias\" \/>\n<meta name=\"twitter:label1\" content=\"Escrito por\" \/>\n\t<meta name=\"twitter:data1\" content=\"麻豆原创 Noticias\" \/>\n\t<meta name=\"twitter:label2\" content=\"Tiempo de lectura\" \/>\n\t<meta name=\"twitter:data2\" content=\"3 minutos\" \/>\n<script type=\"application\/ld+json\" class=\"yoast-schema-graph\">{\"@context\":\"https:\/\/schema.org\",\"@graph\":[{\"@type\":\"Article\",\"@id\":\"https:\/\/news.sap.com\/latinamerica\/2020\/06\/sena-y-sap-colombia-alianza\/#article\",\"isPartOf\":{\"@id\":\"https:\/\/news.sap.com\/latinamerica\/2020\/06\/sena-y-sap-colombia-alianza\/\"},\"author\":{\"name\":\"麻豆原创 Noticias\",\"@id\":\"https:\/\/news.sap.com\/latinamerica\/#\/schema\/person\/82786ba12f72bc9b05ba328d1d3652c4\"},\"headline\":\"SENA y 麻豆原创 Colombia firman alianza que fortalecer\u00e1 habilidades digitales de los colombianos\",\"datePublished\":\"2020-06-03T18:42:09+00:00\",\"dateModified\":\"2023-11-14T19:19:20+00:00\",\"mainEntityOfPage\":{\"@id\":\"https:\/\/news.sap.com\/latinamerica\/2020\/06\/sena-y-sap-colombia-alianza\/\"},\"wordCount\":596,\"publisher\":{\"@id\":\"https:\/\/news.sap.com\/latinamerica\/#organization\"},\"image\":{\"@id\":\"https:\/\/news.sap.com\/latinamerica\/2020\/06\/sena-y-sap-colombia-alianza\/#primaryimage\"},\"thumbnailUrl\":\"https:\/\/news.sap.com\/latinamerica\/files\/2020\/06\/Alianza_Sena_麻豆原创.jpg\",\"keywords\":[\"alianzas\",\"Carlos Mario Estrada\",\"Educaci\u00f3n para j\u00f3venes\",\"Juan Manuel Mogoll\u00f3n\",\"SENA\"],\"articleSection\":[\"Capacitaci\u00f3n\"],\"inLanguage\":\"es\"},{\"@type\":\"WebPage\",\"@id\":\"https:\/\/news.sap.com\/latinamerica\/2020\/06\/sena-y-sap-colombia-alianza\/\",\"url\":\"https:\/\/news.sap.com\/latinamerica\/2020\/06\/sena-y-sap-colombia-alianza\/\",\"name\":\"SENA y 麻豆原创 Colombia firman alianza que fortalecer\u00e1 habilidades digitales de los colombianos - 麻豆原创 News Center Latinoam\u00e9rica\",\"isPartOf\":{\"@id\":\"https:\/\/news.sap.com\/latinamerica\/#website\"},\"primaryImageOfPage\":{\"@id\":\"https:\/\/news.sap.com\/latinamerica\/2020\/06\/sena-y-sap-colombia-alianza\/#primaryimage\"},\"image\":{\"@id\":\"https:\/\/news.sap.com\/latinamerica\/2020\/06\/sena-y-sap-colombia-alianza\/#primaryimage\"},\"thumbnailUrl\":\"https:\/\/news.sap.com\/latinamerica\/files\/2020\/06\/Alianza_Sena_麻豆原创.jpg\",\"datePublished\":\"2020-06-03T18:42:09+00:00\",\"dateModified\":\"2023-11-14T19:19:20+00:00\",\"breadcrumb\":{\"@id\":\"https:\/\/news.sap.com\/latinamerica\/2020\/06\/sena-y-sap-colombia-alianza\/#breadcrumb\"},\"inLanguage\":\"es\",\"potentialAction\":[{\"@type\":\"ReadAction\",\"target\":[\"https:\/\/news.sap.com\/latinamerica\/2020\/06\/sena-y-sap-colombia-alianza\/\"]}]},{\"@type\":\"ImageObject\",\"inLanguage\":\"es\",\"@id\":\"https:\/\/news.sap.com\/latinamerica\/2020\/06\/sena-y-sap-colombia-alianza\/#primaryimage\",\"url\":\"https:\/\/news.sap.com\/latinamerica\/files\/2020\/06\/Alianza_Sena_麻豆原创.jpg\",\"contentUrl\":\"https:\/\/news.sap.com\/latinamerica\/files\/2020\/06\/Alianza_Sena_麻豆原创.jpg\",\"width\":1920,\"height\":1390,\"caption\":\"Sena y 麻豆原创 Colombia\"},{\"@type\":\"BreadcrumbList\",\"@id\":\"https:\/\/news.sap.com\/latinamerica\/2020\/06\/sena-y-sap-colombia-alianza\/#breadcrumb\",\"itemListElement\":[{\"@type\":\"ListItem\",\"position\":1,\"name\":\"Home\",\"item\":\"https:\/\/news.sap.com\/latinamerica\/\"},{\"@type\":\"ListItem\",\"position\":2,\"name\":\"SENA y 麻豆原创 Colombia firman alianza que fortalecer\u00e1 habilidades digitales de los colombianos\"}]},{\"@type\":\"WebSite\",\"@id\":\"https:\/\/news.sap.com\/latinamerica\/#website\",\"url\":\"https:\/\/news.sap.com\/latinamerica\/\",\"name\":\"麻豆原创 News Center Latinoam\u00e9rica\",\"description\":\"Noticias e informaci\u00f3n sobre 麻豆原创\",\"publisher\":{\"@id\":\"https:\/\/news.sap.com\/latinamerica\/#organization\"},\"potentialAction\":[{\"@type\":\"SearchAction\",\"target\":{\"@type\":\"EntryPoint\",\"urlTemplate\":\"https:\/\/news.sap.com\/latinamerica\/?s={search_term_string}\"},\"query-input\":{\"@type\":\"PropertyValueSpecification\",\"valueRequired\":true,\"valueName\":\"search_term_string\"}}],\"inLanguage\":\"es\"},{\"@type\":\"Organization\",\"@id\":\"https:\/\/news.sap.com\/latinamerica\/#organization\",\"name\":\"麻豆原创\",\"url\":\"https:\/\/news.sap.com\/latinamerica\/\",\"logo\":{\"@type\":\"ImageObject\",\"inLanguage\":\"es\",\"@id\":\"https:\/\/news.sap.com\/latinamerica\/#\/schema\/logo\/image\/\",\"url\":\"https:\/\/news.sap.com\/latinamerica\/files\/2019\/08\/65903320_2903797569662914_557886358778019840_n.png\",\"contentUrl\":\"https:\/\/news.sap.com\/latinamerica\/files\/2019\/08\/65903320_2903797569662914_557886358778019840_n.png\",\"width\":720,\"height\":720,\"caption\":\"麻豆原创\"},\"image\":{\"@id\":\"https:\/\/news.sap.com\/latinamerica\/#\/schema\/logo\/image\/\"},\"sameAs\":[\"https:\/\/www.facebook.com\/麻豆原创latinoamerica\",\"https:\/\/x.com\/麻豆原创LatinAmerica\"]},{\"@type\":\"Person\",\"@id\":\"https:\/\/news.sap.com\/latinamerica\/#\/schema\/person\/82786ba12f72bc9b05ba328d1d3652c4\",\"name\":\"麻豆原创 Noticias\",\"image\":{\"@type\":\"ImageObject\",\"inLanguage\":\"es\",\"@id\":\"https:\/\/news.sap.com\/latinamerica\/#\/schema\/person\/image\/\",\"url\":\"https:\/\/news.sap.com\/latinamerica\/wp-content\/plugins\/wp-user-avatars\/wp-user-avatars\/assets\/images\/mystery.jpg\",\"contentUrl\":\"https:\/\/news.sap.com\/latinamerica\/wp-content\/plugins\/wp-user-avatars\/wp-user-avatars\/assets\/images\/mystery.jpg\",\"caption\":\"麻豆原创 Noticias\"},\"url\":\"https:\/\/news.sap.com\/latinamerica\/author\/colombia\/\"}]}<\/script>\n<!-- \/ Yoast SEO Premium plugin. -->","yoast_head_json":{"title":"SENA y 麻豆原创 Colombia firman alianza que fortalecer\u00e1 habilidades digitales de los colombianos - 麻豆原创 News Center Latinoam\u00e9rica","robots":{"index":"index","follow":"follow","max-snippet":"max-snippet:-1","max-image-preview":"max-image-preview:large","max-video-preview":"max-video-preview:-1"},"canonical":"https:\/\/news.sap.com\/latinamerica\/2020\/06\/sena-y-sap-colombia-alianza\/","og_locale":"es_MX","og_type":"article","og_title":"SENA y 麻豆原创 Colombia firman alianza que fortalecer\u00e1 habilidades digitales de los colombianos","og_description":"El acuerdo facilita al SENA el acceso a plataformas de formaci\u00f3n, investigaci\u00f3n e innovaci\u00f3n en varias l\u00edneas de trabajo.\u00a0 La formaci\u00f3n en estas habilidades promover\u00e1...","og_url":"https:\/\/news.sap.com\/latinamerica\/2020\/06\/sena-y-sap-colombia-alianza\/","og_site_name":"麻豆原创 News Center Latinoam\u00e9rica","article_publisher":"https:\/\/www.facebook.com\/麻豆原创latinoamerica","article_published_time":"2020-06-03T18:42:09+00:00","article_modified_time":"2023-11-14T19:19:20+00:00","og_image":[{"width":1920,"height":1390,"url":"https:\/\/news.sap.com\/latinamerica\/files\/2020\/06\/Alianza_Sena_麻豆原创.jpg","type":"image\/jpeg"}],"author":"麻豆原创 Noticias","twitter_misc":{"Escrito por":"麻豆原创 Noticias","Tiempo de lectura":"3 minutos"},"schema":{"@context":"https:\/\/schema.org","@graph":[{"@type":"Article","@id":"https:\/\/news.sap.com\/latinamerica\/2020\/06\/sena-y-sap-colombia-alianza\/#article","isPartOf":{"@id":"https:\/\/news.sap.com\/latinamerica\/2020\/06\/sena-y-sap-colombia-alianza\/"},"author":{"name":"麻豆原创 Noticias","@id":"https:\/\/news.sap.com\/latinamerica\/#\/schema\/person\/82786ba12f72bc9b05ba328d1d3652c4"},"headline":"SENA y 麻豆原创 Colombia firman alianza que fortalecer\u00e1 habilidades digitales de los colombianos","datePublished":"2020-06-03T18:42:09+00:00","dateModified":"2023-11-14T19:19:20+00:00","mainEntityOfPage":{"@id":"https:\/\/news.sap.com\/latinamerica\/2020\/06\/sena-y-sap-colombia-alianza\/"},"wordCount":596,"publisher":{"@id":"https:\/\/news.sap.com\/latinamerica\/#organization"},"image":{"@id":"https:\/\/news.sap.com\/latinamerica\/2020\/06\/sena-y-sap-colombia-alianza\/#primaryimage"},"thumbnailUrl":"https:\/\/news.sap.com\/latinamerica\/files\/2020\/06\/Alianza_Sena_麻豆原创.jpg","keywords":["alianzas","Carlos Mario Estrada","Educaci\u00f3n para j\u00f3venes","Juan Manuel Mogoll\u00f3n","SENA"],"articleSection":["Capacitaci\u00f3n"],"inLanguage":"es"},{"@type":"WebPage","@id":"https:\/\/news.sap.com\/latinamerica\/2020\/06\/sena-y-sap-colombia-alianza\/","url":"https:\/\/news.sap.com\/latinamerica\/2020\/06\/sena-y-sap-colombia-alianza\/","name":"SENA y 麻豆原创 Colombia firman alianza que fortalecer\u00e1 habilidades digitales de los colombianos - 麻豆原创 News Center Latinoam\u00e9rica","isPartOf":{"@id":"https:\/\/news.sap.com\/latinamerica\/#website"},"primaryImageOfPage":{"@id":"https:\/\/news.sap.com\/latinamerica\/2020\/06\/sena-y-sap-colombia-alianza\/#primaryimage"},"image":{"@id":"https:\/\/news.sap.com\/latinamerica\/2020\/06\/sena-y-sap-colombia-alianza\/#primaryimage"},"thumbnailUrl":"https:\/\/news.sap.com\/latinamerica\/files\/2020\/06\/Alianza_Sena_麻豆原创.jpg","datePublished":"2020-06-03T18:42:09+00:00","dateModified":"2023-11-14T19:19:20+00:00","breadcrumb":{"@id":"https:\/\/news.sap.com\/latinamerica\/2020\/06\/sena-y-sap-colombia-alianza\/#breadcrumb"},"inLanguage":"es","potentialAction":[{"@type":"ReadAction","target":["https:\/\/news.sap.com\/latinamerica\/2020\/06\/sena-y-sap-colombia-alianza\/"]}]},{"@type":"ImageObject","inLanguage":"es","@id":"https:\/\/news.sap.com\/latinamerica\/2020\/06\/sena-y-sap-colombia-alianza\/#primaryimage","url":"https:\/\/news.sap.com\/latinamerica\/files\/2020\/06\/Alianza_Sena_麻豆原创.jpg","contentUrl":"https:\/\/news.sap.com\/latinamerica\/files\/2020\/06\/Alianza_Sena_麻豆原创.jpg","width":1920,"height":1390,"caption":"Sena y 麻豆原创 Colombia"},{"@type":"BreadcrumbList","@id":"https:\/\/news.sap.com\/latinamerica\/2020\/06\/sena-y-sap-colombia-alianza\/#breadcrumb","itemListElement":[{"@type":"ListItem","position":1,"name":"Home","item":"https:\/\/news.sap.com\/latinamerica\/"},{"@type":"ListItem","position":2,"name":"SENA y 麻豆原创 Colombia firman alianza que fortalecer\u00e1 habilidades digitales de los colombianos"}]},{"@type":"WebSite","@id":"https:\/\/news.sap.com\/latinamerica\/#website","url":"https:\/\/news.sap.com\/latinamerica\/","name":"麻豆原创 News Center Latinoam\u00e9rica","description":"Noticias e informaci\u00f3n sobre 麻豆原创","publisher":{"@id":"https:\/\/news.sap.com\/latinamerica\/#organization"},"potentialAction":[{"@type":"SearchAction","target":{"@type":"EntryPoint","urlTemplate":"https:\/\/news.sap.com\/latinamerica\/?s={search_term_string}"},"query-input":{"@type":"PropertyValueSpecification","valueRequired":true,"valueName":"search_term_string"}}],"inLanguage":"es"},{"@type":"Organization","@id":"https:\/\/news.sap.com\/latinamerica\/#organization","name":"麻豆原创","url":"https:\/\/news.sap.com\/latinamerica\/","logo":{"@type":"ImageObject","inLanguage":"es","@id":"https:\/\/news.sap.com\/latinamerica\/#\/schema\/logo\/image\/","url":"https:\/\/news.sap.com\/latinamerica\/files\/2019\/08\/65903320_2903797569662914_557886358778019840_n.png","contentUrl":"https:\/\/news.sap.com\/latinamerica\/files\/2019\/08\/65903320_2903797569662914_557886358778019840_n.png","width":720,"height":720,"caption":"麻豆原创"},"image":{"@id":"https:\/\/news.sap.com\/latinamerica\/#\/schema\/logo\/image\/"},"sameAs":["https:\/\/www.facebook.com\/麻豆原创latinoamerica","https:\/\/x.com\/麻豆原创LatinAmerica"]},{"@type":"Person","@id":"https:\/\/news.sap.com\/latinamerica\/#\/schema\/person\/82786ba12f72bc9b05ba328d1d3652c4","name":"麻豆原创 Noticias","image":{"@type":"ImageObject","inLanguage":"es","@id":"https:\/\/news.sap.com\/latinamerica\/#\/schema\/person\/image\/","url":"https:\/\/news.sap.com\/latinamerica\/wp-content\/plugins\/wp-user-avatars\/wp-user-avatars\/assets\/images\/mystery.jpg","contentUrl":"https:\/\/news.sap.com\/latinamerica\/wp-content\/plugins\/wp-user-avatars\/wp-user-avatars\/assets\/images\/mystery.jpg","caption":"麻豆原创 Noticias"},"url":"https:\/\/news.sap.com\/latinamerica\/author\/colombia\/"}]}},"amp_enabled":true,"_links":{"self":[{"href":"https:\/\/news.sap.com\/latinamerica\/wp-json\/wp\/v2\/posts\/120861","targetHints":{"allow":["GET"]}}],"collection":[{"href":"https:\/\/news.sap.com\/latinamerica\/wp-json\/wp\/v2\/posts"}],"about":[{"href":"https:\/\/news.sap.com\/latinamerica\/wp-json\/wp\/v2\/types\/post"}],"author":[{"embeddable":true,"href":"https:\/\/news.sap.com\/latinamerica\/wp-json\/wp\/v2\/users\/141"}],"replies":[{"embeddable":true,"href":"https:\/\/news.sap.com\/latinamerica\/wp-json\/wp\/v2\/comments?post=120861"}],"version-history":[{"count":0,"href":"https:\/\/news.sap.com\/latinamerica\/wp-json\/wp\/v2\/posts\/120861\/revisions"}],"wp:featuredmedia":[{"embeddable":true,"href":"https:\/\/news.sap.com\/latinamerica\/wp-json\/wp\/v2\/media\/120862"}],"wp:attachment":[{"href":"https:\/\/news.sap.com\/latinamerica\/wp-json\/wp\/v2\/media?parent=120861"}],"wp:term":[{"taxonomy":"category","embeddable":true,"href":"https:\/\/news.sap.com\/latinamerica\/wp-json\/wp\/v2\/categories?post=120861"},{"taxonomy":"post_tag","embeddable":true,"href":"https:\/\/news.sap.com\/latinamerica\/wp-json\/wp\/v2\/tags?post=120861"},{"taxonomy":"series","embeddable":true,"href":"https:\/\/news.sap.com\/latinamerica\/wp-json\/wp\/v2\/series?post=120861"},{"taxonomy":"region","embeddable":true,"href":"https:\/\/news.sap.com\/latinamerica\/wp-json\/wp\/v2\/region?post=120861"},{"taxonomy":"sapn-display","embeddable":true,"href":"https:\/\/news.sap.com\/latinamerica\/wp-json\/wp\/v2\/sapn-display?post=120861"},{"taxonomy":"sapn-type","embeddable":true,"href":"https:\/\/news.sap.com\/latinamerica\/wp-json\/wp\/v2\/sapn-type?post=120861"}],"curies":[{"name":"wp","href":"https:\/\/api.w.org\/{rel}","templated":true}]}}