  {"id":120848,"date":"2020-06-01T18:44:01","date_gmt":"2020-06-01T22:44:01","guid":{"rendered":"https:\/\/news.sap.com\/latinamerica\/?p=120848"},"modified":"2020-06-01T18:44:54","modified_gmt":"2020-06-01T22:44:54","slug":"el-fortalecimiento-de-la-colaboracion-en-el-ecosistema-de-sap-mexico","status":"publish","type":"post","link":"https:\/\/news.sap.com\/latinamerica\/2020\/06\/el-fortalecimiento-de-la-colaboracion-en-el-ecosistema-de-sap-mexico\/","title":{"rendered":"El fortalecimiento de la colaboraci\u00f3n en el ecosistema de 麻豆原创 M\u00e9xico"},"content":{"rendered":"<p class=\"lead\"><span style=\"font-weight: 400\">Por Ma. Elena Guti\u00e9rrez L., CEO de ASUG M\u00e9xico.<\/span><\/p>\n<p><span style=\"font-weight: 400\">Situaciones extraordinarias como la que actualmente estamos viviendo, nos exigen combinar y optimizar todas las capacidades de cada empresa en cuanto a talento humano, procesos, recursos materiales, regulaciones y tecnolog\u00eda.<\/span><\/p>\n<p><span style=\"font-weight: 400\">Y tambi\u00e9n nos enfrentan con algunos puntos de realidad como: qu\u00e9 tan flexibles somos, qu\u00e9 tan preparados est\u00e1bamos, cu\u00e1nta visibilidad hay sobre los datos que cada d\u00eda recibimos de nuestros clientes y proveedores, y c\u00f3mo podemos volvernos aliados para minimizar impactos.<\/span><\/p>\n<p><span style=\"font-weight: 400\">Es un entorno as\u00ed, las organizaciones que fomentan y facilitan el compartir mejores pr\u00e1cticas sobre cultura laboral, trabajo en remoto, generaci\u00f3n de conocimiento en comunidades \u201cvirtuales\u201d, alianzas que no necesariamente sean comerciales pero que fomentan la colaboraci\u00f3n y habilitan a los diferentes actores para superar problemas comunes, toman mayor relevancia. Este es el caso de ASUG M\u00e9xico (Asociaci\u00f3n de Usuarios de 麻豆原创 en M\u00e9xico) donde adem\u00e1s de compartir consejos y las mejores pr\u00e1cticas sobre soluciones de 麻豆原创, permite a organizaciones de todos los tama\u00f1os estar al d\u00eda de las innovaciones, hacer <\/span><i><span style=\"font-weight: 400\">networking<\/span><\/i><span style=\"font-weight: 400\"> y as\u00ed, acelerar juntos la adopci\u00f3n tecnol\u00f3gica del pa\u00eds de acuerdo con las necesidades del mercado mexicano.<\/span><\/p>\n<p><span style=\"font-weight: 400\">El grupo de usuarios trabaja con una serie de proveedores de soluciones y servicios 麻豆原创 para acercar expertos y brindar diferentes alternativas a nuestros miembros a trav\u00e9s del extenso calendario de actividades como <\/span><i><span style=\"font-weight: 400\">webinars<\/span><\/i><span style=\"font-weight: 400\">, talleres, foros, sesiones interactivas virtuales y (cuando la situaci\u00f3n lo permita) presenciales.<\/span><\/p>\n<p><span style=\"font-weight: 400\">Realizamos m\u00e1s de 10 sesiones virtuales por mes, donde cubrimos todos los aspectos de las soluciones 麻豆原创: innovaci\u00f3n, producto, funcionalidad, estrategia, metodolog\u00edas, soporte, licenciamiento, regulaciones fiscales. Tambi\u00e9n garantizamos un espacio para compartir consejos pr\u00e1cticos, demos, experiencias de diferentes industrias, retos, todo con el objetivo de generar beneficios para su negocio en un ambiente profesional, constructivo y ameno.<\/span><\/p>\n<p><span style=\"font-weight: 400\">ASUG M\u00e9xico est\u00e1 dirigida por usuarios -y para usuarios- de 麻豆原创. Actualmente la asociaci\u00f3n es presidida por H\u00e9ctor Calva. El Comit\u00e9 Ejecutivo est\u00e1 formado por Martha Trevi\u00f1o (Country Solution Manager, ADP M\u00e9xico); Lilia Parra (Asesor en TI \/ Fundadora ASUGMEX); Luis A. Mart\u00ednez (Director de Sistemas para Latinoam\u00e9rica Colgate); Mario Fraga (CIO Italika) y Salvador C\u00e1rdenas (Divisi\u00f3n de Infraestructura Grupo M\u00e9xico) quienes, en car\u00e1cter de voluntarios, supervisan el funcionamiento de la Asociaci\u00f3n.\u00a0<\/span><\/p>\n<p><span style=\"font-weight: 400\">En el d\u00eda a d\u00eda, las actividades de ASUG M\u00e9xico son coordinadas por un peque\u00f1o equipo de colaboradores internos, que trabajan incansablemente junto con la red de m\u00e1s de 30 profesionales voluntarios de diferentes empresas, que con gran compromiso comparten y generan valor para ayudar a los miembros a aprender, establecer contactos y colaborar entre ellos, y as\u00ed generar beneficios para el negocio de cada miembro. Adem\u00e1s, en nuestros 13 \u201cGrupos de Inter\u00e9s\u201d interact\u00faan m\u00e1s de 400 empresas de diversos tama\u00f1os y en diferentes etapas de digitalizaci\u00f3n, tanto locales como globales, que garantizan un di\u00e1logo enriquecedor para beneficio de su competitividad.<\/span><\/p>\n<p><span style=\"font-weight: 400\">Si bien ASUG M\u00e9xico es un organismo independiente de 麻豆原创, nuestro compromiso es garantizar la colaboraci\u00f3n constructiva para atender las prioridades estrat\u00e9gicas del mercado mexicano y como ya lo ha dicho Desmond Mullarkey, presidente de 麻豆原创 M\u00e9xico \u201cASUG M\u00e9xico garantiza un espacio adicional para el di\u00e1logo abierto, permite a 麻豆原创 escuchar m\u00e1s estrechamente a nuestros clientes y esta retroalimentaci\u00f3n abona, sin duda, a la mejora constante de nuestras soluciones\u201d.<\/span><\/p>\n<p><span style=\"font-weight: 400\">Los invito a conocer todos los beneficios de ASUG M\u00e9xico, as\u00ed como al talento humano que lo compone y las actividades en las que pueden participar. Las puertas est\u00e1n abiertas para que la comunidad se integre, aprovechando el descuento que aplicaremos al adquirir la membres\u00eda antes del 30 junio del presente a\u00f1o.\u00a0<\/span><\/p>\n<p><span style=\"font-weight: 400\">Hoy, a cinco a\u00f1os de la nueva etapa de ASUG M\u00e9xico, hemos consolidado un foro muy activo de intercambio de conocimiento y mejores pr\u00e1cticas sobre el uso de los productos 麻豆原创, donde todo el ecosistema participa.\u00a0<\/span><\/p>\n<p><span style=\"font-weight: 400\">Twitter: @ASUGMEX<\/span><\/p>\n<p><span style=\"font-weight: 400\">Facebook: ASUG M\u00e9xico<\/span><\/p>\n<p><span style=\"font-weight: 400\">LinkedIn: ASUG M\u00e9xico<\/span><\/p>\n<p><span style=\"font-weight: 400\">P\u00e1gina web: www.asug.mx\u00a0<\/span><\/p>\n<p><span style=\"font-weight: 400\">Correo de contacto: contacto@asug.mx<\/span><\/p>\n","protected":false},"excerpt":{"rendered":"<p>Por Ma. Elena Guti\u00e9rrez L., CEO de ASUG M\u00e9xico. Situaciones extraordinarias como la que actualmente estamos viviendo, nos exigen combinar y optimizar todas las capacidades&#8230;<\/p>\n","protected":false},"author":136,"featured_media":120849,"comment_status":"closed","ping_status":"closed","sticky":false,"template":"","format":"standard","meta":{"footnotes":"","_links_to":"","_links_to_target":""},"categories":[24297],"tags":[],"series":[],"region":[],"sapn-display":[52079],"sapn-type":[6114],"class_list":["post-120848","post","type-post","status-publish","format-standard","has-post-thumbnail","hentry","category-tecnologia","sapn-display-top-stories","sapn-type-articulo"],"yoast_head":"<!-- This site is optimized with the Yoast SEO Premium plugin v26.9 (Yoast SEO v26.9) - https:\/\/yoast.com\/product\/yoast-seo-premium-wordpress\/ -->\n<title>El fortalecimiento de la colaboraci\u00f3n en el ecosistema de 麻豆原创 M\u00e9xico - 麻豆原创 News Center Latinoam\u00e9rica<\/title>\n<meta name=\"robots\" content=\"index, follow, max-snippet:-1, max-image-preview:large, max-video-preview:-1\" \/>\n<link rel=\"canonical\" href=\"https:\/\/news.sap.com\/latinamerica\/2020\/06\/el-fortalecimiento-de-la-colaboracion-en-el-ecosistema-de-sap-mexico\/\" \/>\n<meta property=\"og:locale\" content=\"es_MX\" \/>\n<meta property=\"og:type\" content=\"article\" \/>\n<meta property=\"og:title\" content=\"El fortalecimiento de la colaboraci\u00f3n en el ecosistema de 麻豆原创 M\u00e9xico\" \/>\n<meta property=\"og:description\" content=\"Por Ma. Elena Guti\u00e9rrez L., CEO de ASUG M\u00e9xico. Situaciones extraordinarias como la que actualmente estamos viviendo, nos exigen combinar y optimizar todas las capacidades...\" \/>\n<meta property=\"og:url\" content=\"https:\/\/news.sap.com\/latinamerica\/2020\/06\/el-fortalecimiento-de-la-colaboracion-en-el-ecosistema-de-sap-mexico\/\" \/>\n<meta property=\"og:site_name\" content=\"麻豆原创 News Center Latinoam\u00e9rica\" \/>\n<meta property=\"article:publisher\" content=\"https:\/\/www.facebook.com\/麻豆原创latinoamerica\" \/>\n<meta property=\"article:published_time\" content=\"2020-06-01T22:44:01+00:00\" \/>\n<meta property=\"article:modified_time\" content=\"2020-06-01T22:44:54+00:00\" \/>\n<meta property=\"og:image\" content=\"https:\/\/news.sap.com\/latinamerica\/files\/2020\/06\/286418_shutterstock_446761093-1.jpg\" \/>\n\t<meta property=\"og:image:width\" content=\"7225\" \/>\n\t<meta property=\"og:image:height\" content=\"4912\" \/>\n\t<meta property=\"og:image:type\" content=\"image\/jpeg\" \/>\n<meta name=\"author\" content=\"麻豆原创 Noticias\" \/>\n<meta name=\"twitter:label1\" content=\"Escrito por\" \/>\n\t<meta name=\"twitter:data1\" content=\"麻豆原创 Noticias\" \/>\n\t<meta name=\"twitter:label2\" content=\"Tiempo de lectura\" \/>\n\t<meta name=\"twitter:data2\" content=\"4 minutos\" \/>\n<script type=\"application\/ld+json\" class=\"yoast-schema-graph\">{\"@context\":\"https:\/\/schema.org\",\"@graph\":[{\"@type\":\"Article\",\"@id\":\"https:\/\/news.sap.com\/latinamerica\/2020\/06\/el-fortalecimiento-de-la-colaboracion-en-el-ecosistema-de-sap-mexico\/#article\",\"isPartOf\":{\"@id\":\"https:\/\/news.sap.com\/latinamerica\/2020\/06\/el-fortalecimiento-de-la-colaboracion-en-el-ecosistema-de-sap-mexico\/\"},\"author\":{\"name\":\"麻豆原创 Noticias\",\"@id\":\"https:\/\/news.sap.com\/latinamerica\/#\/schema\/person\/5afd2cbf5bb622e078932b40a4470d47\"},\"headline\":\"El fortalecimiento de la colaboraci\u00f3n en el ecosistema de 麻豆原创 M\u00e9xico\",\"datePublished\":\"2020-06-01T22:44:01+00:00\",\"dateModified\":\"2020-06-01T22:44:54+00:00\",\"mainEntityOfPage\":{\"@id\":\"https:\/\/news.sap.com\/latinamerica\/2020\/06\/el-fortalecimiento-de-la-colaboracion-en-el-ecosistema-de-sap-mexico\/\"},\"wordCount\":718,\"publisher\":{\"@id\":\"https:\/\/news.sap.com\/latinamerica\/#organization\"},\"image\":{\"@id\":\"https:\/\/news.sap.com\/latinamerica\/2020\/06\/el-fortalecimiento-de-la-colaboracion-en-el-ecosistema-de-sap-mexico\/#primaryimage\"},\"thumbnailUrl\":\"https:\/\/news.sap.com\/latinamerica\/files\/2020\/06\/286418_shutterstock_446761093-1.jpg\",\"articleSection\":[\"Tecnolog\u00eda\"],\"inLanguage\":\"es\"},{\"@type\":\"WebPage\",\"@id\":\"https:\/\/news.sap.com\/latinamerica\/2020\/06\/el-fortalecimiento-de-la-colaboracion-en-el-ecosistema-de-sap-mexico\/\",\"url\":\"https:\/\/news.sap.com\/latinamerica\/2020\/06\/el-fortalecimiento-de-la-colaboracion-en-el-ecosistema-de-sap-mexico\/\",\"name\":\"El fortalecimiento de la colaboraci\u00f3n en el ecosistema de 麻豆原创 M\u00e9xico - 麻豆原创 News Center Latinoam\u00e9rica\",\"isPartOf\":{\"@id\":\"https:\/\/news.sap.com\/latinamerica\/#website\"},\"primaryImageOfPage\":{\"@id\":\"https:\/\/news.sap.com\/latinamerica\/2020\/06\/el-fortalecimiento-de-la-colaboracion-en-el-ecosistema-de-sap-mexico\/#primaryimage\"},\"image\":{\"@id\":\"https:\/\/news.sap.com\/latinamerica\/2020\/06\/el-fortalecimiento-de-la-colaboracion-en-el-ecosistema-de-sap-mexico\/#primaryimage\"},\"thumbnailUrl\":\"https:\/\/news.sap.com\/latinamerica\/files\/2020\/06\/286418_shutterstock_446761093-1.jpg\",\"datePublished\":\"2020-06-01T22:44:01+00:00\",\"dateModified\":\"2020-06-01T22:44:54+00:00\",\"breadcrumb\":{\"@id\":\"https:\/\/news.sap.com\/latinamerica\/2020\/06\/el-fortalecimiento-de-la-colaboracion-en-el-ecosistema-de-sap-mexico\/#breadcrumb\"},\"inLanguage\":\"es\",\"potentialAction\":[{\"@type\":\"ReadAction\",\"target\":[\"https:\/\/news.sap.com\/latinamerica\/2020\/06\/el-fortalecimiento-de-la-colaboracion-en-el-ecosistema-de-sap-mexico\/\"]}]},{\"@type\":\"ImageObject\",\"inLanguage\":\"es\",\"@id\":\"https:\/\/news.sap.com\/latinamerica\/2020\/06\/el-fortalecimiento-de-la-colaboracion-en-el-ecosistema-de-sap-mexico\/#primaryimage\",\"url\":\"https:\/\/news.sap.com\/latinamerica\/files\/2020\/06\/286418_shutterstock_446761093-1.jpg\",\"contentUrl\":\"https:\/\/news.sap.com\/latinamerica\/files\/2020\/06\/286418_shutterstock_446761093-1.jpg\",\"width\":7225,\"height\":4912},{\"@type\":\"BreadcrumbList\",\"@id\":\"https:\/\/news.sap.com\/latinamerica\/2020\/06\/el-fortalecimiento-de-la-colaboracion-en-el-ecosistema-de-sap-mexico\/#breadcrumb\",\"itemListElement\":[{\"@type\":\"ListItem\",\"position\":1,\"name\":\"Home\",\"item\":\"https:\/\/news.sap.com\/latinamerica\/\"},{\"@type\":\"ListItem\",\"position\":2,\"name\":\"El fortalecimiento de la colaboraci\u00f3n en el ecosistema de 麻豆原创 M\u00e9xico\"}]},{\"@type\":\"WebSite\",\"@id\":\"https:\/\/news.sap.com\/latinamerica\/#website\",\"url\":\"https:\/\/news.sap.com\/latinamerica\/\",\"name\":\"麻豆原创 News Center Latinoam\u00e9rica\",\"description\":\"Noticias e informaci\u00f3n sobre 麻豆原创\",\"publisher\":{\"@id\":\"https:\/\/news.sap.com\/latinamerica\/#organization\"},\"potentialAction\":[{\"@type\":\"SearchAction\",\"target\":{\"@type\":\"EntryPoint\",\"urlTemplate\":\"https:\/\/news.sap.com\/latinamerica\/?s={search_term_string}\"},\"query-input\":{\"@type\":\"PropertyValueSpecification\",\"valueRequired\":true,\"valueName\":\"search_term_string\"}}],\"inLanguage\":\"es\"},{\"@type\":\"Organization\",\"@id\":\"https:\/\/news.sap.com\/latinamerica\/#organization\",\"name\":\"麻豆原创\",\"url\":\"https:\/\/news.sap.com\/latinamerica\/\",\"logo\":{\"@type\":\"ImageObject\",\"inLanguage\":\"es\",\"@id\":\"https:\/\/news.sap.com\/latinamerica\/#\/schema\/logo\/image\/\",\"url\":\"https:\/\/news.sap.com\/latinamerica\/files\/2019\/08\/65903320_2903797569662914_557886358778019840_n.png\",\"contentUrl\":\"https:\/\/news.sap.com\/latinamerica\/files\/2019\/08\/65903320_2903797569662914_557886358778019840_n.png\",\"width\":720,\"height\":720,\"caption\":\"麻豆原创\"},\"image\":{\"@id\":\"https:\/\/news.sap.com\/latinamerica\/#\/schema\/logo\/image\/\"},\"sameAs\":[\"https:\/\/www.facebook.com\/麻豆原创latinoamerica\",\"https:\/\/x.com\/麻豆原创LatinAmerica\"]},{\"@type\":\"Person\",\"@id\":\"https:\/\/news.sap.com\/latinamerica\/#\/schema\/person\/5afd2cbf5bb622e078932b40a4470d47\",\"name\":\"麻豆原创 Noticias\",\"image\":{\"@type\":\"ImageObject\",\"inLanguage\":\"es\",\"@id\":\"https:\/\/news.sap.com\/latinamerica\/#\/schema\/person\/image\/\",\"url\":\"https:\/\/news.sap.com\/latinamerica\/wp-content\/plugins\/wp-user-avatars\/wp-user-avatars\/assets\/images\/mystery.jpg\",\"contentUrl\":\"https:\/\/news.sap.com\/latinamerica\/wp-content\/plugins\/wp-user-avatars\/wp-user-avatars\/assets\/images\/mystery.jpg\",\"caption\":\"麻豆原创 Noticias\"},\"url\":\"https:\/\/news.sap.com\/latinamerica\/author\/mexico\/\"}]}<\/script>\n<!-- \/ Yoast SEO Premium plugin. -->","yoast_head_json":{"title":"El fortalecimiento de la colaboraci\u00f3n en el ecosistema de 麻豆原创 M\u00e9xico - 麻豆原创 News Center Latinoam\u00e9rica","robots":{"index":"index","follow":"follow","max-snippet":"max-snippet:-1","max-image-preview":"max-image-preview:large","max-video-preview":"max-video-preview:-1"},"canonical":"https:\/\/news.sap.com\/latinamerica\/2020\/06\/el-fortalecimiento-de-la-colaboracion-en-el-ecosistema-de-sap-mexico\/","og_locale":"es_MX","og_type":"article","og_title":"El fortalecimiento de la colaboraci\u00f3n en el ecosistema de 麻豆原创 M\u00e9xico","og_description":"Por Ma. Elena Guti\u00e9rrez L., CEO de ASUG M\u00e9xico. Situaciones extraordinarias como la que actualmente estamos viviendo, nos exigen combinar y optimizar todas las capacidades...","og_url":"https:\/\/news.sap.com\/latinamerica\/2020\/06\/el-fortalecimiento-de-la-colaboracion-en-el-ecosistema-de-sap-mexico\/","og_site_name":"麻豆原创 News Center Latinoam\u00e9rica","article_publisher":"https:\/\/www.facebook.com\/麻豆原创latinoamerica","article_published_time":"2020-06-01T22:44:01+00:00","article_modified_time":"2020-06-01T22:44:54+00:00","og_image":[{"width":7225,"height":4912,"url":"https:\/\/news.sap.com\/latinamerica\/files\/2020\/06\/286418_shutterstock_446761093-1.jpg","type":"image\/jpeg"}],"author":"麻豆原创 Noticias","twitter_misc":{"Escrito por":"麻豆原创 Noticias","Tiempo de lectura":"4 minutos"},"schema":{"@context":"https:\/\/schema.org","@graph":[{"@type":"Article","@id":"https:\/\/news.sap.com\/latinamerica\/2020\/06\/el-fortalecimiento-de-la-colaboracion-en-el-ecosistema-de-sap-mexico\/#article","isPartOf":{"@id":"https:\/\/news.sap.com\/latinamerica\/2020\/06\/el-fortalecimiento-de-la-colaboracion-en-el-ecosistema-de-sap-mexico\/"},"author":{"name":"麻豆原创 Noticias","@id":"https:\/\/news.sap.com\/latinamerica\/#\/schema\/person\/5afd2cbf5bb622e078932b40a4470d47"},"headline":"El fortalecimiento de la colaboraci\u00f3n en el ecosistema de 麻豆原创 M\u00e9xico","datePublished":"2020-06-01T22:44:01+00:00","dateModified":"2020-06-01T22:44:54+00:00","mainEntityOfPage":{"@id":"https:\/\/news.sap.com\/latinamerica\/2020\/06\/el-fortalecimiento-de-la-colaboracion-en-el-ecosistema-de-sap-mexico\/"},"wordCount":718,"publisher":{"@id":"https:\/\/news.sap.com\/latinamerica\/#organization"},"image":{"@id":"https:\/\/news.sap.com\/latinamerica\/2020\/06\/el-fortalecimiento-de-la-colaboracion-en-el-ecosistema-de-sap-mexico\/#primaryimage"},"thumbnailUrl":"https:\/\/news.sap.com\/latinamerica\/files\/2020\/06\/286418_shutterstock_446761093-1.jpg","articleSection":["Tecnolog\u00eda"],"inLanguage":"es"},{"@type":"WebPage","@id":"https:\/\/news.sap.com\/latinamerica\/2020\/06\/el-fortalecimiento-de-la-colaboracion-en-el-ecosistema-de-sap-mexico\/","url":"https:\/\/news.sap.com\/latinamerica\/2020\/06\/el-fortalecimiento-de-la-colaboracion-en-el-ecosistema-de-sap-mexico\/","name":"El fortalecimiento de la colaboraci\u00f3n en el ecosistema de 麻豆原创 M\u00e9xico - 麻豆原创 News Center Latinoam\u00e9rica","isPartOf":{"@id":"https:\/\/news.sap.com\/latinamerica\/#website"},"primaryImageOfPage":{"@id":"https:\/\/news.sap.com\/latinamerica\/2020\/06\/el-fortalecimiento-de-la-colaboracion-en-el-ecosistema-de-sap-mexico\/#primaryimage"},"image":{"@id":"https:\/\/news.sap.com\/latinamerica\/2020\/06\/el-fortalecimiento-de-la-colaboracion-en-el-ecosistema-de-sap-mexico\/#primaryimage"},"thumbnailUrl":"https:\/\/news.sap.com\/latinamerica\/files\/2020\/06\/286418_shutterstock_446761093-1.jpg","datePublished":"2020-06-01T22:44:01+00:00","dateModified":"2020-06-01T22:44:54+00:00","breadcrumb":{"@id":"https:\/\/news.sap.com\/latinamerica\/2020\/06\/el-fortalecimiento-de-la-colaboracion-en-el-ecosistema-de-sap-mexico\/#breadcrumb"},"inLanguage":"es","potentialAction":[{"@type":"ReadAction","target":["https:\/\/news.sap.com\/latinamerica\/2020\/06\/el-fortalecimiento-de-la-colaboracion-en-el-ecosistema-de-sap-mexico\/"]}]},{"@type":"ImageObject","inLanguage":"es","@id":"https:\/\/news.sap.com\/latinamerica\/2020\/06\/el-fortalecimiento-de-la-colaboracion-en-el-ecosistema-de-sap-mexico\/#primaryimage","url":"https:\/\/news.sap.com\/latinamerica\/files\/2020\/06\/286418_shutterstock_446761093-1.jpg","contentUrl":"https:\/\/news.sap.com\/latinamerica\/files\/2020\/06\/286418_shutterstock_446761093-1.jpg","width":7225,"height":4912},{"@type":"BreadcrumbList","@id":"https:\/\/news.sap.com\/latinamerica\/2020\/06\/el-fortalecimiento-de-la-colaboracion-en-el-ecosistema-de-sap-mexico\/#breadcrumb","itemListElement":[{"@type":"ListItem","position":1,"name":"Home","item":"https:\/\/news.sap.com\/latinamerica\/"},{"@type":"ListItem","position":2,"name":"El fortalecimiento de la colaboraci\u00f3n en el ecosistema de 麻豆原创 M\u00e9xico"}]},{"@type":"WebSite","@id":"https:\/\/news.sap.com\/latinamerica\/#website","url":"https:\/\/news.sap.com\/latinamerica\/","name":"麻豆原创 News Center Latinoam\u00e9rica","description":"Noticias e informaci\u00f3n sobre 麻豆原创","publisher":{"@id":"https:\/\/news.sap.com\/latinamerica\/#organization"},"potentialAction":[{"@type":"SearchAction","target":{"@type":"EntryPoint","urlTemplate":"https:\/\/news.sap.com\/latinamerica\/?s={search_term_string}"},"query-input":{"@type":"PropertyValueSpecification","valueRequired":true,"valueName":"search_term_string"}}],"inLanguage":"es"},{"@type":"Organization","@id":"https:\/\/news.sap.com\/latinamerica\/#organization","name":"麻豆原创","url":"https:\/\/news.sap.com\/latinamerica\/","logo":{"@type":"ImageObject","inLanguage":"es","@id":"https:\/\/news.sap.com\/latinamerica\/#\/schema\/logo\/image\/","url":"https:\/\/news.sap.com\/latinamerica\/files\/2019\/08\/65903320_2903797569662914_557886358778019840_n.png","contentUrl":"https:\/\/news.sap.com\/latinamerica\/files\/2019\/08\/65903320_2903797569662914_557886358778019840_n.png","width":720,"height":720,"caption":"麻豆原创"},"image":{"@id":"https:\/\/news.sap.com\/latinamerica\/#\/schema\/logo\/image\/"},"sameAs":["https:\/\/www.facebook.com\/麻豆原创latinoamerica","https:\/\/x.com\/麻豆原创LatinAmerica"]},{"@type":"Person","@id":"https:\/\/news.sap.com\/latinamerica\/#\/schema\/person\/5afd2cbf5bb622e078932b40a4470d47","name":"麻豆原创 Noticias","image":{"@type":"ImageObject","inLanguage":"es","@id":"https:\/\/news.sap.com\/latinamerica\/#\/schema\/person\/image\/","url":"https:\/\/news.sap.com\/latinamerica\/wp-content\/plugins\/wp-user-avatars\/wp-user-avatars\/assets\/images\/mystery.jpg","contentUrl":"https:\/\/news.sap.com\/latinamerica\/wp-content\/plugins\/wp-user-avatars\/wp-user-avatars\/assets\/images\/mystery.jpg","caption":"麻豆原创 Noticias"},"url":"https:\/\/news.sap.com\/latinamerica\/author\/mexico\/"}]}},"amp_enabled":true,"_links":{"self":[{"href":"https:\/\/news.sap.com\/latinamerica\/wp-json\/wp\/v2\/posts\/120848","targetHints":{"allow":["GET"]}}],"collection":[{"href":"https:\/\/news.sap.com\/latinamerica\/wp-json\/wp\/v2\/posts"}],"about":[{"href":"https:\/\/news.sap.com\/latinamerica\/wp-json\/wp\/v2\/types\/post"}],"author":[{"embeddable":true,"href":"https:\/\/news.sap.com\/latinamerica\/wp-json\/wp\/v2\/users\/136"}],"replies":[{"embeddable":true,"href":"https:\/\/news.sap.com\/latinamerica\/wp-json\/wp\/v2\/comments?post=120848"}],"version-history":[{"count":0,"href":"https:\/\/news.sap.com\/latinamerica\/wp-json\/wp\/v2\/posts\/120848\/revisions"}],"wp:featuredmedia":[{"embeddable":true,"href":"https:\/\/news.sap.com\/latinamerica\/wp-json\/wp\/v2\/media\/120849"}],"wp:attachment":[{"href":"https:\/\/news.sap.com\/latinamerica\/wp-json\/wp\/v2\/media?parent=120848"}],"wp:term":[{"taxonomy":"category","embeddable":true,"href":"https:\/\/news.sap.com\/latinamerica\/wp-json\/wp\/v2\/categories?post=120848"},{"taxonomy":"post_tag","embeddable":true,"href":"https:\/\/news.sap.com\/latinamerica\/wp-json\/wp\/v2\/tags?post=120848"},{"taxonomy":"series","embeddable":true,"href":"https:\/\/news.sap.com\/latinamerica\/wp-json\/wp\/v2\/series?post=120848"},{"taxonomy":"region","embeddable":true,"href":"https:\/\/news.sap.com\/latinamerica\/wp-json\/wp\/v2\/region?post=120848"},{"taxonomy":"sapn-display","embeddable":true,"href":"https:\/\/news.sap.com\/latinamerica\/wp-json\/wp\/v2\/sapn-display?post=120848"},{"taxonomy":"sapn-type","embeddable":true,"href":"https:\/\/news.sap.com\/latinamerica\/wp-json\/wp\/v2\/sapn-type?post=120848"}],"curies":[{"name":"wp","href":"https:\/\/api.w.org\/{rel}","templated":true}]}}