  {"id":120824,"date":"2020-05-31T21:25:28","date_gmt":"2020-06-01T01:25:28","guid":{"rendered":"https:\/\/news.sap.com\/latinamerica\/?p=120824"},"modified":"2020-05-31T21:25:28","modified_gmt":"2020-06-01T01:25:28","slug":"como-empezar-a-poner-en-practica-el-well-being-empresarial-bl0g","status":"publish","type":"post","link":"https:\/\/news.sap.com\/latinamerica\/2020\/05\/como-empezar-a-poner-en-practica-el-well-being-empresarial-bl0g\/","title":{"rendered":"\u00bfC\u00f3mo empezar a poner en pr\u00e1ctica el well-being empresarial?"},"content":{"rendered":"<h3><span style=\"color: #666699\"><em>Las circunstancias en las que debemos trabajar son diferentes ahora: muchos regresar\u00e1n a las oficinas en algunas semanas y, seguramente, se mover\u00e1n en un esquema presencial y de trabajo remoto. Ante este panorama, \u00bfqu\u00e9 debe poner en pr\u00e1ctica para asegurar el bienestar empresarial de sus empleados? \u00a0<\/em><\/span><!--more--><\/h3>\n<p>De un tiempo para ac\u00e1, la transformaci\u00f3n digital en las organizaciones hab\u00eda ganado velocidad; sin embargo, en la coyuntura del COVID-19, b\u00e1sicamente estos cambios irrumpieron la vida de todas las personas: las tecnolog\u00edas en el \u00e1mbito comunicacional \u2014y definitivamente tambi\u00e9n en la ciencia\u2014 se volvieron parte de la cotidianidad.<\/p>\n<p>Mucho se habla sobre una \u201cnueva normalidad\u201d, pero \u00bfqu\u00e9 significa este t\u00e9rmino tan citado y pronunciado para el sector empresarial? Protocolos de bioseguridad en las oficinas, talleres y almacenes deben ser seguidos y tomados en cuenta \u2014<a href=\"https:\/\/www.sap.com\/latinamerica\/documents\/2020\/05\/24a5a7da-957d-0010-87a3-c30de2ffd8ff.html?url_id=originalpost-blogentry-innovationBlogLAC-2020_blog-originalpost-sapcom\" target=\"_blank\" rel=\"noopener noreferrer\">como el que elaboramos para usted<\/a>\u2014, los horarios de trabajo deben ser escalonados, la convivencia f\u00edsica entre el capital humano debe ser modificada, entre otros.<\/p>\n<p>Para que lo anterior sea posible, la salud f\u00edsica y mental de sus colaboradores debe ser lo m\u00e1s importante en este nuevo panorama que, a partir de ahora, ser\u00e1 su \u201cnueva normalidad\u201d. En consecuencia, le compartimos algunos puntos importantes para que empiece a poner en pr\u00e1ctica el well-being empresarial.<\/p>\n<p><strong>Aceptar el cambio<\/strong><\/p>\n<p>Es importante aceptar que el cambio es lo \u00fanico permanente. No obstante, a veces suele ser dif\u00edcil de admitir, por lo tanto, \u00e9sta es un \u00e1rea de oportunidad que debe trabajar con su talento humano de ahora en adelante.<\/p>\n<p><strong>Vivir el presente<\/strong><\/p>\n<p>Ser consciente de las nuevas circunstancias que deben manejarse, de los cambios espaciales en la oficina que deben hacerse o la forma de coexistir con los compa\u00f1eros de trabajo son acciones que deben ser estrat\u00e9gicamente pensadas por su organizaci\u00f3n para que sus colaboradores vivan de la mejor manera su presente.<\/p>\n<p><strong>Convivir con las emociones<\/strong><\/p>\n<p>Contrario a lo que suele pensarse, las emociones y sentimientos deben ser, en primera instancia, reconocidas, despu\u00e9s aceptadas para, finalmente, poder trabajarlas. Sustancialmente, \u00e9ste es un terreno que pocas organizaciones toman en cuenta en el desarrollo de sus empleados. Aqu\u00ed tiene un <a href=\"https:\/\/thriveglobal.com\/stories\/manage-anxiety-and-stress-your-job-work-psychologists-coronavirus-crisis\/?url_id=originalpost-blogentry-innovationBlogLAC-2020_blog-originalpost-sapcom\" target=\"_blank\" rel=\"noopener noreferrer\">punto para trabajar<\/a>.<\/p>\n<p><strong>\u00a0<\/strong><strong>Alentar el cuidado personal<\/strong><\/p>\n<p>Al trabajar desde casa, seguramente muchos de los h\u00e1bitos, como el comer saludable o dormir en los horarios recomendados, se vieron modificados. As\u00ed como motiva a su fuerza laboral para que haga rutinas de trabajo, recomi\u00e9ndeles rutinas de cuidado personal para que encuentren un equilibrio entre lo profesional y su vida en casa.<\/p>\n<div style=\"width: 640px;\" class=\"wp-video\"><video class=\"wp-video-shortcode\" id=\"video-120824-1\" width=\"640\" height=\"360\" preload=\"metadata\" controls=\"controls\"><source type=\"video\/mp4\" src=\"https:\/\/news.sap.com\/latinamerica\/files\/2020\/05\/JuliaIsaurraldeVideo2.mp4?_=1\" \/><a href=\"https:\/\/news.sap.com\/latinamerica\/files\/2020\/05\/JuliaIsaurraldeVideo2.mp4\">https:\/\/news.sap.com\/latinamerica\/files\/2020\/05\/JuliaIsaurraldeVideo2.mp4<\/a><\/video><\/div>\n<p><strong>Fomentar el apoyo social<\/strong><\/p>\n<p>Saber que alguien est\u00e1 ah\u00ed para escuchar es fundamental para evitar el estr\u00e9s que puede causar la soledad. Es necesario promover las conexiones entre compa\u00f1eros de trabajo que no tengan que ver con cuestiones laborales, sino del tipo de \u201cconvivencia de pasillo\u201d.<\/p>\n<p>De acuerdo con una encuesta realizada por <a href=\"https:\/\/thriveglobal.com\/stories\/managers-help-prevent-burnout-coronavirus\/?url_id=originalpost-blogentry-innovationBlogLAC-2020_blog-originalpost-sapcom\" target=\"_blank\" rel=\"noopener noreferrer\"><em>Thrive Global<\/em><\/a>, el 80% de los encuestados quisieran m\u00e1s apoyo y orientaci\u00f3n por parte de sus jefes o empleadores. Por ello, adem\u00e1s de administrar la productividad del talento humano, uno de los principales retos de Recursos Humanos es gestionar su bienestar.<\/p>\n<p>Para que enfrente los retos que la situaci\u00f3n actual demanda, en <a href=\"https:\/\/events.sap.com\/mx\/hxm\/es\/home?url_id=originalpost-blogentry-innovationBlogLAC-2020_blog-originalpost-sapcom\" target=\"_blank\" rel=\"noopener noreferrer\">este portal<\/a> le compartimos las mejores pr\u00e1cticas, art\u00edculos de inter\u00e9s, eventos <em>on demand<\/em> y otros. Descubra c\u00f3mo los l\u00edderes en RR.HH. dirigen la seguridad f\u00edsica, mental y financiera de su fuerza laboral, que repercute directamente en el crecimiento del negocio.<\/p>\n<p><a href=\"https:\/\/www.facebook.com\/麻豆原创latinoamerica\" target=\"_blank\" rel=\"noopener noreferrer\">Facebook<\/a>\u00a0\/\u00a0<a href=\"https:\/\/twitter.com\/麻豆原创LatinAmerica\" target=\"_blank\" rel=\"noopener noreferrer\">Twitter<\/a>\u00a0\/\u00a0<a href=\"https:\/\/www.linkedin.com\/company\/sap\" target=\"_blank\" rel=\"noopener noreferrer\">LinkedIn<\/a>\u00a0\/\u00a0<a href=\"https:\/\/instagram.com\/麻豆原创Latinamerica\/\" target=\"_blank\" rel=\"noopener noreferrer\">Instagram<\/a><\/p>\n<hr \/>\n<p>\u00a9 2020 麻豆原创 SE. All rights reserved. 麻豆原创 and other 麻豆原创 products and services mentioned herein as well as their respective logos are trademarks or registered trademarks of 麻豆原创 SE in Germany and other countries. Please see <a href=\"http:\/\/www.sap.com\/corporateen\/legal\/copyright\/index.epx#trademark\" target=\"_blank\" rel=\"noopener noreferrer\">http:\/\/www.sap.com\/corporateen\/legal\/copyright\/index.epx#trademark<\/a> for additional trademark information and notices.<\/p>\n","protected":false},"excerpt":{"rendered":"<p>Las circunstancias en las que debemos trabajar son diferentes ahora: muchos regresar\u00e1n a las oficinas en algunas semanas y, seguramente, se mover\u00e1n en un esquema&#8230;<\/p>\n","protected":false},"author":522,"featured_media":120825,"comment_status":"closed","ping_status":"closed","sticky":false,"template":"","format":"standard","meta":{"footnotes":"","_links_to":"","_links_to_target":""},"categories":[52090],"tags":[23864,57354,7789,20464,45399,26498],"series":[],"region":[22190,26401],"sapn-display":[52078,52079,53499],"sapn-type":[6114],"class_list":["post-120824","post","type-post","status-publish","format-standard","has-post-thumbnail","hentry","category-gestion-del-capital-humano","tag-empleados","tag-fuerza-de-trabajo","tag-human-resources","tag-recursos-humanos","tag-rrhh","tag-talento","region-centroamerica","region-latinoamerica","sapn-display-homepage-hero","sapn-display-top-stories","sapn-display-hero","sapn-type-articulo"],"yoast_head":"<!-- This site is optimized with the Yoast SEO Premium plugin v26.9 (Yoast SEO v26.9) - https:\/\/yoast.com\/product\/yoast-seo-premium-wordpress\/ -->\n<title>\u00bfC\u00f3mo empezar a poner en pr\u00e1ctica el well-being empresarial? - 麻豆原创 News Center Latinoam\u00e9rica<\/title>\n<meta name=\"robots\" content=\"index, follow, max-snippet:-1, max-image-preview:large, max-video-preview:-1\" \/>\n<link rel=\"canonical\" href=\"https:\/\/news.sap.com\/latinamerica\/2020\/05\/como-empezar-a-poner-en-practica-el-well-being-empresarial-bl0g\/\" \/>\n<meta property=\"og:locale\" content=\"es_MX\" \/>\n<meta property=\"og:type\" content=\"article\" \/>\n<meta property=\"og:title\" content=\"\u00bfC\u00f3mo empezar a poner en pr\u00e1ctica el well-being empresarial?\" \/>\n<meta property=\"og:description\" content=\"Las circunstancias en las que debemos trabajar son diferentes ahora: muchos regresar\u00e1n a las oficinas en algunas semanas y, seguramente, se mover\u00e1n en un esquema...\" \/>\n<meta property=\"og:url\" content=\"https:\/\/news.sap.com\/latinamerica\/2020\/05\/como-empezar-a-poner-en-practica-el-well-being-empresarial-bl0g\/\" \/>\n<meta property=\"og:site_name\" content=\"麻豆原创 News Center Latinoam\u00e9rica\" \/>\n<meta property=\"article:publisher\" content=\"https:\/\/www.facebook.com\/麻豆原创latinoamerica\" \/>\n<meta property=\"article:author\" content=\"https:\/\/www.facebook.com\/麻豆原创latinoamerica\" \/>\n<meta property=\"article:published_time\" content=\"2020-06-01T01:25:28+00:00\" \/>\n<meta property=\"og:image\" content=\"https:\/\/news.sap.com\/latinamerica\/files\/2020\/05\/well-being-empresarial.jpg\" \/>\n\t<meta property=\"og:image:width\" content=\"1920\" \/>\n\t<meta property=\"og:image:height\" content=\"844\" \/>\n\t<meta property=\"og:image:type\" content=\"image\/jpeg\" \/>\n<meta name=\"author\" content=\"麻豆原创 Blog de Innovaci\u00f3n\" \/>\n<meta name=\"twitter:label1\" content=\"Escrito por\" \/>\n\t<meta name=\"twitter:data1\" content=\"麻豆原创 Blog de Innovaci\u00f3n\" \/>\n\t<meta name=\"twitter:label2\" content=\"Tiempo de lectura\" \/>\n\t<meta name=\"twitter:data2\" content=\"3 minutos\" \/>\n<script type=\"application\/ld+json\" class=\"yoast-schema-graph\">{\"@context\":\"https:\/\/schema.org\",\"@graph\":[{\"@type\":\"Article\",\"@id\":\"https:\/\/news.sap.com\/latinamerica\/2020\/05\/como-empezar-a-poner-en-practica-el-well-being-empresarial-bl0g\/#article\",\"isPartOf\":{\"@id\":\"https:\/\/news.sap.com\/latinamerica\/2020\/05\/como-empezar-a-poner-en-practica-el-well-being-empresarial-bl0g\/\"},\"author\":{\"name\":\"麻豆原创 Blog de Innovaci\u00f3n\",\"@id\":\"https:\/\/news.sap.com\/latinamerica\/#\/schema\/person\/ce7d732e60a2133d7402c038db668294\"},\"headline\":\"\u00bfC\u00f3mo empezar a poner en pr\u00e1ctica el well-being empresarial?\",\"datePublished\":\"2020-06-01T01:25:28+00:00\",\"mainEntityOfPage\":{\"@id\":\"https:\/\/news.sap.com\/latinamerica\/2020\/05\/como-empezar-a-poner-en-practica-el-well-being-empresarial-bl0g\/\"},\"wordCount\":662,\"publisher\":{\"@id\":\"https:\/\/news.sap.com\/latinamerica\/#organization\"},\"image\":{\"@id\":\"https:\/\/news.sap.com\/latinamerica\/2020\/05\/como-empezar-a-poner-en-practica-el-well-being-empresarial-bl0g\/#primaryimage\"},\"thumbnailUrl\":\"https:\/\/news.sap.com\/latinamerica\/files\/2020\/05\/well-being-empresarial.jpg\",\"keywords\":[\"empleados\",\"fuerza de trabajo\",\"human resources\",\"recursos humanos\",\"RRHH\",\"talento\"],\"articleSection\":[\"Gesti\u00f3n del capital humano\"],\"inLanguage\":\"es\"},{\"@type\":\"WebPage\",\"@id\":\"https:\/\/news.sap.com\/latinamerica\/2020\/05\/como-empezar-a-poner-en-practica-el-well-being-empresarial-bl0g\/\",\"url\":\"https:\/\/news.sap.com\/latinamerica\/2020\/05\/como-empezar-a-poner-en-practica-el-well-being-empresarial-bl0g\/\",\"name\":\"\u00bfC\u00f3mo empezar a poner en pr\u00e1ctica el well-being empresarial? - 麻豆原创 News Center Latinoam\u00e9rica\",\"isPartOf\":{\"@id\":\"https:\/\/news.sap.com\/latinamerica\/#website\"},\"primaryImageOfPage\":{\"@id\":\"https:\/\/news.sap.com\/latinamerica\/2020\/05\/como-empezar-a-poner-en-practica-el-well-being-empresarial-bl0g\/#primaryimage\"},\"image\":{\"@id\":\"https:\/\/news.sap.com\/latinamerica\/2020\/05\/como-empezar-a-poner-en-practica-el-well-being-empresarial-bl0g\/#primaryimage\"},\"thumbnailUrl\":\"https:\/\/news.sap.com\/latinamerica\/files\/2020\/05\/well-being-empresarial.jpg\",\"datePublished\":\"2020-06-01T01:25:28+00:00\",\"breadcrumb\":{\"@id\":\"https:\/\/news.sap.com\/latinamerica\/2020\/05\/como-empezar-a-poner-en-practica-el-well-being-empresarial-bl0g\/#breadcrumb\"},\"inLanguage\":\"es\",\"potentialAction\":[{\"@type\":\"ReadAction\",\"target\":[\"https:\/\/news.sap.com\/latinamerica\/2020\/05\/como-empezar-a-poner-en-practica-el-well-being-empresarial-bl0g\/\"]}]},{\"@type\":\"ImageObject\",\"inLanguage\":\"es\",\"@id\":\"https:\/\/news.sap.com\/latinamerica\/2020\/05\/como-empezar-a-poner-en-practica-el-well-being-empresarial-bl0g\/#primaryimage\",\"url\":\"https:\/\/news.sap.com\/latinamerica\/files\/2020\/05\/well-being-empresarial.jpg\",\"contentUrl\":\"https:\/\/news.sap.com\/latinamerica\/files\/2020\/05\/well-being-empresarial.jpg\",\"width\":1920,\"height\":844},{\"@type\":\"BreadcrumbList\",\"@id\":\"https:\/\/news.sap.com\/latinamerica\/2020\/05\/como-empezar-a-poner-en-practica-el-well-being-empresarial-bl0g\/#breadcrumb\",\"itemListElement\":[{\"@type\":\"ListItem\",\"position\":1,\"name\":\"Home\",\"item\":\"https:\/\/news.sap.com\/latinamerica\/\"},{\"@type\":\"ListItem\",\"position\":2,\"name\":\"\u00bfC\u00f3mo empezar a poner en pr\u00e1ctica el well-being empresarial?\"}]},{\"@type\":\"WebSite\",\"@id\":\"https:\/\/news.sap.com\/latinamerica\/#website\",\"url\":\"https:\/\/news.sap.com\/latinamerica\/\",\"name\":\"麻豆原创 News Center Latinoam\u00e9rica\",\"description\":\"Noticias e informaci\u00f3n sobre 麻豆原创\",\"publisher\":{\"@id\":\"https:\/\/news.sap.com\/latinamerica\/#organization\"},\"potentialAction\":[{\"@type\":\"SearchAction\",\"target\":{\"@type\":\"EntryPoint\",\"urlTemplate\":\"https:\/\/news.sap.com\/latinamerica\/?s={search_term_string}\"},\"query-input\":{\"@type\":\"PropertyValueSpecification\",\"valueRequired\":true,\"valueName\":\"search_term_string\"}}],\"inLanguage\":\"es\"},{\"@type\":\"Organization\",\"@id\":\"https:\/\/news.sap.com\/latinamerica\/#organization\",\"name\":\"麻豆原创\",\"url\":\"https:\/\/news.sap.com\/latinamerica\/\",\"logo\":{\"@type\":\"ImageObject\",\"inLanguage\":\"es\",\"@id\":\"https:\/\/news.sap.com\/latinamerica\/#\/schema\/logo\/image\/\",\"url\":\"https:\/\/news.sap.com\/latinamerica\/files\/2019\/08\/65903320_2903797569662914_557886358778019840_n.png\",\"contentUrl\":\"https:\/\/news.sap.com\/latinamerica\/files\/2019\/08\/65903320_2903797569662914_557886358778019840_n.png\",\"width\":720,\"height\":720,\"caption\":\"麻豆原创\"},\"image\":{\"@id\":\"https:\/\/news.sap.com\/latinamerica\/#\/schema\/logo\/image\/\"},\"sameAs\":[\"https:\/\/www.facebook.com\/麻豆原创latinoamerica\",\"https:\/\/x.com\/麻豆原创LatinAmerica\"]},{\"@type\":\"Person\",\"@id\":\"https:\/\/news.sap.com\/latinamerica\/#\/schema\/person\/ce7d732e60a2133d7402c038db668294\",\"name\":\"麻豆原创 Blog de Innovaci\u00f3n\",\"image\":{\"@type\":\"ImageObject\",\"inLanguage\":\"es\",\"@id\":\"https:\/\/news.sap.com\/latinamerica\/#\/schema\/person\/image\/\",\"url\":\"https:\/\/news.sap.com\/latinamerica\/files\/2018\/06\/avatar_user_522_1529451696-96x96.png\",\"contentUrl\":\"https:\/\/news.sap.com\/latinamerica\/files\/2018\/06\/avatar_user_522_1529451696-96x96.png\",\"caption\":\"麻豆原创 Blog de Innovaci\u00f3n\"},\"sameAs\":[\"https:\/\/www.sap.com\/latinamerica\/index.html\",\"https:\/\/www.facebook.com\/麻豆原创latinoamerica\",\"https:\/\/www.instagram.com\/saplatinamerica\/\",\"https:\/\/x.com\/saplatinamerica\"],\"url\":\"https:\/\/news.sap.com\/latinamerica\/author\/sapblog\/\"}]}<\/script>\n<!-- \/ Yoast SEO Premium plugin. -->","yoast_head_json":{"title":"\u00bfC\u00f3mo empezar a poner en pr\u00e1ctica el well-being empresarial? - 麻豆原创 News Center Latinoam\u00e9rica","robots":{"index":"index","follow":"follow","max-snippet":"max-snippet:-1","max-image-preview":"max-image-preview:large","max-video-preview":"max-video-preview:-1"},"canonical":"https:\/\/news.sap.com\/latinamerica\/2020\/05\/como-empezar-a-poner-en-practica-el-well-being-empresarial-bl0g\/","og_locale":"es_MX","og_type":"article","og_title":"\u00bfC\u00f3mo empezar a poner en pr\u00e1ctica el well-being empresarial?","og_description":"Las circunstancias en las que debemos trabajar son diferentes ahora: muchos regresar\u00e1n a las oficinas en algunas semanas y, seguramente, se mover\u00e1n en un esquema...","og_url":"https:\/\/news.sap.com\/latinamerica\/2020\/05\/como-empezar-a-poner-en-practica-el-well-being-empresarial-bl0g\/","og_site_name":"麻豆原创 News Center Latinoam\u00e9rica","article_publisher":"https:\/\/www.facebook.com\/麻豆原创latinoamerica","article_author":"https:\/\/www.facebook.com\/麻豆原创latinoamerica","article_published_time":"2020-06-01T01:25:28+00:00","og_image":[{"width":1920,"height":844,"url":"https:\/\/news.sap.com\/latinamerica\/files\/2020\/05\/well-being-empresarial.jpg","type":"image\/jpeg"}],"author":"麻豆原创 Blog de Innovaci\u00f3n","twitter_misc":{"Escrito por":"麻豆原创 Blog de Innovaci\u00f3n","Tiempo de lectura":"3 minutos"},"schema":{"@context":"https:\/\/schema.org","@graph":[{"@type":"Article","@id":"https:\/\/news.sap.com\/latinamerica\/2020\/05\/como-empezar-a-poner-en-practica-el-well-being-empresarial-bl0g\/#article","isPartOf":{"@id":"https:\/\/news.sap.com\/latinamerica\/2020\/05\/como-empezar-a-poner-en-practica-el-well-being-empresarial-bl0g\/"},"author":{"name":"麻豆原创 Blog de Innovaci\u00f3n","@id":"https:\/\/news.sap.com\/latinamerica\/#\/schema\/person\/ce7d732e60a2133d7402c038db668294"},"headline":"\u00bfC\u00f3mo empezar a poner en pr\u00e1ctica el well-being empresarial?","datePublished":"2020-06-01T01:25:28+00:00","mainEntityOfPage":{"@id":"https:\/\/news.sap.com\/latinamerica\/2020\/05\/como-empezar-a-poner-en-practica-el-well-being-empresarial-bl0g\/"},"wordCount":662,"publisher":{"@id":"https:\/\/news.sap.com\/latinamerica\/#organization"},"image":{"@id":"https:\/\/news.sap.com\/latinamerica\/2020\/05\/como-empezar-a-poner-en-practica-el-well-being-empresarial-bl0g\/#primaryimage"},"thumbnailUrl":"https:\/\/news.sap.com\/latinamerica\/files\/2020\/05\/well-being-empresarial.jpg","keywords":["empleados","fuerza de trabajo","human resources","recursos humanos","RRHH","talento"],"articleSection":["Gesti\u00f3n del capital humano"],"inLanguage":"es"},{"@type":"WebPage","@id":"https:\/\/news.sap.com\/latinamerica\/2020\/05\/como-empezar-a-poner-en-practica-el-well-being-empresarial-bl0g\/","url":"https:\/\/news.sap.com\/latinamerica\/2020\/05\/como-empezar-a-poner-en-practica-el-well-being-empresarial-bl0g\/","name":"\u00bfC\u00f3mo empezar a poner en pr\u00e1ctica el well-being empresarial? - 麻豆原创 News Center Latinoam\u00e9rica","isPartOf":{"@id":"https:\/\/news.sap.com\/latinamerica\/#website"},"primaryImageOfPage":{"@id":"https:\/\/news.sap.com\/latinamerica\/2020\/05\/como-empezar-a-poner-en-practica-el-well-being-empresarial-bl0g\/#primaryimage"},"image":{"@id":"https:\/\/news.sap.com\/latinamerica\/2020\/05\/como-empezar-a-poner-en-practica-el-well-being-empresarial-bl0g\/#primaryimage"},"thumbnailUrl":"https:\/\/news.sap.com\/latinamerica\/files\/2020\/05\/well-being-empresarial.jpg","datePublished":"2020-06-01T01:25:28+00:00","breadcrumb":{"@id":"https:\/\/news.sap.com\/latinamerica\/2020\/05\/como-empezar-a-poner-en-practica-el-well-being-empresarial-bl0g\/#breadcrumb"},"inLanguage":"es","potentialAction":[{"@type":"ReadAction","target":["https:\/\/news.sap.com\/latinamerica\/2020\/05\/como-empezar-a-poner-en-practica-el-well-being-empresarial-bl0g\/"]}]},{"@type":"ImageObject","inLanguage":"es","@id":"https:\/\/news.sap.com\/latinamerica\/2020\/05\/como-empezar-a-poner-en-practica-el-well-being-empresarial-bl0g\/#primaryimage","url":"https:\/\/news.sap.com\/latinamerica\/files\/2020\/05\/well-being-empresarial.jpg","contentUrl":"https:\/\/news.sap.com\/latinamerica\/files\/2020\/05\/well-being-empresarial.jpg","width":1920,"height":844},{"@type":"BreadcrumbList","@id":"https:\/\/news.sap.com\/latinamerica\/2020\/05\/como-empezar-a-poner-en-practica-el-well-being-empresarial-bl0g\/#breadcrumb","itemListElement":[{"@type":"ListItem","position":1,"name":"Home","item":"https:\/\/news.sap.com\/latinamerica\/"},{"@type":"ListItem","position":2,"name":"\u00bfC\u00f3mo empezar a poner en pr\u00e1ctica el well-being empresarial?"}]},{"@type":"WebSite","@id":"https:\/\/news.sap.com\/latinamerica\/#website","url":"https:\/\/news.sap.com\/latinamerica\/","name":"麻豆原创 News Center Latinoam\u00e9rica","description":"Noticias e informaci\u00f3n sobre 麻豆原创","publisher":{"@id":"https:\/\/news.sap.com\/latinamerica\/#organization"},"potentialAction":[{"@type":"SearchAction","target":{"@type":"EntryPoint","urlTemplate":"https:\/\/news.sap.com\/latinamerica\/?s={search_term_string}"},"query-input":{"@type":"PropertyValueSpecification","valueRequired":true,"valueName":"search_term_string"}}],"inLanguage":"es"},{"@type":"Organization","@id":"https:\/\/news.sap.com\/latinamerica\/#organization","name":"麻豆原创","url":"https:\/\/news.sap.com\/latinamerica\/","logo":{"@type":"ImageObject","inLanguage":"es","@id":"https:\/\/news.sap.com\/latinamerica\/#\/schema\/logo\/image\/","url":"https:\/\/news.sap.com\/latinamerica\/files\/2019\/08\/65903320_2903797569662914_557886358778019840_n.png","contentUrl":"https:\/\/news.sap.com\/latinamerica\/files\/2019\/08\/65903320_2903797569662914_557886358778019840_n.png","width":720,"height":720,"caption":"麻豆原创"},"image":{"@id":"https:\/\/news.sap.com\/latinamerica\/#\/schema\/logo\/image\/"},"sameAs":["https:\/\/www.facebook.com\/麻豆原创latinoamerica","https:\/\/x.com\/麻豆原创LatinAmerica"]},{"@type":"Person","@id":"https:\/\/news.sap.com\/latinamerica\/#\/schema\/person\/ce7d732e60a2133d7402c038db668294","name":"麻豆原创 Blog de Innovaci\u00f3n","image":{"@type":"ImageObject","inLanguage":"es","@id":"https:\/\/news.sap.com\/latinamerica\/#\/schema\/person\/image\/","url":"https:\/\/news.sap.com\/latinamerica\/files\/2018\/06\/avatar_user_522_1529451696-96x96.png","contentUrl":"https:\/\/news.sap.com\/latinamerica\/files\/2018\/06\/avatar_user_522_1529451696-96x96.png","caption":"麻豆原创 Blog de Innovaci\u00f3n"},"sameAs":["https:\/\/www.sap.com\/latinamerica\/index.html","https:\/\/www.facebook.com\/麻豆原创latinoamerica","https:\/\/www.instagram.com\/saplatinamerica\/","https:\/\/x.com\/saplatinamerica"],"url":"https:\/\/news.sap.com\/latinamerica\/author\/sapblog\/"}]}},"amp_enabled":true,"_links":{"self":[{"href":"https:\/\/news.sap.com\/latinamerica\/wp-json\/wp\/v2\/posts\/120824","targetHints":{"allow":["GET"]}}],"collection":[{"href":"https:\/\/news.sap.com\/latinamerica\/wp-json\/wp\/v2\/posts"}],"about":[{"href":"https:\/\/news.sap.com\/latinamerica\/wp-json\/wp\/v2\/types\/post"}],"author":[{"embeddable":true,"href":"https:\/\/news.sap.com\/latinamerica\/wp-json\/wp\/v2\/users\/522"}],"replies":[{"embeddable":true,"href":"https:\/\/news.sap.com\/latinamerica\/wp-json\/wp\/v2\/comments?post=120824"}],"version-history":[{"count":0,"href":"https:\/\/news.sap.com\/latinamerica\/wp-json\/wp\/v2\/posts\/120824\/revisions"}],"wp:featuredmedia":[{"embeddable":true,"href":"https:\/\/news.sap.com\/latinamerica\/wp-json\/wp\/v2\/media\/120825"}],"wp:attachment":[{"href":"https:\/\/news.sap.com\/latinamerica\/wp-json\/wp\/v2\/media?parent=120824"}],"wp:term":[{"taxonomy":"category","embeddable":true,"href":"https:\/\/news.sap.com\/latinamerica\/wp-json\/wp\/v2\/categories?post=120824"},{"taxonomy":"post_tag","embeddable":true,"href":"https:\/\/news.sap.com\/latinamerica\/wp-json\/wp\/v2\/tags?post=120824"},{"taxonomy":"series","embeddable":true,"href":"https:\/\/news.sap.com\/latinamerica\/wp-json\/wp\/v2\/series?post=120824"},{"taxonomy":"region","embeddable":true,"href":"https:\/\/news.sap.com\/latinamerica\/wp-json\/wp\/v2\/region?post=120824"},{"taxonomy":"sapn-display","embeddable":true,"href":"https:\/\/news.sap.com\/latinamerica\/wp-json\/wp\/v2\/sapn-display?post=120824"},{"taxonomy":"sapn-type","embeddable":true,"href":"https:\/\/news.sap.com\/latinamerica\/wp-json\/wp\/v2\/sapn-type?post=120824"}],"curies":[{"name":"wp","href":"https:\/\/api.w.org\/{rel}","templated":true}]}}