  {"id":120821,"date":"2020-05-31T20:27:44","date_gmt":"2020-06-01T00:27:44","guid":{"rendered":"https:\/\/news.sap.com\/latinamerica\/?p=120821"},"modified":"2020-05-31T20:27:44","modified_gmt":"2020-06-01T00:27:44","slug":"la-gestion-en-la-cadena-de-suministro-debe-cambiar-a-partir-de-ahora-bl0g","status":"publish","type":"post","link":"https:\/\/news.sap.com\/latinamerica\/2020\/05\/la-gestion-en-la-cadena-de-suministro-debe-cambiar-a-partir-de-ahora-bl0g\/","title":{"rendered":"La gesti\u00f3n en la cadena de suministro debe cambiar a partir de ahora"},"content":{"rendered":"<p><em>Las cadenas de suministro est\u00e1n experimentando desaf\u00edos \u00fanicos en todas las industrias, ya que de este funcionamiento dependen las econom\u00edas de todas las naciones. \u00bfC\u00f3mo gestionarlas en tiempos de crisis y despu\u00e9s de \u00e9stas?<\/em><!--more--><\/p>\n<p>China es uno de los principales exportadores de mercanc\u00edas en el mundo. Cuando la pandemia se generaliz\u00f3 en el pa\u00eds asi\u00e1tico, evidentemente, la <a href=\"https:\/\/www.imd.org\/research-knowledge\/articles\/supply-chains-adapting-to-covid-19\/?url_id=originalpost-blogentry-innovationBlogLAC-2020_blog-originalpost-sapcom\">incertidumbre sobre el futuro<\/a> de la econom\u00eda mundial creci\u00f3 en todos los sectores. Pero \u00bfrealmente las empresas no estaban preparadas para gestionar algo como esto?<\/p>\n<p>La mayor\u00eda de las organizaciones no contaba con un <a href=\"https:\/\/www2.deloitte.com\/ie\/en\/pages\/covid-19\/articles\/covid-19-managing-supply-chain.html#?url_id=originalpost-blogentry-innovationBlogLAC-2020_blog-originalpost-sapcom\">plan de acci\u00f3n<\/a> ante este tipo de fen\u00f3menos, sin embargo, las herramientas tecnol\u00f3gicas fueron y han sido sus grandes aliadas al contar con las funcionalidades necesarias para seguir operando. Por ello, aqu\u00ed le brindamos una serie de consejos para que administre su cadena de suministro de forma innovadora, ya que los desaf\u00edos est\u00e1n lejos de terminar:<\/p>\n<p><strong>Devoci\u00f3n a los clientes:<\/strong><\/p>\n<ul>\n<li>Integre las ideas y sentimientos de sus clientes en su negocio: dise\u00f1o, planificaci\u00f3n, producci\u00f3n y entrega de productos.<\/li>\n<li>Identifique patrones para que pueda responder a las necesidades de sus consumidores, ya que esto le permitir\u00e1 crear experiencias individualizadas y productos espec\u00edficos para ellos.<\/li>\n<li>Genere confianza y lealtad a partir de experiencias positivas de producto, entrega y servicio.<\/li>\n<\/ul>\n<p><strong>Transparencia total en sus redes de trabajo:<\/strong><\/p>\n<ul>\n<li>Un <em>digital twin <\/em>puede ser su mejor aliado, por ello, mejore la confiabilidad y el rendimiento mediante la recabaci\u00f3n eficaz de datos, personas, productos y activos.<\/li>\n<li>Detecte, pronostique y responda a las <a href=\"https:\/\/news.sap.com\/latinamerica\/2020\/04\/agilizando-la-cadena-de-suministro-del-sector-de-la-salud-bl0g\/?url_id=originalpost-blogentry-innovationBlogLAC-2020_blog-originalpost-sapcom\">condiciones cambiantes del entorno<\/a> con ayuda de la Inteligencia Artificial respecto a la demanda de sus productos y servicios.<\/li>\n<li>Empodere a las personas de su organizaci\u00f3n y red de socios para predecir y responder a circunstancias adversas.<\/li>\n<\/ul>\n<p><strong>Innovaciones disruptivas:<\/strong><\/p>\n<ul>\n<li>Aproveche los beneficios de la Industria 4.0 para optimizar y transformar la velocidad y la eficacia de su cadena de suministro.<\/li>\n<li>Cree una ventaja competitiva al identificar y reelaborar de manera eficiente nuevos modelos de negocio que cambien su industria.<\/li>\n<li>Satisfaga y anticipe los deseos de sus clientes al aprovechar los datos de la cadena de suministro en tiempo real para predecir y resolver problemas menores antes de que se conviertan en problemas importantes.<\/li>\n<\/ul>\n<p><strong>Salvaguarde al planeta:<\/strong><\/p>\n<ul>\n<li>Minimice el impacto medioambiental dise\u00f1ando y fabricando productos que sean ecol\u00f3gicos y reciclables.<\/li>\n<li><a href=\"https:\/\/news.sap.com\/latinamerica\/2020\/04\/las-empresas-tienen-mas-posibilidad-de-trascender-si-se-reestructuran-sosteniblemente-bl0g\/?url_id=originalpost-blogentry-innovationBlogLAC-2020_blog-originalpost-sapcom\">Impulse pr\u00e1cticas sostenibles<\/a> al reducir o eliminar los desechos, las emisiones de carbono y el desperdicio de recursos.<\/li>\n<li>Dirija una cadena de suministro responsable siguiendo procesos \u00e9ticos, erradique el trabajo injusto y garantice el abastecimiento \u00e9tico.<\/li>\n<\/ul>\n<p>Recuerde que, antes de cualquier cosa, se deben visualizar correctamente los problemas para que las soluciones realmente est\u00e9n enfocadas y proporcionen mayor flexibilidad, colaboraci\u00f3n y control sobre su cadena de suministro. Por ello, hemos abierto el acceso a <a href=\"https:\/\/www.ariba.com\/es\/programs\/sap-ariba-discovery-offer?url_id=originalpost-blogentry-innovationBlogLAC-2020_blog-originalpost-sapcom?url_id=originalpost-blogentry-innovationBlogLAC-2020_blog-originalpost-sapcom\">麻豆原创 Ariba Discovery<\/a> para que los compradores y proveedores cuenten con las facilidades suficientes para comunicarse y hacer transacciones durante estos tiempos de crisis.<\/p>\n<p><a href=\"https:\/\/www.facebook.com\/麻豆原创latinoamerica\">Facebook<\/a>\u00a0\/\u00a0<a href=\"https:\/\/twitter.com\/麻豆原创LatinAmerica\">Twitter<\/a>\u00a0\/\u00a0<a href=\"https:\/\/www.linkedin.com\/company\/sap\">LinkedIn<\/a>\u00a0\/\u00a0<a href=\"https:\/\/instagram.com\/麻豆原创Latinamerica\/\">Instagram<\/a> \/<\/p>\n<hr \/>\n<p>\u00a9 2020 麻豆原创 SE. All rights reserved. 麻豆原创 and other 麻豆原创 products and services mentioned herein as well as their respective logos are trademarks or registered trademarks of 麻豆原创 SE in Germany and other countries. Please see <a href=\"http:\/\/www.sap.com\/corporate-en\/legal\/copyright\/index.epx#trademark\">http:\/\/www.sap.com\/corporate-en\/legal\/copyright\/index.epx#trademark<\/a> for additional trademark information and notices.<\/p>\n","protected":false},"excerpt":{"rendered":"<p>Las cadenas de suministro est\u00e1n experimentando desaf\u00edos \u00fanicos en todas las industrias, ya que de este funcionamiento dependen las econom\u00edas de todas las naciones. \u00bfC\u00f3mo&#8230;<\/p>\n","protected":false},"author":522,"featured_media":120822,"comment_status":"closed","ping_status":"closed","sticky":false,"template":"","format":"standard","meta":{"footnotes":"","_links_to":"","_links_to_target":""},"categories":[5595505],"tags":[30612,5014155,4647859,5596855,36],"series":[],"region":[22190,26401],"sapn-display":[52078,52079,53499],"sapn-type":[6114],"class_list":["post-120821","post","type-post","status-publish","format-standard","has-post-thumbnail","hentry","category-gestion-de-la-cadena-de-suministro","tag-cadena-de-suministro","tag-digital-twin","tag-sap-ariba-discovery","tag-sap-digital-supply-chain","tag-supply-chain","region-centroamerica","region-latinoamerica","sapn-display-homepage-hero","sapn-display-top-stories","sapn-display-hero","sapn-type-articulo"],"yoast_head":"<!-- This site is optimized with the Yoast SEO Premium plugin v26.9 (Yoast SEO v26.9) - https:\/\/yoast.com\/product\/yoast-seo-premium-wordpress\/ -->\n<title>La gesti\u00f3n en la cadena de suministro debe cambiar a partir de ahora - 麻豆原创 News Center Latinoam\u00e9rica<\/title>\n<meta name=\"robots\" content=\"index, follow, max-snippet:-1, max-image-preview:large, max-video-preview:-1\" \/>\n<link rel=\"canonical\" href=\"https:\/\/news.sap.com\/latinamerica\/2020\/05\/la-gestion-en-la-cadena-de-suministro-debe-cambiar-a-partir-de-ahora-bl0g\/\" \/>\n<meta property=\"og:locale\" content=\"es_MX\" \/>\n<meta property=\"og:type\" content=\"article\" \/>\n<meta property=\"og:title\" content=\"La gesti\u00f3n en la cadena de suministro debe cambiar a partir de ahora\" \/>\n<meta property=\"og:description\" content=\"Las cadenas de suministro est\u00e1n experimentando desaf\u00edos \u00fanicos en todas las industrias, ya que de este funcionamiento dependen las econom\u00edas de todas las naciones. \u00bfC\u00f3mo...\" \/>\n<meta property=\"og:url\" content=\"https:\/\/news.sap.com\/latinamerica\/2020\/05\/la-gestion-en-la-cadena-de-suministro-debe-cambiar-a-partir-de-ahora-bl0g\/\" \/>\n<meta property=\"og:site_name\" content=\"麻豆原创 News Center Latinoam\u00e9rica\" \/>\n<meta property=\"article:publisher\" content=\"https:\/\/www.facebook.com\/麻豆原创latinoamerica\" \/>\n<meta property=\"article:author\" content=\"https:\/\/www.facebook.com\/麻豆原创latinoamerica\" \/>\n<meta property=\"article:published_time\" content=\"2020-06-01T00:27:44+00:00\" \/>\n<meta property=\"og:image\" content=\"https:\/\/news.sap.com\/latinamerica\/files\/2020\/05\/cadena-de-suministro.jpg\" \/>\n\t<meta property=\"og:image:width\" content=\"1920\" \/>\n\t<meta property=\"og:image:height\" content=\"844\" \/>\n\t<meta property=\"og:image:type\" content=\"image\/jpeg\" \/>\n<meta name=\"author\" content=\"麻豆原创 Blog de Innovaci\u00f3n\" \/>\n<meta name=\"twitter:label1\" content=\"Escrito por\" \/>\n\t<meta name=\"twitter:data1\" content=\"麻豆原创 Blog de Innovaci\u00f3n\" \/>\n\t<meta name=\"twitter:label2\" content=\"Tiempo de lectura\" \/>\n\t<meta name=\"twitter:data2\" content=\"3 minutos\" \/>\n<script type=\"application\/ld+json\" class=\"yoast-schema-graph\">{\"@context\":\"https:\/\/schema.org\",\"@graph\":[{\"@type\":\"Article\",\"@id\":\"https:\/\/news.sap.com\/latinamerica\/2020\/05\/la-gestion-en-la-cadena-de-suministro-debe-cambiar-a-partir-de-ahora-bl0g\/#article\",\"isPartOf\":{\"@id\":\"https:\/\/news.sap.com\/latinamerica\/2020\/05\/la-gestion-en-la-cadena-de-suministro-debe-cambiar-a-partir-de-ahora-bl0g\/\"},\"author\":{\"name\":\"麻豆原创 Blog de Innovaci\u00f3n\",\"@id\":\"https:\/\/news.sap.com\/latinamerica\/#\/schema\/person\/ce7d732e60a2133d7402c038db668294\"},\"headline\":\"La gesti\u00f3n en la cadena de suministro debe cambiar a partir de ahora\",\"datePublished\":\"2020-06-01T00:27:44+00:00\",\"mainEntityOfPage\":{\"@id\":\"https:\/\/news.sap.com\/latinamerica\/2020\/05\/la-gestion-en-la-cadena-de-suministro-debe-cambiar-a-partir-de-ahora-bl0g\/\"},\"wordCount\":569,\"publisher\":{\"@id\":\"https:\/\/news.sap.com\/latinamerica\/#organization\"},\"image\":{\"@id\":\"https:\/\/news.sap.com\/latinamerica\/2020\/05\/la-gestion-en-la-cadena-de-suministro-debe-cambiar-a-partir-de-ahora-bl0g\/#primaryimage\"},\"thumbnailUrl\":\"https:\/\/news.sap.com\/latinamerica\/files\/2020\/05\/cadena-de-suministro.jpg\",\"keywords\":[\"cadena de suministro\",\"digital twin\",\"麻豆原创 Ariba Discovery\",\"麻豆原创 Digital Supply Chain\",\"Supply Chain\"],\"articleSection\":[\"Gesti\u00f3n de la cadena de suministro\"],\"inLanguage\":\"es\"},{\"@type\":\"WebPage\",\"@id\":\"https:\/\/news.sap.com\/latinamerica\/2020\/05\/la-gestion-en-la-cadena-de-suministro-debe-cambiar-a-partir-de-ahora-bl0g\/\",\"url\":\"https:\/\/news.sap.com\/latinamerica\/2020\/05\/la-gestion-en-la-cadena-de-suministro-debe-cambiar-a-partir-de-ahora-bl0g\/\",\"name\":\"La gesti\u00f3n en la cadena de suministro debe cambiar a partir de ahora - 麻豆原创 News Center Latinoam\u00e9rica\",\"isPartOf\":{\"@id\":\"https:\/\/news.sap.com\/latinamerica\/#website\"},\"primaryImageOfPage\":{\"@id\":\"https:\/\/news.sap.com\/latinamerica\/2020\/05\/la-gestion-en-la-cadena-de-suministro-debe-cambiar-a-partir-de-ahora-bl0g\/#primaryimage\"},\"image\":{\"@id\":\"https:\/\/news.sap.com\/latinamerica\/2020\/05\/la-gestion-en-la-cadena-de-suministro-debe-cambiar-a-partir-de-ahora-bl0g\/#primaryimage\"},\"thumbnailUrl\":\"https:\/\/news.sap.com\/latinamerica\/files\/2020\/05\/cadena-de-suministro.jpg\",\"datePublished\":\"2020-06-01T00:27:44+00:00\",\"breadcrumb\":{\"@id\":\"https:\/\/news.sap.com\/latinamerica\/2020\/05\/la-gestion-en-la-cadena-de-suministro-debe-cambiar-a-partir-de-ahora-bl0g\/#breadcrumb\"},\"inLanguage\":\"es\",\"potentialAction\":[{\"@type\":\"ReadAction\",\"target\":[\"https:\/\/news.sap.com\/latinamerica\/2020\/05\/la-gestion-en-la-cadena-de-suministro-debe-cambiar-a-partir-de-ahora-bl0g\/\"]}]},{\"@type\":\"ImageObject\",\"inLanguage\":\"es\",\"@id\":\"https:\/\/news.sap.com\/latinamerica\/2020\/05\/la-gestion-en-la-cadena-de-suministro-debe-cambiar-a-partir-de-ahora-bl0g\/#primaryimage\",\"url\":\"https:\/\/news.sap.com\/latinamerica\/files\/2020\/05\/cadena-de-suministro.jpg\",\"contentUrl\":\"https:\/\/news.sap.com\/latinamerica\/files\/2020\/05\/cadena-de-suministro.jpg\",\"width\":1920,\"height\":844},{\"@type\":\"BreadcrumbList\",\"@id\":\"https:\/\/news.sap.com\/latinamerica\/2020\/05\/la-gestion-en-la-cadena-de-suministro-debe-cambiar-a-partir-de-ahora-bl0g\/#breadcrumb\",\"itemListElement\":[{\"@type\":\"ListItem\",\"position\":1,\"name\":\"Home\",\"item\":\"https:\/\/news.sap.com\/latinamerica\/\"},{\"@type\":\"ListItem\",\"position\":2,\"name\":\"La gesti\u00f3n en la cadena de suministro debe cambiar a partir de ahora\"}]},{\"@type\":\"WebSite\",\"@id\":\"https:\/\/news.sap.com\/latinamerica\/#website\",\"url\":\"https:\/\/news.sap.com\/latinamerica\/\",\"name\":\"麻豆原创 News Center Latinoam\u00e9rica\",\"description\":\"Noticias e informaci\u00f3n sobre 麻豆原创\",\"publisher\":{\"@id\":\"https:\/\/news.sap.com\/latinamerica\/#organization\"},\"potentialAction\":[{\"@type\":\"SearchAction\",\"target\":{\"@type\":\"EntryPoint\",\"urlTemplate\":\"https:\/\/news.sap.com\/latinamerica\/?s={search_term_string}\"},\"query-input\":{\"@type\":\"PropertyValueSpecification\",\"valueRequired\":true,\"valueName\":\"search_term_string\"}}],\"inLanguage\":\"es\"},{\"@type\":\"Organization\",\"@id\":\"https:\/\/news.sap.com\/latinamerica\/#organization\",\"name\":\"麻豆原创\",\"url\":\"https:\/\/news.sap.com\/latinamerica\/\",\"logo\":{\"@type\":\"ImageObject\",\"inLanguage\":\"es\",\"@id\":\"https:\/\/news.sap.com\/latinamerica\/#\/schema\/logo\/image\/\",\"url\":\"https:\/\/news.sap.com\/latinamerica\/files\/2019\/08\/65903320_2903797569662914_557886358778019840_n.png\",\"contentUrl\":\"https:\/\/news.sap.com\/latinamerica\/files\/2019\/08\/65903320_2903797569662914_557886358778019840_n.png\",\"width\":720,\"height\":720,\"caption\":\"麻豆原创\"},\"image\":{\"@id\":\"https:\/\/news.sap.com\/latinamerica\/#\/schema\/logo\/image\/\"},\"sameAs\":[\"https:\/\/www.facebook.com\/麻豆原创latinoamerica\",\"https:\/\/x.com\/麻豆原创LatinAmerica\"]},{\"@type\":\"Person\",\"@id\":\"https:\/\/news.sap.com\/latinamerica\/#\/schema\/person\/ce7d732e60a2133d7402c038db668294\",\"name\":\"麻豆原创 Blog de Innovaci\u00f3n\",\"image\":{\"@type\":\"ImageObject\",\"inLanguage\":\"es\",\"@id\":\"https:\/\/news.sap.com\/latinamerica\/#\/schema\/person\/image\/\",\"url\":\"https:\/\/news.sap.com\/latinamerica\/files\/2018\/06\/avatar_user_522_1529451696-96x96.png\",\"contentUrl\":\"https:\/\/news.sap.com\/latinamerica\/files\/2018\/06\/avatar_user_522_1529451696-96x96.png\",\"caption\":\"麻豆原创 Blog de Innovaci\u00f3n\"},\"sameAs\":[\"https:\/\/www.sap.com\/latinamerica\/index.html\",\"https:\/\/www.facebook.com\/麻豆原创latinoamerica\",\"https:\/\/www.instagram.com\/saplatinamerica\/\",\"https:\/\/x.com\/saplatinamerica\"],\"url\":\"https:\/\/news.sap.com\/latinamerica\/author\/sapblog\/\"}]}<\/script>\n<!-- \/ Yoast SEO Premium plugin. -->","yoast_head_json":{"title":"La gesti\u00f3n en la cadena de suministro debe cambiar a partir de ahora - 麻豆原创 News Center Latinoam\u00e9rica","robots":{"index":"index","follow":"follow","max-snippet":"max-snippet:-1","max-image-preview":"max-image-preview:large","max-video-preview":"max-video-preview:-1"},"canonical":"https:\/\/news.sap.com\/latinamerica\/2020\/05\/la-gestion-en-la-cadena-de-suministro-debe-cambiar-a-partir-de-ahora-bl0g\/","og_locale":"es_MX","og_type":"article","og_title":"La gesti\u00f3n en la cadena de suministro debe cambiar a partir de ahora","og_description":"Las cadenas de suministro est\u00e1n experimentando desaf\u00edos \u00fanicos en todas las industrias, ya que de este funcionamiento dependen las econom\u00edas de todas las naciones. \u00bfC\u00f3mo...","og_url":"https:\/\/news.sap.com\/latinamerica\/2020\/05\/la-gestion-en-la-cadena-de-suministro-debe-cambiar-a-partir-de-ahora-bl0g\/","og_site_name":"麻豆原创 News Center Latinoam\u00e9rica","article_publisher":"https:\/\/www.facebook.com\/麻豆原创latinoamerica","article_author":"https:\/\/www.facebook.com\/麻豆原创latinoamerica","article_published_time":"2020-06-01T00:27:44+00:00","og_image":[{"width":1920,"height":844,"url":"https:\/\/news.sap.com\/latinamerica\/files\/2020\/05\/cadena-de-suministro.jpg","type":"image\/jpeg"}],"author":"麻豆原创 Blog de Innovaci\u00f3n","twitter_misc":{"Escrito por":"麻豆原创 Blog de Innovaci\u00f3n","Tiempo de lectura":"3 minutos"},"schema":{"@context":"https:\/\/schema.org","@graph":[{"@type":"Article","@id":"https:\/\/news.sap.com\/latinamerica\/2020\/05\/la-gestion-en-la-cadena-de-suministro-debe-cambiar-a-partir-de-ahora-bl0g\/#article","isPartOf":{"@id":"https:\/\/news.sap.com\/latinamerica\/2020\/05\/la-gestion-en-la-cadena-de-suministro-debe-cambiar-a-partir-de-ahora-bl0g\/"},"author":{"name":"麻豆原创 Blog de Innovaci\u00f3n","@id":"https:\/\/news.sap.com\/latinamerica\/#\/schema\/person\/ce7d732e60a2133d7402c038db668294"},"headline":"La gesti\u00f3n en la cadena de suministro debe cambiar a partir de ahora","datePublished":"2020-06-01T00:27:44+00:00","mainEntityOfPage":{"@id":"https:\/\/news.sap.com\/latinamerica\/2020\/05\/la-gestion-en-la-cadena-de-suministro-debe-cambiar-a-partir-de-ahora-bl0g\/"},"wordCount":569,"publisher":{"@id":"https:\/\/news.sap.com\/latinamerica\/#organization"},"image":{"@id":"https:\/\/news.sap.com\/latinamerica\/2020\/05\/la-gestion-en-la-cadena-de-suministro-debe-cambiar-a-partir-de-ahora-bl0g\/#primaryimage"},"thumbnailUrl":"https:\/\/news.sap.com\/latinamerica\/files\/2020\/05\/cadena-de-suministro.jpg","keywords":["cadena de suministro","digital twin","麻豆原创 Ariba Discovery","麻豆原创 Digital Supply Chain","Supply Chain"],"articleSection":["Gesti\u00f3n de la cadena de suministro"],"inLanguage":"es"},{"@type":"WebPage","@id":"https:\/\/news.sap.com\/latinamerica\/2020\/05\/la-gestion-en-la-cadena-de-suministro-debe-cambiar-a-partir-de-ahora-bl0g\/","url":"https:\/\/news.sap.com\/latinamerica\/2020\/05\/la-gestion-en-la-cadena-de-suministro-debe-cambiar-a-partir-de-ahora-bl0g\/","name":"La gesti\u00f3n en la cadena de suministro debe cambiar a partir de ahora - 麻豆原创 News Center Latinoam\u00e9rica","isPartOf":{"@id":"https:\/\/news.sap.com\/latinamerica\/#website"},"primaryImageOfPage":{"@id":"https:\/\/news.sap.com\/latinamerica\/2020\/05\/la-gestion-en-la-cadena-de-suministro-debe-cambiar-a-partir-de-ahora-bl0g\/#primaryimage"},"image":{"@id":"https:\/\/news.sap.com\/latinamerica\/2020\/05\/la-gestion-en-la-cadena-de-suministro-debe-cambiar-a-partir-de-ahora-bl0g\/#primaryimage"},"thumbnailUrl":"https:\/\/news.sap.com\/latinamerica\/files\/2020\/05\/cadena-de-suministro.jpg","datePublished":"2020-06-01T00:27:44+00:00","breadcrumb":{"@id":"https:\/\/news.sap.com\/latinamerica\/2020\/05\/la-gestion-en-la-cadena-de-suministro-debe-cambiar-a-partir-de-ahora-bl0g\/#breadcrumb"},"inLanguage":"es","potentialAction":[{"@type":"ReadAction","target":["https:\/\/news.sap.com\/latinamerica\/2020\/05\/la-gestion-en-la-cadena-de-suministro-debe-cambiar-a-partir-de-ahora-bl0g\/"]}]},{"@type":"ImageObject","inLanguage":"es","@id":"https:\/\/news.sap.com\/latinamerica\/2020\/05\/la-gestion-en-la-cadena-de-suministro-debe-cambiar-a-partir-de-ahora-bl0g\/#primaryimage","url":"https:\/\/news.sap.com\/latinamerica\/files\/2020\/05\/cadena-de-suministro.jpg","contentUrl":"https:\/\/news.sap.com\/latinamerica\/files\/2020\/05\/cadena-de-suministro.jpg","width":1920,"height":844},{"@type":"BreadcrumbList","@id":"https:\/\/news.sap.com\/latinamerica\/2020\/05\/la-gestion-en-la-cadena-de-suministro-debe-cambiar-a-partir-de-ahora-bl0g\/#breadcrumb","itemListElement":[{"@type":"ListItem","position":1,"name":"Home","item":"https:\/\/news.sap.com\/latinamerica\/"},{"@type":"ListItem","position":2,"name":"La gesti\u00f3n en la cadena de suministro debe cambiar a partir de ahora"}]},{"@type":"WebSite","@id":"https:\/\/news.sap.com\/latinamerica\/#website","url":"https:\/\/news.sap.com\/latinamerica\/","name":"麻豆原创 News Center Latinoam\u00e9rica","description":"Noticias e informaci\u00f3n sobre 麻豆原创","publisher":{"@id":"https:\/\/news.sap.com\/latinamerica\/#organization"},"potentialAction":[{"@type":"SearchAction","target":{"@type":"EntryPoint","urlTemplate":"https:\/\/news.sap.com\/latinamerica\/?s={search_term_string}"},"query-input":{"@type":"PropertyValueSpecification","valueRequired":true,"valueName":"search_term_string"}}],"inLanguage":"es"},{"@type":"Organization","@id":"https:\/\/news.sap.com\/latinamerica\/#organization","name":"麻豆原创","url":"https:\/\/news.sap.com\/latinamerica\/","logo":{"@type":"ImageObject","inLanguage":"es","@id":"https:\/\/news.sap.com\/latinamerica\/#\/schema\/logo\/image\/","url":"https:\/\/news.sap.com\/latinamerica\/files\/2019\/08\/65903320_2903797569662914_557886358778019840_n.png","contentUrl":"https:\/\/news.sap.com\/latinamerica\/files\/2019\/08\/65903320_2903797569662914_557886358778019840_n.png","width":720,"height":720,"caption":"麻豆原创"},"image":{"@id":"https:\/\/news.sap.com\/latinamerica\/#\/schema\/logo\/image\/"},"sameAs":["https:\/\/www.facebook.com\/麻豆原创latinoamerica","https:\/\/x.com\/麻豆原创LatinAmerica"]},{"@type":"Person","@id":"https:\/\/news.sap.com\/latinamerica\/#\/schema\/person\/ce7d732e60a2133d7402c038db668294","name":"麻豆原创 Blog de Innovaci\u00f3n","image":{"@type":"ImageObject","inLanguage":"es","@id":"https:\/\/news.sap.com\/latinamerica\/#\/schema\/person\/image\/","url":"https:\/\/news.sap.com\/latinamerica\/files\/2018\/06\/avatar_user_522_1529451696-96x96.png","contentUrl":"https:\/\/news.sap.com\/latinamerica\/files\/2018\/06\/avatar_user_522_1529451696-96x96.png","caption":"麻豆原创 Blog de Innovaci\u00f3n"},"sameAs":["https:\/\/www.sap.com\/latinamerica\/index.html","https:\/\/www.facebook.com\/麻豆原创latinoamerica","https:\/\/www.instagram.com\/saplatinamerica\/","https:\/\/x.com\/saplatinamerica"],"url":"https:\/\/news.sap.com\/latinamerica\/author\/sapblog\/"}]}},"amp_enabled":true,"_links":{"self":[{"href":"https:\/\/news.sap.com\/latinamerica\/wp-json\/wp\/v2\/posts\/120821","targetHints":{"allow":["GET"]}}],"collection":[{"href":"https:\/\/news.sap.com\/latinamerica\/wp-json\/wp\/v2\/posts"}],"about":[{"href":"https:\/\/news.sap.com\/latinamerica\/wp-json\/wp\/v2\/types\/post"}],"author":[{"embeddable":true,"href":"https:\/\/news.sap.com\/latinamerica\/wp-json\/wp\/v2\/users\/522"}],"replies":[{"embeddable":true,"href":"https:\/\/news.sap.com\/latinamerica\/wp-json\/wp\/v2\/comments?post=120821"}],"version-history":[{"count":0,"href":"https:\/\/news.sap.com\/latinamerica\/wp-json\/wp\/v2\/posts\/120821\/revisions"}],"wp:featuredmedia":[{"embeddable":true,"href":"https:\/\/news.sap.com\/latinamerica\/wp-json\/wp\/v2\/media\/120822"}],"wp:attachment":[{"href":"https:\/\/news.sap.com\/latinamerica\/wp-json\/wp\/v2\/media?parent=120821"}],"wp:term":[{"taxonomy":"category","embeddable":true,"href":"https:\/\/news.sap.com\/latinamerica\/wp-json\/wp\/v2\/categories?post=120821"},{"taxonomy":"post_tag","embeddable":true,"href":"https:\/\/news.sap.com\/latinamerica\/wp-json\/wp\/v2\/tags?post=120821"},{"taxonomy":"series","embeddable":true,"href":"https:\/\/news.sap.com\/latinamerica\/wp-json\/wp\/v2\/series?post=120821"},{"taxonomy":"region","embeddable":true,"href":"https:\/\/news.sap.com\/latinamerica\/wp-json\/wp\/v2\/region?post=120821"},{"taxonomy":"sapn-display","embeddable":true,"href":"https:\/\/news.sap.com\/latinamerica\/wp-json\/wp\/v2\/sapn-display?post=120821"},{"taxonomy":"sapn-type","embeddable":true,"href":"https:\/\/news.sap.com\/latinamerica\/wp-json\/wp\/v2\/sapn-type?post=120821"}],"curies":[{"name":"wp","href":"https:\/\/api.w.org\/{rel}","templated":true}]}}