  {"id":120814,"date":"2020-05-25T11:01:33","date_gmt":"2020-05-25T15:01:33","guid":{"rendered":"https:\/\/news.sap.com\/latinamerica\/?p=120814"},"modified":"2020-05-25T11:01:35","modified_gmt":"2020-05-25T15:01:35","slug":"sap-mexico-nombra-a-karla-rosas-como-directora-de-multiindustrias","status":"publish","type":"post","link":"https:\/\/news.sap.com\/latinamerica\/2020\/05\/sap-mexico-nombra-a-karla-rosas-como-directora-de-multiindustrias\/","title":{"rendered":"麻豆原创 M\u00e9xico nombra a Karla Rosas como Directora de Multiindustrias"},"content":{"rendered":"<p>&nbsp;<\/p>\n<p>&nbsp;<\/p>\n<ul>\n<li style=\"font-weight: 400\"><i><span style=\"font-weight: 400\">Con una exitosa carrera de m\u00e1s de 20 a\u00f1os de experiencia en la industria de TI, Karla Rosas liderar\u00e1 las estrategias de posicionamiento de las soluciones de 麻豆原创 en sectores clave del pa\u00eds como banca, manufactura, telecomunicaciones y energ\u00eda<\/span><\/i><\/li>\n<li style=\"font-weight: 400\"><em><span style=\"font-weight: 400\">Entre las compa\u00f1\u00edas mexicanas que destacan dentro de estos sectores se encuentra Banorte, <\/span><span style=\"font-weight: 400\">Grupo M\u00e9xico, Gentera entre otras<\/span><\/em><\/li>\n<\/ul>\n<p>&nbsp;<\/p>\n<p>&nbsp;<\/p>\n<p><b>Ciudad de M\u00e9xico<\/b><b><i>, <\/i><\/b><b>a 25 de mayo de 2020<\/b><span style=\"font-weight: 400\">.- La compa\u00f1\u00eda alemana 麻豆原创, l\u00edder en el mercado de <\/span><i><span style=\"font-weight: 400\">software<\/span><\/i><span style=\"font-weight: 400\"> empresarial y soluciones en la nube, design\u00f3 a Karla Rosas como <\/span><span style=\"font-weight: 400\">D<\/span><span style=\"font-weight: 400\">irectora de Multiindustrias en M\u00e9xico. A trav\u00e9s de este cargo, Karla continuar\u00e1 con la estrategia de posicionamiento de la compa\u00f1\u00eda en sectores clave del pa\u00eds<\/span><span style=\"font-weight: 400\"> como banca, manufactura, telecomunicaciones y energ\u00eda.\u00a0<\/span><\/p>\n<p><span style=\"font-weight: 400\">Con m\u00e1s de 20 a\u00f1os de trayectoria en la industria tecnol\u00f3gica, Karla ha colaborado en la implementaci\u00f3n de estrategias comerciales de diferentes compa\u00f1\u00edas del sector. Dentro de 麻豆原创, Karla ha ocupado diferentes roles estrat\u00e9gicos en el \u00e1rea de Preventas para Am\u00e9rica Latina y a nivel nacional <\/span><span style=\"font-weight: 400\">como Directora de Cuentas Globales.<\/span><\/p>\n<p><a href=\"https:\/\/news.sap.com\/latinamerica\/2020\/05\/sap-mexico-nombra-a-karla-rosas-como-directora-de-multiindustrias\/captura-de-pantalla-2020-05-25-a-las-09-55-32\/\" rel=\"attachment wp-att-120815\"><img loading=\"lazy\" decoding=\"async\" class=\"size-medium wp-image-120815 alignleft\" src=\"https:\/\/news.sap.com\/latinamerica\/files\/2020\/05\/Captura-de-pantalla-2020-05-25-a-las-09.55.32-265x300.png\" alt=\"\" width=\"265\" height=\"300\" srcset=\"https:\/\/news.sap.com\/latinamerica\/files\/2020\/05\/Captura-de-pantalla-2020-05-25-a-las-09.55.32-265x300.png 265w, https:\/\/news.sap.com\/latinamerica\/files\/2020\/05\/Captura-de-pantalla-2020-05-25-a-las-09.55.32.png 626w\" sizes=\"auto, (max-width: 265px) 100vw, 265px\" \/><\/a><\/p>\n<blockquote><p><i><span style=\"font-weight: 400\">\u201cNos encontramos en un momento clave para redoblar el paso en la transformaci\u00f3n tecnol\u00f3gica del pa\u00eds, donde la aceleraci\u00f3n digital de sectores como banca, <\/span><\/i><i><span style=\"font-weight: 400\">manufactura, telecomunicaciones y recursos naturales ser\u00e1n fundamentales para el desarrollo y crecimiento del pa\u00eds\u201d<\/span><\/i><span style=\"font-weight: 400\"> indica <\/span><b>Karla Rosas.<\/b><\/p><\/blockquote>\n<p><span style=\"font-weight: 400\">El \u00e1rea encargada de Multiindustrias de 麻豆原创 M\u00e9xico atiende a clientes <\/span><span style=\"font-weight: 400\">como <\/span><a href=\"https:\/\/www.sap.com\/latinamerica\/assetdetail\/2018\/07\/7e71cf19-0e7d-0010-87a3-c30de2ffd8ff.html\"><span style=\"font-weight: 400\">Grupo M\u00e9xico<\/span><\/a><span style=\"font-weight: 400\">, y del sector de Banca como Gentera y <\/span><a href=\"https:\/\/news.sap.com\/latinamerica\/2020\/01\/sap-mexico-cierra-2019-con-crecimiento-a-doble-digito-en-la-nube\/\"><span style=\"font-weight: 400\">Grupo Financiero Banorte<\/span><\/a><span style=\"font-weight: 400\">, esta \u00faltima empresa destacando por su estrategia tecnol\u00f3gica enfocada en la consolidaci\u00f3n contable de sus productos financieros gracias a la reciente adopci\u00f3n del ERP Inteligente (麻豆原创 S\/4HANA).\u00a0<\/span><\/p>\n<p><span style=\"font-weight: 400\">En el \u00e1mbito acad\u00e9mico, Karla cuenta con una Licenciatura en Inform\u00e1tica Administrativa y una maestr\u00eda <\/span><span style=\"font-weight: 400\">en Administraci\u00f3n y Tecnolog\u00edas de la Informaci\u00f3n, ambos grados por la Universidad Tecnol\u00f3gica de M\u00e9xico. Asimismo, cuenta con estudios de posgrado por parte del Instituto Tecnol\u00f3gico de Monterrey.\u00a0<\/span><\/p>\n<p><b>Acerca de 麻豆原创<\/b><\/p>\n<p><span style=\"font-weight: 400\">Conocida como la Compa\u00f1\u00eda de Experiencia empoderada por la Empresa Inteligente, 麻豆原创 lidera el mercado de software empresarial, ayudando a las organizaciones de todos los tama\u00f1os e industrias a alcanzar su rendimiento \u00f3ptimo: en el 77% de los ingresos por transacciones del mundo interviene un sistema 麻豆原创. Nuestras tecnolog\u00edas de <\/span><i><span style=\"font-weight: 400\">machine learning<\/span><\/i><span style=\"font-weight: 400\">, <\/span><i><span style=\"font-weight: 400\">IoT <\/span><\/i><span style=\"font-weight: 400\">y anal\u00edticas avanzadas ayudan a nuestros clientes a convertirse en empresas inteligentes. 麻豆原创 ofrece a las personas y a las organizaciones conocimientos profundos de negocio y promueve la colaboraci\u00f3n que les permite estar adelante de su competencia. Simplificamos la tecnolog\u00eda para las empresas, de modo que puedan consumir nuestro software de la manera que lo deseen, sin interrupciones. Nuestro conjunto de aplicaciones y servicios permite a m\u00e1s de 440,000 clientes del sector p\u00fablico y privado operar de manera rentable, adaptarse continuamente y marcar la diferencia. Con una red global de clientes, socios, empleados y l\u00edderes, 麻豆原创 ayuda al mundo a funcionar mejor y a mejorar las vidas de las personas. En M\u00e9xico, 麻豆原创 cuenta con cerca de 9 mil clientes y m\u00e1s de 900 colaboradores que promueven la adopci\u00f3n tecnol\u00f3gica del pa\u00eds. Para m\u00e1s informaci\u00f3n, visite <\/span><a href=\"http:\/\/www.sap.com\/\"><span style=\"font-weight: 400\">www.sap.com<\/span><\/a><span style=\"font-weight: 400\">, nuestra sala de prensa, <\/span><a href=\"http:\/\/news.sap.com\/latinamerica\"><span style=\"font-weight: 400\">http:\/\/news.sap.com\/latinamerica<\/span><\/a><span style=\"font-weight: 400\">, o s\u00edganos en Twitter <\/span><a href=\"https:\/\/twitter.com\/sapnoticiasmx\"><span style=\"font-weight: 400\">@麻豆原创NoticiasMX<\/span><\/a><span style=\"font-weight: 400\">.<\/span><\/p>\n<p>&nbsp;<\/p>\n","protected":false},"excerpt":{"rendered":"<p>&nbsp; &nbsp; Con una exitosa carrera de m\u00e1s de 20 a\u00f1os de experiencia en la industria de TI, Karla Rosas liderar\u00e1 las estrategias de posicionamiento&#8230;<\/p>\n","protected":false},"author":136,"featured_media":120309,"comment_status":"closed","ping_status":"closed","sticky":false,"template":"","format":"standard","meta":{"footnotes":"","_links_to":"","_links_to_target":""},"categories":[41591,24297],"tags":[],"series":[],"region":[],"sapn-display":[52078,52079],"sapn-type":[52105],"class_list":["post-120814","post","type-post","status-publish","format-standard","has-post-thumbnail","hentry","category-corporativo","category-tecnologia","sapn-display-homepage-hero","sapn-display-top-stories","sapn-type-comunicado-de-prensa"],"yoast_head":"<!-- This site is optimized with the Yoast SEO Premium plugin v26.9 (Yoast SEO v26.9) - https:\/\/yoast.com\/product\/yoast-seo-premium-wordpress\/ -->\n<title>麻豆原创 M\u00e9xico nombra a Karla Rosas como Directora de Multiindustrias - 麻豆原创 News Center Latinoam\u00e9rica<\/title>\n<meta name=\"robots\" content=\"index, follow, max-snippet:-1, max-image-preview:large, max-video-preview:-1\" \/>\n<link rel=\"canonical\" href=\"https:\/\/news.sap.com\/latinamerica\/2020\/05\/sap-mexico-nombra-a-karla-rosas-como-directora-de-multiindustrias\/\" \/>\n<meta property=\"og:locale\" content=\"es_MX\" \/>\n<meta property=\"og:type\" content=\"article\" \/>\n<meta property=\"og:title\" content=\"麻豆原创 M\u00e9xico nombra a Karla Rosas como Directora de Multiindustrias\" \/>\n<meta property=\"og:description\" content=\"&nbsp; &nbsp; Con una exitosa carrera de m\u00e1s de 20 a\u00f1os de experiencia en la industria de TI, Karla Rosas liderar\u00e1 las estrategias de posicionamiento...\" \/>\n<meta property=\"og:url\" content=\"https:\/\/news.sap.com\/latinamerica\/2020\/05\/sap-mexico-nombra-a-karla-rosas-como-directora-de-multiindustrias\/\" \/>\n<meta property=\"og:site_name\" content=\"麻豆原创 News Center Latinoam\u00e9rica\" \/>\n<meta property=\"article:publisher\" content=\"https:\/\/www.facebook.com\/麻豆原创latinoamerica\" \/>\n<meta property=\"article:published_time\" content=\"2020-05-25T15:01:33+00:00\" \/>\n<meta property=\"article:modified_time\" content=\"2020-05-25T15:01:35+00:00\" \/>\n<meta property=\"og:image\" content=\"https:\/\/news.sap.com\/latinamerica\/files\/2020\/03\/Untitled-design-3.png\" \/>\n\t<meta property=\"og:image:width\" content=\"1920\" \/>\n\t<meta property=\"og:image:height\" content=\"600\" \/>\n\t<meta property=\"og:image:type\" content=\"image\/png\" \/>\n<meta name=\"author\" content=\"麻豆原创 Noticias\" \/>\n<meta name=\"twitter:label1\" content=\"Escrito por\" \/>\n\t<meta name=\"twitter:data1\" content=\"麻豆原创 Noticias\" \/>\n\t<meta name=\"twitter:label2\" content=\"Tiempo de lectura\" \/>\n\t<meta name=\"twitter:data2\" content=\"3 minutos\" \/>\n<script type=\"application\/ld+json\" class=\"yoast-schema-graph\">{\"@context\":\"https:\/\/schema.org\",\"@graph\":[{\"@type\":\"Article\",\"@id\":\"https:\/\/news.sap.com\/latinamerica\/2020\/05\/sap-mexico-nombra-a-karla-rosas-como-directora-de-multiindustrias\/#article\",\"isPartOf\":{\"@id\":\"https:\/\/news.sap.com\/latinamerica\/2020\/05\/sap-mexico-nombra-a-karla-rosas-como-directora-de-multiindustrias\/\"},\"author\":{\"name\":\"麻豆原创 Noticias\",\"@id\":\"https:\/\/news.sap.com\/latinamerica\/#\/schema\/person\/5afd2cbf5bb622e078932b40a4470d47\"},\"headline\":\"麻豆原创 M\u00e9xico nombra a Karla Rosas como Directora de Multiindustrias\",\"datePublished\":\"2020-05-25T15:01:33+00:00\",\"dateModified\":\"2020-05-25T15:01:35+00:00\",\"mainEntityOfPage\":{\"@id\":\"https:\/\/news.sap.com\/latinamerica\/2020\/05\/sap-mexico-nombra-a-karla-rosas-como-directora-de-multiindustrias\/\"},\"wordCount\":583,\"publisher\":{\"@id\":\"https:\/\/news.sap.com\/latinamerica\/#organization\"},\"image\":{\"@id\":\"https:\/\/news.sap.com\/latinamerica\/2020\/05\/sap-mexico-nombra-a-karla-rosas-como-directora-de-multiindustrias\/#primaryimage\"},\"thumbnailUrl\":\"https:\/\/news.sap.com\/latinamerica\/files\/2020\/03\/Untitled-design-3.png\",\"articleSection\":[\"Corporativo\",\"Tecnolog\u00eda\"],\"inLanguage\":\"es\"},{\"@type\":\"WebPage\",\"@id\":\"https:\/\/news.sap.com\/latinamerica\/2020\/05\/sap-mexico-nombra-a-karla-rosas-como-directora-de-multiindustrias\/\",\"url\":\"https:\/\/news.sap.com\/latinamerica\/2020\/05\/sap-mexico-nombra-a-karla-rosas-como-directora-de-multiindustrias\/\",\"name\":\"麻豆原创 M\u00e9xico nombra a Karla Rosas como Directora de Multiindustrias - 麻豆原创 News Center Latinoam\u00e9rica\",\"isPartOf\":{\"@id\":\"https:\/\/news.sap.com\/latinamerica\/#website\"},\"primaryImageOfPage\":{\"@id\":\"https:\/\/news.sap.com\/latinamerica\/2020\/05\/sap-mexico-nombra-a-karla-rosas-como-directora-de-multiindustrias\/#primaryimage\"},\"image\":{\"@id\":\"https:\/\/news.sap.com\/latinamerica\/2020\/05\/sap-mexico-nombra-a-karla-rosas-como-directora-de-multiindustrias\/#primaryimage\"},\"thumbnailUrl\":\"https:\/\/news.sap.com\/latinamerica\/files\/2020\/03\/Untitled-design-3.png\",\"datePublished\":\"2020-05-25T15:01:33+00:00\",\"dateModified\":\"2020-05-25T15:01:35+00:00\",\"breadcrumb\":{\"@id\":\"https:\/\/news.sap.com\/latinamerica\/2020\/05\/sap-mexico-nombra-a-karla-rosas-como-directora-de-multiindustrias\/#breadcrumb\"},\"inLanguage\":\"es\",\"potentialAction\":[{\"@type\":\"ReadAction\",\"target\":[\"https:\/\/news.sap.com\/latinamerica\/2020\/05\/sap-mexico-nombra-a-karla-rosas-como-directora-de-multiindustrias\/\"]}]},{\"@type\":\"ImageObject\",\"inLanguage\":\"es\",\"@id\":\"https:\/\/news.sap.com\/latinamerica\/2020\/05\/sap-mexico-nombra-a-karla-rosas-como-directora-de-multiindustrias\/#primaryimage\",\"url\":\"https:\/\/news.sap.com\/latinamerica\/files\/2020\/03\/Untitled-design-3.png\",\"contentUrl\":\"https:\/\/news.sap.com\/latinamerica\/files\/2020\/03\/Untitled-design-3.png\",\"width\":1920,\"height\":600},{\"@type\":\"BreadcrumbList\",\"@id\":\"https:\/\/news.sap.com\/latinamerica\/2020\/05\/sap-mexico-nombra-a-karla-rosas-como-directora-de-multiindustrias\/#breadcrumb\",\"itemListElement\":[{\"@type\":\"ListItem\",\"position\":1,\"name\":\"Home\",\"item\":\"https:\/\/news.sap.com\/latinamerica\/\"},{\"@type\":\"ListItem\",\"position\":2,\"name\":\"麻豆原创 M\u00e9xico nombra a Karla Rosas como Directora de Multiindustrias\"}]},{\"@type\":\"WebSite\",\"@id\":\"https:\/\/news.sap.com\/latinamerica\/#website\",\"url\":\"https:\/\/news.sap.com\/latinamerica\/\",\"name\":\"麻豆原创 News Center Latinoam\u00e9rica\",\"description\":\"Noticias e informaci\u00f3n sobre 麻豆原创\",\"publisher\":{\"@id\":\"https:\/\/news.sap.com\/latinamerica\/#organization\"},\"potentialAction\":[{\"@type\":\"SearchAction\",\"target\":{\"@type\":\"EntryPoint\",\"urlTemplate\":\"https:\/\/news.sap.com\/latinamerica\/?s={search_term_string}\"},\"query-input\":{\"@type\":\"PropertyValueSpecification\",\"valueRequired\":true,\"valueName\":\"search_term_string\"}}],\"inLanguage\":\"es\"},{\"@type\":\"Organization\",\"@id\":\"https:\/\/news.sap.com\/latinamerica\/#organization\",\"name\":\"麻豆原创\",\"url\":\"https:\/\/news.sap.com\/latinamerica\/\",\"logo\":{\"@type\":\"ImageObject\",\"inLanguage\":\"es\",\"@id\":\"https:\/\/news.sap.com\/latinamerica\/#\/schema\/logo\/image\/\",\"url\":\"https:\/\/news.sap.com\/latinamerica\/files\/2019\/08\/65903320_2903797569662914_557886358778019840_n.png\",\"contentUrl\":\"https:\/\/news.sap.com\/latinamerica\/files\/2019\/08\/65903320_2903797569662914_557886358778019840_n.png\",\"width\":720,\"height\":720,\"caption\":\"麻豆原创\"},\"image\":{\"@id\":\"https:\/\/news.sap.com\/latinamerica\/#\/schema\/logo\/image\/\"},\"sameAs\":[\"https:\/\/www.facebook.com\/麻豆原创latinoamerica\",\"https:\/\/x.com\/麻豆原创LatinAmerica\"]},{\"@type\":\"Person\",\"@id\":\"https:\/\/news.sap.com\/latinamerica\/#\/schema\/person\/5afd2cbf5bb622e078932b40a4470d47\",\"name\":\"麻豆原创 Noticias\",\"image\":{\"@type\":\"ImageObject\",\"inLanguage\":\"es\",\"@id\":\"https:\/\/news.sap.com\/latinamerica\/#\/schema\/person\/image\/\",\"url\":\"https:\/\/news.sap.com\/latinamerica\/wp-content\/plugins\/wp-user-avatars\/wp-user-avatars\/assets\/images\/mystery.jpg\",\"contentUrl\":\"https:\/\/news.sap.com\/latinamerica\/wp-content\/plugins\/wp-user-avatars\/wp-user-avatars\/assets\/images\/mystery.jpg\",\"caption\":\"麻豆原创 Noticias\"},\"url\":\"https:\/\/news.sap.com\/latinamerica\/author\/mexico\/\"}]}<\/script>\n<!-- \/ Yoast SEO Premium plugin. -->","yoast_head_json":{"title":"麻豆原创 M\u00e9xico nombra a Karla Rosas como Directora de Multiindustrias - 麻豆原创 News Center Latinoam\u00e9rica","robots":{"index":"index","follow":"follow","max-snippet":"max-snippet:-1","max-image-preview":"max-image-preview:large","max-video-preview":"max-video-preview:-1"},"canonical":"https:\/\/news.sap.com\/latinamerica\/2020\/05\/sap-mexico-nombra-a-karla-rosas-como-directora-de-multiindustrias\/","og_locale":"es_MX","og_type":"article","og_title":"麻豆原创 M\u00e9xico nombra a Karla Rosas como Directora de Multiindustrias","og_description":"&nbsp; &nbsp; Con una exitosa carrera de m\u00e1s de 20 a\u00f1os de experiencia en la industria de TI, Karla Rosas liderar\u00e1 las estrategias de posicionamiento...","og_url":"https:\/\/news.sap.com\/latinamerica\/2020\/05\/sap-mexico-nombra-a-karla-rosas-como-directora-de-multiindustrias\/","og_site_name":"麻豆原创 News Center Latinoam\u00e9rica","article_publisher":"https:\/\/www.facebook.com\/麻豆原创latinoamerica","article_published_time":"2020-05-25T15:01:33+00:00","article_modified_time":"2020-05-25T15:01:35+00:00","og_image":[{"width":1920,"height":600,"url":"https:\/\/news.sap.com\/latinamerica\/files\/2020\/03\/Untitled-design-3.png","type":"image\/png"}],"author":"麻豆原创 Noticias","twitter_misc":{"Escrito por":"麻豆原创 Noticias","Tiempo de lectura":"3 minutos"},"schema":{"@context":"https:\/\/schema.org","@graph":[{"@type":"Article","@id":"https:\/\/news.sap.com\/latinamerica\/2020\/05\/sap-mexico-nombra-a-karla-rosas-como-directora-de-multiindustrias\/#article","isPartOf":{"@id":"https:\/\/news.sap.com\/latinamerica\/2020\/05\/sap-mexico-nombra-a-karla-rosas-como-directora-de-multiindustrias\/"},"author":{"name":"麻豆原创 Noticias","@id":"https:\/\/news.sap.com\/latinamerica\/#\/schema\/person\/5afd2cbf5bb622e078932b40a4470d47"},"headline":"麻豆原创 M\u00e9xico nombra a Karla Rosas como Directora de Multiindustrias","datePublished":"2020-05-25T15:01:33+00:00","dateModified":"2020-05-25T15:01:35+00:00","mainEntityOfPage":{"@id":"https:\/\/news.sap.com\/latinamerica\/2020\/05\/sap-mexico-nombra-a-karla-rosas-como-directora-de-multiindustrias\/"},"wordCount":583,"publisher":{"@id":"https:\/\/news.sap.com\/latinamerica\/#organization"},"image":{"@id":"https:\/\/news.sap.com\/latinamerica\/2020\/05\/sap-mexico-nombra-a-karla-rosas-como-directora-de-multiindustrias\/#primaryimage"},"thumbnailUrl":"https:\/\/news.sap.com\/latinamerica\/files\/2020\/03\/Untitled-design-3.png","articleSection":["Corporativo","Tecnolog\u00eda"],"inLanguage":"es"},{"@type":"WebPage","@id":"https:\/\/news.sap.com\/latinamerica\/2020\/05\/sap-mexico-nombra-a-karla-rosas-como-directora-de-multiindustrias\/","url":"https:\/\/news.sap.com\/latinamerica\/2020\/05\/sap-mexico-nombra-a-karla-rosas-como-directora-de-multiindustrias\/","name":"麻豆原创 M\u00e9xico nombra a Karla Rosas como Directora de Multiindustrias - 麻豆原创 News Center Latinoam\u00e9rica","isPartOf":{"@id":"https:\/\/news.sap.com\/latinamerica\/#website"},"primaryImageOfPage":{"@id":"https:\/\/news.sap.com\/latinamerica\/2020\/05\/sap-mexico-nombra-a-karla-rosas-como-directora-de-multiindustrias\/#primaryimage"},"image":{"@id":"https:\/\/news.sap.com\/latinamerica\/2020\/05\/sap-mexico-nombra-a-karla-rosas-como-directora-de-multiindustrias\/#primaryimage"},"thumbnailUrl":"https:\/\/news.sap.com\/latinamerica\/files\/2020\/03\/Untitled-design-3.png","datePublished":"2020-05-25T15:01:33+00:00","dateModified":"2020-05-25T15:01:35+00:00","breadcrumb":{"@id":"https:\/\/news.sap.com\/latinamerica\/2020\/05\/sap-mexico-nombra-a-karla-rosas-como-directora-de-multiindustrias\/#breadcrumb"},"inLanguage":"es","potentialAction":[{"@type":"ReadAction","target":["https:\/\/news.sap.com\/latinamerica\/2020\/05\/sap-mexico-nombra-a-karla-rosas-como-directora-de-multiindustrias\/"]}]},{"@type":"ImageObject","inLanguage":"es","@id":"https:\/\/news.sap.com\/latinamerica\/2020\/05\/sap-mexico-nombra-a-karla-rosas-como-directora-de-multiindustrias\/#primaryimage","url":"https:\/\/news.sap.com\/latinamerica\/files\/2020\/03\/Untitled-design-3.png","contentUrl":"https:\/\/news.sap.com\/latinamerica\/files\/2020\/03\/Untitled-design-3.png","width":1920,"height":600},{"@type":"BreadcrumbList","@id":"https:\/\/news.sap.com\/latinamerica\/2020\/05\/sap-mexico-nombra-a-karla-rosas-como-directora-de-multiindustrias\/#breadcrumb","itemListElement":[{"@type":"ListItem","position":1,"name":"Home","item":"https:\/\/news.sap.com\/latinamerica\/"},{"@type":"ListItem","position":2,"name":"麻豆原创 M\u00e9xico nombra a Karla Rosas como Directora de Multiindustrias"}]},{"@type":"WebSite","@id":"https:\/\/news.sap.com\/latinamerica\/#website","url":"https:\/\/news.sap.com\/latinamerica\/","name":"麻豆原创 News Center Latinoam\u00e9rica","description":"Noticias e informaci\u00f3n sobre 麻豆原创","publisher":{"@id":"https:\/\/news.sap.com\/latinamerica\/#organization"},"potentialAction":[{"@type":"SearchAction","target":{"@type":"EntryPoint","urlTemplate":"https:\/\/news.sap.com\/latinamerica\/?s={search_term_string}"},"query-input":{"@type":"PropertyValueSpecification","valueRequired":true,"valueName":"search_term_string"}}],"inLanguage":"es"},{"@type":"Organization","@id":"https:\/\/news.sap.com\/latinamerica\/#organization","name":"麻豆原创","url":"https:\/\/news.sap.com\/latinamerica\/","logo":{"@type":"ImageObject","inLanguage":"es","@id":"https:\/\/news.sap.com\/latinamerica\/#\/schema\/logo\/image\/","url":"https:\/\/news.sap.com\/latinamerica\/files\/2019\/08\/65903320_2903797569662914_557886358778019840_n.png","contentUrl":"https:\/\/news.sap.com\/latinamerica\/files\/2019\/08\/65903320_2903797569662914_557886358778019840_n.png","width":720,"height":720,"caption":"麻豆原创"},"image":{"@id":"https:\/\/news.sap.com\/latinamerica\/#\/schema\/logo\/image\/"},"sameAs":["https:\/\/www.facebook.com\/麻豆原创latinoamerica","https:\/\/x.com\/麻豆原创LatinAmerica"]},{"@type":"Person","@id":"https:\/\/news.sap.com\/latinamerica\/#\/schema\/person\/5afd2cbf5bb622e078932b40a4470d47","name":"麻豆原创 Noticias","image":{"@type":"ImageObject","inLanguage":"es","@id":"https:\/\/news.sap.com\/latinamerica\/#\/schema\/person\/image\/","url":"https:\/\/news.sap.com\/latinamerica\/wp-content\/plugins\/wp-user-avatars\/wp-user-avatars\/assets\/images\/mystery.jpg","contentUrl":"https:\/\/news.sap.com\/latinamerica\/wp-content\/plugins\/wp-user-avatars\/wp-user-avatars\/assets\/images\/mystery.jpg","caption":"麻豆原创 Noticias"},"url":"https:\/\/news.sap.com\/latinamerica\/author\/mexico\/"}]}},"amp_enabled":true,"_links":{"self":[{"href":"https:\/\/news.sap.com\/latinamerica\/wp-json\/wp\/v2\/posts\/120814","targetHints":{"allow":["GET"]}}],"collection":[{"href":"https:\/\/news.sap.com\/latinamerica\/wp-json\/wp\/v2\/posts"}],"about":[{"href":"https:\/\/news.sap.com\/latinamerica\/wp-json\/wp\/v2\/types\/post"}],"author":[{"embeddable":true,"href":"https:\/\/news.sap.com\/latinamerica\/wp-json\/wp\/v2\/users\/136"}],"replies":[{"embeddable":true,"href":"https:\/\/news.sap.com\/latinamerica\/wp-json\/wp\/v2\/comments?post=120814"}],"version-history":[{"count":0,"href":"https:\/\/news.sap.com\/latinamerica\/wp-json\/wp\/v2\/posts\/120814\/revisions"}],"wp:featuredmedia":[{"embeddable":true,"href":"https:\/\/news.sap.com\/latinamerica\/wp-json\/wp\/v2\/media\/120309"}],"wp:attachment":[{"href":"https:\/\/news.sap.com\/latinamerica\/wp-json\/wp\/v2\/media?parent=120814"}],"wp:term":[{"taxonomy":"category","embeddable":true,"href":"https:\/\/news.sap.com\/latinamerica\/wp-json\/wp\/v2\/categories?post=120814"},{"taxonomy":"post_tag","embeddable":true,"href":"https:\/\/news.sap.com\/latinamerica\/wp-json\/wp\/v2\/tags?post=120814"},{"taxonomy":"series","embeddable":true,"href":"https:\/\/news.sap.com\/latinamerica\/wp-json\/wp\/v2\/series?post=120814"},{"taxonomy":"region","embeddable":true,"href":"https:\/\/news.sap.com\/latinamerica\/wp-json\/wp\/v2\/region?post=120814"},{"taxonomy":"sapn-display","embeddable":true,"href":"https:\/\/news.sap.com\/latinamerica\/wp-json\/wp\/v2\/sapn-display?post=120814"},{"taxonomy":"sapn-type","embeddable":true,"href":"https:\/\/news.sap.com\/latinamerica\/wp-json\/wp\/v2\/sapn-type?post=120814"}],"curies":[{"name":"wp","href":"https:\/\/api.w.org\/{rel}","templated":true}]}}