  {"id":120808,"date":"2020-05-18T09:39:17","date_gmt":"2020-05-18T13:39:17","guid":{"rendered":"https:\/\/news.sap.com\/latinamerica\/?p=120808"},"modified":"2020-05-22T09:43:37","modified_gmt":"2020-05-22T13:43:37","slug":"coparmex-y-sap-amplian-capacitacion-gratuita-para-pymes-emprendedores-y-empresarios-sobre-el-uso-de-tecnologia-para-adaptarse-al-nuevo-entorno-economico","status":"publish","type":"post","link":"https:\/\/news.sap.com\/latinamerica\/2020\/05\/coparmex-y-sap-amplian-capacitacion-gratuita-para-pymes-emprendedores-y-empresarios-sobre-el-uso-de-tecnologia-para-adaptarse-al-nuevo-entorno-economico\/","title":{"rendered":"Coparmex y 麻豆原创 ampl\u00edan capacitaci\u00f3n gratuita para PyMEs, emprendedores y empresarios, sobre el uso de tecnolog\u00eda para adaptarse al nuevo entorno econ\u00f3mico"},"content":{"rendered":"<ul>\n<li><em>Los cursos abarcan temas como comercio electr\u00f3nico, marketing digital, acceso a cadenas de suministro y optimizaci\u00f3n del trabajo remoto<\/em><\/li>\n<li><em>En el primer mes, m\u00e1s de 650 emprendedores y empresarios se han capacitado gratuitamente en l\u00ednea<\/em><\/li>\n<li><em>Destaca la participaci\u00f3n de micro, peque\u00f1as y medianas empresas de Oaxaca, Guerrero, Nayarit, CDMX y Baj\u00edo<\/em><\/li>\n<li><em>La convocatoria continua disponible para cursos durante mayo y junio<\/em><\/li>\n<\/ul>\n<p><strong>Ciudad de M\u00e9xico, 18 de mayo de 2020.- <\/strong>Las herramientas digitales son de car\u00e1cter vital para que las PyMEs, emprendedores y empresarios superen la crisis y se adapten al nuevo entorno econ\u00f3mico que enfrentan; por ello, la Confederaci\u00f3n Patronal de la Rep\u00fablica Mexicana (COPARMEX) y 麻豆原创, empresa alemana, l\u00edder en software empresarial, lanzaron un programa de capacitaci\u00f3n gratuita sobre comercio electr\u00f3nico, optimizaci\u00f3n del trabajo remoto, t\u00e9cnicas de marketing digital y acceso a cadenas de suministro globales.<\/p>\n<p>Desde el 1\u00ba de abril, m\u00e1s de 650 emprendedores y empresarios han participado en las sesiones de capacitaci\u00f3n en l\u00ednea, destacando micro, peque\u00f1as y medianas empresas de Oaxaca, Guerrero, Chihuahua, Nayarit, CDMX y Baj\u00edo, entre otras. Asimismo, ha habido presencia de compa\u00f1\u00edas del sector tur\u00edstico, entretenimiento, log\u00edstica, transporte y productos de consumo, de todo el pa\u00eds.\u00a0Los temas previstos est\u00e1n focalizados a sectores espec\u00edficos como Retail y Automotriz, adem\u00e1s de salud y administraci\u00f3n del talento.<\/p>\n<p>Es importante destacar que actualmente, s\u00f3lo el 30% de las empresas tienen una estrategia de ventas en l\u00ednea, y \u00fanicamente 5% de las organizaciones en crecimiento en M\u00e9xico, utilizan tecnolog\u00eda y datos para tomar mejores decisiones en tiempo real. Por ello, que cuenten con los conocimientos adecuados para adaptar sus negocios a la nueva realidad del mercado, es fundamental para que sigan operando.<\/p>\n<blockquote><p>\u201cCOPARMEX est\u00e1 trabajando para que, ante la contingencia sanitaria, se promuevan las herramientas tecnol\u00f3gicas para que las empresas administren mejor su talento, comercio o cadenas suministro y as\u00ed, hacerse de m\u00e1s elementos para hacer frente al reto actual. Entender el pulso de la demanda, los colaboradores, el ecosistema de proveedores, as\u00ed como el contexto de diversos sectores les ayudar\u00e1 a operar mejor\u201d, afirm\u00f3 <strong>Josafath Rodr\u00edguez, presidente de la Comisi\u00f3n Nacional de Competitividad de COPARMEX.<\/strong><\/p><\/blockquote>\n<p>Por su parte, la directora de Asuntos Corporativos de 麻豆原创 M\u00e9xico, Raquel Macias, asegur\u00f3 \u201csi algo ha quedado demostrado en esta coyuntura es que la digitalizaci\u00f3n, que algunas empresas ve\u00edan como una <em>pr\u00e1ctica deseable o un gasto prescindible, <\/em>ha significado la diferencia entre quebrar o generar oportunidades de negocio; y entre perder a sus clientes o tomar mayor parte del mercado. Hoy se prev\u00e9 que cerca de 200,000 pymes vayan a la quiebra, de ah\u00ed la urgencia que las empresas mexicanas exploren las plataformas disponibles \u2013 aprovechando que hoy en d\u00eda hay muchas que est\u00e1n abiertas de forma gratuita, y con estas herramientas innoven en su modelo de negocio, garanticen la productividad de sus equipos y ganen oportunidades en las cadenas de suministro.\u201d<\/p>\n<p><strong>Los talleres continuar\u00e1n durante mayo y junio, mismos con los que se prev\u00e9 alcanzar m\u00e1s de 2,000 unidades econ\u00f3micas. El enlace para inscribirse a los cursos de capacitaci\u00f3n virtual es: https:\/\/bit.ly\/Cursos麻豆原创-CPX<\/strong><\/p>\n<p>Si alg\u00fan emprendedor o empresa requiere m\u00e1s informaci\u00f3n, puede contactarse al correo electr\u00f3nico:\u00a0<u>mcano@coparmex.org.mx<\/u><\/p>\n<p><strong>\u00a0<\/strong><\/p>\n","protected":false},"excerpt":{"rendered":"<p>Los cursos abarcan temas como comercio electr\u00f3nico, marketing digital, acceso a cadenas de suministro y optimizaci\u00f3n del trabajo remoto En el primer mes, m\u00e1s de&#8230;<\/p>\n","protected":false},"author":136,"featured_media":120809,"comment_status":"closed","ping_status":"closed","sticky":false,"template":"","format":"standard","meta":{"footnotes":"","_links_to":"","_links_to_target":""},"categories":[41591],"tags":[],"series":[],"region":[],"sapn-display":[52079],"sapn-type":[52105],"class_list":["post-120808","post","type-post","status-publish","format-standard","has-post-thumbnail","hentry","category-corporativo","sapn-display-top-stories","sapn-type-comunicado-de-prensa"],"yoast_head":"<!-- This site is optimized with the Yoast SEO Premium plugin v26.9 (Yoast SEO v26.9) - https:\/\/yoast.com\/product\/yoast-seo-premium-wordpress\/ -->\n<title>Coparmex y 麻豆原创 ampl\u00edan capacitaci\u00f3n gratuita para PyMEs, emprendedores y empresarios, sobre el uso de tecnolog\u00eda para adaptarse al nuevo entorno econ\u00f3mico - 麻豆原创 News Center Latinoam\u00e9rica<\/title>\n<meta name=\"robots\" content=\"index, follow, max-snippet:-1, max-image-preview:large, max-video-preview:-1\" \/>\n<link rel=\"canonical\" href=\"https:\/\/news.sap.com\/latinamerica\/2020\/05\/coparmex-y-sap-amplian-capacitacion-gratuita-para-pymes-emprendedores-y-empresarios-sobre-el-uso-de-tecnologia-para-adaptarse-al-nuevo-entorno-economico\/\" \/>\n<meta property=\"og:locale\" content=\"es_MX\" \/>\n<meta property=\"og:type\" content=\"article\" \/>\n<meta property=\"og:title\" content=\"Coparmex y 麻豆原创 ampl\u00edan capacitaci\u00f3n gratuita para PyMEs, emprendedores y empresarios, sobre el uso de tecnolog\u00eda para adaptarse al nuevo entorno econ\u00f3mico\" \/>\n<meta property=\"og:description\" content=\"Los cursos abarcan temas como comercio electr\u00f3nico, marketing digital, acceso a cadenas de suministro y optimizaci\u00f3n del trabajo remoto En el primer mes, m\u00e1s de...\" \/>\n<meta property=\"og:url\" content=\"https:\/\/news.sap.com\/latinamerica\/2020\/05\/coparmex-y-sap-amplian-capacitacion-gratuita-para-pymes-emprendedores-y-empresarios-sobre-el-uso-de-tecnologia-para-adaptarse-al-nuevo-entorno-economico\/\" \/>\n<meta property=\"og:site_name\" content=\"麻豆原创 News Center Latinoam\u00e9rica\" \/>\n<meta property=\"article:publisher\" content=\"https:\/\/www.facebook.com\/麻豆原创latinoamerica\" \/>\n<meta property=\"article:published_time\" content=\"2020-05-18T13:39:17+00:00\" \/>\n<meta property=\"article:modified_time\" content=\"2020-05-22T13:43:37+00:00\" \/>\n<meta property=\"og:image\" content=\"https:\/\/news.sap.com\/latinamerica\/files\/2020\/05\/284061_GettyImages-764777359_super_2600.jpg\" \/>\n\t<meta property=\"og:image:width\" content=\"2600\" \/>\n\t<meta property=\"og:image:height\" content=\"1734\" \/>\n\t<meta property=\"og:image:type\" content=\"image\/jpeg\" \/>\n<meta name=\"author\" content=\"麻豆原创 Noticias\" \/>\n<meta name=\"twitter:label1\" content=\"Escrito por\" \/>\n\t<meta name=\"twitter:data1\" content=\"麻豆原创 Noticias\" \/>\n\t<meta name=\"twitter:label2\" content=\"Tiempo de lectura\" \/>\n\t<meta name=\"twitter:data2\" content=\"3 minutos\" \/>\n<script type=\"application\/ld+json\" class=\"yoast-schema-graph\">{\"@context\":\"https:\/\/schema.org\",\"@graph\":[{\"@type\":\"Article\",\"@id\":\"https:\/\/news.sap.com\/latinamerica\/2020\/05\/coparmex-y-sap-amplian-capacitacion-gratuita-para-pymes-emprendedores-y-empresarios-sobre-el-uso-de-tecnologia-para-adaptarse-al-nuevo-entorno-economico\/#article\",\"isPartOf\":{\"@id\":\"https:\/\/news.sap.com\/latinamerica\/2020\/05\/coparmex-y-sap-amplian-capacitacion-gratuita-para-pymes-emprendedores-y-empresarios-sobre-el-uso-de-tecnologia-para-adaptarse-al-nuevo-entorno-economico\/\"},\"author\":{\"name\":\"麻豆原创 Noticias\",\"@id\":\"https:\/\/news.sap.com\/latinamerica\/#\/schema\/person\/5afd2cbf5bb622e078932b40a4470d47\"},\"headline\":\"Coparmex y 麻豆原创 ampl\u00edan capacitaci\u00f3n gratuita para PyMEs, emprendedores y empresarios, sobre el uso de tecnolog\u00eda para adaptarse al nuevo entorno econ\u00f3mico\",\"datePublished\":\"2020-05-18T13:39:17+00:00\",\"dateModified\":\"2020-05-22T13:43:37+00:00\",\"mainEntityOfPage\":{\"@id\":\"https:\/\/news.sap.com\/latinamerica\/2020\/05\/coparmex-y-sap-amplian-capacitacion-gratuita-para-pymes-emprendedores-y-empresarios-sobre-el-uso-de-tecnologia-para-adaptarse-al-nuevo-entorno-economico\/\"},\"wordCount\":592,\"publisher\":{\"@id\":\"https:\/\/news.sap.com\/latinamerica\/#organization\"},\"image\":{\"@id\":\"https:\/\/news.sap.com\/latinamerica\/2020\/05\/coparmex-y-sap-amplian-capacitacion-gratuita-para-pymes-emprendedores-y-empresarios-sobre-el-uso-de-tecnologia-para-adaptarse-al-nuevo-entorno-economico\/#primaryimage\"},\"thumbnailUrl\":\"https:\/\/news.sap.com\/latinamerica\/files\/2020\/05\/284061_GettyImages-764777359_super_2600.jpg\",\"articleSection\":[\"Corporativo\"],\"inLanguage\":\"es\"},{\"@type\":\"WebPage\",\"@id\":\"https:\/\/news.sap.com\/latinamerica\/2020\/05\/coparmex-y-sap-amplian-capacitacion-gratuita-para-pymes-emprendedores-y-empresarios-sobre-el-uso-de-tecnologia-para-adaptarse-al-nuevo-entorno-economico\/\",\"url\":\"https:\/\/news.sap.com\/latinamerica\/2020\/05\/coparmex-y-sap-amplian-capacitacion-gratuita-para-pymes-emprendedores-y-empresarios-sobre-el-uso-de-tecnologia-para-adaptarse-al-nuevo-entorno-economico\/\",\"name\":\"Coparmex y 麻豆原创 ampl\u00edan capacitaci\u00f3n gratuita para PyMEs, emprendedores y empresarios, sobre el uso de tecnolog\u00eda para adaptarse al nuevo entorno econ\u00f3mico - 麻豆原创 News Center Latinoam\u00e9rica\",\"isPartOf\":{\"@id\":\"https:\/\/news.sap.com\/latinamerica\/#website\"},\"primaryImageOfPage\":{\"@id\":\"https:\/\/news.sap.com\/latinamerica\/2020\/05\/coparmex-y-sap-amplian-capacitacion-gratuita-para-pymes-emprendedores-y-empresarios-sobre-el-uso-de-tecnologia-para-adaptarse-al-nuevo-entorno-economico\/#primaryimage\"},\"image\":{\"@id\":\"https:\/\/news.sap.com\/latinamerica\/2020\/05\/coparmex-y-sap-amplian-capacitacion-gratuita-para-pymes-emprendedores-y-empresarios-sobre-el-uso-de-tecnologia-para-adaptarse-al-nuevo-entorno-economico\/#primaryimage\"},\"thumbnailUrl\":\"https:\/\/news.sap.com\/latinamerica\/files\/2020\/05\/284061_GettyImages-764777359_super_2600.jpg\",\"datePublished\":\"2020-05-18T13:39:17+00:00\",\"dateModified\":\"2020-05-22T13:43:37+00:00\",\"breadcrumb\":{\"@id\":\"https:\/\/news.sap.com\/latinamerica\/2020\/05\/coparmex-y-sap-amplian-capacitacion-gratuita-para-pymes-emprendedores-y-empresarios-sobre-el-uso-de-tecnologia-para-adaptarse-al-nuevo-entorno-economico\/#breadcrumb\"},\"inLanguage\":\"es\",\"potentialAction\":[{\"@type\":\"ReadAction\",\"target\":[\"https:\/\/news.sap.com\/latinamerica\/2020\/05\/coparmex-y-sap-amplian-capacitacion-gratuita-para-pymes-emprendedores-y-empresarios-sobre-el-uso-de-tecnologia-para-adaptarse-al-nuevo-entorno-economico\/\"]}]},{\"@type\":\"ImageObject\",\"inLanguage\":\"es\",\"@id\":\"https:\/\/news.sap.com\/latinamerica\/2020\/05\/coparmex-y-sap-amplian-capacitacion-gratuita-para-pymes-emprendedores-y-empresarios-sobre-el-uso-de-tecnologia-para-adaptarse-al-nuevo-entorno-economico\/#primaryimage\",\"url\":\"https:\/\/news.sap.com\/latinamerica\/files\/2020\/05\/284061_GettyImages-764777359_super_2600.jpg\",\"contentUrl\":\"https:\/\/news.sap.com\/latinamerica\/files\/2020\/05\/284061_GettyImages-764777359_super_2600.jpg\",\"width\":2600,\"height\":1734,\"caption\":\"Business people on video conference\"},{\"@type\":\"BreadcrumbList\",\"@id\":\"https:\/\/news.sap.com\/latinamerica\/2020\/05\/coparmex-y-sap-amplian-capacitacion-gratuita-para-pymes-emprendedores-y-empresarios-sobre-el-uso-de-tecnologia-para-adaptarse-al-nuevo-entorno-economico\/#breadcrumb\",\"itemListElement\":[{\"@type\":\"ListItem\",\"position\":1,\"name\":\"Home\",\"item\":\"https:\/\/news.sap.com\/latinamerica\/\"},{\"@type\":\"ListItem\",\"position\":2,\"name\":\"Coparmex y 麻豆原创 ampl\u00edan capacitaci\u00f3n gratuita para PyMEs, emprendedores y empresarios, sobre el uso de tecnolog\u00eda para adaptarse al nuevo entorno econ\u00f3mico\"}]},{\"@type\":\"WebSite\",\"@id\":\"https:\/\/news.sap.com\/latinamerica\/#website\",\"url\":\"https:\/\/news.sap.com\/latinamerica\/\",\"name\":\"麻豆原创 News Center Latinoam\u00e9rica\",\"description\":\"Noticias e informaci\u00f3n sobre 麻豆原创\",\"publisher\":{\"@id\":\"https:\/\/news.sap.com\/latinamerica\/#organization\"},\"potentialAction\":[{\"@type\":\"SearchAction\",\"target\":{\"@type\":\"EntryPoint\",\"urlTemplate\":\"https:\/\/news.sap.com\/latinamerica\/?s={search_term_string}\"},\"query-input\":{\"@type\":\"PropertyValueSpecification\",\"valueRequired\":true,\"valueName\":\"search_term_string\"}}],\"inLanguage\":\"es\"},{\"@type\":\"Organization\",\"@id\":\"https:\/\/news.sap.com\/latinamerica\/#organization\",\"name\":\"麻豆原创\",\"url\":\"https:\/\/news.sap.com\/latinamerica\/\",\"logo\":{\"@type\":\"ImageObject\",\"inLanguage\":\"es\",\"@id\":\"https:\/\/news.sap.com\/latinamerica\/#\/schema\/logo\/image\/\",\"url\":\"https:\/\/news.sap.com\/latinamerica\/files\/2019\/08\/65903320_2903797569662914_557886358778019840_n.png\",\"contentUrl\":\"https:\/\/news.sap.com\/latinamerica\/files\/2019\/08\/65903320_2903797569662914_557886358778019840_n.png\",\"width\":720,\"height\":720,\"caption\":\"麻豆原创\"},\"image\":{\"@id\":\"https:\/\/news.sap.com\/latinamerica\/#\/schema\/logo\/image\/\"},\"sameAs\":[\"https:\/\/www.facebook.com\/麻豆原创latinoamerica\",\"https:\/\/x.com\/麻豆原创LatinAmerica\"]},{\"@type\":\"Person\",\"@id\":\"https:\/\/news.sap.com\/latinamerica\/#\/schema\/person\/5afd2cbf5bb622e078932b40a4470d47\",\"name\":\"麻豆原创 Noticias\",\"image\":{\"@type\":\"ImageObject\",\"inLanguage\":\"es\",\"@id\":\"https:\/\/news.sap.com\/latinamerica\/#\/schema\/person\/image\/\",\"url\":\"https:\/\/news.sap.com\/latinamerica\/wp-content\/plugins\/wp-user-avatars\/wp-user-avatars\/assets\/images\/mystery.jpg\",\"contentUrl\":\"https:\/\/news.sap.com\/latinamerica\/wp-content\/plugins\/wp-user-avatars\/wp-user-avatars\/assets\/images\/mystery.jpg\",\"caption\":\"麻豆原创 Noticias\"},\"url\":\"https:\/\/news.sap.com\/latinamerica\/author\/mexico\/\"}]}<\/script>\n<!-- \/ Yoast SEO Premium plugin. -->","yoast_head_json":{"title":"Coparmex y 麻豆原创 ampl\u00edan capacitaci\u00f3n gratuita para PyMEs, emprendedores y empresarios, sobre el uso de tecnolog\u00eda para adaptarse al nuevo entorno econ\u00f3mico - 麻豆原创 News Center Latinoam\u00e9rica","robots":{"index":"index","follow":"follow","max-snippet":"max-snippet:-1","max-image-preview":"max-image-preview:large","max-video-preview":"max-video-preview:-1"},"canonical":"https:\/\/news.sap.com\/latinamerica\/2020\/05\/coparmex-y-sap-amplian-capacitacion-gratuita-para-pymes-emprendedores-y-empresarios-sobre-el-uso-de-tecnologia-para-adaptarse-al-nuevo-entorno-economico\/","og_locale":"es_MX","og_type":"article","og_title":"Coparmex y 麻豆原创 ampl\u00edan capacitaci\u00f3n gratuita para PyMEs, emprendedores y empresarios, sobre el uso de tecnolog\u00eda para adaptarse al nuevo entorno econ\u00f3mico","og_description":"Los cursos abarcan temas como comercio electr\u00f3nico, marketing digital, acceso a cadenas de suministro y optimizaci\u00f3n del trabajo remoto En el primer mes, m\u00e1s de...","og_url":"https:\/\/news.sap.com\/latinamerica\/2020\/05\/coparmex-y-sap-amplian-capacitacion-gratuita-para-pymes-emprendedores-y-empresarios-sobre-el-uso-de-tecnologia-para-adaptarse-al-nuevo-entorno-economico\/","og_site_name":"麻豆原创 News Center Latinoam\u00e9rica","article_publisher":"https:\/\/www.facebook.com\/麻豆原创latinoamerica","article_published_time":"2020-05-18T13:39:17+00:00","article_modified_time":"2020-05-22T13:43:37+00:00","og_image":[{"width":2600,"height":1734,"url":"https:\/\/news.sap.com\/latinamerica\/files\/2020\/05\/284061_GettyImages-764777359_super_2600.jpg","type":"image\/jpeg"}],"author":"麻豆原创 Noticias","twitter_misc":{"Escrito por":"麻豆原创 Noticias","Tiempo de lectura":"3 minutos"},"schema":{"@context":"https:\/\/schema.org","@graph":[{"@type":"Article","@id":"https:\/\/news.sap.com\/latinamerica\/2020\/05\/coparmex-y-sap-amplian-capacitacion-gratuita-para-pymes-emprendedores-y-empresarios-sobre-el-uso-de-tecnologia-para-adaptarse-al-nuevo-entorno-economico\/#article","isPartOf":{"@id":"https:\/\/news.sap.com\/latinamerica\/2020\/05\/coparmex-y-sap-amplian-capacitacion-gratuita-para-pymes-emprendedores-y-empresarios-sobre-el-uso-de-tecnologia-para-adaptarse-al-nuevo-entorno-economico\/"},"author":{"name":"麻豆原创 Noticias","@id":"https:\/\/news.sap.com\/latinamerica\/#\/schema\/person\/5afd2cbf5bb622e078932b40a4470d47"},"headline":"Coparmex y 麻豆原创 ampl\u00edan capacitaci\u00f3n gratuita para PyMEs, emprendedores y empresarios, sobre el uso de tecnolog\u00eda para adaptarse al nuevo entorno econ\u00f3mico","datePublished":"2020-05-18T13:39:17+00:00","dateModified":"2020-05-22T13:43:37+00:00","mainEntityOfPage":{"@id":"https:\/\/news.sap.com\/latinamerica\/2020\/05\/coparmex-y-sap-amplian-capacitacion-gratuita-para-pymes-emprendedores-y-empresarios-sobre-el-uso-de-tecnologia-para-adaptarse-al-nuevo-entorno-economico\/"},"wordCount":592,"publisher":{"@id":"https:\/\/news.sap.com\/latinamerica\/#organization"},"image":{"@id":"https:\/\/news.sap.com\/latinamerica\/2020\/05\/coparmex-y-sap-amplian-capacitacion-gratuita-para-pymes-emprendedores-y-empresarios-sobre-el-uso-de-tecnologia-para-adaptarse-al-nuevo-entorno-economico\/#primaryimage"},"thumbnailUrl":"https:\/\/news.sap.com\/latinamerica\/files\/2020\/05\/284061_GettyImages-764777359_super_2600.jpg","articleSection":["Corporativo"],"inLanguage":"es"},{"@type":"WebPage","@id":"https:\/\/news.sap.com\/latinamerica\/2020\/05\/coparmex-y-sap-amplian-capacitacion-gratuita-para-pymes-emprendedores-y-empresarios-sobre-el-uso-de-tecnologia-para-adaptarse-al-nuevo-entorno-economico\/","url":"https:\/\/news.sap.com\/latinamerica\/2020\/05\/coparmex-y-sap-amplian-capacitacion-gratuita-para-pymes-emprendedores-y-empresarios-sobre-el-uso-de-tecnologia-para-adaptarse-al-nuevo-entorno-economico\/","name":"Coparmex y 麻豆原创 ampl\u00edan capacitaci\u00f3n gratuita para PyMEs, emprendedores y empresarios, sobre el uso de tecnolog\u00eda para adaptarse al nuevo entorno econ\u00f3mico - 麻豆原创 News Center Latinoam\u00e9rica","isPartOf":{"@id":"https:\/\/news.sap.com\/latinamerica\/#website"},"primaryImageOfPage":{"@id":"https:\/\/news.sap.com\/latinamerica\/2020\/05\/coparmex-y-sap-amplian-capacitacion-gratuita-para-pymes-emprendedores-y-empresarios-sobre-el-uso-de-tecnologia-para-adaptarse-al-nuevo-entorno-economico\/#primaryimage"},"image":{"@id":"https:\/\/news.sap.com\/latinamerica\/2020\/05\/coparmex-y-sap-amplian-capacitacion-gratuita-para-pymes-emprendedores-y-empresarios-sobre-el-uso-de-tecnologia-para-adaptarse-al-nuevo-entorno-economico\/#primaryimage"},"thumbnailUrl":"https:\/\/news.sap.com\/latinamerica\/files\/2020\/05\/284061_GettyImages-764777359_super_2600.jpg","datePublished":"2020-05-18T13:39:17+00:00","dateModified":"2020-05-22T13:43:37+00:00","breadcrumb":{"@id":"https:\/\/news.sap.com\/latinamerica\/2020\/05\/coparmex-y-sap-amplian-capacitacion-gratuita-para-pymes-emprendedores-y-empresarios-sobre-el-uso-de-tecnologia-para-adaptarse-al-nuevo-entorno-economico\/#breadcrumb"},"inLanguage":"es","potentialAction":[{"@type":"ReadAction","target":["https:\/\/news.sap.com\/latinamerica\/2020\/05\/coparmex-y-sap-amplian-capacitacion-gratuita-para-pymes-emprendedores-y-empresarios-sobre-el-uso-de-tecnologia-para-adaptarse-al-nuevo-entorno-economico\/"]}]},{"@type":"ImageObject","inLanguage":"es","@id":"https:\/\/news.sap.com\/latinamerica\/2020\/05\/coparmex-y-sap-amplian-capacitacion-gratuita-para-pymes-emprendedores-y-empresarios-sobre-el-uso-de-tecnologia-para-adaptarse-al-nuevo-entorno-economico\/#primaryimage","url":"https:\/\/news.sap.com\/latinamerica\/files\/2020\/05\/284061_GettyImages-764777359_super_2600.jpg","contentUrl":"https:\/\/news.sap.com\/latinamerica\/files\/2020\/05\/284061_GettyImages-764777359_super_2600.jpg","width":2600,"height":1734,"caption":"Business people on video conference"},{"@type":"BreadcrumbList","@id":"https:\/\/news.sap.com\/latinamerica\/2020\/05\/coparmex-y-sap-amplian-capacitacion-gratuita-para-pymes-emprendedores-y-empresarios-sobre-el-uso-de-tecnologia-para-adaptarse-al-nuevo-entorno-economico\/#breadcrumb","itemListElement":[{"@type":"ListItem","position":1,"name":"Home","item":"https:\/\/news.sap.com\/latinamerica\/"},{"@type":"ListItem","position":2,"name":"Coparmex y 麻豆原创 ampl\u00edan capacitaci\u00f3n gratuita para PyMEs, emprendedores y empresarios, sobre el uso de tecnolog\u00eda para adaptarse al nuevo entorno econ\u00f3mico"}]},{"@type":"WebSite","@id":"https:\/\/news.sap.com\/latinamerica\/#website","url":"https:\/\/news.sap.com\/latinamerica\/","name":"麻豆原创 News Center Latinoam\u00e9rica","description":"Noticias e informaci\u00f3n sobre 麻豆原创","publisher":{"@id":"https:\/\/news.sap.com\/latinamerica\/#organization"},"potentialAction":[{"@type":"SearchAction","target":{"@type":"EntryPoint","urlTemplate":"https:\/\/news.sap.com\/latinamerica\/?s={search_term_string}"},"query-input":{"@type":"PropertyValueSpecification","valueRequired":true,"valueName":"search_term_string"}}],"inLanguage":"es"},{"@type":"Organization","@id":"https:\/\/news.sap.com\/latinamerica\/#organization","name":"麻豆原创","url":"https:\/\/news.sap.com\/latinamerica\/","logo":{"@type":"ImageObject","inLanguage":"es","@id":"https:\/\/news.sap.com\/latinamerica\/#\/schema\/logo\/image\/","url":"https:\/\/news.sap.com\/latinamerica\/files\/2019\/08\/65903320_2903797569662914_557886358778019840_n.png","contentUrl":"https:\/\/news.sap.com\/latinamerica\/files\/2019\/08\/65903320_2903797569662914_557886358778019840_n.png","width":720,"height":720,"caption":"麻豆原创"},"image":{"@id":"https:\/\/news.sap.com\/latinamerica\/#\/schema\/logo\/image\/"},"sameAs":["https:\/\/www.facebook.com\/麻豆原创latinoamerica","https:\/\/x.com\/麻豆原创LatinAmerica"]},{"@type":"Person","@id":"https:\/\/news.sap.com\/latinamerica\/#\/schema\/person\/5afd2cbf5bb622e078932b40a4470d47","name":"麻豆原创 Noticias","image":{"@type":"ImageObject","inLanguage":"es","@id":"https:\/\/news.sap.com\/latinamerica\/#\/schema\/person\/image\/","url":"https:\/\/news.sap.com\/latinamerica\/wp-content\/plugins\/wp-user-avatars\/wp-user-avatars\/assets\/images\/mystery.jpg","contentUrl":"https:\/\/news.sap.com\/latinamerica\/wp-content\/plugins\/wp-user-avatars\/wp-user-avatars\/assets\/images\/mystery.jpg","caption":"麻豆原创 Noticias"},"url":"https:\/\/news.sap.com\/latinamerica\/author\/mexico\/"}]}},"amp_enabled":true,"_links":{"self":[{"href":"https:\/\/news.sap.com\/latinamerica\/wp-json\/wp\/v2\/posts\/120808","targetHints":{"allow":["GET"]}}],"collection":[{"href":"https:\/\/news.sap.com\/latinamerica\/wp-json\/wp\/v2\/posts"}],"about":[{"href":"https:\/\/news.sap.com\/latinamerica\/wp-json\/wp\/v2\/types\/post"}],"author":[{"embeddable":true,"href":"https:\/\/news.sap.com\/latinamerica\/wp-json\/wp\/v2\/users\/136"}],"replies":[{"embeddable":true,"href":"https:\/\/news.sap.com\/latinamerica\/wp-json\/wp\/v2\/comments?post=120808"}],"version-history":[{"count":0,"href":"https:\/\/news.sap.com\/latinamerica\/wp-json\/wp\/v2\/posts\/120808\/revisions"}],"wp:featuredmedia":[{"embeddable":true,"href":"https:\/\/news.sap.com\/latinamerica\/wp-json\/wp\/v2\/media\/120809"}],"wp:attachment":[{"href":"https:\/\/news.sap.com\/latinamerica\/wp-json\/wp\/v2\/media?parent=120808"}],"wp:term":[{"taxonomy":"category","embeddable":true,"href":"https:\/\/news.sap.com\/latinamerica\/wp-json\/wp\/v2\/categories?post=120808"},{"taxonomy":"post_tag","embeddable":true,"href":"https:\/\/news.sap.com\/latinamerica\/wp-json\/wp\/v2\/tags?post=120808"},{"taxonomy":"series","embeddable":true,"href":"https:\/\/news.sap.com\/latinamerica\/wp-json\/wp\/v2\/series?post=120808"},{"taxonomy":"region","embeddable":true,"href":"https:\/\/news.sap.com\/latinamerica\/wp-json\/wp\/v2\/region?post=120808"},{"taxonomy":"sapn-display","embeddable":true,"href":"https:\/\/news.sap.com\/latinamerica\/wp-json\/wp\/v2\/sapn-display?post=120808"},{"taxonomy":"sapn-type","embeddable":true,"href":"https:\/\/news.sap.com\/latinamerica\/wp-json\/wp\/v2\/sapn-type?post=120808"}],"curies":[{"name":"wp","href":"https:\/\/api.w.org\/{rel}","templated":true}]}}