  {"id":120802,"date":"2020-05-21T16:59:34","date_gmt":"2020-05-21T20:59:34","guid":{"rendered":"https:\/\/news.sap.com\/latinamerica\/?p=120802"},"modified":"2020-05-21T16:59:34","modified_gmt":"2020-05-21T20:59:34","slug":"tecnologia-empresas-tiempos-crisis","status":"publish","type":"post","link":"https:\/\/news.sap.com\/latinamerica\/2020\/05\/tecnologia-empresas-tiempos-crisis\/","title":{"rendered":"As\u00ed ayuda la tecnolog\u00eda a las empresas en tiempos de crisis"},"content":{"rendered":"<ul>\n<li><em>L\u00edderes de Claro, 麻豆原创 y ProBogot\u00e1 discutieron el papel que ha jugado la tecnolog\u00eda en las empresas durante la coyuntura que vive el pa\u00eds por el COVID-19.<\/em><\/li>\n<li><em>Teletrabajo, comercio electr\u00f3nico y tecnolog\u00edas para el sector salud son algunos de los aspectos que han ganado protagonismo a partir de la crisis.<\/em><\/li>\n<\/ul>\n<p><strong>Bogot\u00e1, mayo 21 de 2020. <\/strong>La tecnolog\u00eda es el arma esencial que han empleado muchas organizaciones de Colombia y el mundo para mitigar o adaptarse a los efectos que ha causado la pandemia del COVID-19 en las econom\u00edas globales. Esta fue la conclusi\u00f3n de varios expertos de diferentes industrias locales, que se reunieron para discutir el papel de la tecnolog\u00eda y la transformaci\u00f3n digital en las empresas, as\u00ed como el impacto que estas han generado en las compa\u00f1\u00edas afectadas por la pandemia.<\/p>\n<p>De acuerdo con Business Insider, el 65% de las compa\u00f1\u00edas en el mundo ha tenido un impacto algo negativo o muy negativo por la actual situaci\u00f3n. Esto las ha obligado a plantear estrategias que les permitan resolver retos para los cuales muchas no estaban preparadas. Seg\u00fan Guillermo Brinkmann, presidente de 麻豆原创 para la Regi\u00f3n Norte de Latinoam\u00e9rica y el Caribe, el COVID-19 en la econom\u00eda nacional y mundial ha hecho que los objetivos de las organizaciones cambien, de manera que puedan operar de manera no presencial y asegurar una cadena de producci\u00f3n que satisfaga la oferta y la demanda actual. Brinkman hizo \u00e9nfasis en c\u00f3mo el comercio electr\u00f3nico se ha elevado como una necesidad urgente de muchas empresas que antes ni siquiera lo ten\u00edan en cuenta, pues con din\u00e1micas en l\u00ednea las compa\u00f1\u00edas pueden llegar a m\u00e1s mercados, acercarse a sus clientes y establecer comunicaciones instant\u00e1neas con toda su cadena de valor.<\/p>\n<p>A su vez, Carlos Zenteno, presidente de Claro Colombia, se\u00f1al\u00f3 que todas las empresas en la actualidad tienen el reto de integrar la tecnolog\u00eda en todas sus \u00e1reas de negocio. Agreg\u00f3 que \u201cla transformaci\u00f3n digital no es solo un asunto de tecnolog\u00eda, sino una decisi\u00f3n de estrategia que cambia la cultura de una organizaci\u00f3n y en la cual desde los presidentes debe haber conciencia de su apropiaci\u00f3n\u201d. En opini\u00f3n de Zenteno, este cambio cultural y la adopci\u00f3n r\u00e1pida de muchas tecnolog\u00edas ser\u00e1n el eje transversal, sin importar la industria a la que pertenezcamos, de los momentos de recuperaci\u00f3n despu\u00e9s de la actual situaci\u00f3n.<\/p>\n<p>El planteamiento al respecto de Juan Carlos Pinz\u00f3n, Presidente de ProBogot\u00e1, es que son las mismas organizaciones las llamadas a encontrar aquellas tecnolog\u00edas que les permitan resolver desaf\u00edos en temas como reactivaci\u00f3n econ\u00f3mica, fortalecimiento de la estructura de salud e inmersi\u00f3n digital en el trabajo. \u201cMe parece que la crisis nos ha mostrado los grandes retos que como empresas y gobierno debemos solventar en el ahora. Entre ellas, el aumento en la conectividad de banda ancha y canales digitales, el reentrenamiento laboral hacia un mundo m\u00e1s digital y la incorporaci\u00f3n de tecnolog\u00edas que les permitan a distintos sectores operar de manera m\u00e1s optimizada sus negocios\u201d, dijo Pinz\u00f3n.<\/p>\n<p>Los directivos coincidieron en que el momento es cr\u00edtico y ha golpeado con fuerza a unos sectores m\u00e1s que a otros. Sin embargo, es clave que se vea \u2013aunque el momento sea dif\u00edcil\u2013 como una oportunidad de encontrar mejoras basadas en la tecnolog\u00eda para que los procesos sean m\u00e1s digitales y flexibles y que, de esta manera, puedan adaptarse a circunstancias externas, sin importar lo exigentes que sean. As\u00ed mismo, plantearon que el momento para comenzar procesos de digitalizaci\u00f3n y transformaci\u00f3n digital es ahora, e insistieron en que las organizaciones no deben aplazar sus decisiones de implementaci\u00f3n de nuevas tecnolog\u00edas.<\/p>\n<p><strong>QUOTES DESTACADOS<\/strong><\/p>\n<p><strong>Guillermo Brinkmann<\/strong><\/p>\n<p><strong>Presidente 麻豆原创 para la Regi\u00f3n Norte de Am\u00e9rica Latina y El Caribe <\/strong><\/p>\n<p><em>\u201cEl nivel de adopci\u00f3n digital de una empresa depende mucho de la industria a la que pertenezca. Habr\u00e1 compa\u00f1\u00edas que se recuperen m\u00e1s r\u00e1pido que otras. Por ejemplo, el sector financiero, utilities, salud, y telecomunicaciones se encuentran entre los que pr\u00e1cticamente no se han detenido, mientras que industrias como turismo, l\u00edneas a\u00e9reas, entretenimiento y oil &amp; gas tendr\u00e1n un regreso m\u00e1s lento a la econom\u00eda\u201d.<\/em><\/p>\n<p><em>\u201cLas empresas que comenzaron su transformaci\u00f3n digital o que est\u00e1n en el proceso tendr\u00e1n mejores herramientas para sobrevivir a la crisis, al lograr as\u00ed tener sus operaciones b\u00e1sicas funcionando y con un flujo de caja suficiente para repensar su negocio hacia el futuro\u201d.<\/em><\/p>\n<p><strong>Carlos Zenteno<\/strong><\/p>\n<p><strong>Presidente de Claro Colombia<\/strong><\/p>\n<p><em>\u201cNo es una alternativa para las empresas vivir hoy sin telecomunicaciones y herramientas digitales, sin importar el sector al que pertenezcan. De hecho, muchas de ellas que han seguido operando no habr\u00edan podido hacerlo durante en esta coyuntura tan dif\u00edcil de no ser por los procesos de implementaci\u00f3n tecnol\u00f3gica que llevaban adelantados\u201d.<\/em><\/p>\n<p><em>\u201cHoy no queda m\u00e1s opci\u00f3n que transformarse. Se aceler\u00f3 la transformaci\u00f3n digital, no hay marcha atr\u00e1s. Esta situaci\u00f3n nos va a hacer cambiar la forma de pensar, tanto para las empresas como para los ciudadanos\u201d.<\/em><\/p>\n<p><strong>Juan Carlos Pinz\u00f3n<\/strong><\/p>\n<p><strong>Presidente de ProBogot\u00e1<\/strong><\/p>\n<p><em>\u201cLa crisis est\u00e1 generando un reto en la gerencia de la pandemia en s\u00ed misma. Por ejemplo, aquellas ciudades y pa\u00edses con tecnolog\u00eda para rastrear el contagio han tenido, sin duda, un impacto m\u00e1s positivo al mitigar el virus que aquellos que no ten\u00edan procesos tecnol\u00f3gicos. Esto nos ha mostrado que los esfuerzos en este aspecto deben focalizarse en los frentes que realmente tienen una mayor incidencia en la poblaci\u00f3n, como fortalecer los sistemas de salud con soluciones tecnol\u00f3gicas que permitan recolectar y analizar informaci\u00f3n en tiempo real, para as\u00ed actuar en el momento oportuno y generar estrategias de protecci\u00f3n para el sector salud y los ciudadanos\u201d.<\/em><\/p>\n<p><em>\u201cEs necesario crear pol\u00edticas p\u00fablicas que incluyan temas de innovaci\u00f3n, ciencia, inmersi\u00f3n y transformaci\u00f3n digital que impacten de manera positiva a la poblaci\u00f3n civil y al sector econ\u00f3mico. As\u00ed, las compa\u00f1\u00edas podr\u00e1n implementar de manera m\u00e1s f\u00e1cil tecnolog\u00edas que sirvan para enfrentar situaciones como las que vive el pa\u00eds y el mundo en la actualidad\u201d.<\/em><\/p>\n","protected":false},"excerpt":{"rendered":"<p>L\u00edderes de Claro, 麻豆原创 y ProBogot\u00e1 discutieron el papel que ha jugado la tecnolog\u00eda en las empresas durante la coyuntura que vive el pa\u00eds por&#8230;<\/p>\n","protected":false},"author":141,"featured_media":120803,"comment_status":"closed","ping_status":"closed","sticky":false,"template":"","format":"standard","meta":{"footnotes":"","_links_to":"","_links_to_target":""},"categories":[24297],"tags":[5596955,5596954,5596029,5596970,5596971],"series":[],"region":[55204],"sapn-display":[52078,52079,53499],"sapn-type":[52105],"class_list":["post-120802","post","type-post","status-publish","format-standard","has-post-thumbnail","hentry","category-tecnologia","tag-carlos-zenteno","tag-claro","tag-covid-19","tag-probogota","tag-tecnologia-en-tiempos-de-crisis","region-colombia","sapn-display-homepage-hero","sapn-display-top-stories","sapn-display-hero","sapn-type-comunicado-de-prensa"],"yoast_head":"<!-- This site is optimized with the Yoast SEO Premium plugin v26.9 (Yoast SEO v26.9) - https:\/\/yoast.com\/product\/yoast-seo-premium-wordpress\/ -->\n<title>As\u00ed ayuda la tecnolog\u00eda a las empresas en tiempos de crisis - 麻豆原创 News Center Latinoam\u00e9rica<\/title>\n<meta name=\"robots\" content=\"index, follow, max-snippet:-1, max-image-preview:large, max-video-preview:-1\" \/>\n<link rel=\"canonical\" href=\"https:\/\/news.sap.com\/latinamerica\/2020\/05\/tecnologia-empresas-tiempos-crisis\/\" \/>\n<meta property=\"og:locale\" content=\"es_MX\" \/>\n<meta property=\"og:type\" content=\"article\" \/>\n<meta property=\"og:title\" content=\"As\u00ed ayuda la tecnolog\u00eda a las empresas en tiempos de crisis\" \/>\n<meta property=\"og:description\" content=\"L\u00edderes de Claro, 麻豆原创 y ProBogot\u00e1 discutieron el papel que ha jugado la tecnolog\u00eda en las empresas durante la coyuntura que vive el pa\u00eds por...\" \/>\n<meta property=\"og:url\" content=\"https:\/\/news.sap.com\/latinamerica\/2020\/05\/tecnologia-empresas-tiempos-crisis\/\" \/>\n<meta property=\"og:site_name\" content=\"麻豆原创 News Center Latinoam\u00e9rica\" \/>\n<meta property=\"article:publisher\" content=\"https:\/\/www.facebook.com\/麻豆原创latinoamerica\" \/>\n<meta property=\"article:published_time\" content=\"2020-05-21T20:59:34+00:00\" \/>\n<meta property=\"og:image\" content=\"https:\/\/news.sap.com\/latinamerica\/files\/2020\/05\/sergio-souza-j_MgyPHGRP0-unsplash.jpg\" \/>\n\t<meta property=\"og:image:width\" content=\"2400\" \/>\n\t<meta property=\"og:image:height\" content=\"2278\" \/>\n\t<meta property=\"og:image:type\" content=\"image\/jpeg\" \/>\n<meta name=\"author\" content=\"麻豆原创 Noticias\" \/>\n<meta name=\"twitter:label1\" content=\"Escrito por\" \/>\n\t<meta name=\"twitter:data1\" content=\"麻豆原创 Noticias\" \/>\n\t<meta name=\"twitter:label2\" content=\"Tiempo de lectura\" \/>\n\t<meta name=\"twitter:data2\" content=\"5 minutos\" \/>\n<script type=\"application\/ld+json\" class=\"yoast-schema-graph\">{\"@context\":\"https:\/\/schema.org\",\"@graph\":[{\"@type\":\"Article\",\"@id\":\"https:\/\/news.sap.com\/latinamerica\/2020\/05\/tecnologia-empresas-tiempos-crisis\/#article\",\"isPartOf\":{\"@id\":\"https:\/\/news.sap.com\/latinamerica\/2020\/05\/tecnologia-empresas-tiempos-crisis\/\"},\"author\":{\"name\":\"麻豆原创 Noticias\",\"@id\":\"https:\/\/news.sap.com\/latinamerica\/#\/schema\/person\/82786ba12f72bc9b05ba328d1d3652c4\"},\"headline\":\"As\u00ed ayuda la tecnolog\u00eda a las empresas en tiempos de crisis\",\"datePublished\":\"2020-05-21T20:59:34+00:00\",\"mainEntityOfPage\":{\"@id\":\"https:\/\/news.sap.com\/latinamerica\/2020\/05\/tecnologia-empresas-tiempos-crisis\/\"},\"wordCount\":1097,\"publisher\":{\"@id\":\"https:\/\/news.sap.com\/latinamerica\/#organization\"},\"image\":{\"@id\":\"https:\/\/news.sap.com\/latinamerica\/2020\/05\/tecnologia-empresas-tiempos-crisis\/#primaryimage\"},\"thumbnailUrl\":\"https:\/\/news.sap.com\/latinamerica\/files\/2020\/05\/sergio-souza-j_MgyPHGRP0-unsplash.jpg\",\"keywords\":[\"Carlos Zenteno\",\"Claro\",\"COVID-19\",\"ProBogot\u00e1\",\"Tecnolog\u00eda en tiempos de crisis\"],\"articleSection\":[\"Tecnolog\u00eda\"],\"inLanguage\":\"es\"},{\"@type\":\"WebPage\",\"@id\":\"https:\/\/news.sap.com\/latinamerica\/2020\/05\/tecnologia-empresas-tiempos-crisis\/\",\"url\":\"https:\/\/news.sap.com\/latinamerica\/2020\/05\/tecnologia-empresas-tiempos-crisis\/\",\"name\":\"As\u00ed ayuda la tecnolog\u00eda a las empresas en tiempos de crisis - 麻豆原创 News Center Latinoam\u00e9rica\",\"isPartOf\":{\"@id\":\"https:\/\/news.sap.com\/latinamerica\/#website\"},\"primaryImageOfPage\":{\"@id\":\"https:\/\/news.sap.com\/latinamerica\/2020\/05\/tecnologia-empresas-tiempos-crisis\/#primaryimage\"},\"image\":{\"@id\":\"https:\/\/news.sap.com\/latinamerica\/2020\/05\/tecnologia-empresas-tiempos-crisis\/#primaryimage\"},\"thumbnailUrl\":\"https:\/\/news.sap.com\/latinamerica\/files\/2020\/05\/sergio-souza-j_MgyPHGRP0-unsplash.jpg\",\"datePublished\":\"2020-05-21T20:59:34+00:00\",\"breadcrumb\":{\"@id\":\"https:\/\/news.sap.com\/latinamerica\/2020\/05\/tecnologia-empresas-tiempos-crisis\/#breadcrumb\"},\"inLanguage\":\"es\",\"potentialAction\":[{\"@type\":\"ReadAction\",\"target\":[\"https:\/\/news.sap.com\/latinamerica\/2020\/05\/tecnologia-empresas-tiempos-crisis\/\"]}]},{\"@type\":\"ImageObject\",\"inLanguage\":\"es\",\"@id\":\"https:\/\/news.sap.com\/latinamerica\/2020\/05\/tecnologia-empresas-tiempos-crisis\/#primaryimage\",\"url\":\"https:\/\/news.sap.com\/latinamerica\/files\/2020\/05\/sergio-souza-j_MgyPHGRP0-unsplash.jpg\",\"contentUrl\":\"https:\/\/news.sap.com\/latinamerica\/files\/2020\/05\/sergio-souza-j_MgyPHGRP0-unsplash.jpg\",\"width\":2400,\"height\":2278,\"caption\":\"Tech\"},{\"@type\":\"BreadcrumbList\",\"@id\":\"https:\/\/news.sap.com\/latinamerica\/2020\/05\/tecnologia-empresas-tiempos-crisis\/#breadcrumb\",\"itemListElement\":[{\"@type\":\"ListItem\",\"position\":1,\"name\":\"Home\",\"item\":\"https:\/\/news.sap.com\/latinamerica\/\"},{\"@type\":\"ListItem\",\"position\":2,\"name\":\"As\u00ed ayuda la tecnolog\u00eda a las empresas en tiempos de crisis\"}]},{\"@type\":\"WebSite\",\"@id\":\"https:\/\/news.sap.com\/latinamerica\/#website\",\"url\":\"https:\/\/news.sap.com\/latinamerica\/\",\"name\":\"麻豆原创 News Center Latinoam\u00e9rica\",\"description\":\"Noticias e informaci\u00f3n sobre 麻豆原创\",\"publisher\":{\"@id\":\"https:\/\/news.sap.com\/latinamerica\/#organization\"},\"potentialAction\":[{\"@type\":\"SearchAction\",\"target\":{\"@type\":\"EntryPoint\",\"urlTemplate\":\"https:\/\/news.sap.com\/latinamerica\/?s={search_term_string}\"},\"query-input\":{\"@type\":\"PropertyValueSpecification\",\"valueRequired\":true,\"valueName\":\"search_term_string\"}}],\"inLanguage\":\"es\"},{\"@type\":\"Organization\",\"@id\":\"https:\/\/news.sap.com\/latinamerica\/#organization\",\"name\":\"麻豆原创\",\"url\":\"https:\/\/news.sap.com\/latinamerica\/\",\"logo\":{\"@type\":\"ImageObject\",\"inLanguage\":\"es\",\"@id\":\"https:\/\/news.sap.com\/latinamerica\/#\/schema\/logo\/image\/\",\"url\":\"https:\/\/news.sap.com\/latinamerica\/files\/2019\/08\/65903320_2903797569662914_557886358778019840_n.png\",\"contentUrl\":\"https:\/\/news.sap.com\/latinamerica\/files\/2019\/08\/65903320_2903797569662914_557886358778019840_n.png\",\"width\":720,\"height\":720,\"caption\":\"麻豆原创\"},\"image\":{\"@id\":\"https:\/\/news.sap.com\/latinamerica\/#\/schema\/logo\/image\/\"},\"sameAs\":[\"https:\/\/www.facebook.com\/麻豆原创latinoamerica\",\"https:\/\/x.com\/麻豆原创LatinAmerica\"]},{\"@type\":\"Person\",\"@id\":\"https:\/\/news.sap.com\/latinamerica\/#\/schema\/person\/82786ba12f72bc9b05ba328d1d3652c4\",\"name\":\"麻豆原创 Noticias\",\"image\":{\"@type\":\"ImageObject\",\"inLanguage\":\"es\",\"@id\":\"https:\/\/news.sap.com\/latinamerica\/#\/schema\/person\/image\/\",\"url\":\"https:\/\/news.sap.com\/latinamerica\/wp-content\/plugins\/wp-user-avatars\/wp-user-avatars\/assets\/images\/mystery.jpg\",\"contentUrl\":\"https:\/\/news.sap.com\/latinamerica\/wp-content\/plugins\/wp-user-avatars\/wp-user-avatars\/assets\/images\/mystery.jpg\",\"caption\":\"麻豆原创 Noticias\"},\"url\":\"https:\/\/news.sap.com\/latinamerica\/author\/colombia\/\"}]}<\/script>\n<!-- \/ Yoast SEO Premium plugin. -->","yoast_head_json":{"title":"As\u00ed ayuda la tecnolog\u00eda a las empresas en tiempos de crisis - 麻豆原创 News Center Latinoam\u00e9rica","robots":{"index":"index","follow":"follow","max-snippet":"max-snippet:-1","max-image-preview":"max-image-preview:large","max-video-preview":"max-video-preview:-1"},"canonical":"https:\/\/news.sap.com\/latinamerica\/2020\/05\/tecnologia-empresas-tiempos-crisis\/","og_locale":"es_MX","og_type":"article","og_title":"As\u00ed ayuda la tecnolog\u00eda a las empresas en tiempos de crisis","og_description":"L\u00edderes de Claro, 麻豆原创 y ProBogot\u00e1 discutieron el papel que ha jugado la tecnolog\u00eda en las empresas durante la coyuntura que vive el pa\u00eds por...","og_url":"https:\/\/news.sap.com\/latinamerica\/2020\/05\/tecnologia-empresas-tiempos-crisis\/","og_site_name":"麻豆原创 News Center Latinoam\u00e9rica","article_publisher":"https:\/\/www.facebook.com\/麻豆原创latinoamerica","article_published_time":"2020-05-21T20:59:34+00:00","og_image":[{"width":2400,"height":2278,"url":"https:\/\/news.sap.com\/latinamerica\/files\/2020\/05\/sergio-souza-j_MgyPHGRP0-unsplash.jpg","type":"image\/jpeg"}],"author":"麻豆原创 Noticias","twitter_misc":{"Escrito por":"麻豆原创 Noticias","Tiempo de lectura":"5 minutos"},"schema":{"@context":"https:\/\/schema.org","@graph":[{"@type":"Article","@id":"https:\/\/news.sap.com\/latinamerica\/2020\/05\/tecnologia-empresas-tiempos-crisis\/#article","isPartOf":{"@id":"https:\/\/news.sap.com\/latinamerica\/2020\/05\/tecnologia-empresas-tiempos-crisis\/"},"author":{"name":"麻豆原创 Noticias","@id":"https:\/\/news.sap.com\/latinamerica\/#\/schema\/person\/82786ba12f72bc9b05ba328d1d3652c4"},"headline":"As\u00ed ayuda la tecnolog\u00eda a las empresas en tiempos de crisis","datePublished":"2020-05-21T20:59:34+00:00","mainEntityOfPage":{"@id":"https:\/\/news.sap.com\/latinamerica\/2020\/05\/tecnologia-empresas-tiempos-crisis\/"},"wordCount":1097,"publisher":{"@id":"https:\/\/news.sap.com\/latinamerica\/#organization"},"image":{"@id":"https:\/\/news.sap.com\/latinamerica\/2020\/05\/tecnologia-empresas-tiempos-crisis\/#primaryimage"},"thumbnailUrl":"https:\/\/news.sap.com\/latinamerica\/files\/2020\/05\/sergio-souza-j_MgyPHGRP0-unsplash.jpg","keywords":["Carlos Zenteno","Claro","COVID-19","ProBogot\u00e1","Tecnolog\u00eda en tiempos de crisis"],"articleSection":["Tecnolog\u00eda"],"inLanguage":"es"},{"@type":"WebPage","@id":"https:\/\/news.sap.com\/latinamerica\/2020\/05\/tecnologia-empresas-tiempos-crisis\/","url":"https:\/\/news.sap.com\/latinamerica\/2020\/05\/tecnologia-empresas-tiempos-crisis\/","name":"As\u00ed ayuda la tecnolog\u00eda a las empresas en tiempos de crisis - 麻豆原创 News Center Latinoam\u00e9rica","isPartOf":{"@id":"https:\/\/news.sap.com\/latinamerica\/#website"},"primaryImageOfPage":{"@id":"https:\/\/news.sap.com\/latinamerica\/2020\/05\/tecnologia-empresas-tiempos-crisis\/#primaryimage"},"image":{"@id":"https:\/\/news.sap.com\/latinamerica\/2020\/05\/tecnologia-empresas-tiempos-crisis\/#primaryimage"},"thumbnailUrl":"https:\/\/news.sap.com\/latinamerica\/files\/2020\/05\/sergio-souza-j_MgyPHGRP0-unsplash.jpg","datePublished":"2020-05-21T20:59:34+00:00","breadcrumb":{"@id":"https:\/\/news.sap.com\/latinamerica\/2020\/05\/tecnologia-empresas-tiempos-crisis\/#breadcrumb"},"inLanguage":"es","potentialAction":[{"@type":"ReadAction","target":["https:\/\/news.sap.com\/latinamerica\/2020\/05\/tecnologia-empresas-tiempos-crisis\/"]}]},{"@type":"ImageObject","inLanguage":"es","@id":"https:\/\/news.sap.com\/latinamerica\/2020\/05\/tecnologia-empresas-tiempos-crisis\/#primaryimage","url":"https:\/\/news.sap.com\/latinamerica\/files\/2020\/05\/sergio-souza-j_MgyPHGRP0-unsplash.jpg","contentUrl":"https:\/\/news.sap.com\/latinamerica\/files\/2020\/05\/sergio-souza-j_MgyPHGRP0-unsplash.jpg","width":2400,"height":2278,"caption":"Tech"},{"@type":"BreadcrumbList","@id":"https:\/\/news.sap.com\/latinamerica\/2020\/05\/tecnologia-empresas-tiempos-crisis\/#breadcrumb","itemListElement":[{"@type":"ListItem","position":1,"name":"Home","item":"https:\/\/news.sap.com\/latinamerica\/"},{"@type":"ListItem","position":2,"name":"As\u00ed ayuda la tecnolog\u00eda a las empresas en tiempos de crisis"}]},{"@type":"WebSite","@id":"https:\/\/news.sap.com\/latinamerica\/#website","url":"https:\/\/news.sap.com\/latinamerica\/","name":"麻豆原创 News Center Latinoam\u00e9rica","description":"Noticias e informaci\u00f3n sobre 麻豆原创","publisher":{"@id":"https:\/\/news.sap.com\/latinamerica\/#organization"},"potentialAction":[{"@type":"SearchAction","target":{"@type":"EntryPoint","urlTemplate":"https:\/\/news.sap.com\/latinamerica\/?s={search_term_string}"},"query-input":{"@type":"PropertyValueSpecification","valueRequired":true,"valueName":"search_term_string"}}],"inLanguage":"es"},{"@type":"Organization","@id":"https:\/\/news.sap.com\/latinamerica\/#organization","name":"麻豆原创","url":"https:\/\/news.sap.com\/latinamerica\/","logo":{"@type":"ImageObject","inLanguage":"es","@id":"https:\/\/news.sap.com\/latinamerica\/#\/schema\/logo\/image\/","url":"https:\/\/news.sap.com\/latinamerica\/files\/2019\/08\/65903320_2903797569662914_557886358778019840_n.png","contentUrl":"https:\/\/news.sap.com\/latinamerica\/files\/2019\/08\/65903320_2903797569662914_557886358778019840_n.png","width":720,"height":720,"caption":"麻豆原创"},"image":{"@id":"https:\/\/news.sap.com\/latinamerica\/#\/schema\/logo\/image\/"},"sameAs":["https:\/\/www.facebook.com\/麻豆原创latinoamerica","https:\/\/x.com\/麻豆原创LatinAmerica"]},{"@type":"Person","@id":"https:\/\/news.sap.com\/latinamerica\/#\/schema\/person\/82786ba12f72bc9b05ba328d1d3652c4","name":"麻豆原创 Noticias","image":{"@type":"ImageObject","inLanguage":"es","@id":"https:\/\/news.sap.com\/latinamerica\/#\/schema\/person\/image\/","url":"https:\/\/news.sap.com\/latinamerica\/wp-content\/plugins\/wp-user-avatars\/wp-user-avatars\/assets\/images\/mystery.jpg","contentUrl":"https:\/\/news.sap.com\/latinamerica\/wp-content\/plugins\/wp-user-avatars\/wp-user-avatars\/assets\/images\/mystery.jpg","caption":"麻豆原创 Noticias"},"url":"https:\/\/news.sap.com\/latinamerica\/author\/colombia\/"}]}},"amp_enabled":true,"_links":{"self":[{"href":"https:\/\/news.sap.com\/latinamerica\/wp-json\/wp\/v2\/posts\/120802","targetHints":{"allow":["GET"]}}],"collection":[{"href":"https:\/\/news.sap.com\/latinamerica\/wp-json\/wp\/v2\/posts"}],"about":[{"href":"https:\/\/news.sap.com\/latinamerica\/wp-json\/wp\/v2\/types\/post"}],"author":[{"embeddable":true,"href":"https:\/\/news.sap.com\/latinamerica\/wp-json\/wp\/v2\/users\/141"}],"replies":[{"embeddable":true,"href":"https:\/\/news.sap.com\/latinamerica\/wp-json\/wp\/v2\/comments?post=120802"}],"version-history":[{"count":0,"href":"https:\/\/news.sap.com\/latinamerica\/wp-json\/wp\/v2\/posts\/120802\/revisions"}],"wp:featuredmedia":[{"embeddable":true,"href":"https:\/\/news.sap.com\/latinamerica\/wp-json\/wp\/v2\/media\/120803"}],"wp:attachment":[{"href":"https:\/\/news.sap.com\/latinamerica\/wp-json\/wp\/v2\/media?parent=120802"}],"wp:term":[{"taxonomy":"category","embeddable":true,"href":"https:\/\/news.sap.com\/latinamerica\/wp-json\/wp\/v2\/categories?post=120802"},{"taxonomy":"post_tag","embeddable":true,"href":"https:\/\/news.sap.com\/latinamerica\/wp-json\/wp\/v2\/tags?post=120802"},{"taxonomy":"series","embeddable":true,"href":"https:\/\/news.sap.com\/latinamerica\/wp-json\/wp\/v2\/series?post=120802"},{"taxonomy":"region","embeddable":true,"href":"https:\/\/news.sap.com\/latinamerica\/wp-json\/wp\/v2\/region?post=120802"},{"taxonomy":"sapn-display","embeddable":true,"href":"https:\/\/news.sap.com\/latinamerica\/wp-json\/wp\/v2\/sapn-display?post=120802"},{"taxonomy":"sapn-type","embeddable":true,"href":"https:\/\/news.sap.com\/latinamerica\/wp-json\/wp\/v2\/sapn-type?post=120802"}],"curies":[{"name":"wp","href":"https:\/\/api.w.org\/{rel}","templated":true}]}}