  {"id":120784,"date":"2020-05-17T10:54:20","date_gmt":"2020-05-17T14:54:20","guid":{"rendered":"https:\/\/news.sap.com\/latinamerica\/?p=120784"},"modified":"2023-10-27T13:36:19","modified_gmt":"2023-10-27T17:36:19","slug":"el-trabajo-nunca-volvera-a-ser-igual-y-lo-sabemos","status":"publish","type":"post","link":"https:\/\/news.sap.com\/latinamerica\/2020\/05\/el-trabajo-nunca-volvera-a-ser-igual-y-lo-sabemos\/","title":{"rendered":"El trabajo nunca volver\u00e1 a ser igual, \u00a1y lo sabemos!"},"content":{"rendered":"<p class=\"lead\"><span class=\"TextRun BCX0 SCXW232794082\" lang=\"ES-AR\" xml:lang=\"ES-AR\" data-contrast=\"auto\"><span class=\"NormalTextRun BCX0 SCXW232794082\">L<\/span><\/span><span class=\"TextRun BCX0 SCXW232794082\" lang=\"ES-AR\" xml:lang=\"ES-AR\" data-contrast=\"auto\"><span class=\"NormalTextRun BCX0 SCXW232794082\">a semana pasada, compart\u00ed con mi red de LinkedIn<\/span><\/span><span class=\"TextRun BCX0 SCXW232794082\" lang=\"ES-AR\" xml:lang=\"ES-AR\" data-contrast=\"auto\"><span class=\"NormalTextRun BCX0 SCXW232794082\">\u202f<\/span><\/span><a class=\"Hyperlink BCX0 SCXW232794082\" href=\"https:\/\/www.linkedin.com\/posts\/claudiomuruzabal_online-survey-software-qualtrics-survey-activity-6664511473995304960-PkII\" target=\"_blank\" rel=\"noreferrer noopener\"><span class=\"TextRun Underlined BCX0 SCXW232794082\" lang=\"ES-AR\" xml:lang=\"ES-AR\" data-contrast=\"none\"><span class=\"NormalTextRun BCX0 SCXW232794082\">una breve encuesta<\/span><\/span><\/a><span class=\"TextRun BCX0 SCXW232794082\" lang=\"ES-AR\" xml:lang=\"ES-AR\" data-contrast=\"auto\"><span class=\"NormalTextRun BCX0 SCXW232794082\">, en la que solicitaba sus opiniones sobre cuatro preguntas que considero relevantes para comprender el impacto que la contingencia\u00a0<\/span><\/span><span class=\"TextRun BCX0 SCXW232794082\" lang=\"ES-AR\" xml:lang=\"ES-AR\" data-contrast=\"auto\"><span class=\"NormalTextRun BCX0 SCXW232794082\">del\u00a0<\/span><\/span><span class=\"TextRun BCX0 SCXW232794082\" lang=\"ES-AR\" xml:lang=\"ES-AR\" data-contrast=\"auto\"><span class=\"NormalTextRun BCX0 SCXW232794082\">COVID-19\u00a0<\/span><\/span><span class=\"TextRun BCX0 SCXW232794082\" lang=\"ES-AR\" xml:lang=\"ES-AR\" data-contrast=\"auto\"><span class=\"NormalTextRun BCX0 SCXW232794082\">tendr\u00e1 en la forma en q<\/span><\/span><span class=\"TextRun BCX0 SCXW232794082\" lang=\"ES-AR\" xml:lang=\"ES-AR\" data-contrast=\"auto\"><span class=\"NormalTextRun BCX0 SCXW232794082\">ue trabajaremos de ahora en\u00a0<\/span><\/span><span class=\"TextRun BCX0 SCXW232794082\" lang=\"ES-AR\" xml:lang=\"ES-AR\" data-contrast=\"auto\"><span class=\"NormalTextRun BCX0 SCXW232794082\">adelante<\/span><\/span><span class=\"TextRun BCX0 SCXW232794082\" lang=\"ES-AR\" xml:lang=\"ES-AR\" data-contrast=\"auto\"><span class=\"NormalTextRun BCX0 SCXW232794082\">,<\/span><\/span><span class=\"TextRun BCX0 SCXW232794082\" lang=\"ES-AR\" xml:lang=\"ES-AR\" data-contrast=\"auto\"><span class=\"NormalTextRun BCX0 SCXW232794082\">\u00a0nuestros lugares de trabajo, nuestras interacciones y para muchos, nuestros viajes de negocio. Gracias a todos los que\u00a0<\/span><\/span><span class=\"TextRun BCX0 SCXW232794082\" lang=\"ES-AR\" xml:lang=\"ES-AR\" data-contrast=\"auto\"><span class=\"NormalTextRun BCX0 SCXW232794082\">participaron<\/span><\/span><span class=\"TextRun BCX0 SCXW232794082\" lang=\"ES-AR\" xml:lang=\"ES-AR\" data-contrast=\"auto\"><span class=\"NormalTextRun BCX0 SCXW232794082\">\u2026 \u00a1<\/span><\/span><span class=\"TextRun BCX0 SCXW232794082\" lang=\"ES-AR\" xml:lang=\"ES-AR\" data-contrast=\"auto\"><span class=\"NormalTextRun BCX0 SCXW232794082\">recib\u00ed\u00a0<\/span><\/span><span class=\"TextRun BCX0 SCXW232794082\" lang=\"ES-AR\" xml:lang=\"ES-AR\" data-contrast=\"auto\"><span class=\"NormalTextRun BCX0 SCXW232794082\">m\u00e1s de 300 respuestas! <a href=\"https:\/\/news.sap.com\/latinamerica\/files\/2020\/05\/2020-05-18-Final-Report_-Survey-Results-PostCovid19-Work-CM.pdf\" target=\"_blank\" rel=\"noopener noreferrer\">Sus contribuciones fueron muy valiosas <\/a><\/span><\/span><span class=\"TextRun BCX0 SCXW232794082\" lang=\"ES-AR\" xml:lang=\"ES-AR\" data-contrast=\"auto\"><span class=\"NormalTextRun BCX0 SCXW232794082\">\u00a0y, en general, confirmaron mi propia perspectiva sobre c\u00f3mo cambiar\u00e1 el trabajo no solo en los pr\u00f3ximos meses sino tambi\u00e9n una vez que hayamos superado la pandemia<\/span><\/span><span class=\"TextRun BCX0 SCXW232794082\" lang=\"ES-AR\" xml:lang=\"ES-AR\" data-contrast=\"auto\"><span class=\"NormalTextRun BCX0 SCXW232794082\">.<\/span><\/span><\/p>\n<p><span data-contrast=\"auto\">La realidad es que<\/span><span data-contrast=\"auto\">\u00a0durante todo este tiempo muchos empleadores y empleados han descubierto beneficios en el trabajo remoto. Una vez superados los desaf\u00edos que implica armar una oficina en el hogar (como por ejemplo asegurar la conectividad y saber interactuar del mejor modo posible en el espacio virtual), salieron a la luz los potenciales beneficios, como lograr un mejor equilibrio entre la vida personal y profesional, o alcanzar una mayor productividad debido a menos interrupciones y a no tener que desplazarse hasta el lugar de trabajo.\u00a0<\/span><span data-ccp-props=\"{&quot;134233117&quot;:true,&quot;134233118&quot;:true,&quot;201341983&quot;:0,&quot;335559739&quot;:160,&quot;335559740&quot;:240}\">\u00a0<\/span><\/p>\n<p><span data-contrast=\"auto\">Es por ello que no\u00a0<\/span><span data-contrast=\"auto\">me\u00a0<\/span><span data-contrast=\"auto\">sorprend<\/span><span data-contrast=\"auto\">i\u00f3<\/span><span data-contrast=\"auto\">\u00a0que m\u00e1s de la mitad de quienes respondieron la encuesta \u2013\u00a0<\/span><b><span data-contrast=\"auto\">56%, para ser preciso- comparti\u00f3 que incluso cuando termine la pandemia, considerar\u00eda dividir su tiempo entre trabajar desde la casa e ir a la oficina<\/span><\/b><span data-contrast=\"auto\">\u00a0(siempre que siga siendo una opci\u00f3n o que su empleador lo permita). Del mismo modo,\u00a0<\/span><b><span data-contrast=\"auto\">28% coment\u00f3 que considerar\u00eda<\/span><\/b><b><span data-contrast=\"auto\">\u00a0no volver a un entorno de oficina y quedarse a trabajar en forma remota a tiempo completo.\u00a0<\/span><\/b><span data-ccp-props=\"{&quot;134233117&quot;:true,&quot;134233118&quot;:true,&quot;201341983&quot;:0,&quot;335559739&quot;:160,&quot;335559740&quot;:240}\">\u00a0<\/span><\/p>\n<p><span data-contrast=\"auto\">No creo que las compa\u00f1\u00edas vayan a dar el salto a un modelo completamente remoto en la \u201cnueva normalidad\u201d, pero anticipo un futuro con una combinaci\u00f3n de m\u00e1s trabajo remoto y menos coexistencia tradicional en una oficina.\u00a0<\/span><span data-contrast=\"auto\">Y no solo por el\u00a0<\/span><span data-contrast=\"auto\">tema<\/span><span data-contrast=\"auto\">\u00a0de salud que puede seguir\u00a0<\/span><span data-contrast=\"auto\">afect\u00e1ndonos en los pr\u00f3ximos 12 a\u00a0<\/span><span data-contrast=\"auto\">18 meses, sino tambi\u00e9n porque\u00a0<\/span><span data-contrast=\"auto\">nos hemos dado cuenta de<\/span><span data-contrast=\"auto\">\u00a0que podemos ser eficientes y hacer m\u00e1s virtualmente de lo que antes<\/span><span data-contrast=\"auto\">\u00a0era posible<\/span><span data-contrast=\"auto\">. En reuniones recientes, algunos altos ejecutivos con los que\u00a0<\/span><span data-contrast=\"auto\">he\u00a0<\/span><span data-contrast=\"auto\">habl<\/span><span data-contrast=\"auto\">ado<\/span><span data-contrast=\"auto\">\u00a0<\/span><span data-contrast=\"auto\">me\u00a0<\/span><span data-contrast=\"auto\">compartieron que incluso est\u00e1n cuestionando si la oficina corporativa s<\/span><span data-contrast=\"auto\">eguir\u00e1<\/span><span data-contrast=\"auto\">\u00a0siendo necesaria, o si un lugar\u00a0<\/span><span data-contrast=\"auto\">m\u00e1s reducido\u00a0<\/span><span data-contrast=\"auto\">que act\u00fae como \u201ccentro administrativo\u201d podr\u00eda ser suficiente<\/span><span data-contrast=\"auto\">.<\/span><span data-ccp-props=\"{&quot;134233117&quot;:true,&quot;134233118&quot;:true,&quot;201341983&quot;:0,&quot;335559739&quot;:160,&quot;335559740&quot;:240}\">\u00a0<\/span><\/p>\n<p><span data-contrast=\"auto\">Esto me lleva al siguiente punto: la\u00a0<\/span><b><span data-contrast=\"auto\">confianza.<\/span><\/b><span data-contrast=\"auto\">\u00a0La mencion\u00e9 en mi \u00faltimo blog, y planteo el tema nuevamente porque ahora es m\u00e1s relevante que nunca. Muchos gerentes que estaban acostumbrados a supervisar a sus empleados en forma presencial no han podido hacerlo por m\u00e1s de dos meses, y sin embargo\u00a0<\/span><span data-contrast=\"auto\">l<\/span><span data-contrast=\"auto\">a disrupci\u00f3n<\/span><span data-contrast=\"auto\">\u00a0que experimentaron\u00a0<\/span><span data-contrast=\"auto\">en sus operaciones diarias<\/span><span data-contrast=\"auto\">\u00a0ha sido m\u00ednima o nula<\/span><span data-contrast=\"auto\">. Creo que muchos se han dado cuenta de que la\u00a0<\/span><b><span data-contrast=\"auto\">confianza debe ganarse y medirse por resultados, sin importar desde d\u00f3nde se trabaja.<\/span><\/b><span data-contrast=\"auto\">\u00a0<\/span><span data-contrast=\"auto\">De hecho, una gran proporci\u00f3n de los encuestados\u00a0<\/span><span data-contrast=\"auto\">(65%)\u00a0<\/span><span data-contrast=\"auto\">se identific\u00f3 principalmente con esta declaraci\u00f3n, mientras que 30% seleccion\u00f3 \u201cla comunicaci\u00f3n es clave para mantener la confianza\u201d como s<\/span><span data-contrast=\"auto\">u declaraci\u00f3n principal en este aspecto<\/span><span data-contrast=\"auto\">.\u00a0<\/span><span data-ccp-props=\"{&quot;134233117&quot;:true,&quot;134233118&quot;:true,&quot;201341983&quot;:0,&quot;335559739&quot;:160,&quot;335559740&quot;:240}\">\u00a0<\/span><\/p>\n<p><span data-contrast=\"auto\">Sin embargo, para seguir construyendo y manteniendo la confianza entre empleadores y sus empleados en entornos\u00a0<\/span><span data-contrast=\"auto\">remotos\u00a0<\/span><span data-contrast=\"auto\">post-crisis<\/span><span data-contrast=\"auto\">,<\/span><span data-contrast=\"auto\">\u00a0se necesitar\u00e1n procesos administrativos y organizacionales en los que la\u00a0<\/span><b><span data-contrast=\"auto\">tecnolog\u00eda\u00a0<\/span><\/b><span data-contrast=\"auto\">act\u00fa<\/span><span data-contrast=\"auto\">e<\/span><span data-contrast=\"auto\">\u00a0como<\/span><span data-contrast=\"auto\">\u00a0el facilitador\u00a0<\/span><span data-contrast=\"auto\">principal<\/span><span data-contrast=\"auto\">,\u00a0<\/span><span data-contrast=\"auto\">que de hecho<\/span><span data-contrast=\"auto\">\u00a0fue\u00a0<\/span><span data-contrast=\"auto\">seleccionado como el aspecto m\u00e1s relevante para el trabajo remoto, por todos los encuestados.\u00a0<\/span><span data-ccp-props=\"{&quot;134233117&quot;:true,&quot;134233118&quot;:true,&quot;201341983&quot;:0,&quot;335559739&quot;:160,&quot;335559740&quot;:240}\">\u00a0<\/span><\/p>\n<p><span data-contrast=\"auto\">El futuro del trabajo ya ha dejado de ser una aspiraci\u00f3n distante para convertirse en la realidad que\u00a0<\/span><span data-contrast=\"auto\">estamos enfrentando<\/span><span data-contrast=\"auto\">\u00a0ahora mismo<\/span><span data-contrast=\"auto\">,<\/span><span data-contrast=\"auto\">\u00a0en la que las tecnolog\u00edas disruptivas son necesarias para contribuir a procesos de negocio m\u00e1s eficientes con una interacci\u00f3n humana\u00a0<\/span><span data-contrast=\"auto\">reducida<\/span><span data-contrast=\"auto\">\u00a0(o socialmente distante), mientras que una gran parte de la fuerza laboral trabaja desde la seguridad y comodidad de sus\u00a0<\/span><span data-contrast=\"auto\">hogares,<\/span><span data-contrast=\"auto\">\u00a0por lo menos en forma parcial. Por supuesto, siempre habr\u00e1 trabajadores cuyas tareas esenciales deban desarrollarse en forma presencial, con todas las precauciones necesarias, en ciertos sectores y l\u00edneas de trabajo.\u00a0<\/span><span data-ccp-props=\"{&quot;134233117&quot;:true,&quot;134233118&quot;:true,&quot;201341983&quot;:0,&quot;335559739&quot;:160,&quot;335559740&quot;:240}\">\u00a0<\/span><\/p>\n<p><span data-contrast=\"auto\">Si bien la \u201cnueva normalidad\u201d puede generar m\u00e1s oportunidades para trabajar en forma remota, muchos de nosotros hemos sido \u00e1vidos viajeros de negocio durante d\u00e9cadas. \u00bfC\u00f3mo cambiar\u00e1 ese aspecto? Bien,\u00a0<\/span><b><span data-contrast=\"auto\">81% mencion\u00f3 que est\u00e1 pensando en dividir su tiempo entre viajes y reuniones virtuales,<\/span><\/b><span data-contrast=\"auto\">\u00a0mientras que solo\u00a0<\/span><b><span data-contrast=\"auto\">10%<\/span><\/b><span data-contrast=\"auto\">\u00a0reiter\u00f3 que desea volver a los viajes tal como<\/span><span data-contrast=\"auto\">\u00a0era<\/span><span data-contrast=\"auto\">\u00a0antes de la pandemia. En\u00a0<\/span><span data-contrast=\"auto\">mi caso<\/span><span data-contrast=\"auto\">, y aunque al comienzo ten\u00eda mis dudas acerca de la idea de renunciar a mis viajes semanales, probablemente\u00a0<\/span><span data-contrast=\"auto\">elija<\/span><span data-contrast=\"auto\">\u00a0un equilibrio. \u00a1En\u00a0<\/span><span data-contrast=\"auto\">los \u00faltimos 60 d\u00edas\u00a0<\/span><span data-contrast=\"auto\">he tenido la oportunidad de repensar\u00a0<\/span><span data-contrast=\"auto\">por completo<\/span><span data-contrast=\"auto\">\u00a0la forma en que he trabajado durante m\u00e1s de 20 a\u00f1os!<\/span><span data-ccp-props=\"{&quot;134233117&quot;:true,&quot;134233118&quot;:true,&quot;201341983&quot;:0,&quot;335559739&quot;:160,&quot;335559740&quot;:240}\">\u00a0<\/span><\/p>\n<p><span data-contrast=\"auto\">Creo que sus respuestas son un claro reflejo de la transformaci\u00f3n sin precedentes que las compa\u00f1\u00edas enfrentan en este momento:\u00a0<\/span><b><span data-contrast=\"auto\">la forma en que trabajamos nunca ser\u00e1 la misma<\/span><\/b><span data-contrast=\"auto\">. La tecnolog\u00eda es la columna vertebral que sostiene no solo la fuerza laboral sino tambi\u00e9n la forma en que las compa\u00f1\u00edas operan de extremo a extremo\u2026 desde tomar el pulso de la satisfacci\u00f3n de los clientes hasta mantener las cadenas de suministro en movimiento (m\u00e1s sobre ese tema en otro blog), \u00a1e incluso\u00a0<\/span><span data-contrast=\"auto\">completar nuestras tareas laborales<\/span><span data-contrast=\"auto\">!<\/span><span data-ccp-props=\"{&quot;134233117&quot;:true,&quot;134233118&quot;:true,&quot;201341983&quot;:0,&quot;335559739&quot;:160,&quot;335559740&quot;:240}\">\u00a0<\/span><\/p>\n<p><span data-contrast=\"auto\">Estoy seguro de que el mundo post-COVID-19 ser\u00e1 diferente, pero depende de cada uno de nosotros moldearlo para que sea un mundo mejor, en el que adoptemos nuevas formas de trabajar, y al mismo tiempo alcancemos mayor productividad y resultados de negocio positivos con tecnolog\u00eda en el centro de cada estrategia de negocios.\u00a0<\/span><span data-ccp-props=\"{&quot;134233117&quot;:true,&quot;134233118&quot;:true,&quot;201341983&quot;:0,&quot;335559739&quot;:160,&quot;335559740&quot;:240}\">\u00a0<\/span><\/p>\n<p><em>* Resultados de la encuesta disponibles <a href=\"https:\/\/news.sap.com\/latinamerica\/files\/2020\/05\/2020-05-18-Final-Report_-Survey-Results-PostCovid19-Work-CM.pdf\">aqu\u00ed.<\/a><\/em><\/p>\n<p><span data-ccp-props=\"{&quot;201341983&quot;:0,&quot;335559739&quot;:160,&quot;335559740&quot;:240}\">\u00a0<\/span><\/p>\n<p><span data-ccp-props=\"{&quot;201341983&quot;:0,&quot;335559739&quot;:160,&quot;335559740&quot;:259}\">\u00a0<\/span><\/p>\n","protected":false},"excerpt":{"rendered":"<p>La semana pasada, compart\u00ed con mi red de LinkedIn\u202funa breve encuesta, en la que solicitaba sus opiniones sobre cuatro preguntas que considero relevantes para comprender&#8230;<\/p>\n","protected":false},"author":673,"featured_media":120787,"comment_status":"closed","ping_status":"closed","sticky":false,"template":"","format":"standard","meta":{"footnotes":"","_links_to":"","_links_to_target":""},"categories":[52091,24297],"tags":[56982],"series":[],"region":[26401],"sapn-display":[52079],"sapn-type":[6114],"class_list":["post-120784","post","type-post","status-publish","format-standard","has-post-thumbnail","hentry","category-industrias","category-tecnologia","tag-cuidado-de-la-salud","region-latinoamerica","sapn-display-top-stories","sapn-type-articulo"],"yoast_head":"<!-- This site is optimized with the Yoast SEO Premium plugin v26.9 (Yoast SEO v26.9) - https:\/\/yoast.com\/product\/yoast-seo-premium-wordpress\/ -->\n<title>El trabajo nunca volver\u00e1 a ser igual, \u00a1y lo sabemos! -<\/title>\n<meta name=\"description\" content=\"La semana pasada, compart\u00ed con mi red de LinkedIn\u202funa breve encuesta, en la que solicitaba sus opiniones sobre cuatro preguntas\" \/>\n<meta name=\"robots\" content=\"index, follow, max-snippet:-1, max-image-preview:large, max-video-preview:-1\" \/>\n<link rel=\"canonical\" href=\"https:\/\/news.sap.com\/latinamerica\/2020\/05\/el-trabajo-nunca-volvera-a-ser-igual-y-lo-sabemos\/\" \/>\n<meta property=\"og:locale\" content=\"es_MX\" \/>\n<meta property=\"og:type\" content=\"article\" \/>\n<meta property=\"og:title\" content=\"El trabajo nunca volver\u00e1 a ser igual, \u00a1y lo sabemos!\" \/>\n<meta property=\"og:description\" content=\"La semana pasada, compart\u00ed con mi red de LinkedIn\u202funa breve encuesta, en la que solicitaba sus opiniones sobre cuatro preguntas\" \/>\n<meta property=\"og:url\" content=\"https:\/\/news.sap.com\/latinamerica\/2020\/05\/el-trabajo-nunca-volvera-a-ser-igual-y-lo-sabemos\/\" \/>\n<meta property=\"og:site_name\" content=\"麻豆原创 News Center Latinoam\u00e9rica\" \/>\n<meta property=\"article:publisher\" content=\"https:\/\/www.facebook.com\/麻豆原创latinoamerica\" \/>\n<meta property=\"article:published_time\" content=\"2020-05-17T14:54:20+00:00\" \/>\n<meta property=\"article:modified_time\" content=\"2023-10-27T17:36:19+00:00\" \/>\n<meta property=\"og:image\" content=\"https:\/\/news.sap.com\/latinamerica\/files\/2020\/05\/claudio-blog.jpg\" \/>\n\t<meta property=\"og:image:width\" content=\"1541\" \/>\n\t<meta property=\"og:image:height\" content=\"600\" \/>\n\t<meta property=\"og:image:type\" content=\"image\/jpeg\" \/>\n<meta name=\"author\" content=\"Claudio Muruzabal\" \/>\n<meta name=\"twitter:label1\" content=\"Escrito por\" \/>\n\t<meta name=\"twitter:data1\" content=\"Claudio Muruzabal\" \/>\n\t<meta name=\"twitter:label2\" content=\"Tiempo de lectura\" \/>\n\t<meta name=\"twitter:data2\" content=\"5 minutos\" \/>\n<script type=\"application\/ld+json\" class=\"yoast-schema-graph\">{\"@context\":\"https:\/\/schema.org\",\"@graph\":[{\"@type\":\"Article\",\"@id\":\"https:\/\/news.sap.com\/latinamerica\/2020\/05\/el-trabajo-nunca-volvera-a-ser-igual-y-lo-sabemos\/#article\",\"isPartOf\":{\"@id\":\"https:\/\/news.sap.com\/latinamerica\/2020\/05\/el-trabajo-nunca-volvera-a-ser-igual-y-lo-sabemos\/\"},\"author\":{\"name\":\"Claudio Muruzabal\",\"@id\":\"https:\/\/news.sap.com\/latinamerica\/#\/schema\/person\/e31f351290bc7273dfdf41acfd98e86a\"},\"headline\":\"El trabajo nunca volver\u00e1 a ser igual, \u00a1y lo sabemos!\",\"datePublished\":\"2020-05-17T14:54:20+00:00\",\"dateModified\":\"2023-10-27T17:36:19+00:00\",\"mainEntityOfPage\":{\"@id\":\"https:\/\/news.sap.com\/latinamerica\/2020\/05\/el-trabajo-nunca-volvera-a-ser-igual-y-lo-sabemos\/\"},\"wordCount\":963,\"publisher\":{\"@id\":\"https:\/\/news.sap.com\/latinamerica\/#organization\"},\"image\":{\"@id\":\"https:\/\/news.sap.com\/latinamerica\/2020\/05\/el-trabajo-nunca-volvera-a-ser-igual-y-lo-sabemos\/#primaryimage\"},\"thumbnailUrl\":\"https:\/\/news.sap.com\/latinamerica\/files\/2020\/05\/claudio-blog.jpg\",\"keywords\":[\"cuidado de la salud\"],\"articleSection\":[\"Industrias\",\"Tecnolog\u00eda\"],\"inLanguage\":\"es\"},{\"@type\":\"WebPage\",\"@id\":\"https:\/\/news.sap.com\/latinamerica\/2020\/05\/el-trabajo-nunca-volvera-a-ser-igual-y-lo-sabemos\/\",\"url\":\"https:\/\/news.sap.com\/latinamerica\/2020\/05\/el-trabajo-nunca-volvera-a-ser-igual-y-lo-sabemos\/\",\"name\":\"El trabajo nunca volver\u00e1 a ser igual, \u00a1y lo sabemos! -\",\"isPartOf\":{\"@id\":\"https:\/\/news.sap.com\/latinamerica\/#website\"},\"primaryImageOfPage\":{\"@id\":\"https:\/\/news.sap.com\/latinamerica\/2020\/05\/el-trabajo-nunca-volvera-a-ser-igual-y-lo-sabemos\/#primaryimage\"},\"image\":{\"@id\":\"https:\/\/news.sap.com\/latinamerica\/2020\/05\/el-trabajo-nunca-volvera-a-ser-igual-y-lo-sabemos\/#primaryimage\"},\"thumbnailUrl\":\"https:\/\/news.sap.com\/latinamerica\/files\/2020\/05\/claudio-blog.jpg\",\"datePublished\":\"2020-05-17T14:54:20+00:00\",\"dateModified\":\"2023-10-27T17:36:19+00:00\",\"description\":\"La semana pasada, compart\u00ed con mi red de LinkedIn\u202funa breve encuesta, en la que solicitaba sus opiniones sobre cuatro preguntas\",\"breadcrumb\":{\"@id\":\"https:\/\/news.sap.com\/latinamerica\/2020\/05\/el-trabajo-nunca-volvera-a-ser-igual-y-lo-sabemos\/#breadcrumb\"},\"inLanguage\":\"es\",\"potentialAction\":[{\"@type\":\"ReadAction\",\"target\":[\"https:\/\/news.sap.com\/latinamerica\/2020\/05\/el-trabajo-nunca-volvera-a-ser-igual-y-lo-sabemos\/\"]}]},{\"@type\":\"ImageObject\",\"inLanguage\":\"es\",\"@id\":\"https:\/\/news.sap.com\/latinamerica\/2020\/05\/el-trabajo-nunca-volvera-a-ser-igual-y-lo-sabemos\/#primaryimage\",\"url\":\"https:\/\/news.sap.com\/latinamerica\/files\/2020\/05\/claudio-blog.jpg\",\"contentUrl\":\"https:\/\/news.sap.com\/latinamerica\/files\/2020\/05\/claudio-blog.jpg\",\"width\":1541,\"height\":600},{\"@type\":\"BreadcrumbList\",\"@id\":\"https:\/\/news.sap.com\/latinamerica\/2020\/05\/el-trabajo-nunca-volvera-a-ser-igual-y-lo-sabemos\/#breadcrumb\",\"itemListElement\":[{\"@type\":\"ListItem\",\"position\":1,\"name\":\"Home\",\"item\":\"https:\/\/news.sap.com\/latinamerica\/\"},{\"@type\":\"ListItem\",\"position\":2,\"name\":\"El trabajo nunca volver\u00e1 a ser igual, \u00a1y lo sabemos!\"}]},{\"@type\":\"WebSite\",\"@id\":\"https:\/\/news.sap.com\/latinamerica\/#website\",\"url\":\"https:\/\/news.sap.com\/latinamerica\/\",\"name\":\"麻豆原创 News Center Latinoam\u00e9rica\",\"description\":\"Noticias e informaci\u00f3n sobre 麻豆原创\",\"publisher\":{\"@id\":\"https:\/\/news.sap.com\/latinamerica\/#organization\"},\"potentialAction\":[{\"@type\":\"SearchAction\",\"target\":{\"@type\":\"EntryPoint\",\"urlTemplate\":\"https:\/\/news.sap.com\/latinamerica\/?s={search_term_string}\"},\"query-input\":{\"@type\":\"PropertyValueSpecification\",\"valueRequired\":true,\"valueName\":\"search_term_string\"}}],\"inLanguage\":\"es\"},{\"@type\":\"Organization\",\"@id\":\"https:\/\/news.sap.com\/latinamerica\/#organization\",\"name\":\"麻豆原创\",\"url\":\"https:\/\/news.sap.com\/latinamerica\/\",\"logo\":{\"@type\":\"ImageObject\",\"inLanguage\":\"es\",\"@id\":\"https:\/\/news.sap.com\/latinamerica\/#\/schema\/logo\/image\/\",\"url\":\"https:\/\/news.sap.com\/latinamerica\/files\/2019\/08\/65903320_2903797569662914_557886358778019840_n.png\",\"contentUrl\":\"https:\/\/news.sap.com\/latinamerica\/files\/2019\/08\/65903320_2903797569662914_557886358778019840_n.png\",\"width\":720,\"height\":720,\"caption\":\"麻豆原创\"},\"image\":{\"@id\":\"https:\/\/news.sap.com\/latinamerica\/#\/schema\/logo\/image\/\"},\"sameAs\":[\"https:\/\/www.facebook.com\/麻豆原创latinoamerica\",\"https:\/\/x.com\/麻豆原创LatinAmerica\"]},{\"@type\":\"Person\",\"@id\":\"https:\/\/news.sap.com\/latinamerica\/#\/schema\/person\/e31f351290bc7273dfdf41acfd98e86a\",\"name\":\"Claudio Muruzabal\",\"image\":{\"@type\":\"ImageObject\",\"inLanguage\":\"es\",\"@id\":\"https:\/\/news.sap.com\/latinamerica\/#\/schema\/person\/image\/\",\"url\":\"https:\/\/news.sap.com\/latinamerica\/wp-content\/plugins\/wp-user-avatars\/wp-user-avatars\/assets\/images\/mystery.jpg\",\"contentUrl\":\"https:\/\/news.sap.com\/latinamerica\/wp-content\/plugins\/wp-user-avatars\/wp-user-avatars\/assets\/images\/mystery.jpg\",\"caption\":\"Claudio Muruzabal\"},\"url\":\"https:\/\/news.sap.com\/latinamerica\/author\/claudiomuruzabal\/\"}]}<\/script>\n<!-- \/ Yoast SEO Premium plugin. -->","yoast_head_json":{"title":"El trabajo nunca volver\u00e1 a ser igual, \u00a1y lo sabemos! -","description":"La semana pasada, compart\u00ed con mi red de LinkedIn\u202funa breve encuesta, en la que solicitaba sus opiniones sobre cuatro preguntas","robots":{"index":"index","follow":"follow","max-snippet":"max-snippet:-1","max-image-preview":"max-image-preview:large","max-video-preview":"max-video-preview:-1"},"canonical":"https:\/\/news.sap.com\/latinamerica\/2020\/05\/el-trabajo-nunca-volvera-a-ser-igual-y-lo-sabemos\/","og_locale":"es_MX","og_type":"article","og_title":"El trabajo nunca volver\u00e1 a ser igual, \u00a1y lo sabemos!","og_description":"La semana pasada, compart\u00ed con mi red de LinkedIn\u202funa breve encuesta, en la que solicitaba sus opiniones sobre cuatro preguntas","og_url":"https:\/\/news.sap.com\/latinamerica\/2020\/05\/el-trabajo-nunca-volvera-a-ser-igual-y-lo-sabemos\/","og_site_name":"麻豆原创 News Center Latinoam\u00e9rica","article_publisher":"https:\/\/www.facebook.com\/麻豆原创latinoamerica","article_published_time":"2020-05-17T14:54:20+00:00","article_modified_time":"2023-10-27T17:36:19+00:00","og_image":[{"width":1541,"height":600,"url":"https:\/\/news.sap.com\/latinamerica\/files\/2020\/05\/claudio-blog.jpg","type":"image\/jpeg"}],"author":"Claudio Muruzabal","twitter_misc":{"Escrito por":"Claudio Muruzabal","Tiempo de lectura":"5 minutos"},"schema":{"@context":"https:\/\/schema.org","@graph":[{"@type":"Article","@id":"https:\/\/news.sap.com\/latinamerica\/2020\/05\/el-trabajo-nunca-volvera-a-ser-igual-y-lo-sabemos\/#article","isPartOf":{"@id":"https:\/\/news.sap.com\/latinamerica\/2020\/05\/el-trabajo-nunca-volvera-a-ser-igual-y-lo-sabemos\/"},"author":{"name":"Claudio Muruzabal","@id":"https:\/\/news.sap.com\/latinamerica\/#\/schema\/person\/e31f351290bc7273dfdf41acfd98e86a"},"headline":"El trabajo nunca volver\u00e1 a ser igual, \u00a1y lo sabemos!","datePublished":"2020-05-17T14:54:20+00:00","dateModified":"2023-10-27T17:36:19+00:00","mainEntityOfPage":{"@id":"https:\/\/news.sap.com\/latinamerica\/2020\/05\/el-trabajo-nunca-volvera-a-ser-igual-y-lo-sabemos\/"},"wordCount":963,"publisher":{"@id":"https:\/\/news.sap.com\/latinamerica\/#organization"},"image":{"@id":"https:\/\/news.sap.com\/latinamerica\/2020\/05\/el-trabajo-nunca-volvera-a-ser-igual-y-lo-sabemos\/#primaryimage"},"thumbnailUrl":"https:\/\/news.sap.com\/latinamerica\/files\/2020\/05\/claudio-blog.jpg","keywords":["cuidado de la salud"],"articleSection":["Industrias","Tecnolog\u00eda"],"inLanguage":"es"},{"@type":"WebPage","@id":"https:\/\/news.sap.com\/latinamerica\/2020\/05\/el-trabajo-nunca-volvera-a-ser-igual-y-lo-sabemos\/","url":"https:\/\/news.sap.com\/latinamerica\/2020\/05\/el-trabajo-nunca-volvera-a-ser-igual-y-lo-sabemos\/","name":"El trabajo nunca volver\u00e1 a ser igual, \u00a1y lo sabemos! -","isPartOf":{"@id":"https:\/\/news.sap.com\/latinamerica\/#website"},"primaryImageOfPage":{"@id":"https:\/\/news.sap.com\/latinamerica\/2020\/05\/el-trabajo-nunca-volvera-a-ser-igual-y-lo-sabemos\/#primaryimage"},"image":{"@id":"https:\/\/news.sap.com\/latinamerica\/2020\/05\/el-trabajo-nunca-volvera-a-ser-igual-y-lo-sabemos\/#primaryimage"},"thumbnailUrl":"https:\/\/news.sap.com\/latinamerica\/files\/2020\/05\/claudio-blog.jpg","datePublished":"2020-05-17T14:54:20+00:00","dateModified":"2023-10-27T17:36:19+00:00","description":"La semana pasada, compart\u00ed con mi red de LinkedIn\u202funa breve encuesta, en la que solicitaba sus opiniones sobre cuatro preguntas","breadcrumb":{"@id":"https:\/\/news.sap.com\/latinamerica\/2020\/05\/el-trabajo-nunca-volvera-a-ser-igual-y-lo-sabemos\/#breadcrumb"},"inLanguage":"es","potentialAction":[{"@type":"ReadAction","target":["https:\/\/news.sap.com\/latinamerica\/2020\/05\/el-trabajo-nunca-volvera-a-ser-igual-y-lo-sabemos\/"]}]},{"@type":"ImageObject","inLanguage":"es","@id":"https:\/\/news.sap.com\/latinamerica\/2020\/05\/el-trabajo-nunca-volvera-a-ser-igual-y-lo-sabemos\/#primaryimage","url":"https:\/\/news.sap.com\/latinamerica\/files\/2020\/05\/claudio-blog.jpg","contentUrl":"https:\/\/news.sap.com\/latinamerica\/files\/2020\/05\/claudio-blog.jpg","width":1541,"height":600},{"@type":"BreadcrumbList","@id":"https:\/\/news.sap.com\/latinamerica\/2020\/05\/el-trabajo-nunca-volvera-a-ser-igual-y-lo-sabemos\/#breadcrumb","itemListElement":[{"@type":"ListItem","position":1,"name":"Home","item":"https:\/\/news.sap.com\/latinamerica\/"},{"@type":"ListItem","position":2,"name":"El trabajo nunca volver\u00e1 a ser igual, \u00a1y lo sabemos!"}]},{"@type":"WebSite","@id":"https:\/\/news.sap.com\/latinamerica\/#website","url":"https:\/\/news.sap.com\/latinamerica\/","name":"麻豆原创 News Center Latinoam\u00e9rica","description":"Noticias e informaci\u00f3n sobre 麻豆原创","publisher":{"@id":"https:\/\/news.sap.com\/latinamerica\/#organization"},"potentialAction":[{"@type":"SearchAction","target":{"@type":"EntryPoint","urlTemplate":"https:\/\/news.sap.com\/latinamerica\/?s={search_term_string}"},"query-input":{"@type":"PropertyValueSpecification","valueRequired":true,"valueName":"search_term_string"}}],"inLanguage":"es"},{"@type":"Organization","@id":"https:\/\/news.sap.com\/latinamerica\/#organization","name":"麻豆原创","url":"https:\/\/news.sap.com\/latinamerica\/","logo":{"@type":"ImageObject","inLanguage":"es","@id":"https:\/\/news.sap.com\/latinamerica\/#\/schema\/logo\/image\/","url":"https:\/\/news.sap.com\/latinamerica\/files\/2019\/08\/65903320_2903797569662914_557886358778019840_n.png","contentUrl":"https:\/\/news.sap.com\/latinamerica\/files\/2019\/08\/65903320_2903797569662914_557886358778019840_n.png","width":720,"height":720,"caption":"麻豆原创"},"image":{"@id":"https:\/\/news.sap.com\/latinamerica\/#\/schema\/logo\/image\/"},"sameAs":["https:\/\/www.facebook.com\/麻豆原创latinoamerica","https:\/\/x.com\/麻豆原创LatinAmerica"]},{"@type":"Person","@id":"https:\/\/news.sap.com\/latinamerica\/#\/schema\/person\/e31f351290bc7273dfdf41acfd98e86a","name":"Claudio Muruzabal","image":{"@type":"ImageObject","inLanguage":"es","@id":"https:\/\/news.sap.com\/latinamerica\/#\/schema\/person\/image\/","url":"https:\/\/news.sap.com\/latinamerica\/wp-content\/plugins\/wp-user-avatars\/wp-user-avatars\/assets\/images\/mystery.jpg","contentUrl":"https:\/\/news.sap.com\/latinamerica\/wp-content\/plugins\/wp-user-avatars\/wp-user-avatars\/assets\/images\/mystery.jpg","caption":"Claudio Muruzabal"},"url":"https:\/\/news.sap.com\/latinamerica\/author\/claudiomuruzabal\/"}]}},"amp_enabled":true,"_links":{"self":[{"href":"https:\/\/news.sap.com\/latinamerica\/wp-json\/wp\/v2\/posts\/120784","targetHints":{"allow":["GET"]}}],"collection":[{"href":"https:\/\/news.sap.com\/latinamerica\/wp-json\/wp\/v2\/posts"}],"about":[{"href":"https:\/\/news.sap.com\/latinamerica\/wp-json\/wp\/v2\/types\/post"}],"author":[{"embeddable":true,"href":"https:\/\/news.sap.com\/latinamerica\/wp-json\/wp\/v2\/users\/673"}],"replies":[{"embeddable":true,"href":"https:\/\/news.sap.com\/latinamerica\/wp-json\/wp\/v2\/comments?post=120784"}],"version-history":[{"count":0,"href":"https:\/\/news.sap.com\/latinamerica\/wp-json\/wp\/v2\/posts\/120784\/revisions"}],"wp:featuredmedia":[{"embeddable":true,"href":"https:\/\/news.sap.com\/latinamerica\/wp-json\/wp\/v2\/media\/120787"}],"wp:attachment":[{"href":"https:\/\/news.sap.com\/latinamerica\/wp-json\/wp\/v2\/media?parent=120784"}],"wp:term":[{"taxonomy":"category","embeddable":true,"href":"https:\/\/news.sap.com\/latinamerica\/wp-json\/wp\/v2\/categories?post=120784"},{"taxonomy":"post_tag","embeddable":true,"href":"https:\/\/news.sap.com\/latinamerica\/wp-json\/wp\/v2\/tags?post=120784"},{"taxonomy":"series","embeddable":true,"href":"https:\/\/news.sap.com\/latinamerica\/wp-json\/wp\/v2\/series?post=120784"},{"taxonomy":"region","embeddable":true,"href":"https:\/\/news.sap.com\/latinamerica\/wp-json\/wp\/v2\/region?post=120784"},{"taxonomy":"sapn-display","embeddable":true,"href":"https:\/\/news.sap.com\/latinamerica\/wp-json\/wp\/v2\/sapn-display?post=120784"},{"taxonomy":"sapn-type","embeddable":true,"href":"https:\/\/news.sap.com\/latinamerica\/wp-json\/wp\/v2\/sapn-type?post=120784"}],"curies":[{"name":"wp","href":"https:\/\/api.w.org\/{rel}","templated":true}]}}