  {"id":120702,"date":"2020-04-27T19:34:38","date_gmt":"2020-04-27T23:34:38","guid":{"rendered":"https:\/\/news.sap.com\/latinamerica\/?p=120702"},"modified":"2023-10-27T13:11:42","modified_gmt":"2023-10-27T17:11:42","slug":"trabajo-remoto-una-clara-opcion-para-las-empresas-inteligentes","status":"publish","type":"post","link":"https:\/\/news.sap.com\/latinamerica\/2020\/04\/trabajo-remoto-una-clara-opcion-para-las-empresas-inteligentes\/","title":{"rendered":"Trabajo remoto: una clara opci\u00f3n para las empresas inteligentes"},"content":{"rendered":"<p>Por: Guillermo Brinkmann &#8211; Presidente de la Regi\u00f3n Norte de Am\u00e9rica Latina y el Caribe 麻豆原创<\/p>\n<p class=\"selectionShareable\">El mundo est\u00e1 atravesando un momento sin precedentes producto de la pandemia provocada por el Covid-19, la cual modific\u00f3 en semanas nuestra vida cotidiana forzando masivamente algunas pr\u00e1cticas, como la distancia social, la extrema higiene, el e-commerce, las reuniones virtuales y el teletrabajo, por mencionar solo algunas.<\/p>\n<p class=\"selectionShareable\">Si bien es dif\u00edcil predecir cu\u00e1ndo, en alg\u00fan momento volveremos a nuestra vida cotidiana normal, o mejor dicho a un \u2018nuevo normal\u2019 ya que lo vivido dar\u00e1 inicio a cambios profundos en varios aspectos de la sociedad. A\u00fan cuando es muy temprano para determinar exactamente cu\u00e1les ser\u00e1n las transformaciones y la magnitud de las mismas, s\u00ed podemos inferir que algunas surgir\u00e1n a partir de decisiones individuales y personales producto de reflexiones del propio comportamiento de los individuos pre y post COVID-19, mientras otros cambios ser\u00e1n producto de regulaciones gubernamentales y de pol\u00edticas empresariales a partir de las experiencias vividas durante este per\u00edodo de cuarentena.<\/p>\n<p class=\"selectionShareable\">En esta oportunidad quisiera detenerme en el Teletrabajo, un tema para nada nuevo, del cual se viene hablando hace a\u00f1os, pero que producto de su uso forzado sac\u00f3 a la luz grandes deficiencias, falta de preparaci\u00f3n en varias empresas y un serio cuestionamiento de los procesos de transformaci\u00f3n digital.<\/p>\n<p class=\"selectionShareable\">Hace m\u00e1s de una d\u00e9cada que el modo de trabajar comenz\u00f3 a cambiar en el mundo en aquellas actividades que no necesitan de la presencia f\u00edsica en sitio por parte de los empleados. Pero aun cuando resulta muy f\u00e1cil de visualizar el valor que tiene la tecnolog\u00eda para crear nuevos esquemas de trabajo, mejoras en la productividad, mayor eficiencia, ahorro en costos operacionales y la calidad de vida de los trabajadores, su adopci\u00f3n sigue siendo muy baja. Esto sin mencionar el impacto positivo que genera para tener ciudades m\u00e1s sostenibles.<\/p>\n<p class=\"selectionShareable\">Por fortuna, en Colombia esta es una tem\u00e1tica que toma cada vez m\u00e1s relevancia, ya que la adopci\u00f3n del Teletrabajo en el pa\u00eds, comparada con otros pa\u00edses de Am\u00e9rica Latina, es notablemente baja.<\/p>\n<p class=\"selectionShareable\">De acuerdo con el estudio de penetraci\u00f3n de teletrabajo realizado por el Ministerio de Tecnolog\u00edas de la Informaci\u00f3n y Comunicaciones, el n\u00famero de teletrabajadores en el pa\u00eds se ha incrementado en m\u00e1s de 385% en los \u00faltimos a\u00f1os, al pasar de 31.500 en 2012, a m\u00e1s de 122.000 en 2018. Sin embargo, a\u00fan resulta muy bajo comparado proporcionalmente con los 2 millones de teletrabajadores que tiene Argentina y los 500 mil que hay en Chile. Brasil es el pa\u00eds de Am\u00e9rica Latina con m\u00e1s empleados trabajando de manera remota, con 12 millones de personas que realizan sus actividades diarias desde sus hogares.<\/p>\n<p class=\"selectionShareable\">El Teletrabajo requiere no solo la capacidad de establecer reuniones virtuales, acceso remoto a email y sistemas de gesti\u00f3n, sino tambi\u00e9n un real replanteo de los procesos de negocio. Es el momento de repensar, redise\u00f1ar y hasta incluso reinventar procesos y modelos de las organizaciones para hacer frente a un \u2018nuevo normal\u2019 que pondr\u00e1 a prueba a todas las empresas en todas las industrias.<\/p>\n<p class=\"selectionShareable\">Muchas compa\u00f1\u00edas han venido postergando tomar por las astas la transformaci\u00f3n digital de sus empresas, as\u00ed comenzar a transitar el cambio hacia una corporaci\u00f3n inteligente. El argumento es una baja vinculaci\u00f3n tecnol\u00f3gica con su operaci\u00f3n la falta de tiempo o que existen otras necesidades prioritarias. Lo que queda claro es que este momento tan particular que estamos viviendo ha sacado a la luz la necesidad de cambiar el tablero de prioridades.<\/p>\n<p class=\"selectionShareable\">Si un tema como el Teletrabajo, que a priori se ve sencillo, ha sido un dolor de cabeza para muchas empresas en estas \u00faltimas semanas, \u00bfqu\u00e9 queda entonces para los desaf\u00edos que vienen por delante en esta nueva realidad empresarial?<\/p>\n<p class=\"selectionShareable\">Es un llamado a la acci\u00f3n para aquellos l\u00edderes que a\u00fan no han comenzado el camino de transformaci\u00f3n de sus organizaciones y para aquellos que lo han iniciado de forma parcial.<\/p>\n<p class=\"selectionShareable\">Hoy en d\u00eda ya est\u00e1n disponibles en el mercado plataformas que permiten gestionar remotamente\u00a0 las actividades de los colaboradores. Desde soluciones en la nube que gestionan el desarrollo del capital humano, tanto su talento como su rendimiento, como para gesti\u00f3n del gasto, el manejo de la experiencia de los clientes, proveedores, marcas y productos, cadena de abastecimiento y mucho m\u00e1s.<\/p>\n<p class=\"selectionShareable\">La eficiencia, la movilidad y la flexibilidad est\u00e1n inspirando a las corporaciones a replantearse qu\u00e9 tan efectivos son los esquemas de trabajo actuales y c\u00f3mo aprovechar mejor al talento multigeneracional. En el contexto actual, el bienestar y compromiso con el negocio se han vuelto elementos decisivos en la satisfacci\u00f3n personal y en el \u00e9xito profesional de los colaboradores. Sin duda, esto se traduce en una oportunidad de mejora de la productividad y la gesti\u00f3n operativa de las compa\u00f1\u00edas que tienen como gran reto evolucionar para ser empresas realmente inteligentes en el mercado.<\/p>\n<p>Originalmente publicado en <a href=\"http:\/\/blogs.portafolio.co\/negocios-en-la-economia-digital\/trabajo-remoto-una-clara-opcion-las-empresas-inteligentes\/\">Portafolio.co\u00a0<\/a><\/p>\n","protected":false},"excerpt":{"rendered":"<p>Por: Guillermo Brinkmann &#8211; Presidente de la Regi\u00f3n Norte de Am\u00e9rica Latina y el Caribe 麻豆原创 El mundo est\u00e1 atravesando un momento sin precedentes producto&#8230;<\/p>\n","protected":false},"author":141,"featured_media":120703,"comment_status":"closed","ping_status":"closed","sticky":false,"template":"","format":"standard","meta":{"footnotes":"","_links_to":"","_links_to_target":""},"categories":[24297],"tags":[5596113,5596548],"series":[],"region":[55204],"sapn-display":[52078,52079,53499],"sapn-type":[6114],"class_list":["post-120702","post","type-post","status-publish","format-standard","has-post-thumbnail","hentry","category-tecnologia","tag-teletrabajo","tag-trabajo-remoto","region-colombia","sapn-display-homepage-hero","sapn-display-top-stories","sapn-display-hero","sapn-type-articulo"],"yoast_head":"<!-- This site is optimized with the Yoast SEO Premium plugin v26.9 (Yoast SEO v26.9) - https:\/\/yoast.com\/product\/yoast-seo-premium-wordpress\/ -->\n<title>Trabajo remoto: una clara opci\u00f3n para las empresas inteligentes - 麻豆原创 News Center Latinoam\u00e9rica<\/title>\n<meta name=\"robots\" content=\"index, follow, max-snippet:-1, max-image-preview:large, max-video-preview:-1\" \/>\n<link rel=\"canonical\" href=\"https:\/\/news.sap.com\/latinamerica\/2020\/04\/trabajo-remoto-una-clara-opcion-para-las-empresas-inteligentes\/\" \/>\n<meta property=\"og:locale\" content=\"es_MX\" \/>\n<meta property=\"og:type\" content=\"article\" \/>\n<meta property=\"og:title\" content=\"Trabajo remoto: una clara opci\u00f3n para las empresas inteligentes\" \/>\n<meta property=\"og:description\" content=\"Por: Guillermo Brinkmann &#8211; Presidente de la Regi\u00f3n Norte de Am\u00e9rica Latina y el Caribe 麻豆原创 El mundo est\u00e1 atravesando un momento sin precedentes producto...\" \/>\n<meta property=\"og:url\" content=\"https:\/\/news.sap.com\/latinamerica\/2020\/04\/trabajo-remoto-una-clara-opcion-para-las-empresas-inteligentes\/\" \/>\n<meta property=\"og:site_name\" content=\"麻豆原创 News Center Latinoam\u00e9rica\" \/>\n<meta property=\"article:publisher\" content=\"https:\/\/www.facebook.com\/麻豆原创latinoamerica\" \/>\n<meta property=\"article:published_time\" content=\"2020-04-27T23:34:38+00:00\" \/>\n<meta property=\"article:modified_time\" content=\"2023-10-27T17:11:42+00:00\" \/>\n<meta property=\"og:image\" content=\"https:\/\/news.sap.com\/latinamerica\/files\/2020\/04\/christin-hume-mfB1B1s4sMc-unsplash-1024x683.jpg\" \/>\n\t<meta property=\"og:image:width\" content=\"1024\" \/>\n\t<meta property=\"og:image:height\" content=\"683\" \/>\n\t<meta property=\"og:image:type\" content=\"image\/jpeg\" \/>\n<meta name=\"author\" content=\"麻豆原创 Noticias\" \/>\n<meta name=\"twitter:label1\" content=\"Escrito por\" \/>\n\t<meta name=\"twitter:data1\" content=\"麻豆原创 Noticias\" \/>\n\t<meta name=\"twitter:label2\" content=\"Tiempo de lectura\" \/>\n\t<meta name=\"twitter:data2\" content=\"4 minutos\" \/>\n<script type=\"application\/ld+json\" class=\"yoast-schema-graph\">{\"@context\":\"https:\/\/schema.org\",\"@graph\":[{\"@type\":\"Article\",\"@id\":\"https:\/\/news.sap.com\/latinamerica\/2020\/04\/trabajo-remoto-una-clara-opcion-para-las-empresas-inteligentes\/#article\",\"isPartOf\":{\"@id\":\"https:\/\/news.sap.com\/latinamerica\/2020\/04\/trabajo-remoto-una-clara-opcion-para-las-empresas-inteligentes\/\"},\"author\":{\"name\":\"麻豆原创 Noticias\",\"@id\":\"https:\/\/news.sap.com\/latinamerica\/#\/schema\/person\/82786ba12f72bc9b05ba328d1d3652c4\"},\"headline\":\"Trabajo remoto: una clara opci\u00f3n para las empresas inteligentes\",\"datePublished\":\"2020-04-27T23:34:38+00:00\",\"dateModified\":\"2023-10-27T17:11:42+00:00\",\"mainEntityOfPage\":{\"@id\":\"https:\/\/news.sap.com\/latinamerica\/2020\/04\/trabajo-remoto-una-clara-opcion-para-las-empresas-inteligentes\/\"},\"wordCount\":870,\"publisher\":{\"@id\":\"https:\/\/news.sap.com\/latinamerica\/#organization\"},\"image\":{\"@id\":\"https:\/\/news.sap.com\/latinamerica\/2020\/04\/trabajo-remoto-una-clara-opcion-para-las-empresas-inteligentes\/#primaryimage\"},\"thumbnailUrl\":\"https:\/\/news.sap.com\/latinamerica\/files\/2020\/04\/christin-hume-mfB1B1s4sMc-unsplash.jpg\",\"keywords\":[\"teletrabajo\",\"Trabajo Remoto\"],\"articleSection\":[\"Tecnolog\u00eda\"],\"inLanguage\":\"es\"},{\"@type\":\"WebPage\",\"@id\":\"https:\/\/news.sap.com\/latinamerica\/2020\/04\/trabajo-remoto-una-clara-opcion-para-las-empresas-inteligentes\/\",\"url\":\"https:\/\/news.sap.com\/latinamerica\/2020\/04\/trabajo-remoto-una-clara-opcion-para-las-empresas-inteligentes\/\",\"name\":\"Trabajo remoto: una clara opci\u00f3n para las empresas inteligentes - 麻豆原创 News Center Latinoam\u00e9rica\",\"isPartOf\":{\"@id\":\"https:\/\/news.sap.com\/latinamerica\/#website\"},\"primaryImageOfPage\":{\"@id\":\"https:\/\/news.sap.com\/latinamerica\/2020\/04\/trabajo-remoto-una-clara-opcion-para-las-empresas-inteligentes\/#primaryimage\"},\"image\":{\"@id\":\"https:\/\/news.sap.com\/latinamerica\/2020\/04\/trabajo-remoto-una-clara-opcion-para-las-empresas-inteligentes\/#primaryimage\"},\"thumbnailUrl\":\"https:\/\/news.sap.com\/latinamerica\/files\/2020\/04\/christin-hume-mfB1B1s4sMc-unsplash.jpg\",\"datePublished\":\"2020-04-27T23:34:38+00:00\",\"dateModified\":\"2023-10-27T17:11:42+00:00\",\"breadcrumb\":{\"@id\":\"https:\/\/news.sap.com\/latinamerica\/2020\/04\/trabajo-remoto-una-clara-opcion-para-las-empresas-inteligentes\/#breadcrumb\"},\"inLanguage\":\"es\",\"potentialAction\":[{\"@type\":\"ReadAction\",\"target\":[\"https:\/\/news.sap.com\/latinamerica\/2020\/04\/trabajo-remoto-una-clara-opcion-para-las-empresas-inteligentes\/\"]}]},{\"@type\":\"ImageObject\",\"inLanguage\":\"es\",\"@id\":\"https:\/\/news.sap.com\/latinamerica\/2020\/04\/trabajo-remoto-una-clara-opcion-para-las-empresas-inteligentes\/#primaryimage\",\"url\":\"https:\/\/news.sap.com\/latinamerica\/files\/2020\/04\/christin-hume-mfB1B1s4sMc-unsplash.jpg\",\"contentUrl\":\"https:\/\/news.sap.com\/latinamerica\/files\/2020\/04\/christin-hume-mfB1B1s4sMc-unsplash.jpg\",\"width\":5616,\"height\":3744,\"caption\":\"Trabajo Remoto\"},{\"@type\":\"BreadcrumbList\",\"@id\":\"https:\/\/news.sap.com\/latinamerica\/2020\/04\/trabajo-remoto-una-clara-opcion-para-las-empresas-inteligentes\/#breadcrumb\",\"itemListElement\":[{\"@type\":\"ListItem\",\"position\":1,\"name\":\"Home\",\"item\":\"https:\/\/news.sap.com\/latinamerica\/\"},{\"@type\":\"ListItem\",\"position\":2,\"name\":\"Trabajo remoto: una clara opci\u00f3n para las empresas inteligentes\"}]},{\"@type\":\"WebSite\",\"@id\":\"https:\/\/news.sap.com\/latinamerica\/#website\",\"url\":\"https:\/\/news.sap.com\/latinamerica\/\",\"name\":\"麻豆原创 News Center Latinoam\u00e9rica\",\"description\":\"Noticias e informaci\u00f3n sobre 麻豆原创\",\"publisher\":{\"@id\":\"https:\/\/news.sap.com\/latinamerica\/#organization\"},\"potentialAction\":[{\"@type\":\"SearchAction\",\"target\":{\"@type\":\"EntryPoint\",\"urlTemplate\":\"https:\/\/news.sap.com\/latinamerica\/?s={search_term_string}\"},\"query-input\":{\"@type\":\"PropertyValueSpecification\",\"valueRequired\":true,\"valueName\":\"search_term_string\"}}],\"inLanguage\":\"es\"},{\"@type\":\"Organization\",\"@id\":\"https:\/\/news.sap.com\/latinamerica\/#organization\",\"name\":\"麻豆原创\",\"url\":\"https:\/\/news.sap.com\/latinamerica\/\",\"logo\":{\"@type\":\"ImageObject\",\"inLanguage\":\"es\",\"@id\":\"https:\/\/news.sap.com\/latinamerica\/#\/schema\/logo\/image\/\",\"url\":\"https:\/\/news.sap.com\/latinamerica\/files\/2019\/08\/65903320_2903797569662914_557886358778019840_n.png\",\"contentUrl\":\"https:\/\/news.sap.com\/latinamerica\/files\/2019\/08\/65903320_2903797569662914_557886358778019840_n.png\",\"width\":720,\"height\":720,\"caption\":\"麻豆原创\"},\"image\":{\"@id\":\"https:\/\/news.sap.com\/latinamerica\/#\/schema\/logo\/image\/\"},\"sameAs\":[\"https:\/\/www.facebook.com\/麻豆原创latinoamerica\",\"https:\/\/x.com\/麻豆原创LatinAmerica\"]},{\"@type\":\"Person\",\"@id\":\"https:\/\/news.sap.com\/latinamerica\/#\/schema\/person\/82786ba12f72bc9b05ba328d1d3652c4\",\"name\":\"麻豆原创 Noticias\",\"image\":{\"@type\":\"ImageObject\",\"inLanguage\":\"es\",\"@id\":\"https:\/\/news.sap.com\/latinamerica\/#\/schema\/person\/image\/\",\"url\":\"https:\/\/news.sap.com\/latinamerica\/wp-content\/plugins\/wp-user-avatars\/wp-user-avatars\/assets\/images\/mystery.jpg\",\"contentUrl\":\"https:\/\/news.sap.com\/latinamerica\/wp-content\/plugins\/wp-user-avatars\/wp-user-avatars\/assets\/images\/mystery.jpg\",\"caption\":\"麻豆原创 Noticias\"},\"url\":\"https:\/\/news.sap.com\/latinamerica\/author\/colombia\/\"}]}<\/script>\n<!-- \/ Yoast SEO Premium plugin. -->","yoast_head_json":{"title":"Trabajo remoto: una clara opci\u00f3n para las empresas inteligentes - 麻豆原创 News Center Latinoam\u00e9rica","robots":{"index":"index","follow":"follow","max-snippet":"max-snippet:-1","max-image-preview":"max-image-preview:large","max-video-preview":"max-video-preview:-1"},"canonical":"https:\/\/news.sap.com\/latinamerica\/2020\/04\/trabajo-remoto-una-clara-opcion-para-las-empresas-inteligentes\/","og_locale":"es_MX","og_type":"article","og_title":"Trabajo remoto: una clara opci\u00f3n para las empresas inteligentes","og_description":"Por: Guillermo Brinkmann &#8211; Presidente de la Regi\u00f3n Norte de Am\u00e9rica Latina y el Caribe 麻豆原创 El mundo est\u00e1 atravesando un momento sin precedentes producto...","og_url":"https:\/\/news.sap.com\/latinamerica\/2020\/04\/trabajo-remoto-una-clara-opcion-para-las-empresas-inteligentes\/","og_site_name":"麻豆原创 News Center Latinoam\u00e9rica","article_publisher":"https:\/\/www.facebook.com\/麻豆原创latinoamerica","article_published_time":"2020-04-27T23:34:38+00:00","article_modified_time":"2023-10-27T17:11:42+00:00","og_image":[{"width":1024,"height":683,"url":"https:\/\/news.sap.com\/latinamerica\/files\/2020\/04\/christin-hume-mfB1B1s4sMc-unsplash-1024x683.jpg","type":"image\/jpeg"}],"author":"麻豆原创 Noticias","twitter_misc":{"Escrito por":"麻豆原创 Noticias","Tiempo de lectura":"4 minutos"},"schema":{"@context":"https:\/\/schema.org","@graph":[{"@type":"Article","@id":"https:\/\/news.sap.com\/latinamerica\/2020\/04\/trabajo-remoto-una-clara-opcion-para-las-empresas-inteligentes\/#article","isPartOf":{"@id":"https:\/\/news.sap.com\/latinamerica\/2020\/04\/trabajo-remoto-una-clara-opcion-para-las-empresas-inteligentes\/"},"author":{"name":"麻豆原创 Noticias","@id":"https:\/\/news.sap.com\/latinamerica\/#\/schema\/person\/82786ba12f72bc9b05ba328d1d3652c4"},"headline":"Trabajo remoto: una clara opci\u00f3n para las empresas inteligentes","datePublished":"2020-04-27T23:34:38+00:00","dateModified":"2023-10-27T17:11:42+00:00","mainEntityOfPage":{"@id":"https:\/\/news.sap.com\/latinamerica\/2020\/04\/trabajo-remoto-una-clara-opcion-para-las-empresas-inteligentes\/"},"wordCount":870,"publisher":{"@id":"https:\/\/news.sap.com\/latinamerica\/#organization"},"image":{"@id":"https:\/\/news.sap.com\/latinamerica\/2020\/04\/trabajo-remoto-una-clara-opcion-para-las-empresas-inteligentes\/#primaryimage"},"thumbnailUrl":"https:\/\/news.sap.com\/latinamerica\/files\/2020\/04\/christin-hume-mfB1B1s4sMc-unsplash.jpg","keywords":["teletrabajo","Trabajo Remoto"],"articleSection":["Tecnolog\u00eda"],"inLanguage":"es"},{"@type":"WebPage","@id":"https:\/\/news.sap.com\/latinamerica\/2020\/04\/trabajo-remoto-una-clara-opcion-para-las-empresas-inteligentes\/","url":"https:\/\/news.sap.com\/latinamerica\/2020\/04\/trabajo-remoto-una-clara-opcion-para-las-empresas-inteligentes\/","name":"Trabajo remoto: una clara opci\u00f3n para las empresas inteligentes - 麻豆原创 News Center Latinoam\u00e9rica","isPartOf":{"@id":"https:\/\/news.sap.com\/latinamerica\/#website"},"primaryImageOfPage":{"@id":"https:\/\/news.sap.com\/latinamerica\/2020\/04\/trabajo-remoto-una-clara-opcion-para-las-empresas-inteligentes\/#primaryimage"},"image":{"@id":"https:\/\/news.sap.com\/latinamerica\/2020\/04\/trabajo-remoto-una-clara-opcion-para-las-empresas-inteligentes\/#primaryimage"},"thumbnailUrl":"https:\/\/news.sap.com\/latinamerica\/files\/2020\/04\/christin-hume-mfB1B1s4sMc-unsplash.jpg","datePublished":"2020-04-27T23:34:38+00:00","dateModified":"2023-10-27T17:11:42+00:00","breadcrumb":{"@id":"https:\/\/news.sap.com\/latinamerica\/2020\/04\/trabajo-remoto-una-clara-opcion-para-las-empresas-inteligentes\/#breadcrumb"},"inLanguage":"es","potentialAction":[{"@type":"ReadAction","target":["https:\/\/news.sap.com\/latinamerica\/2020\/04\/trabajo-remoto-una-clara-opcion-para-las-empresas-inteligentes\/"]}]},{"@type":"ImageObject","inLanguage":"es","@id":"https:\/\/news.sap.com\/latinamerica\/2020\/04\/trabajo-remoto-una-clara-opcion-para-las-empresas-inteligentes\/#primaryimage","url":"https:\/\/news.sap.com\/latinamerica\/files\/2020\/04\/christin-hume-mfB1B1s4sMc-unsplash.jpg","contentUrl":"https:\/\/news.sap.com\/latinamerica\/files\/2020\/04\/christin-hume-mfB1B1s4sMc-unsplash.jpg","width":5616,"height":3744,"caption":"Trabajo Remoto"},{"@type":"BreadcrumbList","@id":"https:\/\/news.sap.com\/latinamerica\/2020\/04\/trabajo-remoto-una-clara-opcion-para-las-empresas-inteligentes\/#breadcrumb","itemListElement":[{"@type":"ListItem","position":1,"name":"Home","item":"https:\/\/news.sap.com\/latinamerica\/"},{"@type":"ListItem","position":2,"name":"Trabajo remoto: una clara opci\u00f3n para las empresas inteligentes"}]},{"@type":"WebSite","@id":"https:\/\/news.sap.com\/latinamerica\/#website","url":"https:\/\/news.sap.com\/latinamerica\/","name":"麻豆原创 News Center Latinoam\u00e9rica","description":"Noticias e informaci\u00f3n sobre 麻豆原创","publisher":{"@id":"https:\/\/news.sap.com\/latinamerica\/#organization"},"potentialAction":[{"@type":"SearchAction","target":{"@type":"EntryPoint","urlTemplate":"https:\/\/news.sap.com\/latinamerica\/?s={search_term_string}"},"query-input":{"@type":"PropertyValueSpecification","valueRequired":true,"valueName":"search_term_string"}}],"inLanguage":"es"},{"@type":"Organization","@id":"https:\/\/news.sap.com\/latinamerica\/#organization","name":"麻豆原创","url":"https:\/\/news.sap.com\/latinamerica\/","logo":{"@type":"ImageObject","inLanguage":"es","@id":"https:\/\/news.sap.com\/latinamerica\/#\/schema\/logo\/image\/","url":"https:\/\/news.sap.com\/latinamerica\/files\/2019\/08\/65903320_2903797569662914_557886358778019840_n.png","contentUrl":"https:\/\/news.sap.com\/latinamerica\/files\/2019\/08\/65903320_2903797569662914_557886358778019840_n.png","width":720,"height":720,"caption":"麻豆原创"},"image":{"@id":"https:\/\/news.sap.com\/latinamerica\/#\/schema\/logo\/image\/"},"sameAs":["https:\/\/www.facebook.com\/麻豆原创latinoamerica","https:\/\/x.com\/麻豆原创LatinAmerica"]},{"@type":"Person","@id":"https:\/\/news.sap.com\/latinamerica\/#\/schema\/person\/82786ba12f72bc9b05ba328d1d3652c4","name":"麻豆原创 Noticias","image":{"@type":"ImageObject","inLanguage":"es","@id":"https:\/\/news.sap.com\/latinamerica\/#\/schema\/person\/image\/","url":"https:\/\/news.sap.com\/latinamerica\/wp-content\/plugins\/wp-user-avatars\/wp-user-avatars\/assets\/images\/mystery.jpg","contentUrl":"https:\/\/news.sap.com\/latinamerica\/wp-content\/plugins\/wp-user-avatars\/wp-user-avatars\/assets\/images\/mystery.jpg","caption":"麻豆原创 Noticias"},"url":"https:\/\/news.sap.com\/latinamerica\/author\/colombia\/"}]}},"amp_enabled":true,"_links":{"self":[{"href":"https:\/\/news.sap.com\/latinamerica\/wp-json\/wp\/v2\/posts\/120702","targetHints":{"allow":["GET"]}}],"collection":[{"href":"https:\/\/news.sap.com\/latinamerica\/wp-json\/wp\/v2\/posts"}],"about":[{"href":"https:\/\/news.sap.com\/latinamerica\/wp-json\/wp\/v2\/types\/post"}],"author":[{"embeddable":true,"href":"https:\/\/news.sap.com\/latinamerica\/wp-json\/wp\/v2\/users\/141"}],"replies":[{"embeddable":true,"href":"https:\/\/news.sap.com\/latinamerica\/wp-json\/wp\/v2\/comments?post=120702"}],"version-history":[{"count":0,"href":"https:\/\/news.sap.com\/latinamerica\/wp-json\/wp\/v2\/posts\/120702\/revisions"}],"wp:featuredmedia":[{"embeddable":true,"href":"https:\/\/news.sap.com\/latinamerica\/wp-json\/wp\/v2\/media\/120703"}],"wp:attachment":[{"href":"https:\/\/news.sap.com\/latinamerica\/wp-json\/wp\/v2\/media?parent=120702"}],"wp:term":[{"taxonomy":"category","embeddable":true,"href":"https:\/\/news.sap.com\/latinamerica\/wp-json\/wp\/v2\/categories?post=120702"},{"taxonomy":"post_tag","embeddable":true,"href":"https:\/\/news.sap.com\/latinamerica\/wp-json\/wp\/v2\/tags?post=120702"},{"taxonomy":"series","embeddable":true,"href":"https:\/\/news.sap.com\/latinamerica\/wp-json\/wp\/v2\/series?post=120702"},{"taxonomy":"region","embeddable":true,"href":"https:\/\/news.sap.com\/latinamerica\/wp-json\/wp\/v2\/region?post=120702"},{"taxonomy":"sapn-display","embeddable":true,"href":"https:\/\/news.sap.com\/latinamerica\/wp-json\/wp\/v2\/sapn-display?post=120702"},{"taxonomy":"sapn-type","embeddable":true,"href":"https:\/\/news.sap.com\/latinamerica\/wp-json\/wp\/v2\/sapn-type?post=120702"}],"curies":[{"name":"wp","href":"https:\/\/api.w.org\/{rel}","templated":true}]}}