  {"id":120683,"date":"2020-04-24T20:56:32","date_gmt":"2020-04-25T00:56:32","guid":{"rendered":"https:\/\/news.sap.com\/latinamerica\/?p=120683"},"modified":"2023-10-27T13:36:44","modified_gmt":"2023-10-27T17:36:44","slug":"agilizando-la-cadena-de-suministro-del-sector-de-la-salud-bl0g","status":"publish","type":"post","link":"https:\/\/news.sap.com\/latinamerica\/2020\/04\/agilizando-la-cadena-de-suministro-del-sector-de-la-salud-bl0g\/","title":{"rendered":"Agilizando la cadena de suministro del sector de la salud"},"content":{"rendered":"<p><span style=\"color: #666699\"><em><strong>Por: Dr. Jos\u00e9 Andere, VP Digital Supply Chain, 麻豆原创 Latin America; Ana Nu\u00f1ez; Directora Global Center of Excellence, 麻豆原创 M\u00e9xico; y Miguel Lander, Managing Director, Go SCM North America<\/strong><\/em><\/span><\/p>\n<p><!--more--><\/p>\n<p>Durante esta pandemia sin precedentes, el crecimiento exponencial de casos de coronavirus ha comprometido seriamente los sistemas de salud del mundo. Tanto las instituciones p\u00fablicas como las privadas tienen el desaf\u00edo de responder a nuevas demandas en un contexto signado por una alta incertidumbre. Al mismo tiempo, las cadenas de suministro se ven ante la necesidad de adaptar sus capacidades para afrontar el virus y mantener a las personas a salvo de la forma m\u00e1s \u00e1gil y sustentable.<\/p>\n<p>Para hacer frente a estos desaf\u00edos, 麻豆原创 Latinoam\u00e9rica brinda a las instituciones de salud de la regi\u00f3n la suscripci\u00f3n a su soluci\u00f3n en la nube 麻豆原创 Integrated Business Planning (IBP) sin costo por 90 d\u00edas. Esto ayudar\u00e1 a las instituciones a planificar de forma \u00e1gil y efectiva los recursos, equipos e insumos cr\u00edticos necesarios para tratar a los pacientes infectados por el <a href=\"https:\/\/www.sap.com\/latinamerica\/about\/global-health-safety.html\" target=\"_blank\" rel=\"noopener noreferrer\">COVID-19<\/a>. Adem\u00e1s, este servicio se ofrece bajo el esquema de BPO (Business Process Outsourcing) a trav\u00e9s de un grupo selecto de socios como Go SCM, quienes proveen el despliegue de la soluci\u00f3n y el soporte en la operaci\u00f3n y ejecuci\u00f3n de los procesos de planeaci\u00f3n -tambi\u00e9n sin cargo alguno durante este per\u00edodo de 90 d\u00edas.<\/p>\n<p>La aplicaci\u00f3n has sido preconfigurada y est\u00e1 completamente lista para ser utilizada. El \u00fanico prerrequisito para iniciar el uso de este servicio es la carga de los inventarios iniciales y de los datos hist\u00f3ricos de casos de coronavirus. Esta informaci\u00f3n se puede ingresar directamente en los tableros de planificaci\u00f3n del sistema o mediante la carga de archivos planos o de Excel.<\/p>\n<p>El proceso de pron\u00f3stico esta basado en el modelo de transmisi\u00f3n epidemiol\u00f3gica SRI, el cual considera un tama\u00f1o de poblaci\u00f3n dado y constante dividido en cuatro segmentos mutuamente exclusivos: susceptibles, S(t); infectados, I(t); recuperados, R(t); y fallecidos, D(t). Estos segmentos se definen de la siguiente manera:<\/p>\n<ul>\n<li>S(t) representa el n\u00famero de individuos que a\u00fan no han sido infectados por el virus en el tiempo t, es decir, aquellos que son susceptibles de ser infectados.<\/li>\n<li>I(t) denota el n\u00famero de individuos que han sido infectados por el virus y pueden trasmitirlo a aquellos individuos en el segmento de susceptibles.<\/li>\n<li>R(t) es el segmento que representa a aquellos individuos que han sido infectados y ya se han recuperado. Estos individuos ya son inmunes y no pueden infectarse nuevamente o transmitir el virus a otros.<\/li>\n<li>D(t) es el segmento de la poblaci\u00f3n que no se pudo recuperar y falleci\u00f3 despu\u00e9s de haber sido infectados.<\/li>\n<\/ul>\n<p>El flujo de este modelo es el siguiente:<\/p>\n<p><img loading=\"lazy\" decoding=\"async\" class=\"alignleft wp-image-120691\" src=\"https:\/\/news.sap.com\/latinamerica\/files\/2020\/04\/Captura-de-Pantalla-2020-04-24-a-las-19.39.38-300x119.png\" alt=\"\" width=\"242\" height=\"96\" srcset=\"https:\/\/news.sap.com\/latinamerica\/files\/2020\/04\/Captura-de-Pantalla-2020-04-24-a-las-19.39.38-300x119.png 300w, https:\/\/news.sap.com\/latinamerica\/files\/2020\/04\/Captura-de-Pantalla-2020-04-24-a-las-19.39.38-1024x407.png 1024w, https:\/\/news.sap.com\/latinamerica\/files\/2020\/04\/Captura-de-Pantalla-2020-04-24-a-las-19.39.38-768x305.png 768w, https:\/\/news.sap.com\/latinamerica\/files\/2020\/04\/Captura-de-Pantalla-2020-04-24-a-las-19.39.38.png 1102w\" sizes=\"auto, (max-width: 242px) 100vw, 242px\" \/><\/p>\n<p>&nbsp;<\/p>\n<p>&nbsp;<\/p>\n<p>&nbsp;<\/p>\n<p>Digamos que la poblaci\u00f3n tama\u00f1o fijo de la poblaci\u00f3n es N =\u00a0 S(t) + I(t) + R(t) + D(t), entonces el comportamiento de estas variable a trav\u00e9s del tiempo es modelado por el siguiente sistema de ecuaciones diferenciales:<\/p>\n<p style=\"padding-left: 40px\"><kbd>dS(t)\/dt = - \u03b2SI\/N<\/kbd><\/p>\n<p style=\"padding-left: 40px\"><kbd>dI(t)\/dt = \u03b2SI\/N \u2013 \u03b3I<\/kbd><\/p>\n<p style=\"padding-left: 40px\"><kbd>dR(t)\/dt = \u03b3I<\/kbd><\/p>\n<p style=\"padding-left: 40px\"><kbd>dD(t) = \u00b5dR(t)<\/kbd><\/p>\n<p>donde:<\/p>\n<p style=\"padding-left: 40px\"><kbd><strong>\u03b2<\/strong> es la tasa de transmisi\u00f3n de la infecci\u00f3n por unidad de tiempo.<\/kbd><\/p>\n<p style=\"padding-left: 40px\"><kbd><strong>\u03b3<\/strong> es la tasa de recuperaci\u00f3n y 1\/\u03b3 es el tiempo promedio de infecci\u00f3n<\/kbd><\/p>\n<p style=\"padding-left: 40px\"><kbd><strong>\u00b5<\/strong> es la tasa de muerte<\/kbd><\/p>\n<p>El modelo anterior asume que cada individuo en la poblaci\u00f3n tiene la misma probabilidad de contraer la infecci\u00f3n con una tasa \u03b2.\u00a0 Tambi\u00e9n asume que la poblaci\u00f3n que sale del segmento de individuos susceptibles es igual al n\u00famero que entra al segmento de individuos infectados. Sin embargo, un n\u00famero de individuos igual a una fracci\u00f3n \u03b3\u00a0 de los individuos infectados salen de este segmento por unidad de tiempo para entrar al segmento de recuperados o de fallecidos.<\/p>\n<p>El distanciamiento social y otras medidas de control de la transmisi\u00f3n del virus reducen la tasa de infecci\u00f3n. Por lo tanto, para poder utilizar el modelo anterior para proyectar el n\u00famero de casos activos, primero es necesario estimar la tasa de transmisi\u00f3n con base en el patr\u00f3n que presentan los datos hist\u00f3ricos.<\/p>\n<p>Los datos hist\u00f3ricos de los diversos pa\u00edses muestran un decrecimiento asint\u00f3tico de la tasa de transmisi\u00f3n aproxim\u00e1ndose a un n\u00famero cercano a cero a partir de que se aplican las medidas de control como el distanciamiento social. Por esta raz\u00f3n, utilizamos modelos de series de tiempo o de regresi\u00f3n con un factor de reducci\u00f3n gradual de la tendencia.<\/p>\n<p>La gr\u00e1fica siguiente muestra como ejemplo el pron\u00f3stico de casos de coronavirus en M\u00e9xico. El modelo se entren\u00f3 utilizando los datos reportados (<a href=\"https:\/\/corona.help\/country\/mexico\" target=\"_blank\" rel=\"noopener noreferrer\">https:\/\/corona.help\/country\/mexico<\/a>) de n\u00famero de casos, recuperaciones y muertes entre el 11 de marzo y el 22 de abril. Se utiliz\u00f3 en este caso un modelo de suavizamiento exponencial doble con un factor de reducci\u00f3n de tendencia de 0.95 para pronosticar la tasa de infecci\u00f3n de las pr\u00f3ximas semanas.<\/p>\n<p><img loading=\"lazy\" decoding=\"async\" class=\"aligncenter wp-image-120692 size-full\" src=\"https:\/\/news.sap.com\/latinamerica\/files\/2020\/04\/nota-1.png\" alt=\"\" width=\"936\" height=\"320\" srcset=\"https:\/\/news.sap.com\/latinamerica\/files\/2020\/04\/nota-1.png 936w, https:\/\/news.sap.com\/latinamerica\/files\/2020\/04\/nota-1-300x103.png 300w, https:\/\/news.sap.com\/latinamerica\/files\/2020\/04\/nota-1-768x263.png 768w\" sizes=\"auto, (max-width: 936px) 100vw, 936px\" \/><\/p>\n<p>Los modelos de pron\u00f3stico para un centro hospitalario en particular se entrenan con los datos hist\u00f3ricos de casos en esta localidad e integran el pron\u00f3stico macro generado por el modelo SIR como factor causal para explicar y proyectar el patr\u00f3n de casos nuevos y casos activos.<\/p>\n<p>Utilizando el pron\u00f3stico de casos activos como dato de entrada, los requerimientos de suministro son estimados utilizando la tasa de consumo por material, paciente y per\u00edodo. Entonces, los requerimientos de resurtido son calculados mediante el neteo de los requerimientos proyectados contra los niveles de inventario actual.<\/p>\n<p>La simulaci\u00f3n de escenarios y el an\u00e1lisis de sensibilidad es un habilitador clave para evaluar el comportamiento potencial de la transmisi\u00f3n de la infecci\u00f3n y de los requerimientos de suministro. Por ejemplo, el pron\u00f3stico del n\u00famero de casos activos con distintos valores de las tasas de transmisi\u00f3n y recuperaci\u00f3n mejora la visibilidad del riesgo de disrupciones del suministro y del momento en que el n\u00famero m\u00e1ximo de casos se va a alcanzar en el escenario probable, pesimista y optimista.<\/p>\n<p>Los procesos de planificaci\u00f3n basados en modelos epidemiol\u00f3gicos y predictivos, con capacidades de simulaci\u00f3n de escenarios en tiempo real, habilitados por una plataforma de <a title=\"Planeacion cadena de suministro\" href=\"https:\/\/www.sap.com\/latinamerica\/products\/digital-supply-chain\/supply-chain-planning.html\" target=\"_blank\" rel=\"noopener noreferrer\">planeaci\u00f3n de la cadena de suministro<\/a> abierta, flexible y amigable; mejoran la agilidad y efectividad de la respuesta a las disrupciones del COVID-19 y ayudan a mantener a los pacientes a salvo.<\/p>\n<hr \/>\n<p>&nbsp;<\/p>\n","protected":false},"excerpt":{"rendered":"<p>Por: Dr. Jos\u00e9 Andere, VP Digital Supply Chain, 麻豆原创 Latin America; Ana Nu\u00f1ez; Directora Global Center of Excellence, 麻豆原创 M\u00e9xico; y Miguel Lander, Managing Director,&#8230;<\/p>\n","protected":false},"author":522,"featured_media":120693,"comment_status":"closed","ping_status":"closed","sticky":false,"template":"","format":"standard","meta":{"footnotes":"","_links_to":"","_links_to_target":""},"categories":[52091],"tags":[56982],"series":[],"region":[26401],"sapn-display":[52078,52079,53499],"sapn-type":[6114],"class_list":["post-120683","post","type-post","status-publish","format-standard","has-post-thumbnail","hentry","category-industrias","tag-cuidado-de-la-salud","region-latinoamerica","sapn-display-homepage-hero","sapn-display-top-stories","sapn-display-hero","sapn-type-articulo"],"yoast_head":"<!-- This site is optimized with the Yoast SEO Premium plugin v26.9 (Yoast SEO v26.9) - https:\/\/yoast.com\/product\/yoast-seo-premium-wordpress\/ -->\n<title>Agilizando la cadena de suministro del sector de la salud - 麻豆原创 News Center Latinoam\u00e9rica<\/title>\n<meta name=\"description\" content=\"Durante esta pandemia sin precedentes, el crecimiento exponencial de casos de coronavirus ha comprometido seriamente los sistemas de salud del mundo. Tanto las instituciones p\u00fablicas como las privadas tienen el desaf\u00edo de responder a nuevas demandas en un contexto signado por una alta incertidumbre. Al mismo tiempo, las cadenas de suministro se ven ante la necesidad de adaptar sus capacidades para afrontar el virus y mantener a las personas a salvo de la forma m\u00e1s \u00e1gil y sustentable.\" \/>\n<meta name=\"robots\" content=\"index, follow, max-snippet:-1, max-image-preview:large, max-video-preview:-1\" \/>\n<link rel=\"canonical\" href=\"https:\/\/news.sap.com\/latinamerica\/2020\/04\/agilizando-la-cadena-de-suministro-del-sector-de-la-salud-bl0g\/\" \/>\n<meta property=\"og:locale\" content=\"es_MX\" \/>\n<meta property=\"og:type\" content=\"article\" \/>\n<meta property=\"og:title\" content=\"Agilizando la cadena de suministro del sector de la salud\" \/>\n<meta property=\"og:description\" content=\"Durante esta pandemia sin precedentes, el crecimiento exponencial de casos de coronavirus ha comprometido seriamente los sistemas de salud del mundo. Tanto las instituciones p\u00fablicas como las privadas tienen el desaf\u00edo de responder a nuevas demandas en un contexto signado por una alta incertidumbre. Al mismo tiempo, las cadenas de suministro se ven ante la necesidad de adaptar sus capacidades para afrontar el virus y mantener a las personas a salvo de la forma m\u00e1s \u00e1gil y sustentable.\" \/>\n<meta property=\"og:url\" content=\"https:\/\/news.sap.com\/latinamerica\/2020\/04\/agilizando-la-cadena-de-suministro-del-sector-de-la-salud-bl0g\/\" \/>\n<meta property=\"og:site_name\" content=\"麻豆原创 News Center Latinoam\u00e9rica\" \/>\n<meta property=\"article:publisher\" content=\"https:\/\/www.facebook.com\/麻豆原创latinoamerica\" \/>\n<meta property=\"article:author\" content=\"https:\/\/www.facebook.com\/麻豆原创latinoamerica\" \/>\n<meta property=\"article:published_time\" content=\"2020-04-25T00:56:32+00:00\" \/>\n<meta property=\"article:modified_time\" content=\"2023-10-27T17:36:44+00:00\" \/>\n<meta property=\"og:image\" content=\"https:\/\/news.sap.com\/latinamerica\/files\/2020\/04\/麻豆原创-NEWS_HEAD-1.jpg\" \/>\n\t<meta property=\"og:image:width\" content=\"1920\" \/>\n\t<meta property=\"og:image:height\" content=\"844\" \/>\n\t<meta property=\"og:image:type\" content=\"image\/jpeg\" \/>\n<meta name=\"author\" content=\"麻豆原创 Blog de Innovaci\u00f3n\" \/>\n<meta name=\"twitter:label1\" content=\"Escrito por\" \/>\n\t<meta name=\"twitter:data1\" content=\"麻豆原创 Blog de Innovaci\u00f3n\" \/>\n\t<meta name=\"twitter:label2\" content=\"Tiempo de lectura\" \/>\n\t<meta name=\"twitter:data2\" content=\"6 minutos\" \/>\n<script type=\"application\/ld+json\" class=\"yoast-schema-graph\">{\"@context\":\"https:\/\/schema.org\",\"@graph\":[{\"@type\":\"Article\",\"@id\":\"https:\/\/news.sap.com\/latinamerica\/2020\/04\/agilizando-la-cadena-de-suministro-del-sector-de-la-salud-bl0g\/#article\",\"isPartOf\":{\"@id\":\"https:\/\/news.sap.com\/latinamerica\/2020\/04\/agilizando-la-cadena-de-suministro-del-sector-de-la-salud-bl0g\/\"},\"author\":{\"name\":\"麻豆原创 Blog de Innovaci\u00f3n\",\"@id\":\"https:\/\/news.sap.com\/latinamerica\/#\/schema\/person\/ce7d732e60a2133d7402c038db668294\"},\"headline\":\"Agilizando la cadena de suministro del sector de la salud\",\"datePublished\":\"2020-04-25T00:56:32+00:00\",\"dateModified\":\"2023-10-27T17:36:44+00:00\",\"mainEntityOfPage\":{\"@id\":\"https:\/\/news.sap.com\/latinamerica\/2020\/04\/agilizando-la-cadena-de-suministro-del-sector-de-la-salud-bl0g\/\"},\"wordCount\":1127,\"publisher\":{\"@id\":\"https:\/\/news.sap.com\/latinamerica\/#organization\"},\"image\":{\"@id\":\"https:\/\/news.sap.com\/latinamerica\/2020\/04\/agilizando-la-cadena-de-suministro-del-sector-de-la-salud-bl0g\/#primaryimage\"},\"thumbnailUrl\":\"https:\/\/news.sap.com\/latinamerica\/files\/2020\/04\/麻豆原创-NEWS_HEAD-1.jpg\",\"keywords\":[\"cuidado de la salud\"],\"articleSection\":[\"Industrias\"],\"inLanguage\":\"es\"},{\"@type\":\"WebPage\",\"@id\":\"https:\/\/news.sap.com\/latinamerica\/2020\/04\/agilizando-la-cadena-de-suministro-del-sector-de-la-salud-bl0g\/\",\"url\":\"https:\/\/news.sap.com\/latinamerica\/2020\/04\/agilizando-la-cadena-de-suministro-del-sector-de-la-salud-bl0g\/\",\"name\":\"Agilizando la cadena de suministro del sector de la salud - 麻豆原创 News Center Latinoam\u00e9rica\",\"isPartOf\":{\"@id\":\"https:\/\/news.sap.com\/latinamerica\/#website\"},\"primaryImageOfPage\":{\"@id\":\"https:\/\/news.sap.com\/latinamerica\/2020\/04\/agilizando-la-cadena-de-suministro-del-sector-de-la-salud-bl0g\/#primaryimage\"},\"image\":{\"@id\":\"https:\/\/news.sap.com\/latinamerica\/2020\/04\/agilizando-la-cadena-de-suministro-del-sector-de-la-salud-bl0g\/#primaryimage\"},\"thumbnailUrl\":\"https:\/\/news.sap.com\/latinamerica\/files\/2020\/04\/麻豆原创-NEWS_HEAD-1.jpg\",\"datePublished\":\"2020-04-25T00:56:32+00:00\",\"dateModified\":\"2023-10-27T17:36:44+00:00\",\"description\":\"Durante esta pandemia sin precedentes, el crecimiento exponencial de casos de coronavirus ha comprometido seriamente los sistemas de salud del mundo. Tanto las instituciones p\u00fablicas como las privadas tienen el desaf\u00edo de responder a nuevas demandas en un contexto signado por una alta incertidumbre. Al mismo tiempo, las cadenas de suministro se ven ante la necesidad de adaptar sus capacidades para afrontar el virus y mantener a las personas a salvo de la forma m\u00e1s \u00e1gil y sustentable.\",\"breadcrumb\":{\"@id\":\"https:\/\/news.sap.com\/latinamerica\/2020\/04\/agilizando-la-cadena-de-suministro-del-sector-de-la-salud-bl0g\/#breadcrumb\"},\"inLanguage\":\"es\",\"potentialAction\":[{\"@type\":\"ReadAction\",\"target\":[\"https:\/\/news.sap.com\/latinamerica\/2020\/04\/agilizando-la-cadena-de-suministro-del-sector-de-la-salud-bl0g\/\"]}]},{\"@type\":\"ImageObject\",\"inLanguage\":\"es\",\"@id\":\"https:\/\/news.sap.com\/latinamerica\/2020\/04\/agilizando-la-cadena-de-suministro-del-sector-de-la-salud-bl0g\/#primaryimage\",\"url\":\"https:\/\/news.sap.com\/latinamerica\/files\/2020\/04\/麻豆原创-NEWS_HEAD-1.jpg\",\"contentUrl\":\"https:\/\/news.sap.com\/latinamerica\/files\/2020\/04\/麻豆原创-NEWS_HEAD-1.jpg\",\"width\":1920,\"height\":844},{\"@type\":\"BreadcrumbList\",\"@id\":\"https:\/\/news.sap.com\/latinamerica\/2020\/04\/agilizando-la-cadena-de-suministro-del-sector-de-la-salud-bl0g\/#breadcrumb\",\"itemListElement\":[{\"@type\":\"ListItem\",\"position\":1,\"name\":\"Home\",\"item\":\"https:\/\/news.sap.com\/latinamerica\/\"},{\"@type\":\"ListItem\",\"position\":2,\"name\":\"Agilizando la cadena de suministro del sector de la salud\"}]},{\"@type\":\"WebSite\",\"@id\":\"https:\/\/news.sap.com\/latinamerica\/#website\",\"url\":\"https:\/\/news.sap.com\/latinamerica\/\",\"name\":\"麻豆原创 News Center Latinoam\u00e9rica\",\"description\":\"Noticias e informaci\u00f3n sobre 麻豆原创\",\"publisher\":{\"@id\":\"https:\/\/news.sap.com\/latinamerica\/#organization\"},\"potentialAction\":[{\"@type\":\"SearchAction\",\"target\":{\"@type\":\"EntryPoint\",\"urlTemplate\":\"https:\/\/news.sap.com\/latinamerica\/?s={search_term_string}\"},\"query-input\":{\"@type\":\"PropertyValueSpecification\",\"valueRequired\":true,\"valueName\":\"search_term_string\"}}],\"inLanguage\":\"es\"},{\"@type\":\"Organization\",\"@id\":\"https:\/\/news.sap.com\/latinamerica\/#organization\",\"name\":\"麻豆原创\",\"url\":\"https:\/\/news.sap.com\/latinamerica\/\",\"logo\":{\"@type\":\"ImageObject\",\"inLanguage\":\"es\",\"@id\":\"https:\/\/news.sap.com\/latinamerica\/#\/schema\/logo\/image\/\",\"url\":\"https:\/\/news.sap.com\/latinamerica\/files\/2019\/08\/65903320_2903797569662914_557886358778019840_n.png\",\"contentUrl\":\"https:\/\/news.sap.com\/latinamerica\/files\/2019\/08\/65903320_2903797569662914_557886358778019840_n.png\",\"width\":720,\"height\":720,\"caption\":\"麻豆原创\"},\"image\":{\"@id\":\"https:\/\/news.sap.com\/latinamerica\/#\/schema\/logo\/image\/\"},\"sameAs\":[\"https:\/\/www.facebook.com\/麻豆原创latinoamerica\",\"https:\/\/x.com\/麻豆原创LatinAmerica\"]},{\"@type\":\"Person\",\"@id\":\"https:\/\/news.sap.com\/latinamerica\/#\/schema\/person\/ce7d732e60a2133d7402c038db668294\",\"name\":\"麻豆原创 Blog de Innovaci\u00f3n\",\"image\":{\"@type\":\"ImageObject\",\"inLanguage\":\"es\",\"@id\":\"https:\/\/news.sap.com\/latinamerica\/#\/schema\/person\/image\/\",\"url\":\"https:\/\/news.sap.com\/latinamerica\/files\/2018\/06\/avatar_user_522_1529451696-96x96.png\",\"contentUrl\":\"https:\/\/news.sap.com\/latinamerica\/files\/2018\/06\/avatar_user_522_1529451696-96x96.png\",\"caption\":\"麻豆原创 Blog de Innovaci\u00f3n\"},\"sameAs\":[\"https:\/\/www.sap.com\/latinamerica\/index.html\",\"https:\/\/www.facebook.com\/麻豆原创latinoamerica\",\"https:\/\/www.instagram.com\/saplatinamerica\/\",\"https:\/\/x.com\/saplatinamerica\"],\"url\":\"https:\/\/news.sap.com\/latinamerica\/author\/sapblog\/\"}]}<\/script>\n<!-- \/ Yoast SEO Premium plugin. -->","yoast_head_json":{"title":"Agilizando la cadena de suministro del sector de la salud - 麻豆原创 News Center Latinoam\u00e9rica","description":"Durante esta pandemia sin precedentes, el crecimiento exponencial de casos de coronavirus ha comprometido seriamente los sistemas de salud del mundo. Tanto las instituciones p\u00fablicas como las privadas tienen el desaf\u00edo de responder a nuevas demandas en un contexto signado por una alta incertidumbre. Al mismo tiempo, las cadenas de suministro se ven ante la necesidad de adaptar sus capacidades para afrontar el virus y mantener a las personas a salvo de la forma m\u00e1s \u00e1gil y sustentable.","robots":{"index":"index","follow":"follow","max-snippet":"max-snippet:-1","max-image-preview":"max-image-preview:large","max-video-preview":"max-video-preview:-1"},"canonical":"https:\/\/news.sap.com\/latinamerica\/2020\/04\/agilizando-la-cadena-de-suministro-del-sector-de-la-salud-bl0g\/","og_locale":"es_MX","og_type":"article","og_title":"Agilizando la cadena de suministro del sector de la salud","og_description":"Durante esta pandemia sin precedentes, el crecimiento exponencial de casos de coronavirus ha comprometido seriamente los sistemas de salud del mundo. Tanto las instituciones p\u00fablicas como las privadas tienen el desaf\u00edo de responder a nuevas demandas en un contexto signado por una alta incertidumbre. Al mismo tiempo, las cadenas de suministro se ven ante la necesidad de adaptar sus capacidades para afrontar el virus y mantener a las personas a salvo de la forma m\u00e1s \u00e1gil y sustentable.","og_url":"https:\/\/news.sap.com\/latinamerica\/2020\/04\/agilizando-la-cadena-de-suministro-del-sector-de-la-salud-bl0g\/","og_site_name":"麻豆原创 News Center Latinoam\u00e9rica","article_publisher":"https:\/\/www.facebook.com\/麻豆原创latinoamerica","article_author":"https:\/\/www.facebook.com\/麻豆原创latinoamerica","article_published_time":"2020-04-25T00:56:32+00:00","article_modified_time":"2023-10-27T17:36:44+00:00","og_image":[{"width":1920,"height":844,"url":"https:\/\/news.sap.com\/latinamerica\/files\/2020\/04\/麻豆原创-NEWS_HEAD-1.jpg","type":"image\/jpeg"}],"author":"麻豆原创 Blog de Innovaci\u00f3n","twitter_misc":{"Escrito por":"麻豆原创 Blog de Innovaci\u00f3n","Tiempo de lectura":"6 minutos"},"schema":{"@context":"https:\/\/schema.org","@graph":[{"@type":"Article","@id":"https:\/\/news.sap.com\/latinamerica\/2020\/04\/agilizando-la-cadena-de-suministro-del-sector-de-la-salud-bl0g\/#article","isPartOf":{"@id":"https:\/\/news.sap.com\/latinamerica\/2020\/04\/agilizando-la-cadena-de-suministro-del-sector-de-la-salud-bl0g\/"},"author":{"name":"麻豆原创 Blog de Innovaci\u00f3n","@id":"https:\/\/news.sap.com\/latinamerica\/#\/schema\/person\/ce7d732e60a2133d7402c038db668294"},"headline":"Agilizando la cadena de suministro del sector de la salud","datePublished":"2020-04-25T00:56:32+00:00","dateModified":"2023-10-27T17:36:44+00:00","mainEntityOfPage":{"@id":"https:\/\/news.sap.com\/latinamerica\/2020\/04\/agilizando-la-cadena-de-suministro-del-sector-de-la-salud-bl0g\/"},"wordCount":1127,"publisher":{"@id":"https:\/\/news.sap.com\/latinamerica\/#organization"},"image":{"@id":"https:\/\/news.sap.com\/latinamerica\/2020\/04\/agilizando-la-cadena-de-suministro-del-sector-de-la-salud-bl0g\/#primaryimage"},"thumbnailUrl":"https:\/\/news.sap.com\/latinamerica\/files\/2020\/04\/麻豆原创-NEWS_HEAD-1.jpg","keywords":["cuidado de la salud"],"articleSection":["Industrias"],"inLanguage":"es"},{"@type":"WebPage","@id":"https:\/\/news.sap.com\/latinamerica\/2020\/04\/agilizando-la-cadena-de-suministro-del-sector-de-la-salud-bl0g\/","url":"https:\/\/news.sap.com\/latinamerica\/2020\/04\/agilizando-la-cadena-de-suministro-del-sector-de-la-salud-bl0g\/","name":"Agilizando la cadena de suministro del sector de la salud - 麻豆原创 News Center Latinoam\u00e9rica","isPartOf":{"@id":"https:\/\/news.sap.com\/latinamerica\/#website"},"primaryImageOfPage":{"@id":"https:\/\/news.sap.com\/latinamerica\/2020\/04\/agilizando-la-cadena-de-suministro-del-sector-de-la-salud-bl0g\/#primaryimage"},"image":{"@id":"https:\/\/news.sap.com\/latinamerica\/2020\/04\/agilizando-la-cadena-de-suministro-del-sector-de-la-salud-bl0g\/#primaryimage"},"thumbnailUrl":"https:\/\/news.sap.com\/latinamerica\/files\/2020\/04\/麻豆原创-NEWS_HEAD-1.jpg","datePublished":"2020-04-25T00:56:32+00:00","dateModified":"2023-10-27T17:36:44+00:00","description":"Durante esta pandemia sin precedentes, el crecimiento exponencial de casos de coronavirus ha comprometido seriamente los sistemas de salud del mundo. Tanto las instituciones p\u00fablicas como las privadas tienen el desaf\u00edo de responder a nuevas demandas en un contexto signado por una alta incertidumbre. Al mismo tiempo, las cadenas de suministro se ven ante la necesidad de adaptar sus capacidades para afrontar el virus y mantener a las personas a salvo de la forma m\u00e1s \u00e1gil y sustentable.","breadcrumb":{"@id":"https:\/\/news.sap.com\/latinamerica\/2020\/04\/agilizando-la-cadena-de-suministro-del-sector-de-la-salud-bl0g\/#breadcrumb"},"inLanguage":"es","potentialAction":[{"@type":"ReadAction","target":["https:\/\/news.sap.com\/latinamerica\/2020\/04\/agilizando-la-cadena-de-suministro-del-sector-de-la-salud-bl0g\/"]}]},{"@type":"ImageObject","inLanguage":"es","@id":"https:\/\/news.sap.com\/latinamerica\/2020\/04\/agilizando-la-cadena-de-suministro-del-sector-de-la-salud-bl0g\/#primaryimage","url":"https:\/\/news.sap.com\/latinamerica\/files\/2020\/04\/麻豆原创-NEWS_HEAD-1.jpg","contentUrl":"https:\/\/news.sap.com\/latinamerica\/files\/2020\/04\/麻豆原创-NEWS_HEAD-1.jpg","width":1920,"height":844},{"@type":"BreadcrumbList","@id":"https:\/\/news.sap.com\/latinamerica\/2020\/04\/agilizando-la-cadena-de-suministro-del-sector-de-la-salud-bl0g\/#breadcrumb","itemListElement":[{"@type":"ListItem","position":1,"name":"Home","item":"https:\/\/news.sap.com\/latinamerica\/"},{"@type":"ListItem","position":2,"name":"Agilizando la cadena de suministro del sector de la salud"}]},{"@type":"WebSite","@id":"https:\/\/news.sap.com\/latinamerica\/#website","url":"https:\/\/news.sap.com\/latinamerica\/","name":"麻豆原创 News Center Latinoam\u00e9rica","description":"Noticias e informaci\u00f3n sobre 麻豆原创","publisher":{"@id":"https:\/\/news.sap.com\/latinamerica\/#organization"},"potentialAction":[{"@type":"SearchAction","target":{"@type":"EntryPoint","urlTemplate":"https:\/\/news.sap.com\/latinamerica\/?s={search_term_string}"},"query-input":{"@type":"PropertyValueSpecification","valueRequired":true,"valueName":"search_term_string"}}],"inLanguage":"es"},{"@type":"Organization","@id":"https:\/\/news.sap.com\/latinamerica\/#organization","name":"麻豆原创","url":"https:\/\/news.sap.com\/latinamerica\/","logo":{"@type":"ImageObject","inLanguage":"es","@id":"https:\/\/news.sap.com\/latinamerica\/#\/schema\/logo\/image\/","url":"https:\/\/news.sap.com\/latinamerica\/files\/2019\/08\/65903320_2903797569662914_557886358778019840_n.png","contentUrl":"https:\/\/news.sap.com\/latinamerica\/files\/2019\/08\/65903320_2903797569662914_557886358778019840_n.png","width":720,"height":720,"caption":"麻豆原创"},"image":{"@id":"https:\/\/news.sap.com\/latinamerica\/#\/schema\/logo\/image\/"},"sameAs":["https:\/\/www.facebook.com\/麻豆原创latinoamerica","https:\/\/x.com\/麻豆原创LatinAmerica"]},{"@type":"Person","@id":"https:\/\/news.sap.com\/latinamerica\/#\/schema\/person\/ce7d732e60a2133d7402c038db668294","name":"麻豆原创 Blog de Innovaci\u00f3n","image":{"@type":"ImageObject","inLanguage":"es","@id":"https:\/\/news.sap.com\/latinamerica\/#\/schema\/person\/image\/","url":"https:\/\/news.sap.com\/latinamerica\/files\/2018\/06\/avatar_user_522_1529451696-96x96.png","contentUrl":"https:\/\/news.sap.com\/latinamerica\/files\/2018\/06\/avatar_user_522_1529451696-96x96.png","caption":"麻豆原创 Blog de Innovaci\u00f3n"},"sameAs":["https:\/\/www.sap.com\/latinamerica\/index.html","https:\/\/www.facebook.com\/麻豆原创latinoamerica","https:\/\/www.instagram.com\/saplatinamerica\/","https:\/\/x.com\/saplatinamerica"],"url":"https:\/\/news.sap.com\/latinamerica\/author\/sapblog\/"}]}},"amp_enabled":true,"_links":{"self":[{"href":"https:\/\/news.sap.com\/latinamerica\/wp-json\/wp\/v2\/posts\/120683","targetHints":{"allow":["GET"]}}],"collection":[{"href":"https:\/\/news.sap.com\/latinamerica\/wp-json\/wp\/v2\/posts"}],"about":[{"href":"https:\/\/news.sap.com\/latinamerica\/wp-json\/wp\/v2\/types\/post"}],"author":[{"embeddable":true,"href":"https:\/\/news.sap.com\/latinamerica\/wp-json\/wp\/v2\/users\/522"}],"replies":[{"embeddable":true,"href":"https:\/\/news.sap.com\/latinamerica\/wp-json\/wp\/v2\/comments?post=120683"}],"version-history":[{"count":0,"href":"https:\/\/news.sap.com\/latinamerica\/wp-json\/wp\/v2\/posts\/120683\/revisions"}],"wp:featuredmedia":[{"embeddable":true,"href":"https:\/\/news.sap.com\/latinamerica\/wp-json\/wp\/v2\/media\/120693"}],"wp:attachment":[{"href":"https:\/\/news.sap.com\/latinamerica\/wp-json\/wp\/v2\/media?parent=120683"}],"wp:term":[{"taxonomy":"category","embeddable":true,"href":"https:\/\/news.sap.com\/latinamerica\/wp-json\/wp\/v2\/categories?post=120683"},{"taxonomy":"post_tag","embeddable":true,"href":"https:\/\/news.sap.com\/latinamerica\/wp-json\/wp\/v2\/tags?post=120683"},{"taxonomy":"series","embeddable":true,"href":"https:\/\/news.sap.com\/latinamerica\/wp-json\/wp\/v2\/series?post=120683"},{"taxonomy":"region","embeddable":true,"href":"https:\/\/news.sap.com\/latinamerica\/wp-json\/wp\/v2\/region?post=120683"},{"taxonomy":"sapn-display","embeddable":true,"href":"https:\/\/news.sap.com\/latinamerica\/wp-json\/wp\/v2\/sapn-display?post=120683"},{"taxonomy":"sapn-type","embeddable":true,"href":"https:\/\/news.sap.com\/latinamerica\/wp-json\/wp\/v2\/sapn-type?post=120683"}],"curies":[{"name":"wp","href":"https:\/\/api.w.org\/{rel}","templated":true}]}}