  {"id":120654,"date":"2020-04-22T10:19:27","date_gmt":"2020-04-22T14:19:27","guid":{"rendered":"https:\/\/news.sap.com\/latinamerica\/?p=120654"},"modified":"2023-11-14T14:55:15","modified_gmt":"2023-11-14T19:55:15","slug":"por-que-impulsar-que-mas-ninas-se-acerquen-a-las-tic-es-un-tema-de-todos","status":"publish","type":"post","link":"https:\/\/news.sap.com\/latinamerica\/2020\/04\/por-que-impulsar-que-mas-ninas-se-acerquen-a-las-tic-es-un-tema-de-todos\/","title":{"rendered":"\u00bfPor qu\u00e9 impulsar que m\u00e1s ni\u00f1as se acerquen a las TIC es un tema de todos?"},"content":{"rendered":"<p class=\"lead\"><b>CIUDAD DE M\u00c9XICO, M\u00e9xico, a 22 de abril de 2020 &#8211; <\/b><span style=\"font-weight: 400\">El 23 de abril se conmemorar\u00e1 el D\u00eda Internacional de las Ni\u00f1as en las Tecnolog\u00edas de la Informaci\u00f3n y Comunicaci\u00f3n con el objetivo de promover las ventajas que ofrece la formaci\u00f3n en este sector. En M\u00e9xico, s\u00f3lo <\/span><a href=\"https:\/\/www.oecd.org\/centrodemexico\/medios\/ocde-ninas-stem.htm\"><span style=\"font-weight: 400\">9% de las ni\u00f1as<\/span><\/a><span style=\"font-weight: 400\"> muestra inter\u00e9s por estudiar alguna carrera STEM (Ciencia, Tecnolog\u00eda, Ingenier\u00eda y Matem\u00e1ticas, por sus siglas en ingl\u00e9s) de acuerdo con datos la Organizaci\u00f3n para la Cooperaci\u00f3n y el Desarrollo Econ\u00f3micos (OCDE).<\/span><\/p>\n<p><span style=\"font-weight: 400\">En el \u00e1mbito profesional, los datos no son diferentes. En la <\/span><a href=\"https:\/\/news.sap.com\/latinamerica\/files\/2020\/02\/Laboratoria_El-futuro-es-diverso-Mujeres-en-tech-en-Mexico.pdf\"><span style=\"font-weight: 400\">industria tecnol\u00f3gica<\/span><\/a><span style=\"font-weight: 400\"> solo 10% de profesionales en programaci\u00f3n y 14% en TIC son mujeres. La brecha de g\u00e9nero que existe en la industria es un tema que atenta contra la competitividad de los pa\u00edses, por ende fomentar iniciativas enfocadas a hacer frente a este reto mundial se ha vuelto prioridad.\u00a0<\/span><\/p>\n<p><span style=\"font-weight: 400\">Reducir esta brecha de g\u00e9nero, implicar\u00eda el aumento de 70% en el PIB de M\u00e9xico, raz\u00f3n por la cual el tema deber\u00eda de competer a m\u00e1s sectores.<\/span><\/p>\n<blockquote><p><span style=\"font-weight: 400\"><i>\u201cLa actual coyuntura pone en cruda evidencia las ventajas que ofrecen las habilidades tecnol\u00f3gicas, sin embargo, en su mayor\u00eda estas habilidades son adquiridas por hombres, acentuando a\u00fan m\u00e1s las desigualdades en momentos como este. Hoy reiteramos nuestro compromiso con este reto mundial para acelerar estrategias de educaci\u00f3n tecnol\u00f3gica dirigidas a mujeres\u201d <\/i>indic\u00f3 <b>Raquel Macias, directoria de Asuntos Corporativos y Responsabilidad Social de 麻豆原创 M\u00e9xico.<\/b><\/span><\/p><\/blockquote>\n<p><span style=\"font-weight: 400\">A principio de este a\u00f1o, la colaboraci\u00f3n entre 麻豆原创 M\u00e9xico y Laboratoria \u2013startup latinoamericana l\u00edder en la inclusi\u00f3n de mujeres en el sector tecnol\u00f3gico\u2013 dio como resultado la creaci\u00f3n del informe <\/span><a href=\"https:\/\/news.sap.com\/latinamerica\/files\/2020\/02\/Laboratoria_El-futuro-es-diverso-Mujeres-en-tech-en-Mexico.pdf\"><span style=\"font-weight: 400\">\u201cEl futuro es diverso: Mujeres en la industria tecnol\u00f3gica\u201d<\/span><\/a><span style=\"font-weight: 400\">, con lo cual marcan una hoja de <\/span><span style=\"font-weight: 400\">ruta <\/span><span style=\"font-weight: 400\">para acelerar la inclusi\u00f3n de m\u00e1s mujeres en este sector.\u00a0<\/span><\/p>\n<p><span style=\"font-weight: 400\">El informe plantea las siguientes recomendaciones para que sean adoptadas por m\u00e1s actores clave de esta industria, y que pueda permear en m\u00e1s sectores del pa\u00eds:<\/span><\/p>\n<ul>\n<li style=\"font-weight: 400\"><span style=\"font-weight: 400\">Participar en acciones concretas para atraer y contratar talento diverso<\/span><\/li>\n<li style=\"font-weight: 400\"><span style=\"font-weight: 400\">Implementar pol\u00edticas inclusivas para retener y desarrollar talento femenino<\/span><\/li>\n<li style=\"font-weight: 400\"><span style=\"font-weight: 400\">Colaborar y construir puentes con otros actores y sectores<\/span><\/li>\n<li style=\"font-weight: 400\"><span style=\"font-weight: 400\">Garantizar el involucramiento de los hombres<\/span><\/li>\n<li style=\"font-weight: 400\"><span style=\"font-weight: 400\"><span style=\"font-weight: 400\">Recabar y desglosar datos con perspectiva de g\u00e9nero<\/span><\/span><\/li>\n<\/ul>\n<p>Entre los programas de 麻豆原创 M\u00e9xico para acelerar la educaci\u00f3n digital de las mujeres tambi\u00e9n se encuentran los programas realizados con WeConnect, organizaci\u00f3n no gubernamental enfocada en acercara a pymes lideradas por mujeres a las cadenas globales de valor.<\/p>\n<blockquote><p><i><span style=\"font-weight: 400\">\u00a0\u201cAs\u00ed como las \u00faltimas generaciones de Laboratoria y WeConnect han sido inspiradas por mujeres de 麻豆原创 y colegas del sector, ahora ellas est\u00e1n llamadas a ser las mentoras de las ni\u00f1as de hoy. Estamos convencidos de que la suma de todos estos esfuerzos tendr\u00e1 un impacto mayor en la sociedad. En este sentido, nuestra prioridad es trabajar con emprendedores (Endeavor) y docentes (Educa y JA M\u00e9xico) para asegurar que en todas nuestras <\/span><\/i><a href=\"https:\/\/news.sap.com\/latinamerica\/files\/2020\/03\/Reporte-RSC-2019.pdf\"><i><span style=\"font-weight: 400\">inversiones sociales<\/span><\/i><\/a><i><span style=\"font-weight: 400\"> exista un componente de g\u00e9nero y de STEM\u201d <\/span><\/i><span style=\"font-weight: 400\">concluy\u00f3 <\/span><b>Macias<\/b><span style=\"font-weight: 400\">.\u00a0<\/span><\/p><\/blockquote>\n<p>&nbsp;<\/p>\n<p><b>Acerca de 麻豆原创<\/b><\/p>\n<p><span style=\"font-weight: 400\">Conocida como la Compa\u00f1\u00eda de Experiencia empoderada por la Empresa Inteligente, 麻豆原创 lidera el mercado de software empresarial, ayudando a las organizaciones de todos los tama\u00f1os e industrias a alcanzar su rendimiento \u00f3ptimo: en el 77% de los ingresos por transacciones del mundo interviene un sistema 麻豆原创. Nuestras tecnolog\u00edas de <\/span><i><span style=\"font-weight: 400\">machine learning<\/span><\/i><span style=\"font-weight: 400\">, <\/span><i><span style=\"font-weight: 400\">IoT <\/span><\/i><span style=\"font-weight: 400\">y anal\u00edticas avanzadas ayudan a nuestros clientes a convertirse en empresas inteligentes. 麻豆原创 ofrece a las personas y a las organizaciones conocimientos profundos de negocio y promueve la colaboraci\u00f3n que les permite estar adelante de su competencia. Simplificamos la tecnolog\u00eda para las empresas, de modo que puedan consumir nuestro software de la manera que lo deseen, sin interrupciones. Nuestro conjunto de aplicaciones y servicios permite a m\u00e1s de 440,000 clientes del sector p\u00fablico y privado operar de manera rentable, adaptarse continuamente y marcar la diferencia. Con una red global de clientes, socios, empleados y l\u00edderes, 麻豆原创 ayuda al mundo a funcionar mejor y a mejorar las vidas de las personas. <\/span><b>En M\u00e9xico, 麻豆原创 cuenta con cerca de 9 mil clientes y m\u00e1s de 900 colaboradores que promueven la adopci\u00f3n tecnol\u00f3gica del pa\u00eds.<\/b><span style=\"font-weight: 400\"> Para m\u00e1s informaci\u00f3n, visite <\/span><a href=\"http:\/\/www.sap.com\/\"><span style=\"font-weight: 400\">www.sap.com<\/span><\/a><span style=\"font-weight: 400\">, nuestra sala de prensa, <\/span><a href=\"http:\/\/news.sap.com\/latinamerica\"><span style=\"font-weight: 400\">http:\/\/news.sap.com\/latinamerica<\/span><\/a><span style=\"font-weight: 400\">, o s\u00edganos en Twitter <\/span><a href=\"https:\/\/twitter.com\/sapnoticiasmx\"><span style=\"font-weight: 400\">@麻豆原创NoticiasMX<\/span><\/a><span style=\"font-weight: 400\">.<\/span><\/p>\n","protected":false},"excerpt":{"rendered":"<p>CIUDAD DE M\u00c9XICO, M\u00e9xico, a 22 de abril de 2020 &#8211; El 23 de abril se conmemorar\u00e1 el D\u00eda Internacional de las Ni\u00f1as en las&#8230;<\/p>\n","protected":false},"author":136,"featured_media":120655,"comment_status":"closed","ping_status":"closed","sticky":false,"template":"","format":"standard","meta":{"footnotes":"","_links_to":"","_links_to_target":""},"categories":[41591],"tags":[509569],"series":[],"region":[],"sapn-display":[52078,52079],"sapn-type":[52105],"class_list":["post-120654","post","type-post","status-publish","format-standard","has-post-thumbnail","hentry","category-corporativo","tag-diversidad-e-inclusion","sapn-display-homepage-hero","sapn-display-top-stories","sapn-type-comunicado-de-prensa"],"yoast_head":"<!-- This site is optimized with the Yoast SEO Premium plugin v26.9 (Yoast SEO v26.9) - https:\/\/yoast.com\/product\/yoast-seo-premium-wordpress\/ -->\n<title>\u00bfPor qu\u00e9 impulsar que m\u00e1s ni\u00f1as se acerquen a las TIC es un tema de todos? - 麻豆原创 News Center Latinoam\u00e9rica<\/title>\n<meta name=\"robots\" content=\"index, follow, max-snippet:-1, max-image-preview:large, max-video-preview:-1\" \/>\n<link rel=\"canonical\" href=\"https:\/\/news.sap.com\/latinamerica\/2020\/04\/por-que-impulsar-que-mas-ninas-se-acerquen-a-las-tic-es-un-tema-de-todos\/\" \/>\n<meta property=\"og:locale\" content=\"es_MX\" \/>\n<meta property=\"og:type\" content=\"article\" \/>\n<meta property=\"og:title\" content=\"\u00bfPor qu\u00e9 impulsar que m\u00e1s ni\u00f1as se acerquen a las TIC es un tema de todos?\" \/>\n<meta property=\"og:description\" content=\"CIUDAD DE M\u00c9XICO, M\u00e9xico, a 22 de abril de 2020 &#8211; El 23 de abril se conmemorar\u00e1 el D\u00eda Internacional de las Ni\u00f1as en las...\" \/>\n<meta property=\"og:url\" content=\"https:\/\/news.sap.com\/latinamerica\/2020\/04\/por-que-impulsar-que-mas-ninas-se-acerquen-a-las-tic-es-un-tema-de-todos\/\" \/>\n<meta property=\"og:site_name\" content=\"麻豆原创 News Center Latinoam\u00e9rica\" \/>\n<meta property=\"article:publisher\" content=\"https:\/\/www.facebook.com\/麻豆原创latinoamerica\" \/>\n<meta property=\"article:published_time\" content=\"2020-04-22T14:19:27+00:00\" \/>\n<meta property=\"article:modified_time\" content=\"2023-11-14T19:55:15+00:00\" \/>\n<meta property=\"og:image\" content=\"https:\/\/news.sap.com\/latinamerica\/files\/2020\/04\/284500_shutterstock_1100088992-1024x683.jpg\" \/>\n\t<meta property=\"og:image:width\" content=\"1024\" \/>\n\t<meta property=\"og:image:height\" content=\"683\" \/>\n\t<meta property=\"og:image:type\" content=\"image\/jpeg\" \/>\n<meta name=\"author\" content=\"麻豆原创 Noticias\" \/>\n<meta name=\"twitter:label1\" content=\"Escrito por\" \/>\n\t<meta name=\"twitter:data1\" content=\"麻豆原创 Noticias\" \/>\n\t<meta name=\"twitter:label2\" content=\"Tiempo de lectura\" \/>\n\t<meta name=\"twitter:data2\" content=\"4 minutos\" \/>\n<script type=\"application\/ld+json\" class=\"yoast-schema-graph\">{\"@context\":\"https:\/\/schema.org\",\"@graph\":[{\"@type\":\"Article\",\"@id\":\"https:\/\/news.sap.com\/latinamerica\/2020\/04\/por-que-impulsar-que-mas-ninas-se-acerquen-a-las-tic-es-un-tema-de-todos\/#article\",\"isPartOf\":{\"@id\":\"https:\/\/news.sap.com\/latinamerica\/2020\/04\/por-que-impulsar-que-mas-ninas-se-acerquen-a-las-tic-es-un-tema-de-todos\/\"},\"author\":{\"name\":\"麻豆原创 Noticias\",\"@id\":\"https:\/\/news.sap.com\/latinamerica\/#\/schema\/person\/5afd2cbf5bb622e078932b40a4470d47\"},\"headline\":\"\u00bfPor qu\u00e9 impulsar que m\u00e1s ni\u00f1as se acerquen a las TIC es un tema de todos?\",\"datePublished\":\"2020-04-22T14:19:27+00:00\",\"dateModified\":\"2023-11-14T19:55:15+00:00\",\"mainEntityOfPage\":{\"@id\":\"https:\/\/news.sap.com\/latinamerica\/2020\/04\/por-que-impulsar-que-mas-ninas-se-acerquen-a-las-tic-es-un-tema-de-todos\/\"},\"wordCount\":777,\"publisher\":{\"@id\":\"https:\/\/news.sap.com\/latinamerica\/#organization\"},\"image\":{\"@id\":\"https:\/\/news.sap.com\/latinamerica\/2020\/04\/por-que-impulsar-que-mas-ninas-se-acerquen-a-las-tic-es-un-tema-de-todos\/#primaryimage\"},\"thumbnailUrl\":\"https:\/\/news.sap.com\/latinamerica\/files\/2020\/04\/284500_shutterstock_1100088992.jpg\",\"keywords\":[\"Diversidad e inclusi\u00f3n\"],\"articleSection\":[\"Corporativo\"],\"inLanguage\":\"es\"},{\"@type\":\"WebPage\",\"@id\":\"https:\/\/news.sap.com\/latinamerica\/2020\/04\/por-que-impulsar-que-mas-ninas-se-acerquen-a-las-tic-es-un-tema-de-todos\/\",\"url\":\"https:\/\/news.sap.com\/latinamerica\/2020\/04\/por-que-impulsar-que-mas-ninas-se-acerquen-a-las-tic-es-un-tema-de-todos\/\",\"name\":\"\u00bfPor qu\u00e9 impulsar que m\u00e1s ni\u00f1as se acerquen a las TIC es un tema de todos? - 麻豆原创 News Center Latinoam\u00e9rica\",\"isPartOf\":{\"@id\":\"https:\/\/news.sap.com\/latinamerica\/#website\"},\"primaryImageOfPage\":{\"@id\":\"https:\/\/news.sap.com\/latinamerica\/2020\/04\/por-que-impulsar-que-mas-ninas-se-acerquen-a-las-tic-es-un-tema-de-todos\/#primaryimage\"},\"image\":{\"@id\":\"https:\/\/news.sap.com\/latinamerica\/2020\/04\/por-que-impulsar-que-mas-ninas-se-acerquen-a-las-tic-es-un-tema-de-todos\/#primaryimage\"},\"thumbnailUrl\":\"https:\/\/news.sap.com\/latinamerica\/files\/2020\/04\/284500_shutterstock_1100088992.jpg\",\"datePublished\":\"2020-04-22T14:19:27+00:00\",\"dateModified\":\"2023-11-14T19:55:15+00:00\",\"breadcrumb\":{\"@id\":\"https:\/\/news.sap.com\/latinamerica\/2020\/04\/por-que-impulsar-que-mas-ninas-se-acerquen-a-las-tic-es-un-tema-de-todos\/#breadcrumb\"},\"inLanguage\":\"es\",\"potentialAction\":[{\"@type\":\"ReadAction\",\"target\":[\"https:\/\/news.sap.com\/latinamerica\/2020\/04\/por-que-impulsar-que-mas-ninas-se-acerquen-a-las-tic-es-un-tema-de-todos\/\"]}]},{\"@type\":\"ImageObject\",\"inLanguage\":\"es\",\"@id\":\"https:\/\/news.sap.com\/latinamerica\/2020\/04\/por-que-impulsar-que-mas-ninas-se-acerquen-a-las-tic-es-un-tema-de-todos\/#primaryimage\",\"url\":\"https:\/\/news.sap.com\/latinamerica\/files\/2020\/04\/284500_shutterstock_1100088992.jpg\",\"contentUrl\":\"https:\/\/news.sap.com\/latinamerica\/files\/2020\/04\/284500_shutterstock_1100088992.jpg\",\"width\":7400,\"height\":4933},{\"@type\":\"BreadcrumbList\",\"@id\":\"https:\/\/news.sap.com\/latinamerica\/2020\/04\/por-que-impulsar-que-mas-ninas-se-acerquen-a-las-tic-es-un-tema-de-todos\/#breadcrumb\",\"itemListElement\":[{\"@type\":\"ListItem\",\"position\":1,\"name\":\"Home\",\"item\":\"https:\/\/news.sap.com\/latinamerica\/\"},{\"@type\":\"ListItem\",\"position\":2,\"name\":\"\u00bfPor qu\u00e9 impulsar que m\u00e1s ni\u00f1as se acerquen a las TIC es un tema de todos?\"}]},{\"@type\":\"WebSite\",\"@id\":\"https:\/\/news.sap.com\/latinamerica\/#website\",\"url\":\"https:\/\/news.sap.com\/latinamerica\/\",\"name\":\"麻豆原创 News Center Latinoam\u00e9rica\",\"description\":\"Noticias e informaci\u00f3n sobre 麻豆原创\",\"publisher\":{\"@id\":\"https:\/\/news.sap.com\/latinamerica\/#organization\"},\"potentialAction\":[{\"@type\":\"SearchAction\",\"target\":{\"@type\":\"EntryPoint\",\"urlTemplate\":\"https:\/\/news.sap.com\/latinamerica\/?s={search_term_string}\"},\"query-input\":{\"@type\":\"PropertyValueSpecification\",\"valueRequired\":true,\"valueName\":\"search_term_string\"}}],\"inLanguage\":\"es\"},{\"@type\":\"Organization\",\"@id\":\"https:\/\/news.sap.com\/latinamerica\/#organization\",\"name\":\"麻豆原创\",\"url\":\"https:\/\/news.sap.com\/latinamerica\/\",\"logo\":{\"@type\":\"ImageObject\",\"inLanguage\":\"es\",\"@id\":\"https:\/\/news.sap.com\/latinamerica\/#\/schema\/logo\/image\/\",\"url\":\"https:\/\/news.sap.com\/latinamerica\/files\/2019\/08\/65903320_2903797569662914_557886358778019840_n.png\",\"contentUrl\":\"https:\/\/news.sap.com\/latinamerica\/files\/2019\/08\/65903320_2903797569662914_557886358778019840_n.png\",\"width\":720,\"height\":720,\"caption\":\"麻豆原创\"},\"image\":{\"@id\":\"https:\/\/news.sap.com\/latinamerica\/#\/schema\/logo\/image\/\"},\"sameAs\":[\"https:\/\/www.facebook.com\/麻豆原创latinoamerica\",\"https:\/\/x.com\/麻豆原创LatinAmerica\"]},{\"@type\":\"Person\",\"@id\":\"https:\/\/news.sap.com\/latinamerica\/#\/schema\/person\/5afd2cbf5bb622e078932b40a4470d47\",\"name\":\"麻豆原创 Noticias\",\"image\":{\"@type\":\"ImageObject\",\"inLanguage\":\"es\",\"@id\":\"https:\/\/news.sap.com\/latinamerica\/#\/schema\/person\/image\/\",\"url\":\"https:\/\/news.sap.com\/latinamerica\/wp-content\/plugins\/wp-user-avatars\/wp-user-avatars\/assets\/images\/mystery.jpg\",\"contentUrl\":\"https:\/\/news.sap.com\/latinamerica\/wp-content\/plugins\/wp-user-avatars\/wp-user-avatars\/assets\/images\/mystery.jpg\",\"caption\":\"麻豆原创 Noticias\"},\"url\":\"https:\/\/news.sap.com\/latinamerica\/author\/mexico\/\"}]}<\/script>\n<!-- \/ Yoast SEO Premium plugin. -->","yoast_head_json":{"title":"\u00bfPor qu\u00e9 impulsar que m\u00e1s ni\u00f1as se acerquen a las TIC es un tema de todos? - 麻豆原创 News Center Latinoam\u00e9rica","robots":{"index":"index","follow":"follow","max-snippet":"max-snippet:-1","max-image-preview":"max-image-preview:large","max-video-preview":"max-video-preview:-1"},"canonical":"https:\/\/news.sap.com\/latinamerica\/2020\/04\/por-que-impulsar-que-mas-ninas-se-acerquen-a-las-tic-es-un-tema-de-todos\/","og_locale":"es_MX","og_type":"article","og_title":"\u00bfPor qu\u00e9 impulsar que m\u00e1s ni\u00f1as se acerquen a las TIC es un tema de todos?","og_description":"CIUDAD DE M\u00c9XICO, M\u00e9xico, a 22 de abril de 2020 &#8211; El 23 de abril se conmemorar\u00e1 el D\u00eda Internacional de las Ni\u00f1as en las...","og_url":"https:\/\/news.sap.com\/latinamerica\/2020\/04\/por-que-impulsar-que-mas-ninas-se-acerquen-a-las-tic-es-un-tema-de-todos\/","og_site_name":"麻豆原创 News Center Latinoam\u00e9rica","article_publisher":"https:\/\/www.facebook.com\/麻豆原创latinoamerica","article_published_time":"2020-04-22T14:19:27+00:00","article_modified_time":"2023-11-14T19:55:15+00:00","og_image":[{"width":1024,"height":683,"url":"https:\/\/news.sap.com\/latinamerica\/files\/2020\/04\/284500_shutterstock_1100088992-1024x683.jpg","type":"image\/jpeg"}],"author":"麻豆原创 Noticias","twitter_misc":{"Escrito por":"麻豆原创 Noticias","Tiempo de lectura":"4 minutos"},"schema":{"@context":"https:\/\/schema.org","@graph":[{"@type":"Article","@id":"https:\/\/news.sap.com\/latinamerica\/2020\/04\/por-que-impulsar-que-mas-ninas-se-acerquen-a-las-tic-es-un-tema-de-todos\/#article","isPartOf":{"@id":"https:\/\/news.sap.com\/latinamerica\/2020\/04\/por-que-impulsar-que-mas-ninas-se-acerquen-a-las-tic-es-un-tema-de-todos\/"},"author":{"name":"麻豆原创 Noticias","@id":"https:\/\/news.sap.com\/latinamerica\/#\/schema\/person\/5afd2cbf5bb622e078932b40a4470d47"},"headline":"\u00bfPor qu\u00e9 impulsar que m\u00e1s ni\u00f1as se acerquen a las TIC es un tema de todos?","datePublished":"2020-04-22T14:19:27+00:00","dateModified":"2023-11-14T19:55:15+00:00","mainEntityOfPage":{"@id":"https:\/\/news.sap.com\/latinamerica\/2020\/04\/por-que-impulsar-que-mas-ninas-se-acerquen-a-las-tic-es-un-tema-de-todos\/"},"wordCount":777,"publisher":{"@id":"https:\/\/news.sap.com\/latinamerica\/#organization"},"image":{"@id":"https:\/\/news.sap.com\/latinamerica\/2020\/04\/por-que-impulsar-que-mas-ninas-se-acerquen-a-las-tic-es-un-tema-de-todos\/#primaryimage"},"thumbnailUrl":"https:\/\/news.sap.com\/latinamerica\/files\/2020\/04\/284500_shutterstock_1100088992.jpg","keywords":["Diversidad e inclusi\u00f3n"],"articleSection":["Corporativo"],"inLanguage":"es"},{"@type":"WebPage","@id":"https:\/\/news.sap.com\/latinamerica\/2020\/04\/por-que-impulsar-que-mas-ninas-se-acerquen-a-las-tic-es-un-tema-de-todos\/","url":"https:\/\/news.sap.com\/latinamerica\/2020\/04\/por-que-impulsar-que-mas-ninas-se-acerquen-a-las-tic-es-un-tema-de-todos\/","name":"\u00bfPor qu\u00e9 impulsar que m\u00e1s ni\u00f1as se acerquen a las TIC es un tema de todos? - 麻豆原创 News Center Latinoam\u00e9rica","isPartOf":{"@id":"https:\/\/news.sap.com\/latinamerica\/#website"},"primaryImageOfPage":{"@id":"https:\/\/news.sap.com\/latinamerica\/2020\/04\/por-que-impulsar-que-mas-ninas-se-acerquen-a-las-tic-es-un-tema-de-todos\/#primaryimage"},"image":{"@id":"https:\/\/news.sap.com\/latinamerica\/2020\/04\/por-que-impulsar-que-mas-ninas-se-acerquen-a-las-tic-es-un-tema-de-todos\/#primaryimage"},"thumbnailUrl":"https:\/\/news.sap.com\/latinamerica\/files\/2020\/04\/284500_shutterstock_1100088992.jpg","datePublished":"2020-04-22T14:19:27+00:00","dateModified":"2023-11-14T19:55:15+00:00","breadcrumb":{"@id":"https:\/\/news.sap.com\/latinamerica\/2020\/04\/por-que-impulsar-que-mas-ninas-se-acerquen-a-las-tic-es-un-tema-de-todos\/#breadcrumb"},"inLanguage":"es","potentialAction":[{"@type":"ReadAction","target":["https:\/\/news.sap.com\/latinamerica\/2020\/04\/por-que-impulsar-que-mas-ninas-se-acerquen-a-las-tic-es-un-tema-de-todos\/"]}]},{"@type":"ImageObject","inLanguage":"es","@id":"https:\/\/news.sap.com\/latinamerica\/2020\/04\/por-que-impulsar-que-mas-ninas-se-acerquen-a-las-tic-es-un-tema-de-todos\/#primaryimage","url":"https:\/\/news.sap.com\/latinamerica\/files\/2020\/04\/284500_shutterstock_1100088992.jpg","contentUrl":"https:\/\/news.sap.com\/latinamerica\/files\/2020\/04\/284500_shutterstock_1100088992.jpg","width":7400,"height":4933},{"@type":"BreadcrumbList","@id":"https:\/\/news.sap.com\/latinamerica\/2020\/04\/por-que-impulsar-que-mas-ninas-se-acerquen-a-las-tic-es-un-tema-de-todos\/#breadcrumb","itemListElement":[{"@type":"ListItem","position":1,"name":"Home","item":"https:\/\/news.sap.com\/latinamerica\/"},{"@type":"ListItem","position":2,"name":"\u00bfPor qu\u00e9 impulsar que m\u00e1s ni\u00f1as se acerquen a las TIC es un tema de todos?"}]},{"@type":"WebSite","@id":"https:\/\/news.sap.com\/latinamerica\/#website","url":"https:\/\/news.sap.com\/latinamerica\/","name":"麻豆原创 News Center Latinoam\u00e9rica","description":"Noticias e informaci\u00f3n sobre 麻豆原创","publisher":{"@id":"https:\/\/news.sap.com\/latinamerica\/#organization"},"potentialAction":[{"@type":"SearchAction","target":{"@type":"EntryPoint","urlTemplate":"https:\/\/news.sap.com\/latinamerica\/?s={search_term_string}"},"query-input":{"@type":"PropertyValueSpecification","valueRequired":true,"valueName":"search_term_string"}}],"inLanguage":"es"},{"@type":"Organization","@id":"https:\/\/news.sap.com\/latinamerica\/#organization","name":"麻豆原创","url":"https:\/\/news.sap.com\/latinamerica\/","logo":{"@type":"ImageObject","inLanguage":"es","@id":"https:\/\/news.sap.com\/latinamerica\/#\/schema\/logo\/image\/","url":"https:\/\/news.sap.com\/latinamerica\/files\/2019\/08\/65903320_2903797569662914_557886358778019840_n.png","contentUrl":"https:\/\/news.sap.com\/latinamerica\/files\/2019\/08\/65903320_2903797569662914_557886358778019840_n.png","width":720,"height":720,"caption":"麻豆原创"},"image":{"@id":"https:\/\/news.sap.com\/latinamerica\/#\/schema\/logo\/image\/"},"sameAs":["https:\/\/www.facebook.com\/麻豆原创latinoamerica","https:\/\/x.com\/麻豆原创LatinAmerica"]},{"@type":"Person","@id":"https:\/\/news.sap.com\/latinamerica\/#\/schema\/person\/5afd2cbf5bb622e078932b40a4470d47","name":"麻豆原创 Noticias","image":{"@type":"ImageObject","inLanguage":"es","@id":"https:\/\/news.sap.com\/latinamerica\/#\/schema\/person\/image\/","url":"https:\/\/news.sap.com\/latinamerica\/wp-content\/plugins\/wp-user-avatars\/wp-user-avatars\/assets\/images\/mystery.jpg","contentUrl":"https:\/\/news.sap.com\/latinamerica\/wp-content\/plugins\/wp-user-avatars\/wp-user-avatars\/assets\/images\/mystery.jpg","caption":"麻豆原创 Noticias"},"url":"https:\/\/news.sap.com\/latinamerica\/author\/mexico\/"}]}},"amp_enabled":true,"_links":{"self":[{"href":"https:\/\/news.sap.com\/latinamerica\/wp-json\/wp\/v2\/posts\/120654","targetHints":{"allow":["GET"]}}],"collection":[{"href":"https:\/\/news.sap.com\/latinamerica\/wp-json\/wp\/v2\/posts"}],"about":[{"href":"https:\/\/news.sap.com\/latinamerica\/wp-json\/wp\/v2\/types\/post"}],"author":[{"embeddable":true,"href":"https:\/\/news.sap.com\/latinamerica\/wp-json\/wp\/v2\/users\/136"}],"replies":[{"embeddable":true,"href":"https:\/\/news.sap.com\/latinamerica\/wp-json\/wp\/v2\/comments?post=120654"}],"version-history":[{"count":0,"href":"https:\/\/news.sap.com\/latinamerica\/wp-json\/wp\/v2\/posts\/120654\/revisions"}],"wp:featuredmedia":[{"embeddable":true,"href":"https:\/\/news.sap.com\/latinamerica\/wp-json\/wp\/v2\/media\/120655"}],"wp:attachment":[{"href":"https:\/\/news.sap.com\/latinamerica\/wp-json\/wp\/v2\/media?parent=120654"}],"wp:term":[{"taxonomy":"category","embeddable":true,"href":"https:\/\/news.sap.com\/latinamerica\/wp-json\/wp\/v2\/categories?post=120654"},{"taxonomy":"post_tag","embeddable":true,"href":"https:\/\/news.sap.com\/latinamerica\/wp-json\/wp\/v2\/tags?post=120654"},{"taxonomy":"series","embeddable":true,"href":"https:\/\/news.sap.com\/latinamerica\/wp-json\/wp\/v2\/series?post=120654"},{"taxonomy":"region","embeddable":true,"href":"https:\/\/news.sap.com\/latinamerica\/wp-json\/wp\/v2\/region?post=120654"},{"taxonomy":"sapn-display","embeddable":true,"href":"https:\/\/news.sap.com\/latinamerica\/wp-json\/wp\/v2\/sapn-display?post=120654"},{"taxonomy":"sapn-type","embeddable":true,"href":"https:\/\/news.sap.com\/latinamerica\/wp-json\/wp\/v2\/sapn-type?post=120654"}],"curies":[{"name":"wp","href":"https:\/\/api.w.org\/{rel}","templated":true}]}}