  {"id":120560,"date":"2020-04-06T11:13:56","date_gmt":"2020-04-06T15:13:56","guid":{"rendered":"https:\/\/news.sap.com\/latinamerica\/?p=120560"},"modified":"2020-04-13T11:18:47","modified_gmt":"2020-04-13T15:18:47","slug":"construyendo-la-cadena-de-suministro-resiliente-en-tiempos-de-contingencia","status":"publish","type":"post","link":"https:\/\/news.sap.com\/latinamerica\/2020\/04\/construyendo-la-cadena-de-suministro-resiliente-en-tiempos-de-contingencia\/","title":{"rendered":"Construyendo la Cadena de Suministro Resiliente en tiempos de  Contingencia"},"content":{"rendered":"<p class=\"lead\">Por: Ana N\u00fa\u00f1ez, Centro de Excelencia Global de Digital Supply Chain, 麻豆原创 M\u00e9xico<\/p>\n<p>A nivel mundial, nos hemos visto afectados por un hecho sin precedentes, que no anticipamos y que tuvimos muy poco tiempo de maniobra para mantenernos a salvo, readaptar formas de trabajo y\u00a0<strong>reajustar nuestros h\u00e1bitos de consumo<\/strong>.<\/p>\n<p>Ante este panorama, muchas empresas deben preguntarse \u00bfcu\u00e1l es mi capacidad y tiempo de recuperaci\u00f3n para que mi operaci\u00f3n log\u00edstica se restablezca ante una eventualidad?\u00a0<strong>La respuesta es: resiliencia<\/strong>. Se trata de un concepto que nuestra cadena de suministro debe tener en su ADN para salir avante de la contingencia que vivimos a nivel global.<\/p>\n<p>Los cambios que estamos viviendo d\u00eda a d\u00eda, desde la demanda, la atenci\u00f3n a los clientes, la din\u00e1mica de trabajo de nuestros equipos, la colaboraci\u00f3n con nuestros proveedores y los procesos de abastecimiento, nos invitan a tener dos conceptos en mente:\u00a0<strong>visibilidad y agilidad<\/strong>, con los que se puede evitar ser alcanzados por efecto l\u00e1tigo de la cadena de suministro por el alza o ca\u00edda abrupta de demanda que impacte nuestra capacidad de suministro.<\/p>\n<p>Lea el art\u00edculo completo en <a href=\"http:\/\/t21.com.mx\/opinion\/columna-invitada\/2020\/04\/06\/construyendo-cadena-suministro-resiliente-tiempos-contingencia\">T21<\/a><\/p>\n<p>&nbsp;<\/p>\n","protected":false},"excerpt":{"rendered":"<p>Por: Ana N\u00fa\u00f1ez, Centro de Excelencia Global de Digital Supply Chain, 麻豆原创 M\u00e9xico A nivel mundial, nos hemos visto afectados por un hecho sin precedentes,&#8230;<\/p>\n","protected":false},"author":136,"featured_media":0,"comment_status":"closed","ping_status":"closed","sticky":false,"template":"","format":"standard","meta":{"footnotes":"","_links_to":"","_links_to_target":""},"categories":[5595505],"tags":[],"series":[],"region":[],"sapn-display":[],"sapn-type":[6114],"class_list":["post-120560","post","type-post","status-publish","format-standard","hentry","category-gestion-de-la-cadena-de-suministro","sapn-type-articulo"],"yoast_head":"<!-- This site is optimized with the Yoast SEO Premium plugin v26.9 (Yoast SEO v26.9) - https:\/\/yoast.com\/product\/yoast-seo-premium-wordpress\/ -->\n<title>Construyendo la Cadena de Suministro Resiliente en tiempos de Contingencia - 麻豆原创 News Center Latinoam\u00e9rica<\/title>\n<meta name=\"robots\" content=\"index, follow, max-snippet:-1, max-image-preview:large, max-video-preview:-1\" \/>\n<link rel=\"canonical\" href=\"https:\/\/news.sap.com\/latinamerica\/2020\/04\/construyendo-la-cadena-de-suministro-resiliente-en-tiempos-de-contingencia\/\" \/>\n<meta property=\"og:locale\" content=\"es_MX\" \/>\n<meta property=\"og:type\" content=\"article\" \/>\n<meta property=\"og:title\" content=\"Construyendo la Cadena de Suministro Resiliente en tiempos de Contingencia\" \/>\n<meta property=\"og:description\" content=\"Por: Ana N\u00fa\u00f1ez, Centro de Excelencia Global de Digital Supply Chain, 麻豆原创 M\u00e9xico A nivel mundial, nos hemos visto afectados por un hecho sin precedentes,...\" \/>\n<meta property=\"og:url\" content=\"https:\/\/news.sap.com\/latinamerica\/2020\/04\/construyendo-la-cadena-de-suministro-resiliente-en-tiempos-de-contingencia\/\" \/>\n<meta property=\"og:site_name\" content=\"麻豆原创 News Center Latinoam\u00e9rica\" \/>\n<meta property=\"article:publisher\" content=\"https:\/\/www.facebook.com\/麻豆原创latinoamerica\" \/>\n<meta property=\"article:published_time\" content=\"2020-04-06T15:13:56+00:00\" \/>\n<meta property=\"article:modified_time\" content=\"2020-04-13T15:18:47+00:00\" \/>\n<meta property=\"og:image\" content=\"https:\/\/news.sap.com\/latinamerica\/files\/2017\/09\/Tecnolog\u00edas-para-la-cadena-de-suministro-moderna_HEADNOTA.png\" \/>\n\t<meta property=\"og:image:width\" content=\"1920\" \/>\n\t<meta property=\"og:image:height\" content=\"600\" \/>\n\t<meta property=\"og:image:type\" content=\"image\/png\" \/>\n<meta name=\"author\" content=\"麻豆原创 Noticias\" \/>\n<meta name=\"twitter:label1\" content=\"Escrito por\" \/>\n\t<meta name=\"twitter:data1\" content=\"麻豆原创 Noticias\" \/>\n\t<meta name=\"twitter:label2\" content=\"Tiempo de lectura\" \/>\n\t<meta name=\"twitter:data2\" content=\"1 minuto\" \/>\n<script type=\"application\/ld+json\" class=\"yoast-schema-graph\">{\"@context\":\"https:\/\/schema.org\",\"@graph\":[{\"@type\":\"Article\",\"@id\":\"https:\/\/news.sap.com\/latinamerica\/2020\/04\/construyendo-la-cadena-de-suministro-resiliente-en-tiempos-de-contingencia\/#article\",\"isPartOf\":{\"@id\":\"https:\/\/news.sap.com\/latinamerica\/2020\/04\/construyendo-la-cadena-de-suministro-resiliente-en-tiempos-de-contingencia\/\"},\"author\":{\"name\":\"麻豆原创 Noticias\",\"@id\":\"https:\/\/news.sap.com\/latinamerica\/#\/schema\/person\/5afd2cbf5bb622e078932b40a4470d47\"},\"headline\":\"Construyendo la Cadena de Suministro Resiliente en tiempos de Contingencia\",\"datePublished\":\"2020-04-06T15:13:56+00:00\",\"dateModified\":\"2020-04-13T15:18:47+00:00\",\"mainEntityOfPage\":{\"@id\":\"https:\/\/news.sap.com\/latinamerica\/2020\/04\/construyendo-la-cadena-de-suministro-resiliente-en-tiempos-de-contingencia\/\"},\"wordCount\":211,\"publisher\":{\"@id\":\"https:\/\/news.sap.com\/latinamerica\/#organization\"},\"articleSection\":[\"Gesti\u00f3n de la cadena de suministro\"],\"inLanguage\":\"es\"},{\"@type\":\"WebPage\",\"@id\":\"https:\/\/news.sap.com\/latinamerica\/2020\/04\/construyendo-la-cadena-de-suministro-resiliente-en-tiempos-de-contingencia\/\",\"url\":\"https:\/\/news.sap.com\/latinamerica\/2020\/04\/construyendo-la-cadena-de-suministro-resiliente-en-tiempos-de-contingencia\/\",\"name\":\"Construyendo la Cadena de Suministro Resiliente en tiempos de Contingencia - 麻豆原创 News Center Latinoam\u00e9rica\",\"isPartOf\":{\"@id\":\"https:\/\/news.sap.com\/latinamerica\/#website\"},\"datePublished\":\"2020-04-06T15:13:56+00:00\",\"dateModified\":\"2020-04-13T15:18:47+00:00\",\"breadcrumb\":{\"@id\":\"https:\/\/news.sap.com\/latinamerica\/2020\/04\/construyendo-la-cadena-de-suministro-resiliente-en-tiempos-de-contingencia\/#breadcrumb\"},\"inLanguage\":\"es\",\"potentialAction\":[{\"@type\":\"ReadAction\",\"target\":[\"https:\/\/news.sap.com\/latinamerica\/2020\/04\/construyendo-la-cadena-de-suministro-resiliente-en-tiempos-de-contingencia\/\"]}]},{\"@type\":\"BreadcrumbList\",\"@id\":\"https:\/\/news.sap.com\/latinamerica\/2020\/04\/construyendo-la-cadena-de-suministro-resiliente-en-tiempos-de-contingencia\/#breadcrumb\",\"itemListElement\":[{\"@type\":\"ListItem\",\"position\":1,\"name\":\"Home\",\"item\":\"https:\/\/news.sap.com\/latinamerica\/\"},{\"@type\":\"ListItem\",\"position\":2,\"name\":\"Construyendo la Cadena de Suministro Resiliente en tiempos de Contingencia\"}]},{\"@type\":\"WebSite\",\"@id\":\"https:\/\/news.sap.com\/latinamerica\/#website\",\"url\":\"https:\/\/news.sap.com\/latinamerica\/\",\"name\":\"麻豆原创 News Center Latinoam\u00e9rica\",\"description\":\"Noticias e informaci\u00f3n sobre 麻豆原创\",\"publisher\":{\"@id\":\"https:\/\/news.sap.com\/latinamerica\/#organization\"},\"potentialAction\":[{\"@type\":\"SearchAction\",\"target\":{\"@type\":\"EntryPoint\",\"urlTemplate\":\"https:\/\/news.sap.com\/latinamerica\/?s={search_term_string}\"},\"query-input\":{\"@type\":\"PropertyValueSpecification\",\"valueRequired\":true,\"valueName\":\"search_term_string\"}}],\"inLanguage\":\"es\"},{\"@type\":\"Organization\",\"@id\":\"https:\/\/news.sap.com\/latinamerica\/#organization\",\"name\":\"麻豆原创\",\"url\":\"https:\/\/news.sap.com\/latinamerica\/\",\"logo\":{\"@type\":\"ImageObject\",\"inLanguage\":\"es\",\"@id\":\"https:\/\/news.sap.com\/latinamerica\/#\/schema\/logo\/image\/\",\"url\":\"https:\/\/news.sap.com\/latinamerica\/files\/2019\/08\/65903320_2903797569662914_557886358778019840_n.png\",\"contentUrl\":\"https:\/\/news.sap.com\/latinamerica\/files\/2019\/08\/65903320_2903797569662914_557886358778019840_n.png\",\"width\":720,\"height\":720,\"caption\":\"麻豆原创\"},\"image\":{\"@id\":\"https:\/\/news.sap.com\/latinamerica\/#\/schema\/logo\/image\/\"},\"sameAs\":[\"https:\/\/www.facebook.com\/麻豆原创latinoamerica\",\"https:\/\/x.com\/麻豆原创LatinAmerica\"]},{\"@type\":\"Person\",\"@id\":\"https:\/\/news.sap.com\/latinamerica\/#\/schema\/person\/5afd2cbf5bb622e078932b40a4470d47\",\"name\":\"麻豆原创 Noticias\",\"image\":{\"@type\":\"ImageObject\",\"inLanguage\":\"es\",\"@id\":\"https:\/\/news.sap.com\/latinamerica\/#\/schema\/person\/image\/\",\"url\":\"https:\/\/news.sap.com\/latinamerica\/wp-content\/plugins\/wp-user-avatars\/wp-user-avatars\/assets\/images\/mystery.jpg\",\"contentUrl\":\"https:\/\/news.sap.com\/latinamerica\/wp-content\/plugins\/wp-user-avatars\/wp-user-avatars\/assets\/images\/mystery.jpg\",\"caption\":\"麻豆原创 Noticias\"},\"url\":\"https:\/\/news.sap.com\/latinamerica\/author\/mexico\/\"}]}<\/script>\n<!-- \/ Yoast SEO Premium plugin. -->","yoast_head_json":{"title":"Construyendo la Cadena de Suministro Resiliente en tiempos de Contingencia - 麻豆原创 News Center Latinoam\u00e9rica","robots":{"index":"index","follow":"follow","max-snippet":"max-snippet:-1","max-image-preview":"max-image-preview:large","max-video-preview":"max-video-preview:-1"},"canonical":"https:\/\/news.sap.com\/latinamerica\/2020\/04\/construyendo-la-cadena-de-suministro-resiliente-en-tiempos-de-contingencia\/","og_locale":"es_MX","og_type":"article","og_title":"Construyendo la Cadena de Suministro Resiliente en tiempos de Contingencia","og_description":"Por: Ana N\u00fa\u00f1ez, Centro de Excelencia Global de Digital Supply Chain, 麻豆原创 M\u00e9xico A nivel mundial, nos hemos visto afectados por un hecho sin precedentes,...","og_url":"https:\/\/news.sap.com\/latinamerica\/2020\/04\/construyendo-la-cadena-de-suministro-resiliente-en-tiempos-de-contingencia\/","og_site_name":"麻豆原创 News Center Latinoam\u00e9rica","article_publisher":"https:\/\/www.facebook.com\/麻豆原创latinoamerica","article_published_time":"2020-04-06T15:13:56+00:00","article_modified_time":"2020-04-13T15:18:47+00:00","og_image":[{"width":1920,"height":600,"url":"https:\/\/news.sap.com\/latinamerica\/files\/2017\/09\/Tecnolog\u00edas-para-la-cadena-de-suministro-moderna_HEADNOTA.png","type":"image\/png"}],"author":"麻豆原创 Noticias","twitter_misc":{"Escrito por":"麻豆原创 Noticias","Tiempo de lectura":"1 minuto"},"schema":{"@context":"https:\/\/schema.org","@graph":[{"@type":"Article","@id":"https:\/\/news.sap.com\/latinamerica\/2020\/04\/construyendo-la-cadena-de-suministro-resiliente-en-tiempos-de-contingencia\/#article","isPartOf":{"@id":"https:\/\/news.sap.com\/latinamerica\/2020\/04\/construyendo-la-cadena-de-suministro-resiliente-en-tiempos-de-contingencia\/"},"author":{"name":"麻豆原创 Noticias","@id":"https:\/\/news.sap.com\/latinamerica\/#\/schema\/person\/5afd2cbf5bb622e078932b40a4470d47"},"headline":"Construyendo la Cadena de Suministro Resiliente en tiempos de Contingencia","datePublished":"2020-04-06T15:13:56+00:00","dateModified":"2020-04-13T15:18:47+00:00","mainEntityOfPage":{"@id":"https:\/\/news.sap.com\/latinamerica\/2020\/04\/construyendo-la-cadena-de-suministro-resiliente-en-tiempos-de-contingencia\/"},"wordCount":211,"publisher":{"@id":"https:\/\/news.sap.com\/latinamerica\/#organization"},"articleSection":["Gesti\u00f3n de la cadena de suministro"],"inLanguage":"es"},{"@type":"WebPage","@id":"https:\/\/news.sap.com\/latinamerica\/2020\/04\/construyendo-la-cadena-de-suministro-resiliente-en-tiempos-de-contingencia\/","url":"https:\/\/news.sap.com\/latinamerica\/2020\/04\/construyendo-la-cadena-de-suministro-resiliente-en-tiempos-de-contingencia\/","name":"Construyendo la Cadena de Suministro Resiliente en tiempos de Contingencia - 麻豆原创 News Center Latinoam\u00e9rica","isPartOf":{"@id":"https:\/\/news.sap.com\/latinamerica\/#website"},"datePublished":"2020-04-06T15:13:56+00:00","dateModified":"2020-04-13T15:18:47+00:00","breadcrumb":{"@id":"https:\/\/news.sap.com\/latinamerica\/2020\/04\/construyendo-la-cadena-de-suministro-resiliente-en-tiempos-de-contingencia\/#breadcrumb"},"inLanguage":"es","potentialAction":[{"@type":"ReadAction","target":["https:\/\/news.sap.com\/latinamerica\/2020\/04\/construyendo-la-cadena-de-suministro-resiliente-en-tiempos-de-contingencia\/"]}]},{"@type":"BreadcrumbList","@id":"https:\/\/news.sap.com\/latinamerica\/2020\/04\/construyendo-la-cadena-de-suministro-resiliente-en-tiempos-de-contingencia\/#breadcrumb","itemListElement":[{"@type":"ListItem","position":1,"name":"Home","item":"https:\/\/news.sap.com\/latinamerica\/"},{"@type":"ListItem","position":2,"name":"Construyendo la Cadena de Suministro Resiliente en tiempos de Contingencia"}]},{"@type":"WebSite","@id":"https:\/\/news.sap.com\/latinamerica\/#website","url":"https:\/\/news.sap.com\/latinamerica\/","name":"麻豆原创 News Center Latinoam\u00e9rica","description":"Noticias e informaci\u00f3n sobre 麻豆原创","publisher":{"@id":"https:\/\/news.sap.com\/latinamerica\/#organization"},"potentialAction":[{"@type":"SearchAction","target":{"@type":"EntryPoint","urlTemplate":"https:\/\/news.sap.com\/latinamerica\/?s={search_term_string}"},"query-input":{"@type":"PropertyValueSpecification","valueRequired":true,"valueName":"search_term_string"}}],"inLanguage":"es"},{"@type":"Organization","@id":"https:\/\/news.sap.com\/latinamerica\/#organization","name":"麻豆原创","url":"https:\/\/news.sap.com\/latinamerica\/","logo":{"@type":"ImageObject","inLanguage":"es","@id":"https:\/\/news.sap.com\/latinamerica\/#\/schema\/logo\/image\/","url":"https:\/\/news.sap.com\/latinamerica\/files\/2019\/08\/65903320_2903797569662914_557886358778019840_n.png","contentUrl":"https:\/\/news.sap.com\/latinamerica\/files\/2019\/08\/65903320_2903797569662914_557886358778019840_n.png","width":720,"height":720,"caption":"麻豆原创"},"image":{"@id":"https:\/\/news.sap.com\/latinamerica\/#\/schema\/logo\/image\/"},"sameAs":["https:\/\/www.facebook.com\/麻豆原创latinoamerica","https:\/\/x.com\/麻豆原创LatinAmerica"]},{"@type":"Person","@id":"https:\/\/news.sap.com\/latinamerica\/#\/schema\/person\/5afd2cbf5bb622e078932b40a4470d47","name":"麻豆原创 Noticias","image":{"@type":"ImageObject","inLanguage":"es","@id":"https:\/\/news.sap.com\/latinamerica\/#\/schema\/person\/image\/","url":"https:\/\/news.sap.com\/latinamerica\/wp-content\/plugins\/wp-user-avatars\/wp-user-avatars\/assets\/images\/mystery.jpg","contentUrl":"https:\/\/news.sap.com\/latinamerica\/wp-content\/plugins\/wp-user-avatars\/wp-user-avatars\/assets\/images\/mystery.jpg","caption":"麻豆原创 Noticias"},"url":"https:\/\/news.sap.com\/latinamerica\/author\/mexico\/"}]}},"amp_enabled":true,"_links":{"self":[{"href":"https:\/\/news.sap.com\/latinamerica\/wp-json\/wp\/v2\/posts\/120560","targetHints":{"allow":["GET"]}}],"collection":[{"href":"https:\/\/news.sap.com\/latinamerica\/wp-json\/wp\/v2\/posts"}],"about":[{"href":"https:\/\/news.sap.com\/latinamerica\/wp-json\/wp\/v2\/types\/post"}],"author":[{"embeddable":true,"href":"https:\/\/news.sap.com\/latinamerica\/wp-json\/wp\/v2\/users\/136"}],"replies":[{"embeddable":true,"href":"https:\/\/news.sap.com\/latinamerica\/wp-json\/wp\/v2\/comments?post=120560"}],"version-history":[{"count":0,"href":"https:\/\/news.sap.com\/latinamerica\/wp-json\/wp\/v2\/posts\/120560\/revisions"}],"wp:attachment":[{"href":"https:\/\/news.sap.com\/latinamerica\/wp-json\/wp\/v2\/media?parent=120560"}],"wp:term":[{"taxonomy":"category","embeddable":true,"href":"https:\/\/news.sap.com\/latinamerica\/wp-json\/wp\/v2\/categories?post=120560"},{"taxonomy":"post_tag","embeddable":true,"href":"https:\/\/news.sap.com\/latinamerica\/wp-json\/wp\/v2\/tags?post=120560"},{"taxonomy":"series","embeddable":true,"href":"https:\/\/news.sap.com\/latinamerica\/wp-json\/wp\/v2\/series?post=120560"},{"taxonomy":"region","embeddable":true,"href":"https:\/\/news.sap.com\/latinamerica\/wp-json\/wp\/v2\/region?post=120560"},{"taxonomy":"sapn-display","embeddable":true,"href":"https:\/\/news.sap.com\/latinamerica\/wp-json\/wp\/v2\/sapn-display?post=120560"},{"taxonomy":"sapn-type","embeddable":true,"href":"https:\/\/news.sap.com\/latinamerica\/wp-json\/wp\/v2\/sapn-type?post=120560"}],"curies":[{"name":"wp","href":"https:\/\/api.w.org\/{rel}","templated":true}]}}