  {"id":120548,"date":"2020-02-13T14:10:15","date_gmt":"2020-02-13T19:10:15","guid":{"rendered":"https:\/\/news.sap.com\/latinamerica\/?p=120548"},"modified":"2023-11-08T15:42:23","modified_gmt":"2023-11-08T20:42:23","slug":"tecnologia-puede-transformar-la-fuerza-laboral","status":"publish","type":"post","link":"https:\/\/news.sap.com\/latinamerica\/2020\/02\/tecnologia-puede-transformar-la-fuerza-laboral\/","title":{"rendered":"Tecnolog\u00eda puede transformar la fuerza laboral"},"content":{"rendered":"<h2><strong>Los participantes de la charla \u201cExperiencia del colaborador, factor clave de la econom\u00eda digital\u201d que se dio en el marco de 麻豆原创 NOW M\u00e9xico coincidieron en que las herramientas adecuadas pueden hacer la diferencia entre un cambio cultural organizacional y la p\u00e9rdida de competitividad.<\/strong><\/h2>\n<p>Las necesidades y h\u00e1bitos de los clientes y la transformaci\u00f3n digital imponen a las organizaciones el reto para encontrar a los mejores recursos humanos para permanecer a la vanguardia.<\/p>\n<p>Este fue el tema de la charla \u201cExperiencia del colaborador, factor clave de la econom\u00eda digital\u201d que se dio en el marco de 麻豆原创 NOW M\u00e9xico y en el que participaron <strong>Maricarmen Ballesteros, Gerente de Human Experience y Success Factors de 麻豆原创, Hern\u00e1n Garc\u00eda, Vicepresidente de talento, cultura y experiencia del Tec de Monterrey, Zahie Edid, Directora de desarrollo organizacional de Liverpool, y Rogelio Segovia, Vicepresidente de Recursos Humanos para Latinoam\u00e9rica de Christus Muguerza.<\/strong><\/p>\n<blockquote><p><em>\u201cEl cliente ha cambiado y exige experiencias personalizadas, y en tiempo real. Tener acceso a distancia a los inventarios, y toda esa digitalizaci\u00f3n de los canales de venta, especialmente para una empresa de retail como nosotros nos impone retos, y por ello hemos trabajado en ser claros, en tener claridad de saber a d\u00f3nde tenemos que llegar, saber d\u00f3nde estamos parados y desarrollar los perfiles que vamos a necesitar desarrollar internamente para mantenernos vigentes para nuestros clientes\u201d<\/em>, se\u00f1al\u00f3<strong> Edid<\/strong>.<\/p>\n<p>Para <strong>Segovia<\/strong>, un punto muy importante es mantener un flujo de capacitaci\u00f3n continua que incentive la innovaci\u00f3n al interior de las organizaciones. <em>\u201cAdem\u00e1s de aprender a captar el mejor talento humano disponible all\u00e1 afuera, debemos aprender a mantener un flujo permanente de capacitaci\u00f3n, algo que mata la innovaci\u00f3n en una empresa, su capacidad de adaptarse a los cambios es lo que yo llamo \u2018efecto corcho\u2019, un tap\u00f3n que no permite que las personas contin\u00faen evolucionando dentro de la empresa y que lleva eventualmente a que el colaborador no vea valor en aportar ideas o se vaya definitivamente de la empresa\u201d.<\/em><\/p><\/blockquote>\n<p>Todo ello descansa, en opini\u00f3n de <strong>Garc\u00eda<\/strong>, en un componente b\u00e1sico: Educaci\u00f3n.<\/p>\n<blockquote><p>\u201cNo se trata solamente de educaci\u00f3n en las aulas, que por supuesto las instituciones de educaci\u00f3n media y superior tenemos la misi\u00f3n de formar y desarrollar a las personas con las habilidades necesarias para esta nueva econom\u00eda digital. Sin embargo, la educaci\u00f3n no solo es tema del aula, tambi\u00e9n se traduce a que las empresas se deben reeducar, se deben cambiar todos aquellos procesos y acciones que no generan valor, eliminar la burocracia, utilizar la tecnolog\u00eda como lo que es, una herramienta y no la soluci\u00f3n final. Podemos tener la mejor tecnolog\u00eda, pero sin personas con la cultura y las habilidades para utilizarla, no tendremos un cambio de fondo\u201d.<\/p><\/blockquote>\n<p>Los panelistas compartieron adem\u00e1s su visi\u00f3n sobre la forma en que la tecnolog\u00eda transforma su fuerza laboral y coincidieron en que las herramientas adecuadas pueden hacer la diferencia entre un cambio cultural organizacional y la p\u00e9rdida de competitividad. Coincidieron tambi\u00e9n en que las soluciones de 麻豆原创 les han permitido introducir cambios tecnol\u00f3gicos de manera r\u00e1pida y eficiente con una curva de aprendizaje r\u00e1pida para las \u00e1reas en las que se han desplegado.<\/p>\n<p>Informaci\u00f3n publicada en la <a href=\"http:\/\/agenciasapnow.com\/index.php\/2020\/02\/13\/tecnologia-puede-transformar-la-fuerza-laboral\/\">Agencia de Noticias 麻豆原创 NOW.<\/a><\/p>\n","protected":false},"excerpt":{"rendered":"<p>Los participantes de la charla \u201cExperiencia del colaborador, factor clave de la econom\u00eda digital\u201d que se dio en el marco de 麻豆原创 NOW M\u00e9xico coincidieron&#8230;<\/p>\n","protected":false},"author":136,"featured_media":120549,"comment_status":"closed","ping_status":"closed","sticky":false,"template":"","format":"standard","meta":{"footnotes":"","_links_to":"","_links_to_target":""},"categories":[41591,12872,52090],"tags":[],"series":[],"region":[],"sapn-display":[5600443,5600441,53499],"sapn-type":[52103],"class_list":["post-120548","post","type-post","status-publish","format-standard","has-post-thumbnail","hentry","category-corporativo","category-eventos","category-gestion-del-capital-humano","sapn-display-prensa-destacada","sapn-display-prensa-principal","sapn-display-hero","sapn-type-newsbyte-type"],"yoast_head":"<!-- This site is optimized with the Yoast SEO Premium plugin v26.9 (Yoast SEO v26.9) - https:\/\/yoast.com\/product\/yoast-seo-premium-wordpress\/ -->\n<title>Tecnolog\u00eda puede transformar la fuerza laboral - 麻豆原创 News Center Latinoam\u00e9rica<\/title>\n<meta name=\"robots\" content=\"index, follow, max-snippet:-1, max-image-preview:large, max-video-preview:-1\" \/>\n<link rel=\"canonical\" href=\"https:\/\/news.sap.com\/latinamerica\/2020\/02\/tecnologia-puede-transformar-la-fuerza-laboral\/\" \/>\n<meta property=\"og:locale\" content=\"es_MX\" \/>\n<meta property=\"og:type\" content=\"article\" \/>\n<meta property=\"og:title\" content=\"Tecnolog\u00eda puede transformar la fuerza laboral\" \/>\n<meta property=\"og:description\" content=\"Los participantes de la charla \u201cExperiencia del colaborador, factor clave de la econom\u00eda digital\u201d que se dio en el marco de 麻豆原创 NOW M\u00e9xico coincidieron...\" \/>\n<meta property=\"og:url\" content=\"https:\/\/news.sap.com\/latinamerica\/2020\/02\/tecnologia-puede-transformar-la-fuerza-laboral\/\" \/>\n<meta property=\"og:site_name\" content=\"麻豆原创 News Center Latinoam\u00e9rica\" \/>\n<meta property=\"article:publisher\" content=\"https:\/\/www.facebook.com\/麻豆原创latinoamerica\" \/>\n<meta property=\"article:published_time\" content=\"2020-02-13T19:10:15+00:00\" \/>\n<meta property=\"article:modified_time\" content=\"2023-11-08T20:42:23+00:00\" \/>\n<meta property=\"og:image\" content=\"https:\/\/news.sap.com\/latinamerica\/files\/2020\/04\/276556_276556_l_srgb_s_gl.jpg\" \/>\n\t<meta property=\"og:image:width\" content=\"2600\" \/>\n\t<meta property=\"og:image:height\" content=\"1863\" \/>\n\t<meta property=\"og:image:type\" content=\"image\/jpeg\" \/>\n<meta name=\"author\" content=\"麻豆原创 Noticias\" \/>\n<meta name=\"twitter:label1\" content=\"Escrito por\" \/>\n\t<meta name=\"twitter:data1\" content=\"麻豆原创 Noticias\" \/>\n\t<meta name=\"twitter:label2\" content=\"Tiempo de lectura\" \/>\n\t<meta name=\"twitter:data2\" content=\"3 minutos\" \/>\n<script type=\"application\/ld+json\" class=\"yoast-schema-graph\">{\"@context\":\"https:\/\/schema.org\",\"@graph\":[{\"@type\":\"Article\",\"@id\":\"https:\/\/news.sap.com\/latinamerica\/2020\/02\/tecnologia-puede-transformar-la-fuerza-laboral\/#article\",\"isPartOf\":{\"@id\":\"https:\/\/news.sap.com\/latinamerica\/2020\/02\/tecnologia-puede-transformar-la-fuerza-laboral\/\"},\"author\":{\"name\":\"麻豆原创 Noticias\",\"@id\":\"https:\/\/news.sap.com\/latinamerica\/#\/schema\/person\/5afd2cbf5bb622e078932b40a4470d47\"},\"headline\":\"Tecnolog\u00eda puede transformar la fuerza laboral\",\"datePublished\":\"2020-02-13T19:10:15+00:00\",\"dateModified\":\"2023-11-08T20:42:23+00:00\",\"mainEntityOfPage\":{\"@id\":\"https:\/\/news.sap.com\/latinamerica\/2020\/02\/tecnologia-puede-transformar-la-fuerza-laboral\/\"},\"wordCount\":578,\"publisher\":{\"@id\":\"https:\/\/news.sap.com\/latinamerica\/#organization\"},\"image\":{\"@id\":\"https:\/\/news.sap.com\/latinamerica\/2020\/02\/tecnologia-puede-transformar-la-fuerza-laboral\/#primaryimage\"},\"thumbnailUrl\":\"https:\/\/news.sap.com\/latinamerica\/files\/2020\/04\/276556_276556_l_srgb_s_gl.jpg\",\"articleSection\":[\"Corporativo\",\"Eventos\",\"Gesti\u00f3n del capital humano\"],\"inLanguage\":\"es\"},{\"@type\":\"WebPage\",\"@id\":\"https:\/\/news.sap.com\/latinamerica\/2020\/02\/tecnologia-puede-transformar-la-fuerza-laboral\/\",\"url\":\"https:\/\/news.sap.com\/latinamerica\/2020\/02\/tecnologia-puede-transformar-la-fuerza-laboral\/\",\"name\":\"Tecnolog\u00eda puede transformar la fuerza laboral - 麻豆原创 News Center Latinoam\u00e9rica\",\"isPartOf\":{\"@id\":\"https:\/\/news.sap.com\/latinamerica\/#website\"},\"primaryImageOfPage\":{\"@id\":\"https:\/\/news.sap.com\/latinamerica\/2020\/02\/tecnologia-puede-transformar-la-fuerza-laboral\/#primaryimage\"},\"image\":{\"@id\":\"https:\/\/news.sap.com\/latinamerica\/2020\/02\/tecnologia-puede-transformar-la-fuerza-laboral\/#primaryimage\"},\"thumbnailUrl\":\"https:\/\/news.sap.com\/latinamerica\/files\/2020\/04\/276556_276556_l_srgb_s_gl.jpg\",\"datePublished\":\"2020-02-13T19:10:15+00:00\",\"dateModified\":\"2023-11-08T20:42:23+00:00\",\"breadcrumb\":{\"@id\":\"https:\/\/news.sap.com\/latinamerica\/2020\/02\/tecnologia-puede-transformar-la-fuerza-laboral\/#breadcrumb\"},\"inLanguage\":\"es\",\"potentialAction\":[{\"@type\":\"ReadAction\",\"target\":[\"https:\/\/news.sap.com\/latinamerica\/2020\/02\/tecnologia-puede-transformar-la-fuerza-laboral\/\"]}]},{\"@type\":\"ImageObject\",\"inLanguage\":\"es\",\"@id\":\"https:\/\/news.sap.com\/latinamerica\/2020\/02\/tecnologia-puede-transformar-la-fuerza-laboral\/#primaryimage\",\"url\":\"https:\/\/news.sap.com\/latinamerica\/files\/2020\/04\/276556_276556_l_srgb_s_gl.jpg\",\"contentUrl\":\"https:\/\/news.sap.com\/latinamerica\/files\/2020\/04\/276556_276556_l_srgb_s_gl.jpg\",\"width\":2600,\"height\":1863,\"caption\":\"Students working with tablet, Germany, Berlin --- Image by \u00a9 W2 Photography\/Corbis\"},{\"@type\":\"BreadcrumbList\",\"@id\":\"https:\/\/news.sap.com\/latinamerica\/2020\/02\/tecnologia-puede-transformar-la-fuerza-laboral\/#breadcrumb\",\"itemListElement\":[{\"@type\":\"ListItem\",\"position\":1,\"name\":\"Home\",\"item\":\"https:\/\/news.sap.com\/latinamerica\/\"},{\"@type\":\"ListItem\",\"position\":2,\"name\":\"Tecnolog\u00eda puede transformar la fuerza laboral\"}]},{\"@type\":\"WebSite\",\"@id\":\"https:\/\/news.sap.com\/latinamerica\/#website\",\"url\":\"https:\/\/news.sap.com\/latinamerica\/\",\"name\":\"麻豆原创 News Center Latinoam\u00e9rica\",\"description\":\"Noticias e informaci\u00f3n sobre 麻豆原创\",\"publisher\":{\"@id\":\"https:\/\/news.sap.com\/latinamerica\/#organization\"},\"potentialAction\":[{\"@type\":\"SearchAction\",\"target\":{\"@type\":\"EntryPoint\",\"urlTemplate\":\"https:\/\/news.sap.com\/latinamerica\/?s={search_term_string}\"},\"query-input\":{\"@type\":\"PropertyValueSpecification\",\"valueRequired\":true,\"valueName\":\"search_term_string\"}}],\"inLanguage\":\"es\"},{\"@type\":\"Organization\",\"@id\":\"https:\/\/news.sap.com\/latinamerica\/#organization\",\"name\":\"麻豆原创\",\"url\":\"https:\/\/news.sap.com\/latinamerica\/\",\"logo\":{\"@type\":\"ImageObject\",\"inLanguage\":\"es\",\"@id\":\"https:\/\/news.sap.com\/latinamerica\/#\/schema\/logo\/image\/\",\"url\":\"https:\/\/news.sap.com\/latinamerica\/files\/2019\/08\/65903320_2903797569662914_557886358778019840_n.png\",\"contentUrl\":\"https:\/\/news.sap.com\/latinamerica\/files\/2019\/08\/65903320_2903797569662914_557886358778019840_n.png\",\"width\":720,\"height\":720,\"caption\":\"麻豆原创\"},\"image\":{\"@id\":\"https:\/\/news.sap.com\/latinamerica\/#\/schema\/logo\/image\/\"},\"sameAs\":[\"https:\/\/www.facebook.com\/麻豆原创latinoamerica\",\"https:\/\/x.com\/麻豆原创LatinAmerica\"]},{\"@type\":\"Person\",\"@id\":\"https:\/\/news.sap.com\/latinamerica\/#\/schema\/person\/5afd2cbf5bb622e078932b40a4470d47\",\"name\":\"麻豆原创 Noticias\",\"image\":{\"@type\":\"ImageObject\",\"inLanguage\":\"es\",\"@id\":\"https:\/\/news.sap.com\/latinamerica\/#\/schema\/person\/image\/\",\"url\":\"https:\/\/news.sap.com\/latinamerica\/wp-content\/plugins\/wp-user-avatars\/wp-user-avatars\/assets\/images\/mystery.jpg\",\"contentUrl\":\"https:\/\/news.sap.com\/latinamerica\/wp-content\/plugins\/wp-user-avatars\/wp-user-avatars\/assets\/images\/mystery.jpg\",\"caption\":\"麻豆原创 Noticias\"},\"url\":\"https:\/\/news.sap.com\/latinamerica\/author\/mexico\/\"}]}<\/script>\n<!-- \/ Yoast SEO Premium plugin. -->","yoast_head_json":{"title":"Tecnolog\u00eda puede transformar la fuerza laboral - 麻豆原创 News Center Latinoam\u00e9rica","robots":{"index":"index","follow":"follow","max-snippet":"max-snippet:-1","max-image-preview":"max-image-preview:large","max-video-preview":"max-video-preview:-1"},"canonical":"https:\/\/news.sap.com\/latinamerica\/2020\/02\/tecnologia-puede-transformar-la-fuerza-laboral\/","og_locale":"es_MX","og_type":"article","og_title":"Tecnolog\u00eda puede transformar la fuerza laboral","og_description":"Los participantes de la charla \u201cExperiencia del colaborador, factor clave de la econom\u00eda digital\u201d que se dio en el marco de 麻豆原创 NOW M\u00e9xico coincidieron...","og_url":"https:\/\/news.sap.com\/latinamerica\/2020\/02\/tecnologia-puede-transformar-la-fuerza-laboral\/","og_site_name":"麻豆原创 News Center Latinoam\u00e9rica","article_publisher":"https:\/\/www.facebook.com\/麻豆原创latinoamerica","article_published_time":"2020-02-13T19:10:15+00:00","article_modified_time":"2023-11-08T20:42:23+00:00","og_image":[{"width":2600,"height":1863,"url":"https:\/\/news.sap.com\/latinamerica\/files\/2020\/04\/276556_276556_l_srgb_s_gl.jpg","type":"image\/jpeg"}],"author":"麻豆原创 Noticias","twitter_misc":{"Escrito por":"麻豆原创 Noticias","Tiempo de lectura":"3 minutos"},"schema":{"@context":"https:\/\/schema.org","@graph":[{"@type":"Article","@id":"https:\/\/news.sap.com\/latinamerica\/2020\/02\/tecnologia-puede-transformar-la-fuerza-laboral\/#article","isPartOf":{"@id":"https:\/\/news.sap.com\/latinamerica\/2020\/02\/tecnologia-puede-transformar-la-fuerza-laboral\/"},"author":{"name":"麻豆原创 Noticias","@id":"https:\/\/news.sap.com\/latinamerica\/#\/schema\/person\/5afd2cbf5bb622e078932b40a4470d47"},"headline":"Tecnolog\u00eda puede transformar la fuerza laboral","datePublished":"2020-02-13T19:10:15+00:00","dateModified":"2023-11-08T20:42:23+00:00","mainEntityOfPage":{"@id":"https:\/\/news.sap.com\/latinamerica\/2020\/02\/tecnologia-puede-transformar-la-fuerza-laboral\/"},"wordCount":578,"publisher":{"@id":"https:\/\/news.sap.com\/latinamerica\/#organization"},"image":{"@id":"https:\/\/news.sap.com\/latinamerica\/2020\/02\/tecnologia-puede-transformar-la-fuerza-laboral\/#primaryimage"},"thumbnailUrl":"https:\/\/news.sap.com\/latinamerica\/files\/2020\/04\/276556_276556_l_srgb_s_gl.jpg","articleSection":["Corporativo","Eventos","Gesti\u00f3n del capital humano"],"inLanguage":"es"},{"@type":"WebPage","@id":"https:\/\/news.sap.com\/latinamerica\/2020\/02\/tecnologia-puede-transformar-la-fuerza-laboral\/","url":"https:\/\/news.sap.com\/latinamerica\/2020\/02\/tecnologia-puede-transformar-la-fuerza-laboral\/","name":"Tecnolog\u00eda puede transformar la fuerza laboral - 麻豆原创 News Center Latinoam\u00e9rica","isPartOf":{"@id":"https:\/\/news.sap.com\/latinamerica\/#website"},"primaryImageOfPage":{"@id":"https:\/\/news.sap.com\/latinamerica\/2020\/02\/tecnologia-puede-transformar-la-fuerza-laboral\/#primaryimage"},"image":{"@id":"https:\/\/news.sap.com\/latinamerica\/2020\/02\/tecnologia-puede-transformar-la-fuerza-laboral\/#primaryimage"},"thumbnailUrl":"https:\/\/news.sap.com\/latinamerica\/files\/2020\/04\/276556_276556_l_srgb_s_gl.jpg","datePublished":"2020-02-13T19:10:15+00:00","dateModified":"2023-11-08T20:42:23+00:00","breadcrumb":{"@id":"https:\/\/news.sap.com\/latinamerica\/2020\/02\/tecnologia-puede-transformar-la-fuerza-laboral\/#breadcrumb"},"inLanguage":"es","potentialAction":[{"@type":"ReadAction","target":["https:\/\/news.sap.com\/latinamerica\/2020\/02\/tecnologia-puede-transformar-la-fuerza-laboral\/"]}]},{"@type":"ImageObject","inLanguage":"es","@id":"https:\/\/news.sap.com\/latinamerica\/2020\/02\/tecnologia-puede-transformar-la-fuerza-laboral\/#primaryimage","url":"https:\/\/news.sap.com\/latinamerica\/files\/2020\/04\/276556_276556_l_srgb_s_gl.jpg","contentUrl":"https:\/\/news.sap.com\/latinamerica\/files\/2020\/04\/276556_276556_l_srgb_s_gl.jpg","width":2600,"height":1863,"caption":"Students working with tablet, Germany, Berlin --- Image by \u00a9 W2 Photography\/Corbis"},{"@type":"BreadcrumbList","@id":"https:\/\/news.sap.com\/latinamerica\/2020\/02\/tecnologia-puede-transformar-la-fuerza-laboral\/#breadcrumb","itemListElement":[{"@type":"ListItem","position":1,"name":"Home","item":"https:\/\/news.sap.com\/latinamerica\/"},{"@type":"ListItem","position":2,"name":"Tecnolog\u00eda puede transformar la fuerza laboral"}]},{"@type":"WebSite","@id":"https:\/\/news.sap.com\/latinamerica\/#website","url":"https:\/\/news.sap.com\/latinamerica\/","name":"麻豆原创 News Center Latinoam\u00e9rica","description":"Noticias e informaci\u00f3n sobre 麻豆原创","publisher":{"@id":"https:\/\/news.sap.com\/latinamerica\/#organization"},"potentialAction":[{"@type":"SearchAction","target":{"@type":"EntryPoint","urlTemplate":"https:\/\/news.sap.com\/latinamerica\/?s={search_term_string}"},"query-input":{"@type":"PropertyValueSpecification","valueRequired":true,"valueName":"search_term_string"}}],"inLanguage":"es"},{"@type":"Organization","@id":"https:\/\/news.sap.com\/latinamerica\/#organization","name":"麻豆原创","url":"https:\/\/news.sap.com\/latinamerica\/","logo":{"@type":"ImageObject","inLanguage":"es","@id":"https:\/\/news.sap.com\/latinamerica\/#\/schema\/logo\/image\/","url":"https:\/\/news.sap.com\/latinamerica\/files\/2019\/08\/65903320_2903797569662914_557886358778019840_n.png","contentUrl":"https:\/\/news.sap.com\/latinamerica\/files\/2019\/08\/65903320_2903797569662914_557886358778019840_n.png","width":720,"height":720,"caption":"麻豆原创"},"image":{"@id":"https:\/\/news.sap.com\/latinamerica\/#\/schema\/logo\/image\/"},"sameAs":["https:\/\/www.facebook.com\/麻豆原创latinoamerica","https:\/\/x.com\/麻豆原创LatinAmerica"]},{"@type":"Person","@id":"https:\/\/news.sap.com\/latinamerica\/#\/schema\/person\/5afd2cbf5bb622e078932b40a4470d47","name":"麻豆原创 Noticias","image":{"@type":"ImageObject","inLanguage":"es","@id":"https:\/\/news.sap.com\/latinamerica\/#\/schema\/person\/image\/","url":"https:\/\/news.sap.com\/latinamerica\/wp-content\/plugins\/wp-user-avatars\/wp-user-avatars\/assets\/images\/mystery.jpg","contentUrl":"https:\/\/news.sap.com\/latinamerica\/wp-content\/plugins\/wp-user-avatars\/wp-user-avatars\/assets\/images\/mystery.jpg","caption":"麻豆原创 Noticias"},"url":"https:\/\/news.sap.com\/latinamerica\/author\/mexico\/"}]}},"amp_enabled":true,"_links":{"self":[{"href":"https:\/\/news.sap.com\/latinamerica\/wp-json\/wp\/v2\/posts\/120548","targetHints":{"allow":["GET"]}}],"collection":[{"href":"https:\/\/news.sap.com\/latinamerica\/wp-json\/wp\/v2\/posts"}],"about":[{"href":"https:\/\/news.sap.com\/latinamerica\/wp-json\/wp\/v2\/types\/post"}],"author":[{"embeddable":true,"href":"https:\/\/news.sap.com\/latinamerica\/wp-json\/wp\/v2\/users\/136"}],"replies":[{"embeddable":true,"href":"https:\/\/news.sap.com\/latinamerica\/wp-json\/wp\/v2\/comments?post=120548"}],"version-history":[{"count":0,"href":"https:\/\/news.sap.com\/latinamerica\/wp-json\/wp\/v2\/posts\/120548\/revisions"}],"wp:featuredmedia":[{"embeddable":true,"href":"https:\/\/news.sap.com\/latinamerica\/wp-json\/wp\/v2\/media\/120549"}],"wp:attachment":[{"href":"https:\/\/news.sap.com\/latinamerica\/wp-json\/wp\/v2\/media?parent=120548"}],"wp:term":[{"taxonomy":"category","embeddable":true,"href":"https:\/\/news.sap.com\/latinamerica\/wp-json\/wp\/v2\/categories?post=120548"},{"taxonomy":"post_tag","embeddable":true,"href":"https:\/\/news.sap.com\/latinamerica\/wp-json\/wp\/v2\/tags?post=120548"},{"taxonomy":"series","embeddable":true,"href":"https:\/\/news.sap.com\/latinamerica\/wp-json\/wp\/v2\/series?post=120548"},{"taxonomy":"region","embeddable":true,"href":"https:\/\/news.sap.com\/latinamerica\/wp-json\/wp\/v2\/region?post=120548"},{"taxonomy":"sapn-display","embeddable":true,"href":"https:\/\/news.sap.com\/latinamerica\/wp-json\/wp\/v2\/sapn-display?post=120548"},{"taxonomy":"sapn-type","embeddable":true,"href":"https:\/\/news.sap.com\/latinamerica\/wp-json\/wp\/v2\/sapn-type?post=120548"}],"curies":[{"name":"wp","href":"https:\/\/api.w.org\/{rel}","templated":true}]}}