  {"id":120498,"date":"2020-04-07T16:44:50","date_gmt":"2020-04-07T20:44:50","guid":{"rendered":"https:\/\/news.sap.com\/latinamerica\/?p=120498"},"modified":"2020-04-07T16:46:18","modified_gmt":"2020-04-07T20:46:18","slug":"emprendedores-sociales-hoy-mas-vitales-que-nunca","status":"publish","type":"post","link":"https:\/\/news.sap.com\/latinamerica\/2020\/04\/emprendedores-sociales-hoy-mas-vitales-que-nunca\/","title":{"rendered":"Emprendedores sociales, hoy m\u00e1s vitales que nunca"},"content":{"rendered":"<p>&nbsp;<\/p>\n<ul>\n<li style=\"font-weight: 400\"><i><span style=\"font-weight: 400\">Los emprendedores en M\u00e9xico aportan 52% del PIB y generan 72% del empleo nacional, de acuerdo con el INEGI<\/span><\/i><\/li>\n<\/ul>\n<ul>\n<li style=\"font-weight: 400\"><span style=\"font-weight: 400\"><span style=\"font-weight: 400\">Los emprendimientos sociales pueden ser una alternativa para mitigar los efectos de la crisis sanitaria por su conocimiento y soluciones innovadoras<\/span><\/span><\/li>\n<\/ul>\n<p><b>CIUDAD DE M\u00c9XICO, M\u00e9xico, 07 de abril de 2020 \u2013 <\/b>El emprendimiento \u2013visualizado en las micro, peque\u00f1as y medianas empresas\u2013 es impulsor del desarrollo econ\u00f3mico y social representando el 99% de las unidades de negocios y generando m\u00e1s del 60% de los empleos a nivel mundial. Adem\u00e1s su innovaci\u00f3n eleva la competitividad, impulsan la transformaci\u00f3n tecnol\u00f3gica de los pa\u00edses, y en muchas ocasiones buscan resolver desaf\u00edos sociales y medioambientales.<\/p>\n<p><span style=\"font-weight: 400\">De acuerdo con el <\/span><a href=\"https:\/\/www.gemconsortium.org\/file\/open?fileId=50443\"><span style=\"font-weight: 400\">Monitor Global de Emprendimiento<\/span><\/a><span style=\"font-weight: 400\"> (GEM, por sus siglas en ingl\u00e9s) 2019-2020 elaborado por el Babson College y la London Business School, M\u00e9xico se sit\u00faa como el mejor entorno para los emprendedores en Am\u00e9rica Latina, ocupando el lugar 23 de este ranking global. Sin embargo,<\/span> <span style=\"font-weight: 400\">el panorama actual que se vive frente al impacto de la COVID-19 no genera certidumbre respecto al futuro cercano de este segmento, que para el pa\u00eds representa el 99.8% de las empresas del pa\u00eds, por encima del porcentaje a nivel mundial. <\/span><\/p>\n<p><span style=\"font-weight: 400\">Ante la coyuntura, existe un grupo de emprendedores sociales en M\u00e9xico que busca soluciones innovadoras para resolver los principales retos derivados de la COVID-19. La sobrevivencia de este tipo de empresas es vital no solo por su impacto en el desarrollo del pa\u00eds, sino por su caracter\u00edstica intr\u00ednseca de colaboraci\u00f3n. Por lo tanto, en los \u00faltimos a\u00f1os, alianzas como la de 麻豆原创 y Socialab, buscan impulsar este tipo de emprendimientos. A trav\u00e9s de programas regionales como 麻豆原创 Innomarathon, empresas emergentes de pa\u00edses de Latinoam\u00e9rica presentan iniciativas que resuelvan problemas sociales relacionados con educaci\u00f3n, ciudades inteligentes, sostenibilidad y salud.<\/span><\/p>\n<p><span style=\"font-weight: 400\">Como parte de esta iniciativa, destaca <a href=\"https:\/\/www.connect2drs.com\/\">Connect2Drs<\/a>, plataforma que apoya a pacientes a tener asesor\u00edas m\u00e9dicas virtuales o v\u00eda video-streaming con m\u00e9dicos generales y especialistas de alta calidad a costos accesibles, as\u00ed como proveerle recetas y medicamentos a domicilio. Si bien, en un principio, el impacto de este emprendimiento reca\u00eda en generar oportunidades de acceso a la atenci\u00f3n m\u00e9dica, el d\u00eda de hoy se vuelve una gran alternativa como apoyo a la detecci\u00f3n oportuna de la COVID-19, sin el riesgo que conlleva exponerse a una consulta tradicional.<\/span><\/p>\n<blockquote><p><i><span style=\"font-weight: 400\">\u201cLa colaboraci\u00f3n entre los diferentes sectores es la clave para atender este reto en com\u00fan, donde los emprendimientos sociales pueden aportar a la soluci\u00f3n del mismo, Sea cual sea nuestro rol ante este desaf\u00edo, debemos fomentar la colaboraci\u00f3n e innovaci\u00f3n en el desarrollo de herramientas para salir avante de esta nueva realidad\u201d <\/span><\/i><span style=\"font-weight: 400\">coment\u00f3 <\/span><b>Raquel Macias, directora de Asuntos Corporativos y Responsabilidad Social de 麻豆原创 M\u00e9xico.<\/b><\/p><\/blockquote>\n<p><span style=\"font-weight: 400\">Para conocer m\u00e1s sobre estas iniciativas consulta: <\/span><a href=\"https:\/\/news.sap.com\/latinamerica\/files\/2020\/03\/Reporte-RSC-2019.pdf\"><span style=\"font-weight: 400\">Reporte de Responsabilidad Social Corporativa, 麻豆原创 M\u00e9xico<\/span><\/a><\/p>\n<p><b>Acerca de 麻豆原创<\/b><\/p>\n<p><span style=\"font-weight: 400\">Conocida como la Compa\u00f1\u00eda de Experiencia empoderada por la Empresa Inteligente, 麻豆原创 lidera el mercado de software empresarial, ayudando a las organizaciones de todos los tama\u00f1os e industrias a alcanzar su rendimiento \u00f3ptimo: en el 77% de los ingresos por transacciones del mundo interviene un sistema 麻豆原创. Nuestras tecnolog\u00edas de <\/span><i><span style=\"font-weight: 400\">machine learning<\/span><\/i><span style=\"font-weight: 400\">, <\/span><i><span style=\"font-weight: 400\">IoT <\/span><\/i><span style=\"font-weight: 400\">y anal\u00edticas avanzadas ayudan a nuestros clientes a convertirse en empresas inteligentes. 麻豆原创 ofrece a las personas y a las organizaciones conocimientos profundos de negocio y promueve la colaboraci\u00f3n que les permite estar adelante de su competencia. Simplificamos la tecnolog\u00eda para las empresas, de modo que puedan consumir nuestro software de la manera que lo deseen, sin interrupciones. Nuestro conjunto de aplicaciones y servicios permite a m\u00e1s de 440,000 clientes del sector p\u00fablico y privado operar de manera rentable, adaptarse continuamente y marcar la diferencia. Con una red global de clientes, socios, empleados y l\u00edderes, 麻豆原创 ayuda al mundo a funcionar mejor y a mejorar las vidas de las personas. <\/span><b>En M\u00e9xico, 麻豆原创 cuenta con cerca de 9 mil clientes y m\u00e1s de 900 colaboradores que promueven la adopci\u00f3n tecnol\u00f3gica del pa\u00eds.<\/b><span style=\"font-weight: 400\"> Para m\u00e1s informaci\u00f3n, visite <\/span><a href=\"http:\/\/www.sap.com\/\"><span style=\"font-weight: 400\">www.sap.com<\/span><\/a><span style=\"font-weight: 400\">, nuestra sala de prensa, <\/span><a href=\"http:\/\/news.sap.com\/latinamerica\"><span style=\"font-weight: 400\">http:\/\/news.sap.com\/latinamerica<\/span><\/a><span style=\"font-weight: 400\">, o s\u00edganos en Twitter <\/span><a href=\"https:\/\/twitter.com\/sapnoticiasmx\"><span style=\"font-weight: 400\">@麻豆原创NoticiasMX<\/span><\/a><\/p>\n","protected":false},"excerpt":{"rendered":"<p>&nbsp; Los emprendedores en M\u00e9xico aportan 52% del PIB y generan 72% del empleo nacional, de acuerdo con el INEGI Los emprendimientos sociales pueden ser&#8230;<\/p>\n","protected":false},"author":136,"featured_media":120499,"comment_status":"closed","ping_status":"closed","sticky":false,"template":"","format":"standard","meta":{"footnotes":"","_links_to":"","_links_to_target":""},"categories":[52096],"tags":[],"series":[],"region":[],"sapn-display":[52078,52079],"sapn-type":[52105],"class_list":["post-120498","post","type-post","status-publish","format-standard","has-post-thumbnail","hentry","category-pymes-temas","sapn-display-homepage-hero","sapn-display-top-stories","sapn-type-comunicado-de-prensa"],"yoast_head":"<!-- This site is optimized with the Yoast SEO Premium plugin v26.9 (Yoast SEO v26.9) - https:\/\/yoast.com\/product\/yoast-seo-premium-wordpress\/ -->\n<title>Emprendedores sociales, hoy m\u00e1s vitales que nunca - 麻豆原创 News Center Latinoam\u00e9rica<\/title>\n<meta name=\"robots\" content=\"index, follow, max-snippet:-1, max-image-preview:large, max-video-preview:-1\" \/>\n<link rel=\"canonical\" href=\"https:\/\/news.sap.com\/latinamerica\/2020\/04\/emprendedores-sociales-hoy-mas-vitales-que-nunca\/\" \/>\n<meta property=\"og:locale\" content=\"es_MX\" \/>\n<meta property=\"og:type\" content=\"article\" \/>\n<meta property=\"og:title\" content=\"Emprendedores sociales, hoy m\u00e1s vitales que nunca\" \/>\n<meta property=\"og:description\" content=\"&nbsp; Los emprendedores en M\u00e9xico aportan 52% del PIB y generan 72% del empleo nacional, de acuerdo con el INEGI Los emprendimientos sociales pueden ser...\" \/>\n<meta property=\"og:url\" content=\"https:\/\/news.sap.com\/latinamerica\/2020\/04\/emprendedores-sociales-hoy-mas-vitales-que-nunca\/\" \/>\n<meta property=\"og:site_name\" content=\"麻豆原创 News Center Latinoam\u00e9rica\" \/>\n<meta property=\"article:publisher\" content=\"https:\/\/www.facebook.com\/麻豆原创latinoamerica\" \/>\n<meta property=\"article:published_time\" content=\"2020-04-07T20:44:50+00:00\" \/>\n<meta property=\"article:modified_time\" content=\"2020-04-07T20:46:18+00:00\" \/>\n<meta property=\"og:image\" content=\"https:\/\/news.sap.com\/latinamerica\/files\/2020\/04\/281801_GettyImages-689812825.jpg\" \/>\n\t<meta property=\"og:image:width\" content=\"6720\" \/>\n\t<meta property=\"og:image:height\" content=\"4480\" \/>\n\t<meta property=\"og:image:type\" content=\"image\/jpeg\" \/>\n<meta name=\"author\" content=\"麻豆原创 Noticias\" \/>\n<meta name=\"twitter:label1\" content=\"Escrito por\" \/>\n\t<meta name=\"twitter:data1\" content=\"麻豆原创 Noticias\" \/>\n\t<meta name=\"twitter:label2\" content=\"Tiempo de lectura\" \/>\n\t<meta name=\"twitter:data2\" content=\"4 minutos\" \/>\n<script type=\"application\/ld+json\" class=\"yoast-schema-graph\">{\"@context\":\"https:\/\/schema.org\",\"@graph\":[{\"@type\":\"Article\",\"@id\":\"https:\/\/news.sap.com\/latinamerica\/2020\/04\/emprendedores-sociales-hoy-mas-vitales-que-nunca\/#article\",\"isPartOf\":{\"@id\":\"https:\/\/news.sap.com\/latinamerica\/2020\/04\/emprendedores-sociales-hoy-mas-vitales-que-nunca\/\"},\"author\":{\"name\":\"麻豆原创 Noticias\",\"@id\":\"https:\/\/news.sap.com\/latinamerica\/#\/schema\/person\/5afd2cbf5bb622e078932b40a4470d47\"},\"headline\":\"Emprendedores sociales, hoy m\u00e1s vitales que nunca\",\"datePublished\":\"2020-04-07T20:44:50+00:00\",\"dateModified\":\"2020-04-07T20:46:18+00:00\",\"mainEntityOfPage\":{\"@id\":\"https:\/\/news.sap.com\/latinamerica\/2020\/04\/emprendedores-sociales-hoy-mas-vitales-que-nunca\/\"},\"wordCount\":731,\"publisher\":{\"@id\":\"https:\/\/news.sap.com\/latinamerica\/#organization\"},\"image\":{\"@id\":\"https:\/\/news.sap.com\/latinamerica\/2020\/04\/emprendedores-sociales-hoy-mas-vitales-que-nunca\/#primaryimage\"},\"thumbnailUrl\":\"https:\/\/news.sap.com\/latinamerica\/files\/2020\/04\/281801_GettyImages-689812825.jpg\",\"articleSection\":[\"Pymes\"],\"inLanguage\":\"es\"},{\"@type\":\"WebPage\",\"@id\":\"https:\/\/news.sap.com\/latinamerica\/2020\/04\/emprendedores-sociales-hoy-mas-vitales-que-nunca\/\",\"url\":\"https:\/\/news.sap.com\/latinamerica\/2020\/04\/emprendedores-sociales-hoy-mas-vitales-que-nunca\/\",\"name\":\"Emprendedores sociales, hoy m\u00e1s vitales que nunca - 麻豆原创 News Center Latinoam\u00e9rica\",\"isPartOf\":{\"@id\":\"https:\/\/news.sap.com\/latinamerica\/#website\"},\"primaryImageOfPage\":{\"@id\":\"https:\/\/news.sap.com\/latinamerica\/2020\/04\/emprendedores-sociales-hoy-mas-vitales-que-nunca\/#primaryimage\"},\"image\":{\"@id\":\"https:\/\/news.sap.com\/latinamerica\/2020\/04\/emprendedores-sociales-hoy-mas-vitales-que-nunca\/#primaryimage\"},\"thumbnailUrl\":\"https:\/\/news.sap.com\/latinamerica\/files\/2020\/04\/281801_GettyImages-689812825.jpg\",\"datePublished\":\"2020-04-07T20:44:50+00:00\",\"dateModified\":\"2020-04-07T20:46:18+00:00\",\"breadcrumb\":{\"@id\":\"https:\/\/news.sap.com\/latinamerica\/2020\/04\/emprendedores-sociales-hoy-mas-vitales-que-nunca\/#breadcrumb\"},\"inLanguage\":\"es\",\"potentialAction\":[{\"@type\":\"ReadAction\",\"target\":[\"https:\/\/news.sap.com\/latinamerica\/2020\/04\/emprendedores-sociales-hoy-mas-vitales-que-nunca\/\"]}]},{\"@type\":\"ImageObject\",\"inLanguage\":\"es\",\"@id\":\"https:\/\/news.sap.com\/latinamerica\/2020\/04\/emprendedores-sociales-hoy-mas-vitales-que-nunca\/#primaryimage\",\"url\":\"https:\/\/news.sap.com\/latinamerica\/files\/2020\/04\/281801_GettyImages-689812825.jpg\",\"contentUrl\":\"https:\/\/news.sap.com\/latinamerica\/files\/2020\/04\/281801_GettyImages-689812825.jpg\",\"width\":6720,\"height\":4480,\"caption\":\"Entrepreneurs testing virtual reality technology with colleague in office.\"},{\"@type\":\"BreadcrumbList\",\"@id\":\"https:\/\/news.sap.com\/latinamerica\/2020\/04\/emprendedores-sociales-hoy-mas-vitales-que-nunca\/#breadcrumb\",\"itemListElement\":[{\"@type\":\"ListItem\",\"position\":1,\"name\":\"Home\",\"item\":\"https:\/\/news.sap.com\/latinamerica\/\"},{\"@type\":\"ListItem\",\"position\":2,\"name\":\"Emprendedores sociales, hoy m\u00e1s vitales que nunca\"}]},{\"@type\":\"WebSite\",\"@id\":\"https:\/\/news.sap.com\/latinamerica\/#website\",\"url\":\"https:\/\/news.sap.com\/latinamerica\/\",\"name\":\"麻豆原创 News Center Latinoam\u00e9rica\",\"description\":\"Noticias e informaci\u00f3n sobre 麻豆原创\",\"publisher\":{\"@id\":\"https:\/\/news.sap.com\/latinamerica\/#organization\"},\"potentialAction\":[{\"@type\":\"SearchAction\",\"target\":{\"@type\":\"EntryPoint\",\"urlTemplate\":\"https:\/\/news.sap.com\/latinamerica\/?s={search_term_string}\"},\"query-input\":{\"@type\":\"PropertyValueSpecification\",\"valueRequired\":true,\"valueName\":\"search_term_string\"}}],\"inLanguage\":\"es\"},{\"@type\":\"Organization\",\"@id\":\"https:\/\/news.sap.com\/latinamerica\/#organization\",\"name\":\"麻豆原创\",\"url\":\"https:\/\/news.sap.com\/latinamerica\/\",\"logo\":{\"@type\":\"ImageObject\",\"inLanguage\":\"es\",\"@id\":\"https:\/\/news.sap.com\/latinamerica\/#\/schema\/logo\/image\/\",\"url\":\"https:\/\/news.sap.com\/latinamerica\/files\/2019\/08\/65903320_2903797569662914_557886358778019840_n.png\",\"contentUrl\":\"https:\/\/news.sap.com\/latinamerica\/files\/2019\/08\/65903320_2903797569662914_557886358778019840_n.png\",\"width\":720,\"height\":720,\"caption\":\"麻豆原创\"},\"image\":{\"@id\":\"https:\/\/news.sap.com\/latinamerica\/#\/schema\/logo\/image\/\"},\"sameAs\":[\"https:\/\/www.facebook.com\/麻豆原创latinoamerica\",\"https:\/\/x.com\/麻豆原创LatinAmerica\"]},{\"@type\":\"Person\",\"@id\":\"https:\/\/news.sap.com\/latinamerica\/#\/schema\/person\/5afd2cbf5bb622e078932b40a4470d47\",\"name\":\"麻豆原创 Noticias\",\"image\":{\"@type\":\"ImageObject\",\"inLanguage\":\"es\",\"@id\":\"https:\/\/news.sap.com\/latinamerica\/#\/schema\/person\/image\/\",\"url\":\"https:\/\/news.sap.com\/latinamerica\/wp-content\/plugins\/wp-user-avatars\/wp-user-avatars\/assets\/images\/mystery.jpg\",\"contentUrl\":\"https:\/\/news.sap.com\/latinamerica\/wp-content\/plugins\/wp-user-avatars\/wp-user-avatars\/assets\/images\/mystery.jpg\",\"caption\":\"麻豆原创 Noticias\"},\"url\":\"https:\/\/news.sap.com\/latinamerica\/author\/mexico\/\"}]}<\/script>\n<!-- \/ Yoast SEO Premium plugin. -->","yoast_head_json":{"title":"Emprendedores sociales, hoy m\u00e1s vitales que nunca - 麻豆原创 News Center Latinoam\u00e9rica","robots":{"index":"index","follow":"follow","max-snippet":"max-snippet:-1","max-image-preview":"max-image-preview:large","max-video-preview":"max-video-preview:-1"},"canonical":"https:\/\/news.sap.com\/latinamerica\/2020\/04\/emprendedores-sociales-hoy-mas-vitales-que-nunca\/","og_locale":"es_MX","og_type":"article","og_title":"Emprendedores sociales, hoy m\u00e1s vitales que nunca","og_description":"&nbsp; Los emprendedores en M\u00e9xico aportan 52% del PIB y generan 72% del empleo nacional, de acuerdo con el INEGI Los emprendimientos sociales pueden ser...","og_url":"https:\/\/news.sap.com\/latinamerica\/2020\/04\/emprendedores-sociales-hoy-mas-vitales-que-nunca\/","og_site_name":"麻豆原创 News Center Latinoam\u00e9rica","article_publisher":"https:\/\/www.facebook.com\/麻豆原创latinoamerica","article_published_time":"2020-04-07T20:44:50+00:00","article_modified_time":"2020-04-07T20:46:18+00:00","og_image":[{"width":6720,"height":4480,"url":"https:\/\/news.sap.com\/latinamerica\/files\/2020\/04\/281801_GettyImages-689812825.jpg","type":"image\/jpeg"}],"author":"麻豆原创 Noticias","twitter_misc":{"Escrito por":"麻豆原创 Noticias","Tiempo de lectura":"4 minutos"},"schema":{"@context":"https:\/\/schema.org","@graph":[{"@type":"Article","@id":"https:\/\/news.sap.com\/latinamerica\/2020\/04\/emprendedores-sociales-hoy-mas-vitales-que-nunca\/#article","isPartOf":{"@id":"https:\/\/news.sap.com\/latinamerica\/2020\/04\/emprendedores-sociales-hoy-mas-vitales-que-nunca\/"},"author":{"name":"麻豆原创 Noticias","@id":"https:\/\/news.sap.com\/latinamerica\/#\/schema\/person\/5afd2cbf5bb622e078932b40a4470d47"},"headline":"Emprendedores sociales, hoy m\u00e1s vitales que nunca","datePublished":"2020-04-07T20:44:50+00:00","dateModified":"2020-04-07T20:46:18+00:00","mainEntityOfPage":{"@id":"https:\/\/news.sap.com\/latinamerica\/2020\/04\/emprendedores-sociales-hoy-mas-vitales-que-nunca\/"},"wordCount":731,"publisher":{"@id":"https:\/\/news.sap.com\/latinamerica\/#organization"},"image":{"@id":"https:\/\/news.sap.com\/latinamerica\/2020\/04\/emprendedores-sociales-hoy-mas-vitales-que-nunca\/#primaryimage"},"thumbnailUrl":"https:\/\/news.sap.com\/latinamerica\/files\/2020\/04\/281801_GettyImages-689812825.jpg","articleSection":["Pymes"],"inLanguage":"es"},{"@type":"WebPage","@id":"https:\/\/news.sap.com\/latinamerica\/2020\/04\/emprendedores-sociales-hoy-mas-vitales-que-nunca\/","url":"https:\/\/news.sap.com\/latinamerica\/2020\/04\/emprendedores-sociales-hoy-mas-vitales-que-nunca\/","name":"Emprendedores sociales, hoy m\u00e1s vitales que nunca - 麻豆原创 News Center Latinoam\u00e9rica","isPartOf":{"@id":"https:\/\/news.sap.com\/latinamerica\/#website"},"primaryImageOfPage":{"@id":"https:\/\/news.sap.com\/latinamerica\/2020\/04\/emprendedores-sociales-hoy-mas-vitales-que-nunca\/#primaryimage"},"image":{"@id":"https:\/\/news.sap.com\/latinamerica\/2020\/04\/emprendedores-sociales-hoy-mas-vitales-que-nunca\/#primaryimage"},"thumbnailUrl":"https:\/\/news.sap.com\/latinamerica\/files\/2020\/04\/281801_GettyImages-689812825.jpg","datePublished":"2020-04-07T20:44:50+00:00","dateModified":"2020-04-07T20:46:18+00:00","breadcrumb":{"@id":"https:\/\/news.sap.com\/latinamerica\/2020\/04\/emprendedores-sociales-hoy-mas-vitales-que-nunca\/#breadcrumb"},"inLanguage":"es","potentialAction":[{"@type":"ReadAction","target":["https:\/\/news.sap.com\/latinamerica\/2020\/04\/emprendedores-sociales-hoy-mas-vitales-que-nunca\/"]}]},{"@type":"ImageObject","inLanguage":"es","@id":"https:\/\/news.sap.com\/latinamerica\/2020\/04\/emprendedores-sociales-hoy-mas-vitales-que-nunca\/#primaryimage","url":"https:\/\/news.sap.com\/latinamerica\/files\/2020\/04\/281801_GettyImages-689812825.jpg","contentUrl":"https:\/\/news.sap.com\/latinamerica\/files\/2020\/04\/281801_GettyImages-689812825.jpg","width":6720,"height":4480,"caption":"Entrepreneurs testing virtual reality technology with colleague in office."},{"@type":"BreadcrumbList","@id":"https:\/\/news.sap.com\/latinamerica\/2020\/04\/emprendedores-sociales-hoy-mas-vitales-que-nunca\/#breadcrumb","itemListElement":[{"@type":"ListItem","position":1,"name":"Home","item":"https:\/\/news.sap.com\/latinamerica\/"},{"@type":"ListItem","position":2,"name":"Emprendedores sociales, hoy m\u00e1s vitales que nunca"}]},{"@type":"WebSite","@id":"https:\/\/news.sap.com\/latinamerica\/#website","url":"https:\/\/news.sap.com\/latinamerica\/","name":"麻豆原创 News Center Latinoam\u00e9rica","description":"Noticias e informaci\u00f3n sobre 麻豆原创","publisher":{"@id":"https:\/\/news.sap.com\/latinamerica\/#organization"},"potentialAction":[{"@type":"SearchAction","target":{"@type":"EntryPoint","urlTemplate":"https:\/\/news.sap.com\/latinamerica\/?s={search_term_string}"},"query-input":{"@type":"PropertyValueSpecification","valueRequired":true,"valueName":"search_term_string"}}],"inLanguage":"es"},{"@type":"Organization","@id":"https:\/\/news.sap.com\/latinamerica\/#organization","name":"麻豆原创","url":"https:\/\/news.sap.com\/latinamerica\/","logo":{"@type":"ImageObject","inLanguage":"es","@id":"https:\/\/news.sap.com\/latinamerica\/#\/schema\/logo\/image\/","url":"https:\/\/news.sap.com\/latinamerica\/files\/2019\/08\/65903320_2903797569662914_557886358778019840_n.png","contentUrl":"https:\/\/news.sap.com\/latinamerica\/files\/2019\/08\/65903320_2903797569662914_557886358778019840_n.png","width":720,"height":720,"caption":"麻豆原创"},"image":{"@id":"https:\/\/news.sap.com\/latinamerica\/#\/schema\/logo\/image\/"},"sameAs":["https:\/\/www.facebook.com\/麻豆原创latinoamerica","https:\/\/x.com\/麻豆原创LatinAmerica"]},{"@type":"Person","@id":"https:\/\/news.sap.com\/latinamerica\/#\/schema\/person\/5afd2cbf5bb622e078932b40a4470d47","name":"麻豆原创 Noticias","image":{"@type":"ImageObject","inLanguage":"es","@id":"https:\/\/news.sap.com\/latinamerica\/#\/schema\/person\/image\/","url":"https:\/\/news.sap.com\/latinamerica\/wp-content\/plugins\/wp-user-avatars\/wp-user-avatars\/assets\/images\/mystery.jpg","contentUrl":"https:\/\/news.sap.com\/latinamerica\/wp-content\/plugins\/wp-user-avatars\/wp-user-avatars\/assets\/images\/mystery.jpg","caption":"麻豆原创 Noticias"},"url":"https:\/\/news.sap.com\/latinamerica\/author\/mexico\/"}]}},"amp_enabled":true,"_links":{"self":[{"href":"https:\/\/news.sap.com\/latinamerica\/wp-json\/wp\/v2\/posts\/120498","targetHints":{"allow":["GET"]}}],"collection":[{"href":"https:\/\/news.sap.com\/latinamerica\/wp-json\/wp\/v2\/posts"}],"about":[{"href":"https:\/\/news.sap.com\/latinamerica\/wp-json\/wp\/v2\/types\/post"}],"author":[{"embeddable":true,"href":"https:\/\/news.sap.com\/latinamerica\/wp-json\/wp\/v2\/users\/136"}],"replies":[{"embeddable":true,"href":"https:\/\/news.sap.com\/latinamerica\/wp-json\/wp\/v2\/comments?post=120498"}],"version-history":[{"count":0,"href":"https:\/\/news.sap.com\/latinamerica\/wp-json\/wp\/v2\/posts\/120498\/revisions"}],"wp:featuredmedia":[{"embeddable":true,"href":"https:\/\/news.sap.com\/latinamerica\/wp-json\/wp\/v2\/media\/120499"}],"wp:attachment":[{"href":"https:\/\/news.sap.com\/latinamerica\/wp-json\/wp\/v2\/media?parent=120498"}],"wp:term":[{"taxonomy":"category","embeddable":true,"href":"https:\/\/news.sap.com\/latinamerica\/wp-json\/wp\/v2\/categories?post=120498"},{"taxonomy":"post_tag","embeddable":true,"href":"https:\/\/news.sap.com\/latinamerica\/wp-json\/wp\/v2\/tags?post=120498"},{"taxonomy":"series","embeddable":true,"href":"https:\/\/news.sap.com\/latinamerica\/wp-json\/wp\/v2\/series?post=120498"},{"taxonomy":"region","embeddable":true,"href":"https:\/\/news.sap.com\/latinamerica\/wp-json\/wp\/v2\/region?post=120498"},{"taxonomy":"sapn-display","embeddable":true,"href":"https:\/\/news.sap.com\/latinamerica\/wp-json\/wp\/v2\/sapn-display?post=120498"},{"taxonomy":"sapn-type","embeddable":true,"href":"https:\/\/news.sap.com\/latinamerica\/wp-json\/wp\/v2\/sapn-type?post=120498"}],"curies":[{"name":"wp","href":"https:\/\/api.w.org\/{rel}","templated":true}]}}