  {"id":120458,"date":"2020-03-17T18:45:18","date_gmt":"2020-03-17T22:45:18","guid":{"rendered":"https:\/\/news.sap.com\/latinamerica\/?p=120458"},"modified":"2023-11-14T11:29:18","modified_gmt":"2023-11-14T16:29:18","slug":"la-nube-facilita-el-acceso-de-pymes-a-la-tecnologia-de-punta","status":"publish","type":"post","link":"https:\/\/news.sap.com\/latinamerica\/2020\/03\/la-nube-facilita-el-acceso-de-pymes-a-la-tecnologia-de-punta\/","title":{"rendered":"La nube facilita el acceso de pymes a la tecnolog\u00eda de punta"},"content":{"rendered":"<p><em>En entrevista a la Agencia 麻豆原创 NOW, ejecutivos de Seidor y de IDC coinciden que las barreras que exist\u00edan antes, como precios o la capacidad de adoptar los procesos de mejores pr\u00e1cticas por los clientes de manera predefinida, es algo que hoy se ve con 麻豆原创 que empieza a disminuir muy fuertemente por el uso de la tecnolog\u00eda cloud.<\/em><\/p>\n<p>Las nuevas tecnolog\u00edas de la informaci\u00f3n est\u00e1n habilitando y generando nuevos modelos de negocios. La ascensi\u00f3n de la nube puso fin a la idea de que plataformas tecnol\u00f3gicas eran solo para las grandes compa\u00f1\u00edas, se\u00f1alaron, en entrevista en video durante el 麻豆原创 NOW M\u00e9xico, Manuel Bravo Cardoza, vicepresidente comercial y de estrategia de Seidor, y Oscar Guzm\u00e1n, gerente de IDC Latinoam\u00e9rica.<\/p>\n<p>\u201cEs una oportunidad hist\u00f3rica en la cual las tecnolog\u00edas de tercer plataforma est\u00e1n acelerando la adopci\u00f3n digital, como la nube que permite una flexibilidad de costos que era una de las principales limitantes de adopci\u00f3n tecnol\u00f3gica y tambi\u00e9n tener un mejor y m\u00e1s claro entendimiento de lo que es la adopci\u00f3n y la transformaci\u00f3n digital\u201d, apunt\u00f3 Guzm\u00e1n, de IDC.<\/p>\n<p>Para Manuel Bravo Cardoza, las barreras que exist\u00edan antes, como puede ser el precio o la capacidad de adaptar los procesos de las mejores pr\u00e1cticas por los clientes de una manera predefinida, es algo que hoy con 麻豆原创 empieza a disminuir fuertemente. \u201cHoy una empresa peque\u00f1a puede competir con una grande si tiene la suficiente tecnolog\u00eda, y la tercer plataforma rompe los paradigmas que hab\u00edan antes, porque hace m\u00e1s simple la adopci\u00f3n y a costos m\u00e1s adecuados.\u201d Mira la entrevista completa <a href=\"https:\/\/youtu.be\/twMpJfD_tEo\">aqu\u00ed.<\/a><\/p>\n<p class=\"p1\"><span class=\"s1\">Conoce m\u00e1s en: <a href=\"http:\/\/agenciasapnow.com\/index.php\/2020\/02\/17\/la-nube-facilita-el-acceso-de-pymes-a-la-tecnologia-de-punta\/\"><span class=\"s2\">A<\/span><span class=\"s2\">gen<\/span><span class=\"s2\">cia de Noticias 麻豆原创 NOW<\/span><\/a><\/span><\/p>\n","protected":false},"excerpt":{"rendered":"<p>En entrevista a la Agencia 麻豆原创 NOW, ejecutivos de Seidor y de IDC coinciden que las barreras que exist\u00edan antes, como precios o la capacidad&#8230;<\/p>\n","protected":false},"author":136,"featured_media":0,"comment_status":"closed","ping_status":"closed","sticky":false,"template":"","format":"standard","meta":{"footnotes":"","_links_to":"","_links_to_target":""},"categories":[12872,52096],"tags":[],"series":[],"region":[],"sapn-display":[5600443,5600441,53499],"sapn-type":[52103],"class_list":["post-120458","post","type-post","status-publish","format-standard","hentry","category-eventos","category-pymes-temas","sapn-display-prensa-destacada","sapn-display-prensa-principal","sapn-display-hero","sapn-type-newsbyte-type"],"yoast_head":"<!-- This site is optimized with the Yoast SEO Premium plugin v26.9 (Yoast SEO v26.9) - https:\/\/yoast.com\/product\/yoast-seo-premium-wordpress\/ -->\n<title>La nube facilita el acceso de pymes a la tecnolog\u00eda de punta - 麻豆原创 News Center Latinoam\u00e9rica<\/title>\n<meta name=\"robots\" content=\"index, follow, max-snippet:-1, max-image-preview:large, max-video-preview:-1\" \/>\n<link rel=\"canonical\" href=\"https:\/\/news.sap.com\/latinamerica\/2020\/03\/la-nube-facilita-el-acceso-de-pymes-a-la-tecnologia-de-punta\/\" \/>\n<meta property=\"og:locale\" content=\"es_MX\" \/>\n<meta property=\"og:type\" content=\"article\" \/>\n<meta property=\"og:title\" content=\"La nube facilita el acceso de pymes a la tecnolog\u00eda de punta\" \/>\n<meta property=\"og:description\" content=\"En entrevista a la Agencia 麻豆原创 NOW, ejecutivos de Seidor y de IDC coinciden que las barreras que exist\u00edan antes, como precios o la capacidad...\" \/>\n<meta property=\"og:url\" content=\"https:\/\/news.sap.com\/latinamerica\/2020\/03\/la-nube-facilita-el-acceso-de-pymes-a-la-tecnologia-de-punta\/\" \/>\n<meta property=\"og:site_name\" content=\"麻豆原创 News Center Latinoam\u00e9rica\" \/>\n<meta property=\"article:publisher\" content=\"https:\/\/www.facebook.com\/麻豆原创latinoamerica\" \/>\n<meta property=\"article:published_time\" content=\"2020-03-17T22:45:18+00:00\" \/>\n<meta property=\"article:modified_time\" content=\"2023-11-14T16:29:18+00:00\" \/>\n<meta name=\"author\" content=\"麻豆原创 Noticias\" \/>\n<meta name=\"twitter:label1\" content=\"Escrito por\" \/>\n\t<meta name=\"twitter:data1\" content=\"麻豆原创 Noticias\" \/>\n\t<meta name=\"twitter:label2\" content=\"Tiempo de lectura\" \/>\n\t<meta name=\"twitter:data2\" content=\"2 minutos\" \/>\n<script type=\"application\/ld+json\" class=\"yoast-schema-graph\">{\"@context\":\"https:\/\/schema.org\",\"@graph\":[{\"@type\":\"Article\",\"@id\":\"https:\/\/news.sap.com\/latinamerica\/2020\/03\/la-nube-facilita-el-acceso-de-pymes-a-la-tecnologia-de-punta\/#article\",\"isPartOf\":{\"@id\":\"https:\/\/news.sap.com\/latinamerica\/2020\/03\/la-nube-facilita-el-acceso-de-pymes-a-la-tecnologia-de-punta\/\"},\"author\":{\"name\":\"麻豆原创 Noticias\",\"@id\":\"https:\/\/news.sap.com\/latinamerica\/#\/schema\/person\/5afd2cbf5bb622e078932b40a4470d47\"},\"headline\":\"La nube facilita el acceso de pymes a la tecnolog\u00eda de punta\",\"datePublished\":\"2020-03-17T22:45:18+00:00\",\"dateModified\":\"2023-11-14T16:29:18+00:00\",\"mainEntityOfPage\":{\"@id\":\"https:\/\/news.sap.com\/latinamerica\/2020\/03\/la-nube-facilita-el-acceso-de-pymes-a-la-tecnologia-de-punta\/\"},\"wordCount\":317,\"publisher\":{\"@id\":\"https:\/\/news.sap.com\/latinamerica\/#organization\"},\"articleSection\":[\"Eventos\",\"Pymes\"],\"inLanguage\":\"es\"},{\"@type\":\"WebPage\",\"@id\":\"https:\/\/news.sap.com\/latinamerica\/2020\/03\/la-nube-facilita-el-acceso-de-pymes-a-la-tecnologia-de-punta\/\",\"url\":\"https:\/\/news.sap.com\/latinamerica\/2020\/03\/la-nube-facilita-el-acceso-de-pymes-a-la-tecnologia-de-punta\/\",\"name\":\"La nube facilita el acceso de pymes a la tecnolog\u00eda de punta - 麻豆原创 News Center Latinoam\u00e9rica\",\"isPartOf\":{\"@id\":\"https:\/\/news.sap.com\/latinamerica\/#website\"},\"datePublished\":\"2020-03-17T22:45:18+00:00\",\"dateModified\":\"2023-11-14T16:29:18+00:00\",\"breadcrumb\":{\"@id\":\"https:\/\/news.sap.com\/latinamerica\/2020\/03\/la-nube-facilita-el-acceso-de-pymes-a-la-tecnologia-de-punta\/#breadcrumb\"},\"inLanguage\":\"es\",\"potentialAction\":[{\"@type\":\"ReadAction\",\"target\":[\"https:\/\/news.sap.com\/latinamerica\/2020\/03\/la-nube-facilita-el-acceso-de-pymes-a-la-tecnologia-de-punta\/\"]}]},{\"@type\":\"BreadcrumbList\",\"@id\":\"https:\/\/news.sap.com\/latinamerica\/2020\/03\/la-nube-facilita-el-acceso-de-pymes-a-la-tecnologia-de-punta\/#breadcrumb\",\"itemListElement\":[{\"@type\":\"ListItem\",\"position\":1,\"name\":\"Home\",\"item\":\"https:\/\/news.sap.com\/latinamerica\/\"},{\"@type\":\"ListItem\",\"position\":2,\"name\":\"La nube facilita el acceso de pymes a la tecnolog\u00eda de punta\"}]},{\"@type\":\"WebSite\",\"@id\":\"https:\/\/news.sap.com\/latinamerica\/#website\",\"url\":\"https:\/\/news.sap.com\/latinamerica\/\",\"name\":\"麻豆原创 News Center Latinoam\u00e9rica\",\"description\":\"Noticias e informaci\u00f3n sobre 麻豆原创\",\"publisher\":{\"@id\":\"https:\/\/news.sap.com\/latinamerica\/#organization\"},\"potentialAction\":[{\"@type\":\"SearchAction\",\"target\":{\"@type\":\"EntryPoint\",\"urlTemplate\":\"https:\/\/news.sap.com\/latinamerica\/?s={search_term_string}\"},\"query-input\":{\"@type\":\"PropertyValueSpecification\",\"valueRequired\":true,\"valueName\":\"search_term_string\"}}],\"inLanguage\":\"es\"},{\"@type\":\"Organization\",\"@id\":\"https:\/\/news.sap.com\/latinamerica\/#organization\",\"name\":\"麻豆原创\",\"url\":\"https:\/\/news.sap.com\/latinamerica\/\",\"logo\":{\"@type\":\"ImageObject\",\"inLanguage\":\"es\",\"@id\":\"https:\/\/news.sap.com\/latinamerica\/#\/schema\/logo\/image\/\",\"url\":\"https:\/\/news.sap.com\/latinamerica\/files\/2019\/08\/65903320_2903797569662914_557886358778019840_n.png\",\"contentUrl\":\"https:\/\/news.sap.com\/latinamerica\/files\/2019\/08\/65903320_2903797569662914_557886358778019840_n.png\",\"width\":720,\"height\":720,\"caption\":\"麻豆原创\"},\"image\":{\"@id\":\"https:\/\/news.sap.com\/latinamerica\/#\/schema\/logo\/image\/\"},\"sameAs\":[\"https:\/\/www.facebook.com\/麻豆原创latinoamerica\",\"https:\/\/x.com\/麻豆原创LatinAmerica\"]},{\"@type\":\"Person\",\"@id\":\"https:\/\/news.sap.com\/latinamerica\/#\/schema\/person\/5afd2cbf5bb622e078932b40a4470d47\",\"name\":\"麻豆原创 Noticias\",\"image\":{\"@type\":\"ImageObject\",\"inLanguage\":\"es\",\"@id\":\"https:\/\/news.sap.com\/latinamerica\/#\/schema\/person\/image\/\",\"url\":\"https:\/\/news.sap.com\/latinamerica\/wp-content\/plugins\/wp-user-avatars\/wp-user-avatars\/assets\/images\/mystery.jpg\",\"contentUrl\":\"https:\/\/news.sap.com\/latinamerica\/wp-content\/plugins\/wp-user-avatars\/wp-user-avatars\/assets\/images\/mystery.jpg\",\"caption\":\"麻豆原创 Noticias\"},\"url\":\"https:\/\/news.sap.com\/latinamerica\/author\/mexico\/\"}]}<\/script>\n<!-- \/ Yoast SEO Premium plugin. -->","yoast_head_json":{"title":"La nube facilita el acceso de pymes a la tecnolog\u00eda de punta - 麻豆原创 News Center Latinoam\u00e9rica","robots":{"index":"index","follow":"follow","max-snippet":"max-snippet:-1","max-image-preview":"max-image-preview:large","max-video-preview":"max-video-preview:-1"},"canonical":"https:\/\/news.sap.com\/latinamerica\/2020\/03\/la-nube-facilita-el-acceso-de-pymes-a-la-tecnologia-de-punta\/","og_locale":"es_MX","og_type":"article","og_title":"La nube facilita el acceso de pymes a la tecnolog\u00eda de punta","og_description":"En entrevista a la Agencia 麻豆原创 NOW, ejecutivos de Seidor y de IDC coinciden que las barreras que exist\u00edan antes, como precios o la capacidad...","og_url":"https:\/\/news.sap.com\/latinamerica\/2020\/03\/la-nube-facilita-el-acceso-de-pymes-a-la-tecnologia-de-punta\/","og_site_name":"麻豆原创 News Center Latinoam\u00e9rica","article_publisher":"https:\/\/www.facebook.com\/麻豆原创latinoamerica","article_published_time":"2020-03-17T22:45:18+00:00","article_modified_time":"2023-11-14T16:29:18+00:00","author":"麻豆原创 Noticias","twitter_misc":{"Escrito por":"麻豆原创 Noticias","Tiempo de lectura":"2 minutos"},"schema":{"@context":"https:\/\/schema.org","@graph":[{"@type":"Article","@id":"https:\/\/news.sap.com\/latinamerica\/2020\/03\/la-nube-facilita-el-acceso-de-pymes-a-la-tecnologia-de-punta\/#article","isPartOf":{"@id":"https:\/\/news.sap.com\/latinamerica\/2020\/03\/la-nube-facilita-el-acceso-de-pymes-a-la-tecnologia-de-punta\/"},"author":{"name":"麻豆原创 Noticias","@id":"https:\/\/news.sap.com\/latinamerica\/#\/schema\/person\/5afd2cbf5bb622e078932b40a4470d47"},"headline":"La nube facilita el acceso de pymes a la tecnolog\u00eda de punta","datePublished":"2020-03-17T22:45:18+00:00","dateModified":"2023-11-14T16:29:18+00:00","mainEntityOfPage":{"@id":"https:\/\/news.sap.com\/latinamerica\/2020\/03\/la-nube-facilita-el-acceso-de-pymes-a-la-tecnologia-de-punta\/"},"wordCount":317,"publisher":{"@id":"https:\/\/news.sap.com\/latinamerica\/#organization"},"articleSection":["Eventos","Pymes"],"inLanguage":"es"},{"@type":"WebPage","@id":"https:\/\/news.sap.com\/latinamerica\/2020\/03\/la-nube-facilita-el-acceso-de-pymes-a-la-tecnologia-de-punta\/","url":"https:\/\/news.sap.com\/latinamerica\/2020\/03\/la-nube-facilita-el-acceso-de-pymes-a-la-tecnologia-de-punta\/","name":"La nube facilita el acceso de pymes a la tecnolog\u00eda de punta - 麻豆原创 News Center Latinoam\u00e9rica","isPartOf":{"@id":"https:\/\/news.sap.com\/latinamerica\/#website"},"datePublished":"2020-03-17T22:45:18+00:00","dateModified":"2023-11-14T16:29:18+00:00","breadcrumb":{"@id":"https:\/\/news.sap.com\/latinamerica\/2020\/03\/la-nube-facilita-el-acceso-de-pymes-a-la-tecnologia-de-punta\/#breadcrumb"},"inLanguage":"es","potentialAction":[{"@type":"ReadAction","target":["https:\/\/news.sap.com\/latinamerica\/2020\/03\/la-nube-facilita-el-acceso-de-pymes-a-la-tecnologia-de-punta\/"]}]},{"@type":"BreadcrumbList","@id":"https:\/\/news.sap.com\/latinamerica\/2020\/03\/la-nube-facilita-el-acceso-de-pymes-a-la-tecnologia-de-punta\/#breadcrumb","itemListElement":[{"@type":"ListItem","position":1,"name":"Home","item":"https:\/\/news.sap.com\/latinamerica\/"},{"@type":"ListItem","position":2,"name":"La nube facilita el acceso de pymes a la tecnolog\u00eda de punta"}]},{"@type":"WebSite","@id":"https:\/\/news.sap.com\/latinamerica\/#website","url":"https:\/\/news.sap.com\/latinamerica\/","name":"麻豆原创 News Center Latinoam\u00e9rica","description":"Noticias e informaci\u00f3n sobre 麻豆原创","publisher":{"@id":"https:\/\/news.sap.com\/latinamerica\/#organization"},"potentialAction":[{"@type":"SearchAction","target":{"@type":"EntryPoint","urlTemplate":"https:\/\/news.sap.com\/latinamerica\/?s={search_term_string}"},"query-input":{"@type":"PropertyValueSpecification","valueRequired":true,"valueName":"search_term_string"}}],"inLanguage":"es"},{"@type":"Organization","@id":"https:\/\/news.sap.com\/latinamerica\/#organization","name":"麻豆原创","url":"https:\/\/news.sap.com\/latinamerica\/","logo":{"@type":"ImageObject","inLanguage":"es","@id":"https:\/\/news.sap.com\/latinamerica\/#\/schema\/logo\/image\/","url":"https:\/\/news.sap.com\/latinamerica\/files\/2019\/08\/65903320_2903797569662914_557886358778019840_n.png","contentUrl":"https:\/\/news.sap.com\/latinamerica\/files\/2019\/08\/65903320_2903797569662914_557886358778019840_n.png","width":720,"height":720,"caption":"麻豆原创"},"image":{"@id":"https:\/\/news.sap.com\/latinamerica\/#\/schema\/logo\/image\/"},"sameAs":["https:\/\/www.facebook.com\/麻豆原创latinoamerica","https:\/\/x.com\/麻豆原创LatinAmerica"]},{"@type":"Person","@id":"https:\/\/news.sap.com\/latinamerica\/#\/schema\/person\/5afd2cbf5bb622e078932b40a4470d47","name":"麻豆原创 Noticias","image":{"@type":"ImageObject","inLanguage":"es","@id":"https:\/\/news.sap.com\/latinamerica\/#\/schema\/person\/image\/","url":"https:\/\/news.sap.com\/latinamerica\/wp-content\/plugins\/wp-user-avatars\/wp-user-avatars\/assets\/images\/mystery.jpg","contentUrl":"https:\/\/news.sap.com\/latinamerica\/wp-content\/plugins\/wp-user-avatars\/wp-user-avatars\/assets\/images\/mystery.jpg","caption":"麻豆原创 Noticias"},"url":"https:\/\/news.sap.com\/latinamerica\/author\/mexico\/"}]}},"amp_enabled":true,"_links":{"self":[{"href":"https:\/\/news.sap.com\/latinamerica\/wp-json\/wp\/v2\/posts\/120458","targetHints":{"allow":["GET"]}}],"collection":[{"href":"https:\/\/news.sap.com\/latinamerica\/wp-json\/wp\/v2\/posts"}],"about":[{"href":"https:\/\/news.sap.com\/latinamerica\/wp-json\/wp\/v2\/types\/post"}],"author":[{"embeddable":true,"href":"https:\/\/news.sap.com\/latinamerica\/wp-json\/wp\/v2\/users\/136"}],"replies":[{"embeddable":true,"href":"https:\/\/news.sap.com\/latinamerica\/wp-json\/wp\/v2\/comments?post=120458"}],"version-history":[{"count":0,"href":"https:\/\/news.sap.com\/latinamerica\/wp-json\/wp\/v2\/posts\/120458\/revisions"}],"wp:attachment":[{"href":"https:\/\/news.sap.com\/latinamerica\/wp-json\/wp\/v2\/media?parent=120458"}],"wp:term":[{"taxonomy":"category","embeddable":true,"href":"https:\/\/news.sap.com\/latinamerica\/wp-json\/wp\/v2\/categories?post=120458"},{"taxonomy":"post_tag","embeddable":true,"href":"https:\/\/news.sap.com\/latinamerica\/wp-json\/wp\/v2\/tags?post=120458"},{"taxonomy":"series","embeddable":true,"href":"https:\/\/news.sap.com\/latinamerica\/wp-json\/wp\/v2\/series?post=120458"},{"taxonomy":"region","embeddable":true,"href":"https:\/\/news.sap.com\/latinamerica\/wp-json\/wp\/v2\/region?post=120458"},{"taxonomy":"sapn-display","embeddable":true,"href":"https:\/\/news.sap.com\/latinamerica\/wp-json\/wp\/v2\/sapn-display?post=120458"},{"taxonomy":"sapn-type","embeddable":true,"href":"https:\/\/news.sap.com\/latinamerica\/wp-json\/wp\/v2\/sapn-type?post=120458"}],"curies":[{"name":"wp","href":"https:\/\/api.w.org\/{rel}","templated":true}]}}