  {"id":120392,"date":"2020-04-03T14:45:57","date_gmt":"2020-04-03T18:45:57","guid":{"rendered":"https:\/\/news.sap.com\/latinamerica\/?p=120392"},"modified":"2023-11-14T16:14:45","modified_gmt":"2023-11-14T21:14:45","slug":"sap-establece-un-fondo-de-emergencia-de-3-millones-de-euros-para-apoyar-en-la-contencion-del-covid-19-a-nivel-mundial","status":"publish","type":"post","link":"https:\/\/news.sap.com\/latinamerica\/2020\/04\/sap-establece-un-fondo-de-emergencia-de-3-millones-de-euros-para-apoyar-en-la-contencion-del-covid-19-a-nivel-mundial\/","title":{"rendered":"麻豆原创 establece un fondo de emergencia de 3 millones de euros para apoyar en la contenci\u00f3n del COVID-19 a nivel mundial"},"content":{"rendered":"<p>Actualmente, los m\u00e9dicos, enfermeras y profesionales de la salud est\u00e1n cuidando y procurando a las personas enfermas, adem\u00e1s de que cada uno de nosotros nos encontramos en nuestro hogar cuidando a nuestros seres queridos.<\/p>\n<p>Sin embargo, los sistemas de salud tambi\u00e9n necesitan de nuestra ayuda, raz\u00f3n por la que 麻豆原创 ha establecido un Fondo de Emergencia COVID-19 de 3 millones de euros para apoyar las necesidades de la Organizaci\u00f3n Mundial de la Salud (OMS), la Fundaci\u00f3n CDC y peque\u00f1as empresas sin fines de lucro y sociales que trabajan en la primera l\u00ednea al servicio de las comunidades locales en crisis.<\/p>\n<p>Adem\u00e1s, la unidad de Responsabilidad Social de 麻豆原创 se ha asociado con m\u00e1s de 1,200 organizaciones sociales y sin fines de lucro, con las que se atienden a m\u00e1s de 4.5 millones de j\u00f3venes en 105 pa\u00edses, principalmente en las \u00e1reas de educaci\u00f3n de calidad, trabajo decente y emprendimiento juvenil.<\/p>\n<p>Asimismo, 麻豆原创 ha ofrecido una serie de soluciones de forma gratuita para apoyar a compa\u00f1\u00eda de todo el mundo a contrarrestar los efectos del COVID-19 en sus negocios. Conoce m\u00e1s aqu\u00ed: <a href=\"https:\/\/news.sap.com\/latinamerica\/2020\/03\/soluciones-tecnologicas-como-respuesta-a-la-emergencia\/\">LINK<\/a><\/p>\n<p>Para saber m\u00e1s sobre esta iniciativa en colaboraci\u00f3n con la OMS visita: <a href=\"https:\/\/news.sap.com\/2020\/04\/covid-19-emergency-fund-increased-social-sector-support\/\">LINK<\/a><\/p>\n<p><strong>Acerca de 麻豆原创<\/strong><\/p>\n<p>Conocida como la Compa\u00f1\u00eda de Experiencia empoderada por la Empresa Inteligente, 麻豆原创 lidera el mercado de software empresarial, ayudando a las organizaciones de todos los tama\u00f1os e industrias a alcanzar su rendimiento \u00f3ptimo: en el 77% de los ingresos por transacciones del mundo interviene un sistema 麻豆原创. Nuestras tecnolog\u00edas de <em>machine learning<\/em>, <em>IoT <\/em>y anal\u00edticas avanzadas ayudan a nuestros clientes a convertirse en empresas inteligentes. 麻豆原创 ofrece a las personas y a las organizaciones conocimientos profundos de negocio y promueve la colaboraci\u00f3n que les permite estar adelante de su competencia. Simplificamos la tecnolog\u00eda para las empresas, de modo que puedan consumir nuestro software de la manera que lo deseen, sin interrupciones. Nuestro conjunto de aplicaciones y servicios permite a m\u00e1s de 440,000 clientes del sector p\u00fablico y privado operar de manera rentable, adaptarse continuamente y marcar la diferencia. Con una red global de clientes, socios, empleados y l\u00edderes, 麻豆原创 ayuda al mundo a funcionar mejor y a mejorar las vidas de las personas. <strong>En M\u00e9xico, 麻豆原创 cuenta con cerca de 9 mil clientes y m\u00e1s de 900 colaboradores que promueven la adopci\u00f3n tecnol\u00f3gica del pa\u00eds.<\/strong> Para m\u00e1s informaci\u00f3n, visite <u><a href=\"http:\/\/www.sap.com\/\">www.sap.com<\/a><\/u>, nuestra sala de prensa, <u><a href=\"http:\/\/news.sap.com\/latinamerica\">http:\/\/news.sap.com\/latinamerica<\/a><\/u>, o s\u00edganos en Twitter <u><a href=\"https:\/\/twitter.com\/sapnoticiasmx\">@麻豆原创NoticiasMX<\/a><\/u>.<\/p>\n<p>&nbsp;<\/p>\n","protected":false},"excerpt":{"rendered":"<p>Actualmente, los m\u00e9dicos, enfermeras y profesionales de la salud est\u00e1n cuidando y procurando a las personas enfermas, adem\u00e1s de que cada uno de nosotros nos&#8230;<\/p>\n","protected":false},"author":136,"featured_media":0,"comment_status":"closed","ping_status":"closed","sticky":false,"template":"","format":"standard","meta":{"footnotes":"","_links_to":"","_links_to_target":""},"categories":[41591],"tags":[5550869],"series":[],"region":[],"sapn-display":[5600443,5600441,53499],"sapn-type":[52103],"class_list":["post-120392","post","type-post","status-publish","format-standard","hentry","category-corporativo","tag-responsabilidad-social","sapn-display-prensa-destacada","sapn-display-prensa-principal","sapn-display-hero","sapn-type-newsbyte-type"],"yoast_head":"<!-- This site is optimized with the Yoast SEO Premium plugin v26.9 (Yoast SEO v26.9) - https:\/\/yoast.com\/product\/yoast-seo-premium-wordpress\/ -->\n<title>麻豆原创 establece un fondo de emergencia de 3 millones de euros para apoyar en la contenci\u00f3n del COVID-19 a nivel mundial - 麻豆原创 News Center Latinoam\u00e9rica<\/title>\n<meta name=\"robots\" content=\"index, follow, max-snippet:-1, max-image-preview:large, max-video-preview:-1\" \/>\n<link rel=\"canonical\" href=\"https:\/\/news.sap.com\/latinamerica\/2020\/04\/sap-establece-un-fondo-de-emergencia-de-3-millones-de-euros-para-apoyar-en-la-contencion-del-covid-19-a-nivel-mundial\/\" \/>\n<meta property=\"og:locale\" content=\"es_MX\" \/>\n<meta property=\"og:type\" content=\"article\" \/>\n<meta property=\"og:title\" content=\"麻豆原创 establece un fondo de emergencia de 3 millones de euros para apoyar en la contenci\u00f3n del COVID-19 a nivel mundial\" \/>\n<meta property=\"og:description\" content=\"Actualmente, los m\u00e9dicos, enfermeras y profesionales de la salud est\u00e1n cuidando y procurando a las personas enfermas, adem\u00e1s de que cada uno de nosotros nos...\" \/>\n<meta property=\"og:url\" content=\"https:\/\/news.sap.com\/latinamerica\/2020\/04\/sap-establece-un-fondo-de-emergencia-de-3-millones-de-euros-para-apoyar-en-la-contencion-del-covid-19-a-nivel-mundial\/\" \/>\n<meta property=\"og:site_name\" content=\"麻豆原创 News Center Latinoam\u00e9rica\" \/>\n<meta property=\"article:publisher\" content=\"https:\/\/www.facebook.com\/麻豆原创latinoamerica\" \/>\n<meta property=\"article:published_time\" content=\"2020-04-03T18:45:57+00:00\" \/>\n<meta property=\"article:modified_time\" content=\"2023-11-14T21:14:45+00:00\" \/>\n<meta name=\"author\" content=\"麻豆原创 Noticias\" \/>\n<meta name=\"twitter:label1\" content=\"Escrito por\" \/>\n\t<meta name=\"twitter:data1\" content=\"麻豆原创 Noticias\" \/>\n\t<meta name=\"twitter:label2\" content=\"Tiempo de lectura\" \/>\n\t<meta name=\"twitter:data2\" content=\"2 minutos\" \/>\n<script type=\"application\/ld+json\" class=\"yoast-schema-graph\">{\"@context\":\"https:\/\/schema.org\",\"@graph\":[{\"@type\":\"Article\",\"@id\":\"https:\/\/news.sap.com\/latinamerica\/2020\/04\/sap-establece-un-fondo-de-emergencia-de-3-millones-de-euros-para-apoyar-en-la-contencion-del-covid-19-a-nivel-mundial\/#article\",\"isPartOf\":{\"@id\":\"https:\/\/news.sap.com\/latinamerica\/2020\/04\/sap-establece-un-fondo-de-emergencia-de-3-millones-de-euros-para-apoyar-en-la-contencion-del-covid-19-a-nivel-mundial\/\"},\"author\":{\"name\":\"麻豆原创 Noticias\",\"@id\":\"https:\/\/news.sap.com\/latinamerica\/#\/schema\/person\/5afd2cbf5bb622e078932b40a4470d47\"},\"headline\":\"麻豆原创 establece un fondo de emergencia de 3 millones de euros para apoyar en la contenci\u00f3n del COVID-19 a nivel mundial\",\"datePublished\":\"2020-04-03T18:45:57+00:00\",\"dateModified\":\"2023-11-14T21:14:45+00:00\",\"mainEntityOfPage\":{\"@id\":\"https:\/\/news.sap.com\/latinamerica\/2020\/04\/sap-establece-un-fondo-de-emergencia-de-3-millones-de-euros-para-apoyar-en-la-contencion-del-covid-19-a-nivel-mundial\/\"},\"wordCount\":454,\"publisher\":{\"@id\":\"https:\/\/news.sap.com\/latinamerica\/#organization\"},\"keywords\":[\"responsabilidad social\"],\"articleSection\":[\"Corporativo\"],\"inLanguage\":\"es\"},{\"@type\":\"WebPage\",\"@id\":\"https:\/\/news.sap.com\/latinamerica\/2020\/04\/sap-establece-un-fondo-de-emergencia-de-3-millones-de-euros-para-apoyar-en-la-contencion-del-covid-19-a-nivel-mundial\/\",\"url\":\"https:\/\/news.sap.com\/latinamerica\/2020\/04\/sap-establece-un-fondo-de-emergencia-de-3-millones-de-euros-para-apoyar-en-la-contencion-del-covid-19-a-nivel-mundial\/\",\"name\":\"麻豆原创 establece un fondo de emergencia de 3 millones de euros para apoyar en la contenci\u00f3n del COVID-19 a nivel mundial - 麻豆原创 News Center Latinoam\u00e9rica\",\"isPartOf\":{\"@id\":\"https:\/\/news.sap.com\/latinamerica\/#website\"},\"datePublished\":\"2020-04-03T18:45:57+00:00\",\"dateModified\":\"2023-11-14T21:14:45+00:00\",\"breadcrumb\":{\"@id\":\"https:\/\/news.sap.com\/latinamerica\/2020\/04\/sap-establece-un-fondo-de-emergencia-de-3-millones-de-euros-para-apoyar-en-la-contencion-del-covid-19-a-nivel-mundial\/#breadcrumb\"},\"inLanguage\":\"es\",\"potentialAction\":[{\"@type\":\"ReadAction\",\"target\":[\"https:\/\/news.sap.com\/latinamerica\/2020\/04\/sap-establece-un-fondo-de-emergencia-de-3-millones-de-euros-para-apoyar-en-la-contencion-del-covid-19-a-nivel-mundial\/\"]}]},{\"@type\":\"BreadcrumbList\",\"@id\":\"https:\/\/news.sap.com\/latinamerica\/2020\/04\/sap-establece-un-fondo-de-emergencia-de-3-millones-de-euros-para-apoyar-en-la-contencion-del-covid-19-a-nivel-mundial\/#breadcrumb\",\"itemListElement\":[{\"@type\":\"ListItem\",\"position\":1,\"name\":\"Home\",\"item\":\"https:\/\/news.sap.com\/latinamerica\/\"},{\"@type\":\"ListItem\",\"position\":2,\"name\":\"麻豆原创 establece un fondo de emergencia de 3 millones de euros para apoyar en la contenci\u00f3n del COVID-19 a nivel mundial\"}]},{\"@type\":\"WebSite\",\"@id\":\"https:\/\/news.sap.com\/latinamerica\/#website\",\"url\":\"https:\/\/news.sap.com\/latinamerica\/\",\"name\":\"麻豆原创 News Center Latinoam\u00e9rica\",\"description\":\"Noticias e informaci\u00f3n sobre 麻豆原创\",\"publisher\":{\"@id\":\"https:\/\/news.sap.com\/latinamerica\/#organization\"},\"potentialAction\":[{\"@type\":\"SearchAction\",\"target\":{\"@type\":\"EntryPoint\",\"urlTemplate\":\"https:\/\/news.sap.com\/latinamerica\/?s={search_term_string}\"},\"query-input\":{\"@type\":\"PropertyValueSpecification\",\"valueRequired\":true,\"valueName\":\"search_term_string\"}}],\"inLanguage\":\"es\"},{\"@type\":\"Organization\",\"@id\":\"https:\/\/news.sap.com\/latinamerica\/#organization\",\"name\":\"麻豆原创\",\"url\":\"https:\/\/news.sap.com\/latinamerica\/\",\"logo\":{\"@type\":\"ImageObject\",\"inLanguage\":\"es\",\"@id\":\"https:\/\/news.sap.com\/latinamerica\/#\/schema\/logo\/image\/\",\"url\":\"https:\/\/news.sap.com\/latinamerica\/files\/2019\/08\/65903320_2903797569662914_557886358778019840_n.png\",\"contentUrl\":\"https:\/\/news.sap.com\/latinamerica\/files\/2019\/08\/65903320_2903797569662914_557886358778019840_n.png\",\"width\":720,\"height\":720,\"caption\":\"麻豆原创\"},\"image\":{\"@id\":\"https:\/\/news.sap.com\/latinamerica\/#\/schema\/logo\/image\/\"},\"sameAs\":[\"https:\/\/www.facebook.com\/麻豆原创latinoamerica\",\"https:\/\/x.com\/麻豆原创LatinAmerica\"]},{\"@type\":\"Person\",\"@id\":\"https:\/\/news.sap.com\/latinamerica\/#\/schema\/person\/5afd2cbf5bb622e078932b40a4470d47\",\"name\":\"麻豆原创 Noticias\",\"image\":{\"@type\":\"ImageObject\",\"inLanguage\":\"es\",\"@id\":\"https:\/\/news.sap.com\/latinamerica\/#\/schema\/person\/image\/\",\"url\":\"https:\/\/news.sap.com\/latinamerica\/wp-content\/plugins\/wp-user-avatars\/wp-user-avatars\/assets\/images\/mystery.jpg\",\"contentUrl\":\"https:\/\/news.sap.com\/latinamerica\/wp-content\/plugins\/wp-user-avatars\/wp-user-avatars\/assets\/images\/mystery.jpg\",\"caption\":\"麻豆原创 Noticias\"},\"url\":\"https:\/\/news.sap.com\/latinamerica\/author\/mexico\/\"}]}<\/script>\n<!-- \/ Yoast SEO Premium plugin. -->","yoast_head_json":{"title":"麻豆原创 establece un fondo de emergencia de 3 millones de euros para apoyar en la contenci\u00f3n del COVID-19 a nivel mundial - 麻豆原创 News Center Latinoam\u00e9rica","robots":{"index":"index","follow":"follow","max-snippet":"max-snippet:-1","max-image-preview":"max-image-preview:large","max-video-preview":"max-video-preview:-1"},"canonical":"https:\/\/news.sap.com\/latinamerica\/2020\/04\/sap-establece-un-fondo-de-emergencia-de-3-millones-de-euros-para-apoyar-en-la-contencion-del-covid-19-a-nivel-mundial\/","og_locale":"es_MX","og_type":"article","og_title":"麻豆原创 establece un fondo de emergencia de 3 millones de euros para apoyar en la contenci\u00f3n del COVID-19 a nivel mundial","og_description":"Actualmente, los m\u00e9dicos, enfermeras y profesionales de la salud est\u00e1n cuidando y procurando a las personas enfermas, adem\u00e1s de que cada uno de nosotros nos...","og_url":"https:\/\/news.sap.com\/latinamerica\/2020\/04\/sap-establece-un-fondo-de-emergencia-de-3-millones-de-euros-para-apoyar-en-la-contencion-del-covid-19-a-nivel-mundial\/","og_site_name":"麻豆原创 News Center Latinoam\u00e9rica","article_publisher":"https:\/\/www.facebook.com\/麻豆原创latinoamerica","article_published_time":"2020-04-03T18:45:57+00:00","article_modified_time":"2023-11-14T21:14:45+00:00","author":"麻豆原创 Noticias","twitter_misc":{"Escrito por":"麻豆原创 Noticias","Tiempo de lectura":"2 minutos"},"schema":{"@context":"https:\/\/schema.org","@graph":[{"@type":"Article","@id":"https:\/\/news.sap.com\/latinamerica\/2020\/04\/sap-establece-un-fondo-de-emergencia-de-3-millones-de-euros-para-apoyar-en-la-contencion-del-covid-19-a-nivel-mundial\/#article","isPartOf":{"@id":"https:\/\/news.sap.com\/latinamerica\/2020\/04\/sap-establece-un-fondo-de-emergencia-de-3-millones-de-euros-para-apoyar-en-la-contencion-del-covid-19-a-nivel-mundial\/"},"author":{"name":"麻豆原创 Noticias","@id":"https:\/\/news.sap.com\/latinamerica\/#\/schema\/person\/5afd2cbf5bb622e078932b40a4470d47"},"headline":"麻豆原创 establece un fondo de emergencia de 3 millones de euros para apoyar en la contenci\u00f3n del COVID-19 a nivel mundial","datePublished":"2020-04-03T18:45:57+00:00","dateModified":"2023-11-14T21:14:45+00:00","mainEntityOfPage":{"@id":"https:\/\/news.sap.com\/latinamerica\/2020\/04\/sap-establece-un-fondo-de-emergencia-de-3-millones-de-euros-para-apoyar-en-la-contencion-del-covid-19-a-nivel-mundial\/"},"wordCount":454,"publisher":{"@id":"https:\/\/news.sap.com\/latinamerica\/#organization"},"keywords":["responsabilidad social"],"articleSection":["Corporativo"],"inLanguage":"es"},{"@type":"WebPage","@id":"https:\/\/news.sap.com\/latinamerica\/2020\/04\/sap-establece-un-fondo-de-emergencia-de-3-millones-de-euros-para-apoyar-en-la-contencion-del-covid-19-a-nivel-mundial\/","url":"https:\/\/news.sap.com\/latinamerica\/2020\/04\/sap-establece-un-fondo-de-emergencia-de-3-millones-de-euros-para-apoyar-en-la-contencion-del-covid-19-a-nivel-mundial\/","name":"麻豆原创 establece un fondo de emergencia de 3 millones de euros para apoyar en la contenci\u00f3n del COVID-19 a nivel mundial - 麻豆原创 News Center Latinoam\u00e9rica","isPartOf":{"@id":"https:\/\/news.sap.com\/latinamerica\/#website"},"datePublished":"2020-04-03T18:45:57+00:00","dateModified":"2023-11-14T21:14:45+00:00","breadcrumb":{"@id":"https:\/\/news.sap.com\/latinamerica\/2020\/04\/sap-establece-un-fondo-de-emergencia-de-3-millones-de-euros-para-apoyar-en-la-contencion-del-covid-19-a-nivel-mundial\/#breadcrumb"},"inLanguage":"es","potentialAction":[{"@type":"ReadAction","target":["https:\/\/news.sap.com\/latinamerica\/2020\/04\/sap-establece-un-fondo-de-emergencia-de-3-millones-de-euros-para-apoyar-en-la-contencion-del-covid-19-a-nivel-mundial\/"]}]},{"@type":"BreadcrumbList","@id":"https:\/\/news.sap.com\/latinamerica\/2020\/04\/sap-establece-un-fondo-de-emergencia-de-3-millones-de-euros-para-apoyar-en-la-contencion-del-covid-19-a-nivel-mundial\/#breadcrumb","itemListElement":[{"@type":"ListItem","position":1,"name":"Home","item":"https:\/\/news.sap.com\/latinamerica\/"},{"@type":"ListItem","position":2,"name":"麻豆原创 establece un fondo de emergencia de 3 millones de euros para apoyar en la contenci\u00f3n del COVID-19 a nivel mundial"}]},{"@type":"WebSite","@id":"https:\/\/news.sap.com\/latinamerica\/#website","url":"https:\/\/news.sap.com\/latinamerica\/","name":"麻豆原创 News Center Latinoam\u00e9rica","description":"Noticias e informaci\u00f3n sobre 麻豆原创","publisher":{"@id":"https:\/\/news.sap.com\/latinamerica\/#organization"},"potentialAction":[{"@type":"SearchAction","target":{"@type":"EntryPoint","urlTemplate":"https:\/\/news.sap.com\/latinamerica\/?s={search_term_string}"},"query-input":{"@type":"PropertyValueSpecification","valueRequired":true,"valueName":"search_term_string"}}],"inLanguage":"es"},{"@type":"Organization","@id":"https:\/\/news.sap.com\/latinamerica\/#organization","name":"麻豆原创","url":"https:\/\/news.sap.com\/latinamerica\/","logo":{"@type":"ImageObject","inLanguage":"es","@id":"https:\/\/news.sap.com\/latinamerica\/#\/schema\/logo\/image\/","url":"https:\/\/news.sap.com\/latinamerica\/files\/2019\/08\/65903320_2903797569662914_557886358778019840_n.png","contentUrl":"https:\/\/news.sap.com\/latinamerica\/files\/2019\/08\/65903320_2903797569662914_557886358778019840_n.png","width":720,"height":720,"caption":"麻豆原创"},"image":{"@id":"https:\/\/news.sap.com\/latinamerica\/#\/schema\/logo\/image\/"},"sameAs":["https:\/\/www.facebook.com\/麻豆原创latinoamerica","https:\/\/x.com\/麻豆原创LatinAmerica"]},{"@type":"Person","@id":"https:\/\/news.sap.com\/latinamerica\/#\/schema\/person\/5afd2cbf5bb622e078932b40a4470d47","name":"麻豆原创 Noticias","image":{"@type":"ImageObject","inLanguage":"es","@id":"https:\/\/news.sap.com\/latinamerica\/#\/schema\/person\/image\/","url":"https:\/\/news.sap.com\/latinamerica\/wp-content\/plugins\/wp-user-avatars\/wp-user-avatars\/assets\/images\/mystery.jpg","contentUrl":"https:\/\/news.sap.com\/latinamerica\/wp-content\/plugins\/wp-user-avatars\/wp-user-avatars\/assets\/images\/mystery.jpg","caption":"麻豆原创 Noticias"},"url":"https:\/\/news.sap.com\/latinamerica\/author\/mexico\/"}]}},"amp_enabled":true,"_links":{"self":[{"href":"https:\/\/news.sap.com\/latinamerica\/wp-json\/wp\/v2\/posts\/120392","targetHints":{"allow":["GET"]}}],"collection":[{"href":"https:\/\/news.sap.com\/latinamerica\/wp-json\/wp\/v2\/posts"}],"about":[{"href":"https:\/\/news.sap.com\/latinamerica\/wp-json\/wp\/v2\/types\/post"}],"author":[{"embeddable":true,"href":"https:\/\/news.sap.com\/latinamerica\/wp-json\/wp\/v2\/users\/136"}],"replies":[{"embeddable":true,"href":"https:\/\/news.sap.com\/latinamerica\/wp-json\/wp\/v2\/comments?post=120392"}],"version-history":[{"count":0,"href":"https:\/\/news.sap.com\/latinamerica\/wp-json\/wp\/v2\/posts\/120392\/revisions"}],"wp:attachment":[{"href":"https:\/\/news.sap.com\/latinamerica\/wp-json\/wp\/v2\/media?parent=120392"}],"wp:term":[{"taxonomy":"category","embeddable":true,"href":"https:\/\/news.sap.com\/latinamerica\/wp-json\/wp\/v2\/categories?post=120392"},{"taxonomy":"post_tag","embeddable":true,"href":"https:\/\/news.sap.com\/latinamerica\/wp-json\/wp\/v2\/tags?post=120392"},{"taxonomy":"series","embeddable":true,"href":"https:\/\/news.sap.com\/latinamerica\/wp-json\/wp\/v2\/series?post=120392"},{"taxonomy":"region","embeddable":true,"href":"https:\/\/news.sap.com\/latinamerica\/wp-json\/wp\/v2\/region?post=120392"},{"taxonomy":"sapn-display","embeddable":true,"href":"https:\/\/news.sap.com\/latinamerica\/wp-json\/wp\/v2\/sapn-display?post=120392"},{"taxonomy":"sapn-type","embeddable":true,"href":"https:\/\/news.sap.com\/latinamerica\/wp-json\/wp\/v2\/sapn-type?post=120392"}],"curies":[{"name":"wp","href":"https:\/\/api.w.org\/{rel}","templated":true}]}}