  {"id":120345,"date":"2020-03-26T19:38:30","date_gmt":"2020-03-26T23:38:30","guid":{"rendered":"https:\/\/news.sap.com\/latinamerica\/?p=120345"},"modified":"2023-11-13T15:32:55","modified_gmt":"2023-11-13T20:32:55","slug":"del-desabasto-a-la-tienda-cerrada","status":"publish","type":"post","link":"https:\/\/news.sap.com\/latinamerica\/2020\/03\/del-desabasto-a-la-tienda-cerrada\/","title":{"rendered":"Del desabasto a la tienda cerrada"},"content":{"rendered":"<p class=\"lead\"><span style=\"font-weight: 400;\">El inicio del 2020 ha marcado un hecho sin precedentes en la historia moderna debido a la pandemia que hoy aqueja a m\u00e1s de 150 pa\u00edses. Pero, a pesar del poder tecnol\u00f3gico que tenemos hoy en d\u00eda, la situaci\u00f3n y la velocidad con la que avanz\u00f3 el COVID-19 ha rebasado nuestra capacidad de respuesta.\u00a0<\/span><\/p>\n<p><span style=\"font-weight: 400;\">La econom\u00eda global se ha visto fuertemente afectada por esta situaci\u00f3n, y Monterrey no es la excepci\u00f3n. No solo en el aumento de los casos de COVID-19, sino en el impacto que las industrias de esta regi\u00f3n \u2013y que han sido clave para el desarrollo del pa\u00eds\u2013 enfrentar\u00e1n. Por otro lado, en el aspecto social, nuestras pr\u00e1cticas de relacionamiento profesional, socializaci\u00f3n e incluso de abasto han comenzado a modificarse sobre la marcha.\u00a0<\/span><\/p>\n<p><span style=\"font-weight: 400;\">En este sentido, es de vital importancia analizar los retos que enfrentar\u00e1n las cadenas productivas y empresas de <\/span><i><span style=\"font-weight: 400;\">retail<\/span><\/i><span style=\"font-weight: 400;\"> a fin de proveer diferentes soluciones prioritarias y urgentes.<\/span><\/p>\n<p><span style=\"font-weight: 400;\">Ante la problem\u00e1tica del desabasto de determinados productos como el papel higi\u00e9nico, cubrebocas o guantes de l\u00e1tex, se pueden presentar dos principales fen\u00f3menos en las cadenas de autoservicio: <\/span><b>el desabasto y tener tiendas cerradas.\u00a0<\/b><\/p>\n<p><span style=\"font-weight: 400;\">El primero sucede cuando el consumidor desea un producto y el establecimiento f\u00edsico no lo tiene disponible. El segundo, cuando el establecimiento tiene el producto y no puede venderlo por una situaci\u00f3n que impide la interacci\u00f3n f\u00edsica entre las tiendas y consumidores.\u00a0<\/span><\/p>\n<p><span style=\"font-weight: 400;\">Al mismo tiempo, los h\u00e1bitos de consumo estar\u00e1n marcados por la tendencia de compras en l\u00ednea, debido a las medidas de distanciamiento social. En espec\u00edfico, la tendencia de adquisici\u00f3n de productos comestibles, de higiene personal, para el hogar y mascotas ir\u00e1 incrementando. Sin embargo, esto no es el \u00fanico elemento de la ecuaci\u00f3n, por otra parte, ciertos bienes empezar\u00e1n a escasear.<\/span><\/p>\n<p><span style=\"font-weight: 400;\">Por tal motivo, la industria de retail se enfrenta a tres grandes retos:\u00a0<\/span><\/p>\n<ol>\n<li style=\"font-weight: 400;\"><span style=\"font-weight: 400;\">Modificar la forma en c\u00f3mo los colaboradores \u2013desde cajeros hasta empacadores\u2013 interact\u00faan entre ellos y con los consumidores. Por tal motivo se deber\u00e1n de ajustar procesos y controles de acceso, considerando tambi\u00e9n a terceras partes, por ejemplo, los que realizan el abastecimiento de anaqueles y enfriadores\u00a0<\/span><\/li>\n<li style=\"font-weight: 400;\"><span style=\"font-weight: 400;\">Planeaci\u00f3n de compras, que en algunos casos significar\u00e1 ajustar los compromisos y contratos con proveedores en cuanto a vol\u00famenes, precios, fechas de entrega, ampliaci\u00f3n de horarios, lugares de recepci\u00f3n e incluso, el ajuste de las condiciones comerciales. Aqu\u00ed la capacidad de reacci\u00f3n de cada tienda departamental ser\u00e1 diferente<\/span><\/li>\n<li style=\"font-weight: 400;\"><span style=\"font-weight: 400;\">Operar una cadena de suministro que demandar\u00e1 atender en menor medida al consumidor en forma directa (f\u00edsicamente en tienda), pero con un aumento en las ventas en l\u00ednea a trav\u00e9s de aplicaciones y plataformas.<\/span><\/li>\n<\/ol>\n<p><span style=\"font-weight: 400;\">Estos tres retos tendr\u00e1n que funcionar como un quir\u00f3fano de alta especialidad, pues la mezcla de ingresos por la diversificaci\u00f3n de los canales de venta tendr\u00e1 un reajuste sin precedentes. Adem\u00e1s, se deber\u00e1 de tener una gesti\u00f3n inteligente para tomar al mismo tiempo decisiones que den respuesta inmediata al inventario, abasto y vida del producto.\u00a0<\/span><\/p>\n<h2><b>Oportunidades en el horizonte<\/b><\/h2>\n<p><span style=\"font-weight: 400;\">La diversificaci\u00f3n en la forma de obtener ingresos para las tiendas de consumo traer\u00e1 consigo un reto sin precedentes en la capacidad y velocidad de adecuaci\u00f3n al panorama actual. Sin embargo, nos encontramos con dos escenarios: empresas que estaban en v\u00edas de digitalizar sus procesos que van desde interacci\u00f3n con proveedores, gesti\u00f3n de capital y ventas en l\u00ednea, pero que no lograron dar el paso a tiempo.\u00a0<\/span><\/p>\n<p><span style=\"font-weight: 400;\">Y por el otro lado, tenemos aquellas empresas que ya incursionaron en la Econom\u00eda Digital, y que se encuentran en un momento oportuno para desarrollar nuevos modelos y procesos de negocio, pues para este tiempo tendr\u00e1n ya un camino recorrido con aprendizajes y experiencias con las que podr\u00edan ampliar la brecha entre sus competidores.<\/span><\/p>\n<p><span style=\"font-weight: 400;\">Si bien, el piso no es parejo para todas las empresas porque se encuentran en diferentes niveles de digitalizaci\u00f3n, podremos vislumbrar algunas alternativas independientemente del estado de adopci\u00f3n tecnol\u00f3gica como pueden ser concretar alianzas estrat\u00e9gicas con compa\u00f1\u00edas intermediarias de productos con capacidades log\u00edsticas y con las que logren desahogar el costo de inventario por almacenamiento, traslados entre Centros de Distribuci\u00f3n (CEDIS) o directamente con el consumidor.\u00a0<\/span><\/p>\n<p><span style=\"font-weight: 400;\">Asimismo, para las empresas que ya cuentan con un camino recorrido en e-commerce, se puede potencializar la tendencia de \u201cData Driven Company\u201d \u2013gracias al consumo masivo de clientes en l\u00ednea\u2013 que identifica el perfil del consumidor, qui\u00e9n es, qu\u00e9 y cu\u00e1nto compra, con qu\u00e9 frecuencia, permitiendo a las compa\u00f1\u00edas ofrecer nuevas maneras de personalizar servicios y productos.\u00a0<\/span><\/p>\n<p><span style=\"font-weight: 400;\">Estamos por entrar a fases cr\u00edticas. A partir de este momento los modelos de negocio que hoy conocemos cambiar\u00e1n y muy probablemente surjan nuevos. Entendamos que la din\u00e1mica social que implique viajar, consumir, trabajar y convivir tendr\u00e1 nuevas reglas que cumplir en un futuro cercano, y ante situaciones de crisis e incertidumbre tambi\u00e9n veremos surgir negocios y empresas ingeniosas y disruptivas.\u00a0<\/span><\/p>\n<p><em>Por: Eduardo Bejarano, director de Ingenier\u00eda de Valor para la Industria de Bienes de Consumo, 麻豆原创 M\u00e9xico<\/em><\/p>\n","protected":false},"excerpt":{"rendered":"<p>El inicio del 2020 ha marcado un hecho sin precedentes en la historia moderna debido a la pandemia que hoy aqueja a m\u00e1s de 150&#8230;<\/p>\n","protected":false},"author":4684,"featured_media":120346,"comment_status":"closed","ping_status":"closed","sticky":false,"template":"","format":"standard","meta":{"footnotes":"","_links_to":"","_links_to_target":""},"categories":[52091],"tags":[],"series":[],"region":[],"sapn-display":[52078],"sapn-type":[6114],"class_list":["post-120345","post","type-post","status-publish","format-standard","has-post-thumbnail","hentry","category-industrias","sapn-display-homepage-hero","sapn-type-articulo"],"yoast_head":"<!-- This site is optimized with the Yoast SEO Premium plugin v26.9 (Yoast SEO v26.9) - https:\/\/yoast.com\/product\/yoast-seo-premium-wordpress\/ -->\n<title>Del desabasto a la tienda cerrada - 麻豆原创 News Center Latinoam\u00e9rica<\/title>\n<meta name=\"robots\" content=\"index, follow, max-snippet:-1, max-image-preview:large, max-video-preview:-1\" \/>\n<link rel=\"canonical\" href=\"https:\/\/news.sap.com\/latinamerica\/2020\/03\/del-desabasto-a-la-tienda-cerrada\/\" \/>\n<meta property=\"og:locale\" content=\"es_MX\" \/>\n<meta property=\"og:type\" content=\"article\" \/>\n<meta property=\"og:title\" content=\"Del desabasto a la tienda cerrada\" \/>\n<meta property=\"og:description\" content=\"El inicio del 2020 ha marcado un hecho sin precedentes en la historia moderna debido a la pandemia que hoy aqueja a m\u00e1s de 150...\" \/>\n<meta property=\"og:url\" content=\"https:\/\/news.sap.com\/latinamerica\/2020\/03\/del-desabasto-a-la-tienda-cerrada\/\" \/>\n<meta property=\"og:site_name\" content=\"麻豆原创 News Center Latinoam\u00e9rica\" \/>\n<meta property=\"article:publisher\" content=\"https:\/\/www.facebook.com\/麻豆原创latinoamerica\" \/>\n<meta property=\"article:published_time\" content=\"2020-03-26T23:38:30+00:00\" \/>\n<meta property=\"article:modified_time\" content=\"2023-11-13T20:32:55+00:00\" \/>\n<meta property=\"og:image\" content=\"https:\/\/news.sap.com\/latinamerica\/files\/2020\/03\/2020-03-26-1.jpg\" \/>\n\t<meta property=\"og:image:width\" content=\"5237\" \/>\n\t<meta property=\"og:image:height\" content=\"3346\" \/>\n\t<meta property=\"og:image:type\" content=\"image\/jpeg\" \/>\n<meta name=\"author\" content=\"Eduardo Bejarano\" \/>\n<meta name=\"twitter:label1\" content=\"Escrito por\" \/>\n\t<meta name=\"twitter:data1\" content=\"Eduardo Bejarano\" \/>\n\t<meta name=\"twitter:label2\" content=\"Tiempo de lectura\" \/>\n\t<meta name=\"twitter:data2\" content=\"4 minutos\" \/>\n<script type=\"application\/ld+json\" class=\"yoast-schema-graph\">{\"@context\":\"https:\/\/schema.org\",\"@graph\":[{\"@type\":\"Article\",\"@id\":\"https:\/\/news.sap.com\/latinamerica\/2020\/03\/del-desabasto-a-la-tienda-cerrada\/#article\",\"isPartOf\":{\"@id\":\"https:\/\/news.sap.com\/latinamerica\/2020\/03\/del-desabasto-a-la-tienda-cerrada\/\"},\"author\":{\"name\":\"Eduardo Bejarano\",\"@id\":\"https:\/\/news.sap.com\/latinamerica\/#\/schema\/person\/6a3484487857c5a22819ab1d09696cc4\"},\"headline\":\"Del desabasto a la tienda cerrada\",\"datePublished\":\"2020-03-26T23:38:30+00:00\",\"dateModified\":\"2023-11-13T20:32:55+00:00\",\"mainEntityOfPage\":{\"@id\":\"https:\/\/news.sap.com\/latinamerica\/2020\/03\/del-desabasto-a-la-tienda-cerrada\/\"},\"wordCount\":889,\"publisher\":{\"@id\":\"https:\/\/news.sap.com\/latinamerica\/#organization\"},\"image\":{\"@id\":\"https:\/\/news.sap.com\/latinamerica\/2020\/03\/del-desabasto-a-la-tienda-cerrada\/#primaryimage\"},\"thumbnailUrl\":\"https:\/\/news.sap.com\/latinamerica\/files\/2020\/03\/2020-03-26-1.jpg\",\"articleSection\":[\"Industrias\"],\"inLanguage\":\"es\"},{\"@type\":\"WebPage\",\"@id\":\"https:\/\/news.sap.com\/latinamerica\/2020\/03\/del-desabasto-a-la-tienda-cerrada\/\",\"url\":\"https:\/\/news.sap.com\/latinamerica\/2020\/03\/del-desabasto-a-la-tienda-cerrada\/\",\"name\":\"Del desabasto a la tienda cerrada - 麻豆原创 News Center Latinoam\u00e9rica\",\"isPartOf\":{\"@id\":\"https:\/\/news.sap.com\/latinamerica\/#website\"},\"primaryImageOfPage\":{\"@id\":\"https:\/\/news.sap.com\/latinamerica\/2020\/03\/del-desabasto-a-la-tienda-cerrada\/#primaryimage\"},\"image\":{\"@id\":\"https:\/\/news.sap.com\/latinamerica\/2020\/03\/del-desabasto-a-la-tienda-cerrada\/#primaryimage\"},\"thumbnailUrl\":\"https:\/\/news.sap.com\/latinamerica\/files\/2020\/03\/2020-03-26-1.jpg\",\"datePublished\":\"2020-03-26T23:38:30+00:00\",\"dateModified\":\"2023-11-13T20:32:55+00:00\",\"breadcrumb\":{\"@id\":\"https:\/\/news.sap.com\/latinamerica\/2020\/03\/del-desabasto-a-la-tienda-cerrada\/#breadcrumb\"},\"inLanguage\":\"es\",\"potentialAction\":[{\"@type\":\"ReadAction\",\"target\":[\"https:\/\/news.sap.com\/latinamerica\/2020\/03\/del-desabasto-a-la-tienda-cerrada\/\"]}]},{\"@type\":\"ImageObject\",\"inLanguage\":\"es\",\"@id\":\"https:\/\/news.sap.com\/latinamerica\/2020\/03\/del-desabasto-a-la-tienda-cerrada\/#primaryimage\",\"url\":\"https:\/\/news.sap.com\/latinamerica\/files\/2020\/03\/2020-03-26-1.jpg\",\"contentUrl\":\"https:\/\/news.sap.com\/latinamerica\/files\/2020\/03\/2020-03-26-1.jpg\",\"width\":5237,\"height\":3346},{\"@type\":\"BreadcrumbList\",\"@id\":\"https:\/\/news.sap.com\/latinamerica\/2020\/03\/del-desabasto-a-la-tienda-cerrada\/#breadcrumb\",\"itemListElement\":[{\"@type\":\"ListItem\",\"position\":1,\"name\":\"Home\",\"item\":\"https:\/\/news.sap.com\/latinamerica\/\"},{\"@type\":\"ListItem\",\"position\":2,\"name\":\"Del desabasto a la tienda cerrada\"}]},{\"@type\":\"WebSite\",\"@id\":\"https:\/\/news.sap.com\/latinamerica\/#website\",\"url\":\"https:\/\/news.sap.com\/latinamerica\/\",\"name\":\"麻豆原创 News Center Latinoam\u00e9rica\",\"description\":\"Noticias e informaci\u00f3n sobre 麻豆原创\",\"publisher\":{\"@id\":\"https:\/\/news.sap.com\/latinamerica\/#organization\"},\"potentialAction\":[{\"@type\":\"SearchAction\",\"target\":{\"@type\":\"EntryPoint\",\"urlTemplate\":\"https:\/\/news.sap.com\/latinamerica\/?s={search_term_string}\"},\"query-input\":{\"@type\":\"PropertyValueSpecification\",\"valueRequired\":true,\"valueName\":\"search_term_string\"}}],\"inLanguage\":\"es\"},{\"@type\":\"Organization\",\"@id\":\"https:\/\/news.sap.com\/latinamerica\/#organization\",\"name\":\"麻豆原创\",\"url\":\"https:\/\/news.sap.com\/latinamerica\/\",\"logo\":{\"@type\":\"ImageObject\",\"inLanguage\":\"es\",\"@id\":\"https:\/\/news.sap.com\/latinamerica\/#\/schema\/logo\/image\/\",\"url\":\"https:\/\/news.sap.com\/latinamerica\/files\/2019\/08\/65903320_2903797569662914_557886358778019840_n.png\",\"contentUrl\":\"https:\/\/news.sap.com\/latinamerica\/files\/2019\/08\/65903320_2903797569662914_557886358778019840_n.png\",\"width\":720,\"height\":720,\"caption\":\"麻豆原创\"},\"image\":{\"@id\":\"https:\/\/news.sap.com\/latinamerica\/#\/schema\/logo\/image\/\"},\"sameAs\":[\"https:\/\/www.facebook.com\/麻豆原创latinoamerica\",\"https:\/\/x.com\/麻豆原创LatinAmerica\"]},{\"@type\":\"Person\",\"@id\":\"https:\/\/news.sap.com\/latinamerica\/#\/schema\/person\/6a3484487857c5a22819ab1d09696cc4\",\"name\":\"Eduardo Bejarano\",\"image\":{\"@type\":\"ImageObject\",\"inLanguage\":\"es\",\"@id\":\"https:\/\/news.sap.com\/latinamerica\/#\/schema\/person\/image\/\",\"url\":\"https:\/\/news.sap.com\/latinamerica\/wp-content\/plugins\/wp-user-avatars\/wp-user-avatars\/assets\/images\/mystery.jpg\",\"contentUrl\":\"https:\/\/news.sap.com\/latinamerica\/wp-content\/plugins\/wp-user-avatars\/wp-user-avatars\/assets\/images\/mystery.jpg\",\"caption\":\"Eduardo Bejarano\"},\"url\":\"https:\/\/news.sap.com\/latinamerica\/author\/eduardobejarano\/\"}]}<\/script>\n<!-- \/ Yoast SEO Premium plugin. -->","yoast_head_json":{"title":"Del desabasto a la tienda cerrada - 麻豆原创 News Center Latinoam\u00e9rica","robots":{"index":"index","follow":"follow","max-snippet":"max-snippet:-1","max-image-preview":"max-image-preview:large","max-video-preview":"max-video-preview:-1"},"canonical":"https:\/\/news.sap.com\/latinamerica\/2020\/03\/del-desabasto-a-la-tienda-cerrada\/","og_locale":"es_MX","og_type":"article","og_title":"Del desabasto a la tienda cerrada","og_description":"El inicio del 2020 ha marcado un hecho sin precedentes en la historia moderna debido a la pandemia que hoy aqueja a m\u00e1s de 150...","og_url":"https:\/\/news.sap.com\/latinamerica\/2020\/03\/del-desabasto-a-la-tienda-cerrada\/","og_site_name":"麻豆原创 News Center Latinoam\u00e9rica","article_publisher":"https:\/\/www.facebook.com\/麻豆原创latinoamerica","article_published_time":"2020-03-26T23:38:30+00:00","article_modified_time":"2023-11-13T20:32:55+00:00","og_image":[{"width":5237,"height":3346,"url":"https:\/\/news.sap.com\/latinamerica\/files\/2020\/03\/2020-03-26-1.jpg","type":"image\/jpeg"}],"author":"Eduardo Bejarano","twitter_misc":{"Escrito por":"Eduardo Bejarano","Tiempo de lectura":"4 minutos"},"schema":{"@context":"https:\/\/schema.org","@graph":[{"@type":"Article","@id":"https:\/\/news.sap.com\/latinamerica\/2020\/03\/del-desabasto-a-la-tienda-cerrada\/#article","isPartOf":{"@id":"https:\/\/news.sap.com\/latinamerica\/2020\/03\/del-desabasto-a-la-tienda-cerrada\/"},"author":{"name":"Eduardo Bejarano","@id":"https:\/\/news.sap.com\/latinamerica\/#\/schema\/person\/6a3484487857c5a22819ab1d09696cc4"},"headline":"Del desabasto a la tienda cerrada","datePublished":"2020-03-26T23:38:30+00:00","dateModified":"2023-11-13T20:32:55+00:00","mainEntityOfPage":{"@id":"https:\/\/news.sap.com\/latinamerica\/2020\/03\/del-desabasto-a-la-tienda-cerrada\/"},"wordCount":889,"publisher":{"@id":"https:\/\/news.sap.com\/latinamerica\/#organization"},"image":{"@id":"https:\/\/news.sap.com\/latinamerica\/2020\/03\/del-desabasto-a-la-tienda-cerrada\/#primaryimage"},"thumbnailUrl":"https:\/\/news.sap.com\/latinamerica\/files\/2020\/03\/2020-03-26-1.jpg","articleSection":["Industrias"],"inLanguage":"es"},{"@type":"WebPage","@id":"https:\/\/news.sap.com\/latinamerica\/2020\/03\/del-desabasto-a-la-tienda-cerrada\/","url":"https:\/\/news.sap.com\/latinamerica\/2020\/03\/del-desabasto-a-la-tienda-cerrada\/","name":"Del desabasto a la tienda cerrada - 麻豆原创 News Center Latinoam\u00e9rica","isPartOf":{"@id":"https:\/\/news.sap.com\/latinamerica\/#website"},"primaryImageOfPage":{"@id":"https:\/\/news.sap.com\/latinamerica\/2020\/03\/del-desabasto-a-la-tienda-cerrada\/#primaryimage"},"image":{"@id":"https:\/\/news.sap.com\/latinamerica\/2020\/03\/del-desabasto-a-la-tienda-cerrada\/#primaryimage"},"thumbnailUrl":"https:\/\/news.sap.com\/latinamerica\/files\/2020\/03\/2020-03-26-1.jpg","datePublished":"2020-03-26T23:38:30+00:00","dateModified":"2023-11-13T20:32:55+00:00","breadcrumb":{"@id":"https:\/\/news.sap.com\/latinamerica\/2020\/03\/del-desabasto-a-la-tienda-cerrada\/#breadcrumb"},"inLanguage":"es","potentialAction":[{"@type":"ReadAction","target":["https:\/\/news.sap.com\/latinamerica\/2020\/03\/del-desabasto-a-la-tienda-cerrada\/"]}]},{"@type":"ImageObject","inLanguage":"es","@id":"https:\/\/news.sap.com\/latinamerica\/2020\/03\/del-desabasto-a-la-tienda-cerrada\/#primaryimage","url":"https:\/\/news.sap.com\/latinamerica\/files\/2020\/03\/2020-03-26-1.jpg","contentUrl":"https:\/\/news.sap.com\/latinamerica\/files\/2020\/03\/2020-03-26-1.jpg","width":5237,"height":3346},{"@type":"BreadcrumbList","@id":"https:\/\/news.sap.com\/latinamerica\/2020\/03\/del-desabasto-a-la-tienda-cerrada\/#breadcrumb","itemListElement":[{"@type":"ListItem","position":1,"name":"Home","item":"https:\/\/news.sap.com\/latinamerica\/"},{"@type":"ListItem","position":2,"name":"Del desabasto a la tienda cerrada"}]},{"@type":"WebSite","@id":"https:\/\/news.sap.com\/latinamerica\/#website","url":"https:\/\/news.sap.com\/latinamerica\/","name":"麻豆原创 News Center Latinoam\u00e9rica","description":"Noticias e informaci\u00f3n sobre 麻豆原创","publisher":{"@id":"https:\/\/news.sap.com\/latinamerica\/#organization"},"potentialAction":[{"@type":"SearchAction","target":{"@type":"EntryPoint","urlTemplate":"https:\/\/news.sap.com\/latinamerica\/?s={search_term_string}"},"query-input":{"@type":"PropertyValueSpecification","valueRequired":true,"valueName":"search_term_string"}}],"inLanguage":"es"},{"@type":"Organization","@id":"https:\/\/news.sap.com\/latinamerica\/#organization","name":"麻豆原创","url":"https:\/\/news.sap.com\/latinamerica\/","logo":{"@type":"ImageObject","inLanguage":"es","@id":"https:\/\/news.sap.com\/latinamerica\/#\/schema\/logo\/image\/","url":"https:\/\/news.sap.com\/latinamerica\/files\/2019\/08\/65903320_2903797569662914_557886358778019840_n.png","contentUrl":"https:\/\/news.sap.com\/latinamerica\/files\/2019\/08\/65903320_2903797569662914_557886358778019840_n.png","width":720,"height":720,"caption":"麻豆原创"},"image":{"@id":"https:\/\/news.sap.com\/latinamerica\/#\/schema\/logo\/image\/"},"sameAs":["https:\/\/www.facebook.com\/麻豆原创latinoamerica","https:\/\/x.com\/麻豆原创LatinAmerica"]},{"@type":"Person","@id":"https:\/\/news.sap.com\/latinamerica\/#\/schema\/person\/6a3484487857c5a22819ab1d09696cc4","name":"Eduardo Bejarano","image":{"@type":"ImageObject","inLanguage":"es","@id":"https:\/\/news.sap.com\/latinamerica\/#\/schema\/person\/image\/","url":"https:\/\/news.sap.com\/latinamerica\/wp-content\/plugins\/wp-user-avatars\/wp-user-avatars\/assets\/images\/mystery.jpg","contentUrl":"https:\/\/news.sap.com\/latinamerica\/wp-content\/plugins\/wp-user-avatars\/wp-user-avatars\/assets\/images\/mystery.jpg","caption":"Eduardo Bejarano"},"url":"https:\/\/news.sap.com\/latinamerica\/author\/eduardobejarano\/"}]}},"amp_enabled":true,"_links":{"self":[{"href":"https:\/\/news.sap.com\/latinamerica\/wp-json\/wp\/v2\/posts\/120345","targetHints":{"allow":["GET"]}}],"collection":[{"href":"https:\/\/news.sap.com\/latinamerica\/wp-json\/wp\/v2\/posts"}],"about":[{"href":"https:\/\/news.sap.com\/latinamerica\/wp-json\/wp\/v2\/types\/post"}],"author":[{"embeddable":true,"href":"https:\/\/news.sap.com\/latinamerica\/wp-json\/wp\/v2\/users\/4684"}],"replies":[{"embeddable":true,"href":"https:\/\/news.sap.com\/latinamerica\/wp-json\/wp\/v2\/comments?post=120345"}],"version-history":[{"count":0,"href":"https:\/\/news.sap.com\/latinamerica\/wp-json\/wp\/v2\/posts\/120345\/revisions"}],"wp:featuredmedia":[{"embeddable":true,"href":"https:\/\/news.sap.com\/latinamerica\/wp-json\/wp\/v2\/media\/120346"}],"wp:attachment":[{"href":"https:\/\/news.sap.com\/latinamerica\/wp-json\/wp\/v2\/media?parent=120345"}],"wp:term":[{"taxonomy":"category","embeddable":true,"href":"https:\/\/news.sap.com\/latinamerica\/wp-json\/wp\/v2\/categories?post=120345"},{"taxonomy":"post_tag","embeddable":true,"href":"https:\/\/news.sap.com\/latinamerica\/wp-json\/wp\/v2\/tags?post=120345"},{"taxonomy":"series","embeddable":true,"href":"https:\/\/news.sap.com\/latinamerica\/wp-json\/wp\/v2\/series?post=120345"},{"taxonomy":"region","embeddable":true,"href":"https:\/\/news.sap.com\/latinamerica\/wp-json\/wp\/v2\/region?post=120345"},{"taxonomy":"sapn-display","embeddable":true,"href":"https:\/\/news.sap.com\/latinamerica\/wp-json\/wp\/v2\/sapn-display?post=120345"},{"taxonomy":"sapn-type","embeddable":true,"href":"https:\/\/news.sap.com\/latinamerica\/wp-json\/wp\/v2\/sapn-type?post=120345"}],"curies":[{"name":"wp","href":"https:\/\/api.w.org\/{rel}","templated":true}]}}