  {"id":120267,"date":"2020-03-12T16:29:36","date_gmt":"2020-03-12T20:29:36","guid":{"rendered":"https:\/\/news.sap.com\/latinamerica\/?p=120267"},"modified":"2023-10-27T13:37:11","modified_gmt":"2023-10-27T17:37:11","slug":"tecnologia-aliada-en-la-respuesta-al-covid-19","status":"publish","type":"post","link":"https:\/\/news.sap.com\/latinamerica\/2020\/03\/tecnologia-aliada-en-la-respuesta-al-covid-19\/","title":{"rendered":"Tecnolog\u00eda aliada en la respuesta al COVID-19"},"content":{"rendered":"<p>&nbsp;<\/p>\n<ul>\n<li style=\"font-weight: 400\"><i><span style=\"font-weight: 400\">La <\/span><a href=\"https:\/\/www.csis.org\/analysis\/global-economic-impacts-covid-19\"><span style=\"font-weight: 400\">Organizaci\u00f3n para la Cooperaci\u00f3n y el Desarrollo Econ\u00f3micos<\/span><\/a><span style=\"font-weight: 400\"> (OCDE) redujo a 2.4% el crecimiento del PIB mundial para 2020 debido al impacto que est\u00e1 ocasionando el COVID-19<\/span><\/i><\/li>\n<\/ul>\n<ul>\n<li style=\"font-weight: 400\"><span style=\"font-weight: 400\">Con el uso de nuevas tecnolog\u00edas, los pa\u00edses y organizaciones pueden tomar mejores decisiones para responder a emergencias sanitarias <\/span><\/li>\n<\/ul>\n<p>&nbsp;<\/p>\n<p><b>CIUDAD DE M\u00c9XICO, M\u00e9xico \u2013 13 de marzo de 2020 \u2013 <\/b><span style=\"font-weight: 400\">La globalizaci\u00f3n y la evoluci\u00f3n tecnol\u00f3gica permiten a los pa\u00edses maximizar su interconectividad y operaciones comerciales, y derivado de esta din\u00e1mica, las epidemias traspasen fronteras m\u00e1s r\u00e1pido. Por su naturaleza de conectar a personas de diferentes partes del mundo, diversos sectores est\u00e1n siendo afectados por la reci\u00e9n declarada pandemia COVID-19, lo cual invita a repensar qu\u00e9 medidas previas o con qu\u00e9 elementos se tienen para responder ante estos hechos.<\/span><\/p>\n<p><span style=\"font-weight: 400\">Los estragos que esta emergencia sanitaria ha causado en la econom\u00eda mundial van desde la ca\u00edda del mercado burs\u00e1til hasta el retraso en las cadenas productivas de industrias como la automotriz o manufactura. \u00c9stas \u00faltimas, enfrentan la ca\u00edda del <\/span><a href=\"https:\/\/www.csis.org\/analysis\/global-economic-impacts-covid-19\"><span style=\"font-weight: 400\">17.2% de las exportaciones<\/span><\/a><span style=\"font-weight: 400\"> chinas<\/span><span style=\"font-weight: 400\">, lo que impacta particularmente en las cadenas globales de valor, donde M\u00e9xico se ve directamente afectado en el sector automotriz.<\/span><\/p>\n<p><span style=\"font-weight: 400\">En lo que refiere al sector tur\u00edstico, la Asociaci\u00f3n Internacional de Transporte A\u00e9reo (IATA) estima \u2013hasta ahora\u2013 una p\u00e9rdida de ingresos globales de entre <\/span><a href=\"https:\/\/www.iata.org\/en\/pressroom\/pr\/2020-03-05-01\/\"><span style=\"font-weight: 400\">63 y 113 millones de d\u00f3lares<\/span><\/a><span style=\"font-weight: 400\"> en el sector de aviaci\u00f3n comercial. Por otra parte, la Organizaci\u00f3n Mundial del Turismo (OMT), estima crecimiento negativo de entre <\/span><a href=\"https:\/\/www.unwto.org\/es\/news\/covid-19-la-omt-pide-que-el-turismo-se-incluya-en-los-planes-de-recuperacion\"><span style=\"font-weight: 400\">1% y 3%<\/span><\/a><span style=\"font-weight: 400\"> generando p\u00e9rdidas para el sector de hasta 50 mil millones de d\u00f3lares.\u00a0<\/span><\/p>\n<p><span style=\"font-weight: 400\">Las organizaciones de la industria tur\u00edstica \u2013aerol\u00edneas, hoteles, cruceros, restaurantes y las dependencias gubernamentales\u2013 deben de estar preparadas con protocolos que respondan a las pautas que dicten los organismos internacionales y las autoridades locales. <\/span><\/p>\n<blockquote><p><i><span style=\"font-weight: 400\">\u201cSituaciones sanitarias como la que vivimos actualmente no se pueden anticipar, sin embargo, s\u00ed podemos mitigar su impacto gracias a las herramientas necesarias para responder con la velocidad que se requiere. Los beneficios que nos ofrece la tecnolog\u00eda nos permiten tener visibilidad y trazabilidad de personas contagiadas y responder oportunamente para identificar nuevos contagios, al tiempo que nos conecta con proveedores diversos que pueden ser una alternativa para los desaf\u00edos que enfrentan las cadenas productivas a nivel mundial\u201d coment\u00f3 <\/span><\/i><b>Paula Colmenares, directora de Ingenier\u00eda de Valor para Multi-industrias de 麻豆原创 M\u00e9xico.<\/b><\/p><\/blockquote>\n<p><span style=\"font-weight: 400\">Innovaciones como la inteligencia artificial o el Big Data se est\u00e1n convirtiendo en aliados estrat\u00e9gicos ya que, con el an\u00e1lisis de datos en tiempo real, los gobiernos y organizaciones pueden tener acceso a informaci\u00f3n para predecir, detectar, monitorear y rastrear la trayectoria de la enfermedad permitiendo a los profesionales e instituciones de la salud responder ante esta situaci\u00f3n. De igual forma, el uso de chatbots puede ser una alternativa para monitorear el progreso de pacientes ya infectados sin tener que exponer a m\u00e9dicos o especialistas.\u00a0<\/span><\/p>\n<p><span style=\"font-weight: 400\">Adem\u00e1s, el sector tur\u00edstico puede tener a su favor la integraci\u00f3n de robots e Internet de las Cosas para facilitar el Room Service y la atenci\u00f3n a sus hu\u00e9spedes y no maximizar el contacto con el personal en situaciones como estas. En lo referente a las actividades laborales cotidianas, hoy en d\u00eda se cuenta con m\u00e1s herramientas que propicien mejores experiencias de trabajo v\u00eda remota.<\/span><\/p>\n<blockquote><p><span style=\"font-weight: 400\"><i>\u201cA medida que la interconectividad se hace m\u00e1s estrecha, y tengamos nuevas y mejoras formas de mantenernos cercanos, los riesgos aumentan, y en este caso, las epidemias se vuelven m\u00e1s veloces alcanzando un impacto mayor que a\u00f1os anteriores. En este sentido, debemos redoblar esfuerzos desde el frente donde nos corresponda para estar conscientes de estos riesgos y sobre todo para contar con los mejores protocolos, teniendo a la tecnolog\u00eda como aliada\u201d<\/i> concluy\u00f3 <b>Colmenares<\/b>.\u00a0 <\/span><\/p><\/blockquote>\n<p>&nbsp;<\/p>\n","protected":false},"excerpt":{"rendered":"<p>&nbsp; La Organizaci\u00f3n para la Cooperaci\u00f3n y el Desarrollo Econ\u00f3micos (OCDE) redujo a 2.4% el crecimiento del PIB mundial para 2020 debido al impacto que&#8230;<\/p>\n","protected":false},"author":136,"featured_media":120271,"comment_status":"closed","ping_status":"closed","sticky":false,"template":"","format":"standard","meta":{"footnotes":"","_links_to":"","_links_to_target":""},"categories":[41591,24297],"tags":[56982],"series":[],"region":[],"sapn-display":[52079],"sapn-type":[52105],"class_list":["post-120267","post","type-post","status-publish","format-standard","has-post-thumbnail","hentry","category-corporativo","category-tecnologia","tag-cuidado-de-la-salud","sapn-display-top-stories","sapn-type-comunicado-de-prensa"],"yoast_head":"<!-- This site is optimized with the Yoast SEO Premium plugin v26.9 (Yoast SEO v26.9) - https:\/\/yoast.com\/product\/yoast-seo-premium-wordpress\/ -->\n<title>Tecnolog\u00eda aliada en la respuesta al COVID-19 - 麻豆原创 News Center Latinoam\u00e9rica<\/title>\n<meta name=\"robots\" content=\"index, follow, max-snippet:-1, max-image-preview:large, max-video-preview:-1\" \/>\n<link rel=\"canonical\" href=\"https:\/\/news.sap.com\/latinamerica\/2020\/03\/tecnologia-aliada-en-la-respuesta-al-covid-19\/\" \/>\n<meta property=\"og:locale\" content=\"es_MX\" \/>\n<meta property=\"og:type\" content=\"article\" \/>\n<meta property=\"og:title\" content=\"Tecnolog\u00eda aliada en la respuesta al COVID-19\" \/>\n<meta property=\"og:description\" content=\"&nbsp; La Organizaci\u00f3n para la Cooperaci\u00f3n y el Desarrollo Econ\u00f3micos (OCDE) redujo a 2.4% el crecimiento del PIB mundial para 2020 debido al impacto que...\" \/>\n<meta property=\"og:url\" content=\"https:\/\/news.sap.com\/latinamerica\/2020\/03\/tecnologia-aliada-en-la-respuesta-al-covid-19\/\" \/>\n<meta property=\"og:site_name\" content=\"麻豆原创 News Center Latinoam\u00e9rica\" \/>\n<meta property=\"article:publisher\" content=\"https:\/\/www.facebook.com\/麻豆原创latinoamerica\" \/>\n<meta property=\"article:published_time\" content=\"2020-03-12T20:29:36+00:00\" \/>\n<meta property=\"article:modified_time\" content=\"2023-10-27T17:37:11+00:00\" \/>\n<meta property=\"og:image\" content=\"https:\/\/news.sap.com\/latinamerica\/files\/2020\/03\/281825_offset_comp_119983_low.jpg\" \/>\n\t<meta property=\"og:image:width\" content=\"5123\" \/>\n\t<meta property=\"og:image:height\" content=\"3415\" \/>\n\t<meta property=\"og:image:type\" content=\"image\/jpeg\" \/>\n<meta name=\"author\" content=\"麻豆原创 Noticias\" \/>\n<meta name=\"twitter:label1\" content=\"Escrito por\" \/>\n\t<meta name=\"twitter:data1\" content=\"麻豆原创 Noticias\" \/>\n\t<meta name=\"twitter:label2\" content=\"Tiempo de lectura\" \/>\n\t<meta name=\"twitter:data2\" content=\"3 minutos\" \/>\n<script type=\"application\/ld+json\" class=\"yoast-schema-graph\">{\"@context\":\"https:\/\/schema.org\",\"@graph\":[{\"@type\":\"Article\",\"@id\":\"https:\/\/news.sap.com\/latinamerica\/2020\/03\/tecnologia-aliada-en-la-respuesta-al-covid-19\/#article\",\"isPartOf\":{\"@id\":\"https:\/\/news.sap.com\/latinamerica\/2020\/03\/tecnologia-aliada-en-la-respuesta-al-covid-19\/\"},\"author\":{\"name\":\"麻豆原创 Noticias\",\"@id\":\"https:\/\/news.sap.com\/latinamerica\/#\/schema\/person\/5afd2cbf5bb622e078932b40a4470d47\"},\"headline\":\"Tecnolog\u00eda aliada en la respuesta al COVID-19\",\"datePublished\":\"2020-03-12T20:29:36+00:00\",\"dateModified\":\"2023-10-27T17:37:11+00:00\",\"mainEntityOfPage\":{\"@id\":\"https:\/\/news.sap.com\/latinamerica\/2020\/03\/tecnologia-aliada-en-la-respuesta-al-covid-19\/\"},\"wordCount\":657,\"publisher\":{\"@id\":\"https:\/\/news.sap.com\/latinamerica\/#organization\"},\"image\":{\"@id\":\"https:\/\/news.sap.com\/latinamerica\/2020\/03\/tecnologia-aliada-en-la-respuesta-al-covid-19\/#primaryimage\"},\"thumbnailUrl\":\"https:\/\/news.sap.com\/latinamerica\/files\/2020\/03\/281825_offset_comp_119983_low.jpg\",\"keywords\":[\"cuidado de la salud\"],\"articleSection\":[\"Corporativo\",\"Tecnolog\u00eda\"],\"inLanguage\":\"es\"},{\"@type\":\"WebPage\",\"@id\":\"https:\/\/news.sap.com\/latinamerica\/2020\/03\/tecnologia-aliada-en-la-respuesta-al-covid-19\/\",\"url\":\"https:\/\/news.sap.com\/latinamerica\/2020\/03\/tecnologia-aliada-en-la-respuesta-al-covid-19\/\",\"name\":\"Tecnolog\u00eda aliada en la respuesta al COVID-19 - 麻豆原创 News Center Latinoam\u00e9rica\",\"isPartOf\":{\"@id\":\"https:\/\/news.sap.com\/latinamerica\/#website\"},\"primaryImageOfPage\":{\"@id\":\"https:\/\/news.sap.com\/latinamerica\/2020\/03\/tecnologia-aliada-en-la-respuesta-al-covid-19\/#primaryimage\"},\"image\":{\"@id\":\"https:\/\/news.sap.com\/latinamerica\/2020\/03\/tecnologia-aliada-en-la-respuesta-al-covid-19\/#primaryimage\"},\"thumbnailUrl\":\"https:\/\/news.sap.com\/latinamerica\/files\/2020\/03\/281825_offset_comp_119983_low.jpg\",\"datePublished\":\"2020-03-12T20:29:36+00:00\",\"dateModified\":\"2023-10-27T17:37:11+00:00\",\"breadcrumb\":{\"@id\":\"https:\/\/news.sap.com\/latinamerica\/2020\/03\/tecnologia-aliada-en-la-respuesta-al-covid-19\/#breadcrumb\"},\"inLanguage\":\"es\",\"potentialAction\":[{\"@type\":\"ReadAction\",\"target\":[\"https:\/\/news.sap.com\/latinamerica\/2020\/03\/tecnologia-aliada-en-la-respuesta-al-covid-19\/\"]}]},{\"@type\":\"ImageObject\",\"inLanguage\":\"es\",\"@id\":\"https:\/\/news.sap.com\/latinamerica\/2020\/03\/tecnologia-aliada-en-la-respuesta-al-covid-19\/#primaryimage\",\"url\":\"https:\/\/news.sap.com\/latinamerica\/files\/2020\/03\/281825_offset_comp_119983_low.jpg\",\"contentUrl\":\"https:\/\/news.sap.com\/latinamerica\/files\/2020\/03\/281825_offset_comp_119983_low.jpg\",\"width\":5123,\"height\":3415},{\"@type\":\"BreadcrumbList\",\"@id\":\"https:\/\/news.sap.com\/latinamerica\/2020\/03\/tecnologia-aliada-en-la-respuesta-al-covid-19\/#breadcrumb\",\"itemListElement\":[{\"@type\":\"ListItem\",\"position\":1,\"name\":\"Home\",\"item\":\"https:\/\/news.sap.com\/latinamerica\/\"},{\"@type\":\"ListItem\",\"position\":2,\"name\":\"Tecnolog\u00eda aliada en la respuesta al COVID-19\"}]},{\"@type\":\"WebSite\",\"@id\":\"https:\/\/news.sap.com\/latinamerica\/#website\",\"url\":\"https:\/\/news.sap.com\/latinamerica\/\",\"name\":\"麻豆原创 News Center Latinoam\u00e9rica\",\"description\":\"Noticias e informaci\u00f3n sobre 麻豆原创\",\"publisher\":{\"@id\":\"https:\/\/news.sap.com\/latinamerica\/#organization\"},\"potentialAction\":[{\"@type\":\"SearchAction\",\"target\":{\"@type\":\"EntryPoint\",\"urlTemplate\":\"https:\/\/news.sap.com\/latinamerica\/?s={search_term_string}\"},\"query-input\":{\"@type\":\"PropertyValueSpecification\",\"valueRequired\":true,\"valueName\":\"search_term_string\"}}],\"inLanguage\":\"es\"},{\"@type\":\"Organization\",\"@id\":\"https:\/\/news.sap.com\/latinamerica\/#organization\",\"name\":\"麻豆原创\",\"url\":\"https:\/\/news.sap.com\/latinamerica\/\",\"logo\":{\"@type\":\"ImageObject\",\"inLanguage\":\"es\",\"@id\":\"https:\/\/news.sap.com\/latinamerica\/#\/schema\/logo\/image\/\",\"url\":\"https:\/\/news.sap.com\/latinamerica\/files\/2019\/08\/65903320_2903797569662914_557886358778019840_n.png\",\"contentUrl\":\"https:\/\/news.sap.com\/latinamerica\/files\/2019\/08\/65903320_2903797569662914_557886358778019840_n.png\",\"width\":720,\"height\":720,\"caption\":\"麻豆原创\"},\"image\":{\"@id\":\"https:\/\/news.sap.com\/latinamerica\/#\/schema\/logo\/image\/\"},\"sameAs\":[\"https:\/\/www.facebook.com\/麻豆原创latinoamerica\",\"https:\/\/x.com\/麻豆原创LatinAmerica\"]},{\"@type\":\"Person\",\"@id\":\"https:\/\/news.sap.com\/latinamerica\/#\/schema\/person\/5afd2cbf5bb622e078932b40a4470d47\",\"name\":\"麻豆原创 Noticias\",\"image\":{\"@type\":\"ImageObject\",\"inLanguage\":\"es\",\"@id\":\"https:\/\/news.sap.com\/latinamerica\/#\/schema\/person\/image\/\",\"url\":\"https:\/\/news.sap.com\/latinamerica\/wp-content\/plugins\/wp-user-avatars\/wp-user-avatars\/assets\/images\/mystery.jpg\",\"contentUrl\":\"https:\/\/news.sap.com\/latinamerica\/wp-content\/plugins\/wp-user-avatars\/wp-user-avatars\/assets\/images\/mystery.jpg\",\"caption\":\"麻豆原创 Noticias\"},\"url\":\"https:\/\/news.sap.com\/latinamerica\/author\/mexico\/\"}]}<\/script>\n<!-- \/ Yoast SEO Premium plugin. -->","yoast_head_json":{"title":"Tecnolog\u00eda aliada en la respuesta al COVID-19 - 麻豆原创 News Center Latinoam\u00e9rica","robots":{"index":"index","follow":"follow","max-snippet":"max-snippet:-1","max-image-preview":"max-image-preview:large","max-video-preview":"max-video-preview:-1"},"canonical":"https:\/\/news.sap.com\/latinamerica\/2020\/03\/tecnologia-aliada-en-la-respuesta-al-covid-19\/","og_locale":"es_MX","og_type":"article","og_title":"Tecnolog\u00eda aliada en la respuesta al COVID-19","og_description":"&nbsp; La Organizaci\u00f3n para la Cooperaci\u00f3n y el Desarrollo Econ\u00f3micos (OCDE) redujo a 2.4% el crecimiento del PIB mundial para 2020 debido al impacto que...","og_url":"https:\/\/news.sap.com\/latinamerica\/2020\/03\/tecnologia-aliada-en-la-respuesta-al-covid-19\/","og_site_name":"麻豆原创 News Center Latinoam\u00e9rica","article_publisher":"https:\/\/www.facebook.com\/麻豆原创latinoamerica","article_published_time":"2020-03-12T20:29:36+00:00","article_modified_time":"2023-10-27T17:37:11+00:00","og_image":[{"width":5123,"height":3415,"url":"https:\/\/news.sap.com\/latinamerica\/files\/2020\/03\/281825_offset_comp_119983_low.jpg","type":"image\/jpeg"}],"author":"麻豆原创 Noticias","twitter_misc":{"Escrito por":"麻豆原创 Noticias","Tiempo de lectura":"3 minutos"},"schema":{"@context":"https:\/\/schema.org","@graph":[{"@type":"Article","@id":"https:\/\/news.sap.com\/latinamerica\/2020\/03\/tecnologia-aliada-en-la-respuesta-al-covid-19\/#article","isPartOf":{"@id":"https:\/\/news.sap.com\/latinamerica\/2020\/03\/tecnologia-aliada-en-la-respuesta-al-covid-19\/"},"author":{"name":"麻豆原创 Noticias","@id":"https:\/\/news.sap.com\/latinamerica\/#\/schema\/person\/5afd2cbf5bb622e078932b40a4470d47"},"headline":"Tecnolog\u00eda aliada en la respuesta al COVID-19","datePublished":"2020-03-12T20:29:36+00:00","dateModified":"2023-10-27T17:37:11+00:00","mainEntityOfPage":{"@id":"https:\/\/news.sap.com\/latinamerica\/2020\/03\/tecnologia-aliada-en-la-respuesta-al-covid-19\/"},"wordCount":657,"publisher":{"@id":"https:\/\/news.sap.com\/latinamerica\/#organization"},"image":{"@id":"https:\/\/news.sap.com\/latinamerica\/2020\/03\/tecnologia-aliada-en-la-respuesta-al-covid-19\/#primaryimage"},"thumbnailUrl":"https:\/\/news.sap.com\/latinamerica\/files\/2020\/03\/281825_offset_comp_119983_low.jpg","keywords":["cuidado de la salud"],"articleSection":["Corporativo","Tecnolog\u00eda"],"inLanguage":"es"},{"@type":"WebPage","@id":"https:\/\/news.sap.com\/latinamerica\/2020\/03\/tecnologia-aliada-en-la-respuesta-al-covid-19\/","url":"https:\/\/news.sap.com\/latinamerica\/2020\/03\/tecnologia-aliada-en-la-respuesta-al-covid-19\/","name":"Tecnolog\u00eda aliada en la respuesta al COVID-19 - 麻豆原创 News Center Latinoam\u00e9rica","isPartOf":{"@id":"https:\/\/news.sap.com\/latinamerica\/#website"},"primaryImageOfPage":{"@id":"https:\/\/news.sap.com\/latinamerica\/2020\/03\/tecnologia-aliada-en-la-respuesta-al-covid-19\/#primaryimage"},"image":{"@id":"https:\/\/news.sap.com\/latinamerica\/2020\/03\/tecnologia-aliada-en-la-respuesta-al-covid-19\/#primaryimage"},"thumbnailUrl":"https:\/\/news.sap.com\/latinamerica\/files\/2020\/03\/281825_offset_comp_119983_low.jpg","datePublished":"2020-03-12T20:29:36+00:00","dateModified":"2023-10-27T17:37:11+00:00","breadcrumb":{"@id":"https:\/\/news.sap.com\/latinamerica\/2020\/03\/tecnologia-aliada-en-la-respuesta-al-covid-19\/#breadcrumb"},"inLanguage":"es","potentialAction":[{"@type":"ReadAction","target":["https:\/\/news.sap.com\/latinamerica\/2020\/03\/tecnologia-aliada-en-la-respuesta-al-covid-19\/"]}]},{"@type":"ImageObject","inLanguage":"es","@id":"https:\/\/news.sap.com\/latinamerica\/2020\/03\/tecnologia-aliada-en-la-respuesta-al-covid-19\/#primaryimage","url":"https:\/\/news.sap.com\/latinamerica\/files\/2020\/03\/281825_offset_comp_119983_low.jpg","contentUrl":"https:\/\/news.sap.com\/latinamerica\/files\/2020\/03\/281825_offset_comp_119983_low.jpg","width":5123,"height":3415},{"@type":"BreadcrumbList","@id":"https:\/\/news.sap.com\/latinamerica\/2020\/03\/tecnologia-aliada-en-la-respuesta-al-covid-19\/#breadcrumb","itemListElement":[{"@type":"ListItem","position":1,"name":"Home","item":"https:\/\/news.sap.com\/latinamerica\/"},{"@type":"ListItem","position":2,"name":"Tecnolog\u00eda aliada en la respuesta al COVID-19"}]},{"@type":"WebSite","@id":"https:\/\/news.sap.com\/latinamerica\/#website","url":"https:\/\/news.sap.com\/latinamerica\/","name":"麻豆原创 News Center Latinoam\u00e9rica","description":"Noticias e informaci\u00f3n sobre 麻豆原创","publisher":{"@id":"https:\/\/news.sap.com\/latinamerica\/#organization"},"potentialAction":[{"@type":"SearchAction","target":{"@type":"EntryPoint","urlTemplate":"https:\/\/news.sap.com\/latinamerica\/?s={search_term_string}"},"query-input":{"@type":"PropertyValueSpecification","valueRequired":true,"valueName":"search_term_string"}}],"inLanguage":"es"},{"@type":"Organization","@id":"https:\/\/news.sap.com\/latinamerica\/#organization","name":"麻豆原创","url":"https:\/\/news.sap.com\/latinamerica\/","logo":{"@type":"ImageObject","inLanguage":"es","@id":"https:\/\/news.sap.com\/latinamerica\/#\/schema\/logo\/image\/","url":"https:\/\/news.sap.com\/latinamerica\/files\/2019\/08\/65903320_2903797569662914_557886358778019840_n.png","contentUrl":"https:\/\/news.sap.com\/latinamerica\/files\/2019\/08\/65903320_2903797569662914_557886358778019840_n.png","width":720,"height":720,"caption":"麻豆原创"},"image":{"@id":"https:\/\/news.sap.com\/latinamerica\/#\/schema\/logo\/image\/"},"sameAs":["https:\/\/www.facebook.com\/麻豆原创latinoamerica","https:\/\/x.com\/麻豆原创LatinAmerica"]},{"@type":"Person","@id":"https:\/\/news.sap.com\/latinamerica\/#\/schema\/person\/5afd2cbf5bb622e078932b40a4470d47","name":"麻豆原创 Noticias","image":{"@type":"ImageObject","inLanguage":"es","@id":"https:\/\/news.sap.com\/latinamerica\/#\/schema\/person\/image\/","url":"https:\/\/news.sap.com\/latinamerica\/wp-content\/plugins\/wp-user-avatars\/wp-user-avatars\/assets\/images\/mystery.jpg","contentUrl":"https:\/\/news.sap.com\/latinamerica\/wp-content\/plugins\/wp-user-avatars\/wp-user-avatars\/assets\/images\/mystery.jpg","caption":"麻豆原创 Noticias"},"url":"https:\/\/news.sap.com\/latinamerica\/author\/mexico\/"}]}},"amp_enabled":true,"_links":{"self":[{"href":"https:\/\/news.sap.com\/latinamerica\/wp-json\/wp\/v2\/posts\/120267","targetHints":{"allow":["GET"]}}],"collection":[{"href":"https:\/\/news.sap.com\/latinamerica\/wp-json\/wp\/v2\/posts"}],"about":[{"href":"https:\/\/news.sap.com\/latinamerica\/wp-json\/wp\/v2\/types\/post"}],"author":[{"embeddable":true,"href":"https:\/\/news.sap.com\/latinamerica\/wp-json\/wp\/v2\/users\/136"}],"replies":[{"embeddable":true,"href":"https:\/\/news.sap.com\/latinamerica\/wp-json\/wp\/v2\/comments?post=120267"}],"version-history":[{"count":0,"href":"https:\/\/news.sap.com\/latinamerica\/wp-json\/wp\/v2\/posts\/120267\/revisions"}],"wp:featuredmedia":[{"embeddable":true,"href":"https:\/\/news.sap.com\/latinamerica\/wp-json\/wp\/v2\/media\/120271"}],"wp:attachment":[{"href":"https:\/\/news.sap.com\/latinamerica\/wp-json\/wp\/v2\/media?parent=120267"}],"wp:term":[{"taxonomy":"category","embeddable":true,"href":"https:\/\/news.sap.com\/latinamerica\/wp-json\/wp\/v2\/categories?post=120267"},{"taxonomy":"post_tag","embeddable":true,"href":"https:\/\/news.sap.com\/latinamerica\/wp-json\/wp\/v2\/tags?post=120267"},{"taxonomy":"series","embeddable":true,"href":"https:\/\/news.sap.com\/latinamerica\/wp-json\/wp\/v2\/series?post=120267"},{"taxonomy":"region","embeddable":true,"href":"https:\/\/news.sap.com\/latinamerica\/wp-json\/wp\/v2\/region?post=120267"},{"taxonomy":"sapn-display","embeddable":true,"href":"https:\/\/news.sap.com\/latinamerica\/wp-json\/wp\/v2\/sapn-display?post=120267"},{"taxonomy":"sapn-type","embeddable":true,"href":"https:\/\/news.sap.com\/latinamerica\/wp-json\/wp\/v2\/sapn-type?post=120267"}],"curies":[{"name":"wp","href":"https:\/\/api.w.org\/{rel}","templated":true}]}}