  {"id":120250,"date":"2020-03-11T10:34:00","date_gmt":"2020-03-11T14:34:00","guid":{"rendered":"https:\/\/news.sap.com\/latinamerica\/?p=120250"},"modified":"2023-11-14T16:15:07","modified_gmt":"2023-11-14T21:15:07","slug":"el-valor-de-las-ongs-para-alcanzar-la-agenda-2030","status":"publish","type":"post","link":"https:\/\/news.sap.com\/latinamerica\/2020\/03\/el-valor-de-las-ongs-para-alcanzar-la-agenda-2030\/","title":{"rendered":"El valor de las ONGs para alcanzar la Agenda 2030"},"content":{"rendered":"<p><b>Ciudad de M\u00e9xico, M\u00e9xico, 11 de marzo de 2020 \u2013 <\/b><span style=\"font-weight: 400\">Los desaf\u00edos que el mundo enfrenta demandan \u2013cada vez m\u00e1s y con mayor fuerza\u2013 la colaboraci\u00f3n entre diferentes actores de la sociedad. Muestra de esto es el compromiso adquirido en 2015 por los Estados miembro de Naciones Unidas para plantear y adoptar una nueva agenda para 2030. <\/span><\/p>\n<p><span style=\"font-weight: 400\">Esta hoja de ruta conocida como la Agenda 2030 sustenta 17 objetivos y 169 metas que gu\u00edan los esfuerzos para hacer frente a dichos retos que abarcan \u00e1mbitos econ\u00f3micos, sociales y ambientales. Sin embargo, la velocidad que demanda el mundo para alcanzar estos objetivos en la fecha establecida requiere del trabajo colaborativo entre diferentes art\u00edfices donde destaca la importancia de las Organizaciones No Gubernamentales (ONGs). <\/span><\/p>\n<p><span style=\"font-weight: 400\">En este sentido, los puentes construidos entre la iniciativa privada y las ONGs son catalizadores del cambio. Para la iniciativa privada, las ONGs son aliadas clave que impulsan el desarrollo sostenible en alineaci\u00f3n con sus valores y prop\u00f3sito. La cooperaci\u00f3n entre las ONGs y la IP muchas veces puede ir m\u00e1s all\u00e1 de lo establecido por las \u00e1reas de Responsabilidad Social, adoptando un papel de agentes que vinculan esfuerzos entre otras empresas y sectores.\u00a0<\/span><\/p>\n<p><span style=\"font-weight: 400\">Ante este panorama, 麻豆原创 ha centrado sus esfuerzos con ONGs aliadas para la ejecuci\u00f3n de programas sustentables que involucren la soluci\u00f3n de problem\u00e1ticas como educaci\u00f3n, trabajo justo e igualdad de g\u00e9nero.<\/span><\/p>\n<blockquote><p><i><span style=\"font-weight: 400\">\u201cA medida que los retos del mundo se tornan m\u00e1s complejos, las medidas para resolverlos demandan estrategias de mayor colaboraci\u00f3n que garanticen veh\u00edculos de participaci\u00f3n para m\u00e1s actores. En este contexto, las Organizaciones No Gubernamentales fungen como puente para acercar a empresas, sus colaboradores, sociedad civil y sector p\u00fablico, democratizan los proyectos, y aseguran mayor impacto, al tiempo que elevan los est\u00e1ndares de \u00e9tica y cumplimiento\u201d c<\/span><\/i><span style=\"font-weight: 400\">oment\u00f3 <\/span><b>Raquel Macias, Directora de Asuntos Corporativos y Responsabilidad Social de 麻豆原创 M\u00e9xico.<\/b><\/p><\/blockquote>\n<p><span style=\"font-weight: 400\">En relaci\u00f3n a lo anterior, 麻豆原创 M\u00e9xico recientemente public\u00f3 su <\/span><a href=\"https:\/\/news.sap.com\/latinamerica\/files\/2020\/03\/Reporte-RSC-2019.pdf\"><span style=\"font-weight: 400\">reporte<\/span><\/a><span style=\"font-weight: 400\"> de Responsabilidad Social Corporativa con las iniciativas implementadas durante 2019 enfocadas en educaci\u00f3n y emprendimiento, con ONGs como <\/span><b>Endeavor, Fundacio\u0301n EDUCA, Junior Achievement, Laboratoria, Vital Voices y WEConnect International<\/b><span style=\"font-weight: 400\">. Durante este periodo la compa\u00f1\u00eda impact\u00f3 m\u00e1s de 49 mil vidas a trav\u00e9s del voluntariado de sus colaboradores que suman m\u00e1s de 2 mil horas.\u00a0<\/span><\/p>\n<p><span style=\"font-weight: 400\">Para consultar el reporte visita: <\/span><a href=\"https:\/\/news.sap.com\/latinamerica\/files\/2020\/03\/Reporte-RSC-2019.pdf\"><span style=\"font-weight: 400\">https:\/\/news.sap.com\/latinamerica\/files\/2020\/03\/Reporte-RSC-2019.pdf<\/span><\/a><\/p>\n<p>&nbsp;<\/p>\n","protected":false},"excerpt":{"rendered":"<p>Ciudad de M\u00e9xico, M\u00e9xico, 11 de marzo de 2020 \u2013 Los desaf\u00edos que el mundo enfrenta demandan \u2013cada vez m\u00e1s y con mayor fuerza\u2013 la&#8230;<\/p>\n","protected":false},"author":136,"featured_media":120251,"comment_status":"closed","ping_status":"closed","sticky":false,"template":"","format":"standard","meta":{"footnotes":"","_links_to":"","_links_to_target":""},"categories":[41591],"tags":[509569,5550869],"series":[],"region":[],"sapn-display":[52079],"sapn-type":[52105],"class_list":["post-120250","post","type-post","status-publish","format-standard","has-post-thumbnail","hentry","category-corporativo","tag-diversidad-e-inclusion","tag-responsabilidad-social","sapn-display-top-stories","sapn-type-comunicado-de-prensa"],"yoast_head":"<!-- This site is optimized with the Yoast SEO Premium plugin v26.9 (Yoast SEO v26.9) - https:\/\/yoast.com\/product\/yoast-seo-premium-wordpress\/ -->\n<title>El valor de las ONGs para alcanzar la Agenda 2030 - 麻豆原创 News Center Latinoam\u00e9rica<\/title>\n<meta name=\"robots\" content=\"index, follow, max-snippet:-1, max-image-preview:large, max-video-preview:-1\" \/>\n<link rel=\"canonical\" href=\"https:\/\/news.sap.com\/latinamerica\/2020\/03\/el-valor-de-las-ongs-para-alcanzar-la-agenda-2030\/\" \/>\n<meta property=\"og:locale\" content=\"es_MX\" \/>\n<meta property=\"og:type\" content=\"article\" \/>\n<meta property=\"og:title\" content=\"El valor de las ONGs para alcanzar la Agenda 2030\" \/>\n<meta property=\"og:description\" content=\"Ciudad de M\u00e9xico, M\u00e9xico, 11 de marzo de 2020 \u2013 Los desaf\u00edos que el mundo enfrenta demandan \u2013cada vez m\u00e1s y con mayor fuerza\u2013 la...\" \/>\n<meta property=\"og:url\" content=\"https:\/\/news.sap.com\/latinamerica\/2020\/03\/el-valor-de-las-ongs-para-alcanzar-la-agenda-2030\/\" \/>\n<meta property=\"og:site_name\" content=\"麻豆原创 News Center Latinoam\u00e9rica\" \/>\n<meta property=\"article:publisher\" content=\"https:\/\/www.facebook.com\/麻豆原创latinoamerica\" \/>\n<meta property=\"article:published_time\" content=\"2020-03-11T14:34:00+00:00\" \/>\n<meta property=\"article:modified_time\" content=\"2023-11-14T21:15:07+00:00\" \/>\n<meta property=\"og:image\" content=\"https:\/\/news.sap.com\/latinamerica\/files\/2020\/03\/280238_GettyImages-492878594_low.jpg\" \/>\n\t<meta property=\"og:image:width\" content=\"5760\" \/>\n\t<meta property=\"og:image:height\" content=\"3840\" \/>\n\t<meta property=\"og:image:type\" content=\"image\/jpeg\" \/>\n<meta name=\"author\" content=\"麻豆原创 Noticias\" \/>\n<meta name=\"twitter:label1\" content=\"Escrito por\" \/>\n\t<meta name=\"twitter:data1\" content=\"麻豆原创 Noticias\" \/>\n\t<meta name=\"twitter:label2\" content=\"Tiempo de lectura\" \/>\n\t<meta name=\"twitter:data2\" content=\"2 minutos\" \/>\n<script type=\"application\/ld+json\" class=\"yoast-schema-graph\">{\"@context\":\"https:\/\/schema.org\",\"@graph\":[{\"@type\":\"Article\",\"@id\":\"https:\/\/news.sap.com\/latinamerica\/2020\/03\/el-valor-de-las-ongs-para-alcanzar-la-agenda-2030\/#article\",\"isPartOf\":{\"@id\":\"https:\/\/news.sap.com\/latinamerica\/2020\/03\/el-valor-de-las-ongs-para-alcanzar-la-agenda-2030\/\"},\"author\":{\"name\":\"麻豆原创 Noticias\",\"@id\":\"https:\/\/news.sap.com\/latinamerica\/#\/schema\/person\/5afd2cbf5bb622e078932b40a4470d47\"},\"headline\":\"El valor de las ONGs para alcanzar la Agenda 2030\",\"datePublished\":\"2020-03-11T14:34:00+00:00\",\"dateModified\":\"2023-11-14T21:15:07+00:00\",\"mainEntityOfPage\":{\"@id\":\"https:\/\/news.sap.com\/latinamerica\/2020\/03\/el-valor-de-las-ongs-para-alcanzar-la-agenda-2030\/\"},\"wordCount\":417,\"publisher\":{\"@id\":\"https:\/\/news.sap.com\/latinamerica\/#organization\"},\"image\":{\"@id\":\"https:\/\/news.sap.com\/latinamerica\/2020\/03\/el-valor-de-las-ongs-para-alcanzar-la-agenda-2030\/#primaryimage\"},\"thumbnailUrl\":\"https:\/\/news.sap.com\/latinamerica\/files\/2020\/03\/280238_GettyImages-492878594_low.jpg\",\"keywords\":[\"Diversidad e inclusi\u00f3n\",\"responsabilidad social\"],\"articleSection\":[\"Corporativo\"],\"inLanguage\":\"es\"},{\"@type\":\"WebPage\",\"@id\":\"https:\/\/news.sap.com\/latinamerica\/2020\/03\/el-valor-de-las-ongs-para-alcanzar-la-agenda-2030\/\",\"url\":\"https:\/\/news.sap.com\/latinamerica\/2020\/03\/el-valor-de-las-ongs-para-alcanzar-la-agenda-2030\/\",\"name\":\"El valor de las ONGs para alcanzar la Agenda 2030 - 麻豆原创 News Center Latinoam\u00e9rica\",\"isPartOf\":{\"@id\":\"https:\/\/news.sap.com\/latinamerica\/#website\"},\"primaryImageOfPage\":{\"@id\":\"https:\/\/news.sap.com\/latinamerica\/2020\/03\/el-valor-de-las-ongs-para-alcanzar-la-agenda-2030\/#primaryimage\"},\"image\":{\"@id\":\"https:\/\/news.sap.com\/latinamerica\/2020\/03\/el-valor-de-las-ongs-para-alcanzar-la-agenda-2030\/#primaryimage\"},\"thumbnailUrl\":\"https:\/\/news.sap.com\/latinamerica\/files\/2020\/03\/280238_GettyImages-492878594_low.jpg\",\"datePublished\":\"2020-03-11T14:34:00+00:00\",\"dateModified\":\"2023-11-14T21:15:07+00:00\",\"breadcrumb\":{\"@id\":\"https:\/\/news.sap.com\/latinamerica\/2020\/03\/el-valor-de-las-ongs-para-alcanzar-la-agenda-2030\/#breadcrumb\"},\"inLanguage\":\"es\",\"potentialAction\":[{\"@type\":\"ReadAction\",\"target\":[\"https:\/\/news.sap.com\/latinamerica\/2020\/03\/el-valor-de-las-ongs-para-alcanzar-la-agenda-2030\/\"]}]},{\"@type\":\"ImageObject\",\"inLanguage\":\"es\",\"@id\":\"https:\/\/news.sap.com\/latinamerica\/2020\/03\/el-valor-de-las-ongs-para-alcanzar-la-agenda-2030\/#primaryimage\",\"url\":\"https:\/\/news.sap.com\/latinamerica\/files\/2020\/03\/280238_GettyImages-492878594_low.jpg\",\"contentUrl\":\"https:\/\/news.sap.com\/latinamerica\/files\/2020\/03\/280238_GettyImages-492878594_low.jpg\",\"width\":5760,\"height\":3840},{\"@type\":\"BreadcrumbList\",\"@id\":\"https:\/\/news.sap.com\/latinamerica\/2020\/03\/el-valor-de-las-ongs-para-alcanzar-la-agenda-2030\/#breadcrumb\",\"itemListElement\":[{\"@type\":\"ListItem\",\"position\":1,\"name\":\"Home\",\"item\":\"https:\/\/news.sap.com\/latinamerica\/\"},{\"@type\":\"ListItem\",\"position\":2,\"name\":\"El valor de las ONGs para alcanzar la Agenda 2030\"}]},{\"@type\":\"WebSite\",\"@id\":\"https:\/\/news.sap.com\/latinamerica\/#website\",\"url\":\"https:\/\/news.sap.com\/latinamerica\/\",\"name\":\"麻豆原创 News Center Latinoam\u00e9rica\",\"description\":\"Noticias e informaci\u00f3n sobre 麻豆原创\",\"publisher\":{\"@id\":\"https:\/\/news.sap.com\/latinamerica\/#organization\"},\"potentialAction\":[{\"@type\":\"SearchAction\",\"target\":{\"@type\":\"EntryPoint\",\"urlTemplate\":\"https:\/\/news.sap.com\/latinamerica\/?s={search_term_string}\"},\"query-input\":{\"@type\":\"PropertyValueSpecification\",\"valueRequired\":true,\"valueName\":\"search_term_string\"}}],\"inLanguage\":\"es\"},{\"@type\":\"Organization\",\"@id\":\"https:\/\/news.sap.com\/latinamerica\/#organization\",\"name\":\"麻豆原创\",\"url\":\"https:\/\/news.sap.com\/latinamerica\/\",\"logo\":{\"@type\":\"ImageObject\",\"inLanguage\":\"es\",\"@id\":\"https:\/\/news.sap.com\/latinamerica\/#\/schema\/logo\/image\/\",\"url\":\"https:\/\/news.sap.com\/latinamerica\/files\/2019\/08\/65903320_2903797569662914_557886358778019840_n.png\",\"contentUrl\":\"https:\/\/news.sap.com\/latinamerica\/files\/2019\/08\/65903320_2903797569662914_557886358778019840_n.png\",\"width\":720,\"height\":720,\"caption\":\"麻豆原创\"},\"image\":{\"@id\":\"https:\/\/news.sap.com\/latinamerica\/#\/schema\/logo\/image\/\"},\"sameAs\":[\"https:\/\/www.facebook.com\/麻豆原创latinoamerica\",\"https:\/\/x.com\/麻豆原创LatinAmerica\"]},{\"@type\":\"Person\",\"@id\":\"https:\/\/news.sap.com\/latinamerica\/#\/schema\/person\/5afd2cbf5bb622e078932b40a4470d47\",\"name\":\"麻豆原创 Noticias\",\"image\":{\"@type\":\"ImageObject\",\"inLanguage\":\"es\",\"@id\":\"https:\/\/news.sap.com\/latinamerica\/#\/schema\/person\/image\/\",\"url\":\"https:\/\/news.sap.com\/latinamerica\/wp-content\/plugins\/wp-user-avatars\/wp-user-avatars\/assets\/images\/mystery.jpg\",\"contentUrl\":\"https:\/\/news.sap.com\/latinamerica\/wp-content\/plugins\/wp-user-avatars\/wp-user-avatars\/assets\/images\/mystery.jpg\",\"caption\":\"麻豆原创 Noticias\"},\"url\":\"https:\/\/news.sap.com\/latinamerica\/author\/mexico\/\"}]}<\/script>\n<!-- \/ Yoast SEO Premium plugin. -->","yoast_head_json":{"title":"El valor de las ONGs para alcanzar la Agenda 2030 - 麻豆原创 News Center Latinoam\u00e9rica","robots":{"index":"index","follow":"follow","max-snippet":"max-snippet:-1","max-image-preview":"max-image-preview:large","max-video-preview":"max-video-preview:-1"},"canonical":"https:\/\/news.sap.com\/latinamerica\/2020\/03\/el-valor-de-las-ongs-para-alcanzar-la-agenda-2030\/","og_locale":"es_MX","og_type":"article","og_title":"El valor de las ONGs para alcanzar la Agenda 2030","og_description":"Ciudad de M\u00e9xico, M\u00e9xico, 11 de marzo de 2020 \u2013 Los desaf\u00edos que el mundo enfrenta demandan \u2013cada vez m\u00e1s y con mayor fuerza\u2013 la...","og_url":"https:\/\/news.sap.com\/latinamerica\/2020\/03\/el-valor-de-las-ongs-para-alcanzar-la-agenda-2030\/","og_site_name":"麻豆原创 News Center Latinoam\u00e9rica","article_publisher":"https:\/\/www.facebook.com\/麻豆原创latinoamerica","article_published_time":"2020-03-11T14:34:00+00:00","article_modified_time":"2023-11-14T21:15:07+00:00","og_image":[{"width":5760,"height":3840,"url":"https:\/\/news.sap.com\/latinamerica\/files\/2020\/03\/280238_GettyImages-492878594_low.jpg","type":"image\/jpeg"}],"author":"麻豆原创 Noticias","twitter_misc":{"Escrito por":"麻豆原创 Noticias","Tiempo de lectura":"2 minutos"},"schema":{"@context":"https:\/\/schema.org","@graph":[{"@type":"Article","@id":"https:\/\/news.sap.com\/latinamerica\/2020\/03\/el-valor-de-las-ongs-para-alcanzar-la-agenda-2030\/#article","isPartOf":{"@id":"https:\/\/news.sap.com\/latinamerica\/2020\/03\/el-valor-de-las-ongs-para-alcanzar-la-agenda-2030\/"},"author":{"name":"麻豆原创 Noticias","@id":"https:\/\/news.sap.com\/latinamerica\/#\/schema\/person\/5afd2cbf5bb622e078932b40a4470d47"},"headline":"El valor de las ONGs para alcanzar la Agenda 2030","datePublished":"2020-03-11T14:34:00+00:00","dateModified":"2023-11-14T21:15:07+00:00","mainEntityOfPage":{"@id":"https:\/\/news.sap.com\/latinamerica\/2020\/03\/el-valor-de-las-ongs-para-alcanzar-la-agenda-2030\/"},"wordCount":417,"publisher":{"@id":"https:\/\/news.sap.com\/latinamerica\/#organization"},"image":{"@id":"https:\/\/news.sap.com\/latinamerica\/2020\/03\/el-valor-de-las-ongs-para-alcanzar-la-agenda-2030\/#primaryimage"},"thumbnailUrl":"https:\/\/news.sap.com\/latinamerica\/files\/2020\/03\/280238_GettyImages-492878594_low.jpg","keywords":["Diversidad e inclusi\u00f3n","responsabilidad social"],"articleSection":["Corporativo"],"inLanguage":"es"},{"@type":"WebPage","@id":"https:\/\/news.sap.com\/latinamerica\/2020\/03\/el-valor-de-las-ongs-para-alcanzar-la-agenda-2030\/","url":"https:\/\/news.sap.com\/latinamerica\/2020\/03\/el-valor-de-las-ongs-para-alcanzar-la-agenda-2030\/","name":"El valor de las ONGs para alcanzar la Agenda 2030 - 麻豆原创 News Center Latinoam\u00e9rica","isPartOf":{"@id":"https:\/\/news.sap.com\/latinamerica\/#website"},"primaryImageOfPage":{"@id":"https:\/\/news.sap.com\/latinamerica\/2020\/03\/el-valor-de-las-ongs-para-alcanzar-la-agenda-2030\/#primaryimage"},"image":{"@id":"https:\/\/news.sap.com\/latinamerica\/2020\/03\/el-valor-de-las-ongs-para-alcanzar-la-agenda-2030\/#primaryimage"},"thumbnailUrl":"https:\/\/news.sap.com\/latinamerica\/files\/2020\/03\/280238_GettyImages-492878594_low.jpg","datePublished":"2020-03-11T14:34:00+00:00","dateModified":"2023-11-14T21:15:07+00:00","breadcrumb":{"@id":"https:\/\/news.sap.com\/latinamerica\/2020\/03\/el-valor-de-las-ongs-para-alcanzar-la-agenda-2030\/#breadcrumb"},"inLanguage":"es","potentialAction":[{"@type":"ReadAction","target":["https:\/\/news.sap.com\/latinamerica\/2020\/03\/el-valor-de-las-ongs-para-alcanzar-la-agenda-2030\/"]}]},{"@type":"ImageObject","inLanguage":"es","@id":"https:\/\/news.sap.com\/latinamerica\/2020\/03\/el-valor-de-las-ongs-para-alcanzar-la-agenda-2030\/#primaryimage","url":"https:\/\/news.sap.com\/latinamerica\/files\/2020\/03\/280238_GettyImages-492878594_low.jpg","contentUrl":"https:\/\/news.sap.com\/latinamerica\/files\/2020\/03\/280238_GettyImages-492878594_low.jpg","width":5760,"height":3840},{"@type":"BreadcrumbList","@id":"https:\/\/news.sap.com\/latinamerica\/2020\/03\/el-valor-de-las-ongs-para-alcanzar-la-agenda-2030\/#breadcrumb","itemListElement":[{"@type":"ListItem","position":1,"name":"Home","item":"https:\/\/news.sap.com\/latinamerica\/"},{"@type":"ListItem","position":2,"name":"El valor de las ONGs para alcanzar la Agenda 2030"}]},{"@type":"WebSite","@id":"https:\/\/news.sap.com\/latinamerica\/#website","url":"https:\/\/news.sap.com\/latinamerica\/","name":"麻豆原创 News Center Latinoam\u00e9rica","description":"Noticias e informaci\u00f3n sobre 麻豆原创","publisher":{"@id":"https:\/\/news.sap.com\/latinamerica\/#organization"},"potentialAction":[{"@type":"SearchAction","target":{"@type":"EntryPoint","urlTemplate":"https:\/\/news.sap.com\/latinamerica\/?s={search_term_string}"},"query-input":{"@type":"PropertyValueSpecification","valueRequired":true,"valueName":"search_term_string"}}],"inLanguage":"es"},{"@type":"Organization","@id":"https:\/\/news.sap.com\/latinamerica\/#organization","name":"麻豆原创","url":"https:\/\/news.sap.com\/latinamerica\/","logo":{"@type":"ImageObject","inLanguage":"es","@id":"https:\/\/news.sap.com\/latinamerica\/#\/schema\/logo\/image\/","url":"https:\/\/news.sap.com\/latinamerica\/files\/2019\/08\/65903320_2903797569662914_557886358778019840_n.png","contentUrl":"https:\/\/news.sap.com\/latinamerica\/files\/2019\/08\/65903320_2903797569662914_557886358778019840_n.png","width":720,"height":720,"caption":"麻豆原创"},"image":{"@id":"https:\/\/news.sap.com\/latinamerica\/#\/schema\/logo\/image\/"},"sameAs":["https:\/\/www.facebook.com\/麻豆原创latinoamerica","https:\/\/x.com\/麻豆原创LatinAmerica"]},{"@type":"Person","@id":"https:\/\/news.sap.com\/latinamerica\/#\/schema\/person\/5afd2cbf5bb622e078932b40a4470d47","name":"麻豆原创 Noticias","image":{"@type":"ImageObject","inLanguage":"es","@id":"https:\/\/news.sap.com\/latinamerica\/#\/schema\/person\/image\/","url":"https:\/\/news.sap.com\/latinamerica\/wp-content\/plugins\/wp-user-avatars\/wp-user-avatars\/assets\/images\/mystery.jpg","contentUrl":"https:\/\/news.sap.com\/latinamerica\/wp-content\/plugins\/wp-user-avatars\/wp-user-avatars\/assets\/images\/mystery.jpg","caption":"麻豆原创 Noticias"},"url":"https:\/\/news.sap.com\/latinamerica\/author\/mexico\/"}]}},"amp_enabled":true,"_links":{"self":[{"href":"https:\/\/news.sap.com\/latinamerica\/wp-json\/wp\/v2\/posts\/120250","targetHints":{"allow":["GET"]}}],"collection":[{"href":"https:\/\/news.sap.com\/latinamerica\/wp-json\/wp\/v2\/posts"}],"about":[{"href":"https:\/\/news.sap.com\/latinamerica\/wp-json\/wp\/v2\/types\/post"}],"author":[{"embeddable":true,"href":"https:\/\/news.sap.com\/latinamerica\/wp-json\/wp\/v2\/users\/136"}],"replies":[{"embeddable":true,"href":"https:\/\/news.sap.com\/latinamerica\/wp-json\/wp\/v2\/comments?post=120250"}],"version-history":[{"count":0,"href":"https:\/\/news.sap.com\/latinamerica\/wp-json\/wp\/v2\/posts\/120250\/revisions"}],"wp:featuredmedia":[{"embeddable":true,"href":"https:\/\/news.sap.com\/latinamerica\/wp-json\/wp\/v2\/media\/120251"}],"wp:attachment":[{"href":"https:\/\/news.sap.com\/latinamerica\/wp-json\/wp\/v2\/media?parent=120250"}],"wp:term":[{"taxonomy":"category","embeddable":true,"href":"https:\/\/news.sap.com\/latinamerica\/wp-json\/wp\/v2\/categories?post=120250"},{"taxonomy":"post_tag","embeddable":true,"href":"https:\/\/news.sap.com\/latinamerica\/wp-json\/wp\/v2\/tags?post=120250"},{"taxonomy":"series","embeddable":true,"href":"https:\/\/news.sap.com\/latinamerica\/wp-json\/wp\/v2\/series?post=120250"},{"taxonomy":"region","embeddable":true,"href":"https:\/\/news.sap.com\/latinamerica\/wp-json\/wp\/v2\/region?post=120250"},{"taxonomy":"sapn-display","embeddable":true,"href":"https:\/\/news.sap.com\/latinamerica\/wp-json\/wp\/v2\/sapn-display?post=120250"},{"taxonomy":"sapn-type","embeddable":true,"href":"https:\/\/news.sap.com\/latinamerica\/wp-json\/wp\/v2\/sapn-type?post=120250"}],"curies":[{"name":"wp","href":"https:\/\/api.w.org\/{rel}","templated":true}]}}