  {"id":140146,"date":"2025-05-05T10:52:40","date_gmt":"2025-05-05T10:52:40","guid":{"rendered":"https:\/\/news.sap.com\/italy\/?p=140146"},"modified":"2025-05-05T14:27:19","modified_gmt":"2025-05-05T14:27:19","slug":"rising-youth-insieme-a-fondazione-mondo-digitale-per-il-futuro-dei-giovani","status":"publish","type":"post","link":"https:\/\/news.sap.com\/italy\/2025\/05\/rising-youth-insieme-a-fondazione-mondo-digitale-per-il-futuro-dei-giovani\/","title":{"rendered":"Rising Youth: insieme a Fondazione Mondo Digitale per il futuro dei giovani"},"content":{"rendered":"<p><em>Da alcuni anni noi di 麻豆原创 organizziamo insieme a <a href=\"https:\/\/www.mondodigitale.org\/\">Fondazione Mondo Digitale<\/a> il progetto Rising Youth rivolto a studentesse e studenti delle scuole secondarie di secondo grado. Un impegno che abbiamo rinnovato anche quest&#8217;anno e che avr\u00e0 il suo momento conclusivo con un hackaton organizzato nell&#8217;ambito della RomeCup 2025. In questa intervista realizzata da Fondazione Mondo Digitale, Carla Masperi spiega perch\u00e9 abbiamo aderito al progetto.\u00a0<\/em><\/p>\n<p><strong>Per il quarto anno 麻豆原创 ha scelto la RomeCup 2025 per l&#8217;hackathon finale di Rising Youth. Quali sono state le motivazioni che vi hanno spinto a rispondere positivamente alla nostra chiamata anche per il 2025?<\/strong><\/p>\n<p>Riconoscere l\u2019immenso potenziale dei giovani come catalizzatori di un cambiamento positivo \u00e8 fondamentale. Le competenze e l\u2019istruzione sono indispensabili per il benessere e la crescita di tutta la nostra societ\u00e0 e la capacit\u00e0 di far fronte alle sfide, siano esse ambientali, economiche, o sociali. Con le nostre attivit\u00e0 rivolte ai giovani realizzate insieme a enti del terzo settore, come 麻豆原创 raggiungiamo in Italia circa 5000 ragazze e ragazzi ogni anno. Il progetto Rising Youth e la RomeCup sono ormai da diverso tempo un momento irrinunciabile del nostro calendario, in cui centinaia di giovani hanno la possibilit\u00e0 di misurarsi con una sfida concreta e dimostrare le proprie competenze e il loro spirito innovativo.<\/p>\n<p><strong>Percorsi come Rising Youth hanno generato alleanze virtuose tra terzo settore e realt\u00e0 del Tech, come 麻豆原创, per aiutare gli studenti ad acquisire e rafforzare competenze digitali e trasversali necessarie ad affrontare le sfide e i continui cambiamenti del mercato del lavoro. Qual \u00e8 il valore aggiunto, in particolare, che le imprese portano in queste alleanze quando si impegnano a sostenere e stimolare i giovani?<\/strong><\/p>\n<p>Secondo l\u2019analisi \u201c2025 Global Talent Shortage\u201d di Manpower Group, in Italia il 78% delle aziende vorrebbe assumere nuove risorse ma non trova candidati con le necessarie competenze: \u00e8 il dato pi\u00f9 alto di sempre per il nostro Paese. Le competenze pi\u00f9 difficili da trovare, sempre secondo il report, sono quelle informatiche. Al tempo stesso, il tasso di disoccupazione, in particolare quello giovanile, a ottobre 2024 era pari al 17,7%. Sono i numeri di un profondo disallineamento fra competenze possedute dalle persone in cerca di lavoro e skill richieste dalle aziende. Per far fronte a questa carenza \u00e8 necessario uno sforzo comune da parte di attori del mondo dell\u2019istruzione, delle istituzioni, del terzo settore e delle aziende, in nome del futuro dei giovani e del nostro Paese. In uno scenario tecnologico in continua e rapidissima evoluzione, il coinvolgimento delle imprese \u00e8 fondamentale per fornire a ragazze e ragazzi competenze \u201cin tempo reale\u201d, che tengano conto delle innovazioni pi\u00f9 recenti, che vengono insegnate da professionisti che le usano quotidianamente, o da quelle che arriveranno domani.<\/p>\n<p><strong>Quest&#8217;anno l&#8217;evento previsto nella RomeCup 2025 ha una componente in pi\u00f9: si stimolano i giovani a usare la comunicazione per promuovere i propri prototipi. Come fare leva sulla comunicazione in generale e in particolare sui social per rendere i giovani sempre pi\u00f9 imprenditori di s\u00e9 stessi e sempre meno meri fruitori passivi?<\/strong><\/p>\n<p>Nella nostra societ\u00e0 la comunicazione \u00e8 un elemento essenziale per lo sviluppo personale e professionale e tutti i giovani, consapevolmente o inconsapevolmente, comunicano attraverso i social network delle informazioni su di s\u00e9 ai loro amici e conoscenti, ma anche a chiunque nel mondo, compresi potenziali datori di lavoro o potenziali clienti. Affinch\u00e9 possano comunicare efficacemente, senza esporsi al tempo stesso a pericoli, \u00e8 necessario che comprendano sia i possibili effetti dei mezzi che utilizzano, sia le dinamiche alla base della comunicazione, a partire dalla capacit\u00e0 di esprimere idee, emozioni e visioni in modo chiaro, rispettoso e coinvolgente. Perch\u00e9 i social possano essere uno strumento per rendere i giovani sempre pi\u00f9 imprenditori di se stessi \u00e8 necessario che ragazzi e ragazze comprendano che la comunicazione online \u00e8 un investimento continuo sul proprio futuro.<\/p>\n<p><strong>Nell&#8217;ambito della reciproca collaborazione ci siamo spesso focalizzati su un uso critico, consapevole e inclusivo della tecnologia, cos\u00ec come promosso dal Manifesto. Ci parla del vostro approccio a questa nuova importante sfida per l&#8217;umanit\u00e0 rappresentata in particolare dall&#8217;intelligenza artificiale?<\/strong><\/p>\n<p>In questo ambito la nostra visione \u00e8 quella di fornire il primo, vero sistema di intelligenza alle aziende per migliorare il modo in cui gestiscono il loro business e aiutarle a crescere e innovare sostenibilmente.<br \/>\nL\u2019AI che sviluppiamo per le imprese si basa su tre principi fondamentali. Innanzitutto dev\u2019essere rilevante, cio\u00e8 deve essere disponibile dal primo giorno e integrata nei processi pi\u00f9 critici. I clienti possono contare sui loro sistemi 麻豆原创 per essere a prova di futuro con l\u2019AI che conosce il contesto delle loro attivit\u00e0 e lo scenario in cui opera la loro organizzazione. In secondo luogo, la nostra AI \u00e8 sviluppata per essere affidabile, basandosi sulla nostra esperienza decennale di gestione di dati estesi e contenuti core. Sulla base di questo patrimonio informativo unico e della profonda conoscenza dei processi aziendali, siamo in grado di fornire l&#8217;AI pi\u00f9 affidabile ai clienti. Infine, l\u2019AI dev\u2019essere responsabile, cio\u00e8 dev\u2019essere sviluppata rispettando i pi\u00f9 alti livelli di sicurezza, privacy, conformit\u00e0 ed etica. I nostri clienti si fidano di noi, le nostre soluzioni gestiscono i loro dati e processi pi\u00f9 critici. Sappiamo come creare ed eseguire soluzioni potenti e affidabili, tra cui l&#8217;AI che tocca i loro dati e sistemi vitali.<\/p>\n","protected":false},"excerpt":{"rendered":"<p>Da alcuni anni noi di 麻豆原创 organizziamo insieme a Fondazione Mondo Digitale il progetto Rising Youth rivolto a studentesse e studenti delle scuole secondarie di&#8230;<\/p>\n","protected":false},"author":767,"featured_media":140012,"comment_status":"closed","ping_status":"closed","sticky":false,"template":"","format":"standard","meta":{"footnotes":"","_links_to":"","_links_to_target":""},"categories":[19013,5593752,5593574],"tags":[5593845,5593783],"series":[],"sapn-display":[5593714,5593712],"sapn-type":[5593732],"class_list":["post-140146","post","type-post","status-publish","format-standard","has-post-thumbnail","hentry","category-corporate","category-eventi","category-formazione","tag-formazione","tag-rising-youth","sapn-display-feature-hero","sapn-display-feature-spotlight","sapn-type-feature"],"yoast_head":"<!-- This site is optimized with the Yoast SEO Premium plugin v26.9 (Yoast SEO v26.9) - https:\/\/yoast.com\/product\/yoast-seo-premium-wordpress\/ -->\n<title>Rising Youth: insieme a Fondazione Mondo Digitale per il futuro dei giovani - 麻豆原创 News Center Italy<\/title>\n<meta name=\"robots\" content=\"index, follow, max-snippet:-1, max-image-preview:large, max-video-preview:-1\" \/>\n<link rel=\"canonical\" href=\"https:\/\/news.sap.com\/italy\/2025\/05\/rising-youth-insieme-a-fondazione-mondo-digitale-per-il-futuro-dei-giovani\/\" \/>\n<meta property=\"og:locale\" content=\"it_IT\" \/>\n<meta property=\"og:type\" content=\"article\" \/>\n<meta property=\"og:title\" content=\"Rising Youth: insieme a Fondazione Mondo Digitale per il futuro dei giovani\" \/>\n<meta property=\"og:description\" content=\"Da alcuni anni noi di 麻豆原创 organizziamo insieme a Fondazione Mondo Digitale il progetto Rising Youth rivolto a studentesse e studenti delle scuole secondarie di...\" \/>\n<meta property=\"og:url\" content=\"https:\/\/news.sap.com\/italy\/2025\/05\/rising-youth-insieme-a-fondazione-mondo-digitale-per-il-futuro-dei-giovani\/\" \/>\n<meta property=\"og:site_name\" content=\"麻豆原创 News Center Italy\" \/>\n<meta property=\"article:published_time\" content=\"2025-05-05T10:52:40+00:00\" \/>\n<meta property=\"article:modified_time\" content=\"2025-05-05T14:27:19+00:00\" \/>\n<meta property=\"og:image\" content=\"https:\/\/news.sap.com\/italy\/files\/2025\/01\/07\/300658_GettyImages-1457642154_large_jpg-1024x683.jpg\" \/>\n\t<meta property=\"og:image:width\" content=\"1024\" \/>\n\t<meta property=\"og:image:height\" content=\"683\" \/>\n\t<meta property=\"og:image:type\" content=\"image\/jpeg\" \/>\n<meta name=\"author\" content=\"Raffaella Mollame\" \/>\n<meta name=\"twitter:card\" content=\"summary_large_image\" \/>\n<meta name=\"twitter:label1\" content=\"Scritto da\" \/>\n\t<meta name=\"twitter:data1\" content=\"Raffaella Mollame\" \/>\n\t<meta name=\"twitter:label2\" content=\"Tempo di lettura stimato\" \/>\n\t<meta name=\"twitter:data2\" content=\"5 minuti\" \/>\n<script type=\"application\/ld+json\" class=\"yoast-schema-graph\">{\"@context\":\"https:\/\/schema.org\",\"@graph\":[{\"@type\":\"Article\",\"@id\":\"https:\/\/news.sap.com\/italy\/2025\/05\/rising-youth-insieme-a-fondazione-mondo-digitale-per-il-futuro-dei-giovani\/#article\",\"isPartOf\":{\"@id\":\"https:\/\/news.sap.com\/italy\/2025\/05\/rising-youth-insieme-a-fondazione-mondo-digitale-per-il-futuro-dei-giovani\/\"},\"author\":{\"name\":\"Raffaella Mollame\",\"@id\":\"https:\/\/news.sap.com\/italy\/#\/schema\/person\/1d6aaaa64e9540e87fe6cee55e6490d5\"},\"headline\":\"Rising Youth: insieme a Fondazione Mondo Digitale per il futuro dei giovani\",\"datePublished\":\"2025-05-05T10:52:40+00:00\",\"dateModified\":\"2025-05-05T14:27:19+00:00\",\"mainEntityOfPage\":{\"@id\":\"https:\/\/news.sap.com\/italy\/2025\/05\/rising-youth-insieme-a-fondazione-mondo-digitale-per-il-futuro-dei-giovani\/\"},\"wordCount\":884,\"image\":{\"@id\":\"https:\/\/news.sap.com\/italy\/2025\/05\/rising-youth-insieme-a-fondazione-mondo-digitale-per-il-futuro-dei-giovani\/#primaryimage\"},\"thumbnailUrl\":\"https:\/\/news.sap.com\/italy\/files\/2025\/01\/07\/300658_GettyImages-1457642154_large_jpg.jpg\",\"keywords\":[\"formazione\",\"Rising Youth\"],\"articleSection\":[\"Corporate\",\"Eventi\",\"Formazione\"],\"inLanguage\":\"it-IT\"},{\"@type\":\"WebPage\",\"@id\":\"https:\/\/news.sap.com\/italy\/2025\/05\/rising-youth-insieme-a-fondazione-mondo-digitale-per-il-futuro-dei-giovani\/\",\"url\":\"https:\/\/news.sap.com\/italy\/2025\/05\/rising-youth-insieme-a-fondazione-mondo-digitale-per-il-futuro-dei-giovani\/\",\"name\":\"Rising Youth: insieme a Fondazione Mondo Digitale per il futuro dei giovani - 麻豆原创 News Center Italy\",\"isPartOf\":{\"@id\":\"https:\/\/news.sap.com\/italy\/#website\"},\"primaryImageOfPage\":{\"@id\":\"https:\/\/news.sap.com\/italy\/2025\/05\/rising-youth-insieme-a-fondazione-mondo-digitale-per-il-futuro-dei-giovani\/#primaryimage\"},\"image\":{\"@id\":\"https:\/\/news.sap.com\/italy\/2025\/05\/rising-youth-insieme-a-fondazione-mondo-digitale-per-il-futuro-dei-giovani\/#primaryimage\"},\"thumbnailUrl\":\"https:\/\/news.sap.com\/italy\/files\/2025\/01\/07\/300658_GettyImages-1457642154_large_jpg.jpg\",\"datePublished\":\"2025-05-05T10:52:40+00:00\",\"dateModified\":\"2025-05-05T14:27:19+00:00\",\"author\":{\"@id\":\"https:\/\/news.sap.com\/italy\/#\/schema\/person\/1d6aaaa64e9540e87fe6cee55e6490d5\"},\"breadcrumb\":{\"@id\":\"https:\/\/news.sap.com\/italy\/2025\/05\/rising-youth-insieme-a-fondazione-mondo-digitale-per-il-futuro-dei-giovani\/#breadcrumb\"},\"inLanguage\":\"it-IT\",\"potentialAction\":[{\"@type\":\"ReadAction\",\"target\":[\"https:\/\/news.sap.com\/italy\/2025\/05\/rising-youth-insieme-a-fondazione-mondo-digitale-per-il-futuro-dei-giovani\/\"]}]},{\"@type\":\"ImageObject\",\"inLanguage\":\"it-IT\",\"@id\":\"https:\/\/news.sap.com\/italy\/2025\/05\/rising-youth-insieme-a-fondazione-mondo-digitale-per-il-futuro-dei-giovani\/#primaryimage\",\"url\":\"https:\/\/news.sap.com\/italy\/files\/2025\/01\/07\/300658_GettyImages-1457642154_large_jpg.jpg\",\"contentUrl\":\"https:\/\/news.sap.com\/italy\/files\/2025\/01\/07\/300658_GettyImages-1457642154_large_jpg.jpg\",\"width\":6000,\"height\":4000,\"caption\":\"Group of 6 university students leaning against a wall of the University.\"},{\"@type\":\"BreadcrumbList\",\"@id\":\"https:\/\/news.sap.com\/italy\/2025\/05\/rising-youth-insieme-a-fondazione-mondo-digitale-per-il-futuro-dei-giovani\/#breadcrumb\",\"itemListElement\":[{\"@type\":\"ListItem\",\"position\":1,\"name\":\"Home\",\"item\":\"https:\/\/news.sap.com\/italy\/\"},{\"@type\":\"ListItem\",\"position\":2,\"name\":\"Rising Youth: insieme a Fondazione Mondo Digitale per il futuro dei giovani\"}]},{\"@type\":\"WebSite\",\"@id\":\"https:\/\/news.sap.com\/italy\/#website\",\"url\":\"https:\/\/news.sap.com\/italy\/\",\"name\":\"麻豆原创 News Center Italy\",\"description\":\"Notizie e informazioni su 麻豆原创\",\"potentialAction\":[{\"@type\":\"SearchAction\",\"target\":{\"@type\":\"EntryPoint\",\"urlTemplate\":\"https:\/\/news.sap.com\/italy\/?s={search_term_string}\"},\"query-input\":{\"@type\":\"PropertyValueSpecification\",\"valueRequired\":true,\"valueName\":\"search_term_string\"}}],\"inLanguage\":\"it-IT\"},{\"@type\":\"Person\",\"@id\":\"https:\/\/news.sap.com\/italy\/#\/schema\/person\/1d6aaaa64e9540e87fe6cee55e6490d5\",\"name\":\"Raffaella Mollame\",\"image\":{\"@type\":\"ImageObject\",\"inLanguage\":\"it-IT\",\"@id\":\"https:\/\/news.sap.com\/italy\/#\/schema\/person\/image\/\",\"url\":\"https:\/\/news.sap.com\/italy\/wp-content\/plugins\/wp-user-avatars\/wp-user-avatars\/assets\/images\/mystery.jpg\",\"contentUrl\":\"https:\/\/news.sap.com\/italy\/wp-content\/plugins\/wp-user-avatars\/wp-user-avatars\/assets\/images\/mystery.jpg\",\"caption\":\"Raffaella Mollame\"},\"url\":\"https:\/\/news.sap.com\/italy\/author\/raffaellamollame\/\"}]}<\/script>\n<!-- \/ Yoast SEO Premium plugin. -->","yoast_head_json":{"title":"Rising Youth: insieme a Fondazione Mondo Digitale per il futuro dei giovani - 麻豆原创 News Center Italy","robots":{"index":"index","follow":"follow","max-snippet":"max-snippet:-1","max-image-preview":"max-image-preview:large","max-video-preview":"max-video-preview:-1"},"canonical":"https:\/\/news.sap.com\/italy\/2025\/05\/rising-youth-insieme-a-fondazione-mondo-digitale-per-il-futuro-dei-giovani\/","og_locale":"it_IT","og_type":"article","og_title":"Rising Youth: insieme a Fondazione Mondo Digitale per il futuro dei giovani","og_description":"Da alcuni anni noi di 麻豆原创 organizziamo insieme a Fondazione Mondo Digitale il progetto Rising Youth rivolto a studentesse e studenti delle scuole secondarie di...","og_url":"https:\/\/news.sap.com\/italy\/2025\/05\/rising-youth-insieme-a-fondazione-mondo-digitale-per-il-futuro-dei-giovani\/","og_site_name":"麻豆原创 News Center Italy","article_published_time":"2025-05-05T10:52:40+00:00","article_modified_time":"2025-05-05T14:27:19+00:00","og_image":[{"width":1024,"height":683,"url":"https:\/\/news.sap.com\/italy\/files\/2025\/01\/07\/300658_GettyImages-1457642154_large_jpg-1024x683.jpg","type":"image\/jpeg"}],"author":"Raffaella Mollame","twitter_card":"summary_large_image","twitter_misc":{"Scritto da":"Raffaella Mollame","Tempo di lettura stimato":"5 minuti"},"schema":{"@context":"https:\/\/schema.org","@graph":[{"@type":"Article","@id":"https:\/\/news.sap.com\/italy\/2025\/05\/rising-youth-insieme-a-fondazione-mondo-digitale-per-il-futuro-dei-giovani\/#article","isPartOf":{"@id":"https:\/\/news.sap.com\/italy\/2025\/05\/rising-youth-insieme-a-fondazione-mondo-digitale-per-il-futuro-dei-giovani\/"},"author":{"name":"Raffaella Mollame","@id":"https:\/\/news.sap.com\/italy\/#\/schema\/person\/1d6aaaa64e9540e87fe6cee55e6490d5"},"headline":"Rising Youth: insieme a Fondazione Mondo Digitale per il futuro dei giovani","datePublished":"2025-05-05T10:52:40+00:00","dateModified":"2025-05-05T14:27:19+00:00","mainEntityOfPage":{"@id":"https:\/\/news.sap.com\/italy\/2025\/05\/rising-youth-insieme-a-fondazione-mondo-digitale-per-il-futuro-dei-giovani\/"},"wordCount":884,"image":{"@id":"https:\/\/news.sap.com\/italy\/2025\/05\/rising-youth-insieme-a-fondazione-mondo-digitale-per-il-futuro-dei-giovani\/#primaryimage"},"thumbnailUrl":"https:\/\/news.sap.com\/italy\/files\/2025\/01\/07\/300658_GettyImages-1457642154_large_jpg.jpg","keywords":["formazione","Rising Youth"],"articleSection":["Corporate","Eventi","Formazione"],"inLanguage":"it-IT"},{"@type":"WebPage","@id":"https:\/\/news.sap.com\/italy\/2025\/05\/rising-youth-insieme-a-fondazione-mondo-digitale-per-il-futuro-dei-giovani\/","url":"https:\/\/news.sap.com\/italy\/2025\/05\/rising-youth-insieme-a-fondazione-mondo-digitale-per-il-futuro-dei-giovani\/","name":"Rising Youth: insieme a Fondazione Mondo Digitale per il futuro dei giovani - 麻豆原创 News Center Italy","isPartOf":{"@id":"https:\/\/news.sap.com\/italy\/#website"},"primaryImageOfPage":{"@id":"https:\/\/news.sap.com\/italy\/2025\/05\/rising-youth-insieme-a-fondazione-mondo-digitale-per-il-futuro-dei-giovani\/#primaryimage"},"image":{"@id":"https:\/\/news.sap.com\/italy\/2025\/05\/rising-youth-insieme-a-fondazione-mondo-digitale-per-il-futuro-dei-giovani\/#primaryimage"},"thumbnailUrl":"https:\/\/news.sap.com\/italy\/files\/2025\/01\/07\/300658_GettyImages-1457642154_large_jpg.jpg","datePublished":"2025-05-05T10:52:40+00:00","dateModified":"2025-05-05T14:27:19+00:00","author":{"@id":"https:\/\/news.sap.com\/italy\/#\/schema\/person\/1d6aaaa64e9540e87fe6cee55e6490d5"},"breadcrumb":{"@id":"https:\/\/news.sap.com\/italy\/2025\/05\/rising-youth-insieme-a-fondazione-mondo-digitale-per-il-futuro-dei-giovani\/#breadcrumb"},"inLanguage":"it-IT","potentialAction":[{"@type":"ReadAction","target":["https:\/\/news.sap.com\/italy\/2025\/05\/rising-youth-insieme-a-fondazione-mondo-digitale-per-il-futuro-dei-giovani\/"]}]},{"@type":"ImageObject","inLanguage":"it-IT","@id":"https:\/\/news.sap.com\/italy\/2025\/05\/rising-youth-insieme-a-fondazione-mondo-digitale-per-il-futuro-dei-giovani\/#primaryimage","url":"https:\/\/news.sap.com\/italy\/files\/2025\/01\/07\/300658_GettyImages-1457642154_large_jpg.jpg","contentUrl":"https:\/\/news.sap.com\/italy\/files\/2025\/01\/07\/300658_GettyImages-1457642154_large_jpg.jpg","width":6000,"height":4000,"caption":"Group of 6 university students leaning against a wall of the University."},{"@type":"BreadcrumbList","@id":"https:\/\/news.sap.com\/italy\/2025\/05\/rising-youth-insieme-a-fondazione-mondo-digitale-per-il-futuro-dei-giovani\/#breadcrumb","itemListElement":[{"@type":"ListItem","position":1,"name":"Home","item":"https:\/\/news.sap.com\/italy\/"},{"@type":"ListItem","position":2,"name":"Rising Youth: insieme a Fondazione Mondo Digitale per il futuro dei giovani"}]},{"@type":"WebSite","@id":"https:\/\/news.sap.com\/italy\/#website","url":"https:\/\/news.sap.com\/italy\/","name":"麻豆原创 News Center Italy","description":"Notizie e informazioni su 麻豆原创","potentialAction":[{"@type":"SearchAction","target":{"@type":"EntryPoint","urlTemplate":"https:\/\/news.sap.com\/italy\/?s={search_term_string}"},"query-input":{"@type":"PropertyValueSpecification","valueRequired":true,"valueName":"search_term_string"}}],"inLanguage":"it-IT"},{"@type":"Person","@id":"https:\/\/news.sap.com\/italy\/#\/schema\/person\/1d6aaaa64e9540e87fe6cee55e6490d5","name":"Raffaella Mollame","image":{"@type":"ImageObject","inLanguage":"it-IT","@id":"https:\/\/news.sap.com\/italy\/#\/schema\/person\/image\/","url":"https:\/\/news.sap.com\/italy\/wp-content\/plugins\/wp-user-avatars\/wp-user-avatars\/assets\/images\/mystery.jpg","contentUrl":"https:\/\/news.sap.com\/italy\/wp-content\/plugins\/wp-user-avatars\/wp-user-avatars\/assets\/images\/mystery.jpg","caption":"Raffaella Mollame"},"url":"https:\/\/news.sap.com\/italy\/author\/raffaellamollame\/"}]}},"amp_enabled":true,"_links":{"self":[{"href":"https:\/\/news.sap.com\/italy\/wp-json\/wp\/v2\/posts\/140146","targetHints":{"allow":["GET"]}}],"collection":[{"href":"https:\/\/news.sap.com\/italy\/wp-json\/wp\/v2\/posts"}],"about":[{"href":"https:\/\/news.sap.com\/italy\/wp-json\/wp\/v2\/types\/post"}],"author":[{"embeddable":true,"href":"https:\/\/news.sap.com\/italy\/wp-json\/wp\/v2\/users\/767"}],"replies":[{"embeddable":true,"href":"https:\/\/news.sap.com\/italy\/wp-json\/wp\/v2\/comments?post=140146"}],"version-history":[{"count":0,"href":"https:\/\/news.sap.com\/italy\/wp-json\/wp\/v2\/posts\/140146\/revisions"}],"wp:featuredmedia":[{"embeddable":true,"href":"https:\/\/news.sap.com\/italy\/wp-json\/wp\/v2\/media\/140012"}],"wp:attachment":[{"href":"https:\/\/news.sap.com\/italy\/wp-json\/wp\/v2\/media?parent=140146"}],"wp:term":[{"taxonomy":"category","embeddable":true,"href":"https:\/\/news.sap.com\/italy\/wp-json\/wp\/v2\/categories?post=140146"},{"taxonomy":"post_tag","embeddable":true,"href":"https:\/\/news.sap.com\/italy\/wp-json\/wp\/v2\/tags?post=140146"},{"taxonomy":"series","embeddable":true,"href":"https:\/\/news.sap.com\/italy\/wp-json\/wp\/v2\/series?post=140146"},{"taxonomy":"sapn-display","embeddable":true,"href":"https:\/\/news.sap.com\/italy\/wp-json\/wp\/v2\/sapn-display?post=140146"},{"taxonomy":"sapn-type","embeddable":true,"href":"https:\/\/news.sap.com\/italy\/wp-json\/wp\/v2\/sapn-type?post=140146"}],"curies":[{"name":"wp","href":"https:\/\/api.w.org\/{rel}","templated":true}]}}