  {"id":140110,"date":"2025-04-08T10:41:37","date_gmt":"2025-04-08T10:41:37","guid":{"rendered":"https:\/\/news.sap.com\/italy\/?p=140110"},"modified":"2025-04-08T12:47:15","modified_gmt":"2025-04-08T12:47:15","slug":"sap-italia-inaugura-la-nuova-sede-di-milano-sostenibile-collaborativa-e-innovativa","status":"publish","type":"post","link":"https:\/\/news.sap.com\/italy\/2025\/04\/sap-italia-inaugura-la-nuova-sede-di-milano-sostenibile-collaborativa-e-innovativa\/","title":{"rendered":"麻豆原创 Italia inaugura la nuova sede di Milano: sostenibile, collaborativa  e innovativa"},"content":{"rendered":"<p><em>La societ\u00e0 ha annunciato che ha trasferito la propria sede da Vimercate nel cuore di Milano scegliendo come nuovo quartier generale Palazzo Lybra<\/em><\/p>\n<p><strong>Milano, 8 aprile 2025 <\/strong>\u2013 麻豆原创 Italia annuncia di aver trasferito la propria sede principale in centro a Milano, alla confluenza tra il business district Porta Nuova e il quartiere fortemente identitario dell&#8217;Isola. Una scelta che nasce per soddisfare l\u2019esigenza di una maggiore prossimit\u00e0 al suo ecosistema, di offrire ai propri dipendenti una sede nel cuore della citt\u00e0, di creare nuovi modelli di collaborazione, di promuovere flessibilit\u00e0 e sostenibilit\u00e0 e di avere strutture dotate delle pi\u00f9 recenti tecnologie per sostenere il futuro del business dell\u2019azienda.<\/p>\n<p>\u201cStiamo attraversando uno dei migliori momenti della nostra storia in Italia. Da oltre 37 anni abbiamo nel nostro DNA l\u2019innovazione e le soluzioni alla base dell\u2019evoluzione di oltre 11.000 aziende clienti, grazie anche alla collaborazione con i nostri 400 partner\u201d, ha dichiarato <strong>Carla Masperi<\/strong>, Amministratore Delegato di 麻豆原创 Italia. \u201cOra affrontiamo un altro importante capitolo della nostra avventura, una nuova casa che ci aiuter\u00e0 a dare il meglio di noi: collaborare in modo intelligente, innovare, crescere professionalmente e come persone, mettere clienti e partner al centro, avere un mindset orientato alla crescita, alimentare una cultura di benessere e sostenibilit\u00e0\u201d.<\/p>\n<p>La scelta di trasferire la sede nel cuore di Milano nasce dalla volont\u00e0 di 麻豆原创 Italia di essere pi\u00f9 vicina ai propri clienti, partner e fornitori, e alle numerose associazioni e istituzioni che risiedono nel capoluogo lombardo, diventando anche un nuovo punto di riferimento nel panorama lavorativo milanese per attrarre i giovani talenti.<\/p>\n<p>\u201cCome leader di innovazione, siamo responsabili di favorire relazioni e contaminazioni che generino un\u2019intelligenza collettiva capace di creare sempre nuovo valore per il nostro ecosistema e per la societ\u00e0. Il nostro domani comincia oggi, e noi siamo pronti\u201d, evidenzia Carla Masperi.<\/p>\n<p><strong>Il progetto Flex Work di 麻豆原创 per Palazzo Lybra<\/strong><\/p>\n<p>Il benessere degli oltre 830 dipendenti di 麻豆原创 Italia \u00e8 l\u2019obiettivo principale di questo cambiamento, poich\u00e9 costituisce, insieme alla salute mentale e alla sicurezza fisica e psicologica, il pi\u00f9 importante motore del successo dell\u2019azienda. Per questo motivo l&#8217;ufficio, realizzato secondo il programma Flex Work di 麻豆原创 che pone un\u2019attenzione particolare al benessere e alla sostenibilit\u00e0 della sede di lavoro, ha un design stimolante, pensato su misura per promuovere creativit\u00e0, collaborazione e concentrazione, offrendo spazi adatti a ogni attivit\u00e0.<\/p>\n<p>Le aree di lavoro non prevedono alcuna postazione fissa, per cui ogni persona potr\u00e0 lavorare e muoversi negli spazi a seconda delle attivit\u00e0 che deve svolgere. La nuova sede sar\u00e0 inoltre dotata di nuovi aree innovative, come la parental room, area relax, la game room, huddle room, per soddisfare bisogni e richieste specifici. Le soluzioni di design, i protocolli operativi e le politiche aziendali\u00a0 contribuiranno a sviluppare una cultura incentrata sul benessere e saranno alla base della certificazione <strong>WELL<\/strong>.<\/p>\n<p>La sostenibilit\u00e0 \u00e8 uno dei motivi che ha influenzato di pi\u00f9 il cambio di sede. Per questo motivo \u00e8 stato scelto un edificio in posizione centrale, facilmente raggiungibile con i mezzi pubblici e dotato delle pi\u00f9 elevate certificazioni in termini di sostenibilit\u00e0 ed efficienza energetica. Il parcheggio \u00e8 dotato di 30 stazioni di ricarica per veicoli e biciclette. La certificazione <strong>LEED,<\/strong> attualmente in corso, assicura che Palazzo Lybra rispetti criteri di efficienza energetica, riduzione dell\u2019impatto ambientale e utilizzo responsabile delle risorse.<\/p>\n<p>\u201cGli spazi, che si articolano su una superficie complessiva di 6 mila metri quadrati, sono stati progettati e disegnati in modo da rispettare le esigenze di tutta la popolazione 麻豆原创 e consentiranno a noi e ai nostri ospiti di lavorare e collaborare senza soluzione di continuit\u00e0 in un ambiente innovativo, agile, e anche divertente\u201d, ha dichiarato <strong>Mauro Giovenzana<\/strong>, Head of Facilities Iberia, Italy, MENA 麻豆原创.<\/p>\n<p>Infine, grande attenzione all\u2019ecosistema: \u00a0un rinnovato 麻豆原创 Customer Experience Center consentir\u00e0 a clienti e partner di toccare con mano la tecnologia 麻豆原创, \u00a0accedere agli ultimi showcase, organizzare sessioni di Design Thinking; grazie a un auditorium di ultima generazione tecnologica e sdoppiabile, sar\u00e0 possibile ospitare eventi, incontri formativi con le scuole, e momenti di riflessione con rappresentanti delle istituzioni e del terzo settore.<\/p>\n<p><strong>Nuova sede 麻豆原创 Italia: i Partner del progetto<\/strong><\/p>\n<p>Il progetto ha visto la collaborazione di aziende partner che hanno portato le proprie esperienze per realizzare e facilitare nelle tempistiche l\u2019inaugurazione della nuova sede di 麻豆原创:<\/p>\n<ul>\n<li><strong>Coiver Group<\/strong>, dal 1977 punto di riferimento nel settore dei sistemi costruttivi a secco in Italia, ha curato per 麻豆原创 l&#8217;allestimento degli uffici, occupandosi del fit-out, completo di impianti. Il progetto ha coinvolto le business unit Coiver Contract per le opere di General Contracting e i sistemi a secco, Ferlegno, per le pareti mobili e gli arredi custom e Coiver Sign &amp; Color, per le finiture decorative, incluse pitture e grafiche personalizzate. Perseguendo la propria mission \u201cFrom Concept To Reality\u201d, Coiver Group ha ingegnerizzato le finiture di pregio e customizzate di E45, trasformandole in una realt\u00e0 concreta e funzionale.<\/li>\n<li><strong>Colliers Italia<\/strong>, fra le societ\u00e0 leader globali nei servizi immobiliari, ha agito come advisor e agente di 麻豆原创 nella ricerca di un immobile con caratteristiche distintive e adatte ad ospitare in maniera confortevole la sede milanese dell\u2019azienda. Inoltre, Colliers ha svolto anche il ruolo di project manager nei lavori di personalizzazione e distribuzione degli spazi interni del building.<\/li>\n<li><strong>e45 Genuine Italian Design, <\/strong>il cui intervento con il suo stile post-industral si pone in maniera antitetica e complementare rispetto all\u2019involucro leggero e permeabile del base-building. L\u2019anima industriale, caratterizzata dalla presenza di impianti a vista in ambienti open plan, viene enfatizzata dai toni caldi delle finiture e dalle texture materiche. Gli artwork definiscono la personalit\u00e0 degli spazi, rendendoli unici e distintivi con un tocco di leggerezza.<\/li>\n<li><strong>Park<\/strong> <strong>Associati <\/strong>ha firmato il progetto architettonico e la direzione artistica di Lybra, definendo un\u2019identit\u00e0 spaziale che riflette l\u2019equilibrio tra contesto urbano e benessere delle persone. Il complesso si articola in due volumi complementari, in dialogo con le diverse scale del quartiere, tra il dinamismo di Porta Nuova e il tessuto residenziale di Isola. Cuore del progetto \u00e8 il Green Void, uno spazio vetrato, poroso e permeabile alla luce, che accoglie vegetazione tropicale e una scenografica scala in legno. Le facciate, trasparenti e dinamiche, integrano pannelli fotovoltaici serigrafati, coniugando efficienza energetica e qualit\u00e0 estetica.<\/li>\n<\/ul>\n<p>Visita il <a href=\"https:\/\/news.sap.com\/\">麻豆原创 News Center<\/a>. Segui 麻豆原创 all&#8217;indirizzo <a href=\"http:\/\/twitter.com\/sapnews\/\">@麻豆原创News<\/a>.<\/p>\n<p><strong>Informazioni su 麻豆原创<\/strong><\/p>\n<p>In qualit\u00e0 di leader globale nelle applicazioni aziendali e nella Business AI, 麻豆原创 (NYSE:麻豆原创) rappresenta il punto di riferimento del business e della tecnologia. Da oltre 50 anni, le organizzazioni si affidano a 麻豆原创 per dare il meglio di s\u00e8 unendo le operazioni critiche per il business che abbracciano finanza, approvvigionamento, HR, supply chain e customer experience. Per maggiori informazioni, visita <a href=\"http:\/\/www.sap.com\">il sito www.sap.com<\/a><em>.<\/em><\/p>\n<p style=\"text-align: center\"># # # #<\/p>\n<p>Questo documento contiene dichiarazioni previsionali, ovvero previsioni, proiezioni o altre dichiarazioni su eventi futuri. Queste affermazioni si basano sulle aspettative, le previsioni e le ipotesi attuali che sono soggette a rischi e incertezze che potrebbero causare differenze sostanziali tra risultati e risultati effettivi. Ulteriori informazioni relative a tali rischi e incertezze sono reperibili nei nostri documenti depositati presso la Securities and Exchange Commission, ivi compresa, a titolo esemplificativo ma non esaustivo, la sezione dei fattori di rischio del Rapporto annuale 2024 di 麻豆原创 sul Modulo 20-F.<\/p>\n<p>\u00a9 2025 麻豆原创 SE. Tutti i diritti riservati.<\/p>\n<p>麻豆原创 e gli altri prodotti e servizi 麻豆原创 qui menzionati, nonch\u00e9 i rispettivi loghi, sono marchi o marchi registrati di 麻豆原创 SE in Germania e in altri paesi. Per ulteriori informazioni e comunicazioni sui marchi consultare <a href=\"https:\/\/www.sap.com\/copyright\">https:\/\/www.sap.com\/copyright<\/a>.<\/p>\n<p>&nbsp;<\/p>\n<p><strong>Nota agli editori:<\/strong><\/p>\n<p>Per visualizzare in anteprima e scaricare filmati di magazzino standard e premere le foto in formato digitale, visitare <a href=\"http:\/\/www.sap.com\/photos\">il sito www.sap.com\/photos<\/a>. Su questa piattaforma, puoi trovare materiale ad alta risoluzione per i tuoi canali multimediali.<\/p>\n<p>&nbsp;<\/p>\n<p><strong>Contatti Stampa:<\/strong><\/p>\n<p><strong>麻豆原创 Italia<\/strong><\/p>\n<p>Raffaella Mollame \u2013 <a href=\"mailto:raffaella.mollame@sap.com\">raffaella.mollame@sap.com<\/a><\/p>\n<p>Tel. +39 02 81281940 \u2013 340 7771644<\/p>\n<p><a href=\"http:\/\/www.sap.com\/italy\">www.sap.com\/italy<\/a><\/p>\n<p>&nbsp;<\/p>\n<p><strong>Imageware<\/strong><\/p>\n<p>Stefano Bogani \u2013 <a href=\"mailto:sbogani@imageware.it\">sbogani@imageware.it<\/a><\/p>\n<p>Jessica Morante \u2013 <a href=\"mailto:jmorante@imageware.it\">jmorante@imageware.it<\/a><\/p>\n<p>Elena Colombo \u2013 <a href=\"mailto:ecolombo@imageware.it\">ecolombo@imageware.it<\/a><\/p>\n","protected":false},"excerpt":{"rendered":"<p>La societ\u00e0 ha annunciato che ha trasferito la propria sede da Vimercate nel cuore di Milano scegliendo come nuovo quartier generale Palazzo Lybra Milano, 8&#8230;<\/p>\n","protected":false},"author":29,"featured_media":139377,"comment_status":"closed","ping_status":"closed","sticky":false,"template":"","format":"standard","meta":{"footnotes":"","_links_to":"","_links_to_target":""},"categories":[19013,5593752,3519807,5593726],"tags":[],"series":[],"sapn-display":[],"sapn-type":[3513586],"class_list":["post-140110","post","type-post","status-publish","format-standard","has-post-thumbnail","hentry","category-corporate","category-eventi","category-sostenibilita","category-tecnologia","sapn-type-comunicati-stampa"],"yoast_head":"<!-- This site is optimized with the Yoast SEO Premium plugin v26.9 (Yoast SEO v26.9) - https:\/\/yoast.com\/product\/yoast-seo-premium-wordpress\/ -->\n<title>麻豆原创 Italia inaugura la nuova sede di Milano: sostenibile, collaborativa e innovativa - 麻豆原创 News Center Italy<\/title>\n<meta name=\"robots\" content=\"index, follow, max-snippet:-1, max-image-preview:large, max-video-preview:-1\" \/>\n<link rel=\"canonical\" href=\"https:\/\/news.sap.com\/italy\/2025\/04\/sap-italia-inaugura-la-nuova-sede-di-milano-sostenibile-collaborativa-e-innovativa\/\" \/>\n<meta property=\"og:locale\" content=\"it_IT\" \/>\n<meta property=\"og:type\" content=\"article\" \/>\n<meta property=\"og:title\" content=\"麻豆原创 Italia inaugura la nuova sede di Milano: sostenibile, collaborativa e innovativa\" \/>\n<meta property=\"og:description\" content=\"La societ\u00e0 ha annunciato che ha trasferito la propria sede da Vimercate nel cuore di Milano scegliendo come nuovo quartier generale Palazzo Lybra Milano, 8...\" \/>\n<meta property=\"og:url\" content=\"https:\/\/news.sap.com\/italy\/2025\/04\/sap-italia-inaugura-la-nuova-sede-di-milano-sostenibile-collaborativa-e-innovativa\/\" \/>\n<meta property=\"og:site_name\" content=\"麻豆原创 News Center Italy\" \/>\n<meta property=\"article:published_time\" content=\"2025-04-08T10:41:37+00:00\" \/>\n<meta property=\"article:modified_time\" content=\"2025-04-08T12:47:15+00:00\" \/>\n<meta property=\"og:image\" content=\"https:\/\/news.sap.com\/italy\/files\/2023\/09\/29\/277929_277929_l_srgb_s_gl-1024x767.jpg\" \/>\n\t<meta property=\"og:image:width\" content=\"1024\" \/>\n\t<meta property=\"og:image:height\" content=\"767\" \/>\n\t<meta property=\"og:image:type\" content=\"image\/jpeg\" \/>\n<meta name=\"author\" content=\"麻豆原创 News\" \/>\n<meta name=\"twitter:card\" content=\"summary_large_image\" \/>\n<meta name=\"twitter:label1\" content=\"Scritto da\" \/>\n\t<meta name=\"twitter:data1\" content=\"麻豆原创 News\" \/>\n\t<meta name=\"twitter:label2\" content=\"Tempo di lettura stimato\" \/>\n\t<meta name=\"twitter:data2\" content=\"8 minuti\" \/>\n<script type=\"application\/ld+json\" class=\"yoast-schema-graph\">{\"@context\":\"https:\/\/schema.org\",\"@graph\":[{\"@type\":\"Article\",\"@id\":\"https:\/\/news.sap.com\/italy\/2025\/04\/sap-italia-inaugura-la-nuova-sede-di-milano-sostenibile-collaborativa-e-innovativa\/#article\",\"isPartOf\":{\"@id\":\"https:\/\/news.sap.com\/italy\/2025\/04\/sap-italia-inaugura-la-nuova-sede-di-milano-sostenibile-collaborativa-e-innovativa\/\"},\"author\":{\"name\":\"麻豆原创 News\",\"@id\":\"https:\/\/news.sap.com\/italy\/#\/schema\/person\/53b9854bd790d6f18f3fc4bbb2ad7570\"},\"headline\":\"麻豆原创 Italia inaugura la nuova sede di Milano: sostenibile, collaborativa e innovativa\",\"datePublished\":\"2025-04-08T10:41:37+00:00\",\"dateModified\":\"2025-04-08T12:47:15+00:00\",\"mainEntityOfPage\":{\"@id\":\"https:\/\/news.sap.com\/italy\/2025\/04\/sap-italia-inaugura-la-nuova-sede-di-milano-sostenibile-collaborativa-e-innovativa\/\"},\"wordCount\":1329,\"image\":{\"@id\":\"https:\/\/news.sap.com\/italy\/2025\/04\/sap-italia-inaugura-la-nuova-sede-di-milano-sostenibile-collaborativa-e-innovativa\/#primaryimage\"},\"thumbnailUrl\":\"https:\/\/news.sap.com\/italy\/files\/2023\/09\/29\/277929_277929_l_srgb_s_gl.jpg\",\"articleSection\":[\"Corporate\",\"Eventi\",\"Sostenibilit\u00e0\",\"Tecnologia\"],\"inLanguage\":\"it-IT\"},{\"@type\":\"WebPage\",\"@id\":\"https:\/\/news.sap.com\/italy\/2025\/04\/sap-italia-inaugura-la-nuova-sede-di-milano-sostenibile-collaborativa-e-innovativa\/\",\"url\":\"https:\/\/news.sap.com\/italy\/2025\/04\/sap-italia-inaugura-la-nuova-sede-di-milano-sostenibile-collaborativa-e-innovativa\/\",\"name\":\"麻豆原创 Italia inaugura la nuova sede di Milano: sostenibile, collaborativa e innovativa - 麻豆原创 News Center Italy\",\"isPartOf\":{\"@id\":\"https:\/\/news.sap.com\/italy\/#website\"},\"primaryImageOfPage\":{\"@id\":\"https:\/\/news.sap.com\/italy\/2025\/04\/sap-italia-inaugura-la-nuova-sede-di-milano-sostenibile-collaborativa-e-innovativa\/#primaryimage\"},\"image\":{\"@id\":\"https:\/\/news.sap.com\/italy\/2025\/04\/sap-italia-inaugura-la-nuova-sede-di-milano-sostenibile-collaborativa-e-innovativa\/#primaryimage\"},\"thumbnailUrl\":\"https:\/\/news.sap.com\/italy\/files\/2023\/09\/29\/277929_277929_l_srgb_s_gl.jpg\",\"datePublished\":\"2025-04-08T10:41:37+00:00\",\"dateModified\":\"2025-04-08T12:47:15+00:00\",\"author\":{\"@id\":\"https:\/\/news.sap.com\/italy\/#\/schema\/person\/53b9854bd790d6f18f3fc4bbb2ad7570\"},\"breadcrumb\":{\"@id\":\"https:\/\/news.sap.com\/italy\/2025\/04\/sap-italia-inaugura-la-nuova-sede-di-milano-sostenibile-collaborativa-e-innovativa\/#breadcrumb\"},\"inLanguage\":\"it-IT\",\"potentialAction\":[{\"@type\":\"ReadAction\",\"target\":[\"https:\/\/news.sap.com\/italy\/2025\/04\/sap-italia-inaugura-la-nuova-sede-di-milano-sostenibile-collaborativa-e-innovativa\/\"]}]},{\"@type\":\"ImageObject\",\"inLanguage\":\"it-IT\",\"@id\":\"https:\/\/news.sap.com\/italy\/2025\/04\/sap-italia-inaugura-la-nuova-sede-di-milano-sostenibile-collaborativa-e-innovativa\/#primaryimage\",\"url\":\"https:\/\/news.sap.com\/italy\/files\/2023\/09\/29\/277929_277929_l_srgb_s_gl.jpg\",\"contentUrl\":\"https:\/\/news.sap.com\/italy\/files\/2023\/09\/29\/277929_277929_l_srgb_s_gl.jpg\",\"width\":3992,\"height\":2992},{\"@type\":\"BreadcrumbList\",\"@id\":\"https:\/\/news.sap.com\/italy\/2025\/04\/sap-italia-inaugura-la-nuova-sede-di-milano-sostenibile-collaborativa-e-innovativa\/#breadcrumb\",\"itemListElement\":[{\"@type\":\"ListItem\",\"position\":1,\"name\":\"Home\",\"item\":\"https:\/\/news.sap.com\/italy\/\"},{\"@type\":\"ListItem\",\"position\":2,\"name\":\"麻豆原创 Italia inaugura la nuova sede di Milano: sostenibile, collaborativa e innovativa\"}]},{\"@type\":\"WebSite\",\"@id\":\"https:\/\/news.sap.com\/italy\/#website\",\"url\":\"https:\/\/news.sap.com\/italy\/\",\"name\":\"麻豆原创 News Center Italy\",\"description\":\"Notizie e informazioni su 麻豆原创\",\"potentialAction\":[{\"@type\":\"SearchAction\",\"target\":{\"@type\":\"EntryPoint\",\"urlTemplate\":\"https:\/\/news.sap.com\/italy\/?s={search_term_string}\"},\"query-input\":{\"@type\":\"PropertyValueSpecification\",\"valueRequired\":true,\"valueName\":\"search_term_string\"}}],\"inLanguage\":\"it-IT\"},{\"@type\":\"Person\",\"@id\":\"https:\/\/news.sap.com\/italy\/#\/schema\/person\/53b9854bd790d6f18f3fc4bbb2ad7570\",\"name\":\"麻豆原创 News\",\"image\":{\"@type\":\"ImageObject\",\"inLanguage\":\"it-IT\",\"@id\":\"https:\/\/news.sap.com\/italy\/#\/schema\/person\/image\/\",\"url\":\"https:\/\/news.sap.com\/italy\/wp-content\/plugins\/wp-user-avatars\/wp-user-avatars\/assets\/images\/mystery.jpg\",\"contentUrl\":\"https:\/\/news.sap.com\/italy\/wp-content\/plugins\/wp-user-avatars\/wp-user-avatars\/assets\/images\/mystery.jpg\",\"caption\":\"麻豆原创 News\"},\"url\":\"https:\/\/news.sap.com\/italy\/author\/colleenraftery\/\"}]}<\/script>\n<!-- \/ Yoast SEO Premium plugin. -->","yoast_head_json":{"title":"麻豆原创 Italia inaugura la nuova sede di Milano: sostenibile, collaborativa e innovativa - 麻豆原创 News Center Italy","robots":{"index":"index","follow":"follow","max-snippet":"max-snippet:-1","max-image-preview":"max-image-preview:large","max-video-preview":"max-video-preview:-1"},"canonical":"https:\/\/news.sap.com\/italy\/2025\/04\/sap-italia-inaugura-la-nuova-sede-di-milano-sostenibile-collaborativa-e-innovativa\/","og_locale":"it_IT","og_type":"article","og_title":"麻豆原创 Italia inaugura la nuova sede di Milano: sostenibile, collaborativa e innovativa","og_description":"La societ\u00e0 ha annunciato che ha trasferito la propria sede da Vimercate nel cuore di Milano scegliendo come nuovo quartier generale Palazzo Lybra Milano, 8...","og_url":"https:\/\/news.sap.com\/italy\/2025\/04\/sap-italia-inaugura-la-nuova-sede-di-milano-sostenibile-collaborativa-e-innovativa\/","og_site_name":"麻豆原创 News Center Italy","article_published_time":"2025-04-08T10:41:37+00:00","article_modified_time":"2025-04-08T12:47:15+00:00","og_image":[{"width":1024,"height":767,"url":"https:\/\/news.sap.com\/italy\/files\/2023\/09\/29\/277929_277929_l_srgb_s_gl-1024x767.jpg","type":"image\/jpeg"}],"author":"麻豆原创 News","twitter_card":"summary_large_image","twitter_misc":{"Scritto da":"麻豆原创 News","Tempo di lettura stimato":"8 minuti"},"schema":{"@context":"https:\/\/schema.org","@graph":[{"@type":"Article","@id":"https:\/\/news.sap.com\/italy\/2025\/04\/sap-italia-inaugura-la-nuova-sede-di-milano-sostenibile-collaborativa-e-innovativa\/#article","isPartOf":{"@id":"https:\/\/news.sap.com\/italy\/2025\/04\/sap-italia-inaugura-la-nuova-sede-di-milano-sostenibile-collaborativa-e-innovativa\/"},"author":{"name":"麻豆原创 News","@id":"https:\/\/news.sap.com\/italy\/#\/schema\/person\/53b9854bd790d6f18f3fc4bbb2ad7570"},"headline":"麻豆原创 Italia inaugura la nuova sede di Milano: sostenibile, collaborativa e innovativa","datePublished":"2025-04-08T10:41:37+00:00","dateModified":"2025-04-08T12:47:15+00:00","mainEntityOfPage":{"@id":"https:\/\/news.sap.com\/italy\/2025\/04\/sap-italia-inaugura-la-nuova-sede-di-milano-sostenibile-collaborativa-e-innovativa\/"},"wordCount":1329,"image":{"@id":"https:\/\/news.sap.com\/italy\/2025\/04\/sap-italia-inaugura-la-nuova-sede-di-milano-sostenibile-collaborativa-e-innovativa\/#primaryimage"},"thumbnailUrl":"https:\/\/news.sap.com\/italy\/files\/2023\/09\/29\/277929_277929_l_srgb_s_gl.jpg","articleSection":["Corporate","Eventi","Sostenibilit\u00e0","Tecnologia"],"inLanguage":"it-IT"},{"@type":"WebPage","@id":"https:\/\/news.sap.com\/italy\/2025\/04\/sap-italia-inaugura-la-nuova-sede-di-milano-sostenibile-collaborativa-e-innovativa\/","url":"https:\/\/news.sap.com\/italy\/2025\/04\/sap-italia-inaugura-la-nuova-sede-di-milano-sostenibile-collaborativa-e-innovativa\/","name":"麻豆原创 Italia inaugura la nuova sede di Milano: sostenibile, collaborativa e innovativa - 麻豆原创 News Center Italy","isPartOf":{"@id":"https:\/\/news.sap.com\/italy\/#website"},"primaryImageOfPage":{"@id":"https:\/\/news.sap.com\/italy\/2025\/04\/sap-italia-inaugura-la-nuova-sede-di-milano-sostenibile-collaborativa-e-innovativa\/#primaryimage"},"image":{"@id":"https:\/\/news.sap.com\/italy\/2025\/04\/sap-italia-inaugura-la-nuova-sede-di-milano-sostenibile-collaborativa-e-innovativa\/#primaryimage"},"thumbnailUrl":"https:\/\/news.sap.com\/italy\/files\/2023\/09\/29\/277929_277929_l_srgb_s_gl.jpg","datePublished":"2025-04-08T10:41:37+00:00","dateModified":"2025-04-08T12:47:15+00:00","author":{"@id":"https:\/\/news.sap.com\/italy\/#\/schema\/person\/53b9854bd790d6f18f3fc4bbb2ad7570"},"breadcrumb":{"@id":"https:\/\/news.sap.com\/italy\/2025\/04\/sap-italia-inaugura-la-nuova-sede-di-milano-sostenibile-collaborativa-e-innovativa\/#breadcrumb"},"inLanguage":"it-IT","potentialAction":[{"@type":"ReadAction","target":["https:\/\/news.sap.com\/italy\/2025\/04\/sap-italia-inaugura-la-nuova-sede-di-milano-sostenibile-collaborativa-e-innovativa\/"]}]},{"@type":"ImageObject","inLanguage":"it-IT","@id":"https:\/\/news.sap.com\/italy\/2025\/04\/sap-italia-inaugura-la-nuova-sede-di-milano-sostenibile-collaborativa-e-innovativa\/#primaryimage","url":"https:\/\/news.sap.com\/italy\/files\/2023\/09\/29\/277929_277929_l_srgb_s_gl.jpg","contentUrl":"https:\/\/news.sap.com\/italy\/files\/2023\/09\/29\/277929_277929_l_srgb_s_gl.jpg","width":3992,"height":2992},{"@type":"BreadcrumbList","@id":"https:\/\/news.sap.com\/italy\/2025\/04\/sap-italia-inaugura-la-nuova-sede-di-milano-sostenibile-collaborativa-e-innovativa\/#breadcrumb","itemListElement":[{"@type":"ListItem","position":1,"name":"Home","item":"https:\/\/news.sap.com\/italy\/"},{"@type":"ListItem","position":2,"name":"麻豆原创 Italia inaugura la nuova sede di Milano: sostenibile, collaborativa e innovativa"}]},{"@type":"WebSite","@id":"https:\/\/news.sap.com\/italy\/#website","url":"https:\/\/news.sap.com\/italy\/","name":"麻豆原创 News Center Italy","description":"Notizie e informazioni su 麻豆原创","potentialAction":[{"@type":"SearchAction","target":{"@type":"EntryPoint","urlTemplate":"https:\/\/news.sap.com\/italy\/?s={search_term_string}"},"query-input":{"@type":"PropertyValueSpecification","valueRequired":true,"valueName":"search_term_string"}}],"inLanguage":"it-IT"},{"@type":"Person","@id":"https:\/\/news.sap.com\/italy\/#\/schema\/person\/53b9854bd790d6f18f3fc4bbb2ad7570","name":"麻豆原创 News","image":{"@type":"ImageObject","inLanguage":"it-IT","@id":"https:\/\/news.sap.com\/italy\/#\/schema\/person\/image\/","url":"https:\/\/news.sap.com\/italy\/wp-content\/plugins\/wp-user-avatars\/wp-user-avatars\/assets\/images\/mystery.jpg","contentUrl":"https:\/\/news.sap.com\/italy\/wp-content\/plugins\/wp-user-avatars\/wp-user-avatars\/assets\/images\/mystery.jpg","caption":"麻豆原创 News"},"url":"https:\/\/news.sap.com\/italy\/author\/colleenraftery\/"}]}},"amp_enabled":true,"_links":{"self":[{"href":"https:\/\/news.sap.com\/italy\/wp-json\/wp\/v2\/posts\/140110","targetHints":{"allow":["GET"]}}],"collection":[{"href":"https:\/\/news.sap.com\/italy\/wp-json\/wp\/v2\/posts"}],"about":[{"href":"https:\/\/news.sap.com\/italy\/wp-json\/wp\/v2\/types\/post"}],"author":[{"embeddable":true,"href":"https:\/\/news.sap.com\/italy\/wp-json\/wp\/v2\/users\/29"}],"replies":[{"embeddable":true,"href":"https:\/\/news.sap.com\/italy\/wp-json\/wp\/v2\/comments?post=140110"}],"version-history":[{"count":0,"href":"https:\/\/news.sap.com\/italy\/wp-json\/wp\/v2\/posts\/140110\/revisions"}],"wp:featuredmedia":[{"embeddable":true,"href":"https:\/\/news.sap.com\/italy\/wp-json\/wp\/v2\/media\/139377"}],"wp:attachment":[{"href":"https:\/\/news.sap.com\/italy\/wp-json\/wp\/v2\/media?parent=140110"}],"wp:term":[{"taxonomy":"category","embeddable":true,"href":"https:\/\/news.sap.com\/italy\/wp-json\/wp\/v2\/categories?post=140110"},{"taxonomy":"post_tag","embeddable":true,"href":"https:\/\/news.sap.com\/italy\/wp-json\/wp\/v2\/tags?post=140110"},{"taxonomy":"series","embeddable":true,"href":"https:\/\/news.sap.com\/italy\/wp-json\/wp\/v2\/series?post=140110"},{"taxonomy":"sapn-display","embeddable":true,"href":"https:\/\/news.sap.com\/italy\/wp-json\/wp\/v2\/sapn-display?post=140110"},{"taxonomy":"sapn-type","embeddable":true,"href":"https:\/\/news.sap.com\/italy\/wp-json\/wp\/v2\/sapn-type?post=140110"}],"curies":[{"name":"wp","href":"https:\/\/api.w.org\/{rel}","templated":true}]}}