  {"id":140070,"date":"2025-02-19T10:13:15","date_gmt":"2025-02-19T10:13:15","guid":{"rendered":"https:\/\/news.sap.com\/italy\/?p=140070"},"modified":"2025-02-21T10:19:12","modified_gmt":"2025-02-21T10:19:12","slug":"persone-organizzazioni-e-tecnologia-per-prepararsi-allera-intelligente","status":"publish","type":"post","link":"https:\/\/news.sap.com\/italy\/2025\/02\/persone-organizzazioni-e-tecnologia-per-prepararsi-allera-intelligente\/","title":{"rendered":"Persone, organizzazioni e tecnologia per prepararsi all&#8217;era intelligente"},"content":{"rendered":"<p>Le innovazioni tecnologiche come l&#8217;intelligenza artificiale (AI) stanno rimodellando interi settori e ridefinendo i confini del possibile. Questi progressi aumentano significativamente la nostra produttivit\u00e0 e ci aiutano a raggiungere nuovi traguardi.<\/p>\n<p>Secondo il <a href=\"https:\/\/www.mckinsey.com\/capabilities\/mckinsey-digital\/our-insights\/the-economic-potential-of-generative-ai-the-next-productivity-frontier\">McKinsey Global Institute<\/a>, l&#8217;AI potrebbe contribuire all&#8217;economia globale per un valore compreso tra i 17,1 e i 25,6 trilioni di dollari all&#8217;anno, di cui 6,1-7,9 trilioni solo per i casi di utilizzo dell&#8217;AI generativa.<\/p>\n<p>Tuttavia, la tecnologia da sola non garantisce il successo nell&#8217;era intelligente: le persone rimangono i veri catalizzatori dell&#8217;innovazione e della crescita. La capacit\u00e0 delle aziende di adattarsi continuamente, di costruire resilienza e di crescere sostenibilmente dipende dalla capacit\u00e0 di collegare persone, sviluppo organizzativo e progressi tecnologici. Questo triangolo pu\u00f2 formare il motore di trasformazione che guida il successo dell\u2019organizzazione e dei suoi dipendenti, garantendo un futuro prospero e sostenibile a lungo termine.<\/p>\n<p><strong>Persone e competenze prima di tutto <\/strong><\/p>\n<p>Anche nell&#8217;era dell&#8217;high-tech, le persone restano la forza trainante dell&#8217;innovazione e della crescita. Le competenze sono la nuova moneta e comprendono le abilit\u00e0, le conoscenze e le esperienze che permettono agli individui di adattarsi in un mondo in rapida evoluzione.<\/p>\n<p>L&#8217;approccio <em>skill-first<\/em> \u00e8 un cambio di paradigma che rivoluziona il modo in cui le aziende gestiscono la pianificazione della forza lavoro, le assunzioni, le performance, la gestione dei ruoli, l&#8217;apprendimento, il percorso di carriera e i riconoscimenti \u2013 che possono diventare sempre pi\u00f9 personalizzati grazie anche all&#8217;intelligenza artificiale. Mettere le competenze al centro, oltre a far emergere il meglio delle proprie persone, trasforma le pratiche, i prodotti e le soluzioni in tutte le fasi del ciclo di vita dei dipendenti.<\/p>\n<p>In questo modo, le organizzazioni creano un ecosistema di persone incentrato sull&#8217;adattabilit\u00e0 e la crescita. Dalla descrizione dei ruoli alle valutazioni basate sulle competenze, alla definizione delle priorit\u00e0 rispetto all&#8217;esperienza e ai titoli di studio, le imprese possono trasformare i loro processi rendendoli pi\u00f9 \u201cumani\u201d. Ci\u00f2 si estende all&#8217;apprendimento e alla crescita professionale basati sulle capacit\u00e0, consentendo lo sviluppo intergenerazionale, la mobilit\u00e0 interna, i programmi di riconoscimento, nonch\u00e9 il percorso di carriera e la mappatura delle conoscenze ed esperienze.<\/p>\n<p>Questo approccio garantisce che le aziende attraggano e coinvolgano i talenti giusti, forniscano alle proprie persone opportunit\u00e0 di sviluppo personalizzate e allineate alle esigenze dell&#8217;organizzazione, e offrano premi competitivi che riconoscano e incentivino la crescita delle professionalit\u00e0.<\/p>\n<p>Un modello organizzativo orientato alle competenze aiuta i dipendenti ad adattarsi rapidamente, quasi in tempo reale, alle mutevoli esigenze, a promuovere l&#8217;innovazione e di raggiungere gli obiettivi definiti. In ultima analisi, questo approccio contribuisce alla crescita economica globale, garantendo una forza lavoro qualificata e sostenendo alti livelli di occupabilit\u00e0.<\/p>\n<p><strong>La cultura come base per un\u2019organizzazione innovativa e resiliente <\/strong><\/p>\n<p>La costante richiesta di trasformazione, la crescente concorrenza e le sfide geopolitiche, mettono a dura prova anche le culture organizzative pi\u00f9 resistenti. Nell&#8217;era intelligente, il mantenimento di una cultura forte richiede un&#8217;attenzione strategica e continua.<\/p>\n<p>Le aziende devono instillare una cultura che incoraggi l&#8217;adattabilit\u00e0 che agisce come una bussola interna, guidando i dipendenti su come lavorare insieme, servire i clienti ed essere responsabili. La cultura guida inoltre il processo decisionale attraverso valori e priorit\u00e0 condivise, enfatizzando una mentalit\u00e0 di crescita per l&#8217;apprendimento continuo e lo sviluppo di nuove capacit\u00e0 individuali e organizzative.<\/p>\n<p>I leader svolgono un ruolo fondamentale in questo senso. Motivando i team, fornendo chiarezza e obiettivi, creano un ambiente di lavoro coeso che responsabilizza le persone e allinea le loro azioni alla visione pi\u00f9 ampia. Il risultato \u00e8 uno sforzo unitario in cui ogni membro del team contribuisce ai target prefissati, alimentando sia le prestazioni che la capacit\u00e0 di adattamento.<\/p>\n<p>Quando la cultura \u00e8 profondamente radicata e alimentata riesce ad allineare la strategia con l\u2019esecuzione e l\u2019impegno di dipendenti, partner, clienti e azionisti, rafforzando l&#8217;impegno di tutti e ottenendo risultati coerenti.<\/p>\n<p><strong>La tecnologia al servizio delle persone cambia le carte in tavola<\/strong><\/p>\n<p>La tecnologia aiuta le organizzazioni a implementare e amplificare l&#8217;impatto delle strategie dedicate allo sviluppo delle persone. Sfruttando la potenza dei dati e dell&#8217;AI, le aziende favoriscono decisioni trasparenti e basate sui dati, un prerequisito fondamentale per la trasformazione della forza lavoro e il successo futuro.<\/p>\n<p>I dati e l&#8217;intelligenza artificiale aiutano le organizzazioni a prevedere le tendenze, identificare le carenze di competenze e migliorare la conoscenza dei talenti e la mobilit\u00e0, portando a creare gruppi pi\u00f9 efficienti e inclusivi. Questo consente di ottenere risultati di business desiderati, facendo leva anche su una visione olistica e trasparente degli skill dei dipendenti.<\/p>\n<p>I progressi tecnologici consentono anche livelli di personalizzazione senza precedenti, rendendo l&#8217;iper-personalizzazione un obiettivo chiave. Dai programmi di apprendimento mirati e basati sulle competenze ai percorsi di carriera individuali, gli strumenti abilitati dall&#8217;intelligenza artificiale possono personalizzare le esperienze in base alle esigenze di ciascuno, offrendo chiare opportunit\u00e0 di crescita e stimolando il coinvolgimento delle persone, che si sentono maggiormente valorizzate e supportate nel loro sviluppo.<\/p>\n<p>Utilizzando tecnologie come l&#8217;AI in modo efficace ed etico, le organizzazioni saranno pi\u00f9 adattive in futuro, \u00a0potranno effettuare rapidi cambi di rotta ed essere pi\u00f9 resilienti per soddisfare meglio le richieste del mercato.<\/p>\n<p>Nell&#8217;era intelligente, \u00e8 fondamentale che le aziende ripensino le proprie strategie mettendo al centro le persone. Insieme, possiamo creare organizzazioni che fungano da motori di innovazione e resilienza, per affrontare un futuro sostenibile incentrato sulle persone e la crescita.<\/p>\n<p>Cogliamo questo momento per far s\u00ec che l&#8217;Intelligent Age sia definita non solo dal progresso tecnologico, ma anche dal modo in cui eleva l&#8217;umanit\u00e0.<\/p>\n","protected":false},"excerpt":{"rendered":"<p>Le innovazioni tecnologiche come l&#8217;intelligenza artificiale (AI) stanno rimodellando interi settori e ridefinendo i confini del possibile. Questi progressi aumentano significativamente la nostra produttivit\u00e0 e&#8230;<\/p>\n","protected":false},"author":4777,"featured_media":139597,"comment_status":"closed","ping_status":"closed","sticky":false,"template":"","format":"standard","meta":{"footnotes":"","_links_to":"","_links_to_target":""},"categories":[10,19013,3515670,5593726],"tags":[5593835,4645944],"series":[],"sapn-display":[5593714,5593712],"sapn-type":[5593732],"class_list":["post-140070","post","type-post","status-publish","format-standard","has-post-thumbnail","hentry","category-cloud","category-corporate","category-settori","category-tecnologia","tag-competenze","tag-intelligenza-artificiale","sapn-display-feature-hero","sapn-display-feature-spotlight","sapn-type-feature"],"yoast_head":"<!-- This site is optimized with the Yoast SEO Premium plugin v26.9 (Yoast SEO v26.9) - https:\/\/yoast.com\/product\/yoast-seo-premium-wordpress\/ -->\n<title>Persone, organizzazioni e tecnologia per prepararsi all&#039;era intelligente - 麻豆原创 News Center Italy<\/title>\n<meta name=\"robots\" content=\"index, follow, max-snippet:-1, max-image-preview:large, max-video-preview:-1\" \/>\n<link rel=\"canonical\" href=\"https:\/\/news.sap.com\/italy\/2025\/02\/persone-organizzazioni-e-tecnologia-per-prepararsi-allera-intelligente\/\" \/>\n<meta property=\"og:locale\" content=\"it_IT\" \/>\n<meta property=\"og:type\" content=\"article\" \/>\n<meta property=\"og:title\" content=\"Persone, organizzazioni e tecnologia per prepararsi all&#039;era intelligente\" \/>\n<meta property=\"og:description\" content=\"Le innovazioni tecnologiche come l&#8217;intelligenza artificiale (AI) stanno rimodellando interi settori e ridefinendo i confini del possibile. Questi progressi aumentano significativamente la nostra produttivit\u00e0 e...\" \/>\n<meta property=\"og:url\" content=\"https:\/\/news.sap.com\/italy\/2025\/02\/persone-organizzazioni-e-tecnologia-per-prepararsi-allera-intelligente\/\" \/>\n<meta property=\"og:site_name\" content=\"麻豆原创 News Center Italy\" \/>\n<meta property=\"article:published_time\" content=\"2025-02-19T10:13:15+00:00\" \/>\n<meta property=\"article:modified_time\" content=\"2025-02-21T10:19:12+00:00\" \/>\n<meta property=\"og:image\" content=\"https:\/\/news.sap.com\/italy\/files\/2023\/12\/05\/276097_276097_h_ergb_s_gl-1024x683.jpg\" \/>\n\t<meta property=\"og:image:width\" content=\"1024\" \/>\n\t<meta property=\"og:image:height\" content=\"683\" \/>\n\t<meta property=\"og:image:type\" content=\"image\/jpeg\" \/>\n<meta name=\"author\" content=\"Gina Vargiu-Breuer\" \/>\n<meta name=\"twitter:card\" content=\"summary_large_image\" \/>\n<meta name=\"twitter:label1\" content=\"Scritto da\" \/>\n\t<meta name=\"twitter:data1\" content=\"Gina Vargiu-Breuer\" \/>\n\t<meta name=\"twitter:label2\" content=\"Tempo di lettura stimato\" \/>\n\t<meta name=\"twitter:data2\" content=\"5 minuti\" \/>\n<script type=\"application\/ld+json\" class=\"yoast-schema-graph\">{\"@context\":\"https:\/\/schema.org\",\"@graph\":[{\"@type\":\"Article\",\"@id\":\"https:\/\/news.sap.com\/italy\/2025\/02\/persone-organizzazioni-e-tecnologia-per-prepararsi-allera-intelligente\/#article\",\"isPartOf\":{\"@id\":\"https:\/\/news.sap.com\/italy\/2025\/02\/persone-organizzazioni-e-tecnologia-per-prepararsi-allera-intelligente\/\"},\"author\":{\"name\":\"Gina Vargiu-Breuer\",\"@id\":\"https:\/\/news.sap.com\/italy\/#\/schema\/person\/9545aef3de0e5622ce38f655254a4a15\"},\"headline\":\"Persone, organizzazioni e tecnologia per prepararsi all&#8217;era intelligente\",\"datePublished\":\"2025-02-19T10:13:15+00:00\",\"dateModified\":\"2025-02-21T10:19:12+00:00\",\"mainEntityOfPage\":{\"@id\":\"https:\/\/news.sap.com\/italy\/2025\/02\/persone-organizzazioni-e-tecnologia-per-prepararsi-allera-intelligente\/\"},\"wordCount\":933,\"image\":{\"@id\":\"https:\/\/news.sap.com\/italy\/2025\/02\/persone-organizzazioni-e-tecnologia-per-prepararsi-allera-intelligente\/#primaryimage\"},\"thumbnailUrl\":\"https:\/\/news.sap.com\/italy\/files\/2023\/12\/05\/276097_276097_h_ergb_s_gl.jpg\",\"keywords\":[\"competenze\",\"intelligenza artificiale\"],\"articleSection\":[\"Cloud\",\"Corporate\",\"Settori\",\"Tecnologia\"],\"inLanguage\":\"it-IT\"},{\"@type\":\"WebPage\",\"@id\":\"https:\/\/news.sap.com\/italy\/2025\/02\/persone-organizzazioni-e-tecnologia-per-prepararsi-allera-intelligente\/\",\"url\":\"https:\/\/news.sap.com\/italy\/2025\/02\/persone-organizzazioni-e-tecnologia-per-prepararsi-allera-intelligente\/\",\"name\":\"Persone, organizzazioni e tecnologia per prepararsi all'era intelligente - 麻豆原创 News Center Italy\",\"isPartOf\":{\"@id\":\"https:\/\/news.sap.com\/italy\/#website\"},\"primaryImageOfPage\":{\"@id\":\"https:\/\/news.sap.com\/italy\/2025\/02\/persone-organizzazioni-e-tecnologia-per-prepararsi-allera-intelligente\/#primaryimage\"},\"image\":{\"@id\":\"https:\/\/news.sap.com\/italy\/2025\/02\/persone-organizzazioni-e-tecnologia-per-prepararsi-allera-intelligente\/#primaryimage\"},\"thumbnailUrl\":\"https:\/\/news.sap.com\/italy\/files\/2023\/12\/05\/276097_276097_h_ergb_s_gl.jpg\",\"datePublished\":\"2025-02-19T10:13:15+00:00\",\"dateModified\":\"2025-02-21T10:19:12+00:00\",\"author\":{\"@id\":\"https:\/\/news.sap.com\/italy\/#\/schema\/person\/9545aef3de0e5622ce38f655254a4a15\"},\"breadcrumb\":{\"@id\":\"https:\/\/news.sap.com\/italy\/2025\/02\/persone-organizzazioni-e-tecnologia-per-prepararsi-allera-intelligente\/#breadcrumb\"},\"inLanguage\":\"it-IT\",\"potentialAction\":[{\"@type\":\"ReadAction\",\"target\":[\"https:\/\/news.sap.com\/italy\/2025\/02\/persone-organizzazioni-e-tecnologia-per-prepararsi-allera-intelligente\/\"]}]},{\"@type\":\"ImageObject\",\"inLanguage\":\"it-IT\",\"@id\":\"https:\/\/news.sap.com\/italy\/2025\/02\/persone-organizzazioni-e-tecnologia-per-prepararsi-allera-intelligente\/#primaryimage\",\"url\":\"https:\/\/news.sap.com\/italy\/files\/2023\/12\/05\/276097_276097_h_ergb_s_gl.jpg\",\"contentUrl\":\"https:\/\/news.sap.com\/italy\/files\/2023\/12\/05\/276097_276097_h_ergb_s_gl.jpg\",\"width\":6426,\"height\":4283,\"caption\":\"Group of people studying together in cafe --- Image by \u00a9 Jamie Kingham\/Corbis\"},{\"@type\":\"BreadcrumbList\",\"@id\":\"https:\/\/news.sap.com\/italy\/2025\/02\/persone-organizzazioni-e-tecnologia-per-prepararsi-allera-intelligente\/#breadcrumb\",\"itemListElement\":[{\"@type\":\"ListItem\",\"position\":1,\"name\":\"Home\",\"item\":\"https:\/\/news.sap.com\/italy\/\"},{\"@type\":\"ListItem\",\"position\":2,\"name\":\"Persone, organizzazioni e tecnologia per prepararsi all&#8217;era intelligente\"}]},{\"@type\":\"WebSite\",\"@id\":\"https:\/\/news.sap.com\/italy\/#website\",\"url\":\"https:\/\/news.sap.com\/italy\/\",\"name\":\"麻豆原创 News Center Italy\",\"description\":\"Notizie e informazioni su 麻豆原创\",\"potentialAction\":[{\"@type\":\"SearchAction\",\"target\":{\"@type\":\"EntryPoint\",\"urlTemplate\":\"https:\/\/news.sap.com\/italy\/?s={search_term_string}\"},\"query-input\":{\"@type\":\"PropertyValueSpecification\",\"valueRequired\":true,\"valueName\":\"search_term_string\"}}],\"inLanguage\":\"it-IT\"},{\"@type\":\"Person\",\"@id\":\"https:\/\/news.sap.com\/italy\/#\/schema\/person\/9545aef3de0e5622ce38f655254a4a15\",\"name\":\"Gina Vargiu-Breuer\",\"image\":{\"@type\":\"ImageObject\",\"inLanguage\":\"it-IT\",\"@id\":\"https:\/\/news.sap.com\/italy\/#\/schema\/person\/image\/\",\"url\":\"https:\/\/news.sap.com\/wp-content\/blogs.dir\/1\/files\/2025\/02\/04\/gina-vargiu-breuer_2025-96x96.jpg\",\"contentUrl\":\"https:\/\/news.sap.com\/wp-content\/blogs.dir\/1\/files\/2025\/02\/04\/gina-vargiu-breuer_2025-96x96.jpg\",\"caption\":\"Gina Vargiu-Breuer\"},\"description\":\"Member of the Executive Board of 麻豆原创 SE; Chief People Officer and Labor Director\",\"sameAs\":[\"https:\/\/www.sap.com\/about\/company\/leadership\/gina-vargiu-breuer.html\"],\"url\":\"https:\/\/news.sap.com\/italy\/author\/ginavargiubreuer\/\"}]}<\/script>\n<!-- \/ Yoast SEO Premium plugin. -->","yoast_head_json":{"title":"Persone, organizzazioni e tecnologia per prepararsi all'era intelligente - 麻豆原创 News Center Italy","robots":{"index":"index","follow":"follow","max-snippet":"max-snippet:-1","max-image-preview":"max-image-preview:large","max-video-preview":"max-video-preview:-1"},"canonical":"https:\/\/news.sap.com\/italy\/2025\/02\/persone-organizzazioni-e-tecnologia-per-prepararsi-allera-intelligente\/","og_locale":"it_IT","og_type":"article","og_title":"Persone, organizzazioni e tecnologia per prepararsi all'era intelligente","og_description":"Le innovazioni tecnologiche come l&#8217;intelligenza artificiale (AI) stanno rimodellando interi settori e ridefinendo i confini del possibile. Questi progressi aumentano significativamente la nostra produttivit\u00e0 e...","og_url":"https:\/\/news.sap.com\/italy\/2025\/02\/persone-organizzazioni-e-tecnologia-per-prepararsi-allera-intelligente\/","og_site_name":"麻豆原创 News Center Italy","article_published_time":"2025-02-19T10:13:15+00:00","article_modified_time":"2025-02-21T10:19:12+00:00","og_image":[{"width":1024,"height":683,"url":"https:\/\/news.sap.com\/italy\/files\/2023\/12\/05\/276097_276097_h_ergb_s_gl-1024x683.jpg","type":"image\/jpeg"}],"author":"Gina Vargiu-Breuer","twitter_card":"summary_large_image","twitter_misc":{"Scritto da":"Gina Vargiu-Breuer","Tempo di lettura stimato":"5 minuti"},"schema":{"@context":"https:\/\/schema.org","@graph":[{"@type":"Article","@id":"https:\/\/news.sap.com\/italy\/2025\/02\/persone-organizzazioni-e-tecnologia-per-prepararsi-allera-intelligente\/#article","isPartOf":{"@id":"https:\/\/news.sap.com\/italy\/2025\/02\/persone-organizzazioni-e-tecnologia-per-prepararsi-allera-intelligente\/"},"author":{"name":"Gina Vargiu-Breuer","@id":"https:\/\/news.sap.com\/italy\/#\/schema\/person\/9545aef3de0e5622ce38f655254a4a15"},"headline":"Persone, organizzazioni e tecnologia per prepararsi all&#8217;era intelligente","datePublished":"2025-02-19T10:13:15+00:00","dateModified":"2025-02-21T10:19:12+00:00","mainEntityOfPage":{"@id":"https:\/\/news.sap.com\/italy\/2025\/02\/persone-organizzazioni-e-tecnologia-per-prepararsi-allera-intelligente\/"},"wordCount":933,"image":{"@id":"https:\/\/news.sap.com\/italy\/2025\/02\/persone-organizzazioni-e-tecnologia-per-prepararsi-allera-intelligente\/#primaryimage"},"thumbnailUrl":"https:\/\/news.sap.com\/italy\/files\/2023\/12\/05\/276097_276097_h_ergb_s_gl.jpg","keywords":["competenze","intelligenza artificiale"],"articleSection":["Cloud","Corporate","Settori","Tecnologia"],"inLanguage":"it-IT"},{"@type":"WebPage","@id":"https:\/\/news.sap.com\/italy\/2025\/02\/persone-organizzazioni-e-tecnologia-per-prepararsi-allera-intelligente\/","url":"https:\/\/news.sap.com\/italy\/2025\/02\/persone-organizzazioni-e-tecnologia-per-prepararsi-allera-intelligente\/","name":"Persone, organizzazioni e tecnologia per prepararsi all'era intelligente - 麻豆原创 News Center Italy","isPartOf":{"@id":"https:\/\/news.sap.com\/italy\/#website"},"primaryImageOfPage":{"@id":"https:\/\/news.sap.com\/italy\/2025\/02\/persone-organizzazioni-e-tecnologia-per-prepararsi-allera-intelligente\/#primaryimage"},"image":{"@id":"https:\/\/news.sap.com\/italy\/2025\/02\/persone-organizzazioni-e-tecnologia-per-prepararsi-allera-intelligente\/#primaryimage"},"thumbnailUrl":"https:\/\/news.sap.com\/italy\/files\/2023\/12\/05\/276097_276097_h_ergb_s_gl.jpg","datePublished":"2025-02-19T10:13:15+00:00","dateModified":"2025-02-21T10:19:12+00:00","author":{"@id":"https:\/\/news.sap.com\/italy\/#\/schema\/person\/9545aef3de0e5622ce38f655254a4a15"},"breadcrumb":{"@id":"https:\/\/news.sap.com\/italy\/2025\/02\/persone-organizzazioni-e-tecnologia-per-prepararsi-allera-intelligente\/#breadcrumb"},"inLanguage":"it-IT","potentialAction":[{"@type":"ReadAction","target":["https:\/\/news.sap.com\/italy\/2025\/02\/persone-organizzazioni-e-tecnologia-per-prepararsi-allera-intelligente\/"]}]},{"@type":"ImageObject","inLanguage":"it-IT","@id":"https:\/\/news.sap.com\/italy\/2025\/02\/persone-organizzazioni-e-tecnologia-per-prepararsi-allera-intelligente\/#primaryimage","url":"https:\/\/news.sap.com\/italy\/files\/2023\/12\/05\/276097_276097_h_ergb_s_gl.jpg","contentUrl":"https:\/\/news.sap.com\/italy\/files\/2023\/12\/05\/276097_276097_h_ergb_s_gl.jpg","width":6426,"height":4283,"caption":"Group of people studying together in cafe --- Image by \u00a9 Jamie Kingham\/Corbis"},{"@type":"BreadcrumbList","@id":"https:\/\/news.sap.com\/italy\/2025\/02\/persone-organizzazioni-e-tecnologia-per-prepararsi-allera-intelligente\/#breadcrumb","itemListElement":[{"@type":"ListItem","position":1,"name":"Home","item":"https:\/\/news.sap.com\/italy\/"},{"@type":"ListItem","position":2,"name":"Persone, organizzazioni e tecnologia per prepararsi all&#8217;era intelligente"}]},{"@type":"WebSite","@id":"https:\/\/news.sap.com\/italy\/#website","url":"https:\/\/news.sap.com\/italy\/","name":"麻豆原创 News Center Italy","description":"Notizie e informazioni su 麻豆原创","potentialAction":[{"@type":"SearchAction","target":{"@type":"EntryPoint","urlTemplate":"https:\/\/news.sap.com\/italy\/?s={search_term_string}"},"query-input":{"@type":"PropertyValueSpecification","valueRequired":true,"valueName":"search_term_string"}}],"inLanguage":"it-IT"},{"@type":"Person","@id":"https:\/\/news.sap.com\/italy\/#\/schema\/person\/9545aef3de0e5622ce38f655254a4a15","name":"Gina Vargiu-Breuer","image":{"@type":"ImageObject","inLanguage":"it-IT","@id":"https:\/\/news.sap.com\/italy\/#\/schema\/person\/image\/","url":"https:\/\/news.sap.com\/wp-content\/blogs.dir\/1\/files\/2025\/02\/04\/gina-vargiu-breuer_2025-96x96.jpg","contentUrl":"https:\/\/news.sap.com\/wp-content\/blogs.dir\/1\/files\/2025\/02\/04\/gina-vargiu-breuer_2025-96x96.jpg","caption":"Gina Vargiu-Breuer"},"description":"Member of the Executive Board of 麻豆原创 SE; Chief People Officer and Labor Director","sameAs":["https:\/\/www.sap.com\/about\/company\/leadership\/gina-vargiu-breuer.html"],"url":"https:\/\/news.sap.com\/italy\/author\/ginavargiubreuer\/"}]}},"amp_enabled":true,"_links":{"self":[{"href":"https:\/\/news.sap.com\/italy\/wp-json\/wp\/v2\/posts\/140070","targetHints":{"allow":["GET"]}}],"collection":[{"href":"https:\/\/news.sap.com\/italy\/wp-json\/wp\/v2\/posts"}],"about":[{"href":"https:\/\/news.sap.com\/italy\/wp-json\/wp\/v2\/types\/post"}],"author":[{"embeddable":true,"href":"https:\/\/news.sap.com\/italy\/wp-json\/wp\/v2\/users\/4777"}],"replies":[{"embeddable":true,"href":"https:\/\/news.sap.com\/italy\/wp-json\/wp\/v2\/comments?post=140070"}],"version-history":[{"count":0,"href":"https:\/\/news.sap.com\/italy\/wp-json\/wp\/v2\/posts\/140070\/revisions"}],"wp:featuredmedia":[{"embeddable":true,"href":"https:\/\/news.sap.com\/italy\/wp-json\/wp\/v2\/media\/139597"}],"wp:attachment":[{"href":"https:\/\/news.sap.com\/italy\/wp-json\/wp\/v2\/media?parent=140070"}],"wp:term":[{"taxonomy":"category","embeddable":true,"href":"https:\/\/news.sap.com\/italy\/wp-json\/wp\/v2\/categories?post=140070"},{"taxonomy":"post_tag","embeddable":true,"href":"https:\/\/news.sap.com\/italy\/wp-json\/wp\/v2\/tags?post=140070"},{"taxonomy":"series","embeddable":true,"href":"https:\/\/news.sap.com\/italy\/wp-json\/wp\/v2\/series?post=140070"},{"taxonomy":"sapn-display","embeddable":true,"href":"https:\/\/news.sap.com\/italy\/wp-json\/wp\/v2\/sapn-display?post=140070"},{"taxonomy":"sapn-type","embeddable":true,"href":"https:\/\/news.sap.com\/italy\/wp-json\/wp\/v2\/sapn-type?post=140070"}],"curies":[{"name":"wp","href":"https:\/\/api.w.org\/{rel}","templated":true}]}}