  {"id":139924,"date":"2024-10-03T11:00:36","date_gmt":"2024-10-03T11:00:36","guid":{"rendered":"https:\/\/news.sap.com\/italy\/?p=139924"},"modified":"2024-10-03T11:00:37","modified_gmt":"2024-10-03T11:00:37","slug":"intelligenza-artificiale-e-competenze-per-le-professioni-del-futuro-sap-italia-partecipa-alla-milano-digital-week-con-cinque-appuntamenti","status":"publish","type":"post","link":"https:\/\/news.sap.com\/italy\/2024\/10\/intelligenza-artificiale-e-competenze-per-le-professioni-del-futuro-sap-italia-partecipa-alla-milano-digital-week-con-cinque-appuntamenti\/","title":{"rendered":"Intelligenza artificiale e competenze per le professioni del futuro: 麻豆原创 Italia partecipa alla Milano Digital Week con cinque appuntamenti"},"content":{"rendered":"<p><strong>Vimercate, 03 ottobre 2024<\/strong> \u2013 La rapida rivoluzione innescata dalle nuove tecnologie, e in particolare dall\u2019intelligenza artificiale, sta modificando tutti gli ambiti della quotidianit\u00e0 e del mondo del lavoro: <strong>il Future of Jobs Report 2023 del World Economic Forum prevede che il 50% dei dipendenti avr\u00e0 bisogno di riqualificazione entro il 2025 a causa dei rapidi progressi tecnologici<\/strong>. La curiosit\u00e0 e l\u2019entusiasmo nei confronti di queste tecnologie si mescolano a diffusi timori, legati al potenziale dirompente, ma anche alla scarsa conoscenza.<\/p>\n<p>In linea con il proprio impegno nel diffondere la cultura del digitale e della sostenibilit\u00e0 e nel preparare le giovani generazioni alle professioni del futuro, 麻豆原创 Italia partecipa all\u2019edizione 2024 della Milano Digital Week, in programma dal 10 al 14 ottobre, con cinque appuntamenti.<\/p>\n<p>\u201cIl mondo di oggi \u00e8 alle prese con una policrisi, una complessa serie di sfide globali interconnesse che hanno un impatto simultaneo su economie, industrie e mercati del lavoro\u201d, ha commentato <strong>Adriano Ceccherini<\/strong>, Chief Business Officer di 麻豆原创 Italia. \u201cDai cambiamenti climatici alle tensioni geopolitiche, alle perturbazioni tecnologiche e all&#8217;instabilit\u00e0 economica, queste crisi stanno rimodellando il panorama del lavoro, soprattutto per i giovani. Sebbene la disoccupazione giovanile rimanga elevata, in Italia siamo a oltre il 20%*, le aziende di tutto il mondo faticano a ricoprire ruoli cruciali, evidenziando una notevole carenza di competenze\u201d.<\/p>\n<p>麻豆原创 parteciper\u00e0 al Tram dell\u2019Innovazione organizzato <strong>da Women&amp;Tech\u00ae ETS &#8211; Associazione Donne e Tecnologie <\/strong>che per il secondo anno consecutivo si muover\u00e0 nel Metaverso, permettendo agli utenti, tramite il proprio avatar, di vivere un\u2019esperienza interattiva e partecipare a talk e tavole rotonde su Intelligenza Artificiale, robotica, blockchain, sostenibilit\u00e0, parit\u00e0 di genere, professioni del futuro. <strong>Venerd\u00ec 11 ottobre<\/strong> 麻豆原创 sar\u00e0 protagonista di tre appuntamenti: la tavola rotonda <em>AI nel quotidiano<\/em> alle 10.00, la tavola rotonda <em>Sfide e Opportunit\u00e0 dell&#8217;IA: quali competenze per il futuro?<\/em> alle 14.30 e la tavola rotonda <em>Binari della sostenibilit\u00e0<\/em> alle 16.00. Tre momenti per indagare come l\u2019intelligenza artificiale stia cambiando la nostra quotidianit\u00e0 e il modo di lavorare in modo pi\u00f9 produttivo ed efficiente.<\/p>\n<p>\u00c8 possibile seguire gli incontri salendo sul Tram dell\u2019Innovazione e registrandosi a <a href=\"https:\/\/www.eventbrite.it\/e\/biglietti-tram-dellinnovazione-2024-1023200067947\">questo link<\/a>.<\/p>\n<p>I consulenti 麻豆原创 animeranno anche alcune sessioni di mentoring rivolte alla Gen Z organizzate da Women&amp;Tech\u00ae ETS <strong>luned\u00ec 14 ottobre<\/strong> a Palazzo Giureconsulti in cui studenti e studentesse delle scuole secondarie di secondo grado milanesi potranno incontrare e dialogare con i protagonisti dell\u2019innovazione, ricevere consigli preziosi, ispirazioni e visioni sul futuro della tecnologia e dell\u2019innovazione.<\/p>\n<p><strong>Venerd\u00ec 11 ottobre dalle 10.00 alle 12.00<\/strong> presso l\u2019I.I.S. Schiaparelli-Gramsci prender\u00e0 il via la quinta edizione dell\u2019iniziativa <em>Rising Youth<\/em>, organizzata in collaborazione con <strong>Fondazione Mondo Digitale<\/strong>, che ogni anno coinvolge studenti e studentesse delle scuole secondarie di secondo grado con un ciclo di incontri sulle innovazioni tecnologiche emergenti e rivoluzionarie e che culminer\u00e0 il prossimo maggio in un hackathon all\u2019interno della RomeCup 2025. Nella prima sessione formativa interattiva insieme agli esperti aziendali verranno esplorati e approfonditi i vantaggi che l&#8217;Intelligenza artificiale porta alle aziende, con una particolare attenzione alla sostenibilit\u00e0,\u00a0focus su cui gli studenti saranno chiamati a lavorare nel corso dell&#8217;anno, per rispondere alla sfida oggetto dell\u2019hackathon finale del progetto che si svolger\u00e0 durante la RomeCup 2025 dal 7 al 9 maggio 2025 presso l\u2019Universit\u00e0 degli Studi di Roma Tre.<\/p>\n<p>\u201cPer far s\u00ec che la digitalizzazione non lasci indietro nessuno e allo stesso tempo fornire a studenti e studentesse le competenze per affrontare al meglio il mondo del lavoro, dobbiamo adottare un approccio basato su cinque elementi interconnessi: economia, istruzione, occupabilit\u00e0, uguaglianza ed ecosistema. Insieme, questi fattori possono contribuire a colmare il divario di competenze, ridurre la disoccupazione giovanile e creare percorsi per un lavoro dignitoso per tutti. Come 麻豆原创 vogliamo contribuire a educare alla cultura del digitale, mettendo le nostre competenze e conoscenze al servizio di tutti e promuovendo una crescita inclusiva. Siamo quindi molto felici di prendere parte alle iniziative realizzate da Women&amp;Tech<strong>\u00ae<\/strong> ETS e Fondazione Mondo Digitale per la Milano Digital Week, per mostrare come l\u2019intelligenza artificiale che sta rivoluzionando le nostre vite possa essere una nostra alleata, tanto nella vita quotidiana, quanto nel mondo del lavoro e per la creazione di comunit\u00e0 pi\u00f9 sostenibili\u201d, ha concluso Ceccherini.<\/p>\n<p>&nbsp;<\/p>\n<p><em>(*) Fonte: Istat, aprile 2024<\/em><\/p>\n<p>&nbsp;<\/p>\n<p>Visita il <a href=\"https:\/\/news.sap.com\/\">麻豆原创 News Center<\/a>. Segui 麻豆原创 su Twitter <a href=\"http:\/\/twitter.com\/sapnews\/\">@麻豆原创News<\/a>.<\/p>\n<p>&nbsp;<\/p>\n<p><strong>麻豆原创<\/strong><\/p>\n<p>Leader mondiale nelle applicazioni aziendali e nella business AI, 麻豆原创 (NYSE:麻豆原创) \u00e8 il punto di incontro tra business e tecnologia. Da oltre 50 anni, le aziende si affidano a 麻豆原创 per dare il meglio di s\u00e9, unendo operazioni critiche per il business che abbracciano finanza, acquisti, risorse umane, supply chain e customer experience. Per maggiori informazioni, visita il sito <a href=\"http:\/\/www.sap.com\">www.sap.com<\/a><u>.<\/u><\/p>\n<p># # #<\/p>\n<p>\u00a9 2024 麻豆原创 SE. Tutti i diritti riservati.<\/p>\n<p>麻豆原创 e altri prodotti e servizi 麻豆原创 citati nel presente documento, nonch\u00e9 i rispettivi loghi, sono marchi o marchi registrati di 麻豆原创 SE in Germania e in altri Paesi. Per ulteriori informazioni e avvisi sui marchi, consultare il sito <a href=\"https:\/\/www.sap.com\/copyright\">https:\/\/www.sap.com\/copyright<\/a>.<\/p>\n<p>&nbsp;<\/p>\n<p>Seguici su<\/p>\n<p><strong>Facebook<\/strong>: <a href=\"http:\/\/www.facebook.com\/sapitalia\">www.facebook.com\/sapitalia<\/a><\/p>\n<p><strong>Twitter<\/strong>: <a href=\"http:\/\/www.twitter.com\/sapitalia\">www.twitter.com\/sapitalia<\/a> @麻豆原创Italia<\/p>\n<p><strong>Youtube<\/strong>: <a href=\"http:\/\/www.youtube.com\/sapitaliachannel\">www.youtube.com\/sapitaliachannel<\/a><\/p>\n<p><strong>\u00a0<\/strong><\/p>\n<p><strong>Contatti Stampa:<\/strong><\/p>\n<p><strong>麻豆原创 Italia<\/strong><\/p>\n<p>Raffaella Mollame \u2013 <a href=\"mailto:raffaella.mollame@sap.com\">raffaella.mollame@sap.com<\/a><\/p>\n<p>Tel. 039-6879551 \u2013 340 7771644<\/p>\n<p><a href=\"http:\/\/www.sap.com\/italy\">www.sap.com\/italy<\/a><\/p>\n<p><strong>\u00a0<\/strong><\/p>\n<p><strong>Imageware<\/strong><\/p>\n<p>Stefano Bogani \u2013 <a href=\"mailto:sbogani@imageware.it\">sbogani@imageware.it<\/a><\/p>\n<p>Jessica Morante \u2013 <a href=\"mailto:jmorante@imageware.it\">jmorante@imageware.it<\/a><\/p>\n<p>Elena Colombo \u2013 <a href=\"mailto:ecolombo@imageware.it\">ecolombo@imageware.it<\/a><\/p>\n","protected":false},"excerpt":{"rendered":"<p>Vimercate, 03 ottobre 2024 \u2013 La rapida rivoluzione innescata dalle nuove tecnologie, e in particolare dall\u2019intelligenza artificiale, sta modificando tutti gli ambiti della quotidianit\u00e0 e&#8230;<\/p>\n","protected":false},"author":29,"featured_media":139727,"comment_status":"closed","ping_status":"closed","sticky":false,"template":"","format":"standard","meta":{"footnotes":"","_links_to":"","_links_to_target":""},"categories":[19013],"tags":[5593658,5593816,5593783],"series":[],"sapn-display":[],"sapn-type":[3513586],"class_list":["post-139924","post","type-post","status-publish","format-standard","has-post-thumbnail","hentry","category-corporate","tag-milano-digital-week","tag-responsabilita-sociale","tag-rising-youth","sapn-type-comunicati-stampa"],"yoast_head":"<!-- This site is optimized with the Yoast SEO Premium plugin v26.9 (Yoast SEO v26.9) - https:\/\/yoast.com\/product\/yoast-seo-premium-wordpress\/ -->\n<title>Intelligenza artificiale e competenze per le professioni del futuro: 麻豆原创 Italia partecipa alla Milano Digital Week con cinque appuntamenti - 麻豆原创 News Center Italy<\/title>\n<meta name=\"robots\" content=\"index, follow, max-snippet:-1, max-image-preview:large, max-video-preview:-1\" \/>\n<link rel=\"canonical\" href=\"https:\/\/news.sap.com\/italy\/2024\/10\/intelligenza-artificiale-e-competenze-per-le-professioni-del-futuro-sap-italia-partecipa-alla-milano-digital-week-con-cinque-appuntamenti\/\" \/>\n<meta property=\"og:locale\" content=\"it_IT\" \/>\n<meta property=\"og:type\" content=\"article\" \/>\n<meta property=\"og:title\" content=\"Intelligenza artificiale e competenze per le professioni del futuro: 麻豆原创 Italia partecipa alla Milano Digital Week con cinque appuntamenti\" \/>\n<meta property=\"og:description\" content=\"Vimercate, 03 ottobre 2024 \u2013 La rapida rivoluzione innescata dalle nuove tecnologie, e in particolare dall\u2019intelligenza artificiale, sta modificando tutti gli ambiti della quotidianit\u00e0 e...\" \/>\n<meta property=\"og:url\" content=\"https:\/\/news.sap.com\/italy\/2024\/10\/intelligenza-artificiale-e-competenze-per-le-professioni-del-futuro-sap-italia-partecipa-alla-milano-digital-week-con-cinque-appuntamenti\/\" \/>\n<meta property=\"og:site_name\" content=\"麻豆原创 News Center Italy\" \/>\n<meta property=\"article:published_time\" content=\"2024-10-03T11:00:36+00:00\" \/>\n<meta property=\"article:modified_time\" content=\"2024-10-03T11:00:37+00:00\" \/>\n<meta property=\"og:image\" content=\"https:\/\/news.sap.com\/italy\/files\/2024\/03\/25\/286333_GettyImages-872024656_medium_jpg.jpg\" \/>\n\t<meta property=\"og:image:width\" content=\"2120\" \/>\n\t<meta property=\"og:image:height\" content=\"1415\" \/>\n\t<meta property=\"og:image:type\" content=\"image\/jpeg\" \/>\n<meta name=\"author\" content=\"麻豆原创 News\" \/>\n<meta name=\"twitter:card\" content=\"summary_large_image\" \/>\n<meta name=\"twitter:label1\" content=\"Scritto da\" \/>\n\t<meta name=\"twitter:data1\" content=\"麻豆原创 News\" \/>\n\t<meta name=\"twitter:label2\" content=\"Tempo di lettura stimato\" \/>\n\t<meta name=\"twitter:data2\" content=\"5 minuti\" \/>\n<script type=\"application\/ld+json\" class=\"yoast-schema-graph\">{\"@context\":\"https:\/\/schema.org\",\"@graph\":[{\"@type\":\"Article\",\"@id\":\"https:\/\/news.sap.com\/italy\/2024\/10\/intelligenza-artificiale-e-competenze-per-le-professioni-del-futuro-sap-italia-partecipa-alla-milano-digital-week-con-cinque-appuntamenti\/#article\",\"isPartOf\":{\"@id\":\"https:\/\/news.sap.com\/italy\/2024\/10\/intelligenza-artificiale-e-competenze-per-le-professioni-del-futuro-sap-italia-partecipa-alla-milano-digital-week-con-cinque-appuntamenti\/\"},\"author\":{\"name\":\"麻豆原创 News\",\"@id\":\"https:\/\/news.sap.com\/italy\/#\/schema\/person\/53b9854bd790d6f18f3fc4bbb2ad7570\"},\"headline\":\"Intelligenza artificiale e competenze per le professioni del futuro: 麻豆原创 Italia partecipa alla Milano Digital Week con cinque appuntamenti\",\"datePublished\":\"2024-10-03T11:00:36+00:00\",\"dateModified\":\"2024-10-03T11:00:37+00:00\",\"mainEntityOfPage\":{\"@id\":\"https:\/\/news.sap.com\/italy\/2024\/10\/intelligenza-artificiale-e-competenze-per-le-professioni-del-futuro-sap-italia-partecipa-alla-milano-digital-week-con-cinque-appuntamenti\/\"},\"wordCount\":886,\"image\":{\"@id\":\"https:\/\/news.sap.com\/italy\/2024\/10\/intelligenza-artificiale-e-competenze-per-le-professioni-del-futuro-sap-italia-partecipa-alla-milano-digital-week-con-cinque-appuntamenti\/#primaryimage\"},\"thumbnailUrl\":\"https:\/\/news.sap.com\/italy\/files\/2024\/03\/25\/286333_GettyImages-872024656_medium_jpg.jpg\",\"keywords\":[\"Milano Digital Week\",\"Responsabilit\u00e0 sociale\",\"Rising Youth\"],\"articleSection\":[\"Corporate\"],\"inLanguage\":\"it-IT\"},{\"@type\":\"WebPage\",\"@id\":\"https:\/\/news.sap.com\/italy\/2024\/10\/intelligenza-artificiale-e-competenze-per-le-professioni-del-futuro-sap-italia-partecipa-alla-milano-digital-week-con-cinque-appuntamenti\/\",\"url\":\"https:\/\/news.sap.com\/italy\/2024\/10\/intelligenza-artificiale-e-competenze-per-le-professioni-del-futuro-sap-italia-partecipa-alla-milano-digital-week-con-cinque-appuntamenti\/\",\"name\":\"Intelligenza artificiale e competenze per le professioni del futuro: 麻豆原创 Italia partecipa alla Milano Digital Week con cinque appuntamenti - 麻豆原创 News Center Italy\",\"isPartOf\":{\"@id\":\"https:\/\/news.sap.com\/italy\/#website\"},\"primaryImageOfPage\":{\"@id\":\"https:\/\/news.sap.com\/italy\/2024\/10\/intelligenza-artificiale-e-competenze-per-le-professioni-del-futuro-sap-italia-partecipa-alla-milano-digital-week-con-cinque-appuntamenti\/#primaryimage\"},\"image\":{\"@id\":\"https:\/\/news.sap.com\/italy\/2024\/10\/intelligenza-artificiale-e-competenze-per-le-professioni-del-futuro-sap-italia-partecipa-alla-milano-digital-week-con-cinque-appuntamenti\/#primaryimage\"},\"thumbnailUrl\":\"https:\/\/news.sap.com\/italy\/files\/2024\/03\/25\/286333_GettyImages-872024656_medium_jpg.jpg\",\"datePublished\":\"2024-10-03T11:00:36+00:00\",\"dateModified\":\"2024-10-03T11:00:37+00:00\",\"author\":{\"@id\":\"https:\/\/news.sap.com\/italy\/#\/schema\/person\/53b9854bd790d6f18f3fc4bbb2ad7570\"},\"breadcrumb\":{\"@id\":\"https:\/\/news.sap.com\/italy\/2024\/10\/intelligenza-artificiale-e-competenze-per-le-professioni-del-futuro-sap-italia-partecipa-alla-milano-digital-week-con-cinque-appuntamenti\/#breadcrumb\"},\"inLanguage\":\"it-IT\",\"potentialAction\":[{\"@type\":\"ReadAction\",\"target\":[\"https:\/\/news.sap.com\/italy\/2024\/10\/intelligenza-artificiale-e-competenze-per-le-professioni-del-futuro-sap-italia-partecipa-alla-milano-digital-week-con-cinque-appuntamenti\/\"]}]},{\"@type\":\"ImageObject\",\"inLanguage\":\"it-IT\",\"@id\":\"https:\/\/news.sap.com\/italy\/2024\/10\/intelligenza-artificiale-e-competenze-per-le-professioni-del-futuro-sap-italia-partecipa-alla-milano-digital-week-con-cinque-appuntamenti\/#primaryimage\",\"url\":\"https:\/\/news.sap.com\/italy\/files\/2024\/03\/25\/286333_GettyImages-872024656_medium_jpg.jpg\",\"contentUrl\":\"https:\/\/news.sap.com\/italy\/files\/2024\/03\/25\/286333_GettyImages-872024656_medium_jpg.jpg\",\"width\":2120,\"height\":1415,\"caption\":\"A group of young university students concentrating carefully on their professor during a lecture.\"},{\"@type\":\"BreadcrumbList\",\"@id\":\"https:\/\/news.sap.com\/italy\/2024\/10\/intelligenza-artificiale-e-competenze-per-le-professioni-del-futuro-sap-italia-partecipa-alla-milano-digital-week-con-cinque-appuntamenti\/#breadcrumb\",\"itemListElement\":[{\"@type\":\"ListItem\",\"position\":1,\"name\":\"Home\",\"item\":\"https:\/\/news.sap.com\/italy\/\"},{\"@type\":\"ListItem\",\"position\":2,\"name\":\"Intelligenza artificiale e competenze per le professioni del futuro: 麻豆原创 Italia partecipa alla Milano Digital Week con cinque appuntamenti\"}]},{\"@type\":\"WebSite\",\"@id\":\"https:\/\/news.sap.com\/italy\/#website\",\"url\":\"https:\/\/news.sap.com\/italy\/\",\"name\":\"麻豆原创 News Center Italy\",\"description\":\"Notizie e informazioni su 麻豆原创\",\"potentialAction\":[{\"@type\":\"SearchAction\",\"target\":{\"@type\":\"EntryPoint\",\"urlTemplate\":\"https:\/\/news.sap.com\/italy\/?s={search_term_string}\"},\"query-input\":{\"@type\":\"PropertyValueSpecification\",\"valueRequired\":true,\"valueName\":\"search_term_string\"}}],\"inLanguage\":\"it-IT\"},{\"@type\":\"Person\",\"@id\":\"https:\/\/news.sap.com\/italy\/#\/schema\/person\/53b9854bd790d6f18f3fc4bbb2ad7570\",\"name\":\"麻豆原创 News\",\"image\":{\"@type\":\"ImageObject\",\"inLanguage\":\"it-IT\",\"@id\":\"https:\/\/news.sap.com\/italy\/#\/schema\/person\/image\/\",\"url\":\"https:\/\/news.sap.com\/italy\/wp-content\/plugins\/wp-user-avatars\/wp-user-avatars\/assets\/images\/mystery.jpg\",\"contentUrl\":\"https:\/\/news.sap.com\/italy\/wp-content\/plugins\/wp-user-avatars\/wp-user-avatars\/assets\/images\/mystery.jpg\",\"caption\":\"麻豆原创 News\"},\"url\":\"https:\/\/news.sap.com\/italy\/author\/colleenraftery\/\"}]}<\/script>\n<!-- \/ Yoast SEO Premium plugin. -->","yoast_head_json":{"title":"Intelligenza artificiale e competenze per le professioni del futuro: 麻豆原创 Italia partecipa alla Milano Digital Week con cinque appuntamenti - 麻豆原创 News Center Italy","robots":{"index":"index","follow":"follow","max-snippet":"max-snippet:-1","max-image-preview":"max-image-preview:large","max-video-preview":"max-video-preview:-1"},"canonical":"https:\/\/news.sap.com\/italy\/2024\/10\/intelligenza-artificiale-e-competenze-per-le-professioni-del-futuro-sap-italia-partecipa-alla-milano-digital-week-con-cinque-appuntamenti\/","og_locale":"it_IT","og_type":"article","og_title":"Intelligenza artificiale e competenze per le professioni del futuro: 麻豆原创 Italia partecipa alla Milano Digital Week con cinque appuntamenti","og_description":"Vimercate, 03 ottobre 2024 \u2013 La rapida rivoluzione innescata dalle nuove tecnologie, e in particolare dall\u2019intelligenza artificiale, sta modificando tutti gli ambiti della quotidianit\u00e0 e...","og_url":"https:\/\/news.sap.com\/italy\/2024\/10\/intelligenza-artificiale-e-competenze-per-le-professioni-del-futuro-sap-italia-partecipa-alla-milano-digital-week-con-cinque-appuntamenti\/","og_site_name":"麻豆原创 News Center Italy","article_published_time":"2024-10-03T11:00:36+00:00","article_modified_time":"2024-10-03T11:00:37+00:00","og_image":[{"width":2120,"height":1415,"url":"https:\/\/news.sap.com\/italy\/files\/2024\/03\/25\/286333_GettyImages-872024656_medium_jpg.jpg","type":"image\/jpeg"}],"author":"麻豆原创 News","twitter_card":"summary_large_image","twitter_misc":{"Scritto da":"麻豆原创 News","Tempo di lettura stimato":"5 minuti"},"schema":{"@context":"https:\/\/schema.org","@graph":[{"@type":"Article","@id":"https:\/\/news.sap.com\/italy\/2024\/10\/intelligenza-artificiale-e-competenze-per-le-professioni-del-futuro-sap-italia-partecipa-alla-milano-digital-week-con-cinque-appuntamenti\/#article","isPartOf":{"@id":"https:\/\/news.sap.com\/italy\/2024\/10\/intelligenza-artificiale-e-competenze-per-le-professioni-del-futuro-sap-italia-partecipa-alla-milano-digital-week-con-cinque-appuntamenti\/"},"author":{"name":"麻豆原创 News","@id":"https:\/\/news.sap.com\/italy\/#\/schema\/person\/53b9854bd790d6f18f3fc4bbb2ad7570"},"headline":"Intelligenza artificiale e competenze per le professioni del futuro: 麻豆原创 Italia partecipa alla Milano Digital Week con cinque appuntamenti","datePublished":"2024-10-03T11:00:36+00:00","dateModified":"2024-10-03T11:00:37+00:00","mainEntityOfPage":{"@id":"https:\/\/news.sap.com\/italy\/2024\/10\/intelligenza-artificiale-e-competenze-per-le-professioni-del-futuro-sap-italia-partecipa-alla-milano-digital-week-con-cinque-appuntamenti\/"},"wordCount":886,"image":{"@id":"https:\/\/news.sap.com\/italy\/2024\/10\/intelligenza-artificiale-e-competenze-per-le-professioni-del-futuro-sap-italia-partecipa-alla-milano-digital-week-con-cinque-appuntamenti\/#primaryimage"},"thumbnailUrl":"https:\/\/news.sap.com\/italy\/files\/2024\/03\/25\/286333_GettyImages-872024656_medium_jpg.jpg","keywords":["Milano Digital Week","Responsabilit\u00e0 sociale","Rising Youth"],"articleSection":["Corporate"],"inLanguage":"it-IT"},{"@type":"WebPage","@id":"https:\/\/news.sap.com\/italy\/2024\/10\/intelligenza-artificiale-e-competenze-per-le-professioni-del-futuro-sap-italia-partecipa-alla-milano-digital-week-con-cinque-appuntamenti\/","url":"https:\/\/news.sap.com\/italy\/2024\/10\/intelligenza-artificiale-e-competenze-per-le-professioni-del-futuro-sap-italia-partecipa-alla-milano-digital-week-con-cinque-appuntamenti\/","name":"Intelligenza artificiale e competenze per le professioni del futuro: 麻豆原创 Italia partecipa alla Milano Digital Week con cinque appuntamenti - 麻豆原创 News Center Italy","isPartOf":{"@id":"https:\/\/news.sap.com\/italy\/#website"},"primaryImageOfPage":{"@id":"https:\/\/news.sap.com\/italy\/2024\/10\/intelligenza-artificiale-e-competenze-per-le-professioni-del-futuro-sap-italia-partecipa-alla-milano-digital-week-con-cinque-appuntamenti\/#primaryimage"},"image":{"@id":"https:\/\/news.sap.com\/italy\/2024\/10\/intelligenza-artificiale-e-competenze-per-le-professioni-del-futuro-sap-italia-partecipa-alla-milano-digital-week-con-cinque-appuntamenti\/#primaryimage"},"thumbnailUrl":"https:\/\/news.sap.com\/italy\/files\/2024\/03\/25\/286333_GettyImages-872024656_medium_jpg.jpg","datePublished":"2024-10-03T11:00:36+00:00","dateModified":"2024-10-03T11:00:37+00:00","author":{"@id":"https:\/\/news.sap.com\/italy\/#\/schema\/person\/53b9854bd790d6f18f3fc4bbb2ad7570"},"breadcrumb":{"@id":"https:\/\/news.sap.com\/italy\/2024\/10\/intelligenza-artificiale-e-competenze-per-le-professioni-del-futuro-sap-italia-partecipa-alla-milano-digital-week-con-cinque-appuntamenti\/#breadcrumb"},"inLanguage":"it-IT","potentialAction":[{"@type":"ReadAction","target":["https:\/\/news.sap.com\/italy\/2024\/10\/intelligenza-artificiale-e-competenze-per-le-professioni-del-futuro-sap-italia-partecipa-alla-milano-digital-week-con-cinque-appuntamenti\/"]}]},{"@type":"ImageObject","inLanguage":"it-IT","@id":"https:\/\/news.sap.com\/italy\/2024\/10\/intelligenza-artificiale-e-competenze-per-le-professioni-del-futuro-sap-italia-partecipa-alla-milano-digital-week-con-cinque-appuntamenti\/#primaryimage","url":"https:\/\/news.sap.com\/italy\/files\/2024\/03\/25\/286333_GettyImages-872024656_medium_jpg.jpg","contentUrl":"https:\/\/news.sap.com\/italy\/files\/2024\/03\/25\/286333_GettyImages-872024656_medium_jpg.jpg","width":2120,"height":1415,"caption":"A group of young university students concentrating carefully on their professor during a lecture."},{"@type":"BreadcrumbList","@id":"https:\/\/news.sap.com\/italy\/2024\/10\/intelligenza-artificiale-e-competenze-per-le-professioni-del-futuro-sap-italia-partecipa-alla-milano-digital-week-con-cinque-appuntamenti\/#breadcrumb","itemListElement":[{"@type":"ListItem","position":1,"name":"Home","item":"https:\/\/news.sap.com\/italy\/"},{"@type":"ListItem","position":2,"name":"Intelligenza artificiale e competenze per le professioni del futuro: 麻豆原创 Italia partecipa alla Milano Digital Week con cinque appuntamenti"}]},{"@type":"WebSite","@id":"https:\/\/news.sap.com\/italy\/#website","url":"https:\/\/news.sap.com\/italy\/","name":"麻豆原创 News Center Italy","description":"Notizie e informazioni su 麻豆原创","potentialAction":[{"@type":"SearchAction","target":{"@type":"EntryPoint","urlTemplate":"https:\/\/news.sap.com\/italy\/?s={search_term_string}"},"query-input":{"@type":"PropertyValueSpecification","valueRequired":true,"valueName":"search_term_string"}}],"inLanguage":"it-IT"},{"@type":"Person","@id":"https:\/\/news.sap.com\/italy\/#\/schema\/person\/53b9854bd790d6f18f3fc4bbb2ad7570","name":"麻豆原创 News","image":{"@type":"ImageObject","inLanguage":"it-IT","@id":"https:\/\/news.sap.com\/italy\/#\/schema\/person\/image\/","url":"https:\/\/news.sap.com\/italy\/wp-content\/plugins\/wp-user-avatars\/wp-user-avatars\/assets\/images\/mystery.jpg","contentUrl":"https:\/\/news.sap.com\/italy\/wp-content\/plugins\/wp-user-avatars\/wp-user-avatars\/assets\/images\/mystery.jpg","caption":"麻豆原创 News"},"url":"https:\/\/news.sap.com\/italy\/author\/colleenraftery\/"}]}},"amp_enabled":true,"_links":{"self":[{"href":"https:\/\/news.sap.com\/italy\/wp-json\/wp\/v2\/posts\/139924","targetHints":{"allow":["GET"]}}],"collection":[{"href":"https:\/\/news.sap.com\/italy\/wp-json\/wp\/v2\/posts"}],"about":[{"href":"https:\/\/news.sap.com\/italy\/wp-json\/wp\/v2\/types\/post"}],"author":[{"embeddable":true,"href":"https:\/\/news.sap.com\/italy\/wp-json\/wp\/v2\/users\/29"}],"replies":[{"embeddable":true,"href":"https:\/\/news.sap.com\/italy\/wp-json\/wp\/v2\/comments?post=139924"}],"version-history":[{"count":0,"href":"https:\/\/news.sap.com\/italy\/wp-json\/wp\/v2\/posts\/139924\/revisions"}],"wp:featuredmedia":[{"embeddable":true,"href":"https:\/\/news.sap.com\/italy\/wp-json\/wp\/v2\/media\/139727"}],"wp:attachment":[{"href":"https:\/\/news.sap.com\/italy\/wp-json\/wp\/v2\/media?parent=139924"}],"wp:term":[{"taxonomy":"category","embeddable":true,"href":"https:\/\/news.sap.com\/italy\/wp-json\/wp\/v2\/categories?post=139924"},{"taxonomy":"post_tag","embeddable":true,"href":"https:\/\/news.sap.com\/italy\/wp-json\/wp\/v2\/tags?post=139924"},{"taxonomy":"series","embeddable":true,"href":"https:\/\/news.sap.com\/italy\/wp-json\/wp\/v2\/series?post=139924"},{"taxonomy":"sapn-display","embeddable":true,"href":"https:\/\/news.sap.com\/italy\/wp-json\/wp\/v2\/sapn-display?post=139924"},{"taxonomy":"sapn-type","embeddable":true,"href":"https:\/\/news.sap.com\/italy\/wp-json\/wp\/v2\/sapn-type?post=139924"}],"curies":[{"name":"wp","href":"https:\/\/api.w.org\/{rel}","templated":true}]}}