  {"id":139610,"date":"2023-12-21T13:33:34","date_gmt":"2023-12-21T13:33:34","guid":{"rendered":"https:\/\/news.sap.com\/italy\/?p=139610"},"modified":"2023-12-21T13:33:35","modified_gmt":"2023-12-21T13:33:35","slug":"i-problemi-della-supply-chain-che-tengono-i-ceo-svegli-di-notte","status":"publish","type":"post","link":"https:\/\/news.sap.com\/italy\/2023\/12\/i-problemi-della-supply-chain-che-tengono-i-ceo-svegli-di-notte\/","title":{"rendered":"I problemi della supply chain che tengono i CEO svegli di notte"},"content":{"rendered":"<p>Costruire supply chain resilienti al rischio \u00e8 una delle principali questioni che i CEO stanno discutendo durante i consigli di amministrazione in tutto il mondo. Il tema \u00e8 divenuto prioritario e la sfida non pi\u00f9 limitata ad ottenere costi pi\u00f9 bassi, tempi di consegna pi\u00f9 brevi e una qualit\u00e0 superiore.<\/p>\n<p>I CEO stanno riconoscendo la necessit\u00e0 di risolvere le interruzioni della supply chain in modo integrato, colmando i silos di varie funzioni e andando oltre la gestione delle interruzioni della supply chain man mano che si verificano.<\/p>\n<p>Anche i governi hanno iniziato a ragionare sul tema. Basti ricordare gli ingenti investimenti per \u201cportare a casa le catene di approvvigionamento\u201d, ad esempio, i <a href=\"https:\/\/commission.europa.eu\/strategy-and-policy\/priorities-2019-2024\/europe-fit-digital-age\/european-chips-act_en\">43 miliardi di euro nell\u2019Ue<\/a> per i semiconduttori o i <a href=\"https:\/\/www.whitehouse.gov\/briefing-room\/statements-releases\/2023\/04\/17\/fact-sheet-biden-harris-administration-announces-new-private-and-public-sector-investments-for-affordable-electric-vehicles\/\">100 miliardi di dollari negli Usa per l\u2019energia sostenibile<\/a>.\u202f Allo stesso tempo, diversificare le supply chain e rispettare le nuove normative continua ad aumentare la complessit\u00e0 dello scenario.<\/p>\n<p>Le imprese adottano vari approcci per affrontare queste sfide, ad esempio disaccoppiando le loro catene di approvvigionamento creando inventari costosi per le componenti critiche. Un\u2019altra opzione \u00e8 il reshoring o nearshoring, che avvicina le relazioni di produzione e di fornitura ai mercati principali, idealmente in paesi con sistemi politici ed economici simili. Ma tutte queste strategie presentano svantaggi, compreso il costo delle operazioni nei mercati competitivi a livello globale.<\/p>\n<p>In 麻豆原创, la nostra visione \u00e8 di aiutare le aziende a costruire supply chain interconnesse e ottimizzare i flussi di materiale in modo sostenibile con le tecnologie digitali. Crediamo in strategie intelligenti per ridurre le incertezze della supply chain a lungo termine aiutando i settori a ridefinire le loro operazioni e creando catene del valore pi\u00f9 intelligenti, connesse e reattive&#8230;<\/p>\n<p>L&#8217;articolo completo \u00e8 leggibile su <a href=\"https:\/\/www.digital4.biz\/supply-chain\/filiere-resilienti-intelligenti-connesse-reattive-come-costruirle\/\">Digital4.biz<\/a><\/p>\n","protected":false},"excerpt":{"rendered":"<p>Costruire supply chain resilienti al rischio \u00e8 una delle principali questioni che i CEO stanno discutendo durante i consigli di amministrazione in tutto il mondo&#8230;.<\/p>\n","protected":false},"author":942,"featured_media":139389,"comment_status":"closed","ping_status":"closed","sticky":false,"template":"","format":"standard","meta":{"footnotes":"","_links_to":"","_links_to_target":""},"categories":[10,19013,5593716,3515670,3515985,5593726],"tags":[5593770,5593619,36],"series":[],"sapn-display":[5593714,5593712],"sapn-type":[5593732],"class_list":["post-139610","post","type-post","status-publish","format-standard","has-post-thumbnail","hentry","category-cloud","category-corporate","category-reti-de-business","category-settori","category-soluzioni","category-tecnologia","tag-sap-industry-business-networks","tag-sap-integrated-business-planning","tag-supply-chain","sapn-display-feature-hero","sapn-display-feature-spotlight","sapn-type-feature"],"yoast_head":"<!-- This site is optimized with the Yoast SEO Premium plugin v26.9 (Yoast SEO v26.9) - https:\/\/yoast.com\/product\/yoast-seo-premium-wordpress\/ -->\n<title>I problemi della supply chain che tengono i CEO svegli di notte - 麻豆原创 News Center Italy<\/title>\n<meta name=\"robots\" content=\"index, follow, max-snippet:-1, max-image-preview:large, max-video-preview:-1\" \/>\n<link rel=\"canonical\" href=\"https:\/\/news.sap.com\/italy\/2023\/12\/i-problemi-della-supply-chain-che-tengono-i-ceo-svegli-di-notte\/\" \/>\n<meta property=\"og:locale\" content=\"it_IT\" \/>\n<meta property=\"og:type\" content=\"article\" \/>\n<meta property=\"og:title\" content=\"I problemi della supply chain che tengono i CEO svegli di notte\" \/>\n<meta property=\"og:description\" content=\"Costruire supply chain resilienti al rischio \u00e8 una delle principali questioni che i CEO stanno discutendo durante i consigli di amministrazione in tutto il mondo....\" \/>\n<meta property=\"og:url\" content=\"https:\/\/news.sap.com\/italy\/2023\/12\/i-problemi-della-supply-chain-che-tengono-i-ceo-svegli-di-notte\/\" \/>\n<meta property=\"og:site_name\" content=\"麻豆原创 News Center Italy\" \/>\n<meta property=\"article:published_time\" content=\"2023-12-21T13:33:34+00:00\" \/>\n<meta property=\"article:modified_time\" content=\"2023-12-21T13:33:35+00:00\" \/>\n<meta property=\"og:image\" content=\"https:\/\/news.sap.com\/italy\/files\/2023\/09\/29\/281784_GettyImages-584250294_super_low.jpg\" \/>\n\t<meta property=\"og:image:width\" content=\"8688\" \/>\n\t<meta property=\"og:image:height\" content=\"5792\" \/>\n\t<meta property=\"og:image:type\" content=\"image\/jpeg\" \/>\n<meta name=\"author\" content=\"Thomas Saueressig\" \/>\n<meta name=\"twitter:card\" content=\"summary_large_image\" \/>\n<meta name=\"twitter:label1\" content=\"Scritto da\" \/>\n\t<meta name=\"twitter:data1\" content=\"Thomas Saueressig\" \/>\n\t<meta name=\"twitter:label2\" content=\"Tempo di lettura stimato\" \/>\n\t<meta name=\"twitter:data2\" content=\"2 minuti\" \/>\n<script type=\"application\/ld+json\" class=\"yoast-schema-graph\">{\"@context\":\"https:\/\/schema.org\",\"@graph\":[{\"@type\":\"Article\",\"@id\":\"https:\/\/news.sap.com\/italy\/2023\/12\/i-problemi-della-supply-chain-che-tengono-i-ceo-svegli-di-notte\/#article\",\"isPartOf\":{\"@id\":\"https:\/\/news.sap.com\/italy\/2023\/12\/i-problemi-della-supply-chain-che-tengono-i-ceo-svegli-di-notte\/\"},\"author\":{\"name\":\"Thomas Saueressig\",\"@id\":\"https:\/\/news.sap.com\/italy\/#\/schema\/person\/e7d193999da19fbb310e49927b833789\"},\"headline\":\"I problemi della supply chain che tengono i CEO svegli di notte\",\"datePublished\":\"2023-12-21T13:33:34+00:00\",\"dateModified\":\"2023-12-21T13:33:35+00:00\",\"mainEntityOfPage\":{\"@id\":\"https:\/\/news.sap.com\/italy\/2023\/12\/i-problemi-della-supply-chain-che-tengono-i-ceo-svegli-di-notte\/\"},\"wordCount\":295,\"image\":{\"@id\":\"https:\/\/news.sap.com\/italy\/2023\/12\/i-problemi-della-supply-chain-che-tengono-i-ceo-svegli-di-notte\/#primaryimage\"},\"thumbnailUrl\":\"https:\/\/news.sap.com\/italy\/files\/2023\/09\/29\/281784_GettyImages-584250294_super_low.jpg\",\"keywords\":[\"麻豆原创 Industry Business Networks\",\"麻豆原创 Integrated Business Planning\",\"supply chain\"],\"articleSection\":[\"Cloud\",\"Corporate\",\"Reti de Business\",\"Settori\",\"Soluzioni\",\"Tecnologia\"],\"inLanguage\":\"it-IT\"},{\"@type\":\"WebPage\",\"@id\":\"https:\/\/news.sap.com\/italy\/2023\/12\/i-problemi-della-supply-chain-che-tengono-i-ceo-svegli-di-notte\/\",\"url\":\"https:\/\/news.sap.com\/italy\/2023\/12\/i-problemi-della-supply-chain-che-tengono-i-ceo-svegli-di-notte\/\",\"name\":\"I problemi della supply chain che tengono i CEO svegli di notte - 麻豆原创 News Center Italy\",\"isPartOf\":{\"@id\":\"https:\/\/news.sap.com\/italy\/#website\"},\"primaryImageOfPage\":{\"@id\":\"https:\/\/news.sap.com\/italy\/2023\/12\/i-problemi-della-supply-chain-che-tengono-i-ceo-svegli-di-notte\/#primaryimage\"},\"image\":{\"@id\":\"https:\/\/news.sap.com\/italy\/2023\/12\/i-problemi-della-supply-chain-che-tengono-i-ceo-svegli-di-notte\/#primaryimage\"},\"thumbnailUrl\":\"https:\/\/news.sap.com\/italy\/files\/2023\/09\/29\/281784_GettyImages-584250294_super_low.jpg\",\"datePublished\":\"2023-12-21T13:33:34+00:00\",\"dateModified\":\"2023-12-21T13:33:35+00:00\",\"author\":{\"@id\":\"https:\/\/news.sap.com\/italy\/#\/schema\/person\/e7d193999da19fbb310e49927b833789\"},\"breadcrumb\":{\"@id\":\"https:\/\/news.sap.com\/italy\/2023\/12\/i-problemi-della-supply-chain-che-tengono-i-ceo-svegli-di-notte\/#breadcrumb\"},\"inLanguage\":\"it-IT\",\"potentialAction\":[{\"@type\":\"ReadAction\",\"target\":[\"https:\/\/news.sap.com\/italy\/2023\/12\/i-problemi-della-supply-chain-che-tengono-i-ceo-svegli-di-notte\/\"]}]},{\"@type\":\"ImageObject\",\"inLanguage\":\"it-IT\",\"@id\":\"https:\/\/news.sap.com\/italy\/2023\/12\/i-problemi-della-supply-chain-che-tengono-i-ceo-svegli-di-notte\/#primaryimage\",\"url\":\"https:\/\/news.sap.com\/italy\/files\/2023\/09\/29\/281784_GettyImages-584250294_super_low.jpg\",\"contentUrl\":\"https:\/\/news.sap.com\/italy\/files\/2023\/09\/29\/281784_GettyImages-584250294_super_low.jpg\",\"width\":8688,\"height\":5792},{\"@type\":\"BreadcrumbList\",\"@id\":\"https:\/\/news.sap.com\/italy\/2023\/12\/i-problemi-della-supply-chain-che-tengono-i-ceo-svegli-di-notte\/#breadcrumb\",\"itemListElement\":[{\"@type\":\"ListItem\",\"position\":1,\"name\":\"Home\",\"item\":\"https:\/\/news.sap.com\/italy\/\"},{\"@type\":\"ListItem\",\"position\":2,\"name\":\"I problemi della supply chain che tengono i CEO svegli di notte\"}]},{\"@type\":\"WebSite\",\"@id\":\"https:\/\/news.sap.com\/italy\/#website\",\"url\":\"https:\/\/news.sap.com\/italy\/\",\"name\":\"麻豆原创 News Center Italy\",\"description\":\"Notizie e informazioni su 麻豆原创\",\"potentialAction\":[{\"@type\":\"SearchAction\",\"target\":{\"@type\":\"EntryPoint\",\"urlTemplate\":\"https:\/\/news.sap.com\/italy\/?s={search_term_string}\"},\"query-input\":{\"@type\":\"PropertyValueSpecification\",\"valueRequired\":true,\"valueName\":\"search_term_string\"}}],\"inLanguage\":\"it-IT\"},{\"@type\":\"Person\",\"@id\":\"https:\/\/news.sap.com\/italy\/#\/schema\/person\/e7d193999da19fbb310e49927b833789\",\"name\":\"Thomas Saueressig\",\"image\":{\"@type\":\"ImageObject\",\"inLanguage\":\"it-IT\",\"@id\":\"https:\/\/news.sap.com\/italy\/#\/schema\/person\/image\/\",\"url\":\"https:\/\/news.sap.com\/wp-content\/blogs.dir\/1\/files\/2024\/10\/14\/Saueressig_sylvianebrauer_23092024-43-e1728923671448-96x96.jpg\",\"contentUrl\":\"https:\/\/news.sap.com\/wp-content\/blogs.dir\/1\/files\/2024\/10\/14\/Saueressig_sylvianebrauer_23092024-43-e1728923671448-96x96.jpg\",\"caption\":\"Thomas Saueressig\"},\"description\":\"Member of the Executive Board of 麻豆原创 SE, Customer Services &amp; Delivery\",\"sameAs\":[\"https:\/\/www.sap.com\/about\/company\/leadership\/thomas-saueressig.html\"],\"url\":\"https:\/\/news.sap.com\/italy\/author\/thomassaueressig\/\"}]}<\/script>\n<!-- \/ Yoast SEO Premium plugin. -->","yoast_head_json":{"title":"I problemi della supply chain che tengono i CEO svegli di notte - 麻豆原创 News Center Italy","robots":{"index":"index","follow":"follow","max-snippet":"max-snippet:-1","max-image-preview":"max-image-preview:large","max-video-preview":"max-video-preview:-1"},"canonical":"https:\/\/news.sap.com\/italy\/2023\/12\/i-problemi-della-supply-chain-che-tengono-i-ceo-svegli-di-notte\/","og_locale":"it_IT","og_type":"article","og_title":"I problemi della supply chain che tengono i CEO svegli di notte","og_description":"Costruire supply chain resilienti al rischio \u00e8 una delle principali questioni che i CEO stanno discutendo durante i consigli di amministrazione in tutto il mondo....","og_url":"https:\/\/news.sap.com\/italy\/2023\/12\/i-problemi-della-supply-chain-che-tengono-i-ceo-svegli-di-notte\/","og_site_name":"麻豆原创 News Center Italy","article_published_time":"2023-12-21T13:33:34+00:00","article_modified_time":"2023-12-21T13:33:35+00:00","og_image":[{"width":8688,"height":5792,"url":"https:\/\/news.sap.com\/italy\/files\/2023\/09\/29\/281784_GettyImages-584250294_super_low.jpg","type":"image\/jpeg"}],"author":"Thomas Saueressig","twitter_card":"summary_large_image","twitter_misc":{"Scritto da":"Thomas Saueressig","Tempo di lettura stimato":"2 minuti"},"schema":{"@context":"https:\/\/schema.org","@graph":[{"@type":"Article","@id":"https:\/\/news.sap.com\/italy\/2023\/12\/i-problemi-della-supply-chain-che-tengono-i-ceo-svegli-di-notte\/#article","isPartOf":{"@id":"https:\/\/news.sap.com\/italy\/2023\/12\/i-problemi-della-supply-chain-che-tengono-i-ceo-svegli-di-notte\/"},"author":{"name":"Thomas Saueressig","@id":"https:\/\/news.sap.com\/italy\/#\/schema\/person\/e7d193999da19fbb310e49927b833789"},"headline":"I problemi della supply chain che tengono i CEO svegli di notte","datePublished":"2023-12-21T13:33:34+00:00","dateModified":"2023-12-21T13:33:35+00:00","mainEntityOfPage":{"@id":"https:\/\/news.sap.com\/italy\/2023\/12\/i-problemi-della-supply-chain-che-tengono-i-ceo-svegli-di-notte\/"},"wordCount":295,"image":{"@id":"https:\/\/news.sap.com\/italy\/2023\/12\/i-problemi-della-supply-chain-che-tengono-i-ceo-svegli-di-notte\/#primaryimage"},"thumbnailUrl":"https:\/\/news.sap.com\/italy\/files\/2023\/09\/29\/281784_GettyImages-584250294_super_low.jpg","keywords":["麻豆原创 Industry Business Networks","麻豆原创 Integrated Business Planning","supply chain"],"articleSection":["Cloud","Corporate","Reti de Business","Settori","Soluzioni","Tecnologia"],"inLanguage":"it-IT"},{"@type":"WebPage","@id":"https:\/\/news.sap.com\/italy\/2023\/12\/i-problemi-della-supply-chain-che-tengono-i-ceo-svegli-di-notte\/","url":"https:\/\/news.sap.com\/italy\/2023\/12\/i-problemi-della-supply-chain-che-tengono-i-ceo-svegli-di-notte\/","name":"I problemi della supply chain che tengono i CEO svegli di notte - 麻豆原创 News Center Italy","isPartOf":{"@id":"https:\/\/news.sap.com\/italy\/#website"},"primaryImageOfPage":{"@id":"https:\/\/news.sap.com\/italy\/2023\/12\/i-problemi-della-supply-chain-che-tengono-i-ceo-svegli-di-notte\/#primaryimage"},"image":{"@id":"https:\/\/news.sap.com\/italy\/2023\/12\/i-problemi-della-supply-chain-che-tengono-i-ceo-svegli-di-notte\/#primaryimage"},"thumbnailUrl":"https:\/\/news.sap.com\/italy\/files\/2023\/09\/29\/281784_GettyImages-584250294_super_low.jpg","datePublished":"2023-12-21T13:33:34+00:00","dateModified":"2023-12-21T13:33:35+00:00","author":{"@id":"https:\/\/news.sap.com\/italy\/#\/schema\/person\/e7d193999da19fbb310e49927b833789"},"breadcrumb":{"@id":"https:\/\/news.sap.com\/italy\/2023\/12\/i-problemi-della-supply-chain-che-tengono-i-ceo-svegli-di-notte\/#breadcrumb"},"inLanguage":"it-IT","potentialAction":[{"@type":"ReadAction","target":["https:\/\/news.sap.com\/italy\/2023\/12\/i-problemi-della-supply-chain-che-tengono-i-ceo-svegli-di-notte\/"]}]},{"@type":"ImageObject","inLanguage":"it-IT","@id":"https:\/\/news.sap.com\/italy\/2023\/12\/i-problemi-della-supply-chain-che-tengono-i-ceo-svegli-di-notte\/#primaryimage","url":"https:\/\/news.sap.com\/italy\/files\/2023\/09\/29\/281784_GettyImages-584250294_super_low.jpg","contentUrl":"https:\/\/news.sap.com\/italy\/files\/2023\/09\/29\/281784_GettyImages-584250294_super_low.jpg","width":8688,"height":5792},{"@type":"BreadcrumbList","@id":"https:\/\/news.sap.com\/italy\/2023\/12\/i-problemi-della-supply-chain-che-tengono-i-ceo-svegli-di-notte\/#breadcrumb","itemListElement":[{"@type":"ListItem","position":1,"name":"Home","item":"https:\/\/news.sap.com\/italy\/"},{"@type":"ListItem","position":2,"name":"I problemi della supply chain che tengono i CEO svegli di notte"}]},{"@type":"WebSite","@id":"https:\/\/news.sap.com\/italy\/#website","url":"https:\/\/news.sap.com\/italy\/","name":"麻豆原创 News Center Italy","description":"Notizie e informazioni su 麻豆原创","potentialAction":[{"@type":"SearchAction","target":{"@type":"EntryPoint","urlTemplate":"https:\/\/news.sap.com\/italy\/?s={search_term_string}"},"query-input":{"@type":"PropertyValueSpecification","valueRequired":true,"valueName":"search_term_string"}}],"inLanguage":"it-IT"},{"@type":"Person","@id":"https:\/\/news.sap.com\/italy\/#\/schema\/person\/e7d193999da19fbb310e49927b833789","name":"Thomas Saueressig","image":{"@type":"ImageObject","inLanguage":"it-IT","@id":"https:\/\/news.sap.com\/italy\/#\/schema\/person\/image\/","url":"https:\/\/news.sap.com\/wp-content\/blogs.dir\/1\/files\/2024\/10\/14\/Saueressig_sylvianebrauer_23092024-43-e1728923671448-96x96.jpg","contentUrl":"https:\/\/news.sap.com\/wp-content\/blogs.dir\/1\/files\/2024\/10\/14\/Saueressig_sylvianebrauer_23092024-43-e1728923671448-96x96.jpg","caption":"Thomas Saueressig"},"description":"Member of the Executive Board of 麻豆原创 SE, Customer Services &amp; Delivery","sameAs":["https:\/\/www.sap.com\/about\/company\/leadership\/thomas-saueressig.html"],"url":"https:\/\/news.sap.com\/italy\/author\/thomassaueressig\/"}]}},"amp_enabled":true,"_links":{"self":[{"href":"https:\/\/news.sap.com\/italy\/wp-json\/wp\/v2\/posts\/139610","targetHints":{"allow":["GET"]}}],"collection":[{"href":"https:\/\/news.sap.com\/italy\/wp-json\/wp\/v2\/posts"}],"about":[{"href":"https:\/\/news.sap.com\/italy\/wp-json\/wp\/v2\/types\/post"}],"author":[{"embeddable":true,"href":"https:\/\/news.sap.com\/italy\/wp-json\/wp\/v2\/users\/942"}],"replies":[{"embeddable":true,"href":"https:\/\/news.sap.com\/italy\/wp-json\/wp\/v2\/comments?post=139610"}],"version-history":[{"count":0,"href":"https:\/\/news.sap.com\/italy\/wp-json\/wp\/v2\/posts\/139610\/revisions"}],"wp:featuredmedia":[{"embeddable":true,"href":"https:\/\/news.sap.com\/italy\/wp-json\/wp\/v2\/media\/139389"}],"wp:attachment":[{"href":"https:\/\/news.sap.com\/italy\/wp-json\/wp\/v2\/media?parent=139610"}],"wp:term":[{"taxonomy":"category","embeddable":true,"href":"https:\/\/news.sap.com\/italy\/wp-json\/wp\/v2\/categories?post=139610"},{"taxonomy":"post_tag","embeddable":true,"href":"https:\/\/news.sap.com\/italy\/wp-json\/wp\/v2\/tags?post=139610"},{"taxonomy":"series","embeddable":true,"href":"https:\/\/news.sap.com\/italy\/wp-json\/wp\/v2\/series?post=139610"},{"taxonomy":"sapn-display","embeddable":true,"href":"https:\/\/news.sap.com\/italy\/wp-json\/wp\/v2\/sapn-display?post=139610"},{"taxonomy":"sapn-type","embeddable":true,"href":"https:\/\/news.sap.com\/italy\/wp-json\/wp\/v2\/sapn-type?post=139610"}],"curies":[{"name":"wp","href":"https:\/\/api.w.org\/{rel}","templated":true}]}}