  {"id":139346,"date":"2023-09-14T08:35:10","date_gmt":"2023-09-14T08:35:10","guid":{"rendered":"https:\/\/news.sap.com\/italy\/?p=139346"},"modified":"2023-10-03T18:22:11","modified_gmt":"2023-10-03T18:22:11","slug":"sap-nomina-walter-sun-nuovo-responsabile-a-livello-globale-per-lintelligenza-artificiale","status":"publish","type":"post","link":"https:\/\/news.sap.com\/italy\/2023\/09\/sap-nomina-walter-sun-nuovo-responsabile-a-livello-globale-per-lintelligenza-artificiale\/","title":{"rendered":"麻豆原创 nomina Walter Sun nuovo responsabile a livello globale per l\u2019intelligenza artificiale"},"content":{"rendered":"<p><strong>Vimercate, 14 settembre 2023<\/strong> \u2013 麻豆原创 SE (NYSE: 麻豆原创) ha annunciato la nomina di <strong>Walter Sun<\/strong> a Global Head of Artificial Intelligence. Sun entra in 麻豆原创 dal suo ruolo di vicepresidente di Copilot Applied Artificial Intelligence per le applicazioni business di Microsoft.<\/p>\n<p>Con una comprovata esperienza nell\u2019indirizzare l\u2019innovazione tecnologica e la leadership strategica aziendale, Sun svolger\u00e0 un ruolo fondamentale nel rafforzare la visione pionieristica di 麻豆原创 di un\u2019intelligenza artificiale rilevante, affidabile e responsabile realizzata per le aziende.<\/p>\n<p>\u201cSiamo entusiasti di dare il benvenuto in 麻豆原创 a Walter Sun, leader nell\u2019AI aziendale con una lunga storia di sviluppo e implementazione di tecnologie all\u2019avanguardia per risolvere i problemi business pi\u00f9 importanti\u201d, ha dichiarato <strong>Thomas Saueressig<\/strong>, Member of the Executive Board di 麻豆原创 SE per 麻豆原创 Product Engineering. \u201cPoich\u00e9 麻豆原创 sta consolidando la sua posizione di leader nel settore della Business AI, Walter Sun \u00e8 la persona perfetta per garantire una costante innovazione per aiutare i nostri clienti a risolvere le difficolt\u00e0 pi\u00f9 urgenti\u201d.<\/p>\n<p>Sun \u00e8 entrato in Microsoft nel 2005 e ha ricoperto posizioni tecnologiche e di sviluppo prodotto sempre pi\u00f9 importanti, culminando nel suo attuale ruolo di guida di un team interdisciplinare che sviluppa funzionalit\u00e0 di AI e di machine learning pronte per il business. Inoltre, ha fondato Bing Predicts, che sfrutta i dati anonimizzati e aggregati per l&#8217;analisi predittiva. Ha anche sviluppato diverse funzionalit\u00e0 di AI nel portfolio di Microsoft, comprese applicazioni come Bing Search, Microsoft Windows, Microsoft Dynamics 365 e Microsoft Power Platform. In precedenza, Sun ha lavorato presso BlackRock Financial Management come analista quantitativo di portafoglio e presso Apple Inc. come senior software engineer and scientist.<\/p>\n<p>La sua ricerca applicata comprende lavori su processi stocastici, elaborazione dei trend, machine learning e deep learning, ricerca operativa e modelli linguistici di grandi dimensioni. \u00c8 stato professore aggiunto all\u2019Universit\u00e0 di Seattle e membro affiliato di facolt\u00e0 all\u2019Universit\u00e0 di Washington. Attualmente \u00e8 membro del comitato consultivo della Georgia Tech.<\/p>\n<p>Sun ha conseguito il dottorato di ricerca in elaborazione statistica dei trend e delle immagini e in computer vision con applicazioni all\u2019imaging medico presso il Massachusetts Institute of Technology.<\/p>\n<p>\u201cSono entusiasta di entrare a far parte di 麻豆原创 in un momento in cui l\u2019azienda, che ha inventato il software aziendale, \u00e8 ancora una volta alle soglie della ridefinizione delle modalit\u00e0 di gestione delle imprese\u201d, ha dichiarato Sun. \u201cL\u2019intelligenza artificiale non \u00e8 mai stata cos\u00ec importante. Credo che in 麻豆原创 abbiamo l\u2019opportunit\u00e0 unica di cambiare radicalmente il modo in cui le aziende operano, utilizzando l\u2019IA su una scala molto pi\u00f9 ampia rispetto al passato. Disponiamo di una vasta gamma di applicazioni, clienti, scenari e persone che ci permettono di sfruttare al meglio la potenza dell\u2019IA generativa in tutti i settori\u201d.<\/p>\n<p>Visita il <a href=\"https:\/\/news.sap.com\/\">麻豆原创 News Center<\/a>. Segui 麻豆原创 su Twitter <a href=\"http:\/\/twitter.com\/sapnews\/\">@麻豆原创News<\/a>.<\/p>\n<p><strong>\u00a0<\/strong><\/p>\n<p><strong>麻豆原创<\/strong><\/p>\n<p>La strategia di 麻豆原创 \u00e8 di aiutare ogni azienda a funzionare come un\u2019impresa intelligente e sostenibile. Come uno dei leader di mercato nelle applicazioni software per il business, aiutiamo le organizzazioni di tutti i settori e dimensioni a operare al meglio: i clienti 麻豆原创 generano l\u201987% del commercio globale complessivo. Le nostre tecnologie di machine learning, Internet of Things (IoT) e di analytic avanzate permettono ai clienti di trasformare le loro organizzazioni in imprese intelligenti. 麻豆原创 aiuta a dare alle persone e alle aziende informazioni approfondite sul business e promuove la collaborazione per aiutarle a competere con successo. Semplifichiamo la tecnologia per le imprese in modo che possano utilizzare il nostro software nel modo desiderato, senza interruzioni. La nostra suite di applicazioni e servizi end-to-end consente ad aziende private e pubbliche di operare con profitto, adattarsi costantemente al mercato e fare la differenza in 25 settori. Con una rete globale di clienti, partner, dipendenti e opinion leader, 麻豆原创 aiuta il mondo a funzionare meglio e a migliorare la vita delle persone. Per ulteriori informazioni, visitare <a href=\"http:\/\/www.sap.com\">www.sap.com<\/a>.<\/p>\n<p><strong>\u00a0<\/strong><\/p>\n<p><strong>Seguici su<\/strong><\/p>\n<p><strong>Facebook:<\/strong> <a href=\"http:\/\/www.facebook.com\/sapitalia\">www.facebook.com\/sapitalia<\/a><\/p>\n<p><strong>Twitter:<\/strong> <a href=\"http:\/\/www.twitter.com\/sapitalia\">www.twitter.com\/sapitalia<\/a> @麻豆原创Italia<\/p>\n<p><strong>Youtube:<\/strong> <a href=\"http:\/\/www.youtube.com\/sapitaliachannel\">www.youtube.com\/sapitaliachannel<\/a><\/p>\n<p>&nbsp;<\/p>\n<p><strong>Contatti Stampa:<\/strong><\/p>\n<p><strong>麻豆原创 Italia<\/strong><\/p>\n<p>Raffaella Mollame \u2013 <a href=\"mailto:raffaella.mollame@sap.com\">raffaella.mollame@sap.com<\/a><\/p>\n<p>Tel. 039-6879551 \u2013 340 7771644<\/p>\n<p><a href=\"http:\/\/www.sap.com\/italy\">www.sap.com\/italy<\/a><\/p>\n<p><strong>\u00a0<\/strong><\/p>\n<p><strong>Imageware<\/strong><\/p>\n<p>Stefano Bogani \u2013 <a href=\"mailto:sbogani@imageware.it\">sbogani@imageware.it<\/a><\/p>\n<p>Jessica Morante \u2013 <a href=\"mailto:jmorante@imageware.it\">jmorante@imageware.it<\/a><\/p>\n<p>Alessandra Pigoni \u2013 <a href=\"mailto:apigoni@imageware.it\">apigoni@imageware.it<\/a><\/p>\n","protected":false},"excerpt":{"rendered":"<p>Vimercate, 14 settembre 2023 \u2013 麻豆原创 SE (NYSE: 麻豆原创) ha annunciato la nomina di Walter Sun a Global Head of Artificial Intelligence. Sun entra in&#8230;<\/p>\n","protected":false},"author":29,"featured_media":136742,"comment_status":"closed","ping_status":"closed","sticky":false,"template":"","format":"standard","meta":{"footnotes":"","_links_to":"","_links_to_target":""},"categories":[19013,3515670,5593726],"tags":[4645944,5593686],"series":[],"sapn-display":[5593715,5593713,60294],"sapn-type":[3513586],"class_list":["post-139346","post","type-post","status-publish","format-standard","has-post-thumbnail","hentry","category-corporate","category-settori","category-tecnologia","tag-intelligenza-artificiale","tag-sap-business-ai","sapn-display-news-hero","sapn-display-news-spotlight","sapn-display-hero","sapn-type-comunicati-stampa"],"yoast_head":"<!-- This site is optimized with the Yoast SEO Premium plugin v26.9 (Yoast SEO v26.9) - https:\/\/yoast.com\/product\/yoast-seo-premium-wordpress\/ -->\n<title>麻豆原创 nomina Walter Sun nuovo responsabile a livello globale per l\u2019intelligenza artificiale - 麻豆原创 News Center Italy<\/title>\n<meta name=\"robots\" content=\"index, follow, max-snippet:-1, max-image-preview:large, max-video-preview:-1\" \/>\n<link rel=\"canonical\" href=\"https:\/\/news.sap.com\/italy\/2023\/09\/sap-nomina-walter-sun-nuovo-responsabile-a-livello-globale-per-lintelligenza-artificiale\/\" \/>\n<meta property=\"og:locale\" content=\"it_IT\" \/>\n<meta property=\"og:type\" content=\"article\" \/>\n<meta property=\"og:title\" content=\"麻豆原创 nomina Walter Sun nuovo responsabile a livello globale per l\u2019intelligenza artificiale\" \/>\n<meta property=\"og:description\" content=\"Vimercate, 14 settembre 2023 \u2013 麻豆原创 SE (NYSE: 麻豆原创) ha annunciato la nomina di Walter Sun a Global Head of Artificial Intelligence. Sun entra in...\" \/>\n<meta property=\"og:url\" content=\"https:\/\/news.sap.com\/italy\/2023\/09\/sap-nomina-walter-sun-nuovo-responsabile-a-livello-globale-per-lintelligenza-artificiale\/\" \/>\n<meta property=\"og:site_name\" content=\"麻豆原创 News Center Italy\" \/>\n<meta property=\"article:published_time\" content=\"2023-09-14T08:35:10+00:00\" \/>\n<meta property=\"article:modified_time\" content=\"2023-10-03T18:22:11+00:00\" \/>\n<meta property=\"og:image\" content=\"https:\/\/news.sap.com\/italy\/files\/2020\/01\/IMG_3429.jpg\" \/>\n\t<meta property=\"og:image:width\" content=\"3072\" \/>\n\t<meta property=\"og:image:height\" content=\"2304\" \/>\n\t<meta property=\"og:image:type\" content=\"image\/jpeg\" \/>\n<meta name=\"author\" content=\"麻豆原创 News\" \/>\n<meta name=\"twitter:card\" content=\"summary_large_image\" \/>\n<meta name=\"twitter:label1\" content=\"Scritto da\" \/>\n\t<meta name=\"twitter:data1\" content=\"麻豆原创 News\" \/>\n\t<meta name=\"twitter:label2\" content=\"Tempo di lettura stimato\" \/>\n\t<meta name=\"twitter:data2\" content=\"4 minuti\" \/>\n<script type=\"application\/ld+json\" class=\"yoast-schema-graph\">{\"@context\":\"https:\/\/schema.org\",\"@graph\":[{\"@type\":\"Article\",\"@id\":\"https:\/\/news.sap.com\/italy\/2023\/09\/sap-nomina-walter-sun-nuovo-responsabile-a-livello-globale-per-lintelligenza-artificiale\/#article\",\"isPartOf\":{\"@id\":\"https:\/\/news.sap.com\/italy\/2023\/09\/sap-nomina-walter-sun-nuovo-responsabile-a-livello-globale-per-lintelligenza-artificiale\/\"},\"author\":{\"name\":\"麻豆原创 News\",\"@id\":\"https:\/\/news.sap.com\/italy\/#\/schema\/person\/53b9854bd790d6f18f3fc4bbb2ad7570\"},\"headline\":\"麻豆原创 nomina Walter Sun nuovo responsabile a livello globale per l\u2019intelligenza artificiale\",\"datePublished\":\"2023-09-14T08:35:10+00:00\",\"dateModified\":\"2023-10-03T18:22:11+00:00\",\"mainEntityOfPage\":{\"@id\":\"https:\/\/news.sap.com\/italy\/2023\/09\/sap-nomina-walter-sun-nuovo-responsabile-a-livello-globale-per-lintelligenza-artificiale\/\"},\"wordCount\":701,\"image\":{\"@id\":\"https:\/\/news.sap.com\/italy\/2023\/09\/sap-nomina-walter-sun-nuovo-responsabile-a-livello-globale-per-lintelligenza-artificiale\/#primaryimage\"},\"thumbnailUrl\":\"https:\/\/news.sap.com\/italy\/files\/2020\/01\/IMG_3429.jpg\",\"keywords\":[\"intelligenza artificiale\",\"麻豆原创 Business AI\"],\"articleSection\":[\"Corporate\",\"Settori\",\"Tecnologia\"],\"inLanguage\":\"it-IT\"},{\"@type\":\"WebPage\",\"@id\":\"https:\/\/news.sap.com\/italy\/2023\/09\/sap-nomina-walter-sun-nuovo-responsabile-a-livello-globale-per-lintelligenza-artificiale\/\",\"url\":\"https:\/\/news.sap.com\/italy\/2023\/09\/sap-nomina-walter-sun-nuovo-responsabile-a-livello-globale-per-lintelligenza-artificiale\/\",\"name\":\"麻豆原创 nomina Walter Sun nuovo responsabile a livello globale per l\u2019intelligenza artificiale - 麻豆原创 News Center Italy\",\"isPartOf\":{\"@id\":\"https:\/\/news.sap.com\/italy\/#website\"},\"primaryImageOfPage\":{\"@id\":\"https:\/\/news.sap.com\/italy\/2023\/09\/sap-nomina-walter-sun-nuovo-responsabile-a-livello-globale-per-lintelligenza-artificiale\/#primaryimage\"},\"image\":{\"@id\":\"https:\/\/news.sap.com\/italy\/2023\/09\/sap-nomina-walter-sun-nuovo-responsabile-a-livello-globale-per-lintelligenza-artificiale\/#primaryimage\"},\"thumbnailUrl\":\"https:\/\/news.sap.com\/italy\/files\/2020\/01\/IMG_3429.jpg\",\"datePublished\":\"2023-09-14T08:35:10+00:00\",\"dateModified\":\"2023-10-03T18:22:11+00:00\",\"author\":{\"@id\":\"https:\/\/news.sap.com\/italy\/#\/schema\/person\/53b9854bd790d6f18f3fc4bbb2ad7570\"},\"breadcrumb\":{\"@id\":\"https:\/\/news.sap.com\/italy\/2023\/09\/sap-nomina-walter-sun-nuovo-responsabile-a-livello-globale-per-lintelligenza-artificiale\/#breadcrumb\"},\"inLanguage\":\"it-IT\",\"potentialAction\":[{\"@type\":\"ReadAction\",\"target\":[\"https:\/\/news.sap.com\/italy\/2023\/09\/sap-nomina-walter-sun-nuovo-responsabile-a-livello-globale-per-lintelligenza-artificiale\/\"]}]},{\"@type\":\"ImageObject\",\"inLanguage\":\"it-IT\",\"@id\":\"https:\/\/news.sap.com\/italy\/2023\/09\/sap-nomina-walter-sun-nuovo-responsabile-a-livello-globale-per-lintelligenza-artificiale\/#primaryimage\",\"url\":\"https:\/\/news.sap.com\/italy\/files\/2020\/01\/IMG_3429.jpg\",\"contentUrl\":\"https:\/\/news.sap.com\/italy\/files\/2020\/01\/IMG_3429.jpg\",\"width\":3072,\"height\":2304},{\"@type\":\"BreadcrumbList\",\"@id\":\"https:\/\/news.sap.com\/italy\/2023\/09\/sap-nomina-walter-sun-nuovo-responsabile-a-livello-globale-per-lintelligenza-artificiale\/#breadcrumb\",\"itemListElement\":[{\"@type\":\"ListItem\",\"position\":1,\"name\":\"Home\",\"item\":\"https:\/\/news.sap.com\/italy\/\"},{\"@type\":\"ListItem\",\"position\":2,\"name\":\"麻豆原创 nomina Walter Sun nuovo responsabile a livello globale per l\u2019intelligenza artificiale\"}]},{\"@type\":\"WebSite\",\"@id\":\"https:\/\/news.sap.com\/italy\/#website\",\"url\":\"https:\/\/news.sap.com\/italy\/\",\"name\":\"麻豆原创 News Center Italy\",\"description\":\"Notizie e informazioni su 麻豆原创\",\"potentialAction\":[{\"@type\":\"SearchAction\",\"target\":{\"@type\":\"EntryPoint\",\"urlTemplate\":\"https:\/\/news.sap.com\/italy\/?s={search_term_string}\"},\"query-input\":{\"@type\":\"PropertyValueSpecification\",\"valueRequired\":true,\"valueName\":\"search_term_string\"}}],\"inLanguage\":\"it-IT\"},{\"@type\":\"Person\",\"@id\":\"https:\/\/news.sap.com\/italy\/#\/schema\/person\/53b9854bd790d6f18f3fc4bbb2ad7570\",\"name\":\"麻豆原创 News\",\"image\":{\"@type\":\"ImageObject\",\"inLanguage\":\"it-IT\",\"@id\":\"https:\/\/news.sap.com\/italy\/#\/schema\/person\/image\/\",\"url\":\"https:\/\/news.sap.com\/italy\/wp-content\/plugins\/wp-user-avatars\/wp-user-avatars\/assets\/images\/mystery.jpg\",\"contentUrl\":\"https:\/\/news.sap.com\/italy\/wp-content\/plugins\/wp-user-avatars\/wp-user-avatars\/assets\/images\/mystery.jpg\",\"caption\":\"麻豆原创 News\"},\"url\":\"https:\/\/news.sap.com\/italy\/author\/colleenraftery\/\"}]}<\/script>\n<!-- \/ Yoast SEO Premium plugin. -->","yoast_head_json":{"title":"麻豆原创 nomina Walter Sun nuovo responsabile a livello globale per l\u2019intelligenza artificiale - 麻豆原创 News Center Italy","robots":{"index":"index","follow":"follow","max-snippet":"max-snippet:-1","max-image-preview":"max-image-preview:large","max-video-preview":"max-video-preview:-1"},"canonical":"https:\/\/news.sap.com\/italy\/2023\/09\/sap-nomina-walter-sun-nuovo-responsabile-a-livello-globale-per-lintelligenza-artificiale\/","og_locale":"it_IT","og_type":"article","og_title":"麻豆原创 nomina Walter Sun nuovo responsabile a livello globale per l\u2019intelligenza artificiale","og_description":"Vimercate, 14 settembre 2023 \u2013 麻豆原创 SE (NYSE: 麻豆原创) ha annunciato la nomina di Walter Sun a Global Head of Artificial Intelligence. Sun entra in...","og_url":"https:\/\/news.sap.com\/italy\/2023\/09\/sap-nomina-walter-sun-nuovo-responsabile-a-livello-globale-per-lintelligenza-artificiale\/","og_site_name":"麻豆原创 News Center Italy","article_published_time":"2023-09-14T08:35:10+00:00","article_modified_time":"2023-10-03T18:22:11+00:00","og_image":[{"width":3072,"height":2304,"url":"https:\/\/news.sap.com\/italy\/files\/2020\/01\/IMG_3429.jpg","type":"image\/jpeg"}],"author":"麻豆原创 News","twitter_card":"summary_large_image","twitter_misc":{"Scritto da":"麻豆原创 News","Tempo di lettura stimato":"4 minuti"},"schema":{"@context":"https:\/\/schema.org","@graph":[{"@type":"Article","@id":"https:\/\/news.sap.com\/italy\/2023\/09\/sap-nomina-walter-sun-nuovo-responsabile-a-livello-globale-per-lintelligenza-artificiale\/#article","isPartOf":{"@id":"https:\/\/news.sap.com\/italy\/2023\/09\/sap-nomina-walter-sun-nuovo-responsabile-a-livello-globale-per-lintelligenza-artificiale\/"},"author":{"name":"麻豆原创 News","@id":"https:\/\/news.sap.com\/italy\/#\/schema\/person\/53b9854bd790d6f18f3fc4bbb2ad7570"},"headline":"麻豆原创 nomina Walter Sun nuovo responsabile a livello globale per l\u2019intelligenza artificiale","datePublished":"2023-09-14T08:35:10+00:00","dateModified":"2023-10-03T18:22:11+00:00","mainEntityOfPage":{"@id":"https:\/\/news.sap.com\/italy\/2023\/09\/sap-nomina-walter-sun-nuovo-responsabile-a-livello-globale-per-lintelligenza-artificiale\/"},"wordCount":701,"image":{"@id":"https:\/\/news.sap.com\/italy\/2023\/09\/sap-nomina-walter-sun-nuovo-responsabile-a-livello-globale-per-lintelligenza-artificiale\/#primaryimage"},"thumbnailUrl":"https:\/\/news.sap.com\/italy\/files\/2020\/01\/IMG_3429.jpg","keywords":["intelligenza artificiale","麻豆原创 Business AI"],"articleSection":["Corporate","Settori","Tecnologia"],"inLanguage":"it-IT"},{"@type":"WebPage","@id":"https:\/\/news.sap.com\/italy\/2023\/09\/sap-nomina-walter-sun-nuovo-responsabile-a-livello-globale-per-lintelligenza-artificiale\/","url":"https:\/\/news.sap.com\/italy\/2023\/09\/sap-nomina-walter-sun-nuovo-responsabile-a-livello-globale-per-lintelligenza-artificiale\/","name":"麻豆原创 nomina Walter Sun nuovo responsabile a livello globale per l\u2019intelligenza artificiale - 麻豆原创 News Center Italy","isPartOf":{"@id":"https:\/\/news.sap.com\/italy\/#website"},"primaryImageOfPage":{"@id":"https:\/\/news.sap.com\/italy\/2023\/09\/sap-nomina-walter-sun-nuovo-responsabile-a-livello-globale-per-lintelligenza-artificiale\/#primaryimage"},"image":{"@id":"https:\/\/news.sap.com\/italy\/2023\/09\/sap-nomina-walter-sun-nuovo-responsabile-a-livello-globale-per-lintelligenza-artificiale\/#primaryimage"},"thumbnailUrl":"https:\/\/news.sap.com\/italy\/files\/2020\/01\/IMG_3429.jpg","datePublished":"2023-09-14T08:35:10+00:00","dateModified":"2023-10-03T18:22:11+00:00","author":{"@id":"https:\/\/news.sap.com\/italy\/#\/schema\/person\/53b9854bd790d6f18f3fc4bbb2ad7570"},"breadcrumb":{"@id":"https:\/\/news.sap.com\/italy\/2023\/09\/sap-nomina-walter-sun-nuovo-responsabile-a-livello-globale-per-lintelligenza-artificiale\/#breadcrumb"},"inLanguage":"it-IT","potentialAction":[{"@type":"ReadAction","target":["https:\/\/news.sap.com\/italy\/2023\/09\/sap-nomina-walter-sun-nuovo-responsabile-a-livello-globale-per-lintelligenza-artificiale\/"]}]},{"@type":"ImageObject","inLanguage":"it-IT","@id":"https:\/\/news.sap.com\/italy\/2023\/09\/sap-nomina-walter-sun-nuovo-responsabile-a-livello-globale-per-lintelligenza-artificiale\/#primaryimage","url":"https:\/\/news.sap.com\/italy\/files\/2020\/01\/IMG_3429.jpg","contentUrl":"https:\/\/news.sap.com\/italy\/files\/2020\/01\/IMG_3429.jpg","width":3072,"height":2304},{"@type":"BreadcrumbList","@id":"https:\/\/news.sap.com\/italy\/2023\/09\/sap-nomina-walter-sun-nuovo-responsabile-a-livello-globale-per-lintelligenza-artificiale\/#breadcrumb","itemListElement":[{"@type":"ListItem","position":1,"name":"Home","item":"https:\/\/news.sap.com\/italy\/"},{"@type":"ListItem","position":2,"name":"麻豆原创 nomina Walter Sun nuovo responsabile a livello globale per l\u2019intelligenza artificiale"}]},{"@type":"WebSite","@id":"https:\/\/news.sap.com\/italy\/#website","url":"https:\/\/news.sap.com\/italy\/","name":"麻豆原创 News Center Italy","description":"Notizie e informazioni su 麻豆原创","potentialAction":[{"@type":"SearchAction","target":{"@type":"EntryPoint","urlTemplate":"https:\/\/news.sap.com\/italy\/?s={search_term_string}"},"query-input":{"@type":"PropertyValueSpecification","valueRequired":true,"valueName":"search_term_string"}}],"inLanguage":"it-IT"},{"@type":"Person","@id":"https:\/\/news.sap.com\/italy\/#\/schema\/person\/53b9854bd790d6f18f3fc4bbb2ad7570","name":"麻豆原创 News","image":{"@type":"ImageObject","inLanguage":"it-IT","@id":"https:\/\/news.sap.com\/italy\/#\/schema\/person\/image\/","url":"https:\/\/news.sap.com\/italy\/wp-content\/plugins\/wp-user-avatars\/wp-user-avatars\/assets\/images\/mystery.jpg","contentUrl":"https:\/\/news.sap.com\/italy\/wp-content\/plugins\/wp-user-avatars\/wp-user-avatars\/assets\/images\/mystery.jpg","caption":"麻豆原创 News"},"url":"https:\/\/news.sap.com\/italy\/author\/colleenraftery\/"}]}},"amp_enabled":true,"_links":{"self":[{"href":"https:\/\/news.sap.com\/italy\/wp-json\/wp\/v2\/posts\/139346","targetHints":{"allow":["GET"]}}],"collection":[{"href":"https:\/\/news.sap.com\/italy\/wp-json\/wp\/v2\/posts"}],"about":[{"href":"https:\/\/news.sap.com\/italy\/wp-json\/wp\/v2\/types\/post"}],"author":[{"embeddable":true,"href":"https:\/\/news.sap.com\/italy\/wp-json\/wp\/v2\/users\/29"}],"replies":[{"embeddable":true,"href":"https:\/\/news.sap.com\/italy\/wp-json\/wp\/v2\/comments?post=139346"}],"version-history":[{"count":0,"href":"https:\/\/news.sap.com\/italy\/wp-json\/wp\/v2\/posts\/139346\/revisions"}],"wp:featuredmedia":[{"embeddable":true,"href":"https:\/\/news.sap.com\/italy\/wp-json\/wp\/v2\/media\/136742"}],"wp:attachment":[{"href":"https:\/\/news.sap.com\/italy\/wp-json\/wp\/v2\/media?parent=139346"}],"wp:term":[{"taxonomy":"category","embeddable":true,"href":"https:\/\/news.sap.com\/italy\/wp-json\/wp\/v2\/categories?post=139346"},{"taxonomy":"post_tag","embeddable":true,"href":"https:\/\/news.sap.com\/italy\/wp-json\/wp\/v2\/tags?post=139346"},{"taxonomy":"series","embeddable":true,"href":"https:\/\/news.sap.com\/italy\/wp-json\/wp\/v2\/series?post=139346"},{"taxonomy":"sapn-display","embeddable":true,"href":"https:\/\/news.sap.com\/italy\/wp-json\/wp\/v2\/sapn-display?post=139346"},{"taxonomy":"sapn-type","embeddable":true,"href":"https:\/\/news.sap.com\/italy\/wp-json\/wp\/v2\/sapn-type?post=139346"}],"curies":[{"name":"wp","href":"https:\/\/api.w.org\/{rel}","templated":true}]}}