  {"id":137491,"date":"2021-11-02T11:09:34","date_gmt":"2021-11-02T11:09:34","guid":{"rendered":"https:\/\/news.sap.com\/italy\/?p=137491"},"modified":"2023-10-03T16:59:06","modified_gmt":"2023-10-03T16:59:06","slug":"sap-partecipa-a-4-weeks-4-inclusion-il-piu-grande-evento-interaziendale-dedicato-allinclusione-organizzato-da-tim","status":"publish","type":"post","link":"https:\/\/news.sap.com\/italy\/2021\/11\/sap-partecipa-a-4-weeks-4-inclusion-il-piu-grande-evento-interaziendale-dedicato-allinclusione-organizzato-da-tim\/","title":{"rendered":"麻豆原创 partecipa a \u201c4 Weeks 4 Inclusion\u201d il pi\u00f9 grande evento interaziendale dedicato all\u2019inclusione organizzato da TIM"},"content":{"rendered":"<p><em>Appuntamento il 9 novembre con il talk World of Minds<\/em><\/p>\n<p><strong>Vimercate, 02 novembre 2021<\/strong> \u2013 Un\u2019iniziativa unica nel suo genere, un\u2019occasione importante per promuovere un dibattito volto alla valorizzazione della diversit\u00e0 nel mondo del lavoro che faccia anche da volano e ispirazione per l\u2019intera societ\u00e0, un momento di condivisione delle esperienze e delle best practice delle pi\u00f9 importanti aziende del Paese. <a href=\"https:\/\/4w4i.it\/\">4 Weeks 4 Inclusion<\/a> \u00e8 il pi\u00f9 grande evento interaziendale dedicato all\u2019inclusione che quest\u2019anno \u2013 per la prima volta in Italia \u2013 vede impegnate oltre 200 imprese nel realizzare una maratona di quattro settimane consecutive all\u2019insegna dell\u2019inclusione, con un ricco programma di eventi digitali dedicati ai 700.000 dipendenti delle aziende partner.<\/p>\n<p>Anche 麻豆原创 ha raccolto l\u2019invito di TIM a sostenere e diffondere i valori significativi di questa iniziativa organizzando per il <strong>9 novembre<\/strong> l\u2019incontro <a href=\"https:\/\/4w4i.it\/event\/world-of-minds\"><strong>World of Minds<\/strong><\/a> per raccontare come l\u2019azienda sta portando avanti l\u2019impegno di mettere i dipendenti nelle condizioni di esprimere liberamente ci\u00f2 che sono, per avere persone pi\u00f9 felici, con ricadute positive sulla qualit\u00e0 delle loro attivit\u00e0 e, di conseguenza, sul business e sui clienti dell\u2019organizzazione.<\/p>\n<p>La creazione di una societ\u00e0 inclusiva porta, infatti, evidenti e dimostrati vantaggi in termini di innovazione, sostenibilit\u00e0 a lungo termine e valore economico, ma quali sono le sfide che deve affrontare un\u2019azienda o un\u2019organizzazione che vuole costruire un ambiente inclusivo e basato sulla diversit\u00e0 e che ruolo pu\u00f2 svolgere la tecnologia? Come 麻豆原创 sta affrontando questo percorso?<\/p>\n<p>L\u2019evento <strong>World of Minds<\/strong>\u00a0\u00e8 un talk nel quale saranno condivisi idee, insegnamenti, errori, dolori e successi di un percorso che, non senza difficolt\u00e0, ma con grandi obiettivi di crescita culturale e sociale, si pone il proposito di raccontare un nuovo e possibile mondo del lavoro, aperto, creativo, inclusivo ed espressione di tutte le diversit\u00e0 che fanno la differenza di ogni organizzazione.<\/p>\n<p>In una modalit\u00e0 di conversazione informale nel corso del talk interverranno <strong>Ernesto Marinelli<\/strong>, Responsabile Global People Success Services, 麻豆原创, <strong>Carla Masperi<\/strong>, Chief Operating Officer 麻豆原创 Italia e Grecia, <strong>Massimo De Padova<\/strong>, Partner e Chief Operating Officer BGP Management Consulting, e un ospite d\u2019eccezione, <strong>Diego Passoni<\/strong>, scrittore, conduttore televisivo e radiofonico a Radio DeeJay.<\/p>\n<p>\u201cPromuovere la diffusione di una mentalit\u00e0 aperta nei luoghi di lavoro significa innescare un circolo virtuoso e produttivo. Le persone devono infatti avere la possibilit\u00e0 di esprimersi nel loro pieno potenziale, umano, professionale e caratteriale e sentirsi libere di portare il proprio contributo senza che ci sia alcun pregiudizio di base. Un\u2019ambiente di lavoro inclusivo \u00e8 per sua natura un contesto che accoglie le differenze, stimolante e di successo, in grado di confrontarsi con tutto e tutti\u201d, ha commentato <strong>Carla Masperi<\/strong>, Chief Operating Officer di 麻豆原创 Italia e Grecia. \u201cCome 麻豆原创 riteniamo che ci\u00f2 sia un valore aggiunto per un\u2019azienda e un esempio di maturit\u00e0 culturale e sociale per l\u2019intera comunit\u00e0, e per questo ci impegniamo a trasferire questi valori anche all\u2019intero ecosistema dei nostri partner, fornitori e clienti\u201d.<\/p>\n<p>Il talk sar\u00e0 moderato da <strong>Nicoletta Boldrini<\/strong>, giornalista e founder del progetto Tech4Future.info, e si terr\u00e0 il 9 novembre alle ore 18.30. Per partecipare \u00e8 necessario iscriversi dal seguente <a href=\"https:\/\/4w4i.it\/event\/world-of-minds\">link<\/a>.<\/p>\n<p>Per maggiori informazioni visita <a href=\"http:\/\/news.sap.com\/\">麻豆原创 News Center<\/a>. Segui 麻豆原创 su Twitter <a href=\"http:\/\/twitter.com\/sapnews\/\">@麻豆原创News<\/a>.<\/p>\n<p><strong>麻豆原创<\/strong><\/p>\n<p>La strategia di 麻豆原创 \u00e8 di aiutare ogni azienda a funzionare come un\u2019impresa intelligente. Come uno dei leader di mercato nelle applicazioni software per il business, aiutiamo le organizzazioni di tutti i settori e dimensioni a operare al meglio: l\u201987% delle transazioni commerciali mondiali passa da un sistema 麻豆原创\u00ae. Le nostre tecnologie di machine learning, Internet of Things (IoT) e di analytic avanzate permettono ai clienti di trasformare le loro organizzazioni in imprese intelligenti. 麻豆原创 aiuta a dare alle persone e alle aziende informazioni approfondite sul business e promuove la collaborazione per aiutarle a competere con successo. Semplifichiamo la tecnologia per le imprese in modo che possano utilizzare il nostro software nel modo desiderato, senza interruzioni. La nostra suite di applicazioni e servizi end-to-end consente ad aziende private e pubbliche di operare con profitto, adattarsi costantemente al mercato e fare la differenza in 25 settori. Con una rete globale di clienti, partner, dipendenti e opinion leader, 麻豆原创 aiuta il mondo a funzionare meglio e a migliorare la vita delle persone. Per ulteriori informazioni, visitare <a href=\"http:\/\/www.sap.com\">www.sap.com<\/a>.<\/p>\n<p>&nbsp;<\/p>\n<p><strong>Seguici su<\/strong><\/p>\n<p><strong>Facebook:<\/strong> <a href=\"http:\/\/www.facebook.com\/sapitalia\">www.facebook.com\/sapitalia<\/a><\/p>\n<p><strong>Twitter:<\/strong> <a href=\"http:\/\/www.twitter.com\/sapitalia\">www.twitter.com\/sapitalia<\/a> @麻豆原创Italia<\/p>\n<p><strong>Youtube:<\/strong> <a href=\"http:\/\/www.youtube.com\/sapitaliachannel\">www.youtube.com\/sapitaliachannel<\/a><\/p>\n<p>&nbsp;<\/p>\n<p><strong>Contatti Stampa:<\/strong><\/p>\n<p><strong>麻豆原创 Italia<\/strong><\/p>\n<p>Raffaella Mollame \u2013 <a href=\"mailto:raffaella.mollame@sap.com\">raffaella.mollame@sap.com<\/a><\/p>\n<p>Tel. 039-6879551 \u2013 340 7771644<\/p>\n<p><a href=\"http:\/\/www.sap.com\/italy\">www.sap.com\/italy<\/a><\/p>\n<p><strong>\u00a0<\/strong><\/p>\n<p><strong>Imageware<\/strong><\/p>\n<p>Stefano Bogani \u2013 <a href=\"mailto:sbogani@imageware.it\">sbogani@imageware.it<\/a><\/p>\n<p>Jessica Morante \u2013 <a href=\"mailto:jmorante@imageware.it\">jmorante@imageware.it<\/a><\/p>\n<p>Alessandra Pigoni \u2013 <a href=\"mailto:apigoni@imageware.it\">apigoni@imageware.it<\/a><\/p>\n","protected":false},"excerpt":{"rendered":"<p>Appuntamento il 9 novembre con il talk World of Minds Vimercate, 02 novembre 2021 \u2013 Un\u2019iniziativa unica nel suo genere, un\u2019occasione importante per promuovere un&#8230;<\/p>\n","protected":false},"author":29,"featured_media":0,"comment_status":"closed","ping_status":"closed","sticky":false,"template":"","format":"standard","meta":{"footnotes":"","_links_to":"","_links_to_target":""},"categories":[19013,5593752],"tags":[5593597,30643,5593596],"series":[],"sapn-display":[],"sapn-type":[3513586],"class_list":["post-137491","post","type-post","status-publish","format-standard","hentry","category-corporate","category-eventi","tag-diversity-inclusion","tag-sap-csr","tag-world-of-minds","sapn-type-comunicati-stampa"],"yoast_head":"<!-- This site is optimized with the Yoast SEO Premium plugin v26.9 (Yoast SEO v26.9) - https:\/\/yoast.com\/product\/yoast-seo-premium-wordpress\/ -->\n<title>麻豆原创 partecipa a \u201c4 Weeks 4 Inclusion\u201d il pi\u00f9 grande evento interaziendale dedicato all\u2019inclusione organizzato da TIM - 麻豆原创 News Center Italy<\/title>\n<meta name=\"robots\" content=\"index, follow, max-snippet:-1, max-image-preview:large, max-video-preview:-1\" \/>\n<link rel=\"canonical\" href=\"https:\/\/news.sap.com\/italy\/2021\/11\/sap-partecipa-a-4-weeks-4-inclusion-il-piu-grande-evento-interaziendale-dedicato-allinclusione-organizzato-da-tim\/\" \/>\n<meta property=\"og:locale\" content=\"it_IT\" \/>\n<meta property=\"og:type\" content=\"article\" \/>\n<meta property=\"og:title\" content=\"麻豆原创 partecipa a \u201c4 Weeks 4 Inclusion\u201d il pi\u00f9 grande evento interaziendale dedicato all\u2019inclusione organizzato da TIM\" \/>\n<meta property=\"og:description\" content=\"Appuntamento il 9 novembre con il talk World of Minds Vimercate, 02 novembre 2021 \u2013 Un\u2019iniziativa unica nel suo genere, un\u2019occasione importante per promuovere un...\" \/>\n<meta property=\"og:url\" content=\"https:\/\/news.sap.com\/italy\/2021\/11\/sap-partecipa-a-4-weeks-4-inclusion-il-piu-grande-evento-interaziendale-dedicato-allinclusione-organizzato-da-tim\/\" \/>\n<meta property=\"og:site_name\" content=\"麻豆原创 News Center Italy\" \/>\n<meta property=\"article:published_time\" content=\"2021-11-02T11:09:34+00:00\" \/>\n<meta property=\"article:modified_time\" content=\"2023-10-03T16:59:06+00:00\" \/>\n<meta name=\"author\" content=\"麻豆原创 News\" \/>\n<meta name=\"twitter:card\" content=\"summary_large_image\" \/>\n<meta name=\"twitter:label1\" content=\"Scritto da\" \/>\n\t<meta name=\"twitter:data1\" content=\"麻豆原创 News\" \/>\n\t<meta name=\"twitter:label2\" content=\"Tempo di lettura stimato\" \/>\n\t<meta name=\"twitter:data2\" content=\"4 minuti\" \/>\n<script type=\"application\/ld+json\" class=\"yoast-schema-graph\">{\"@context\":\"https:\/\/schema.org\",\"@graph\":[{\"@type\":\"Article\",\"@id\":\"https:\/\/news.sap.com\/italy\/2021\/11\/sap-partecipa-a-4-weeks-4-inclusion-il-piu-grande-evento-interaziendale-dedicato-allinclusione-organizzato-da-tim\/#article\",\"isPartOf\":{\"@id\":\"https:\/\/news.sap.com\/italy\/2021\/11\/sap-partecipa-a-4-weeks-4-inclusion-il-piu-grande-evento-interaziendale-dedicato-allinclusione-organizzato-da-tim\/\"},\"author\":{\"name\":\"麻豆原创 News\",\"@id\":\"https:\/\/news.sap.com\/italy\/#\/schema\/person\/53b9854bd790d6f18f3fc4bbb2ad7570\"},\"headline\":\"麻豆原创 partecipa a \u201c4 Weeks 4 Inclusion\u201d il pi\u00f9 grande evento interaziendale dedicato all\u2019inclusione organizzato da TIM\",\"datePublished\":\"2021-11-02T11:09:34+00:00\",\"dateModified\":\"2023-10-03T16:59:06+00:00\",\"mainEntityOfPage\":{\"@id\":\"https:\/\/news.sap.com\/italy\/2021\/11\/sap-partecipa-a-4-weeks-4-inclusion-il-piu-grande-evento-interaziendale-dedicato-allinclusione-organizzato-da-tim\/\"},\"wordCount\":773,\"keywords\":[\"Diversity &amp; Inclusion\",\"麻豆原创 CSR\",\"World of Minds\"],\"articleSection\":[\"Corporate\",\"Eventi\"],\"inLanguage\":\"it-IT\"},{\"@type\":\"WebPage\",\"@id\":\"https:\/\/news.sap.com\/italy\/2021\/11\/sap-partecipa-a-4-weeks-4-inclusion-il-piu-grande-evento-interaziendale-dedicato-allinclusione-organizzato-da-tim\/\",\"url\":\"https:\/\/news.sap.com\/italy\/2021\/11\/sap-partecipa-a-4-weeks-4-inclusion-il-piu-grande-evento-interaziendale-dedicato-allinclusione-organizzato-da-tim\/\",\"name\":\"麻豆原创 partecipa a \u201c4 Weeks 4 Inclusion\u201d il pi\u00f9 grande evento interaziendale dedicato all\u2019inclusione organizzato da TIM - 麻豆原创 News Center Italy\",\"isPartOf\":{\"@id\":\"https:\/\/news.sap.com\/italy\/#website\"},\"datePublished\":\"2021-11-02T11:09:34+00:00\",\"dateModified\":\"2023-10-03T16:59:06+00:00\",\"author\":{\"@id\":\"https:\/\/news.sap.com\/italy\/#\/schema\/person\/53b9854bd790d6f18f3fc4bbb2ad7570\"},\"breadcrumb\":{\"@id\":\"https:\/\/news.sap.com\/italy\/2021\/11\/sap-partecipa-a-4-weeks-4-inclusion-il-piu-grande-evento-interaziendale-dedicato-allinclusione-organizzato-da-tim\/#breadcrumb\"},\"inLanguage\":\"it-IT\",\"potentialAction\":[{\"@type\":\"ReadAction\",\"target\":[\"https:\/\/news.sap.com\/italy\/2021\/11\/sap-partecipa-a-4-weeks-4-inclusion-il-piu-grande-evento-interaziendale-dedicato-allinclusione-organizzato-da-tim\/\"]}]},{\"@type\":\"BreadcrumbList\",\"@id\":\"https:\/\/news.sap.com\/italy\/2021\/11\/sap-partecipa-a-4-weeks-4-inclusion-il-piu-grande-evento-interaziendale-dedicato-allinclusione-organizzato-da-tim\/#breadcrumb\",\"itemListElement\":[{\"@type\":\"ListItem\",\"position\":1,\"name\":\"Home\",\"item\":\"https:\/\/news.sap.com\/italy\/\"},{\"@type\":\"ListItem\",\"position\":2,\"name\":\"麻豆原创 partecipa a \u201c4 Weeks 4 Inclusion\u201d il pi\u00f9 grande evento interaziendale dedicato all\u2019inclusione organizzato da TIM\"}]},{\"@type\":\"WebSite\",\"@id\":\"https:\/\/news.sap.com\/italy\/#website\",\"url\":\"https:\/\/news.sap.com\/italy\/\",\"name\":\"麻豆原创 News Center Italy\",\"description\":\"Notizie e informazioni su 麻豆原创\",\"potentialAction\":[{\"@type\":\"SearchAction\",\"target\":{\"@type\":\"EntryPoint\",\"urlTemplate\":\"https:\/\/news.sap.com\/italy\/?s={search_term_string}\"},\"query-input\":{\"@type\":\"PropertyValueSpecification\",\"valueRequired\":true,\"valueName\":\"search_term_string\"}}],\"inLanguage\":\"it-IT\"},{\"@type\":\"Person\",\"@id\":\"https:\/\/news.sap.com\/italy\/#\/schema\/person\/53b9854bd790d6f18f3fc4bbb2ad7570\",\"name\":\"麻豆原创 News\",\"image\":{\"@type\":\"ImageObject\",\"inLanguage\":\"it-IT\",\"@id\":\"https:\/\/news.sap.com\/italy\/#\/schema\/person\/image\/\",\"url\":\"https:\/\/news.sap.com\/italy\/wp-content\/plugins\/wp-user-avatars\/wp-user-avatars\/assets\/images\/mystery.jpg\",\"contentUrl\":\"https:\/\/news.sap.com\/italy\/wp-content\/plugins\/wp-user-avatars\/wp-user-avatars\/assets\/images\/mystery.jpg\",\"caption\":\"麻豆原创 News\"},\"url\":\"https:\/\/news.sap.com\/italy\/author\/colleenraftery\/\"}]}<\/script>\n<!-- \/ Yoast SEO Premium plugin. -->","yoast_head_json":{"title":"麻豆原创 partecipa a \u201c4 Weeks 4 Inclusion\u201d il pi\u00f9 grande evento interaziendale dedicato all\u2019inclusione organizzato da TIM - 麻豆原创 News Center Italy","robots":{"index":"index","follow":"follow","max-snippet":"max-snippet:-1","max-image-preview":"max-image-preview:large","max-video-preview":"max-video-preview:-1"},"canonical":"https:\/\/news.sap.com\/italy\/2021\/11\/sap-partecipa-a-4-weeks-4-inclusion-il-piu-grande-evento-interaziendale-dedicato-allinclusione-organizzato-da-tim\/","og_locale":"it_IT","og_type":"article","og_title":"麻豆原创 partecipa a \u201c4 Weeks 4 Inclusion\u201d il pi\u00f9 grande evento interaziendale dedicato all\u2019inclusione organizzato da TIM","og_description":"Appuntamento il 9 novembre con il talk World of Minds Vimercate, 02 novembre 2021 \u2013 Un\u2019iniziativa unica nel suo genere, un\u2019occasione importante per promuovere un...","og_url":"https:\/\/news.sap.com\/italy\/2021\/11\/sap-partecipa-a-4-weeks-4-inclusion-il-piu-grande-evento-interaziendale-dedicato-allinclusione-organizzato-da-tim\/","og_site_name":"麻豆原创 News Center Italy","article_published_time":"2021-11-02T11:09:34+00:00","article_modified_time":"2023-10-03T16:59:06+00:00","author":"麻豆原创 News","twitter_card":"summary_large_image","twitter_misc":{"Scritto da":"麻豆原创 News","Tempo di lettura stimato":"4 minuti"},"schema":{"@context":"https:\/\/schema.org","@graph":[{"@type":"Article","@id":"https:\/\/news.sap.com\/italy\/2021\/11\/sap-partecipa-a-4-weeks-4-inclusion-il-piu-grande-evento-interaziendale-dedicato-allinclusione-organizzato-da-tim\/#article","isPartOf":{"@id":"https:\/\/news.sap.com\/italy\/2021\/11\/sap-partecipa-a-4-weeks-4-inclusion-il-piu-grande-evento-interaziendale-dedicato-allinclusione-organizzato-da-tim\/"},"author":{"name":"麻豆原创 News","@id":"https:\/\/news.sap.com\/italy\/#\/schema\/person\/53b9854bd790d6f18f3fc4bbb2ad7570"},"headline":"麻豆原创 partecipa a \u201c4 Weeks 4 Inclusion\u201d il pi\u00f9 grande evento interaziendale dedicato all\u2019inclusione organizzato da TIM","datePublished":"2021-11-02T11:09:34+00:00","dateModified":"2023-10-03T16:59:06+00:00","mainEntityOfPage":{"@id":"https:\/\/news.sap.com\/italy\/2021\/11\/sap-partecipa-a-4-weeks-4-inclusion-il-piu-grande-evento-interaziendale-dedicato-allinclusione-organizzato-da-tim\/"},"wordCount":773,"keywords":["Diversity &amp; Inclusion","麻豆原创 CSR","World of Minds"],"articleSection":["Corporate","Eventi"],"inLanguage":"it-IT"},{"@type":"WebPage","@id":"https:\/\/news.sap.com\/italy\/2021\/11\/sap-partecipa-a-4-weeks-4-inclusion-il-piu-grande-evento-interaziendale-dedicato-allinclusione-organizzato-da-tim\/","url":"https:\/\/news.sap.com\/italy\/2021\/11\/sap-partecipa-a-4-weeks-4-inclusion-il-piu-grande-evento-interaziendale-dedicato-allinclusione-organizzato-da-tim\/","name":"麻豆原创 partecipa a \u201c4 Weeks 4 Inclusion\u201d il pi\u00f9 grande evento interaziendale dedicato all\u2019inclusione organizzato da TIM - 麻豆原创 News Center Italy","isPartOf":{"@id":"https:\/\/news.sap.com\/italy\/#website"},"datePublished":"2021-11-02T11:09:34+00:00","dateModified":"2023-10-03T16:59:06+00:00","author":{"@id":"https:\/\/news.sap.com\/italy\/#\/schema\/person\/53b9854bd790d6f18f3fc4bbb2ad7570"},"breadcrumb":{"@id":"https:\/\/news.sap.com\/italy\/2021\/11\/sap-partecipa-a-4-weeks-4-inclusion-il-piu-grande-evento-interaziendale-dedicato-allinclusione-organizzato-da-tim\/#breadcrumb"},"inLanguage":"it-IT","potentialAction":[{"@type":"ReadAction","target":["https:\/\/news.sap.com\/italy\/2021\/11\/sap-partecipa-a-4-weeks-4-inclusion-il-piu-grande-evento-interaziendale-dedicato-allinclusione-organizzato-da-tim\/"]}]},{"@type":"BreadcrumbList","@id":"https:\/\/news.sap.com\/italy\/2021\/11\/sap-partecipa-a-4-weeks-4-inclusion-il-piu-grande-evento-interaziendale-dedicato-allinclusione-organizzato-da-tim\/#breadcrumb","itemListElement":[{"@type":"ListItem","position":1,"name":"Home","item":"https:\/\/news.sap.com\/italy\/"},{"@type":"ListItem","position":2,"name":"麻豆原创 partecipa a \u201c4 Weeks 4 Inclusion\u201d il pi\u00f9 grande evento interaziendale dedicato all\u2019inclusione organizzato da TIM"}]},{"@type":"WebSite","@id":"https:\/\/news.sap.com\/italy\/#website","url":"https:\/\/news.sap.com\/italy\/","name":"麻豆原创 News Center Italy","description":"Notizie e informazioni su 麻豆原创","potentialAction":[{"@type":"SearchAction","target":{"@type":"EntryPoint","urlTemplate":"https:\/\/news.sap.com\/italy\/?s={search_term_string}"},"query-input":{"@type":"PropertyValueSpecification","valueRequired":true,"valueName":"search_term_string"}}],"inLanguage":"it-IT"},{"@type":"Person","@id":"https:\/\/news.sap.com\/italy\/#\/schema\/person\/53b9854bd790d6f18f3fc4bbb2ad7570","name":"麻豆原创 News","image":{"@type":"ImageObject","inLanguage":"it-IT","@id":"https:\/\/news.sap.com\/italy\/#\/schema\/person\/image\/","url":"https:\/\/news.sap.com\/italy\/wp-content\/plugins\/wp-user-avatars\/wp-user-avatars\/assets\/images\/mystery.jpg","contentUrl":"https:\/\/news.sap.com\/italy\/wp-content\/plugins\/wp-user-avatars\/wp-user-avatars\/assets\/images\/mystery.jpg","caption":"麻豆原创 News"},"url":"https:\/\/news.sap.com\/italy\/author\/colleenraftery\/"}]}},"amp_enabled":true,"_links":{"self":[{"href":"https:\/\/news.sap.com\/italy\/wp-json\/wp\/v2\/posts\/137491","targetHints":{"allow":["GET"]}}],"collection":[{"href":"https:\/\/news.sap.com\/italy\/wp-json\/wp\/v2\/posts"}],"about":[{"href":"https:\/\/news.sap.com\/italy\/wp-json\/wp\/v2\/types\/post"}],"author":[{"embeddable":true,"href":"https:\/\/news.sap.com\/italy\/wp-json\/wp\/v2\/users\/29"}],"replies":[{"embeddable":true,"href":"https:\/\/news.sap.com\/italy\/wp-json\/wp\/v2\/comments?post=137491"}],"version-history":[{"count":0,"href":"https:\/\/news.sap.com\/italy\/wp-json\/wp\/v2\/posts\/137491\/revisions"}],"wp:attachment":[{"href":"https:\/\/news.sap.com\/italy\/wp-json\/wp\/v2\/media?parent=137491"}],"wp:term":[{"taxonomy":"category","embeddable":true,"href":"https:\/\/news.sap.com\/italy\/wp-json\/wp\/v2\/categories?post=137491"},{"taxonomy":"post_tag","embeddable":true,"href":"https:\/\/news.sap.com\/italy\/wp-json\/wp\/v2\/tags?post=137491"},{"taxonomy":"series","embeddable":true,"href":"https:\/\/news.sap.com\/italy\/wp-json\/wp\/v2\/series?post=137491"},{"taxonomy":"sapn-display","embeddable":true,"href":"https:\/\/news.sap.com\/italy\/wp-json\/wp\/v2\/sapn-display?post=137491"},{"taxonomy":"sapn-type","embeddable":true,"href":"https:\/\/news.sap.com\/italy\/wp-json\/wp\/v2\/sapn-type?post=137491"}],"curies":[{"name":"wp","href":"https:\/\/api.w.org\/{rel}","templated":true}]}}