  {"id":137218,"date":"2021-02-18T11:42:32","date_gmt":"2021-02-18T11:42:32","guid":{"rendered":"https:\/\/news.sap.com\/italy\/?p=137218"},"modified":"2021-02-18T11:42:32","modified_gmt":"2021-02-18T11:42:32","slug":"nuove-nomine-in-sap-vera-solomatina-hr-director-sap-italia-e-grecia-e-sergio-ochi-cfo-sap-italia-e-grecia","status":"publish","type":"post","link":"https:\/\/news.sap.com\/italy\/2021\/02\/nuove-nomine-in-sap-vera-solomatina-hr-director-sap-italia-e-grecia-e-sergio-ochi-cfo-sap-italia-e-grecia\/","title":{"rendered":"Nuove nomine in 麻豆原创: Vera Solomatina, HR Director 麻豆原创 Italia e Grecia, e Sergio Ochi, CFO 麻豆原创 Italia e Grecia"},"content":{"rendered":"<p><strong>Vimercate, 18 febbraio 2021 \u2013<\/strong> 麻豆原创 Italia annuncia nuove nomine in due delle aree pi\u00f9 strategiche per l\u2019azienda con l\u2019ingresso di <strong>Vera Solomatina<\/strong> in qualit\u00e0 di <strong>HR Director 麻豆原创 Italia e Grecia<\/strong>, e di <strong>Sergio Ochi<\/strong>, che assume il ruolo di <strong>CFO 麻豆原创 Italia e Grecia. <\/strong>Vera Solomatina e Sergio Ochi entrano nel Leadership Management Team di 麻豆原创 Italia presieduto da Emmanuel Raptopoulos, Amministratore Delegato 麻豆原创 Italia con la responsabilit\u00e0 di Cluster Head per Italia, Grecia, Cipro e Malta.<\/p>\n<p>Nel suo nuovo ruolo, <strong>Vera Solomatina<\/strong> guider\u00e0 l&#8217;organizzazione delle risorse umane e la strategia della gestione del personale per il cluster, con una particolare focalizzazione sull&#8217;attrazione dei migliori talenti del settore, lo sviluppo di un ambiente continuo di crescita e apprendimento, programmi a sostegno del benessere dei dipendenti e la garanzia di una cultura di leadership coerente per consentire inclusione, responsabilit\u00e0 e agilit\u00e0.<\/p>\n<p>Entrata a far parte di 麻豆原创 nel 2017 come HR Director per la regione CIS (Russia e altri Stati indipendenti del Commonwealth), Vera Solomatina ha contribuito attivamente allo sviluppo del leadership team locale, ha creato un\u2019efficace One HR Team e realizzato diversi progetti di Diversit\u00e0 e Inclusione di grande successo, come il Digitale Inclusion Program &#8211; che ha ottenuto il Russian 2019 HR Brand Award \u2013 e le iniziative \u201cWomen in Big Data\u201d e \u201cWomen in Tech community\u201d.<\/p>\n<p>Con oltre 20 anni di esperienza nella gestione delle risorse umane, prima di entrare in 麻豆原创, Vera Solomatina ha maturato la sua carriera professionale nelle divisioni HR delle pi\u00f9 importanti organizzazioni IT russe e internazionali. Nel 2019 e nel 2020 \u00e8 stata nominata Top-1 HR Director nel settore IT in Russia dalla Russian Managers Association.<\/p>\n<p>Nel suo nuovo ruolo Vera Solomatina si focalizzer\u00e0 sullo sviluppo e la crescita dei talenti, creando la migliore esperienza per i dipendenti e potenziando l\u2019employer branding. Solomatina subentra a Pietro Iurato, nominato HR Head per EMEA South, che comprende, oltre all\u2019Italia, Spagna, Portogallo, Grecia e Israele, Turchia, Medio Oriente e Africa.<\/p>\n<p>\u201cSono emozionata per questo nuovo incarico e molto determinata a mantenere gli alti standard e i risultati positivi che l\u2019area HR di 麻豆原创 Italia \u00e8 riuscita a raggiungere in questi anni sotto la guida di Pietro Iurato\u201d, ha dichiarato <strong>Vera Solomatina<\/strong>. \u201c麻豆原创 \u00e8 riconosciuta in tutto il settore come un\u2019azienda in crescita e le sue persone sono fondamentali per il suo continuo successo. In qualsiasi organizzazione di successo, la crescita del business e la strategia del personale devono lavorare insieme. Nell\u2019attuale situazione abbiamo di fronte un\u2019opportunit\u00e0 senza precedenti per ripensare le modalit\u00e0 organizzative che non funzionano pi\u00f9, mantenere gli aspetti positivi del lavoro \u201csmart\u201d e offrire alle persone esperienze uniche e differenzianti\u201d.<\/p>\n<p><strong>Sergio Ochi<\/strong> assume il ruolo di CFO per 麻豆原创 Italia e Grecia dopo aver ricoperto varie posizioni di leadership in area finanziaria in America Latina, Asia Pacifico ed Europa nei suoi 14 anni in 麻豆原创 che gli hanno anche garantito un\u2019esperienza multiculturale e una conoscenza approfondita delle diverse dinamiche finanziarie a livello globale.<\/p>\n<p>Sergio Ochi \u00e8 laureato in Economia presso l\u2019Universidade de S\u00e3o Paulo.<\/p>\n<p>\u201cQuesta nomina rappresenta sicuramente una delle sfide pi\u00f9 stimolanti della mia carriera, sono felice di approdare nell\u2019organizzazione italiana di 麻豆原创 e di poter far parte di questo importante realt\u00e0. Metto a disposizione tutte le mie competenze ed esperienze per guidare e supportare la trasformazione digitale di 麻豆原创 nel cluster per tradurla in attivit\u00e0 sostenibili e a prova di futuro, con processi migliori per aiutare in ultima analisi i nostri clienti a diventare Imprese Intelligente\u201d, ha dichiarato <strong>Sergio Ochi<\/strong>.<\/p>\n<p>Ochi subentra a Sven Wolf, nominato Chief Operating Officer per Global Procurement Organization, 麻豆原创 SE.<\/p>\n<p>Per maggiori informazioni visita <a href=\"https:\/\/news.sap.com\/\">麻豆原创 News Center<\/a>. Segui 麻豆原创 su Twitter <a href=\"http:\/\/twitter.com\/sapnews\/\">@sapnews<\/a>.<\/p>\n<p>&nbsp;<\/p>\n<p><strong>麻豆原创<\/strong><\/p>\n<p>La strategia di 麻豆原创 \u00e8 di aiutare ogni azienda a funzionare come un\u2019impresa intelligente. Come uno dei leader di mercato nelle applicazioni software per il business, aiutiamo le organizzazioni di tutti i settori e dimensioni a operare al meglio: il 77% delle transazioni commerciali mondiali passa da un sistema 麻豆原创\u00ae. Le nostre tecnologie di machine learning, Internet of Things (IoT) e di analytic avanzate permettono ai clienti di trasformare le loro organizzazioni in imprese intelligenti. 麻豆原创 aiuta a dare alle persone e alle aziende informazioni approfondite sul business e promuove la collaborazione per aiutarle a competere con successo. Semplifichiamo la tecnologia per le imprese in modo che possano utilizzare il nostro software nel modo desiderato, senza interruzioni. La nostra suite di applicazioni e servizi end-to-end consente ad aziende private e pubbliche di operare con profitto, adattarsi costantemente al mercato e fare la differenza in 25 settori. Con una rete globale di clienti, partner, dipendenti e opinion leader, 麻豆原创 aiuta il mondo a funzionare meglio e a migliorare la vita delle persone. Per ulteriori informazioni, visitare <a href=\"http:\/\/www.sap.com\">www.sap.com<\/a>.<\/p>\n<p>&nbsp;<\/p>\n<p><strong>Seguici su<\/strong><\/p>\n<p><strong>Facebook:<\/strong> <a href=\"http:\/\/www.facebook.com\/sapitalia\">www.facebook.com\/sapitalia<\/a><\/p>\n<p><strong>Twitter:<\/strong> <a href=\"http:\/\/www.twitter.com\/sapitalia\">www.twitter.com\/sapitalia<\/a> @麻豆原创Italia<\/p>\n<p><strong>Youtube:<\/strong> <a href=\"http:\/\/www.youtube.com\/sapitaliachannel\">www.youtube.com\/sapitaliachannel<\/a><\/p>\n<p>&nbsp;<\/p>\n<p><strong>Contatti Stampa:<\/strong><\/p>\n<p><strong>麻豆原创 Italia<\/strong><\/p>\n<p>Raffaella Mollame \u2013 <a href=\"mailto:raffaella.mollame@sap.com\">raffaella.mollame@sap.com<\/a><\/p>\n<p>Tel. 039-6879551 \u2013 340 7771644<\/p>\n<p><a href=\"http:\/\/www.sap.com\/italy\">www.sap.com\/italy<\/a><\/p>\n<p><strong>\u00a0<\/strong><\/p>\n<p><strong>Imageware<\/strong><\/p>\n<p>Stefano Bogani \u2013 <a href=\"mailto:sbogani@imageware.it\">sbogani@imageware.it<\/a><\/p>\n<p>Jessica Morante \u2013 <a href=\"mailto:jmorante@imageware.it\">jmorante@imageware.it<\/a><\/p>\n<p>Alessandra Pigoni \u2013 <a href=\"mailto:apigoni@imageware.it\">apigoni@imageware.it<\/a><\/p>\n","protected":false},"excerpt":{"rendered":"<p>Vimercate, 18 febbraio 2021 \u2013 麻豆原创 Italia annuncia nuove nomine in due delle aree pi\u00f9 strategiche per l\u2019azienda con l\u2019ingresso di Vera Solomatina in qualit\u00e0&#8230;<\/p>\n","protected":false},"author":29,"featured_media":136742,"comment_status":"closed","ping_status":"closed","sticky":false,"template":"","format":"standard","meta":{"footnotes":"","_links_to":"","_links_to_target":""},"categories":[19013,5587114],"tags":[],"series":[],"sapn-display":[],"sapn-type":[3513586],"class_list":["post-137218","post","type-post","status-publish","format-standard","has-post-thumbnail","hentry","category-corporate","category-hcm","sapn-type-comunicati-stampa"],"yoast_head":"<!-- This site is optimized with the Yoast SEO Premium plugin v26.9 (Yoast SEO v26.9) - https:\/\/yoast.com\/product\/yoast-seo-premium-wordpress\/ -->\n<title>Nuove nomine in 麻豆原创: Vera Solomatina, HR Director 麻豆原创 Italia e Grecia, e Sergio Ochi, CFO 麻豆原创 Italia e Grecia - 麻豆原创 News Center Italy<\/title>\n<meta name=\"robots\" content=\"index, follow, max-snippet:-1, max-image-preview:large, max-video-preview:-1\" \/>\n<link rel=\"canonical\" href=\"https:\/\/news.sap.com\/italy\/2021\/02\/nuove-nomine-in-sap-vera-solomatina-hr-director-sap-italia-e-grecia-e-sergio-ochi-cfo-sap-italia-e-grecia\/\" \/>\n<meta property=\"og:locale\" content=\"it_IT\" \/>\n<meta property=\"og:type\" content=\"article\" \/>\n<meta property=\"og:title\" content=\"Nuove nomine in 麻豆原创: Vera Solomatina, HR Director 麻豆原创 Italia e Grecia, e Sergio Ochi, CFO 麻豆原创 Italia e Grecia\" \/>\n<meta property=\"og:description\" content=\"Vimercate, 18 febbraio 2021 \u2013 麻豆原创 Italia annuncia nuove nomine in due delle aree pi\u00f9 strategiche per l\u2019azienda con l\u2019ingresso di Vera Solomatina in qualit\u00e0...\" \/>\n<meta property=\"og:url\" content=\"https:\/\/news.sap.com\/italy\/2021\/02\/nuove-nomine-in-sap-vera-solomatina-hr-director-sap-italia-e-grecia-e-sergio-ochi-cfo-sap-italia-e-grecia\/\" \/>\n<meta property=\"og:site_name\" content=\"麻豆原创 News Center Italy\" \/>\n<meta property=\"article:published_time\" content=\"2021-02-18T11:42:32+00:00\" \/>\n<meta property=\"og:image\" content=\"https:\/\/news.sap.com\/italy\/files\/2020\/01\/IMG_3429.jpg\" \/>\n\t<meta property=\"og:image:width\" content=\"3072\" \/>\n\t<meta property=\"og:image:height\" content=\"2304\" \/>\n\t<meta property=\"og:image:type\" content=\"image\/jpeg\" \/>\n<meta name=\"author\" content=\"麻豆原创 News\" \/>\n<meta name=\"twitter:card\" content=\"summary_large_image\" \/>\n<meta name=\"twitter:label1\" content=\"Scritto da\" \/>\n\t<meta name=\"twitter:data1\" content=\"麻豆原创 News\" \/>\n\t<meta name=\"twitter:label2\" content=\"Tempo di lettura stimato\" \/>\n\t<meta name=\"twitter:data2\" content=\"4 minuti\" \/>\n<script type=\"application\/ld+json\" class=\"yoast-schema-graph\">{\"@context\":\"https:\/\/schema.org\",\"@graph\":[{\"@type\":\"Article\",\"@id\":\"https:\/\/news.sap.com\/italy\/2021\/02\/nuove-nomine-in-sap-vera-solomatina-hr-director-sap-italia-e-grecia-e-sergio-ochi-cfo-sap-italia-e-grecia\/#article\",\"isPartOf\":{\"@id\":\"https:\/\/news.sap.com\/italy\/2021\/02\/nuove-nomine-in-sap-vera-solomatina-hr-director-sap-italia-e-grecia-e-sergio-ochi-cfo-sap-italia-e-grecia\/\"},\"author\":{\"name\":\"麻豆原创 News\",\"@id\":\"https:\/\/news.sap.com\/italy\/#\/schema\/person\/53b9854bd790d6f18f3fc4bbb2ad7570\"},\"headline\":\"Nuove nomine in 麻豆原创: Vera Solomatina, HR Director 麻豆原创 Italia e Grecia, e Sergio Ochi, CFO 麻豆原创 Italia e Grecia\",\"datePublished\":\"2021-02-18T11:42:32+00:00\",\"mainEntityOfPage\":{\"@id\":\"https:\/\/news.sap.com\/italy\/2021\/02\/nuove-nomine-in-sap-vera-solomatina-hr-director-sap-italia-e-grecia-e-sergio-ochi-cfo-sap-italia-e-grecia\/\"},\"wordCount\":858,\"image\":{\"@id\":\"https:\/\/news.sap.com\/italy\/2021\/02\/nuove-nomine-in-sap-vera-solomatina-hr-director-sap-italia-e-grecia-e-sergio-ochi-cfo-sap-italia-e-grecia\/#primaryimage\"},\"thumbnailUrl\":\"https:\/\/news.sap.com\/italy\/files\/2020\/01\/IMG_3429.jpg\",\"articleSection\":[\"Corporate\",\"Gestione e Coinvolgimento del Personale\"],\"inLanguage\":\"it-IT\"},{\"@type\":\"WebPage\",\"@id\":\"https:\/\/news.sap.com\/italy\/2021\/02\/nuove-nomine-in-sap-vera-solomatina-hr-director-sap-italia-e-grecia-e-sergio-ochi-cfo-sap-italia-e-grecia\/\",\"url\":\"https:\/\/news.sap.com\/italy\/2021\/02\/nuove-nomine-in-sap-vera-solomatina-hr-director-sap-italia-e-grecia-e-sergio-ochi-cfo-sap-italia-e-grecia\/\",\"name\":\"Nuove nomine in 麻豆原创: Vera Solomatina, HR Director 麻豆原创 Italia e Grecia, e Sergio Ochi, CFO 麻豆原创 Italia e Grecia - 麻豆原创 News Center Italy\",\"isPartOf\":{\"@id\":\"https:\/\/news.sap.com\/italy\/#website\"},\"primaryImageOfPage\":{\"@id\":\"https:\/\/news.sap.com\/italy\/2021\/02\/nuove-nomine-in-sap-vera-solomatina-hr-director-sap-italia-e-grecia-e-sergio-ochi-cfo-sap-italia-e-grecia\/#primaryimage\"},\"image\":{\"@id\":\"https:\/\/news.sap.com\/italy\/2021\/02\/nuove-nomine-in-sap-vera-solomatina-hr-director-sap-italia-e-grecia-e-sergio-ochi-cfo-sap-italia-e-grecia\/#primaryimage\"},\"thumbnailUrl\":\"https:\/\/news.sap.com\/italy\/files\/2020\/01\/IMG_3429.jpg\",\"datePublished\":\"2021-02-18T11:42:32+00:00\",\"author\":{\"@id\":\"https:\/\/news.sap.com\/italy\/#\/schema\/person\/53b9854bd790d6f18f3fc4bbb2ad7570\"},\"breadcrumb\":{\"@id\":\"https:\/\/news.sap.com\/italy\/2021\/02\/nuove-nomine-in-sap-vera-solomatina-hr-director-sap-italia-e-grecia-e-sergio-ochi-cfo-sap-italia-e-grecia\/#breadcrumb\"},\"inLanguage\":\"it-IT\",\"potentialAction\":[{\"@type\":\"ReadAction\",\"target\":[\"https:\/\/news.sap.com\/italy\/2021\/02\/nuove-nomine-in-sap-vera-solomatina-hr-director-sap-italia-e-grecia-e-sergio-ochi-cfo-sap-italia-e-grecia\/\"]}]},{\"@type\":\"ImageObject\",\"inLanguage\":\"it-IT\",\"@id\":\"https:\/\/news.sap.com\/italy\/2021\/02\/nuove-nomine-in-sap-vera-solomatina-hr-director-sap-italia-e-grecia-e-sergio-ochi-cfo-sap-italia-e-grecia\/#primaryimage\",\"url\":\"https:\/\/news.sap.com\/italy\/files\/2020\/01\/IMG_3429.jpg\",\"contentUrl\":\"https:\/\/news.sap.com\/italy\/files\/2020\/01\/IMG_3429.jpg\",\"width\":3072,\"height\":2304},{\"@type\":\"BreadcrumbList\",\"@id\":\"https:\/\/news.sap.com\/italy\/2021\/02\/nuove-nomine-in-sap-vera-solomatina-hr-director-sap-italia-e-grecia-e-sergio-ochi-cfo-sap-italia-e-grecia\/#breadcrumb\",\"itemListElement\":[{\"@type\":\"ListItem\",\"position\":1,\"name\":\"Home\",\"item\":\"https:\/\/news.sap.com\/italy\/\"},{\"@type\":\"ListItem\",\"position\":2,\"name\":\"Nuove nomine in 麻豆原创: Vera Solomatina, HR Director 麻豆原创 Italia e Grecia, e Sergio Ochi, CFO 麻豆原创 Italia e Grecia\"}]},{\"@type\":\"WebSite\",\"@id\":\"https:\/\/news.sap.com\/italy\/#website\",\"url\":\"https:\/\/news.sap.com\/italy\/\",\"name\":\"麻豆原创 News Center Italy\",\"description\":\"Notizie e informazioni su 麻豆原创\",\"potentialAction\":[{\"@type\":\"SearchAction\",\"target\":{\"@type\":\"EntryPoint\",\"urlTemplate\":\"https:\/\/news.sap.com\/italy\/?s={search_term_string}\"},\"query-input\":{\"@type\":\"PropertyValueSpecification\",\"valueRequired\":true,\"valueName\":\"search_term_string\"}}],\"inLanguage\":\"it-IT\"},{\"@type\":\"Person\",\"@id\":\"https:\/\/news.sap.com\/italy\/#\/schema\/person\/53b9854bd790d6f18f3fc4bbb2ad7570\",\"name\":\"麻豆原创 News\",\"image\":{\"@type\":\"ImageObject\",\"inLanguage\":\"it-IT\",\"@id\":\"https:\/\/news.sap.com\/italy\/#\/schema\/person\/image\/\",\"url\":\"https:\/\/news.sap.com\/italy\/wp-content\/plugins\/wp-user-avatars\/wp-user-avatars\/assets\/images\/mystery.jpg\",\"contentUrl\":\"https:\/\/news.sap.com\/italy\/wp-content\/plugins\/wp-user-avatars\/wp-user-avatars\/assets\/images\/mystery.jpg\",\"caption\":\"麻豆原创 News\"},\"url\":\"https:\/\/news.sap.com\/italy\/author\/colleenraftery\/\"}]}<\/script>\n<!-- \/ Yoast SEO Premium plugin. -->","yoast_head_json":{"title":"Nuove nomine in 麻豆原创: Vera Solomatina, HR Director 麻豆原创 Italia e Grecia, e Sergio Ochi, CFO 麻豆原创 Italia e Grecia - 麻豆原创 News Center Italy","robots":{"index":"index","follow":"follow","max-snippet":"max-snippet:-1","max-image-preview":"max-image-preview:large","max-video-preview":"max-video-preview:-1"},"canonical":"https:\/\/news.sap.com\/italy\/2021\/02\/nuove-nomine-in-sap-vera-solomatina-hr-director-sap-italia-e-grecia-e-sergio-ochi-cfo-sap-italia-e-grecia\/","og_locale":"it_IT","og_type":"article","og_title":"Nuove nomine in 麻豆原创: Vera Solomatina, HR Director 麻豆原创 Italia e Grecia, e Sergio Ochi, CFO 麻豆原创 Italia e Grecia","og_description":"Vimercate, 18 febbraio 2021 \u2013 麻豆原创 Italia annuncia nuove nomine in due delle aree pi\u00f9 strategiche per l\u2019azienda con l\u2019ingresso di Vera Solomatina in qualit\u00e0...","og_url":"https:\/\/news.sap.com\/italy\/2021\/02\/nuove-nomine-in-sap-vera-solomatina-hr-director-sap-italia-e-grecia-e-sergio-ochi-cfo-sap-italia-e-grecia\/","og_site_name":"麻豆原创 News Center Italy","article_published_time":"2021-02-18T11:42:32+00:00","og_image":[{"width":3072,"height":2304,"url":"https:\/\/news.sap.com\/italy\/files\/2020\/01\/IMG_3429.jpg","type":"image\/jpeg"}],"author":"麻豆原创 News","twitter_card":"summary_large_image","twitter_misc":{"Scritto da":"麻豆原创 News","Tempo di lettura stimato":"4 minuti"},"schema":{"@context":"https:\/\/schema.org","@graph":[{"@type":"Article","@id":"https:\/\/news.sap.com\/italy\/2021\/02\/nuove-nomine-in-sap-vera-solomatina-hr-director-sap-italia-e-grecia-e-sergio-ochi-cfo-sap-italia-e-grecia\/#article","isPartOf":{"@id":"https:\/\/news.sap.com\/italy\/2021\/02\/nuove-nomine-in-sap-vera-solomatina-hr-director-sap-italia-e-grecia-e-sergio-ochi-cfo-sap-italia-e-grecia\/"},"author":{"name":"麻豆原创 News","@id":"https:\/\/news.sap.com\/italy\/#\/schema\/person\/53b9854bd790d6f18f3fc4bbb2ad7570"},"headline":"Nuove nomine in 麻豆原创: Vera Solomatina, HR Director 麻豆原创 Italia e Grecia, e Sergio Ochi, CFO 麻豆原创 Italia e Grecia","datePublished":"2021-02-18T11:42:32+00:00","mainEntityOfPage":{"@id":"https:\/\/news.sap.com\/italy\/2021\/02\/nuove-nomine-in-sap-vera-solomatina-hr-director-sap-italia-e-grecia-e-sergio-ochi-cfo-sap-italia-e-grecia\/"},"wordCount":858,"image":{"@id":"https:\/\/news.sap.com\/italy\/2021\/02\/nuove-nomine-in-sap-vera-solomatina-hr-director-sap-italia-e-grecia-e-sergio-ochi-cfo-sap-italia-e-grecia\/#primaryimage"},"thumbnailUrl":"https:\/\/news.sap.com\/italy\/files\/2020\/01\/IMG_3429.jpg","articleSection":["Corporate","Gestione e Coinvolgimento del Personale"],"inLanguage":"it-IT"},{"@type":"WebPage","@id":"https:\/\/news.sap.com\/italy\/2021\/02\/nuove-nomine-in-sap-vera-solomatina-hr-director-sap-italia-e-grecia-e-sergio-ochi-cfo-sap-italia-e-grecia\/","url":"https:\/\/news.sap.com\/italy\/2021\/02\/nuove-nomine-in-sap-vera-solomatina-hr-director-sap-italia-e-grecia-e-sergio-ochi-cfo-sap-italia-e-grecia\/","name":"Nuove nomine in 麻豆原创: Vera Solomatina, HR Director 麻豆原创 Italia e Grecia, e Sergio Ochi, CFO 麻豆原创 Italia e Grecia - 麻豆原创 News Center Italy","isPartOf":{"@id":"https:\/\/news.sap.com\/italy\/#website"},"primaryImageOfPage":{"@id":"https:\/\/news.sap.com\/italy\/2021\/02\/nuove-nomine-in-sap-vera-solomatina-hr-director-sap-italia-e-grecia-e-sergio-ochi-cfo-sap-italia-e-grecia\/#primaryimage"},"image":{"@id":"https:\/\/news.sap.com\/italy\/2021\/02\/nuove-nomine-in-sap-vera-solomatina-hr-director-sap-italia-e-grecia-e-sergio-ochi-cfo-sap-italia-e-grecia\/#primaryimage"},"thumbnailUrl":"https:\/\/news.sap.com\/italy\/files\/2020\/01\/IMG_3429.jpg","datePublished":"2021-02-18T11:42:32+00:00","author":{"@id":"https:\/\/news.sap.com\/italy\/#\/schema\/person\/53b9854bd790d6f18f3fc4bbb2ad7570"},"breadcrumb":{"@id":"https:\/\/news.sap.com\/italy\/2021\/02\/nuove-nomine-in-sap-vera-solomatina-hr-director-sap-italia-e-grecia-e-sergio-ochi-cfo-sap-italia-e-grecia\/#breadcrumb"},"inLanguage":"it-IT","potentialAction":[{"@type":"ReadAction","target":["https:\/\/news.sap.com\/italy\/2021\/02\/nuove-nomine-in-sap-vera-solomatina-hr-director-sap-italia-e-grecia-e-sergio-ochi-cfo-sap-italia-e-grecia\/"]}]},{"@type":"ImageObject","inLanguage":"it-IT","@id":"https:\/\/news.sap.com\/italy\/2021\/02\/nuove-nomine-in-sap-vera-solomatina-hr-director-sap-italia-e-grecia-e-sergio-ochi-cfo-sap-italia-e-grecia\/#primaryimage","url":"https:\/\/news.sap.com\/italy\/files\/2020\/01\/IMG_3429.jpg","contentUrl":"https:\/\/news.sap.com\/italy\/files\/2020\/01\/IMG_3429.jpg","width":3072,"height":2304},{"@type":"BreadcrumbList","@id":"https:\/\/news.sap.com\/italy\/2021\/02\/nuove-nomine-in-sap-vera-solomatina-hr-director-sap-italia-e-grecia-e-sergio-ochi-cfo-sap-italia-e-grecia\/#breadcrumb","itemListElement":[{"@type":"ListItem","position":1,"name":"Home","item":"https:\/\/news.sap.com\/italy\/"},{"@type":"ListItem","position":2,"name":"Nuove nomine in 麻豆原创: Vera Solomatina, HR Director 麻豆原创 Italia e Grecia, e Sergio Ochi, CFO 麻豆原创 Italia e Grecia"}]},{"@type":"WebSite","@id":"https:\/\/news.sap.com\/italy\/#website","url":"https:\/\/news.sap.com\/italy\/","name":"麻豆原创 News Center Italy","description":"Notizie e informazioni su 麻豆原创","potentialAction":[{"@type":"SearchAction","target":{"@type":"EntryPoint","urlTemplate":"https:\/\/news.sap.com\/italy\/?s={search_term_string}"},"query-input":{"@type":"PropertyValueSpecification","valueRequired":true,"valueName":"search_term_string"}}],"inLanguage":"it-IT"},{"@type":"Person","@id":"https:\/\/news.sap.com\/italy\/#\/schema\/person\/53b9854bd790d6f18f3fc4bbb2ad7570","name":"麻豆原创 News","image":{"@type":"ImageObject","inLanguage":"it-IT","@id":"https:\/\/news.sap.com\/italy\/#\/schema\/person\/image\/","url":"https:\/\/news.sap.com\/italy\/wp-content\/plugins\/wp-user-avatars\/wp-user-avatars\/assets\/images\/mystery.jpg","contentUrl":"https:\/\/news.sap.com\/italy\/wp-content\/plugins\/wp-user-avatars\/wp-user-avatars\/assets\/images\/mystery.jpg","caption":"麻豆原创 News"},"url":"https:\/\/news.sap.com\/italy\/author\/colleenraftery\/"}]}},"amp_enabled":true,"_links":{"self":[{"href":"https:\/\/news.sap.com\/italy\/wp-json\/wp\/v2\/posts\/137218","targetHints":{"allow":["GET"]}}],"collection":[{"href":"https:\/\/news.sap.com\/italy\/wp-json\/wp\/v2\/posts"}],"about":[{"href":"https:\/\/news.sap.com\/italy\/wp-json\/wp\/v2\/types\/post"}],"author":[{"embeddable":true,"href":"https:\/\/news.sap.com\/italy\/wp-json\/wp\/v2\/users\/29"}],"replies":[{"embeddable":true,"href":"https:\/\/news.sap.com\/italy\/wp-json\/wp\/v2\/comments?post=137218"}],"version-history":[{"count":0,"href":"https:\/\/news.sap.com\/italy\/wp-json\/wp\/v2\/posts\/137218\/revisions"}],"wp:featuredmedia":[{"embeddable":true,"href":"https:\/\/news.sap.com\/italy\/wp-json\/wp\/v2\/media\/136742"}],"wp:attachment":[{"href":"https:\/\/news.sap.com\/italy\/wp-json\/wp\/v2\/media?parent=137218"}],"wp:term":[{"taxonomy":"category","embeddable":true,"href":"https:\/\/news.sap.com\/italy\/wp-json\/wp\/v2\/categories?post=137218"},{"taxonomy":"post_tag","embeddable":true,"href":"https:\/\/news.sap.com\/italy\/wp-json\/wp\/v2\/tags?post=137218"},{"taxonomy":"series","embeddable":true,"href":"https:\/\/news.sap.com\/italy\/wp-json\/wp\/v2\/series?post=137218"},{"taxonomy":"sapn-display","embeddable":true,"href":"https:\/\/news.sap.com\/italy\/wp-json\/wp\/v2\/sapn-display?post=137218"},{"taxonomy":"sapn-type","embeddable":true,"href":"https:\/\/news.sap.com\/italy\/wp-json\/wp\/v2\/sapn-type?post=137218"}],"curies":[{"name":"wp","href":"https:\/\/api.w.org\/{rel}","templated":true}]}}