  {"id":136952,"date":"2020-06-23T06:32:19","date_gmt":"2020-06-23T06:32:19","guid":{"rendered":"https:\/\/news.sap.com\/italy\/?p=136952"},"modified":"2023-10-04T13:38:15","modified_gmt":"2023-10-04T13:38:15","slug":"agire-per-la-giustizia-sociale","status":"publish","type":"post","link":"https:\/\/news.sap.com\/italy\/2020\/06\/agire-per-la-giustizia-sociale\/","title":{"rendered":"Agire per la giustizia sociale"},"content":{"rendered":"<p>I recenti eventi negli Stati Uniti, tra cui le uccisioni di cittadini neri come Rayshard Brooks, George Floyd, Ahmaud Arbury, Breonna Taylor e molti altri, hanno spinto 麻豆原创 a parlare, a capire meglio le esperienze dei suoi colleghi di colore e di altre persone, riaffermare il proprio impegno nei confronti della diversit\u00e0 e dell&#8217;inclusione e aumentare gli investimenti nella riforma della giustizia sociale, nelle organizzazioni che sviluppano una condotta qualificata nel settore tecnologico e nelle aziende e imprese sociali di propriet\u00e0 di persone di colore.<\/p>\n<p>麻豆原创 sta compiendo i seguenti passi concreti verso la giustizia sociale e l&#8217;uguaglianza:<\/p>\n<ol>\n<li>Riconoscere il dolore dei dipendenti 麻豆原创 colpiti dalla situazione e offrire opportunit\u00e0 per affrontare e analizzare le emozioni con l\u2019aiuto di specialisti. Il 4 giugno, il presidente di 麻豆原创 North America DJ Paoni e la responsabile della diversit\u00e0 e dell&#8217;inclusione Judith Williams hanno organizzato un evento interno per parlare di questi temi e offrire accesso ai consulenti per il dolore. Durante l&#8217;incontro, un gruppo eterogeneo di dipendenti ha gentilmente condiviso le proprie preoccupazioni ed esperienze con l&#8217;ingiustizia razziale.<\/li>\n<li>Agire secondo la sua strategia volta ad aumentare ulteriormente la diversit\u00e0 della forza lavoro e garantire che ogni dipendente 麻豆原创 abbia accesso alle stesse opportunit\u00e0 di sviluppo. 麻豆原创 ha fissato un nuovo obiettivo per raddoppiare la rappresentazione del talento afroamericano negli Stati Uniti nei prossimi tre anni. L&#8217;obiettivo di 麻豆原创 \u00e8 quello di riflettere meglio la diversit\u00e0 della societ\u00e0 e dei clienti che serve. 麻豆原创 continuer\u00e0 a collaborare con organizzazioni che sviluppano una pipeline di talenti qualificata da comunit\u00e0 attualmente sottorappresentate nel settore della tecnologia, come ad esempio gli afroamericani.<\/li>\n<li>Raddoppiare il suo attuale impegno per l&#8217;istruzione e lo sviluppo economico, oltre ad aggiungere il sostegno diretto alla riforma della giustizia sociale attraverso ad esempio l&#8217;iniziativa sulla <a href=\"https:\/\/eji.org\/\">parit\u00e0 di giustizia<\/a>.<\/li>\n<li>Aumentare i suoi programmi di sviluppo economico pro-bono per rendere pi\u00f9 forti le aziende e le imprese sociali di propriet\u00e0 di persone di colore, fornendo loro l&#8217;accesso al know-how e alle competenze dei dipendenti 麻豆原创. 麻豆原创 ha anche introdotto un nuovo programma, chiamato &#8220;Spotlight Black Businesses&#8221;, per assistere le piccole imprese gestire da persone di colore che sono state colpite da <a href=\"https:\/\/news.sap.com\/covid-19\/\">COVID-19<\/a> e dalle proteste causate da disordini sociali.<\/li>\n<li>Collaborare con <a href=\"https:\/\/www.globalcitizen.org\/en\/\">Global Citizen<\/a>, il pi\u00f9 grande movimento al mondo dedicato a porre fine alla povert\u00e0 assoluta entro il 2030. La campagna <a href=\"https:\/\/www.globalcitizen.org\/en\/enquiries\/press\/global-goal-unite-our-future-concert\/\">Unite for Our Future<\/a> invita cittadini, imprese, governo e settore sociale ad affrontare le enormi ingiustizie che il mondo sta affrontando a causa del COVID-19 e dei disordini razziali. 麻豆原创 ha promesso il proprio supporto finanziario insieme ad altre societ\u00e0 globali per porre fine alla pandemia da <a href=\"https:\/\/news.sap.com\/covid-19\/\">COVID-19<\/a>, e all&#8217;ingiustizia e per lottare per il mondo che desideriamo. Alcuni di questi impegni saranno annunciati durante il vertice e il concerto di sabato 27 giugno.<\/li>\n<\/ol>\n<p>Oltre a questi sforzi mirati per migliorare la diversit\u00e0 e l&#8217;inclusione internamente e supportare la riforma della giustizia sociale e le comunit\u00e0 di colore a livello globale, 麻豆原创 lavorer\u00e0 a stretto contatto con altri leader aziendali per guidare cambiamenti significativi per migliorare il mondo e la vita delle persone.<\/p>\n<p>Unisciti a 麻豆原创 e Global Citizen dal vivo da casa il 27 giugno.<\/p>\n<p>Il Global Citizen Concert andr\u00e0 in onda sulle emittenti di tutto il mondo, tra cui ARD, Canal + Group, RTVE in Europa; Bell Media, CBC, Citytv e Global TV, in Canada; NBC e iHeartMedia negli Stati Uniti; Grupo Globo in Brasile; MultiChoice Group e SABC in Africa; Fuji TV e Star India in Asia; e Channel Nine in Australia. Il concerto sar\u00e0 inoltre trasmesso in streaming su piattaforme globali, tra cui Apple, Brut, Roku, Insight TV, TIDAL, Twitch, Twitter, Yahoo! e YouTube. Infine, altre emittenti sono BAR\u00c7A TV, Bloomberg Television, Fundaci\u00f3n Azteca, Mediacorp, MSNBC, MTV, SiriusXM, Sony Channel America Latina e Turner America Latina. Controlla gli elenchi locali per gli orari di inizio.<\/p>\n","protected":false},"excerpt":{"rendered":"<p>I recenti eventi negli Stati Uniti, tra cui le uccisioni di cittadini neri come Rayshard Brooks, George Floyd, Ahmaud Arbury, Breonna Taylor e molti altri,&#8230;<\/p>\n","protected":false},"author":29,"featured_media":136953,"comment_status":"closed","ping_status":"closed","sticky":false,"template":"","format":"standard","meta":{"footnotes":"","_links_to":"","_links_to_target":""},"categories":[19013],"tags":[],"series":[],"sapn-display":[5593714,5593712,45149,60294],"sapn-type":[5593732],"class_list":["post-136952","post","type-post","status-publish","format-standard","has-post-thumbnail","hentry","category-corporate","sapn-display-feature-hero","sapn-display-feature-spotlight","sapn-display-homepage-hero","sapn-display-hero","sapn-type-feature"],"yoast_head":"<!-- This site is optimized with the Yoast SEO Premium plugin v26.9 (Yoast SEO v26.9) - https:\/\/yoast.com\/product\/yoast-seo-premium-wordpress\/ -->\n<title>Agire per la giustizia sociale - 麻豆原创 News Center Italy<\/title>\n<meta name=\"robots\" content=\"index, follow, max-snippet:-1, max-image-preview:large, max-video-preview:-1\" \/>\n<link rel=\"canonical\" href=\"https:\/\/news.sap.com\/italy\/2020\/06\/agire-per-la-giustizia-sociale\/\" \/>\n<meta property=\"og:locale\" content=\"it_IT\" \/>\n<meta property=\"og:type\" content=\"article\" \/>\n<meta property=\"og:title\" content=\"Agire per la giustizia sociale\" \/>\n<meta property=\"og:description\" content=\"I recenti eventi negli Stati Uniti, tra cui le uccisioni di cittadini neri come Rayshard Brooks, George Floyd, Ahmaud Arbury, Breonna Taylor e molti altri,...\" \/>\n<meta property=\"og:url\" content=\"https:\/\/news.sap.com\/italy\/2020\/06\/agire-per-la-giustizia-sociale\/\" \/>\n<meta property=\"og:site_name\" content=\"麻豆原创 News Center Italy\" \/>\n<meta property=\"article:published_time\" content=\"2020-06-23T06:32:19+00:00\" \/>\n<meta property=\"article:modified_time\" content=\"2023-10-04T13:38:15+00:00\" \/>\n<meta property=\"og:image\" content=\"https:\/\/news.sap.com\/italy\/files\/2020\/06\/Capture.jpg\" \/>\n\t<meta property=\"og:image:width\" content=\"1773\" \/>\n\t<meta property=\"og:image:height\" content=\"891\" \/>\n\t<meta property=\"og:image:type\" content=\"image\/jpeg\" \/>\n<meta name=\"author\" content=\"麻豆原创 News\" \/>\n<meta name=\"twitter:card\" content=\"summary_large_image\" \/>\n<meta name=\"twitter:label1\" content=\"Scritto da\" \/>\n\t<meta name=\"twitter:data1\" content=\"麻豆原创 News\" \/>\n\t<meta name=\"twitter:label2\" content=\"Tempo di lettura stimato\" \/>\n\t<meta name=\"twitter:data2\" content=\"3 minuti\" \/>\n<script type=\"application\/ld+json\" class=\"yoast-schema-graph\">{\"@context\":\"https:\/\/schema.org\",\"@graph\":[{\"@type\":\"Article\",\"@id\":\"https:\/\/news.sap.com\/italy\/2020\/06\/agire-per-la-giustizia-sociale\/#article\",\"isPartOf\":{\"@id\":\"https:\/\/news.sap.com\/italy\/2020\/06\/agire-per-la-giustizia-sociale\/\"},\"author\":{\"name\":\"麻豆原创 News\",\"@id\":\"https:\/\/news.sap.com\/italy\/#\/schema\/person\/53b9854bd790d6f18f3fc4bbb2ad7570\"},\"headline\":\"Agire per la giustizia sociale\",\"datePublished\":\"2020-06-23T06:32:19+00:00\",\"dateModified\":\"2023-10-04T13:38:15+00:00\",\"mainEntityOfPage\":{\"@id\":\"https:\/\/news.sap.com\/italy\/2020\/06\/agire-per-la-giustizia-sociale\/\"},\"wordCount\":649,\"image\":{\"@id\":\"https:\/\/news.sap.com\/italy\/2020\/06\/agire-per-la-giustizia-sociale\/#primaryimage\"},\"thumbnailUrl\":\"https:\/\/news.sap.com\/italy\/files\/2020\/06\/Capture.jpg\",\"articleSection\":[\"Corporate\"],\"inLanguage\":\"it-IT\"},{\"@type\":\"WebPage\",\"@id\":\"https:\/\/news.sap.com\/italy\/2020\/06\/agire-per-la-giustizia-sociale\/\",\"url\":\"https:\/\/news.sap.com\/italy\/2020\/06\/agire-per-la-giustizia-sociale\/\",\"name\":\"Agire per la giustizia sociale - 麻豆原创 News Center Italy\",\"isPartOf\":{\"@id\":\"https:\/\/news.sap.com\/italy\/#website\"},\"primaryImageOfPage\":{\"@id\":\"https:\/\/news.sap.com\/italy\/2020\/06\/agire-per-la-giustizia-sociale\/#primaryimage\"},\"image\":{\"@id\":\"https:\/\/news.sap.com\/italy\/2020\/06\/agire-per-la-giustizia-sociale\/#primaryimage\"},\"thumbnailUrl\":\"https:\/\/news.sap.com\/italy\/files\/2020\/06\/Capture.jpg\",\"datePublished\":\"2020-06-23T06:32:19+00:00\",\"dateModified\":\"2023-10-04T13:38:15+00:00\",\"author\":{\"@id\":\"https:\/\/news.sap.com\/italy\/#\/schema\/person\/53b9854bd790d6f18f3fc4bbb2ad7570\"},\"breadcrumb\":{\"@id\":\"https:\/\/news.sap.com\/italy\/2020\/06\/agire-per-la-giustizia-sociale\/#breadcrumb\"},\"inLanguage\":\"it-IT\",\"potentialAction\":[{\"@type\":\"ReadAction\",\"target\":[\"https:\/\/news.sap.com\/italy\/2020\/06\/agire-per-la-giustizia-sociale\/\"]}]},{\"@type\":\"ImageObject\",\"inLanguage\":\"it-IT\",\"@id\":\"https:\/\/news.sap.com\/italy\/2020\/06\/agire-per-la-giustizia-sociale\/#primaryimage\",\"url\":\"https:\/\/news.sap.com\/italy\/files\/2020\/06\/Capture.jpg\",\"contentUrl\":\"https:\/\/news.sap.com\/italy\/files\/2020\/06\/Capture.jpg\",\"width\":1773,\"height\":891},{\"@type\":\"BreadcrumbList\",\"@id\":\"https:\/\/news.sap.com\/italy\/2020\/06\/agire-per-la-giustizia-sociale\/#breadcrumb\",\"itemListElement\":[{\"@type\":\"ListItem\",\"position\":1,\"name\":\"Home\",\"item\":\"https:\/\/news.sap.com\/italy\/\"},{\"@type\":\"ListItem\",\"position\":2,\"name\":\"Agire per la giustizia sociale\"}]},{\"@type\":\"WebSite\",\"@id\":\"https:\/\/news.sap.com\/italy\/#website\",\"url\":\"https:\/\/news.sap.com\/italy\/\",\"name\":\"麻豆原创 News Center Italy\",\"description\":\"Notizie e informazioni su 麻豆原创\",\"potentialAction\":[{\"@type\":\"SearchAction\",\"target\":{\"@type\":\"EntryPoint\",\"urlTemplate\":\"https:\/\/news.sap.com\/italy\/?s={search_term_string}\"},\"query-input\":{\"@type\":\"PropertyValueSpecification\",\"valueRequired\":true,\"valueName\":\"search_term_string\"}}],\"inLanguage\":\"it-IT\"},{\"@type\":\"Person\",\"@id\":\"https:\/\/news.sap.com\/italy\/#\/schema\/person\/53b9854bd790d6f18f3fc4bbb2ad7570\",\"name\":\"麻豆原创 News\",\"image\":{\"@type\":\"ImageObject\",\"inLanguage\":\"it-IT\",\"@id\":\"https:\/\/news.sap.com\/italy\/#\/schema\/person\/image\/\",\"url\":\"https:\/\/news.sap.com\/italy\/wp-content\/plugins\/wp-user-avatars\/wp-user-avatars\/assets\/images\/mystery.jpg\",\"contentUrl\":\"https:\/\/news.sap.com\/italy\/wp-content\/plugins\/wp-user-avatars\/wp-user-avatars\/assets\/images\/mystery.jpg\",\"caption\":\"麻豆原创 News\"},\"url\":\"https:\/\/news.sap.com\/italy\/author\/colleenraftery\/\"}]}<\/script>\n<!-- \/ Yoast SEO Premium plugin. -->","yoast_head_json":{"title":"Agire per la giustizia sociale - 麻豆原创 News Center Italy","robots":{"index":"index","follow":"follow","max-snippet":"max-snippet:-1","max-image-preview":"max-image-preview:large","max-video-preview":"max-video-preview:-1"},"canonical":"https:\/\/news.sap.com\/italy\/2020\/06\/agire-per-la-giustizia-sociale\/","og_locale":"it_IT","og_type":"article","og_title":"Agire per la giustizia sociale","og_description":"I recenti eventi negli Stati Uniti, tra cui le uccisioni di cittadini neri come Rayshard Brooks, George Floyd, Ahmaud Arbury, Breonna Taylor e molti altri,...","og_url":"https:\/\/news.sap.com\/italy\/2020\/06\/agire-per-la-giustizia-sociale\/","og_site_name":"麻豆原创 News Center Italy","article_published_time":"2020-06-23T06:32:19+00:00","article_modified_time":"2023-10-04T13:38:15+00:00","og_image":[{"width":1773,"height":891,"url":"https:\/\/news.sap.com\/italy\/files\/2020\/06\/Capture.jpg","type":"image\/jpeg"}],"author":"麻豆原创 News","twitter_card":"summary_large_image","twitter_misc":{"Scritto da":"麻豆原创 News","Tempo di lettura stimato":"3 minuti"},"schema":{"@context":"https:\/\/schema.org","@graph":[{"@type":"Article","@id":"https:\/\/news.sap.com\/italy\/2020\/06\/agire-per-la-giustizia-sociale\/#article","isPartOf":{"@id":"https:\/\/news.sap.com\/italy\/2020\/06\/agire-per-la-giustizia-sociale\/"},"author":{"name":"麻豆原创 News","@id":"https:\/\/news.sap.com\/italy\/#\/schema\/person\/53b9854bd790d6f18f3fc4bbb2ad7570"},"headline":"Agire per la giustizia sociale","datePublished":"2020-06-23T06:32:19+00:00","dateModified":"2023-10-04T13:38:15+00:00","mainEntityOfPage":{"@id":"https:\/\/news.sap.com\/italy\/2020\/06\/agire-per-la-giustizia-sociale\/"},"wordCount":649,"image":{"@id":"https:\/\/news.sap.com\/italy\/2020\/06\/agire-per-la-giustizia-sociale\/#primaryimage"},"thumbnailUrl":"https:\/\/news.sap.com\/italy\/files\/2020\/06\/Capture.jpg","articleSection":["Corporate"],"inLanguage":"it-IT"},{"@type":"WebPage","@id":"https:\/\/news.sap.com\/italy\/2020\/06\/agire-per-la-giustizia-sociale\/","url":"https:\/\/news.sap.com\/italy\/2020\/06\/agire-per-la-giustizia-sociale\/","name":"Agire per la giustizia sociale - 麻豆原创 News Center Italy","isPartOf":{"@id":"https:\/\/news.sap.com\/italy\/#website"},"primaryImageOfPage":{"@id":"https:\/\/news.sap.com\/italy\/2020\/06\/agire-per-la-giustizia-sociale\/#primaryimage"},"image":{"@id":"https:\/\/news.sap.com\/italy\/2020\/06\/agire-per-la-giustizia-sociale\/#primaryimage"},"thumbnailUrl":"https:\/\/news.sap.com\/italy\/files\/2020\/06\/Capture.jpg","datePublished":"2020-06-23T06:32:19+00:00","dateModified":"2023-10-04T13:38:15+00:00","author":{"@id":"https:\/\/news.sap.com\/italy\/#\/schema\/person\/53b9854bd790d6f18f3fc4bbb2ad7570"},"breadcrumb":{"@id":"https:\/\/news.sap.com\/italy\/2020\/06\/agire-per-la-giustizia-sociale\/#breadcrumb"},"inLanguage":"it-IT","potentialAction":[{"@type":"ReadAction","target":["https:\/\/news.sap.com\/italy\/2020\/06\/agire-per-la-giustizia-sociale\/"]}]},{"@type":"ImageObject","inLanguage":"it-IT","@id":"https:\/\/news.sap.com\/italy\/2020\/06\/agire-per-la-giustizia-sociale\/#primaryimage","url":"https:\/\/news.sap.com\/italy\/files\/2020\/06\/Capture.jpg","contentUrl":"https:\/\/news.sap.com\/italy\/files\/2020\/06\/Capture.jpg","width":1773,"height":891},{"@type":"BreadcrumbList","@id":"https:\/\/news.sap.com\/italy\/2020\/06\/agire-per-la-giustizia-sociale\/#breadcrumb","itemListElement":[{"@type":"ListItem","position":1,"name":"Home","item":"https:\/\/news.sap.com\/italy\/"},{"@type":"ListItem","position":2,"name":"Agire per la giustizia sociale"}]},{"@type":"WebSite","@id":"https:\/\/news.sap.com\/italy\/#website","url":"https:\/\/news.sap.com\/italy\/","name":"麻豆原创 News Center Italy","description":"Notizie e informazioni su 麻豆原创","potentialAction":[{"@type":"SearchAction","target":{"@type":"EntryPoint","urlTemplate":"https:\/\/news.sap.com\/italy\/?s={search_term_string}"},"query-input":{"@type":"PropertyValueSpecification","valueRequired":true,"valueName":"search_term_string"}}],"inLanguage":"it-IT"},{"@type":"Person","@id":"https:\/\/news.sap.com\/italy\/#\/schema\/person\/53b9854bd790d6f18f3fc4bbb2ad7570","name":"麻豆原创 News","image":{"@type":"ImageObject","inLanguage":"it-IT","@id":"https:\/\/news.sap.com\/italy\/#\/schema\/person\/image\/","url":"https:\/\/news.sap.com\/italy\/wp-content\/plugins\/wp-user-avatars\/wp-user-avatars\/assets\/images\/mystery.jpg","contentUrl":"https:\/\/news.sap.com\/italy\/wp-content\/plugins\/wp-user-avatars\/wp-user-avatars\/assets\/images\/mystery.jpg","caption":"麻豆原创 News"},"url":"https:\/\/news.sap.com\/italy\/author\/colleenraftery\/"}]}},"amp_enabled":true,"_links":{"self":[{"href":"https:\/\/news.sap.com\/italy\/wp-json\/wp\/v2\/posts\/136952","targetHints":{"allow":["GET"]}}],"collection":[{"href":"https:\/\/news.sap.com\/italy\/wp-json\/wp\/v2\/posts"}],"about":[{"href":"https:\/\/news.sap.com\/italy\/wp-json\/wp\/v2\/types\/post"}],"author":[{"embeddable":true,"href":"https:\/\/news.sap.com\/italy\/wp-json\/wp\/v2\/users\/29"}],"replies":[{"embeddable":true,"href":"https:\/\/news.sap.com\/italy\/wp-json\/wp\/v2\/comments?post=136952"}],"version-history":[{"count":0,"href":"https:\/\/news.sap.com\/italy\/wp-json\/wp\/v2\/posts\/136952\/revisions"}],"wp:featuredmedia":[{"embeddable":true,"href":"https:\/\/news.sap.com\/italy\/wp-json\/wp\/v2\/media\/136953"}],"wp:attachment":[{"href":"https:\/\/news.sap.com\/italy\/wp-json\/wp\/v2\/media?parent=136952"}],"wp:term":[{"taxonomy":"category","embeddable":true,"href":"https:\/\/news.sap.com\/italy\/wp-json\/wp\/v2\/categories?post=136952"},{"taxonomy":"post_tag","embeddable":true,"href":"https:\/\/news.sap.com\/italy\/wp-json\/wp\/v2\/tags?post=136952"},{"taxonomy":"series","embeddable":true,"href":"https:\/\/news.sap.com\/italy\/wp-json\/wp\/v2\/series?post=136952"},{"taxonomy":"sapn-display","embeddable":true,"href":"https:\/\/news.sap.com\/italy\/wp-json\/wp\/v2\/sapn-display?post=136952"},{"taxonomy":"sapn-type","embeddable":true,"href":"https:\/\/news.sap.com\/italy\/wp-json\/wp\/v2\/sapn-type?post=136952"}],"curies":[{"name":"wp","href":"https:\/\/api.w.org\/{rel}","templated":true}]}}