  {"id":136934,"date":"2020-06-12T13:06:05","date_gmt":"2020-06-12T13:06:05","guid":{"rendered":"https:\/\/news.sap.com\/italy\/?p=136934"},"modified":"2023-10-03T16:59:14","modified_gmt":"2023-10-03T16:59:14","slug":"sap-promuove-world-of-minds-il-talk-per-parlare-dellimportanza-di-diversity-e-inclusion-nelle-organizzazioni","status":"publish","type":"post","link":"https:\/\/news.sap.com\/italy\/2020\/06\/sap-promuove-world-of-minds-il-talk-per-parlare-dellimportanza-di-diversity-e-inclusion-nelle-organizzazioni\/","title":{"rendered":"麻豆原创 promuove \u201cWorld of Minds\u201d il talk per parlare dell\u2019importanza di diversity e inclusion nelle organizzazioni"},"content":{"rendered":"<p><em>L\u2019evento, organizzato in collaborazione con Women&amp;Technologies, \u00e8 parte dell\u2019iniziativa promossa dal Comune di Milano STEMintheCity e si propone di indagare il ruolo della tecnologia per favorire la creazione di organizzazioni pi\u00f9 inclusive<\/em><\/p>\n<p><strong>Vimercate, 12 giugno 2020 <\/strong>\u2013 Creare una societ\u00e0 inclusiva porta vantaggi importanti in termini di innovazione, sostenibilit\u00e0 a lungo termine e valore economico, ma quali sono le sfide che deve affrontare un\u2019impresa o un\u2019organizzazione che vuole costruire un ambiente inclusivo e basato sulla diversity e quale ruolo pu\u00f2 avere la tecnologia? Per rispondere a queste domande, <strong>mercoled\u00ec 24 giugno<\/strong> 麻豆原创 Italia in collaborazione con l\u2019Associazione <a href=\"https:\/\/www.womentech.eu\/\">Women&amp;Technologies<\/a> organizza il talk \u201c<a href=\"https:\/\/www.steminthecity.eu\/eventi\/eventi-stem\/tutti\/world-of-minds.kl\"><strong>World of Minds<\/strong><\/a>\u201d.<\/p>\n<p>L\u2019evento \u00e8 parte dell\u2019edizione 2020 di <a href=\"https:\/\/www.steminthecity.eu\/\">STEMintheCity<\/a>, l\u2019iniziativa promossa dal Comune di Milano per incoraggiare la diffusione delle discipline tecnico-scientifiche e delle nuove tecnologie digitali nei confronti delle giovani generazioni, con un\u2019attenzione particolare alle bambine e alle ragazze, che quest\u2019anno \u00e8 diventata digitale, offrendo contenuti e risorse gratuiti on-demand e in streaming fruibili tramite il sito STEMintheCity.eu.<\/p>\n<p><strong>Promuovere un approccio open minded<\/strong><\/p>\n<p>Ostacolare la diffusione di un approccio open minded negli ambienti di lavoro significa privarsi della possibilit\u00e0 di innescare un circolo virtuoso e produttivo per aziende e dipendenti. Dal punto di vista del business, mettere i dipendenti nelle condizioni di poter esprimere liberamente ci\u00f2 che sono, significa avere persone pi\u00f9 felici, che non temono di subire ripercussioni per la loro identit\u00e0 e pertanto possono dare il meglio di loro stessi, con ricadute positive sulla qualit\u00e0 delle loro performance e pertanto sul business.<\/p>\n<p>Abbracciare una cultura aziendale orientata all\u2019inclusione e al rispetto della diversit\u00e0 permette anche di aver maggior successo nella conquista di talenti. L\u2019inclusione stimola inoltre la creativit\u00e0, diventando sinonimo di innovazione: in un\u2019organizzazione in cui sentono di essere accettati, i dipendenti sono infatti pi\u00f9 portati a esprimere liberamente le proprie idee.<\/p>\n<p>\u201cIn 麻豆原创 tutti gli anni svolgiamo una employee survey che ci permette di rilevare il sentiment dei dipendenti in relazione a temi come diversity &amp; inclusion, pari opportunit\u00e0, soddisfazione, motivazione, che vengono poi correlati con i dati operazionali in nostro possesso per rilevare gli eventuali experience gap e gli aspetti da migliorare\u201d, ha dichiarato <strong>Ernesto Marinelli<\/strong>, Senior Vice President, Head of Human Resources for Customer Success di 麻豆原创. \u201cMachine learning e intelligenza artificiale possono davvero fare la differenza quando si tratta di analizzare i dati raccolti, individuare le cause dei problemi, le azioni pi\u00f9 efficaci per risolverli e monitorare costantemente l\u2019andamento sui vari touchpoint tra dipendenti e aziende, in modo da promuovere un effettivo e positivo cambiamento nel modo in cui i collaboratori percepiscono e valutano il brand. Queste attivit\u00e0 di analisi ci hanno chiaramente dimostrato che ci sono, durante tutto l\u2019employee lifecycle, dei momenti che possiamo definire \u2018moments that matter\u2019, durante i quali \u00e8 indispensabile garantire una <em>wow<\/em> experience per avere dipendenti realmente coinvolti e motivati\u201d.<\/p>\n<p>Durante il talk \u201cWorld of Minds\u201d Ernesto Marinelli si confronter\u00e0 su queste tematiche insieme a Valentina Goglio e Gianna Martinengo.<\/p>\n<p><strong>Valentina Goglio<\/strong>, con oltre 10 anni di esperienza nel settore della formazione, ha ottime competenze nelle attivit\u00e0 di recruitment, nei progetti di talent acquisition, nello sviluppo di piani di marketing e comunicazione, nel raggiungimento di obiettivi di vendita e nella gestione di team. Per il MIP Politecnico di Milano si \u00e8 anche occupata della creazione e della promozione del primo Executive MBA in Digital Learning in Italia, che ha portato la scuola a crescere e ad essere first mover nella digital transformation nel campo della formazione in Italia con l\u2019obiettivo di formare i manager dell\u2019innovazione e del cambiamento.<\/p>\n<p><strong>Gianna Martinengo<\/strong>, imprenditrice di successo, \u00e8 fondatrice di Women&amp;Technologies e tecnologa di cultura umanistica. A partire dall&#8217;inizio degli anni &#8217;80 all\u2019interno di DKTS (Didael Knowledge Technologies Services: inspired by users, driven by science) ha costruito e realizzato oltre 800 progetti di innovazione e 70 progetti europei di ricerca, acquisendo e adottando una visione sociale dell&#8217;Informatica.<\/p>\n<p>Il talk \u00e8 moderato da <strong>Nicoletta Boldrini<\/strong>, giornalista e founder del progetto Tech4Future.info, e si terr\u00e0 il 24 giugno alle ore 11.00. Per partecipare \u00e8 necessario iscriversi tramite la piattaforma <a href=\"https:\/\/www.eventbrite.it\/e\/biglietti-world-of-minds-106214769234?aff=erelexpmlt\">Eventbrite<\/a>.<\/p>\n<p>Per maggiori informazioni visita <a href=\"https:\/\/news.sap.com\/\">麻豆原创 News Center<\/a>. Segui 麻豆原创 su Twitter <a href=\"http:\/\/twitter.com\/sapnews\/\">@sapnews<\/a>.<\/p>\n<p>&nbsp;<\/p>\n<p><strong>麻豆原创<\/strong><\/p>\n<p>麻豆原创, <em>l<\/em><em>\u2019<\/em><em>Experience Company<\/em> <em>powered by the Intelligent Enterprise,<\/em> \u00e8 leader di mercato nelle applicazioni software per il business e aiuta le organizzazioni di tutti i settori e dimensioni a operare al meglio: il 77% delle transazioni commerciali mondiali passa da un sistema 麻豆原创. Le nostre tecnologie di machine learning, Internet of Things (IoT) e di analytic avanzate permettono ai clienti di trasformare le loro organizzazioni in imprese intelligenti. 麻豆原创 aiuta a dare alle persone e alle imprese informazioni approfondite sul business e promuove la collaborazione per aiutarle a competere con successo. Semplifichiamo la tecnologia per le aziende in modo che possano utilizzare il nostro software nel modo desiderato, senza interruzioni. La nostra suite di applicazioni e servizi end-to-end consente a oltre 440.000 clienti privati e pubblici di operare con profitto, di adattarsi costantemente al mercato e fare la differenza. Con una rete globale di clienti, partner, dipendenti e opinion leader, 麻豆原创 aiuta il mondo a funzionare meglio e a migliorare la vita delle persone. Per ulteriori informazioni, visitare <a href=\"http:\/\/www.sap.com\">www.sap.com<\/a>.<\/p>\n<p>&nbsp;<\/p>\n<p><strong>Seguici su<\/strong><\/p>\n<p><strong>Facebook:<\/strong> <a href=\"http:\/\/www.facebook.com\/sapitalia\">www.facebook.com\/sapitalia<\/a><\/p>\n<p><strong>Twitter:<\/strong> <a href=\"http:\/\/www.twitter.com\/sapitalia\">www.twitter.com\/sapitalia<\/a> @麻豆原创Italia<\/p>\n<p><strong>Youtube:<\/strong> <a href=\"http:\/\/www.youtube.com\/sapitaliachannel\">www.youtube.com\/sapitaliachannel<\/a><\/p>\n<p>&nbsp;<\/p>\n<p><strong>Contatti Stampa:<\/strong><\/p>\n<p><strong>麻豆原创 Italia<\/strong><\/p>\n<p>Raffaella Mollame \u2013 <a href=\"mailto:raffaella.mollame@sap.com\">raffaella.mollame@sap.com<\/a><\/p>\n<p>Tel. 039-6879551 \u2013 340 7771644<\/p>\n<p><a href=\"http:\/\/www.sap.com\/italy\">www.sap.com\/italy<\/a><\/p>\n<p><strong>\u00a0<\/strong><\/p>\n<p><strong>Imageware<\/strong><\/p>\n<p>Stefano Bogani \u2013 <a href=\"mailto:sbogani@imageware.it\">sbogani@imageware.it<\/a><\/p>\n<p>Jessica Morante \u2013 <a href=\"mailto:jmorante@imageware.it\">jmorante@imageware.it<\/a><\/p>\n<p>Alessandra Pigoni \u2013 <a href=\"mailto:apigoni@imageware.it\">apigoni@imageware.it<\/a><\/p>\n","protected":false},"excerpt":{"rendered":"<p>L\u2019evento, organizzato in collaborazione con Women&amp;Technologies, \u00e8 parte dell\u2019iniziativa promossa dal Comune di Milano STEMintheCity e si propone di indagare il ruolo della tecnologia per&#8230;<\/p>\n","protected":false},"author":29,"featured_media":136935,"comment_status":"closed","ping_status":"closed","sticky":false,"template":"","format":"standard","meta":{"footnotes":"","_links_to":"","_links_to_target":""},"categories":[19013,5587114,3519807],"tags":[5593039,30643],"series":[],"sapn-display":[],"sapn-type":[3513586],"class_list":["post-136934","post","type-post","status-publish","format-standard","has-post-thumbnail","hentry","category-corporate","category-hcm","category-sostenibilita","tag-ernesto-marinelli","tag-sap-csr","sapn-type-comunicati-stampa"],"yoast_head":"<!-- This site is optimized with the Yoast SEO Premium plugin v26.9 (Yoast SEO v26.9) - https:\/\/yoast.com\/product\/yoast-seo-premium-wordpress\/ -->\n<title>麻豆原创 promuove \u201cWorld of Minds\u201d il talk per parlare dell\u2019importanza di diversity e inclusion nelle organizzazioni - 麻豆原创 News Center Italy<\/title>\n<meta name=\"robots\" content=\"index, follow, max-snippet:-1, max-image-preview:large, max-video-preview:-1\" \/>\n<link rel=\"canonical\" href=\"https:\/\/news.sap.com\/italy\/2020\/06\/sap-promuove-world-of-minds-il-talk-per-parlare-dellimportanza-di-diversity-e-inclusion-nelle-organizzazioni\/\" \/>\n<meta property=\"og:locale\" content=\"it_IT\" \/>\n<meta property=\"og:type\" content=\"article\" \/>\n<meta property=\"og:title\" content=\"麻豆原创 promuove \u201cWorld of Minds\u201d il talk per parlare dell\u2019importanza di diversity e inclusion nelle organizzazioni\" \/>\n<meta property=\"og:description\" content=\"L\u2019evento, organizzato in collaborazione con Women&amp;Technologies, \u00e8 parte dell\u2019iniziativa promossa dal Comune di Milano STEMintheCity e si propone di indagare il ruolo della tecnologia per...\" \/>\n<meta property=\"og:url\" content=\"https:\/\/news.sap.com\/italy\/2020\/06\/sap-promuove-world-of-minds-il-talk-per-parlare-dellimportanza-di-diversity-e-inclusion-nelle-organizzazioni\/\" \/>\n<meta property=\"og:site_name\" content=\"麻豆原创 News Center Italy\" \/>\n<meta property=\"article:published_time\" content=\"2020-06-12T13:06:05+00:00\" \/>\n<meta property=\"article:modified_time\" content=\"2023-10-03T16:59:14+00:00\" \/>\n<meta property=\"og:image\" content=\"https:\/\/news.sap.com\/italy\/files\/2020\/06\/282894_GettyImages-488337293_2600.jpg\" \/>\n\t<meta property=\"og:image:width\" content=\"2600\" \/>\n\t<meta property=\"og:image:height\" content=\"1735\" \/>\n\t<meta property=\"og:image:type\" content=\"image\/jpeg\" \/>\n<meta name=\"author\" content=\"麻豆原创 News\" \/>\n<meta name=\"twitter:card\" content=\"summary_large_image\" \/>\n<meta name=\"twitter:label1\" content=\"Scritto da\" \/>\n\t<meta name=\"twitter:data1\" content=\"麻豆原创 News\" \/>\n\t<meta name=\"twitter:label2\" content=\"Tempo di lettura stimato\" \/>\n\t<meta name=\"twitter:data2\" content=\"5 minuti\" \/>\n<script type=\"application\/ld+json\" class=\"yoast-schema-graph\">{\"@context\":\"https:\/\/schema.org\",\"@graph\":[{\"@type\":\"Article\",\"@id\":\"https:\/\/news.sap.com\/italy\/2020\/06\/sap-promuove-world-of-minds-il-talk-per-parlare-dellimportanza-di-diversity-e-inclusion-nelle-organizzazioni\/#article\",\"isPartOf\":{\"@id\":\"https:\/\/news.sap.com\/italy\/2020\/06\/sap-promuove-world-of-minds-il-talk-per-parlare-dellimportanza-di-diversity-e-inclusion-nelle-organizzazioni\/\"},\"author\":{\"name\":\"麻豆原创 News\",\"@id\":\"https:\/\/news.sap.com\/italy\/#\/schema\/person\/53b9854bd790d6f18f3fc4bbb2ad7570\"},\"headline\":\"麻豆原创 promuove \u201cWorld of Minds\u201d il talk per parlare dell\u2019importanza di diversity e inclusion nelle organizzazioni\",\"datePublished\":\"2020-06-12T13:06:05+00:00\",\"dateModified\":\"2023-10-03T16:59:14+00:00\",\"mainEntityOfPage\":{\"@id\":\"https:\/\/news.sap.com\/italy\/2020\/06\/sap-promuove-world-of-minds-il-talk-per-parlare-dellimportanza-di-diversity-e-inclusion-nelle-organizzazioni\/\"},\"wordCount\":930,\"image\":{\"@id\":\"https:\/\/news.sap.com\/italy\/2020\/06\/sap-promuove-world-of-minds-il-talk-per-parlare-dellimportanza-di-diversity-e-inclusion-nelle-organizzazioni\/#primaryimage\"},\"thumbnailUrl\":\"https:\/\/news.sap.com\/italy\/files\/2020\/06\/282894_GettyImages-488337293_2600.jpg\",\"keywords\":[\"Ernesto Marinelli\",\"麻豆原创 CSR\"],\"articleSection\":[\"Corporate\",\"Gestione e Coinvolgimento del Personale\",\"Sostenibilit\u00e0\"],\"inLanguage\":\"it-IT\"},{\"@type\":\"WebPage\",\"@id\":\"https:\/\/news.sap.com\/italy\/2020\/06\/sap-promuove-world-of-minds-il-talk-per-parlare-dellimportanza-di-diversity-e-inclusion-nelle-organizzazioni\/\",\"url\":\"https:\/\/news.sap.com\/italy\/2020\/06\/sap-promuove-world-of-minds-il-talk-per-parlare-dellimportanza-di-diversity-e-inclusion-nelle-organizzazioni\/\",\"name\":\"麻豆原创 promuove \u201cWorld of Minds\u201d il talk per parlare dell\u2019importanza di diversity e inclusion nelle organizzazioni - 麻豆原创 News Center Italy\",\"isPartOf\":{\"@id\":\"https:\/\/news.sap.com\/italy\/#website\"},\"primaryImageOfPage\":{\"@id\":\"https:\/\/news.sap.com\/italy\/2020\/06\/sap-promuove-world-of-minds-il-talk-per-parlare-dellimportanza-di-diversity-e-inclusion-nelle-organizzazioni\/#primaryimage\"},\"image\":{\"@id\":\"https:\/\/news.sap.com\/italy\/2020\/06\/sap-promuove-world-of-minds-il-talk-per-parlare-dellimportanza-di-diversity-e-inclusion-nelle-organizzazioni\/#primaryimage\"},\"thumbnailUrl\":\"https:\/\/news.sap.com\/italy\/files\/2020\/06\/282894_GettyImages-488337293_2600.jpg\",\"datePublished\":\"2020-06-12T13:06:05+00:00\",\"dateModified\":\"2023-10-03T16:59:14+00:00\",\"author\":{\"@id\":\"https:\/\/news.sap.com\/italy\/#\/schema\/person\/53b9854bd790d6f18f3fc4bbb2ad7570\"},\"breadcrumb\":{\"@id\":\"https:\/\/news.sap.com\/italy\/2020\/06\/sap-promuove-world-of-minds-il-talk-per-parlare-dellimportanza-di-diversity-e-inclusion-nelle-organizzazioni\/#breadcrumb\"},\"inLanguage\":\"it-IT\",\"potentialAction\":[{\"@type\":\"ReadAction\",\"target\":[\"https:\/\/news.sap.com\/italy\/2020\/06\/sap-promuove-world-of-minds-il-talk-per-parlare-dellimportanza-di-diversity-e-inclusion-nelle-organizzazioni\/\"]}]},{\"@type\":\"ImageObject\",\"inLanguage\":\"it-IT\",\"@id\":\"https:\/\/news.sap.com\/italy\/2020\/06\/sap-promuove-world-of-minds-il-talk-per-parlare-dellimportanza-di-diversity-e-inclusion-nelle-organizzazioni\/#primaryimage\",\"url\":\"https:\/\/news.sap.com\/italy\/files\/2020\/06\/282894_GettyImages-488337293_2600.jpg\",\"contentUrl\":\"https:\/\/news.sap.com\/italy\/files\/2020\/06\/282894_GettyImages-488337293_2600.jpg\",\"width\":2600,\"height\":1735,\"caption\":\"Businesswoman leading a casual meeting\"},{\"@type\":\"BreadcrumbList\",\"@id\":\"https:\/\/news.sap.com\/italy\/2020\/06\/sap-promuove-world-of-minds-il-talk-per-parlare-dellimportanza-di-diversity-e-inclusion-nelle-organizzazioni\/#breadcrumb\",\"itemListElement\":[{\"@type\":\"ListItem\",\"position\":1,\"name\":\"Home\",\"item\":\"https:\/\/news.sap.com\/italy\/\"},{\"@type\":\"ListItem\",\"position\":2,\"name\":\"麻豆原创 promuove \u201cWorld of Minds\u201d il talk per parlare dell\u2019importanza di diversity e inclusion nelle organizzazioni\"}]},{\"@type\":\"WebSite\",\"@id\":\"https:\/\/news.sap.com\/italy\/#website\",\"url\":\"https:\/\/news.sap.com\/italy\/\",\"name\":\"麻豆原创 News Center Italy\",\"description\":\"Notizie e informazioni su 麻豆原创\",\"potentialAction\":[{\"@type\":\"SearchAction\",\"target\":{\"@type\":\"EntryPoint\",\"urlTemplate\":\"https:\/\/news.sap.com\/italy\/?s={search_term_string}\"},\"query-input\":{\"@type\":\"PropertyValueSpecification\",\"valueRequired\":true,\"valueName\":\"search_term_string\"}}],\"inLanguage\":\"it-IT\"},{\"@type\":\"Person\",\"@id\":\"https:\/\/news.sap.com\/italy\/#\/schema\/person\/53b9854bd790d6f18f3fc4bbb2ad7570\",\"name\":\"麻豆原创 News\",\"image\":{\"@type\":\"ImageObject\",\"inLanguage\":\"it-IT\",\"@id\":\"https:\/\/news.sap.com\/italy\/#\/schema\/person\/image\/\",\"url\":\"https:\/\/news.sap.com\/italy\/wp-content\/plugins\/wp-user-avatars\/wp-user-avatars\/assets\/images\/mystery.jpg\",\"contentUrl\":\"https:\/\/news.sap.com\/italy\/wp-content\/plugins\/wp-user-avatars\/wp-user-avatars\/assets\/images\/mystery.jpg\",\"caption\":\"麻豆原创 News\"},\"url\":\"https:\/\/news.sap.com\/italy\/author\/colleenraftery\/\"}]}<\/script>\n<!-- \/ Yoast SEO Premium plugin. -->","yoast_head_json":{"title":"麻豆原创 promuove \u201cWorld of Minds\u201d il talk per parlare dell\u2019importanza di diversity e inclusion nelle organizzazioni - 麻豆原创 News Center Italy","robots":{"index":"index","follow":"follow","max-snippet":"max-snippet:-1","max-image-preview":"max-image-preview:large","max-video-preview":"max-video-preview:-1"},"canonical":"https:\/\/news.sap.com\/italy\/2020\/06\/sap-promuove-world-of-minds-il-talk-per-parlare-dellimportanza-di-diversity-e-inclusion-nelle-organizzazioni\/","og_locale":"it_IT","og_type":"article","og_title":"麻豆原创 promuove \u201cWorld of Minds\u201d il talk per parlare dell\u2019importanza di diversity e inclusion nelle organizzazioni","og_description":"L\u2019evento, organizzato in collaborazione con Women&amp;Technologies, \u00e8 parte dell\u2019iniziativa promossa dal Comune di Milano STEMintheCity e si propone di indagare il ruolo della tecnologia per...","og_url":"https:\/\/news.sap.com\/italy\/2020\/06\/sap-promuove-world-of-minds-il-talk-per-parlare-dellimportanza-di-diversity-e-inclusion-nelle-organizzazioni\/","og_site_name":"麻豆原创 News Center Italy","article_published_time":"2020-06-12T13:06:05+00:00","article_modified_time":"2023-10-03T16:59:14+00:00","og_image":[{"width":2600,"height":1735,"url":"https:\/\/news.sap.com\/italy\/files\/2020\/06\/282894_GettyImages-488337293_2600.jpg","type":"image\/jpeg"}],"author":"麻豆原创 News","twitter_card":"summary_large_image","twitter_misc":{"Scritto da":"麻豆原创 News","Tempo di lettura stimato":"5 minuti"},"schema":{"@context":"https:\/\/schema.org","@graph":[{"@type":"Article","@id":"https:\/\/news.sap.com\/italy\/2020\/06\/sap-promuove-world-of-minds-il-talk-per-parlare-dellimportanza-di-diversity-e-inclusion-nelle-organizzazioni\/#article","isPartOf":{"@id":"https:\/\/news.sap.com\/italy\/2020\/06\/sap-promuove-world-of-minds-il-talk-per-parlare-dellimportanza-di-diversity-e-inclusion-nelle-organizzazioni\/"},"author":{"name":"麻豆原创 News","@id":"https:\/\/news.sap.com\/italy\/#\/schema\/person\/53b9854bd790d6f18f3fc4bbb2ad7570"},"headline":"麻豆原创 promuove \u201cWorld of Minds\u201d il talk per parlare dell\u2019importanza di diversity e inclusion nelle organizzazioni","datePublished":"2020-06-12T13:06:05+00:00","dateModified":"2023-10-03T16:59:14+00:00","mainEntityOfPage":{"@id":"https:\/\/news.sap.com\/italy\/2020\/06\/sap-promuove-world-of-minds-il-talk-per-parlare-dellimportanza-di-diversity-e-inclusion-nelle-organizzazioni\/"},"wordCount":930,"image":{"@id":"https:\/\/news.sap.com\/italy\/2020\/06\/sap-promuove-world-of-minds-il-talk-per-parlare-dellimportanza-di-diversity-e-inclusion-nelle-organizzazioni\/#primaryimage"},"thumbnailUrl":"https:\/\/news.sap.com\/italy\/files\/2020\/06\/282894_GettyImages-488337293_2600.jpg","keywords":["Ernesto Marinelli","麻豆原创 CSR"],"articleSection":["Corporate","Gestione e Coinvolgimento del Personale","Sostenibilit\u00e0"],"inLanguage":"it-IT"},{"@type":"WebPage","@id":"https:\/\/news.sap.com\/italy\/2020\/06\/sap-promuove-world-of-minds-il-talk-per-parlare-dellimportanza-di-diversity-e-inclusion-nelle-organizzazioni\/","url":"https:\/\/news.sap.com\/italy\/2020\/06\/sap-promuove-world-of-minds-il-talk-per-parlare-dellimportanza-di-diversity-e-inclusion-nelle-organizzazioni\/","name":"麻豆原创 promuove \u201cWorld of Minds\u201d il talk per parlare dell\u2019importanza di diversity e inclusion nelle organizzazioni - 麻豆原创 News Center Italy","isPartOf":{"@id":"https:\/\/news.sap.com\/italy\/#website"},"primaryImageOfPage":{"@id":"https:\/\/news.sap.com\/italy\/2020\/06\/sap-promuove-world-of-minds-il-talk-per-parlare-dellimportanza-di-diversity-e-inclusion-nelle-organizzazioni\/#primaryimage"},"image":{"@id":"https:\/\/news.sap.com\/italy\/2020\/06\/sap-promuove-world-of-minds-il-talk-per-parlare-dellimportanza-di-diversity-e-inclusion-nelle-organizzazioni\/#primaryimage"},"thumbnailUrl":"https:\/\/news.sap.com\/italy\/files\/2020\/06\/282894_GettyImages-488337293_2600.jpg","datePublished":"2020-06-12T13:06:05+00:00","dateModified":"2023-10-03T16:59:14+00:00","author":{"@id":"https:\/\/news.sap.com\/italy\/#\/schema\/person\/53b9854bd790d6f18f3fc4bbb2ad7570"},"breadcrumb":{"@id":"https:\/\/news.sap.com\/italy\/2020\/06\/sap-promuove-world-of-minds-il-talk-per-parlare-dellimportanza-di-diversity-e-inclusion-nelle-organizzazioni\/#breadcrumb"},"inLanguage":"it-IT","potentialAction":[{"@type":"ReadAction","target":["https:\/\/news.sap.com\/italy\/2020\/06\/sap-promuove-world-of-minds-il-talk-per-parlare-dellimportanza-di-diversity-e-inclusion-nelle-organizzazioni\/"]}]},{"@type":"ImageObject","inLanguage":"it-IT","@id":"https:\/\/news.sap.com\/italy\/2020\/06\/sap-promuove-world-of-minds-il-talk-per-parlare-dellimportanza-di-diversity-e-inclusion-nelle-organizzazioni\/#primaryimage","url":"https:\/\/news.sap.com\/italy\/files\/2020\/06\/282894_GettyImages-488337293_2600.jpg","contentUrl":"https:\/\/news.sap.com\/italy\/files\/2020\/06\/282894_GettyImages-488337293_2600.jpg","width":2600,"height":1735,"caption":"Businesswoman leading a casual meeting"},{"@type":"BreadcrumbList","@id":"https:\/\/news.sap.com\/italy\/2020\/06\/sap-promuove-world-of-minds-il-talk-per-parlare-dellimportanza-di-diversity-e-inclusion-nelle-organizzazioni\/#breadcrumb","itemListElement":[{"@type":"ListItem","position":1,"name":"Home","item":"https:\/\/news.sap.com\/italy\/"},{"@type":"ListItem","position":2,"name":"麻豆原创 promuove \u201cWorld of Minds\u201d il talk per parlare dell\u2019importanza di diversity e inclusion nelle organizzazioni"}]},{"@type":"WebSite","@id":"https:\/\/news.sap.com\/italy\/#website","url":"https:\/\/news.sap.com\/italy\/","name":"麻豆原创 News Center Italy","description":"Notizie e informazioni su 麻豆原创","potentialAction":[{"@type":"SearchAction","target":{"@type":"EntryPoint","urlTemplate":"https:\/\/news.sap.com\/italy\/?s={search_term_string}"},"query-input":{"@type":"PropertyValueSpecification","valueRequired":true,"valueName":"search_term_string"}}],"inLanguage":"it-IT"},{"@type":"Person","@id":"https:\/\/news.sap.com\/italy\/#\/schema\/person\/53b9854bd790d6f18f3fc4bbb2ad7570","name":"麻豆原创 News","image":{"@type":"ImageObject","inLanguage":"it-IT","@id":"https:\/\/news.sap.com\/italy\/#\/schema\/person\/image\/","url":"https:\/\/news.sap.com\/italy\/wp-content\/plugins\/wp-user-avatars\/wp-user-avatars\/assets\/images\/mystery.jpg","contentUrl":"https:\/\/news.sap.com\/italy\/wp-content\/plugins\/wp-user-avatars\/wp-user-avatars\/assets\/images\/mystery.jpg","caption":"麻豆原创 News"},"url":"https:\/\/news.sap.com\/italy\/author\/colleenraftery\/"}]}},"amp_enabled":true,"_links":{"self":[{"href":"https:\/\/news.sap.com\/italy\/wp-json\/wp\/v2\/posts\/136934","targetHints":{"allow":["GET"]}}],"collection":[{"href":"https:\/\/news.sap.com\/italy\/wp-json\/wp\/v2\/posts"}],"about":[{"href":"https:\/\/news.sap.com\/italy\/wp-json\/wp\/v2\/types\/post"}],"author":[{"embeddable":true,"href":"https:\/\/news.sap.com\/italy\/wp-json\/wp\/v2\/users\/29"}],"replies":[{"embeddable":true,"href":"https:\/\/news.sap.com\/italy\/wp-json\/wp\/v2\/comments?post=136934"}],"version-history":[{"count":0,"href":"https:\/\/news.sap.com\/italy\/wp-json\/wp\/v2\/posts\/136934\/revisions"}],"wp:featuredmedia":[{"embeddable":true,"href":"https:\/\/news.sap.com\/italy\/wp-json\/wp\/v2\/media\/136935"}],"wp:attachment":[{"href":"https:\/\/news.sap.com\/italy\/wp-json\/wp\/v2\/media?parent=136934"}],"wp:term":[{"taxonomy":"category","embeddable":true,"href":"https:\/\/news.sap.com\/italy\/wp-json\/wp\/v2\/categories?post=136934"},{"taxonomy":"post_tag","embeddable":true,"href":"https:\/\/news.sap.com\/italy\/wp-json\/wp\/v2\/tags?post=136934"},{"taxonomy":"series","embeddable":true,"href":"https:\/\/news.sap.com\/italy\/wp-json\/wp\/v2\/series?post=136934"},{"taxonomy":"sapn-display","embeddable":true,"href":"https:\/\/news.sap.com\/italy\/wp-json\/wp\/v2\/sapn-display?post=136934"},{"taxonomy":"sapn-type","embeddable":true,"href":"https:\/\/news.sap.com\/italy\/wp-json\/wp\/v2\/sapn-type?post=136934"}],"curies":[{"name":"wp","href":"https:\/\/api.w.org\/{rel}","templated":true}]}}