  {"id":45311,"count":8,"description":"Der Fachkr\u00e4ftemangel ist zurzeit in aller Munde und Unternehmen suchen verschiedene Auswege aus diesem Dilemma. Sie k\u00e4mpfen mit flexiblen Arbeitszeitmodellen und attraktiven Fortbildungsm\u00f6glichkeiten um qualifizierte Arbeitskr\u00e4fte. Sie suchen neue Wege, Personal zu akquirieren, ob im Ausland oder \u00fcber Social Media, um die sogenannte Generation Y, die \u201eDigital Natives\u201c, auf ihren eigenen Kan\u00e4len zu erreichen. Der \u201eMismatch\u201c von Arbeitskr\u00e4ften und Stellen wird auf verschiedene Faktoren zur\u00fcckgef\u00fchrt, so zum Beispiel auf den demografischen Wandel und die Abwanderung von passenden Arbeitskr\u00e4ften ins Ausland.   ","link":"https:\/\/news.sap.com\/germany\/tags\/fachkraftemangel\/","name":"Fachkr\u00e4ftemangel","slug":"fachkraftemangel","taxonomy":"post_tag","meta":[],"yoast_head":"<!-- This site is optimized with the Yoast SEO Premium plugin v26.9 (Yoast SEO v26.9) - https:\/\/yoast.com\/product\/yoast-seo-premium-wordpress\/ -->\n<title>Fachkr\u00e4ftemangel Archiv | 麻豆原创 News Center<\/title>\n<meta name=\"robots\" content=\"index, follow, max-snippet:-1, max-image-preview:large, max-video-preview:-1\" \/>\n<link rel=\"canonical\" href=\"https:\/\/news.sap.com\/germany\/tags\/fachkraftemangel\/\" \/>\n<meta property=\"og:locale\" content=\"de_DE\" \/>\n<meta property=\"og:type\" content=\"article\" \/>\n<meta property=\"og:title\" content=\"Fachkr\u00e4ftemangel Archive\" \/>\n<meta property=\"og:description\" content=\"Der Fachkr\u00e4ftemangel ist zurzeit in aller Munde und Unternehmen suchen verschiedene Auswege aus diesem Dilemma. Sie k\u00e4mpfen mit flexiblen Arbeitszeitmodellen und attraktiven Fortbildungsm\u00f6glichkeiten um qualifizierte Arbeitskr\u00e4fte. Sie suchen neue Wege, Personal zu akquirieren, ob im Ausland oder \u00fcber Social Media, um die sogenannte Generation Y, die \u201eDigital Natives\u201c, auf ihren eigenen Kan\u00e4len zu erreichen. Der \u201eMismatch\u201c von Arbeitskr\u00e4ften und Stellen wird auf verschiedene Faktoren zur\u00fcckgef\u00fchrt, so zum Beispiel auf den demografischen Wandel und die Abwanderung von passenden Arbeitskr\u00e4ften ins Ausland.\" \/>\n<meta property=\"og:url\" content=\"https:\/\/news.sap.com\/germany\/tags\/fachkraftemangel\/\" \/>\n<meta property=\"og:site_name\" content=\"麻豆原创 News Center\" \/>\n<meta name=\"twitter:card\" content=\"summary_large_image\" \/>\n<meta name=\"twitter:site\" content=\"@麻豆原创dach\" \/>\n<script type=\"application\/ld+json\" class=\"yoast-schema-graph\">{\"@context\":\"https:\/\/schema.org\",\"@graph\":[{\"@type\":\"CollectionPage\",\"@id\":\"https:\/\/news.sap.com\/germany\/tags\/fachkraftemangel\/\",\"url\":\"https:\/\/news.sap.com\/germany\/tags\/fachkraftemangel\/\",\"name\":\"Fachkr\u00e4ftemangel Archiv | 麻豆原创 News Center\",\"isPartOf\":{\"@id\":\"https:\/\/news.sap.com\/germany\/#website\"},\"breadcrumb\":{\"@id\":\"https:\/\/news.sap.com\/germany\/tags\/fachkraftemangel\/#breadcrumb\"},\"inLanguage\":\"de\"},{\"@type\":\"BreadcrumbList\",\"@id\":\"https:\/\/news.sap.com\/germany\/tags\/fachkraftemangel\/#breadcrumb\",\"itemListElement\":[{\"@type\":\"ListItem\",\"position\":1,\"name\":\"Home\",\"item\":\"https:\/\/news.sap.com\/germany\/\"},{\"@type\":\"ListItem\",\"position\":2,\"name\":\"Fachkr\u00e4ftemangel\"}]},{\"@type\":\"WebSite\",\"@id\":\"https:\/\/news.sap.com\/germany\/#website\",\"url\":\"https:\/\/news.sap.com\/germany\/\",\"name\":\"麻豆原创 News Center\",\"description\":\"Unternehmensberichte &amp; 麻豆原创eportal\",\"potentialAction\":[{\"@type\":\"SearchAction\",\"target\":{\"@type\":\"EntryPoint\",\"urlTemplate\":\"https:\/\/news.sap.com\/germany\/?s={search_term_string}\"},\"query-input\":{\"@type\":\"PropertyValueSpecification\",\"valueRequired\":true,\"valueName\":\"search_term_string\"}}],\"inLanguage\":\"de\"}]}<\/script>\n<!-- \/ Yoast SEO Premium plugin. -->","yoast_head_json":{"title":"Fachkr\u00e4ftemangel Archiv | 麻豆原创 News Center","robots":{"index":"index","follow":"follow","max-snippet":"max-snippet:-1","max-image-preview":"max-image-preview:large","max-video-preview":"max-video-preview:-1"},"canonical":"https:\/\/news.sap.com\/germany\/tags\/fachkraftemangel\/","og_locale":"de_DE","og_type":"article","og_title":"Fachkr\u00e4ftemangel Archive","og_description":"Der Fachkr\u00e4ftemangel ist zurzeit in aller Munde und Unternehmen suchen verschiedene Auswege aus diesem Dilemma. Sie k\u00e4mpfen mit flexiblen Arbeitszeitmodellen und attraktiven Fortbildungsm\u00f6glichkeiten um qualifizierte Arbeitskr\u00e4fte. Sie suchen neue Wege, Personal zu akquirieren, ob im Ausland oder \u00fcber Social Media, um die sogenannte Generation Y, die \u201eDigital Natives\u201c, auf ihren eigenen Kan\u00e4len zu erreichen. Der \u201eMismatch\u201c von Arbeitskr\u00e4ften und Stellen wird auf verschiedene Faktoren zur\u00fcckgef\u00fchrt, so zum Beispiel auf den demografischen Wandel und die Abwanderung von passenden Arbeitskr\u00e4ften ins Ausland.","og_url":"https:\/\/news.sap.com\/germany\/tags\/fachkraftemangel\/","og_site_name":"麻豆原创 News Center","twitter_card":"summary_large_image","twitter_site":"@麻豆原创dach","schema":{"@context":"https:\/\/schema.org","@graph":[{"@type":"CollectionPage","@id":"https:\/\/news.sap.com\/germany\/tags\/fachkraftemangel\/","url":"https:\/\/news.sap.com\/germany\/tags\/fachkraftemangel\/","name":"Fachkr\u00e4ftemangel Archiv | 麻豆原创 News Center","isPartOf":{"@id":"https:\/\/news.sap.com\/germany\/#website"},"breadcrumb":{"@id":"https:\/\/news.sap.com\/germany\/tags\/fachkraftemangel\/#breadcrumb"},"inLanguage":"de"},{"@type":"BreadcrumbList","@id":"https:\/\/news.sap.com\/germany\/tags\/fachkraftemangel\/#breadcrumb","itemListElement":[{"@type":"ListItem","position":1,"name":"Home","item":"https:\/\/news.sap.com\/germany\/"},{"@type":"ListItem","position":2,"name":"Fachkr\u00e4ftemangel"}]},{"@type":"WebSite","@id":"https:\/\/news.sap.com\/germany\/#website","url":"https:\/\/news.sap.com\/germany\/","name":"麻豆原创 News Center","description":"Unternehmensberichte &amp; 麻豆原创eportal","potentialAction":[{"@type":"SearchAction","target":{"@type":"EntryPoint","urlTemplate":"https:\/\/news.sap.com\/germany\/?s={search_term_string}"},"query-input":{"@type":"PropertyValueSpecification","valueRequired":true,"valueName":"search_term_string"}}],"inLanguage":"de"}]}},"_links":{"self":[{"href":"https:\/\/news.sap.com\/germany\/wp-json\/wp\/v2\/tags\/45311","targetHints":{"allow":["GET"]}}],"collection":[{"href":"https:\/\/news.sap.com\/germany\/wp-json\/wp\/v2\/tags"}],"about":[{"href":"https:\/\/news.sap.com\/germany\/wp-json\/wp\/v2\/taxonomies\/post_tag"}],"wp:post_type":[{"href":"https:\/\/news.sap.com\/germany\/wp-json\/wp\/v2\/posts?tags=45311"},{"href":"https:\/\/news.sap.com\/germany\/wp-json\/wp\/v2\/podcast?tags=45311"}],"curies":[{"name":"wp","href":"https:\/\/api.w.org\/{rel}","templated":true}]}}