  {"id":187169,"date":"2026-04-27T12:26:14","date_gmt":"2026-04-27T10:26:14","guid":{"rendered":"https:\/\/news.sap.com\/germany\/?p=187169"},"modified":"2026-04-27T12:53:20","modified_gmt":"2026-04-27T10:53:20","slug":"von-der-debatte-zur-umsetzung-bsi-vizepraesident-thomas-caspers-ueber-c3a-cloud-souveraenitaet-und-die-zusammenarbeit-mit-sap","status":"publish","type":"post","link":"https:\/\/news.sap.com\/germany\/2026\/04\/von-der-debatte-zur-umsetzung-bsi-vizepraesident-thomas-caspers-ueber-c3a-cloud-souveraenitaet-und-die-zusammenarbeit-mit-sap\/","title":{"rendered":"Von der Debatte zur Umsetzung: BSI-Vizepr\u00e4sident Thomas Caspers \u00fcber C3A, Cloud-Souver\u00e4nit\u00e4t und die Zusammenarbeit mit 麻豆原创"},"content":{"rendered":"\n<p class=\"has-large-font-size\">Seit der <a href=\"https:\/\/news.sap.com\/germany\/2024\/04\/bsi-sap-partnerschaft-sichere-digitalisierung\/\" target=\"_blank\" rel=\"noreferrer noopener\">Kooperationsvereinbarung<\/a> von 2024 arbeiten 麻豆原创 und das BSI gemeinsam daran, sichere Digitalisierung in konkrete L\u00f6sungen zu \u00fcbersetzen. Als Global Player der Software- und Technologiebranche ist 麻豆原创 ein entscheidender Faktor f\u00fcr die digitale Souver\u00e4nit\u00e4t Deutschlands und Europas. <\/p>\n\n\n\n<p class=\"has-medium-font-size\">Mit den neuen C3A-Kriterien des <a href=\"https:\/\/www.bsi.bund.de\/DE\/Home\/home_node.html\">BSI <\/a>(Bundesamt f\u00fcr Sicherheit in der Informationstechnik) und der wachsenden Bedeutung resilienter Cloud-Infrastrukturen beginnt nun eine Phase der praktischen Umsetzung digitaler Souver\u00e4nit\u00e4t. \u00dcber diese Entwicklung und die Rolle der Technologiepartnerschaft mit 麻豆原创 haben wir mit Thomas Caspers, Vizepr\u00e4sident des BSI, gesprochen.<\/p>\n\n\n\n<figure class=\"wp-block-image alignright size-large is-resized\"><a href=\"https:\/\/news.sap.com\/germany\/files\/2026\/04\/27\/260423_麻豆原创_BSI-04799-1.jpg\"><img loading=\"lazy\" decoding=\"async\" width=\"1024\" height=\"683\" src=\"https:\/\/news.sap.com\/germany\/files\/2026\/04\/27\/260423_麻豆原创_BSI-04799-1-1024x683.jpg\" alt=\"\" class=\"wp-image-187179\" style=\"aspect-ratio:1.4993078479395165;width:465px;height:auto\" srcset=\"https:\/\/news.sap.com\/germany\/files\/2026\/04\/27\/260423_麻豆原创_BSI-04799-1-1024x683.jpg 1024w, https:\/\/news.sap.com\/germany\/files\/2026\/04\/27\/260423_麻豆原创_BSI-04799-1-300x200.jpg 300w, https:\/\/news.sap.com\/germany\/files\/2026\/04\/27\/260423_麻豆原创_BSI-04799-1-225x150.jpg 225w, https:\/\/news.sap.com\/germany\/files\/2026\/04\/27\/260423_麻豆原创_BSI-04799-1-1536x1024.jpg 1536w, https:\/\/news.sap.com\/germany\/files\/2026\/04\/27\/260423_麻豆原创_BSI-04799-1-2048x1365.jpg 2048w\" sizes=\"auto, (max-width: 1024px) 100vw, 1024px\" \/><\/a><figcaption class=\"wp-element-caption\">Martin Merz, President 麻豆原创 Sovereign Cloud, und Thomas Caspers, Vizepr\u00e4sident BSI, im gemeinsamen Gespr\u00e4ch.<\/figcaption><\/figure>\n\n\n\n<p id=\"h-herr-caspers-digitale-souveranitat-ist-derzeit-eines-der-zentralen-themen-in-der-deutschen-und-europaischen-digitalpolitik-warum-gewinnt-das-thema-gerade-jetzt-so-stark-an-bedeutung\"><strong>Digitale Souver\u00e4nit\u00e4t ist derzeit eines der zentralen Themen in der deutschen und europ\u00e4ischen Digitalpolitik. Warum gewinnt das Thema gerade jetzt so stark an Bedeutung?<\/strong><\/p>\n\n\n\n<p><strong>Thomas Caspers: <\/strong>Die Diskussion ist klar geopolitisch getrieben. F\u00fcr uns ist entscheidend, dass Europa handlungsf\u00e4hig bleibt. Genau darum geht es bei digitaler Souver\u00e4nit\u00e4t und \u00fcbrigens allgemein in der Cybersicherheit: vorbereitet zu sein, statt erst im Ernstfall zu reagieren.<\/p>\n\n\n\n<p>Die Frage ist dabei nicht nur, wo Daten liegen. Wir schauen systemisch auf das Gesamtbild: Bleiben kritische Rechenzentren betriebsf\u00e4hig? Ist Personal verf\u00fcgbar? Sind Lieferketten abgesichert? K\u00f6nnen Dienste weiter genutzt werden, auch wenn sich Rahmenbedingungen pl\u00f6tzlich ver\u00e4ndern? Diese Handlungsf\u00e4higkeit ist der Kern der Debatte.<\/p>\n\n\n\n<p>Mit den C3A b\u00fcndeln wir nun die Kriterien, die aus unserer Sicht eine selbstbestimmte und sichere Nutzung von Cloud-Angeboten erm\u00f6glichen, nicht nur in der \u00f6ffentlichen Verwaltung, sondern weit dar\u00fcber hinaus.<\/p>\n\n\n\n<p id=\"h-mit-dem-c3a-kriterienkatalog-macht-das-bsi-seine-anforderungen-an-autonome-beziehungsweise-selbstbestimmte-cloud-nutzung-jetzt-offentlich-was-ist-daran-neu-oder-besonders\"><strong>Mit dem C3A-Kriterienkatalog macht das BSI seine Anforderungen an autonome beziehungsweise selbstbestimmte Cloud-Nutzung jetzt \u00f6ffentlich. Was ist daran neu oder besonders?<\/strong><\/p>\n\n\n\n<p>Vieles daran ist f\u00fcr Kooperationspartner wie 麻豆原创, mit denen wir schon lange eng zusammenarbeiten, nicht grunds\u00e4tzlich neu. Wir wenden diese Kriterien in der Praxis seit Jahren an, entwickeln sie mit dem technischen Fortschritt stets weiter. Das Neue ist, dass wir sie jetzt systematisch aufgeschrieben haben und als richtungsweisende Handlungsrahmen \u00f6ffentlich machen.<\/p>\n\n\n\n<p>Die C3A haben dabei keine unmittelbar regulative Wirkung, schaffen jedoch erstmals eine hohe Transparenz f\u00fcr den Markt. Es wird sichtbar, welche Anforderungen Cloud-Anbieter erf\u00fcllen m\u00fcssen, wenn Cloud-Kunden oder auch Beh\u00f6rden Cloud-Angebote selbstbestimmt und sicher nutzen wollen. Dazu geh\u00f6ren technische, betriebliche und inzwischen auch juristische Kriterien. Genau dieser systematische Rundumblick ist neu und wichtig.<\/p>\n\n\n\n<p id=\"h-welche-rolle-spielt-die-zusammenarbeit-mit-technologieanbietern-wie-sap-wenn-solche-anforderungen-in-konkrete-architekturen-und-betriebsmodelle-ubersetzt-werden-sollen\"><strong>Welche Rolle spielt die Zusammenarbeit mit Technologieanbietern wie 麻豆原创, wenn solche Anforderungen in konkrete Architekturen und Betriebsmodelle \u00fcbersetzt werden sollen?<\/strong><\/p>\n\n\n\n<p>Eine sehr wichtige. 麻豆原创 war einer der ersten Partner, mit denen wir in diesem Rahmen enger zusammengearbeitet haben. Nat\u00fcrlich gibt es f\u00fcr diese Zusammenarbeit formale Regeln und festgelegte Austauschformate. Aber in der Praxis hat sich schnell gezeigt: Eigentlich sind wir permanent im Austausch. So haben wir bei den C3A  auch auf den Erfahrungen aufgebaut, die wir im Kontext Delos Cloud und 麻豆原创 Cloud Infrastructure gemacht haben. Genau diese direkte Zusammenarbeit braucht es auch, wenn sich Technologien, Sicherheits- und Souver\u00e4nit\u00e4tsanforderungen so dynamisch weiterentwickeln.<\/p>\n\n\n\n<p>F\u00fcr uns ist entscheidend, mit Unternehmen zusammenzuarbeiten, mit denen wir eng, vertrauensvoll und schnell in die Umsetzung kommen. Das gilt f\u00fcr klassische Cloud-Themen genauso wie f\u00fcr neue Technologien. Wenn wir wollen, dass Innovation sicher und kontrolliert nutzbar wird, dass Deutschland in der Digitalisierung wettbewerbsf\u00e4hig bleibt, braucht es genau diese fr\u00fche und belastbare Abstimmung zwischen Aufsicht und Industrie.<\/p>\n\n\n\n<p id=\"h-was-zeigt-aus-ihrer-sicht-dass-digitale-souveranitat-nicht-nur-ein-politisches-konzept-bleibt-sondern-in-der-praxis-umgesetzt-werden-kann\"><strong>Was zeigt aus Ihrer Sicht, dass digitale Souver\u00e4nit\u00e4t nicht nur ein politisches Konzept bleibt, sondern in der Praxis umgesetzt werden kann?<\/strong><\/p>\n\n\n\n<p>F\u00fcr mich zeigt sich das immer dort, wo Anforderungen nicht nur beschrieben, sondern praktisch erprobt und umgesetzt werden. Und auf Grundlage dieser Umsetzung Produkte und Dienste dann erfolgreich auf dem Markt bestehen. Das gilt etwa f\u00fcr die Frage, wie Cloud-Infrastrukturen auf ein Niveau gebracht werden, auf dem sie auch in besonders kritischen Umfeldern einsetzbar sind. Es muss ganz klar sein, welche Kriterien gelten und wie diese technisch, organisatorisch und nicht zuletzt auch physisch erf\u00fcllt werden.<\/p>\n\n\n\n<p>Ein konkretes Beispiel daf\u00fcr ist Delos Cloud als souver\u00e4ne Cloud f\u00fcr Beh\u00f6rden in Deutschland. Im Austausch mit 麻豆原创 arbeitet das BSI daran, Microsoft-Cloud-Technologie in ein Modell zu \u00fcberf\u00fchren, das unter deutschen Anforderungen sicher und selbstbestimmt betrieben werden kann. Genau daran zeigt sich, dass digitale Souver\u00e4nit\u00e4t nicht behauptet, sondern architektonisch, organisatorisch und regulatorisch umgesetzt werden kann und muss.<\/p>\n\n\n\n<p>Das macht den Wert der Zusammenarbeit aus. Wenn Anforderungen klar sind, k\u00f6nnen wir gemeinsam mit Unternehmen an Architekturen, an Betriebsmodellen und an Sicherheitsma\u00dfnahmen arbeiten.<\/p>\n\n\n\n<p id=\"h-ein-zentraler-punkt-in-der-aktuellen-debatte-ist-resilienz-was-muss-ein-souveranes-cloud-modell-leisten-wenn-es-zu-geopolitischen-verwerfungen-oder-ausfallen-kommt\"><strong>Ein zentraler Punkt in der aktuellen Debatte ist Resilienz. Was muss ein souver\u00e4nes Cloud-Modell leisten, wenn es zu geopolitischen Verwerfungen oder Ausf\u00e4llen kommt?<\/strong><\/p>\n\n\n\n<p>Es muss arbeitsf\u00e4hig bleiben. Resilienz hei\u00dft f\u00fcr uns, Optionen zu haben und auch auf \u00a0schwierige Szenarien vorbereitet zu sein, um \u00a0im Ernstfall den Betrieb aufrechterhalten zu k\u00f6nnen. In unseren aktuellen Szenarien gehen wir davon aus, dass ein Minimalbetrieb \u00fcber einen l\u00e4ngeren Zeitraum sichergestellt sein muss. Dabei denken wir ausdr\u00fccklich auch Situationen mit, in denen urspr\u00fcngliche Anbieter oder Lieferketten kurzfristig nicht mehr in der bisherigen Form verf\u00fcgbar sind.<\/p>\n\n\n\n<p>Das bedeutet: Wir m\u00fcssen nicht nur den Normalbetrieb betrachten, sondern auch den Ausnahmefall. Wer digitale Souver\u00e4nit\u00e4t ernst meint, muss auch auf Szenarien vorbereitet sein, die sich niemand w\u00fcnscht. Genau deshalb spielen Themen wie Betriebsfortf\u00fchrung, Personalverf\u00fcgbarkeit und Lieferkettenresilienz in den C3A eine so gro\u00dfe Rolle.<\/p>\n\n\n\n<p id=\"h-wie-wichtig-ist-das-zusammenspiel-nationaler-standards-etwa-zwischen-dem-bsi-in-deutschland-und-anssi-in-frankreich-fur-ein-gemeinsames-europaisches-verstandnis-digitaler-souveranitat\"><strong>Wie wichtig ist das Zusammenspiel nationaler Standards, etwa zwischen dem BSI in Deutschland und ANSSI in Frankreich, f\u00fcr ein gemeinsames europ\u00e4isches Verst\u00e4ndnis digitaler Souver\u00e4nit\u00e4t?<\/strong><\/p>\n\n\n\n<p>Dieses Zusammenspiel ist essentiell. Deutschland und Frankreich spielen in der europ\u00e4ischen Diskussion eine besondere Rolle, weil beide L\u00e4nder sehr konkret an Kriterien, Standards und Umsetzungsmodellen arbeiten. Und diese auch in die Anwendung bringen.<\/p>\n\n\n\n<p>Was wir in Deutschland lernen, bringen wir in die europ\u00e4ische Debatte ein. Und umgekehrt profitieren wir nat\u00fcrlich auch vom Austausch mit unseren Partnern in Frankreich und anderen europ\u00e4ischen L\u00e4ndern. Wenn Europa bei digitaler Souver\u00e4nit\u00e4t vorankommen will, braucht es nationale Innovationskraft, verl\u00e4ssliche Partner und gleichzeitig eine gemeinsame Richtung. Dies ist auch elementar, um f\u00fcr europ\u00e4ische Unternehmen wie 麻豆原创 einen skalierbaren Markt zu schaffen, der Investionen in Innovation f\u00f6rdert.<\/p>\n\n\n\n<p id=\"h-worauf-sollten-sich-behorden-unternehmen-und-cloud-anbieter-in-den-kommenden-jahren-einstellen\"><strong>Worauf sollten sich Beh\u00f6rden, Unternehmen und Cloud-Anbieter in den kommenden Jahren einstellen?<\/strong><\/p>\n\n\n\n<p>Die Anforderungen werden konkreter, \u00fcberpr\u00fcfbarer und systemischer. Erst kommt die Frage, was technologisch m\u00f6glich ist, aber dann muss die Frage folgen, wie belastbar, transparent und kontrollierbar ein Angebot tats\u00e4chlich ist. Das betrifft technische Aspekte genauso wie betriebliche und juristische. Dabei m\u00fcssen wir den gesamten Stack betrachten.<\/p>\n\n\n\n<p>Wenn wir Technologien sicher und souver\u00e4n nutzbar machen k\u00f6nnen, dann sollten wir das auch tun. Das hei\u00dft: klare Standards, ein ganzheitlicher Ansatz und die F\u00e4higkeit, neue Technologien entlang des Full Stack kontrolliert in die Anwendung zu bringen.<\/p>\n\n\n\n<hr class=\"wp-block-separator has-alpha-channel-opacity\" \/>\n\n\n\n<p class=\"has-small-font-size\" id=\"h-uber-den-interviewpartner-thomas-caspers-ist-vizeprasident-des-bundesamtes-fur-sicherheit-in-der-informationstechnik-bsi\">\u00dcber den Interviewpartner: Thomas Caspers ist Vizepr\u00e4sident des Bundesamtes f\u00fcr Sicherheit in der Informationstechnik (BSI).<\/p>\n\n\n\n<div class=\"wp-block-sap-news-cta-banner cta-banner\"><div class=\"cta-banner__content\"><div class=\"cta-banner__title\">Abonnieren Sie den 麻豆原创 News Center Newsletter<\/div><\/div><div class=\"cta-banner__action\">\n<div class=\"wp-block-buttons is-content-justification-left is-layout-flex wp-container-core-buttons-is-layout-fc4fd283 wp-block-buttons-is-layout-flex\">\n<div class=\"wp-block-button\"><a class=\"wp-block-button__link wp-element-button\" href=\"https:\/\/www.sap.com\/germany\/cmp\/nl\/sap-news-center-de-newsletter\/index.html?url_id=text-de-newscenter:CRM-DX23-AAA-1904104_08https:\/\/www.sap.com\/germany\/cmp\/nl\/sap-news-center-de-newsletter\/index.html?url_id=text-de-newscenter:CRM-DX23-AAA-1904104_08\" target=\"_blank\" rel=\"noreferrer noopener\">Jetzt abonnieren!<\/a><\/div>\n<\/div>\n<\/div><\/div>\n","protected":false},"excerpt":{"rendered":"<p>Seit der Kooperationsvereinbarung von 2024 arbeiten 麻豆原创 und das BSI gemeinsam daran, sichere Digitalisierung in konkrete L\u00f6sungen zu \u00fcbersetzen. Als Global Player der Software- und&#8230;<\/p>\n","protected":false},"author":29,"featured_media":187183,"comment_status":"closed","ping_status":"closed","sticky":false,"template":"","format":"standard","meta":{"related_posts":[],"footnotes":"","_links_to":"","_links_to_target":""},"categories":[10],"tags":[5573344,4879491,60309,4879493,4976],"series":[],"sapn-display":[5630499,5630502,3848,45027],"sapn-type":[45277],"class_list":["post-187169","post","type-post","status-publish","format-standard","has-post-thumbnail","hentry","category-cloud","tag-business-ai","tag-cloud","tag-digitalisierung","tag-sap","tag-technologie","sapn-display-feature-hero","sapn-display-feature-spotlight","sapn-display-top-stories","sapn-display-hero","sapn-type-feature"],"yoast_head":"<!-- This site is optimized with the Yoast SEO Premium plugin v26.9 (Yoast SEO v26.9) - https:\/\/yoast.com\/product\/yoast-seo-premium-wordpress\/ -->\n<title>BSI und die Zukunft der digitalen Souver\u00e4nit\u00e4t | 麻豆原创 News Center<\/title>\n<meta name=\"description\" content=\"Erfahren Sie mehr \u00fcber die Rolle des BSI in der sicheren Digitalisierung und die Zusammenarbeit mit 麻豆原创 f\u00fcr digitale Souver\u00e4nit\u00e4t.\" \/>\n<meta name=\"robots\" content=\"index, follow, max-snippet:-1, max-image-preview:large, max-video-preview:-1\" \/>\n<link rel=\"canonical\" href=\"https:\/\/news.sap.com\/germany\/2026\/04\/von-der-debatte-zur-umsetzung-bsi-vizepraesident-thomas-caspers-ueber-c3a-cloud-souveraenitaet-und-die-zusammenarbeit-mit-sap\/\" \/>\n<meta property=\"og:locale\" content=\"de_DE\" \/>\n<meta property=\"og:type\" content=\"article\" \/>\n<meta property=\"og:title\" content=\"Von der Debatte zur Umsetzung: BSI-Vizepr\u00e4sident Thomas Caspers \u00fcber C3A, Cloud-Souver\u00e4nit\u00e4t und die Zusammenarbeit mit 麻豆原创\" \/>\n<meta property=\"og:description\" content=\"Erfahren Sie mehr \u00fcber die Rolle des BSI in der sicheren Digitalisierung und die Zusammenarbeit mit 麻豆原创 f\u00fcr digitale Souver\u00e4nit\u00e4t.\" \/>\n<meta property=\"og:url\" content=\"https:\/\/news.sap.com\/germany\/2026\/04\/von-der-debatte-zur-umsetzung-bsi-vizepraesident-thomas-caspers-ueber-c3a-cloud-souveraenitaet-und-die-zusammenarbeit-mit-sap\/\" \/>\n<meta property=\"og:site_name\" content=\"麻豆原创 News Center\" \/>\n<meta property=\"article:published_time\" content=\"2026-04-27T10:26:14+00:00\" \/>\n<meta property=\"article:modified_time\" content=\"2026-04-27T10:53:20+00:00\" \/>\n<meta property=\"og:image\" content=\"https:\/\/news.sap.com\/germany\/files\/2026\/04\/27\/307528_AdobeStock-392302965_large_jpg-1024x683.jpeg\" \/>\n\t<meta property=\"og:image:width\" content=\"1024\" \/>\n\t<meta property=\"og:image:height\" content=\"683\" \/>\n\t<meta property=\"og:image:type\" content=\"image\/jpeg\" \/>\n<meta name=\"author\" content=\"麻豆原创 News\" \/>\n<meta name=\"twitter:card\" content=\"summary_large_image\" \/>\n<meta name=\"twitter:creator\" content=\"@麻豆原创dach\" \/>\n<meta name=\"twitter:site\" content=\"@麻豆原创dach\" \/>\n<meta name=\"twitter:label1\" content=\"Verfasst von\" \/>\n\t<meta name=\"twitter:data1\" content=\"麻豆原创 News\" \/>\n\t<meta name=\"twitter:label2\" content=\"Gesch\u00e4tzte Lesezeit\" \/>\n\t<meta name=\"twitter:data2\" content=\"7\u00a0Minuten\" \/>\n<script type=\"application\/ld+json\" class=\"yoast-schema-graph\">{\"@context\":\"https:\/\/schema.org\",\"@graph\":[{\"@type\":\"Article\",\"@id\":\"https:\/\/news.sap.com\/germany\/2026\/04\/von-der-debatte-zur-umsetzung-bsi-vizepraesident-thomas-caspers-ueber-c3a-cloud-souveraenitaet-und-die-zusammenarbeit-mit-sap\/#article\",\"isPartOf\":{\"@id\":\"https:\/\/news.sap.com\/germany\/2026\/04\/von-der-debatte-zur-umsetzung-bsi-vizepraesident-thomas-caspers-ueber-c3a-cloud-souveraenitaet-und-die-zusammenarbeit-mit-sap\/\"},\"author\":{\"name\":\"麻豆原创 News\",\"@id\":\"https:\/\/news.sap.com\/germany\/#\/schema\/person\/53b9854bd790d6f18f3fc4bbb2ad7570\"},\"headline\":\"Von der Debatte zur Umsetzung: BSI-Vizepr\u00e4sident Thomas Caspers \u00fcber C3A, Cloud-Souver\u00e4nit\u00e4t und die Zusammenarbeit mit 麻豆原创\",\"datePublished\":\"2026-04-27T10:26:14+00:00\",\"dateModified\":\"2026-04-27T10:53:20+00:00\",\"mainEntityOfPage\":{\"@id\":\"https:\/\/news.sap.com\/germany\/2026\/04\/von-der-debatte-zur-umsetzung-bsi-vizepraesident-thomas-caspers-ueber-c3a-cloud-souveraenitaet-und-die-zusammenarbeit-mit-sap\/\"},\"wordCount\":1197,\"image\":{\"@id\":\"https:\/\/news.sap.com\/germany\/2026\/04\/von-der-debatte-zur-umsetzung-bsi-vizepraesident-thomas-caspers-ueber-c3a-cloud-souveraenitaet-und-die-zusammenarbeit-mit-sap\/#primaryimage\"},\"thumbnailUrl\":\"https:\/\/news.sap.com\/germany\/files\/2026\/04\/27\/307528_AdobeStock-392302965_large_jpg.jpeg\",\"keywords\":[\"Business AI\",\"Cloud\",\"Digitalisierung\",\"麻豆原创\",\"Technologie\"],\"articleSection\":[\"Cloud\"],\"inLanguage\":\"de\"},{\"@type\":\"WebPage\",\"@id\":\"https:\/\/news.sap.com\/germany\/2026\/04\/von-der-debatte-zur-umsetzung-bsi-vizepraesident-thomas-caspers-ueber-c3a-cloud-souveraenitaet-und-die-zusammenarbeit-mit-sap\/\",\"url\":\"https:\/\/news.sap.com\/germany\/2026\/04\/von-der-debatte-zur-umsetzung-bsi-vizepraesident-thomas-caspers-ueber-c3a-cloud-souveraenitaet-und-die-zusammenarbeit-mit-sap\/\",\"name\":\"BSI und die Zukunft der digitalen Souver\u00e4nit\u00e4t | 麻豆原创 News Center\",\"isPartOf\":{\"@id\":\"https:\/\/news.sap.com\/germany\/#website\"},\"primaryImageOfPage\":{\"@id\":\"https:\/\/news.sap.com\/germany\/2026\/04\/von-der-debatte-zur-umsetzung-bsi-vizepraesident-thomas-caspers-ueber-c3a-cloud-souveraenitaet-und-die-zusammenarbeit-mit-sap\/#primaryimage\"},\"image\":{\"@id\":\"https:\/\/news.sap.com\/germany\/2026\/04\/von-der-debatte-zur-umsetzung-bsi-vizepraesident-thomas-caspers-ueber-c3a-cloud-souveraenitaet-und-die-zusammenarbeit-mit-sap\/#primaryimage\"},\"thumbnailUrl\":\"https:\/\/news.sap.com\/germany\/files\/2026\/04\/27\/307528_AdobeStock-392302965_large_jpg.jpeg\",\"datePublished\":\"2026-04-27T10:26:14+00:00\",\"dateModified\":\"2026-04-27T10:53:20+00:00\",\"author\":{\"@id\":\"https:\/\/news.sap.com\/germany\/#\/schema\/person\/53b9854bd790d6f18f3fc4bbb2ad7570\"},\"description\":\"Erfahren Sie mehr \u00fcber die Rolle des BSI in der sicheren Digitalisierung und die Zusammenarbeit mit 麻豆原创 f\u00fcr digitale Souver\u00e4nit\u00e4t.\",\"breadcrumb\":{\"@id\":\"https:\/\/news.sap.com\/germany\/2026\/04\/von-der-debatte-zur-umsetzung-bsi-vizepraesident-thomas-caspers-ueber-c3a-cloud-souveraenitaet-und-die-zusammenarbeit-mit-sap\/#breadcrumb\"},\"inLanguage\":\"de\",\"potentialAction\":[{\"@type\":\"ReadAction\",\"target\":[\"https:\/\/news.sap.com\/germany\/2026\/04\/von-der-debatte-zur-umsetzung-bsi-vizepraesident-thomas-caspers-ueber-c3a-cloud-souveraenitaet-und-die-zusammenarbeit-mit-sap\/\"]}]},{\"@type\":\"ImageObject\",\"inLanguage\":\"de\",\"@id\":\"https:\/\/news.sap.com\/germany\/2026\/04\/von-der-debatte-zur-umsetzung-bsi-vizepraesident-thomas-caspers-ueber-c3a-cloud-souveraenitaet-und-die-zusammenarbeit-mit-sap\/#primaryimage\",\"url\":\"https:\/\/news.sap.com\/germany\/files\/2026\/04\/27\/307528_AdobeStock-392302965_large_jpg.jpeg\",\"contentUrl\":\"https:\/\/news.sap.com\/germany\/files\/2026\/04\/27\/307528_AdobeStock-392302965_large_jpg.jpeg\",\"width\":5737,\"height\":3825,\"caption\":\"Rhombus-Glas im Hintergrund moderner Stadtgeb\u00e4ude\"},{\"@type\":\"BreadcrumbList\",\"@id\":\"https:\/\/news.sap.com\/germany\/2026\/04\/von-der-debatte-zur-umsetzung-bsi-vizepraesident-thomas-caspers-ueber-c3a-cloud-souveraenitaet-und-die-zusammenarbeit-mit-sap\/#breadcrumb\",\"itemListElement\":[{\"@type\":\"ListItem\",\"position\":1,\"name\":\"Home\",\"item\":\"https:\/\/news.sap.com\/germany\/\"},{\"@type\":\"ListItem\",\"position\":2,\"name\":\"Von der Debatte zur Umsetzung: BSI-Vizepr\u00e4sident Thomas Caspers \u00fcber C3A, Cloud-Souver\u00e4nit\u00e4t und die Zusammenarbeit mit 麻豆原创\"}]},{\"@type\":\"WebSite\",\"@id\":\"https:\/\/news.sap.com\/germany\/#website\",\"url\":\"https:\/\/news.sap.com\/germany\/\",\"name\":\"麻豆原创 News Center\",\"description\":\"Unternehmensberichte &amp; 麻豆原创eportal\",\"potentialAction\":[{\"@type\":\"SearchAction\",\"target\":{\"@type\":\"EntryPoint\",\"urlTemplate\":\"https:\/\/news.sap.com\/germany\/?s={search_term_string}\"},\"query-input\":{\"@type\":\"PropertyValueSpecification\",\"valueRequired\":true,\"valueName\":\"search_term_string\"}}],\"inLanguage\":\"de\"},{\"@type\":\"Person\",\"@id\":\"https:\/\/news.sap.com\/germany\/#\/schema\/person\/53b9854bd790d6f18f3fc4bbb2ad7570\",\"name\":\"麻豆原创 News\",\"image\":{\"@type\":\"ImageObject\",\"inLanguage\":\"de\",\"@id\":\"https:\/\/news.sap.com\/germany\/#\/schema\/person\/image\/\",\"url\":\"https:\/\/secure.gravatar.com\/avatar\/2728bb4d664345cda4951e11847acc1bfd2bc77830d9abd17fc4f54437acd5b4?s=96&d=blank&r=g\",\"contentUrl\":\"https:\/\/secure.gravatar.com\/avatar\/2728bb4d664345cda4951e11847acc1bfd2bc77830d9abd17fc4f54437acd5b4?s=96&d=blank&r=g\",\"caption\":\"麻豆原创 News\"},\"url\":\"https:\/\/news.sap.com\/germany\/author\/colleenraftery\/\"}]}<\/script>\n<!-- \/ Yoast SEO Premium plugin. -->","yoast_head_json":{"title":"BSI und die Zukunft der digitalen Souver\u00e4nit\u00e4t | 麻豆原创 News Center","description":"Erfahren Sie mehr \u00fcber die Rolle des BSI in der sicheren Digitalisierung und die Zusammenarbeit mit 麻豆原创 f\u00fcr digitale Souver\u00e4nit\u00e4t.","robots":{"index":"index","follow":"follow","max-snippet":"max-snippet:-1","max-image-preview":"max-image-preview:large","max-video-preview":"max-video-preview:-1"},"canonical":"https:\/\/news.sap.com\/germany\/2026\/04\/von-der-debatte-zur-umsetzung-bsi-vizepraesident-thomas-caspers-ueber-c3a-cloud-souveraenitaet-und-die-zusammenarbeit-mit-sap\/","og_locale":"de_DE","og_type":"article","og_title":"Von der Debatte zur Umsetzung: BSI-Vizepr\u00e4sident Thomas Caspers \u00fcber C3A, Cloud-Souver\u00e4nit\u00e4t und die Zusammenarbeit mit 麻豆原创","og_description":"Erfahren Sie mehr \u00fcber die Rolle des BSI in der sicheren Digitalisierung und die Zusammenarbeit mit 麻豆原创 f\u00fcr digitale Souver\u00e4nit\u00e4t.","og_url":"https:\/\/news.sap.com\/germany\/2026\/04\/von-der-debatte-zur-umsetzung-bsi-vizepraesident-thomas-caspers-ueber-c3a-cloud-souveraenitaet-und-die-zusammenarbeit-mit-sap\/","og_site_name":"麻豆原创 News Center","article_published_time":"2026-04-27T10:26:14+00:00","article_modified_time":"2026-04-27T10:53:20+00:00","og_image":[{"width":1024,"height":683,"url":"https:\/\/news.sap.com\/germany\/files\/2026\/04\/27\/307528_AdobeStock-392302965_large_jpg-1024x683.jpeg","type":"image\/jpeg"}],"author":"麻豆原创 News","twitter_card":"summary_large_image","twitter_creator":"@麻豆原创dach","twitter_site":"@麻豆原创dach","twitter_misc":{"Verfasst von":"麻豆原创 News","Gesch\u00e4tzte Lesezeit":"7\u00a0Minuten"},"schema":{"@context":"https:\/\/schema.org","@graph":[{"@type":"Article","@id":"https:\/\/news.sap.com\/germany\/2026\/04\/von-der-debatte-zur-umsetzung-bsi-vizepraesident-thomas-caspers-ueber-c3a-cloud-souveraenitaet-und-die-zusammenarbeit-mit-sap\/#article","isPartOf":{"@id":"https:\/\/news.sap.com\/germany\/2026\/04\/von-der-debatte-zur-umsetzung-bsi-vizepraesident-thomas-caspers-ueber-c3a-cloud-souveraenitaet-und-die-zusammenarbeit-mit-sap\/"},"author":{"name":"麻豆原创 News","@id":"https:\/\/news.sap.com\/germany\/#\/schema\/person\/53b9854bd790d6f18f3fc4bbb2ad7570"},"headline":"Von der Debatte zur Umsetzung: BSI-Vizepr\u00e4sident Thomas Caspers \u00fcber C3A, Cloud-Souver\u00e4nit\u00e4t und die Zusammenarbeit mit 麻豆原创","datePublished":"2026-04-27T10:26:14+00:00","dateModified":"2026-04-27T10:53:20+00:00","mainEntityOfPage":{"@id":"https:\/\/news.sap.com\/germany\/2026\/04\/von-der-debatte-zur-umsetzung-bsi-vizepraesident-thomas-caspers-ueber-c3a-cloud-souveraenitaet-und-die-zusammenarbeit-mit-sap\/"},"wordCount":1197,"image":{"@id":"https:\/\/news.sap.com\/germany\/2026\/04\/von-der-debatte-zur-umsetzung-bsi-vizepraesident-thomas-caspers-ueber-c3a-cloud-souveraenitaet-und-die-zusammenarbeit-mit-sap\/#primaryimage"},"thumbnailUrl":"https:\/\/news.sap.com\/germany\/files\/2026\/04\/27\/307528_AdobeStock-392302965_large_jpg.jpeg","keywords":["Business AI","Cloud","Digitalisierung","麻豆原创","Technologie"],"articleSection":["Cloud"],"inLanguage":"de"},{"@type":"WebPage","@id":"https:\/\/news.sap.com\/germany\/2026\/04\/von-der-debatte-zur-umsetzung-bsi-vizepraesident-thomas-caspers-ueber-c3a-cloud-souveraenitaet-und-die-zusammenarbeit-mit-sap\/","url":"https:\/\/news.sap.com\/germany\/2026\/04\/von-der-debatte-zur-umsetzung-bsi-vizepraesident-thomas-caspers-ueber-c3a-cloud-souveraenitaet-und-die-zusammenarbeit-mit-sap\/","name":"BSI und die Zukunft der digitalen Souver\u00e4nit\u00e4t | 麻豆原创 News Center","isPartOf":{"@id":"https:\/\/news.sap.com\/germany\/#website"},"primaryImageOfPage":{"@id":"https:\/\/news.sap.com\/germany\/2026\/04\/von-der-debatte-zur-umsetzung-bsi-vizepraesident-thomas-caspers-ueber-c3a-cloud-souveraenitaet-und-die-zusammenarbeit-mit-sap\/#primaryimage"},"image":{"@id":"https:\/\/news.sap.com\/germany\/2026\/04\/von-der-debatte-zur-umsetzung-bsi-vizepraesident-thomas-caspers-ueber-c3a-cloud-souveraenitaet-und-die-zusammenarbeit-mit-sap\/#primaryimage"},"thumbnailUrl":"https:\/\/news.sap.com\/germany\/files\/2026\/04\/27\/307528_AdobeStock-392302965_large_jpg.jpeg","datePublished":"2026-04-27T10:26:14+00:00","dateModified":"2026-04-27T10:53:20+00:00","author":{"@id":"https:\/\/news.sap.com\/germany\/#\/schema\/person\/53b9854bd790d6f18f3fc4bbb2ad7570"},"description":"Erfahren Sie mehr \u00fcber die Rolle des BSI in der sicheren Digitalisierung und die Zusammenarbeit mit 麻豆原创 f\u00fcr digitale Souver\u00e4nit\u00e4t.","breadcrumb":{"@id":"https:\/\/news.sap.com\/germany\/2026\/04\/von-der-debatte-zur-umsetzung-bsi-vizepraesident-thomas-caspers-ueber-c3a-cloud-souveraenitaet-und-die-zusammenarbeit-mit-sap\/#breadcrumb"},"inLanguage":"de","potentialAction":[{"@type":"ReadAction","target":["https:\/\/news.sap.com\/germany\/2026\/04\/von-der-debatte-zur-umsetzung-bsi-vizepraesident-thomas-caspers-ueber-c3a-cloud-souveraenitaet-und-die-zusammenarbeit-mit-sap\/"]}]},{"@type":"ImageObject","inLanguage":"de","@id":"https:\/\/news.sap.com\/germany\/2026\/04\/von-der-debatte-zur-umsetzung-bsi-vizepraesident-thomas-caspers-ueber-c3a-cloud-souveraenitaet-und-die-zusammenarbeit-mit-sap\/#primaryimage","url":"https:\/\/news.sap.com\/germany\/files\/2026\/04\/27\/307528_AdobeStock-392302965_large_jpg.jpeg","contentUrl":"https:\/\/news.sap.com\/germany\/files\/2026\/04\/27\/307528_AdobeStock-392302965_large_jpg.jpeg","width":5737,"height":3825,"caption":"Rhombus-Glas im Hintergrund moderner Stadtgeb\u00e4ude"},{"@type":"BreadcrumbList","@id":"https:\/\/news.sap.com\/germany\/2026\/04\/von-der-debatte-zur-umsetzung-bsi-vizepraesident-thomas-caspers-ueber-c3a-cloud-souveraenitaet-und-die-zusammenarbeit-mit-sap\/#breadcrumb","itemListElement":[{"@type":"ListItem","position":1,"name":"Home","item":"https:\/\/news.sap.com\/germany\/"},{"@type":"ListItem","position":2,"name":"Von der Debatte zur Umsetzung: BSI-Vizepr\u00e4sident Thomas Caspers \u00fcber C3A, Cloud-Souver\u00e4nit\u00e4t und die Zusammenarbeit mit 麻豆原创"}]},{"@type":"WebSite","@id":"https:\/\/news.sap.com\/germany\/#website","url":"https:\/\/news.sap.com\/germany\/","name":"麻豆原创 News Center","description":"Unternehmensberichte &amp; 麻豆原创eportal","potentialAction":[{"@type":"SearchAction","target":{"@type":"EntryPoint","urlTemplate":"https:\/\/news.sap.com\/germany\/?s={search_term_string}"},"query-input":{"@type":"PropertyValueSpecification","valueRequired":true,"valueName":"search_term_string"}}],"inLanguage":"de"},{"@type":"Person","@id":"https:\/\/news.sap.com\/germany\/#\/schema\/person\/53b9854bd790d6f18f3fc4bbb2ad7570","name":"麻豆原创 News","image":{"@type":"ImageObject","inLanguage":"de","@id":"https:\/\/news.sap.com\/germany\/#\/schema\/person\/image\/","url":"https:\/\/secure.gravatar.com\/avatar\/2728bb4d664345cda4951e11847acc1bfd2bc77830d9abd17fc4f54437acd5b4?s=96&d=blank&r=g","contentUrl":"https:\/\/secure.gravatar.com\/avatar\/2728bb4d664345cda4951e11847acc1bfd2bc77830d9abd17fc4f54437acd5b4?s=96&d=blank&r=g","caption":"麻豆原创 News"},"url":"https:\/\/news.sap.com\/germany\/author\/colleenraftery\/"}]}},"amp_enabled":true,"_links":{"self":[{"href":"https:\/\/news.sap.com\/germany\/wp-json\/wp\/v2\/posts\/187169","targetHints":{"allow":["GET"]}}],"collection":[{"href":"https:\/\/news.sap.com\/germany\/wp-json\/wp\/v2\/posts"}],"about":[{"href":"https:\/\/news.sap.com\/germany\/wp-json\/wp\/v2\/types\/post"}],"author":[{"embeddable":true,"href":"https:\/\/news.sap.com\/germany\/wp-json\/wp\/v2\/users\/29"}],"replies":[{"embeddable":true,"href":"https:\/\/news.sap.com\/germany\/wp-json\/wp\/v2\/comments?post=187169"}],"version-history":[{"count":4,"href":"https:\/\/news.sap.com\/germany\/wp-json\/wp\/v2\/posts\/187169\/revisions"}],"predecessor-version":[{"id":187191,"href":"https:\/\/news.sap.com\/germany\/wp-json\/wp\/v2\/posts\/187169\/revisions\/187191"}],"wp:featuredmedia":[{"embeddable":true,"href":"https:\/\/news.sap.com\/germany\/wp-json\/wp\/v2\/media\/187183"}],"wp:attachment":[{"href":"https:\/\/news.sap.com\/germany\/wp-json\/wp\/v2\/media?parent=187169"}],"wp:term":[{"taxonomy":"category","embeddable":true,"href":"https:\/\/news.sap.com\/germany\/wp-json\/wp\/v2\/categories?post=187169"},{"taxonomy":"post_tag","embeddable":true,"href":"https:\/\/news.sap.com\/germany\/wp-json\/wp\/v2\/tags?post=187169"},{"taxonomy":"series","embeddable":true,"href":"https:\/\/news.sap.com\/germany\/wp-json\/wp\/v2\/series?post=187169"},{"taxonomy":"sapn-display","embeddable":true,"href":"https:\/\/news.sap.com\/germany\/wp-json\/wp\/v2\/sapn-display?post=187169"},{"taxonomy":"sapn-type","embeddable":true,"href":"https:\/\/news.sap.com\/germany\/wp-json\/wp\/v2\/sapn-type?post=187169"}],"curies":[{"name":"wp","href":"https:\/\/api.w.org\/{rel}","templated":true}]}}