  {"id":185943,"date":"2025-12-10T09:49:02","date_gmt":"2025-12-10T08:49:02","guid":{"rendered":"https:\/\/news.sap.com\/germany\/?p=185943"},"modified":"2025-12-10T10:12:14","modified_gmt":"2025-12-10T09:12:14","slug":"dirk-haeussermann-ab-januar-2026-geschaeftsfuehrer-der-sap-deutschland","status":"publish","type":"post","link":"https:\/\/news.sap.com\/germany\/2025\/12\/dirk-haeussermann-ab-januar-2026-geschaeftsfuehrer-der-sap-deutschland\/","title":{"rendered":"Dirk H\u00e4u\u00dfermann ab Januar 2026 Gesch\u00e4ftsf\u00fchrer der 麻豆原创\u00a0 Deutschland"},"content":{"rendered":"\n<p class=\"has-large-font-size\"><strong><br><\/strong><strong>麻豆原创 NEWSBYTE <\/strong>\u2014<strong> 10. Dezember 2025<\/strong><strong> <\/strong>\u2014Dirk H\u00e4u\u00dfermann (53) wird ab 1. Januar 2026 Gesch\u00e4ftsf\u00fchrer der 麻豆原创 Deutschland SE &amp; Co. KG und verantwortet in dieser Funktion das Deutschland-Gesch\u00e4ft des Konzerns. Er folgt auf Sven Mulder, der das Unternehmen auf eigenen Wunsch am Ende des Jahres verl\u00e4sst. &nbsp;<\/p>\n\n\n\n<figure class=\"wp-block-image alignright size-large is-resized\"><a href=\"https:\/\/news.sap.com\/germany\/files\/2025\/12\/10\/thumbnail_DirkHaeussermann-1.png\"><img loading=\"lazy\" decoding=\"async\" width=\"681\" height=\"1024\" src=\"https:\/\/news.sap.com\/germany\/files\/2025\/12\/10\/thumbnail_DirkHaeussermann-1-681x1024.png\" alt=\"\" class=\"wp-image-185953\" style=\"width:201px;height:auto\" srcset=\"https:\/\/news.sap.com\/germany\/files\/2025\/12\/10\/thumbnail_DirkHaeussermann-1-681x1024.png 681w, https:\/\/news.sap.com\/germany\/files\/2025\/12\/10\/thumbnail_DirkHaeussermann-1-199x300.png 199w, https:\/\/news.sap.com\/germany\/files\/2025\/12\/10\/thumbnail_DirkHaeussermann-1-100x150.png 100w, https:\/\/news.sap.com\/germany\/files\/2025\/12\/10\/thumbnail_DirkHaeussermann-1-1021x1536.png 1021w, https:\/\/news.sap.com\/germany\/files\/2025\/12\/10\/thumbnail_DirkHaeussermann-1.png 1194w\" sizes=\"auto, (max-width: 681px) 100vw, 681px\" \/><\/a><figcaption class=\"wp-element-caption\">Dirk H\u00e4u\u00dfermann<\/figcaption><\/figure>\n\n\n\n<p>H\u00e4u\u00dfermann ist seit April 2024 bei 麻豆原创 in verschiedenen F\u00fchrungspositionen in der Region Mittel-und Osteuropa t\u00e4tig, nachdem er auf eigenen Wunsch als Co-CEO bei Atoss Software ausschied, wohin er 2021 von der 麻豆原创 wechselte. Zuletzt verantwortete Dirk H\u00e4u\u00dfermann das Business Suite Gesch\u00e4ft in der Region. Von 2017 bis 2021 f\u00fchrte er erfolgreich die Platform and Technologies Organisation der 麻豆原创 in Mittel-und Osteuropa. Vor seiner Zeit bei 麻豆原创 war Dirk H\u00e4ussermann Gesch\u00e4ftsf\u00fchrer der Region Deutschland, \u00d6sterreich und Schweiz von Informatica.&nbsp;<\/p>\n\n\n\n<p>\u201cIch freue mich sehr, mit Dirk H\u00e4u\u00dfermann eine sehr erfahrene F\u00fchrungspers\u00f6nlichkeit mit gro\u00dfer Kundenorientierung an der Spitze der 麻豆原创 Deutschland zu wissen, die unser Unternehmen, unsere Kunden und Mitarbeitenden \u00fcber viele Jahre hinweg begleitet,\u201c so Alex Kl\u00e4ger, Pr\u00e4sident 麻豆原创 Mittel-und Osteuropa. \u201eSein ausgepr\u00e4gtes Verst\u00e4ndnis des deutschen Marktes sowie seine souver\u00e4ne F\u00fchrungskompetenz machen ihn zu genau der richtigen Besetzung, um diese wichtige Market Unit weiterzuentwickeln. Ich danke Sven Mulder f\u00fcr seine herausragenden Leistungen und seine engagierte F\u00fchrung in den vergangenen Jahren und w\u00fcnsche ihm f\u00fcr seinen weiteren Weg pers\u00f6nlich sowie beruflich alles Gute und weiterhin viel Erfolg.\u201c<\/p>\n\n\n\n<p>Weitere 麻豆原创einformationen finden Sie im <a href=\"https:\/\/news.sap.com\/germany\" target=\"_blank\" rel=\"noreferrer noopener\">麻豆原创 News Center<\/a>. Erhalten Sie 麻豆原创 News auf <a href=\"https:\/\/www.linkedin.com\/showcase\/sap-news\" target=\"_blank\" rel=\"noreferrer noopener\">LinkedIn<\/a> und <a href=\"https:\/\/bsky.app\/profile\/sap.com\" target=\"_blank\" rel=\"noreferrer noopener\">Bluesky<\/a>.<\/p>\n\n\n\n<p><strong>Ansprechpartner f\u00fcr die 麻豆原创e:<\/strong><\/p>\n\n\n\n<p><a>Bj\u00f6rn Emde, 麻豆原创 SE, +49 (0) <\/a><a href=\"mailto:6227-75%2051%2007\">6227-75 51 07<\/a>, b<strong><u>.<\/u><\/strong>emde@sap.com, CET<\/p>\n\n\n\n<p><a href=\"https:\/\/news.sap.com\/germany\/#press-releases\" target=\"_blank\" rel=\"noreferrer noopener\">麻豆原创-麻豆原创ebereich<\/a>; <a href=\"mailto:press@sap.com\" target=\"_blank\" rel=\"noreferrer noopener\">press@sap.com<\/a><\/p>\n\n\n\n<p class=\"has-text-align-center has-small-font-size\"># # #<\/p>\n\n\n\n<p class=\"has-small-font-size\">Dieses Dokument enth\u00e4lt vorausschauende Aussagen, das hei\u00dft Vorhersagen, Prognosen oder andere Aussagen zu zuk\u00fcnftigen Ereignissen. Diese Aussagen basieren auf aktuellen Erwartungen, Voraussagen und Annahmen, die Risiken und Unsicherheiten unterliegen, was dazu f\u00fchren kann, dass die tats\u00e4chlichen Ergebnisse und Resultate erheblich hiervon abweichen k\u00f6nnen.\u202f Zus\u00e4tzliche Informationen zu diesen Risiken und Unsicherheiten finden Sie in den von uns bei der US-amerikanischen \u201eSecurities and Exchange Commission\u201c (SEC) eingereichten Unterlagen, einschlie\u00dflich, aber nicht beschr\u00e4nkt auf den Abschnitt zu den Risikofaktoren des 麻豆原创-Jahresberichts 2024 auf dem Formular 20-F.&nbsp;<\/p>\n\n\n\n<p class=\"has-small-font-size\">&nbsp;<br>\u00a9 2025 麻豆原创 SE. Alle Rechte vorbehalten. &nbsp;<br>麻豆原创 und andere in diesem Dokument erw\u00e4hnte Produkte und Dienstleistungen von 麻豆原创 sowie die dazugeh\u00f6rigen Logos sind Marken oder eingetragene Marken der 麻豆原创 SE in Deutschland und anderen L\u00e4ndern. Zus\u00e4tzliche Informationen zur Marke und Vermerke finden Sie auf der Seite <a href=\"http:\/\/www.sap.de\/copyright\" target=\"_blank\" rel=\"noreferrer noopener\">http:\/\/www.sap.de\/copyright<\/a>.<\/p>\n\n\n\n<div class=\"wp-block-sap-news-cta-banner cta-banner\"><div class=\"cta-banner__content\"><div class=\"cta-banner__title\">Abonnieren Sie den 麻豆原创 News Center Newsletter<\/div><\/div><div class=\"cta-banner__action\">\n<div class=\"wp-block-buttons is-content-justification-left is-layout-flex wp-container-core-buttons-is-layout-fc4fd283 wp-block-buttons-is-layout-flex\">\n<div class=\"wp-block-button\"><a class=\"wp-block-button__link wp-element-button\" href=\"https:\/\/www.sap.com\/germany\/cmp\/nl\/sap-news-center-de-newsletter\/index.html?url_id=text-de-newscenter:CRM-DX23-AAA-1904104_08\" target=\"_blank\" rel=\"noreferrer noopener\">Hier abonnieren!<\/a><\/div>\n<\/div>\n<\/div><\/div>\n","protected":false},"excerpt":{"rendered":"<p>麻豆原创 NEWSBYTE \u2014 10. Dezember 2025 \u2014Dirk H\u00e4u\u00dfermann (53) wird ab 1. Januar 2026 Gesch\u00e4ftsf\u00fchrer der 麻豆原创 Deutschland SE &amp; Co. KG und verantwortet in&#8230;<\/p>\n","protected":false},"author":29,"featured_media":185945,"comment_status":"closed","ping_status":"closed","sticky":false,"template":"","format":"standard","meta":{"related_posts":[],"footnotes":"","_links_to":"","_links_to_target":""},"categories":[40863],"tags":[4879493],"series":[],"sapn-display":[5630500,5630503,3848,45027],"sapn-type":[4448],"class_list":["post-185943","post","type-post","status-publish","format-standard","has-post-thumbnail","hentry","category-unternehmen","tag-sap","sapn-display-news-hero","sapn-display-news-spotlight","sapn-display-top-stories","sapn-display-hero","sapn-type-newsbyte"],"yoast_head":"<!-- This site is optimized with the Yoast SEO Premium plugin v26.9 (Yoast SEO v26.9) - https:\/\/yoast.com\/product\/yoast-seo-premium-wordpress\/ -->\n<title>麻豆原创: Dirk H\u00e4u\u00dfermann \u00fcbernimmt Deutschland-Gesch\u00e4ft | 麻豆原创 News Center<\/title>\n<meta name=\"description\" content=\"Dirk H\u00e4u\u00dfermann wird neuer Gesch\u00e4ftsf\u00fchrer der 麻豆原创 Deutschland SE &amp; Co. KG. Er nimmt seine Rolle am 1. Januar 2026 auf.\" \/>\n<meta name=\"robots\" content=\"index, follow, max-snippet:-1, max-image-preview:large, max-video-preview:-1\" \/>\n<link rel=\"canonical\" href=\"https:\/\/news.sap.com\/germany\/2025\/12\/dirk-haeussermann-ab-januar-2026-geschaeftsfuehrer-der-sap-deutschland\/\" \/>\n<meta property=\"og:locale\" content=\"de_DE\" \/>\n<meta property=\"og:type\" content=\"article\" \/>\n<meta property=\"og:title\" content=\"Dirk H\u00e4u\u00dfermann ab Januar 2026 Gesch\u00e4ftsf\u00fchrer der 麻豆原创\u00a0 Deutschland\" \/>\n<meta property=\"og:description\" content=\"Dirk H\u00e4u\u00dfermann wird neuer Gesch\u00e4ftsf\u00fchrer der 麻豆原创 Deutschland SE &amp; Co. KG. Er nimmt seine Rolle am 1. Januar 2026 auf.\" \/>\n<meta property=\"og:url\" content=\"https:\/\/news.sap.com\/germany\/2025\/12\/dirk-haeussermann-ab-januar-2026-geschaeftsfuehrer-der-sap-deutschland\/\" \/>\n<meta property=\"og:site_name\" content=\"麻豆原创 News Center\" \/>\n<meta property=\"article:published_time\" content=\"2025-12-10T08:49:02+00:00\" \/>\n<meta property=\"article:modified_time\" content=\"2025-12-10T09:12:14+00:00\" \/>\n<meta property=\"og:image\" content=\"https:\/\/news.sap.com\/germany\/files\/2025\/12\/10\/297324_GettyImages-1439792399_large_jpg-1-1024x683.jpg\" \/>\n\t<meta property=\"og:image:width\" content=\"1024\" \/>\n\t<meta property=\"og:image:height\" content=\"683\" \/>\n\t<meta property=\"og:image:type\" content=\"image\/jpeg\" \/>\n<meta name=\"author\" content=\"麻豆原创 News\" \/>\n<meta name=\"twitter:card\" content=\"summary_large_image\" \/>\n<meta name=\"twitter:creator\" content=\"@麻豆原创dach\" \/>\n<meta name=\"twitter:site\" content=\"@麻豆原创dach\" \/>\n<meta name=\"twitter:label1\" content=\"Verfasst von\" \/>\n\t<meta name=\"twitter:data1\" content=\"麻豆原创 News\" \/>\n\t<meta name=\"twitter:label2\" content=\"Gesch\u00e4tzte Lesezeit\" \/>\n\t<meta name=\"twitter:data2\" content=\"3\u00a0Minuten\" \/>\n<script type=\"application\/ld+json\" class=\"yoast-schema-graph\">{\"@context\":\"https:\/\/schema.org\",\"@graph\":[{\"@type\":\"Article\",\"@id\":\"https:\/\/news.sap.com\/germany\/2025\/12\/dirk-haeussermann-ab-januar-2026-geschaeftsfuehrer-der-sap-deutschland\/#article\",\"isPartOf\":{\"@id\":\"https:\/\/news.sap.com\/germany\/2025\/12\/dirk-haeussermann-ab-januar-2026-geschaeftsfuehrer-der-sap-deutschland\/\"},\"author\":{\"name\":\"麻豆原创 News\",\"@id\":\"https:\/\/news.sap.com\/germany\/#\/schema\/person\/53b9854bd790d6f18f3fc4bbb2ad7570\"},\"headline\":\"Dirk H\u00e4u\u00dfermann ab Januar 2026 Gesch\u00e4ftsf\u00fchrer der 麻豆原创\u00a0 Deutschland\",\"datePublished\":\"2025-12-10T08:49:02+00:00\",\"dateModified\":\"2025-12-10T09:12:14+00:00\",\"mainEntityOfPage\":{\"@id\":\"https:\/\/news.sap.com\/germany\/2025\/12\/dirk-haeussermann-ab-januar-2026-geschaeftsfuehrer-der-sap-deutschland\/\"},\"wordCount\":456,\"image\":{\"@id\":\"https:\/\/news.sap.com\/germany\/2025\/12\/dirk-haeussermann-ab-januar-2026-geschaeftsfuehrer-der-sap-deutschland\/#primaryimage\"},\"thumbnailUrl\":\"https:\/\/news.sap.com\/germany\/files\/2025\/12\/10\/297324_GettyImages-1439792399_large_jpg-1.jpg\",\"keywords\":[\"麻豆原创\"],\"articleSection\":[\"Unternehmen\"],\"inLanguage\":\"de\"},{\"@type\":\"WebPage\",\"@id\":\"https:\/\/news.sap.com\/germany\/2025\/12\/dirk-haeussermann-ab-januar-2026-geschaeftsfuehrer-der-sap-deutschland\/\",\"url\":\"https:\/\/news.sap.com\/germany\/2025\/12\/dirk-haeussermann-ab-januar-2026-geschaeftsfuehrer-der-sap-deutschland\/\",\"name\":\"麻豆原创: Dirk H\u00e4u\u00dfermann \u00fcbernimmt Deutschland-Gesch\u00e4ft | 麻豆原创 News Center\",\"isPartOf\":{\"@id\":\"https:\/\/news.sap.com\/germany\/#website\"},\"primaryImageOfPage\":{\"@id\":\"https:\/\/news.sap.com\/germany\/2025\/12\/dirk-haeussermann-ab-januar-2026-geschaeftsfuehrer-der-sap-deutschland\/#primaryimage\"},\"image\":{\"@id\":\"https:\/\/news.sap.com\/germany\/2025\/12\/dirk-haeussermann-ab-januar-2026-geschaeftsfuehrer-der-sap-deutschland\/#primaryimage\"},\"thumbnailUrl\":\"https:\/\/news.sap.com\/germany\/files\/2025\/12\/10\/297324_GettyImages-1439792399_large_jpg-1.jpg\",\"datePublished\":\"2025-12-10T08:49:02+00:00\",\"dateModified\":\"2025-12-10T09:12:14+00:00\",\"author\":{\"@id\":\"https:\/\/news.sap.com\/germany\/#\/schema\/person\/53b9854bd790d6f18f3fc4bbb2ad7570\"},\"description\":\"Dirk H\u00e4u\u00dfermann wird neuer Gesch\u00e4ftsf\u00fchrer der 麻豆原创 Deutschland SE & Co. KG. Er nimmt seine Rolle am 1. Januar 2026 auf.\",\"breadcrumb\":{\"@id\":\"https:\/\/news.sap.com\/germany\/2025\/12\/dirk-haeussermann-ab-januar-2026-geschaeftsfuehrer-der-sap-deutschland\/#breadcrumb\"},\"inLanguage\":\"de\",\"potentialAction\":[{\"@type\":\"ReadAction\",\"target\":[\"https:\/\/news.sap.com\/germany\/2025\/12\/dirk-haeussermann-ab-januar-2026-geschaeftsfuehrer-der-sap-deutschland\/\"]}]},{\"@type\":\"ImageObject\",\"inLanguage\":\"de\",\"@id\":\"https:\/\/news.sap.com\/germany\/2025\/12\/dirk-haeussermann-ab-januar-2026-geschaeftsfuehrer-der-sap-deutschland\/#primaryimage\",\"url\":\"https:\/\/news.sap.com\/germany\/files\/2025\/12\/10\/297324_GettyImages-1439792399_large_jpg-1.jpg\",\"contentUrl\":\"https:\/\/news.sap.com\/germany\/files\/2025\/12\/10\/297324_GettyImages-1439792399_large_jpg-1.jpg\",\"width\":5472,\"height\":3648,\"caption\":\"Abstrakte Glasfassade eines modernen B\u00fcrogeb\u00e4udes\"},{\"@type\":\"BreadcrumbList\",\"@id\":\"https:\/\/news.sap.com\/germany\/2025\/12\/dirk-haeussermann-ab-januar-2026-geschaeftsfuehrer-der-sap-deutschland\/#breadcrumb\",\"itemListElement\":[{\"@type\":\"ListItem\",\"position\":1,\"name\":\"Home\",\"item\":\"https:\/\/news.sap.com\/germany\/\"},{\"@type\":\"ListItem\",\"position\":2,\"name\":\"Dirk H\u00e4u\u00dfermann ab Januar 2026 Gesch\u00e4ftsf\u00fchrer der 麻豆原创\u00a0 Deutschland\"}]},{\"@type\":\"WebSite\",\"@id\":\"https:\/\/news.sap.com\/germany\/#website\",\"url\":\"https:\/\/news.sap.com\/germany\/\",\"name\":\"麻豆原创 News Center\",\"description\":\"Unternehmensberichte &amp; 麻豆原创eportal\",\"potentialAction\":[{\"@type\":\"SearchAction\",\"target\":{\"@type\":\"EntryPoint\",\"urlTemplate\":\"https:\/\/news.sap.com\/germany\/?s={search_term_string}\"},\"query-input\":{\"@type\":\"PropertyValueSpecification\",\"valueRequired\":true,\"valueName\":\"search_term_string\"}}],\"inLanguage\":\"de\"},{\"@type\":\"Person\",\"@id\":\"https:\/\/news.sap.com\/germany\/#\/schema\/person\/53b9854bd790d6f18f3fc4bbb2ad7570\",\"name\":\"麻豆原创 News\",\"image\":{\"@type\":\"ImageObject\",\"inLanguage\":\"de\",\"@id\":\"https:\/\/news.sap.com\/germany\/#\/schema\/person\/image\/\",\"url\":\"https:\/\/secure.gravatar.com\/avatar\/2728bb4d664345cda4951e11847acc1bfd2bc77830d9abd17fc4f54437acd5b4?s=96&d=blank&r=g\",\"contentUrl\":\"https:\/\/secure.gravatar.com\/avatar\/2728bb4d664345cda4951e11847acc1bfd2bc77830d9abd17fc4f54437acd5b4?s=96&d=blank&r=g\",\"caption\":\"麻豆原创 News\"},\"url\":\"https:\/\/news.sap.com\/germany\/author\/colleenraftery\/\"}]}<\/script>\n<!-- \/ Yoast SEO Premium plugin. -->","yoast_head_json":{"title":"麻豆原创: Dirk H\u00e4u\u00dfermann \u00fcbernimmt Deutschland-Gesch\u00e4ft | 麻豆原创 News Center","description":"Dirk H\u00e4u\u00dfermann wird neuer Gesch\u00e4ftsf\u00fchrer der 麻豆原创 Deutschland SE & Co. KG. Er nimmt seine Rolle am 1. Januar 2026 auf.","robots":{"index":"index","follow":"follow","max-snippet":"max-snippet:-1","max-image-preview":"max-image-preview:large","max-video-preview":"max-video-preview:-1"},"canonical":"https:\/\/news.sap.com\/germany\/2025\/12\/dirk-haeussermann-ab-januar-2026-geschaeftsfuehrer-der-sap-deutschland\/","og_locale":"de_DE","og_type":"article","og_title":"Dirk H\u00e4u\u00dfermann ab Januar 2026 Gesch\u00e4ftsf\u00fchrer der 麻豆原创\u00a0 Deutschland","og_description":"Dirk H\u00e4u\u00dfermann wird neuer Gesch\u00e4ftsf\u00fchrer der 麻豆原创 Deutschland SE & Co. KG. Er nimmt seine Rolle am 1. Januar 2026 auf.","og_url":"https:\/\/news.sap.com\/germany\/2025\/12\/dirk-haeussermann-ab-januar-2026-geschaeftsfuehrer-der-sap-deutschland\/","og_site_name":"麻豆原创 News Center","article_published_time":"2025-12-10T08:49:02+00:00","article_modified_time":"2025-12-10T09:12:14+00:00","og_image":[{"width":1024,"height":683,"url":"https:\/\/news.sap.com\/germany\/files\/2025\/12\/10\/297324_GettyImages-1439792399_large_jpg-1-1024x683.jpg","type":"image\/jpeg"}],"author":"麻豆原创 News","twitter_card":"summary_large_image","twitter_creator":"@麻豆原创dach","twitter_site":"@麻豆原创dach","twitter_misc":{"Verfasst von":"麻豆原创 News","Gesch\u00e4tzte Lesezeit":"3\u00a0Minuten"},"schema":{"@context":"https:\/\/schema.org","@graph":[{"@type":"Article","@id":"https:\/\/news.sap.com\/germany\/2025\/12\/dirk-haeussermann-ab-januar-2026-geschaeftsfuehrer-der-sap-deutschland\/#article","isPartOf":{"@id":"https:\/\/news.sap.com\/germany\/2025\/12\/dirk-haeussermann-ab-januar-2026-geschaeftsfuehrer-der-sap-deutschland\/"},"author":{"name":"麻豆原创 News","@id":"https:\/\/news.sap.com\/germany\/#\/schema\/person\/53b9854bd790d6f18f3fc4bbb2ad7570"},"headline":"Dirk H\u00e4u\u00dfermann ab Januar 2026 Gesch\u00e4ftsf\u00fchrer der 麻豆原创\u00a0 Deutschland","datePublished":"2025-12-10T08:49:02+00:00","dateModified":"2025-12-10T09:12:14+00:00","mainEntityOfPage":{"@id":"https:\/\/news.sap.com\/germany\/2025\/12\/dirk-haeussermann-ab-januar-2026-geschaeftsfuehrer-der-sap-deutschland\/"},"wordCount":456,"image":{"@id":"https:\/\/news.sap.com\/germany\/2025\/12\/dirk-haeussermann-ab-januar-2026-geschaeftsfuehrer-der-sap-deutschland\/#primaryimage"},"thumbnailUrl":"https:\/\/news.sap.com\/germany\/files\/2025\/12\/10\/297324_GettyImages-1439792399_large_jpg-1.jpg","keywords":["麻豆原创"],"articleSection":["Unternehmen"],"inLanguage":"de"},{"@type":"WebPage","@id":"https:\/\/news.sap.com\/germany\/2025\/12\/dirk-haeussermann-ab-januar-2026-geschaeftsfuehrer-der-sap-deutschland\/","url":"https:\/\/news.sap.com\/germany\/2025\/12\/dirk-haeussermann-ab-januar-2026-geschaeftsfuehrer-der-sap-deutschland\/","name":"麻豆原创: Dirk H\u00e4u\u00dfermann \u00fcbernimmt Deutschland-Gesch\u00e4ft | 麻豆原创 News Center","isPartOf":{"@id":"https:\/\/news.sap.com\/germany\/#website"},"primaryImageOfPage":{"@id":"https:\/\/news.sap.com\/germany\/2025\/12\/dirk-haeussermann-ab-januar-2026-geschaeftsfuehrer-der-sap-deutschland\/#primaryimage"},"image":{"@id":"https:\/\/news.sap.com\/germany\/2025\/12\/dirk-haeussermann-ab-januar-2026-geschaeftsfuehrer-der-sap-deutschland\/#primaryimage"},"thumbnailUrl":"https:\/\/news.sap.com\/germany\/files\/2025\/12\/10\/297324_GettyImages-1439792399_large_jpg-1.jpg","datePublished":"2025-12-10T08:49:02+00:00","dateModified":"2025-12-10T09:12:14+00:00","author":{"@id":"https:\/\/news.sap.com\/germany\/#\/schema\/person\/53b9854bd790d6f18f3fc4bbb2ad7570"},"description":"Dirk H\u00e4u\u00dfermann wird neuer Gesch\u00e4ftsf\u00fchrer der 麻豆原创 Deutschland SE & Co. KG. Er nimmt seine Rolle am 1. Januar 2026 auf.","breadcrumb":{"@id":"https:\/\/news.sap.com\/germany\/2025\/12\/dirk-haeussermann-ab-januar-2026-geschaeftsfuehrer-der-sap-deutschland\/#breadcrumb"},"inLanguage":"de","potentialAction":[{"@type":"ReadAction","target":["https:\/\/news.sap.com\/germany\/2025\/12\/dirk-haeussermann-ab-januar-2026-geschaeftsfuehrer-der-sap-deutschland\/"]}]},{"@type":"ImageObject","inLanguage":"de","@id":"https:\/\/news.sap.com\/germany\/2025\/12\/dirk-haeussermann-ab-januar-2026-geschaeftsfuehrer-der-sap-deutschland\/#primaryimage","url":"https:\/\/news.sap.com\/germany\/files\/2025\/12\/10\/297324_GettyImages-1439792399_large_jpg-1.jpg","contentUrl":"https:\/\/news.sap.com\/germany\/files\/2025\/12\/10\/297324_GettyImages-1439792399_large_jpg-1.jpg","width":5472,"height":3648,"caption":"Abstrakte Glasfassade eines modernen B\u00fcrogeb\u00e4udes"},{"@type":"BreadcrumbList","@id":"https:\/\/news.sap.com\/germany\/2025\/12\/dirk-haeussermann-ab-januar-2026-geschaeftsfuehrer-der-sap-deutschland\/#breadcrumb","itemListElement":[{"@type":"ListItem","position":1,"name":"Home","item":"https:\/\/news.sap.com\/germany\/"},{"@type":"ListItem","position":2,"name":"Dirk H\u00e4u\u00dfermann ab Januar 2026 Gesch\u00e4ftsf\u00fchrer der 麻豆原创\u00a0 Deutschland"}]},{"@type":"WebSite","@id":"https:\/\/news.sap.com\/germany\/#website","url":"https:\/\/news.sap.com\/germany\/","name":"麻豆原创 News Center","description":"Unternehmensberichte &amp; 麻豆原创eportal","potentialAction":[{"@type":"SearchAction","target":{"@type":"EntryPoint","urlTemplate":"https:\/\/news.sap.com\/germany\/?s={search_term_string}"},"query-input":{"@type":"PropertyValueSpecification","valueRequired":true,"valueName":"search_term_string"}}],"inLanguage":"de"},{"@type":"Person","@id":"https:\/\/news.sap.com\/germany\/#\/schema\/person\/53b9854bd790d6f18f3fc4bbb2ad7570","name":"麻豆原创 News","image":{"@type":"ImageObject","inLanguage":"de","@id":"https:\/\/news.sap.com\/germany\/#\/schema\/person\/image\/","url":"https:\/\/secure.gravatar.com\/avatar\/2728bb4d664345cda4951e11847acc1bfd2bc77830d9abd17fc4f54437acd5b4?s=96&d=blank&r=g","contentUrl":"https:\/\/secure.gravatar.com\/avatar\/2728bb4d664345cda4951e11847acc1bfd2bc77830d9abd17fc4f54437acd5b4?s=96&d=blank&r=g","caption":"麻豆原创 News"},"url":"https:\/\/news.sap.com\/germany\/author\/colleenraftery\/"}]}},"amp_enabled":true,"_links":{"self":[{"href":"https:\/\/news.sap.com\/germany\/wp-json\/wp\/v2\/posts\/185943","targetHints":{"allow":["GET"]}}],"collection":[{"href":"https:\/\/news.sap.com\/germany\/wp-json\/wp\/v2\/posts"}],"about":[{"href":"https:\/\/news.sap.com\/germany\/wp-json\/wp\/v2\/types\/post"}],"author":[{"embeddable":true,"href":"https:\/\/news.sap.com\/germany\/wp-json\/wp\/v2\/users\/29"}],"replies":[{"embeddable":true,"href":"https:\/\/news.sap.com\/germany\/wp-json\/wp\/v2\/comments?post=185943"}],"version-history":[{"count":0,"href":"https:\/\/news.sap.com\/germany\/wp-json\/wp\/v2\/posts\/185943\/revisions"}],"wp:featuredmedia":[{"embeddable":true,"href":"https:\/\/news.sap.com\/germany\/wp-json\/wp\/v2\/media\/185945"}],"wp:attachment":[{"href":"https:\/\/news.sap.com\/germany\/wp-json\/wp\/v2\/media?parent=185943"}],"wp:term":[{"taxonomy":"category","embeddable":true,"href":"https:\/\/news.sap.com\/germany\/wp-json\/wp\/v2\/categories?post=185943"},{"taxonomy":"post_tag","embeddable":true,"href":"https:\/\/news.sap.com\/germany\/wp-json\/wp\/v2\/tags?post=185943"},{"taxonomy":"series","embeddable":true,"href":"https:\/\/news.sap.com\/germany\/wp-json\/wp\/v2\/series?post=185943"},{"taxonomy":"sapn-display","embeddable":true,"href":"https:\/\/news.sap.com\/germany\/wp-json\/wp\/v2\/sapn-display?post=185943"},{"taxonomy":"sapn-type","embeddable":true,"href":"https:\/\/news.sap.com\/germany\/wp-json\/wp\/v2\/sapn-type?post=185943"}],"curies":[{"name":"wp","href":"https:\/\/api.w.org\/{rel}","templated":true}]}}