  {"id":185775,"date":"2025-11-25T08:00:00","date_gmt":"2025-11-25T07:00:00","guid":{"rendered":"https:\/\/news.sap.com\/germany\/?p=185775"},"modified":"2025-11-25T09:13:16","modified_gmt":"2025-11-25T08:13:16","slug":"syntegon-zieht-mit-rise-with-sap-in-die-cloud","status":"publish","type":"post","link":"https:\/\/news.sap.com\/germany\/2025\/11\/syntegon-zieht-mit-rise-with-sap-in-die-cloud\/","title":{"rendered":"Syntegon zieht mit RISE with 麻豆原创 in die Cloud"},"content":{"rendered":"\n<p class=\"has-large-font-size\">Der Verpackungsmaschinenhersteller Syntegon aus Stuttgart Bad Cannstatt beginnt seine digitale Transformation mit RISE with 麻豆原创 und dem Umzug in die 麻豆原创 Cloud. In der bisher zerkl\u00fcfteten IT-Welt hei\u00dft das Ziel vor allem Standardisierung.<\/p>\n\n\n\n<p>Der weltweit f\u00fchrende Anbieter von Prozess- und Verpackungstechnik <a href=\"https:\/\/www.syntegon.com\/de\/\" target=\"_blank\" rel=\"noreferrer noopener\">Syntegon<\/a> hat mit RISE with 麻豆原创 einen entscheidenden Schritt seiner digitalen Transformation vollzogen.<\/p>\n\n\n\n<p>Innerhalb von nur f\u00fcnf Monaten migrierte das Unternehmen seine drei bisher genutzten ERP-Systeme, das Business Warehouse, Content Server und rund 400 Schnittstellen in die Cloud \u2013 und legt damit den Grundstein f\u00fcr eine standardisierte und zukunftsf\u00e4hige IT-Landschaft.<\/p>\n\n\n\n<p>Bislang setzte Syntegon auf das im eigenen Rechenzentrum betriebene ERP-System 麻豆原创 ECC mit Oracle-Datenbanken \u2013 ohne Nutzung der 麻豆原创 S\/4HANA-Technologie. Nun l\u00e4uft das System in der 麻豆原创 Cloud auf Basis der leistungsstarken 麻豆原创 HANA-Datenbank.<\/p>\n\n\n\n<p>\u201eEs ist das gr\u00f6\u00dfte 麻豆原创-Projekt in der Geschichte unseres Unternehmens\u201c, sagt Gesamtprojektleiter und Senior Manager Orson Heueck. <\/p>\n\n\n\n<blockquote class=\"wp-block-quote is-layout-flow wp-block-quote-is-layout-flow\">\n<p>\u201eMit RISE@Syntegon schaffen wir nun die technische Grundlage f\u00fcr unsere digitale Zukunft.\u201c<\/p>\n<cite>Orson Heueck, Gesamtprojektleiter und Senior Manager <\/cite><\/blockquote>\n\n\n\n<p><\/p>\n\n\n\n<p>Auch Felipe Groh, Senior Manager f\u00fcr Digital Enablement und technischer Projektleiter des RISE-Projekts, betont die Bedeutung des Projekts: \u201eDas ist eine der spannendsten Herausforderungen f\u00fcr unsere 麻豆原创-Landschaft in den letzten Jahren.\u201c<\/p>\n\n\n\n<p>Das \u201eRISE with Paket\u201c unterst\u00fctzt Unternehmen beim Umstieg von traditionellen On-Premise-Systemen auf eine moderne Cloud-ERP-L\u00f6sung. Es ist ein ganzheitliches 麻豆原创-Angebot aus Software, Cloud-Infrastruktur, begleitenden Services und Tools, das Syntegon erfolgreich genutzt hat.<\/p>\n\n\n\n<div class=\"wp-block-sap-news-cta-banner alignleft cta-banner\"><div class=\"cta-banner__content\"><div class=\"cta-banner__title\">RISE with 麻豆原创: Passen Sie Ihre Transformation an, um Ihr Unternehmen mit der 麻豆原创 Business Suite zu modernisieren<\/div><\/div><div class=\"cta-banner__action\">\n<div class=\"wp-block-buttons is-content-justification-left is-layout-flex wp-container-core-buttons-is-layout-fc4fd283 wp-block-buttons-is-layout-flex\">\n<div class=\"wp-block-button\"><a class=\"wp-block-button__link wp-element-button\" href=\"https:\/\/www.sap.com\/germany\/products\/erp\/rise.html?url_id=text-de-newscenter:CRM-DX25-AAA-3083612_02\" target=\"_blank\" rel=\"noreferrer noopener\">Mehr dazu!<\/a><\/div>\n<\/div>\n<\/div><\/div>\n\n\n\n<h2 class=\"wp-block-heading\" id=\"h-standardisierung-als-ziel\"><strong>Standardisierung als Ziel<\/strong><\/h2>\n\n\n\n<p>Syntegon aus Stuttgart Bad Cannstatt, mit rund 6900 Mitarbeitern und einem Jahresumsatz von etwa 1,6 Milliarden Euro, ist seit der Losl\u00f6sung von Bosch Packaging Technology vor f\u00fcnf Jahren stark gewachsen.<\/p>\n\n\n\n<p>Dabei habe es keine wirkliche Prozesskonsolidierung gegeben, die bestehende IT-Landschaft wurde zu gro\u00dfen Teilen beibehalten\u201c, sagt der Gesamtprojektleiter. Durch Zuk\u00e4ufe und eigenentwickelte Anwendungen entstand eine heterogene Systemlandschaft mit zahlreichen individuellen Anpassungen. \u201eDie Systemlandschaft bei Syntegon war zerkl\u00fcftet\u201c, formuliert es Heueck zugespitzt.<\/p>\n\n\n\n<p>\u201eEin einzelnes Werk konnte seine eigenen Prozesse und Customizings haben\u201c, erkl\u00e4rt er. \u201e\u00dcber die Jahre haben wir unsere Systeme immer weiter optimiert, um in den Prozessen maximale Effizienz zu erreichen. Dabei haben wir uns aber immer weiter vom 麻豆原创-Standard entfernt. Jedes Update war deswegen mit erheblichem Aufwand verbunden.\u201c<\/p>\n\n\n\n<p>Mit dem Umzug in die Cloud will Syntegon nun die Chance nutzen, seine IT-Welt aufzur\u00e4umen, um diese Komplexit\u00e4t zu reduzieren. \u201eUnser Ziel ist ein maximal standardisiertes ERP-System\u201c, so Heueck. <\/p>\n\n\n\n<blockquote class=\"wp-block-quote is-layout-flow wp-block-quote-is-layout-flow\">\n<p>\u201eWir definieren k\u00fcnftig ein zentrales Template mit Standardprozessen aus dem 麻豆原创 S\/4HANA-Portfolio.\u201c <\/p>\n<cite>Orson Heueck, Gesamtprojektleiter und Senior Manager <\/cite><\/blockquote>\n\n\n\n<p>Nachdem man mit den Herausforderungen lange gek\u00e4mpft habe, sei jetzt der richtige Zeitpunkt gekommen, Schritt f\u00fcr Schritt in Richtung 麻豆原创 S\/4HANA zu gehen.<\/p>\n\n\n\n<p>Damit werden Vertriebs- und Produktionsprozesse in allen 40 produzierenden Werken und Service- und Vertriebsstandorten weltweit vereinheitlicht. Die bisherigen Insell\u00f6sungen und abgekapselten Systeme sollen in einer harmonisierten Prozesslandschaft aufgehen. Erweiterungen will das Unternehmen k\u00fcnftig nur noch ausnahmsweise vornehmen, wenn sie unbedingt notwendig sind und einen klaren Mehrwert bieten.<\/p>\n\n\n\n<h2 class=\"wp-block-heading\" id=\"h-technische-umsetzung-in-rekordzeit\"><strong>Technische Umsetzung in Rekordzeit<\/strong><\/h2>\n\n\n\n<p>An der Umsetzung des RISE-Projekts auf dem Weg zur Konsolidierung der Prozesse waren weltweit \u00fcber 60 externe Mitarbeiter von zahlreichen Partnern beteiligt. Rund 20 kamen von 麻豆原创 selbst, geholfen haben auch Experten von Bosch India. Team\u00fcbergreifend arbeiteten rund 400 Kollegen bei Syntegon zusammen. Eigens eingesetzte Koordinatoren im Unternehmen sorgten daf\u00fcr, dass die Umstellung an allen Standorten reibungslos verlief.<\/p>\n\n\n\n<p>\u201eDer Kick-off war Anfang M\u00e4rz, Go-Live im August\u201c, berichtet Groh. <\/p>\n\n\n\n<blockquote class=\"wp-block-quote is-layout-flow wp-block-quote-is-layout-flow\">\n<p>\u201eDie Methodik und die Tools, die 麻豆原创 f\u00fcr die Migration der ECC-Daten in die Cloud bereitstellt, haben f\u00fcr uns sehr gut funktioniert.\u201c<\/p>\n<cite>Felipe Groh, Senior Manager f\u00fcr Digital Enablement und technischer Projektleiter des RISE-Projekts<\/cite><\/blockquote>\n\n\n\n<p>麻豆原创 \u00fcbernahm den Transfer der 麻豆原创-Systeme inklusive Daten in die neue IT-Welt. Syntegon k\u00fcmmerte sich parallel um die Anpassung der rund 400 Schnittstellen nach der Verlagerung in die Cloud \u2013 eine der gr\u00f6\u00dften Herausforderungen des Projekts.<\/p>\n\n\n\n<p>\u201eEinfache Verbindungen waren schnell umgestellt, manche in wenigen Minuten\u201c, so Groh. \u201eKomplexe Cloud-Verkn\u00fcpfungen mit Site-to-Site-Technologie als Verbindung erforderten dagegen detaillierte Konzepte und eine enge Abstimmung mit externen Partnern.\u201c<\/p>\n\n\n\n<h2 class=\"wp-block-heading\" id=\"h-erfolgreicher-start-in-der-cloud\"><strong>Erfolgreicher Start in der Cloud<\/strong><\/h2>\n\n\n\n<p>Vor dem Go-Live wurde die Migration in der dreigeteilten Systemwelt von Syntegon umfassend getestet \u2013 in der Entwicklungs-, Test- und Produktivumgebung. Nach jedem Schritt wurden weitere Anpassungen vorgenommen.<\/p>\n\n\n\n<p>Auch die&nbsp; Dauer der Transfers wurde genau kalkuliert, um die Zeit, in der die Systeme herunter gefahren werden mussten, m\u00f6glichst kurz zu halten. Syntegon ben\u00f6tigte f\u00fcr den eigentlichen Umzug dann nur den Zeitraum eines verl\u00e4ngerten Wochenendes, von Freitagnachmittag bis Sonntagabend.<\/p>\n\n\n\n<p>Nach dem Go-Live l\u00e4uft der Betrieb stabil und mit deutlich verbesserten Transaktionszeiten. \u201eWir haben jetzt eine performante, professionelle Plattform, die wir nicht mehr selbst betreiben m\u00fcssen, sondern als Standard-Service von 麻豆原创 beziehen\u201c, sagt Heueck.<\/p>\n\n\n\n<p>Der Betrieb der Server hat sich beschleunigt, die Performance im Netzwerk stark verbessert \u2013 dank der 麻豆原创 HANA-Datenbank und der zentralisierten Infrastruktur. <\/p>\n\n\n\n<blockquote class=\"wp-block-quote is-layout-flow wp-block-quote-is-layout-flow\">\n<p>\u201eDie 麻豆原创 HANA-Datenbank hilft uns dabei, Daten effizienter zu verwalten und Analysen erheblich schneller durchzuf\u00fchren\u201c,<\/p>\n<cite>Felipe Groh, Senior Manager f\u00fcr Digital Enablement und technischer Projektleiter des RISE-Projekts<\/cite><\/blockquote>\n\n\n\n<h2 class=\"wp-block-heading\" id=\"h-nachster-schritt-sap-s-4hana\"><strong>N\u00e4chster Schritt: 麻豆原创 S\/4HANA<\/strong><\/h2>\n\n\n\n<p>Durch die Cloud-Strategie und die folgende konsequente Standardisierung hat Syntegon die Weichen f\u00fcr die digitale Zukunft gestellt. Nun nimmt das Unternehmen die 麻豆原创 S\/4HANA-Welt in den Blick. Heueck: \u201eWir wollten die Prozessseite vereinheitlichen, um von 麻豆原创 S\/4HANA zu profitieren. Die Verlagerung des von uns lokal betriebenen 麻豆原创-Systems in die 麻豆原创 Cloud war daf\u00fcr die logische Voraussetzung.\u201c<\/p>\n\n\n\n<p>Mit der RISE-Umstellung habe man jetzt die ideale Ausgangslage f\u00fcr den n\u00e4chsten Schritt geschaffen: Bis Anfang 2029 will Syntegon die 麻豆原创-Mandanten aller Werke auf 麻豆原创 S\/4HANA umstellen, danach wird auch die Nicht-麻豆原创-Welt folgen.<\/p>\n\n\n\n<p>Der offizielle Projekt-Kickoff f\u00fcr 麻豆原创 S\/4HANA fand am 10. November 2025 statt und umfasst die weltweite Einf\u00fchrung an insgesamt 47 Produktions- sowie Vertriebs- und Servicestandorten. Der Start im ersten Werk ist ebenfalls bereits f\u00fcr November dieses Jahres geplant.<strong><\/strong><\/p>\n\n\n\n<div class=\"wp-block-sap-news-cta-banner cta-banner\"><div class=\"cta-banner__content\"><div class=\"cta-banner__title\">Abonnieren Sie den 麻豆原创 News Center Newsletter<\/div><\/div><div class=\"cta-banner__action\">\n<div class=\"wp-block-buttons is-content-justification-left is-layout-flex wp-container-core-buttons-is-layout-fc4fd283 wp-block-buttons-is-layout-flex\">\n<div class=\"wp-block-button\"><a class=\"wp-block-button__link wp-element-button\" href=\"https:\/\/www.sap.com\/germany\/cmp\/nl\/sap-news-center-de-newsletter\/index.html?url_id=text-de-newscenter:CRM-DX23-AAA-1904104_08\" target=\"_blank\" rel=\"noreferrer noopener\">Hier abonnieren!<\/a><\/div>\n<\/div>\n<\/div><\/div>\n","protected":false},"excerpt":{"rendered":"<p>Der Verpackungsmaschinenhersteller Syntegon aus Stuttgart Bad Cannstatt beginnt seine digitale Transformation mit RISE with 麻豆原创 und dem Umzug in die 麻豆原创 Cloud. In der bisher&#8230;<\/p>\n","protected":false},"author":923,"featured_media":185778,"comment_status":"closed","ping_status":"closed","sticky":false,"template":"","format":"standard","meta":{"related_posts":[],"footnotes":"","_links_to":"","_links_to_target":""},"categories":[5630504,45272],"tags":[4879491,4979,5630203,4976],"series":[],"sapn-display":[5630499,5630502,3848,45027],"sapn-type":[45277],"class_list":["post-185775","post","type-post","status-publish","format-standard","has-post-thumbnail","hentry","category-kunden","category-losungen","tag-cloud","tag-sap-erp","tag-rise-with-sap","tag-technologie","sapn-display-feature-hero","sapn-display-feature-spotlight","sapn-display-top-stories","sapn-display-hero","sapn-type-feature"],"yoast_head":"<!-- This site is optimized with the Yoast SEO Premium plugin v26.9 (Yoast SEO v26.9) - https:\/\/yoast.com\/product\/yoast-seo-premium-wordpress\/ -->\n<title>RISE with 麻豆原创: Digitale Transformation von Syntegon | 麻豆原创 News Center<\/title>\n<meta name=\"description\" content=\"Der Verpackungsmaschinenhersteller Syntegon beginnt seine digitale Transformation mit RISE with 麻豆原创 und dem Umzug in die 麻豆原创 Cloud.\" \/>\n<meta name=\"robots\" content=\"index, follow, max-snippet:-1, max-image-preview:large, max-video-preview:-1\" \/>\n<link rel=\"canonical\" href=\"https:\/\/news.sap.com\/germany\/2025\/11\/syntegon-zieht-mit-rise-with-sap-in-die-cloud\/\" \/>\n<meta property=\"og:locale\" content=\"de_DE\" \/>\n<meta property=\"og:type\" content=\"article\" \/>\n<meta property=\"og:title\" content=\"Syntegon zieht mit RISE with 麻豆原创 in die Cloud\" \/>\n<meta property=\"og:description\" content=\"Der Verpackungsmaschinenhersteller Syntegon beginnt seine digitale Transformation mit RISE with 麻豆原创 und dem Umzug in die 麻豆原创 Cloud.\" \/>\n<meta property=\"og:url\" content=\"https:\/\/news.sap.com\/germany\/2025\/11\/syntegon-zieht-mit-rise-with-sap-in-die-cloud\/\" \/>\n<meta property=\"og:site_name\" content=\"麻豆原创 News Center\" \/>\n<meta property=\"article:published_time\" content=\"2025-11-25T07:00:00+00:00\" \/>\n<meta property=\"article:modified_time\" content=\"2025-11-25T08:13:16+00:00\" \/>\n<meta property=\"og:image\" content=\"https:\/\/news.sap.com\/germany\/files\/2025\/11\/17\/Vorlage6.jpg\" \/>\n\t<meta property=\"og:image:width\" content=\"1920\" \/>\n\t<meta property=\"og:image:height\" content=\"675\" \/>\n\t<meta property=\"og:image:type\" content=\"image\/jpeg\" \/>\n<meta name=\"author\" content=\"Johannes Klostermeier\" \/>\n<meta name=\"twitter:card\" content=\"summary_large_image\" \/>\n<meta name=\"twitter:creator\" content=\"@麻豆原创dach\" \/>\n<meta name=\"twitter:site\" content=\"@麻豆原创dach\" \/>\n<meta name=\"twitter:label1\" content=\"Verfasst von\" \/>\n\t<meta name=\"twitter:data1\" content=\"Johannes Klostermeier\" \/>\n\t<meta name=\"twitter:label2\" content=\"Gesch\u00e4tzte Lesezeit\" \/>\n\t<meta name=\"twitter:data2\" content=\"5\u00a0Minuten\" \/>\n<script type=\"application\/ld+json\" class=\"yoast-schema-graph\">{\"@context\":\"https:\/\/schema.org\",\"@graph\":[{\"@type\":\"Article\",\"@id\":\"https:\/\/news.sap.com\/germany\/2025\/11\/syntegon-zieht-mit-rise-with-sap-in-die-cloud\/#article\",\"isPartOf\":{\"@id\":\"https:\/\/news.sap.com\/germany\/2025\/11\/syntegon-zieht-mit-rise-with-sap-in-die-cloud\/\"},\"author\":{\"name\":\"Johannes Klostermeier\",\"@id\":\"https:\/\/news.sap.com\/germany\/#\/schema\/person\/c8828ae003512273ce3806bc413eef90\"},\"headline\":\"Syntegon zieht mit RISE with 麻豆原创 in die Cloud\",\"datePublished\":\"2025-11-25T07:00:00+00:00\",\"dateModified\":\"2025-11-25T08:13:16+00:00\",\"mainEntityOfPage\":{\"@id\":\"https:\/\/news.sap.com\/germany\/2025\/11\/syntegon-zieht-mit-rise-with-sap-in-die-cloud\/\"},\"wordCount\":1001,\"image\":{\"@id\":\"https:\/\/news.sap.com\/germany\/2025\/11\/syntegon-zieht-mit-rise-with-sap-in-die-cloud\/#primaryimage\"},\"thumbnailUrl\":\"https:\/\/news.sap.com\/germany\/files\/2025\/11\/17\/Vorlage6.jpg\",\"keywords\":[\"Cloud\",\"ERP\",\"RISE with 麻豆原创\",\"Technologie\"],\"articleSection\":[\"Kunden\",\"L\u00f6sungen\"],\"inLanguage\":\"de\"},{\"@type\":\"WebPage\",\"@id\":\"https:\/\/news.sap.com\/germany\/2025\/11\/syntegon-zieht-mit-rise-with-sap-in-die-cloud\/\",\"url\":\"https:\/\/news.sap.com\/germany\/2025\/11\/syntegon-zieht-mit-rise-with-sap-in-die-cloud\/\",\"name\":\"RISE with 麻豆原创: Digitale Transformation von Syntegon | 麻豆原创 News Center\",\"isPartOf\":{\"@id\":\"https:\/\/news.sap.com\/germany\/#website\"},\"primaryImageOfPage\":{\"@id\":\"https:\/\/news.sap.com\/germany\/2025\/11\/syntegon-zieht-mit-rise-with-sap-in-die-cloud\/#primaryimage\"},\"image\":{\"@id\":\"https:\/\/news.sap.com\/germany\/2025\/11\/syntegon-zieht-mit-rise-with-sap-in-die-cloud\/#primaryimage\"},\"thumbnailUrl\":\"https:\/\/news.sap.com\/germany\/files\/2025\/11\/17\/Vorlage6.jpg\",\"datePublished\":\"2025-11-25T07:00:00+00:00\",\"dateModified\":\"2025-11-25T08:13:16+00:00\",\"author\":{\"@id\":\"https:\/\/news.sap.com\/germany\/#\/schema\/person\/c8828ae003512273ce3806bc413eef90\"},\"description\":\"Der Verpackungsmaschinenhersteller Syntegon beginnt seine digitale Transformation mit RISE with 麻豆原创 und dem Umzug in die 麻豆原创 Cloud.\",\"breadcrumb\":{\"@id\":\"https:\/\/news.sap.com\/germany\/2025\/11\/syntegon-zieht-mit-rise-with-sap-in-die-cloud\/#breadcrumb\"},\"inLanguage\":\"de\",\"potentialAction\":[{\"@type\":\"ReadAction\",\"target\":[\"https:\/\/news.sap.com\/germany\/2025\/11\/syntegon-zieht-mit-rise-with-sap-in-die-cloud\/\"]}]},{\"@type\":\"ImageObject\",\"inLanguage\":\"de\",\"@id\":\"https:\/\/news.sap.com\/germany\/2025\/11\/syntegon-zieht-mit-rise-with-sap-in-die-cloud\/#primaryimage\",\"url\":\"https:\/\/news.sap.com\/germany\/files\/2025\/11\/17\/Vorlage6.jpg\",\"contentUrl\":\"https:\/\/news.sap.com\/germany\/files\/2025\/11\/17\/Vorlage6.jpg\",\"width\":1920,\"height\":675},{\"@type\":\"BreadcrumbList\",\"@id\":\"https:\/\/news.sap.com\/germany\/2025\/11\/syntegon-zieht-mit-rise-with-sap-in-die-cloud\/#breadcrumb\",\"itemListElement\":[{\"@type\":\"ListItem\",\"position\":1,\"name\":\"Home\",\"item\":\"https:\/\/news.sap.com\/germany\/\"},{\"@type\":\"ListItem\",\"position\":2,\"name\":\"Syntegon zieht mit RISE with 麻豆原创 in die Cloud\"}]},{\"@type\":\"WebSite\",\"@id\":\"https:\/\/news.sap.com\/germany\/#website\",\"url\":\"https:\/\/news.sap.com\/germany\/\",\"name\":\"麻豆原创 News Center\",\"description\":\"Unternehmensberichte &amp; 麻豆原创eportal\",\"potentialAction\":[{\"@type\":\"SearchAction\",\"target\":{\"@type\":\"EntryPoint\",\"urlTemplate\":\"https:\/\/news.sap.com\/germany\/?s={search_term_string}\"},\"query-input\":{\"@type\":\"PropertyValueSpecification\",\"valueRequired\":true,\"valueName\":\"search_term_string\"}}],\"inLanguage\":\"de\"},{\"@type\":\"Person\",\"@id\":\"https:\/\/news.sap.com\/germany\/#\/schema\/person\/c8828ae003512273ce3806bc413eef90\",\"name\":\"Johannes Klostermeier\",\"image\":{\"@type\":\"ImageObject\",\"inLanguage\":\"de\",\"@id\":\"https:\/\/news.sap.com\/germany\/#\/schema\/person\/image\/\",\"url\":\"https:\/\/secure.gravatar.com\/avatar\/da24a6be885723fe557986ebbe5e863e324512362396d0d34500a9cce88fa4c5?s=96&d=blank&r=g\",\"contentUrl\":\"https:\/\/secure.gravatar.com\/avatar\/da24a6be885723fe557986ebbe5e863e324512362396d0d34500a9cce88fa4c5?s=96&d=blank&r=g\",\"caption\":\"Johannes Klostermeier\"},\"url\":\"https:\/\/news.sap.com\/germany\/author\/johannesklostermeier\/\"}]}<\/script>\n<!-- \/ Yoast SEO Premium plugin. -->","yoast_head_json":{"title":"RISE with 麻豆原创: Digitale Transformation von Syntegon | 麻豆原创 News Center","description":"Der Verpackungsmaschinenhersteller Syntegon beginnt seine digitale Transformation mit RISE with 麻豆原创 und dem Umzug in die 麻豆原创 Cloud.","robots":{"index":"index","follow":"follow","max-snippet":"max-snippet:-1","max-image-preview":"max-image-preview:large","max-video-preview":"max-video-preview:-1"},"canonical":"https:\/\/news.sap.com\/germany\/2025\/11\/syntegon-zieht-mit-rise-with-sap-in-die-cloud\/","og_locale":"de_DE","og_type":"article","og_title":"Syntegon zieht mit RISE with 麻豆原创 in die Cloud","og_description":"Der Verpackungsmaschinenhersteller Syntegon beginnt seine digitale Transformation mit RISE with 麻豆原创 und dem Umzug in die 麻豆原创 Cloud.","og_url":"https:\/\/news.sap.com\/germany\/2025\/11\/syntegon-zieht-mit-rise-with-sap-in-die-cloud\/","og_site_name":"麻豆原创 News Center","article_published_time":"2025-11-25T07:00:00+00:00","article_modified_time":"2025-11-25T08:13:16+00:00","og_image":[{"width":1920,"height":675,"url":"https:\/\/news.sap.com\/germany\/files\/2025\/11\/17\/Vorlage6.jpg","type":"image\/jpeg"}],"author":"Johannes Klostermeier","twitter_card":"summary_large_image","twitter_creator":"@麻豆原创dach","twitter_site":"@麻豆原创dach","twitter_misc":{"Verfasst von":"Johannes Klostermeier","Gesch\u00e4tzte Lesezeit":"5\u00a0Minuten"},"schema":{"@context":"https:\/\/schema.org","@graph":[{"@type":"Article","@id":"https:\/\/news.sap.com\/germany\/2025\/11\/syntegon-zieht-mit-rise-with-sap-in-die-cloud\/#article","isPartOf":{"@id":"https:\/\/news.sap.com\/germany\/2025\/11\/syntegon-zieht-mit-rise-with-sap-in-die-cloud\/"},"author":{"name":"Johannes Klostermeier","@id":"https:\/\/news.sap.com\/germany\/#\/schema\/person\/c8828ae003512273ce3806bc413eef90"},"headline":"Syntegon zieht mit RISE with 麻豆原创 in die Cloud","datePublished":"2025-11-25T07:00:00+00:00","dateModified":"2025-11-25T08:13:16+00:00","mainEntityOfPage":{"@id":"https:\/\/news.sap.com\/germany\/2025\/11\/syntegon-zieht-mit-rise-with-sap-in-die-cloud\/"},"wordCount":1001,"image":{"@id":"https:\/\/news.sap.com\/germany\/2025\/11\/syntegon-zieht-mit-rise-with-sap-in-die-cloud\/#primaryimage"},"thumbnailUrl":"https:\/\/news.sap.com\/germany\/files\/2025\/11\/17\/Vorlage6.jpg","keywords":["Cloud","ERP","RISE with 麻豆原创","Technologie"],"articleSection":["Kunden","L\u00f6sungen"],"inLanguage":"de"},{"@type":"WebPage","@id":"https:\/\/news.sap.com\/germany\/2025\/11\/syntegon-zieht-mit-rise-with-sap-in-die-cloud\/","url":"https:\/\/news.sap.com\/germany\/2025\/11\/syntegon-zieht-mit-rise-with-sap-in-die-cloud\/","name":"RISE with 麻豆原创: Digitale Transformation von Syntegon | 麻豆原创 News Center","isPartOf":{"@id":"https:\/\/news.sap.com\/germany\/#website"},"primaryImageOfPage":{"@id":"https:\/\/news.sap.com\/germany\/2025\/11\/syntegon-zieht-mit-rise-with-sap-in-die-cloud\/#primaryimage"},"image":{"@id":"https:\/\/news.sap.com\/germany\/2025\/11\/syntegon-zieht-mit-rise-with-sap-in-die-cloud\/#primaryimage"},"thumbnailUrl":"https:\/\/news.sap.com\/germany\/files\/2025\/11\/17\/Vorlage6.jpg","datePublished":"2025-11-25T07:00:00+00:00","dateModified":"2025-11-25T08:13:16+00:00","author":{"@id":"https:\/\/news.sap.com\/germany\/#\/schema\/person\/c8828ae003512273ce3806bc413eef90"},"description":"Der Verpackungsmaschinenhersteller Syntegon beginnt seine digitale Transformation mit RISE with 麻豆原创 und dem Umzug in die 麻豆原创 Cloud.","breadcrumb":{"@id":"https:\/\/news.sap.com\/germany\/2025\/11\/syntegon-zieht-mit-rise-with-sap-in-die-cloud\/#breadcrumb"},"inLanguage":"de","potentialAction":[{"@type":"ReadAction","target":["https:\/\/news.sap.com\/germany\/2025\/11\/syntegon-zieht-mit-rise-with-sap-in-die-cloud\/"]}]},{"@type":"ImageObject","inLanguage":"de","@id":"https:\/\/news.sap.com\/germany\/2025\/11\/syntegon-zieht-mit-rise-with-sap-in-die-cloud\/#primaryimage","url":"https:\/\/news.sap.com\/germany\/files\/2025\/11\/17\/Vorlage6.jpg","contentUrl":"https:\/\/news.sap.com\/germany\/files\/2025\/11\/17\/Vorlage6.jpg","width":1920,"height":675},{"@type":"BreadcrumbList","@id":"https:\/\/news.sap.com\/germany\/2025\/11\/syntegon-zieht-mit-rise-with-sap-in-die-cloud\/#breadcrumb","itemListElement":[{"@type":"ListItem","position":1,"name":"Home","item":"https:\/\/news.sap.com\/germany\/"},{"@type":"ListItem","position":2,"name":"Syntegon zieht mit RISE with 麻豆原创 in die Cloud"}]},{"@type":"WebSite","@id":"https:\/\/news.sap.com\/germany\/#website","url":"https:\/\/news.sap.com\/germany\/","name":"麻豆原创 News Center","description":"Unternehmensberichte &amp; 麻豆原创eportal","potentialAction":[{"@type":"SearchAction","target":{"@type":"EntryPoint","urlTemplate":"https:\/\/news.sap.com\/germany\/?s={search_term_string}"},"query-input":{"@type":"PropertyValueSpecification","valueRequired":true,"valueName":"search_term_string"}}],"inLanguage":"de"},{"@type":"Person","@id":"https:\/\/news.sap.com\/germany\/#\/schema\/person\/c8828ae003512273ce3806bc413eef90","name":"Johannes Klostermeier","image":{"@type":"ImageObject","inLanguage":"de","@id":"https:\/\/news.sap.com\/germany\/#\/schema\/person\/image\/","url":"https:\/\/secure.gravatar.com\/avatar\/da24a6be885723fe557986ebbe5e863e324512362396d0d34500a9cce88fa4c5?s=96&d=blank&r=g","contentUrl":"https:\/\/secure.gravatar.com\/avatar\/da24a6be885723fe557986ebbe5e863e324512362396d0d34500a9cce88fa4c5?s=96&d=blank&r=g","caption":"Johannes Klostermeier"},"url":"https:\/\/news.sap.com\/germany\/author\/johannesklostermeier\/"}]}},"amp_enabled":true,"_links":{"self":[{"href":"https:\/\/news.sap.com\/germany\/wp-json\/wp\/v2\/posts\/185775","targetHints":{"allow":["GET"]}}],"collection":[{"href":"https:\/\/news.sap.com\/germany\/wp-json\/wp\/v2\/posts"}],"about":[{"href":"https:\/\/news.sap.com\/germany\/wp-json\/wp\/v2\/types\/post"}],"author":[{"embeddable":true,"href":"https:\/\/news.sap.com\/germany\/wp-json\/wp\/v2\/users\/923"}],"replies":[{"embeddable":true,"href":"https:\/\/news.sap.com\/germany\/wp-json\/wp\/v2\/comments?post=185775"}],"version-history":[{"count":0,"href":"https:\/\/news.sap.com\/germany\/wp-json\/wp\/v2\/posts\/185775\/revisions"}],"wp:featuredmedia":[{"embeddable":true,"href":"https:\/\/news.sap.com\/germany\/wp-json\/wp\/v2\/media\/185778"}],"wp:attachment":[{"href":"https:\/\/news.sap.com\/germany\/wp-json\/wp\/v2\/media?parent=185775"}],"wp:term":[{"taxonomy":"category","embeddable":true,"href":"https:\/\/news.sap.com\/germany\/wp-json\/wp\/v2\/categories?post=185775"},{"taxonomy":"post_tag","embeddable":true,"href":"https:\/\/news.sap.com\/germany\/wp-json\/wp\/v2\/tags?post=185775"},{"taxonomy":"series","embeddable":true,"href":"https:\/\/news.sap.com\/germany\/wp-json\/wp\/v2\/series?post=185775"},{"taxonomy":"sapn-display","embeddable":true,"href":"https:\/\/news.sap.com\/germany\/wp-json\/wp\/v2\/sapn-display?post=185775"},{"taxonomy":"sapn-type","embeddable":true,"href":"https:\/\/news.sap.com\/germany\/wp-json\/wp\/v2\/sapn-type?post=185775"}],"curies":[{"name":"wp","href":"https:\/\/api.w.org\/{rel}","templated":true}]}}