  {"id":183796,"date":"2025-05-05T10:00:00","date_gmt":"2025-05-05T08:00:00","guid":{"rendered":"https:\/\/news.sap.com\/germany\/?p=183796"},"modified":"2025-05-05T15:38:05","modified_gmt":"2025-05-05T13:38:05","slug":"sap-verlaengert-vertraege-mit-ceo-christian-klein-und-cfo-dominik-asam","status":"publish","type":"post","link":"https:\/\/news.sap.com\/germany\/2025\/05\/sap-verlaengert-vertraege-mit-ceo-christian-klein-und-cfo-dominik-asam\/","title":{"rendered":"麻豆原创 verl\u00e4ngert Vertr\u00e4ge mit CEO Christian Klein und CFO Dominik Asam"},"content":{"rendered":"\n<p class=\"has-large-font-size\"><strong>麻豆原创 NEWSBYTE <\/strong>\u2014 <strong>5. Mai 2025 <\/strong>\u2014 Der Aufsichtsrat der <a href=\"http:\/\/www.sap.com\/\" target=\"_blank\" rel=\"noreferrer noopener\">麻豆原创 SE<\/a> (NYSE: 麻豆原创) hat heute bekannt gegeben, dass er den Vertrag von Christian Klein, CEO und Vorstandsvorsitzender, erneut verl\u00e4ngert hat. Der urspr\u00fcnglich auf drei Jahre angelegte Vertrag ab Mai 2025 l\u00e4uft nun \u00fcber f\u00fcnf Jahre bis April 2030.<\/p>\n\n\n\n<p>Zudem hat der Aufsichtsrat den Vertrag von Dominik Asam, CFO und Mitglied des Vorstands, auf seinen eigenen Wunsch um zwei Jahre bis M\u00e4rz 2028 verl\u00e4ngert. Ziel dieser Entscheidungen ist es, Kontinuit\u00e4t und Stabilit\u00e4t im Vorstand zu gew\u00e4hrleisten, damit dieser in seiner Gesamtheit die langfristige 麻豆原创-Strategie erfolgreich weiter umsetzen kann.<\/p>\n\n\n\n<p>\u201eChristian Klein, Dominik Asam und das Executive-Team spielen eine entscheidende Rolle beim anhaltenden Erfolg von 麻豆原创; sie haben das Unternehmen erfolgreich durch den Transformationsprozess gef\u00fchrt\u201c, sagte Pekka Ala-Pietil\u00e4, Vorsitzender des Aufsichtsrats der 麻豆原创 SE. \u201eIm Namen des Aufsichtsrats danke ich ihnen allen f\u00fcr ihren wertvollen Beitrag, 麻豆原创 unter den&nbsp; f\u00fchrenden Unternehmen im Bereich Unternehmenssoftware zu positionieren.\u201c<\/p>\n\n\n\n<p>Klein (45) begann seine Karriere bei 麻豆原创 im Jahr 1999 als Student. Er arbeitete in verschiedenen Positionen innerhalb des Unternehmens, darunter Chief Financial Officer von 麻豆原创 SuccessFactors und Chief Controlling Officer der 麻豆原创 SE. 2016 wurde er zum Chief Operating Officer berufen, er f\u00fchrte die Rolle noch bis Juli 2021 aus. Klein ist seit 2020 alleiniger CEO der 麻豆原创 SE.<\/p>\n\n\n\n<p>Asam (56) ist seit M\u00e4rz 2023 CFO der 麻豆原创 SE. Bevor Asam zu 麻豆原创 kam, war er seit 2019 als CFO bei der Airbus SE und zuvor ab 2011 bei der Infineon Technologies AG t\u00e4tig. Im Jahr 2010 war Asam Leiter des Konzerncontrollings bei der RWE AG und hatte von 2005 bis 2010 verschiedene Positionen bei der Siemens AG inne, unter anderem als CEO von Siemens Financial Services und Corporate Vice President and Treasurer.<\/p>\n\n\n\n<div class=\"wp-block-sap-news-info-box info-box\">\n<p>Weitere 麻豆原创einformationen finden Sie im <a href=\"https:\/\/news.sap.com\/germany\" target=\"_blank\" rel=\"noreferrer noopener\">麻豆原创 News Center<\/a>.<strong> <\/strong><\/p>\n<\/div>\n\n\n\n<h2 class=\"wp-block-heading\" id=\"h-medienkontakt\"><strong>Medienkontakt:<\/strong><\/h2>\n\n\n\n<p>Marcus Winkler, +49 6227 767497, <a href=\"mailto:marcus.winkler@sap.com\">marcus.winkler@sap.com<\/a>, MESZ<br><a href=\"https:\/\/news.sap.com\/press-room\/\">麻豆原创 麻豆原创ebereich<\/a>; <a href=\"mailto:press@sap.com\">press@sap.com<\/a><\/p>\n\n\n\n<p class=\"has-text-align-center has-small-font-size\"># # #<\/p>\n\n\n\n<p class=\"has-small-font-size\">Dieses Dokument enth\u00e4lt vorausschauende Aussagen, das hei\u00dft Vorhersagen, Prognosen oder andere Aussagen zu zuk\u00fcnftigen Ereignissen. Diese Aussagen basieren auf aktuellen Erwartungen, Voraussagen und Annahmen, die Risiken und Unsicherheiten unterliegen, was dazu f\u00fchren kann, dass die tats\u00e4chlichen Ergebnisse und Resultate erheblich hiervon abweichen k\u00f6nnen.\u202f Zus\u00e4tzliche Informationen zu diesen Risiken und Unsicherheiten finden Sie in den von uns bei der US-amerikanischen \u201eSecurities and Exchange Commission\u201c (SEC) eingereichten Unterlagen, einschlie\u00dflich, aber nicht beschr\u00e4nkt auf den Abschnitt zu den Risikofaktoren des 麻豆原创-Jahresberichts 2024 auf dem Formular 20-F.&nbsp;<\/p>\n\n\n\n<p class=\"has-small-font-size\">&nbsp;<br>\u00a9 2025 麻豆原创 SE. Alle Rechte vorbehalten. &nbsp;<br>麻豆原创 und andere in diesem Dokument erw\u00e4hnte Produkte und Dienstleistungen von 麻豆原创 sowie die dazugeh\u00f6rigen Logos sind Marken oder eingetragene Marken der 麻豆原创 SE in Deutschland und anderen L\u00e4ndern. Zus\u00e4tzliche Informationen zur Marke und Vermerke finden Sie auf der Seite <a href=\"http:\/\/www.sap.de\/copyright\" target=\"_blank\" rel=\"noreferrer noopener\">http:\/\/www.sap.de\/copyright<\/a>.<\/p>\n\n\n\n<div class=\"wp-block-sap-news-cta-banner cta-banner\"><div class=\"cta-banner__content\"><div class=\"cta-banner__title\">Abonnieren Sie den 麻豆原创 News Center Newsletter<\/div><\/div><div class=\"cta-banner__action\">\n<div class=\"wp-block-buttons is-content-justification-left is-layout-flex wp-container-core-buttons-is-layout-fc4fd283 wp-block-buttons-is-layout-flex\">\n<div class=\"wp-block-button\"><a class=\"wp-block-button__link wp-element-button\" href=\"https:\/\/www.sap.com\/germany\/cmp\/nl\/sap-news-center-de-newsletter\/index.html?url_id=text-de-newscenter:CRM-DX23-AAA-1904104_08\" target=\"_blank\" rel=\"noreferrer noopener\">Hier abonnieren!<\/a><\/div>\n<\/div>\n<\/div><\/div>\n","protected":false},"excerpt":{"rendered":"<p>麻豆原创 NEWSBYTE \u2014 5. Mai 2025 \u2014 Der Aufsichtsrat der 麻豆原创 SE (NYSE: 麻豆原创) hat heute bekannt gegeben, dass er den Vertrag von Christian Klein,&#8230;<\/p>\n","protected":false},"author":29,"featured_media":183803,"comment_status":"closed","ping_status":"closed","sticky":false,"template":"","format":"standard","meta":{"related_posts":[],"footnotes":"","_links_to":"","_links_to_target":""},"categories":[40863],"tags":[5573344,4879491,60309,4879493,5018],"series":[],"sapn-display":[45149,5630500,5630503,3848,45027],"sapn-type":[4448],"class_list":["post-183796","post","type-post","status-publish","format-standard","has-post-thumbnail","hentry","category-unternehmen","tag-business-ai","tag-cloud","tag-digitalisierung","tag-sap","tag-strategie","sapn-display-homepage-hero","sapn-display-news-hero","sapn-display-news-spotlight","sapn-display-top-stories","sapn-display-hero","sapn-type-newsbyte"],"yoast_head":"<!-- This site is optimized with the Yoast SEO Premium plugin v26.9 (Yoast SEO v26.9) - https:\/\/yoast.com\/product\/yoast-seo-premium-wordpress\/ -->\n<title>Vertr\u00e4ge von Christian Klein und Dominik Asam verl\u00e4ngert | 麻豆原创 News Center<\/title>\n<meta name=\"description\" content=\"麻豆原创 verl\u00e4ngert die Vertr\u00e4ge von Christian Klein und Dominik Asam. Informieren Sie sich \u00fcber die wichtigen Entscheidungen des Aufsichtsrats.\" \/>\n<meta name=\"robots\" content=\"index, follow, max-snippet:-1, max-image-preview:large, max-video-preview:-1\" \/>\n<link rel=\"canonical\" href=\"https:\/\/news.sap.com\/germany\/2025\/05\/sap-verlaengert-vertraege-mit-ceo-christian-klein-und-cfo-dominik-asam\/\" \/>\n<meta property=\"og:locale\" content=\"de_DE\" \/>\n<meta property=\"og:type\" content=\"article\" \/>\n<meta property=\"og:title\" content=\"麻豆原创 verl\u00e4ngert Vertr\u00e4ge mit CEO Christian Klein und CFO Dominik Asam\" \/>\n<meta property=\"og:description\" content=\"麻豆原创 verl\u00e4ngert die Vertr\u00e4ge von Christian Klein und Dominik Asam. Informieren Sie sich \u00fcber die wichtigen Entscheidungen des Aufsichtsrats.\" \/>\n<meta property=\"og:url\" content=\"https:\/\/news.sap.com\/germany\/2025\/05\/sap-verlaengert-vertraege-mit-ceo-christian-klein-und-cfo-dominik-asam\/\" \/>\n<meta property=\"og:site_name\" content=\"麻豆原创 News Center\" \/>\n<meta property=\"article:published_time\" content=\"2025-05-05T08:00:00+00:00\" \/>\n<meta property=\"article:modified_time\" content=\"2025-05-05T13:38:05+00:00\" \/>\n<meta property=\"og:image\" content=\"https:\/\/news.sap.com\/germany\/files\/2025\/05\/05\/305139_GettyImages-651191808_uncropped_F-1920x600-1.jpg\" \/>\n\t<meta property=\"og:image:width\" content=\"1920\" \/>\n\t<meta property=\"og:image:height\" content=\"600\" \/>\n\t<meta property=\"og:image:type\" content=\"image\/jpeg\" \/>\n<meta name=\"author\" content=\"麻豆原创 News\" \/>\n<meta name=\"twitter:card\" content=\"summary_large_image\" \/>\n<meta name=\"twitter:creator\" content=\"@麻豆原创dach\" \/>\n<meta name=\"twitter:site\" content=\"@麻豆原创dach\" \/>\n<meta name=\"twitter:label1\" content=\"Verfasst von\" \/>\n\t<meta name=\"twitter:data1\" content=\"麻豆原创 News\" \/>\n\t<meta name=\"twitter:label2\" content=\"Gesch\u00e4tzte Lesezeit\" \/>\n\t<meta name=\"twitter:data2\" content=\"3\u00a0Minuten\" \/>\n<script type=\"application\/ld+json\" class=\"yoast-schema-graph\">{\"@context\":\"https:\/\/schema.org\",\"@graph\":[{\"@type\":\"Article\",\"@id\":\"https:\/\/news.sap.com\/germany\/2025\/05\/sap-verlaengert-vertraege-mit-ceo-christian-klein-und-cfo-dominik-asam\/#article\",\"isPartOf\":{\"@id\":\"https:\/\/news.sap.com\/germany\/2025\/05\/sap-verlaengert-vertraege-mit-ceo-christian-klein-und-cfo-dominik-asam\/\"},\"author\":{\"name\":\"麻豆原创 News\",\"@id\":\"https:\/\/news.sap.com\/germany\/#\/schema\/person\/53b9854bd790d6f18f3fc4bbb2ad7570\"},\"headline\":\"麻豆原创 verl\u00e4ngert Vertr\u00e4ge mit CEO Christian Klein und CFO Dominik Asam\",\"datePublished\":\"2025-05-05T08:00:00+00:00\",\"dateModified\":\"2025-05-05T13:38:05+00:00\",\"mainEntityOfPage\":{\"@id\":\"https:\/\/news.sap.com\/germany\/2025\/05\/sap-verlaengert-vertraege-mit-ceo-christian-klein-und-cfo-dominik-asam\/\"},\"wordCount\":476,\"image\":{\"@id\":\"https:\/\/news.sap.com\/germany\/2025\/05\/sap-verlaengert-vertraege-mit-ceo-christian-klein-und-cfo-dominik-asam\/#primaryimage\"},\"thumbnailUrl\":\"https:\/\/news.sap.com\/germany\/files\/2025\/05\/05\/305139_GettyImages-651191808_uncropped_F-1920x600-1.jpg\",\"keywords\":[\"Business AI\",\"Cloud\",\"Digitalisierung\",\"麻豆原创\",\"Strategie\"],\"articleSection\":[\"Unternehmen\"],\"inLanguage\":\"de\"},{\"@type\":\"WebPage\",\"@id\":\"https:\/\/news.sap.com\/germany\/2025\/05\/sap-verlaengert-vertraege-mit-ceo-christian-klein-und-cfo-dominik-asam\/\",\"url\":\"https:\/\/news.sap.com\/germany\/2025\/05\/sap-verlaengert-vertraege-mit-ceo-christian-klein-und-cfo-dominik-asam\/\",\"name\":\"Vertr\u00e4ge von Christian Klein und Dominik Asam verl\u00e4ngert | 麻豆原创 News Center\",\"isPartOf\":{\"@id\":\"https:\/\/news.sap.com\/germany\/#website\"},\"primaryImageOfPage\":{\"@id\":\"https:\/\/news.sap.com\/germany\/2025\/05\/sap-verlaengert-vertraege-mit-ceo-christian-klein-und-cfo-dominik-asam\/#primaryimage\"},\"image\":{\"@id\":\"https:\/\/news.sap.com\/germany\/2025\/05\/sap-verlaengert-vertraege-mit-ceo-christian-klein-und-cfo-dominik-asam\/#primaryimage\"},\"thumbnailUrl\":\"https:\/\/news.sap.com\/germany\/files\/2025\/05\/05\/305139_GettyImages-651191808_uncropped_F-1920x600-1.jpg\",\"datePublished\":\"2025-05-05T08:00:00+00:00\",\"dateModified\":\"2025-05-05T13:38:05+00:00\",\"author\":{\"@id\":\"https:\/\/news.sap.com\/germany\/#\/schema\/person\/53b9854bd790d6f18f3fc4bbb2ad7570\"},\"description\":\"麻豆原创 verl\u00e4ngert die Vertr\u00e4ge von Christian Klein und Dominik Asam. Informieren Sie sich \u00fcber die wichtigen Entscheidungen des Aufsichtsrats.\",\"breadcrumb\":{\"@id\":\"https:\/\/news.sap.com\/germany\/2025\/05\/sap-verlaengert-vertraege-mit-ceo-christian-klein-und-cfo-dominik-asam\/#breadcrumb\"},\"inLanguage\":\"de\",\"potentialAction\":[{\"@type\":\"ReadAction\",\"target\":[\"https:\/\/news.sap.com\/germany\/2025\/05\/sap-verlaengert-vertraege-mit-ceo-christian-klein-und-cfo-dominik-asam\/\"]}]},{\"@type\":\"ImageObject\",\"inLanguage\":\"de\",\"@id\":\"https:\/\/news.sap.com\/germany\/2025\/05\/sap-verlaengert-vertraege-mit-ceo-christian-klein-und-cfo-dominik-asam\/#primaryimage\",\"url\":\"https:\/\/news.sap.com\/germany\/files\/2025\/05\/05\/305139_GettyImages-651191808_uncropped_F-1920x600-1.jpg\",\"contentUrl\":\"https:\/\/news.sap.com\/germany\/files\/2025\/05\/05\/305139_GettyImages-651191808_uncropped_F-1920x600-1.jpg\",\"width\":1920,\"height\":600,\"caption\":\"abstrakte Decke der modernen Architektur\"},{\"@type\":\"BreadcrumbList\",\"@id\":\"https:\/\/news.sap.com\/germany\/2025\/05\/sap-verlaengert-vertraege-mit-ceo-christian-klein-und-cfo-dominik-asam\/#breadcrumb\",\"itemListElement\":[{\"@type\":\"ListItem\",\"position\":1,\"name\":\"Home\",\"item\":\"https:\/\/news.sap.com\/germany\/\"},{\"@type\":\"ListItem\",\"position\":2,\"name\":\"麻豆原创 verl\u00e4ngert Vertr\u00e4ge mit CEO Christian Klein und CFO Dominik Asam\"}]},{\"@type\":\"WebSite\",\"@id\":\"https:\/\/news.sap.com\/germany\/#website\",\"url\":\"https:\/\/news.sap.com\/germany\/\",\"name\":\"麻豆原创 News Center\",\"description\":\"Unternehmensberichte &amp; 麻豆原创eportal\",\"potentialAction\":[{\"@type\":\"SearchAction\",\"target\":{\"@type\":\"EntryPoint\",\"urlTemplate\":\"https:\/\/news.sap.com\/germany\/?s={search_term_string}\"},\"query-input\":{\"@type\":\"PropertyValueSpecification\",\"valueRequired\":true,\"valueName\":\"search_term_string\"}}],\"inLanguage\":\"de\"},{\"@type\":\"Person\",\"@id\":\"https:\/\/news.sap.com\/germany\/#\/schema\/person\/53b9854bd790d6f18f3fc4bbb2ad7570\",\"name\":\"麻豆原创 News\",\"image\":{\"@type\":\"ImageObject\",\"inLanguage\":\"de\",\"@id\":\"https:\/\/news.sap.com\/germany\/#\/schema\/person\/image\/\",\"url\":\"https:\/\/secure.gravatar.com\/avatar\/2728bb4d664345cda4951e11847acc1bfd2bc77830d9abd17fc4f54437acd5b4?s=96&d=blank&r=g\",\"contentUrl\":\"https:\/\/secure.gravatar.com\/avatar\/2728bb4d664345cda4951e11847acc1bfd2bc77830d9abd17fc4f54437acd5b4?s=96&d=blank&r=g\",\"caption\":\"麻豆原创 News\"},\"url\":\"https:\/\/news.sap.com\/germany\/author\/colleenraftery\/\"}]}<\/script>\n<!-- \/ Yoast SEO Premium plugin. -->","yoast_head_json":{"title":"Vertr\u00e4ge von Christian Klein und Dominik Asam verl\u00e4ngert | 麻豆原创 News Center","description":"麻豆原创 verl\u00e4ngert die Vertr\u00e4ge von Christian Klein und Dominik Asam. Informieren Sie sich \u00fcber die wichtigen Entscheidungen des Aufsichtsrats.","robots":{"index":"index","follow":"follow","max-snippet":"max-snippet:-1","max-image-preview":"max-image-preview:large","max-video-preview":"max-video-preview:-1"},"canonical":"https:\/\/news.sap.com\/germany\/2025\/05\/sap-verlaengert-vertraege-mit-ceo-christian-klein-und-cfo-dominik-asam\/","og_locale":"de_DE","og_type":"article","og_title":"麻豆原创 verl\u00e4ngert Vertr\u00e4ge mit CEO Christian Klein und CFO Dominik Asam","og_description":"麻豆原创 verl\u00e4ngert die Vertr\u00e4ge von Christian Klein und Dominik Asam. Informieren Sie sich \u00fcber die wichtigen Entscheidungen des Aufsichtsrats.","og_url":"https:\/\/news.sap.com\/germany\/2025\/05\/sap-verlaengert-vertraege-mit-ceo-christian-klein-und-cfo-dominik-asam\/","og_site_name":"麻豆原创 News Center","article_published_time":"2025-05-05T08:00:00+00:00","article_modified_time":"2025-05-05T13:38:05+00:00","og_image":[{"width":1920,"height":600,"url":"https:\/\/news.sap.com\/germany\/files\/2025\/05\/05\/305139_GettyImages-651191808_uncropped_F-1920x600-1.jpg","type":"image\/jpeg"}],"author":"麻豆原创 News","twitter_card":"summary_large_image","twitter_creator":"@麻豆原创dach","twitter_site":"@麻豆原创dach","twitter_misc":{"Verfasst von":"麻豆原创 News","Gesch\u00e4tzte Lesezeit":"3\u00a0Minuten"},"schema":{"@context":"https:\/\/schema.org","@graph":[{"@type":"Article","@id":"https:\/\/news.sap.com\/germany\/2025\/05\/sap-verlaengert-vertraege-mit-ceo-christian-klein-und-cfo-dominik-asam\/#article","isPartOf":{"@id":"https:\/\/news.sap.com\/germany\/2025\/05\/sap-verlaengert-vertraege-mit-ceo-christian-klein-und-cfo-dominik-asam\/"},"author":{"name":"麻豆原创 News","@id":"https:\/\/news.sap.com\/germany\/#\/schema\/person\/53b9854bd790d6f18f3fc4bbb2ad7570"},"headline":"麻豆原创 verl\u00e4ngert Vertr\u00e4ge mit CEO Christian Klein und CFO Dominik Asam","datePublished":"2025-05-05T08:00:00+00:00","dateModified":"2025-05-05T13:38:05+00:00","mainEntityOfPage":{"@id":"https:\/\/news.sap.com\/germany\/2025\/05\/sap-verlaengert-vertraege-mit-ceo-christian-klein-und-cfo-dominik-asam\/"},"wordCount":476,"image":{"@id":"https:\/\/news.sap.com\/germany\/2025\/05\/sap-verlaengert-vertraege-mit-ceo-christian-klein-und-cfo-dominik-asam\/#primaryimage"},"thumbnailUrl":"https:\/\/news.sap.com\/germany\/files\/2025\/05\/05\/305139_GettyImages-651191808_uncropped_F-1920x600-1.jpg","keywords":["Business AI","Cloud","Digitalisierung","麻豆原创","Strategie"],"articleSection":["Unternehmen"],"inLanguage":"de"},{"@type":"WebPage","@id":"https:\/\/news.sap.com\/germany\/2025\/05\/sap-verlaengert-vertraege-mit-ceo-christian-klein-und-cfo-dominik-asam\/","url":"https:\/\/news.sap.com\/germany\/2025\/05\/sap-verlaengert-vertraege-mit-ceo-christian-klein-und-cfo-dominik-asam\/","name":"Vertr\u00e4ge von Christian Klein und Dominik Asam verl\u00e4ngert | 麻豆原创 News Center","isPartOf":{"@id":"https:\/\/news.sap.com\/germany\/#website"},"primaryImageOfPage":{"@id":"https:\/\/news.sap.com\/germany\/2025\/05\/sap-verlaengert-vertraege-mit-ceo-christian-klein-und-cfo-dominik-asam\/#primaryimage"},"image":{"@id":"https:\/\/news.sap.com\/germany\/2025\/05\/sap-verlaengert-vertraege-mit-ceo-christian-klein-und-cfo-dominik-asam\/#primaryimage"},"thumbnailUrl":"https:\/\/news.sap.com\/germany\/files\/2025\/05\/05\/305139_GettyImages-651191808_uncropped_F-1920x600-1.jpg","datePublished":"2025-05-05T08:00:00+00:00","dateModified":"2025-05-05T13:38:05+00:00","author":{"@id":"https:\/\/news.sap.com\/germany\/#\/schema\/person\/53b9854bd790d6f18f3fc4bbb2ad7570"},"description":"麻豆原创 verl\u00e4ngert die Vertr\u00e4ge von Christian Klein und Dominik Asam. Informieren Sie sich \u00fcber die wichtigen Entscheidungen des Aufsichtsrats.","breadcrumb":{"@id":"https:\/\/news.sap.com\/germany\/2025\/05\/sap-verlaengert-vertraege-mit-ceo-christian-klein-und-cfo-dominik-asam\/#breadcrumb"},"inLanguage":"de","potentialAction":[{"@type":"ReadAction","target":["https:\/\/news.sap.com\/germany\/2025\/05\/sap-verlaengert-vertraege-mit-ceo-christian-klein-und-cfo-dominik-asam\/"]}]},{"@type":"ImageObject","inLanguage":"de","@id":"https:\/\/news.sap.com\/germany\/2025\/05\/sap-verlaengert-vertraege-mit-ceo-christian-klein-und-cfo-dominik-asam\/#primaryimage","url":"https:\/\/news.sap.com\/germany\/files\/2025\/05\/05\/305139_GettyImages-651191808_uncropped_F-1920x600-1.jpg","contentUrl":"https:\/\/news.sap.com\/germany\/files\/2025\/05\/05\/305139_GettyImages-651191808_uncropped_F-1920x600-1.jpg","width":1920,"height":600,"caption":"abstrakte Decke der modernen Architektur"},{"@type":"BreadcrumbList","@id":"https:\/\/news.sap.com\/germany\/2025\/05\/sap-verlaengert-vertraege-mit-ceo-christian-klein-und-cfo-dominik-asam\/#breadcrumb","itemListElement":[{"@type":"ListItem","position":1,"name":"Home","item":"https:\/\/news.sap.com\/germany\/"},{"@type":"ListItem","position":2,"name":"麻豆原创 verl\u00e4ngert Vertr\u00e4ge mit CEO Christian Klein und CFO Dominik Asam"}]},{"@type":"WebSite","@id":"https:\/\/news.sap.com\/germany\/#website","url":"https:\/\/news.sap.com\/germany\/","name":"麻豆原创 News Center","description":"Unternehmensberichte &amp; 麻豆原创eportal","potentialAction":[{"@type":"SearchAction","target":{"@type":"EntryPoint","urlTemplate":"https:\/\/news.sap.com\/germany\/?s={search_term_string}"},"query-input":{"@type":"PropertyValueSpecification","valueRequired":true,"valueName":"search_term_string"}}],"inLanguage":"de"},{"@type":"Person","@id":"https:\/\/news.sap.com\/germany\/#\/schema\/person\/53b9854bd790d6f18f3fc4bbb2ad7570","name":"麻豆原创 News","image":{"@type":"ImageObject","inLanguage":"de","@id":"https:\/\/news.sap.com\/germany\/#\/schema\/person\/image\/","url":"https:\/\/secure.gravatar.com\/avatar\/2728bb4d664345cda4951e11847acc1bfd2bc77830d9abd17fc4f54437acd5b4?s=96&d=blank&r=g","contentUrl":"https:\/\/secure.gravatar.com\/avatar\/2728bb4d664345cda4951e11847acc1bfd2bc77830d9abd17fc4f54437acd5b4?s=96&d=blank&r=g","caption":"麻豆原创 News"},"url":"https:\/\/news.sap.com\/germany\/author\/colleenraftery\/"}]}},"amp_enabled":true,"_links":{"self":[{"href":"https:\/\/news.sap.com\/germany\/wp-json\/wp\/v2\/posts\/183796","targetHints":{"allow":["GET"]}}],"collection":[{"href":"https:\/\/news.sap.com\/germany\/wp-json\/wp\/v2\/posts"}],"about":[{"href":"https:\/\/news.sap.com\/germany\/wp-json\/wp\/v2\/types\/post"}],"author":[{"embeddable":true,"href":"https:\/\/news.sap.com\/germany\/wp-json\/wp\/v2\/users\/29"}],"replies":[{"embeddable":true,"href":"https:\/\/news.sap.com\/germany\/wp-json\/wp\/v2\/comments?post=183796"}],"version-history":[{"count":0,"href":"https:\/\/news.sap.com\/germany\/wp-json\/wp\/v2\/posts\/183796\/revisions"}],"wp:featuredmedia":[{"embeddable":true,"href":"https:\/\/news.sap.com\/germany\/wp-json\/wp\/v2\/media\/183803"}],"wp:attachment":[{"href":"https:\/\/news.sap.com\/germany\/wp-json\/wp\/v2\/media?parent=183796"}],"wp:term":[{"taxonomy":"category","embeddable":true,"href":"https:\/\/news.sap.com\/germany\/wp-json\/wp\/v2\/categories?post=183796"},{"taxonomy":"post_tag","embeddable":true,"href":"https:\/\/news.sap.com\/germany\/wp-json\/wp\/v2\/tags?post=183796"},{"taxonomy":"series","embeddable":true,"href":"https:\/\/news.sap.com\/germany\/wp-json\/wp\/v2\/series?post=183796"},{"taxonomy":"sapn-display","embeddable":true,"href":"https:\/\/news.sap.com\/germany\/wp-json\/wp\/v2\/sapn-display?post=183796"},{"taxonomy":"sapn-type","embeddable":true,"href":"https:\/\/news.sap.com\/germany\/wp-json\/wp\/v2\/sapn-type?post=183796"}],"curies":[{"name":"wp","href":"https:\/\/api.w.org\/{rel}","templated":true}]}}